{"id":109814,"date":"2019-11-21T14:50:17","date_gmt":"2019-11-21T13:50:17","guid":{"rendered":"http:\/\/www.bellunopress.it\/?p=109814"},"modified":"2019-11-21T14:50:17","modified_gmt":"2019-11-21T13:50:17","slug":"feltre-riqualificazione-ed-efficientamento-energetico-della-scuola-del-boscariz-via-libera-al-primo-stralcio-di-lavori-per-200-mila-euro","status":"publish","type":"post","link":"https:\/\/www.bellunopress.it\/fr\/2019\/11\/21\/feltre-riqualificazione-ed-efficientamento-energetico-della-scuola-del-boscariz-via-libera-al-primo-stralcio-di-lavori-per-200-mila-euro\/","title":{"rendered":"Feltre. Riqualificazione ed efficientamento energetico della scuola del Boscariz: via libera al primo stralcio di lavori per 200 mila euro"},"content":{"rendered":"<figure id=\"attachment_28948\" aria-describedby=\"caption-attachment-28948\" style=\"width: 135px\" class=\"wp-caption alignleft\"><a href=\"http:\/\/www.bellunopress.it\/fr\/2011\/07\/22\/il-comitato-acqua-bene-comune-propone-5-articoli-al-consiglio-regionale-per-il-nuovo-statuto\/valter-bonan\/\" rel=\"attachment wp-att-28948\"><img loading=\"lazy\" decoding=\"async\" class=\"size-full wp-image-28948\" src=\"http:\/\/www.bellunopress.it\/wp-content\/uploads\/2011\/07\/valter-bonan.jpg\" alt=\"\" width=\"135\" height=\"150\" \/><\/a><figcaption id=\"caption-attachment-28948\" class=\"wp-caption-text\">Valter Bonan<\/figcaption><\/figure>\n<p>Nuovo importante passo nel progetto complessivo di efficientamento energetico degli edifici di propriet\u00e0 comunale e di abbattimento delle emissioni di inquinati atmosferici, in attuazione a quanto previsto nel P.A.E.S del Comune di Feltre. Nell\u2019ultima seduta di giunta, l\u2019amministrazione comunale ha infatti dato il via libera al progetto definitivo\/esecutivo che riguarda la scuola primaria del Boscariz, sulla scorta delle indicazioni emerse dal progetto di fattibilit\u00e0 tecnico economica.<br \/>\nL\u2019importo complessivo dell\u2019intervento sar\u00e0 a pari a 200 mila euro, di cui 125 mila per lavori e 75 mila per somme\u00a0 a disposizione, che saranno finanziati con l\u2019accensione di un mutuo.<\/p>\n<p>Il primo stralcio del progetto, quello approvato in questa occasione, prevede un duplice intervento:<br \/>\n1. la sostituzione della linea termica, attualmente esterna, e il suo posizionamento all\u2019interno dello spazio scolastico riscaldato per evitare problemi di congelamento delle tubature che collegano la scuola alla palestra;<br \/>\n2. la sostituzione dei serramenti del piano primo e di parte del piano terra con serramenti analoghi in legno, ma con caratteristiche prestazionali molto superiori.<\/p>\n<p>\u201cCon la primaria del Boscariz aggiungiamo un altro tassello molto importante al programma di riqualificazione ed efficientamento energetico in atto su tutto il patrimonio immobiliare del Comune di Feltre, e in particolare sugli edifici scolastici\u201d, commenta l\u2019assessore all\u2019ambiente Valter Bonan. \u201cDopo l\u2019asilo del Pasquer, il plesso di Vignui, Palazzo Zasio in via Mezzaterra (solo per citare gli ultimi interventi approvati in ordine di tempo), questo nuovo progetto ci permette di dare continuit\u00e0 ad un programma complessivo che nel solo 2020 vedr\u00e0 impegnate risorse per circa 900 mila euro e che mira ad un duplice obiettivo: da un lato rendere gli edifici pi\u00f9 efficienti e le bollette energetiche meno pesanti per le casse comunali; dall\u2019altro contribuire in maniera significativa alla riduzione delle emissioni di CO2 e degli altri inquinanti atmosferici, tema su cui siamo impegnati da tempo con una serie di politiche e misure coordinate molto decise. Grazie inoltre al Conto Termico 2.0 saremo in grado di rientrare di una quota importante dell\u2019investimento, ottenendo cos\u00ec nuove risorse da investire sulla riqualificazione del nostro patrimonio pubblico\u201d, conclude Bonan.<\/p>","protected":false},"excerpt":{"rendered":"<p>Nuovo importante passo nel progetto complessivo di efficientamento energetico degli edifici di propriet\u00e0 comunale e di abbattimento delle emissioni di inquinati atmosferici, in attuazione a quanto previsto nel P.A.E.S del Comune di Feltre. Nell\u2019ultima seduta di giunta, l\u2019amministrazione comunale ha infatti dato il via libera al progetto definitivo\/esecutivo che riguarda la scuola primaria del Boscariz, [&hellip;]<\/p>\n","protected":false},"author":2,"featured_media":0,"comment_status":"closed","ping_status":"open","sticky":false,"template":"","format":"standard","meta":{"footnotes":""},"categories":[5,26],"tags":[],"class_list":["post-109814","post","type-post","status-publish","format-standard","category-cronaca","category-prima-pagina"],"yoast_head":"<!-- This site is optimized with the Yoast SEO plugin v28.4 - https:\/\/yoast.com\/product\/yoast-seo-wordpress\/ -->\n<title>Feltre. Riqualificazione ed efficientamento energetico della scuola del Boscariz: via libera al primo stralcio di lavori per 200 mila euro - Bellunopress - Dolomiti<\/title>\n<meta name=\"robots\" content=\"index, follow, max-snippet:-1, max-image-preview:large, max-video-preview:-1\" \/>\n<link rel=\"canonical\" href=\"https:\/\/www.bellunopress.it\/fr\/2019\/11\/21\/feltre-riqualificazione-ed-efficientamento-energetico-della-scuola-del-boscariz-via-libera-al-primo-stralcio-di-lavori-per-200-mila-euro\/\" \/>\n<meta property=\"og:locale\" content=\"fr_FR\" \/>\n<meta property=\"og:type\" content=\"article\" \/>\n<meta property=\"og:title\" content=\"Feltre. Riqualificazione ed efficientamento energetico della scuola del Boscariz: via libera al primo stralcio di lavori per 200 mila euro - Bellunopress - Dolomiti\" \/>\n<meta property=\"og:description\" content=\"Nuovo importante passo nel progetto complessivo di efficientamento energetico degli edifici di propriet\u00e0 comunale e di abbattimento delle emissioni di inquinati atmosferici, in attuazione a quanto previsto nel P.A.E.S del Comune di Feltre. Nell\u2019ultima seduta di giunta, l\u2019amministrazione comunale ha infatti dato il via libera al progetto definitivo\/esecutivo che riguarda la scuola primaria del Boscariz, [&hellip;]\" \/>\n<meta property=\"og:url\" content=\"https:\/\/www.bellunopress.it\/fr\/2019\/11\/21\/feltre-riqualificazione-ed-efficientamento-energetico-della-scuola-del-boscariz-via-libera-al-primo-stralcio-di-lavori-per-200-mila-euro\/\" \/>\n<meta property=\"og:site_name\" content=\"Bellunopress - Dolomiti\" \/>\n<meta property=\"article:publisher\" content=\"https:\/\/www.facebook.com\/profile.php?id=100008943462799\" \/>\n<meta property=\"article:published_time\" content=\"2019-11-21T13:50:17+00:00\" \/>\n<meta property=\"og:image\" content=\"http:\/\/www.bellunopress.it\/wp-content\/uploads\/2011\/07\/valter-bonan.jpg\" \/>\n<meta name=\"author\" content=\"redazione\" \/>\n<meta name=\"twitter:card\" content=\"summary_large_image\" \/>\n<meta name=\"twitter:creator\" content=\"@bellunopress\" \/>\n<meta name=\"twitter:site\" content=\"@bellunopress\" \/>\n<meta name=\"twitter:label1\" content=\"\u00c9crit par\" \/>\n\t<meta name=\"twitter:data1\" content=\"redazione\" \/>\n\t<meta name=\"twitter:label2\" content=\"Dur\u00e9e de lecture estim\u00e9e\" \/>\n\t<meta name=\"twitter:data2\" content=\"2 minutes\" \/>\n<script type=\"application\/ld+json\" class=\"yoast-schema-graph\">{\"@context\":\"https:\\\/\\\/schema.org\",\"@graph\":[{\"@type\":\"Article\",\"@id\":\"https:\\\/\\\/www.bellunopress.it\\\/2019\\\/11\\\/21\\\/feltre-riqualificazione-ed-efficientamento-energetico-della-scuola-del-boscariz-via-libera-al-primo-stralcio-di-lavori-per-200-mila-euro\\\/#article\",\"isPartOf\":{\"@id\":\"https:\\\/\\\/www.bellunopress.it\\\/2019\\\/11\\\/21\\\/feltre-riqualificazione-ed-efficientamento-energetico-della-scuola-del-boscariz-via-libera-al-primo-stralcio-di-lavori-per-200-mila-euro\\\/\"},\"author\":{\"name\":\"redazione\",\"@id\":\"https:\\\/\\\/www.bellunopress.it\\\/#\\\/schema\\\/person\\\/79bb06722b37ece1c03d3e94beb30d73\"},\"headline\":\"Feltre. Riqualificazione ed efficientamento energetico della scuola del Boscariz: via libera al primo stralcio di lavori per 200 mila euro\",\"datePublished\":\"2019-11-21T13:50:17+00:00\",\"mainEntityOfPage\":{\"@id\":\"https:\\\/\\\/www.bellunopress.it\\\/2019\\\/11\\\/21\\\/feltre-riqualificazione-ed-efficientamento-energetico-della-scuola-del-boscariz-via-libera-al-primo-stralcio-di-lavori-per-200-mila-euro\\\/\"},\"wordCount\":377,\"publisher\":{\"@id\":\"https:\\\/\\\/www.bellunopress.it\\\/#organization\"},\"image\":{\"@id\":\"https:\\\/\\\/www.bellunopress.it\\\/2019\\\/11\\\/21\\\/feltre-riqualificazione-ed-efficientamento-energetico-della-scuola-del-boscariz-via-libera-al-primo-stralcio-di-lavori-per-200-mila-euro\\\/#primaryimage\"},\"thumbnailUrl\":\"http:\\\/\\\/www.bellunopress.it\\\/wp-content\\\/uploads\\\/2011\\\/07\\\/valter-bonan.jpg\",\"articleSection\":[\"Cronaca\\\/Politica\",\"Prima Pagina\"],\"inLanguage\":\"fr-FR\"},{\"@type\":\"WebPage\",\"@id\":\"https:\\\/\\\/www.bellunopress.it\\\/2019\\\/11\\\/21\\\/feltre-riqualificazione-ed-efficientamento-energetico-della-scuola-del-boscariz-via-libera-al-primo-stralcio-di-lavori-per-200-mila-euro\\\/\",\"url\":\"https:\\\/\\\/www.bellunopress.it\\\/2019\\\/11\\\/21\\\/feltre-riqualificazione-ed-efficientamento-energetico-della-scuola-del-boscariz-via-libera-al-primo-stralcio-di-lavori-per-200-mila-euro\\\/\",\"name\":\"Feltre. Riqualificazione ed efficientamento energetico della scuola del Boscariz: via libera al primo stralcio di lavori per 200 mila euro - Bellunopress - Dolomiti\",\"isPartOf\":{\"@id\":\"https:\\\/\\\/www.bellunopress.it\\\/#website\"},\"primaryImageOfPage\":{\"@id\":\"https:\\\/\\\/www.bellunopress.it\\\/2019\\\/11\\\/21\\\/feltre-riqualificazione-ed-efficientamento-energetico-della-scuola-del-boscariz-via-libera-al-primo-stralcio-di-lavori-per-200-mila-euro\\\/#primaryimage\"},\"image\":{\"@id\":\"https:\\\/\\\/www.bellunopress.it\\\/2019\\\/11\\\/21\\\/feltre-riqualificazione-ed-efficientamento-energetico-della-scuola-del-boscariz-via-libera-al-primo-stralcio-di-lavori-per-200-mila-euro\\\/#primaryimage\"},\"thumbnailUrl\":\"http:\\\/\\\/www.bellunopress.it\\\/wp-content\\\/uploads\\\/2011\\\/07\\\/valter-bonan.jpg\",\"datePublished\":\"2019-11-21T13:50:17+00:00\",\"breadcrumb\":{\"@id\":\"https:\\\/\\\/www.bellunopress.it\\\/2019\\\/11\\\/21\\\/feltre-riqualificazione-ed-efficientamento-energetico-della-scuola-del-boscariz-via-libera-al-primo-stralcio-di-lavori-per-200-mila-euro\\\/#breadcrumb\"},\"inLanguage\":\"fr-FR\",\"potentialAction\":[{\"@type\":\"ReadAction\",\"target\":[\"https:\\\/\\\/www.bellunopress.it\\\/2019\\\/11\\\/21\\\/feltre-riqualificazione-ed-efficientamento-energetico-della-scuola-del-boscariz-via-libera-al-primo-stralcio-di-lavori-per-200-mila-euro\\\/\"]}]},{\"@type\":\"ImageObject\",\"inLanguage\":\"fr-FR\",\"@id\":\"https:\\\/\\\/www.bellunopress.it\\\/2019\\\/11\\\/21\\\/feltre-riqualificazione-ed-efficientamento-energetico-della-scuola-del-boscariz-via-libera-al-primo-stralcio-di-lavori-per-200-mila-euro\\\/#primaryimage\",\"url\":\"http:\\\/\\\/www.bellunopress.it\\\/wp-content\\\/uploads\\\/2011\\\/07\\\/valter-bonan.jpg\",\"contentUrl\":\"http:\\\/\\\/www.bellunopress.it\\\/wp-content\\\/uploads\\\/2011\\\/07\\\/valter-bonan.jpg\"},{\"@type\":\"BreadcrumbList\",\"@id\":\"https:\\\/\\\/www.bellunopress.it\\\/2019\\\/11\\\/21\\\/feltre-riqualificazione-ed-efficientamento-energetico-della-scuola-del-boscariz-via-libera-al-primo-stralcio-di-lavori-per-200-mila-euro\\\/#breadcrumb\",\"itemListElement\":[{\"@type\":\"ListItem\",\"position\":1,\"name\":\"Home\",\"item\":\"https:\\\/\\\/www.bellunopress.it\\\/\"},{\"@type\":\"ListItem\",\"position\":2,\"name\":\"Feltre. Riqualificazione ed efficientamento energetico della scuola del Boscariz: via libera al primo stralcio di lavori per 200 mila euro\"}]},{\"@type\":\"WebSite\",\"@id\":\"https:\\\/\\\/www.bellunopress.it\\\/#website\",\"url\":\"https:\\\/\\\/www.bellunopress.it\\\/\",\"name\":\"Bellunopress - Dolomiti\",\"description\":\"e-mail: redazione@bellunopress.it\",\"publisher\":{\"@id\":\"https:\\\/\\\/www.bellunopress.it\\\/#organization\"},\"potentialAction\":[{\"@type\":\"SearchAction\",\"target\":{\"@type\":\"EntryPoint\",\"urlTemplate\":\"https:\\\/\\\/www.bellunopress.it\\\/?s={search_term_string}\"},\"query-input\":{\"@type\":\"PropertyValueSpecification\",\"valueRequired\":true,\"valueName\":\"search_term_string\"}}],\"inLanguage\":\"fr-FR\"},{\"@type\":\"Organization\",\"@id\":\"https:\\\/\\\/www.bellunopress.it\\\/#organization\",\"name\":\"Bellunopress\",\"url\":\"https:\\\/\\\/www.bellunopress.it\\\/\",\"logo\":{\"@type\":\"ImageObject\",\"inLanguage\":\"fr-FR\",\"@id\":\"https:\\\/\\\/www.bellunopress.it\\\/#\\\/schema\\\/logo\\\/image\\\/\",\"url\":\"https:\\\/\\\/www.bellunopress.it\\\/wp-content\\\/uploads\\\/2011\\\/05\\\/cropped-logo-bellunopress-.jpg\",\"contentUrl\":\"https:\\\/\\\/www.bellunopress.it\\\/wp-content\\\/uploads\\\/2011\\\/05\\\/cropped-logo-bellunopress-.jpg\",\"width\":512,\"height\":512,\"caption\":\"Bellunopress\"},\"image\":{\"@id\":\"https:\\\/\\\/www.bellunopress.it\\\/#\\\/schema\\\/logo\\\/image\\\/\"},\"sameAs\":[\"https:\\\/\\\/www.facebook.com\\\/profile.php?id=100008943462799\",\"https:\\\/\\\/x.com\\\/bellunopress\",\"https:\\\/\\\/www.linkedin.com\\\/hp\\\/?dnr=JBzUWaJfMUw8vbXJJ2tVW5-I3jZKvC4wsoxE&amp;amp;amp;amp;amp;amp;trk=nav_responsive_tab_home\",\"https:\\\/\\\/www.youtube.com\\\/channel\\\/UCxL0wu1uN0_3_7hGG0306cw\"]},{\"@type\":\"Person\",\"@id\":\"https:\\\/\\\/www.bellunopress.it\\\/#\\\/schema\\\/person\\\/79bb06722b37ece1c03d3e94beb30d73\",\"name\":\"redazione\",\"image\":{\"@type\":\"ImageObject\",\"inLanguage\":\"fr-FR\",\"@id\":\"https:\\\/\\\/secure.gravatar.com\\\/avatar\\\/37d968a2e67a6fd04c169c4bdef102d0bc5d31b2546345219e348575eb80e9a0?s=96&d=mm&r=g\",\"url\":\"https:\\\/\\\/secure.gravatar.com\\\/avatar\\\/37d968a2e67a6fd04c169c4bdef102d0bc5d31b2546345219e348575eb80e9a0?s=96&d=mm&r=g\",\"contentUrl\":\"https:\\\/\\\/secure.gravatar.com\\\/avatar\\\/37d968a2e67a6fd04c169c4bdef102d0bc5d31b2546345219e348575eb80e9a0?s=96&d=mm&r=g\",\"caption\":\"redazione\"},\"sameAs\":[\"http:\\\/\\\/www.bellunopress.it\",\"https:\\\/\\\/x.com\\\/bellunopress\"],\"url\":\"https:\\\/\\\/www.bellunopress.it\\\/fr\\\/author\\\/redazione\\\/\"}]}<\/script>\n<!-- \/ Yoast SEO plugin. -->","yoast_head_json":{"title":"Feltre. Riqualificazione ed efficientamento energetico della scuola del Boscariz: via libera al primo stralcio di lavori per 200 mila euro - Bellunopress - Dolomiti","robots":{"index":"index","follow":"follow","max-snippet":"max-snippet:-1","max-image-preview":"max-image-preview:large","max-video-preview":"max-video-preview:-1"},"canonical":"https:\/\/www.bellunopress.it\/fr\/2019\/11\/21\/feltre-riqualificazione-ed-efficientamento-energetico-della-scuola-del-boscariz-via-libera-al-primo-stralcio-di-lavori-per-200-mila-euro\/","og_locale":"fr_FR","og_type":"article","og_title":"Feltre. Riqualificazione ed efficientamento energetico della scuola del Boscariz: via libera al primo stralcio di lavori per 200 mila euro - Bellunopress - Dolomiti","og_description":"Nuovo importante passo nel progetto complessivo di efficientamento energetico degli edifici di propriet\u00e0 comunale e di abbattimento delle emissioni di inquinati atmosferici, in attuazione a quanto previsto nel P.A.E.S del Comune di Feltre. Nell\u2019ultima seduta di giunta, l\u2019amministrazione comunale ha infatti dato il via libera al progetto definitivo\/esecutivo che riguarda la scuola primaria del Boscariz, [&hellip;]","og_url":"https:\/\/www.bellunopress.it\/fr\/2019\/11\/21\/feltre-riqualificazione-ed-efficientamento-energetico-della-scuola-del-boscariz-via-libera-al-primo-stralcio-di-lavori-per-200-mila-euro\/","og_site_name":"Bellunopress - Dolomiti","article_publisher":"https:\/\/www.facebook.com\/profile.php?id=100008943462799","article_published_time":"2019-11-21T13:50:17+00:00","og_image":[{"url":"http:\/\/www.bellunopress.it\/wp-content\/uploads\/2011\/07\/valter-bonan.jpg","type":"","width":"","height":""}],"author":"redazione","twitter_card":"summary_large_image","twitter_creator":"@bellunopress","twitter_site":"@bellunopress","twitter_misc":{"\u00c9crit par":"redazione","Dur\u00e9e de lecture estim\u00e9e":"2 minutes"},"schema":{"@context":"https:\/\/schema.org","@graph":[{"@type":"Article","@id":"https:\/\/www.bellunopress.it\/2019\/11\/21\/feltre-riqualificazione-ed-efficientamento-energetico-della-scuola-del-boscariz-via-libera-al-primo-stralcio-di-lavori-per-200-mila-euro\/#article","isPartOf":{"@id":"https:\/\/www.bellunopress.it\/2019\/11\/21\/feltre-riqualificazione-ed-efficientamento-energetico-della-scuola-del-boscariz-via-libera-al-primo-stralcio-di-lavori-per-200-mila-euro\/"},"author":{"name":"redazione","@id":"https:\/\/www.bellunopress.it\/#\/schema\/person\/79bb06722b37ece1c03d3e94beb30d73"},"headline":"Feltre. Riqualificazione ed efficientamento energetico della scuola del Boscariz: via libera al primo stralcio di lavori per 200 mila euro","datePublished":"2019-11-21T13:50:17+00:00","mainEntityOfPage":{"@id":"https:\/\/www.bellunopress.it\/2019\/11\/21\/feltre-riqualificazione-ed-efficientamento-energetico-della-scuola-del-boscariz-via-libera-al-primo-stralcio-di-lavori-per-200-mila-euro\/"},"wordCount":377,"publisher":{"@id":"https:\/\/www.bellunopress.it\/#organization"},"image":{"@id":"https:\/\/www.bellunopress.it\/2019\/11\/21\/feltre-riqualificazione-ed-efficientamento-energetico-della-scuola-del-boscariz-via-libera-al-primo-stralcio-di-lavori-per-200-mila-euro\/#primaryimage"},"thumbnailUrl":"http:\/\/www.bellunopress.it\/wp-content\/uploads\/2011\/07\/valter-bonan.jpg","articleSection":["Cronaca\/Politica","Prima Pagina"],"inLanguage":"fr-FR"},{"@type":"WebPage","@id":"https:\/\/www.bellunopress.it\/2019\/11\/21\/feltre-riqualificazione-ed-efficientamento-energetico-della-scuola-del-boscariz-via-libera-al-primo-stralcio-di-lavori-per-200-mila-euro\/","url":"https:\/\/www.bellunopress.it\/2019\/11\/21\/feltre-riqualificazione-ed-efficientamento-energetico-della-scuola-del-boscariz-via-libera-al-primo-stralcio-di-lavori-per-200-mila-euro\/","name":"Feltre. Riqualificazione ed efficientamento energetico della scuola del Boscariz: via libera al primo stralcio di lavori per 200 mila euro - Bellunopress - Dolomiti","isPartOf":{"@id":"https:\/\/www.bellunopress.it\/#website"},"primaryImageOfPage":{"@id":"https:\/\/www.bellunopress.it\/2019\/11\/21\/feltre-riqualificazione-ed-efficientamento-energetico-della-scuola-del-boscariz-via-libera-al-primo-stralcio-di-lavori-per-200-mila-euro\/#primaryimage"},"image":{"@id":"https:\/\/www.bellunopress.it\/2019\/11\/21\/feltre-riqualificazione-ed-efficientamento-energetico-della-scuola-del-boscariz-via-libera-al-primo-stralcio-di-lavori-per-200-mila-euro\/#primaryimage"},"thumbnailUrl":"http:\/\/www.bellunopress.it\/wp-content\/uploads\/2011\/07\/valter-bonan.jpg","datePublished":"2019-11-21T13:50:17+00:00","breadcrumb":{"@id":"https:\/\/www.bellunopress.it\/2019\/11\/21\/feltre-riqualificazione-ed-efficientamento-energetico-della-scuola-del-boscariz-via-libera-al-primo-stralcio-di-lavori-per-200-mila-euro\/#breadcrumb"},"inLanguage":"fr-FR","potentialAction":[{"@type":"ReadAction","target":["https:\/\/www.bellunopress.it\/2019\/11\/21\/feltre-riqualificazione-ed-efficientamento-energetico-della-scuola-del-boscariz-via-libera-al-primo-stralcio-di-lavori-per-200-mila-euro\/"]}]},{"@type":"ImageObject","inLanguage":"fr-FR","@id":"https:\/\/www.bellunopress.it\/2019\/11\/21\/feltre-riqualificazione-ed-efficientamento-energetico-della-scuola-del-boscariz-via-libera-al-primo-stralcio-di-lavori-per-200-mila-euro\/#primaryimage","url":"http:\/\/www.bellunopress.it\/wp-content\/uploads\/2011\/07\/valter-bonan.jpg","contentUrl":"http:\/\/www.bellunopress.it\/wp-content\/uploads\/2011\/07\/valter-bonan.jpg"},{"@type":"BreadcrumbList","@id":"https:\/\/www.bellunopress.it\/2019\/11\/21\/feltre-riqualificazione-ed-efficientamento-energetico-della-scuola-del-boscariz-via-libera-al-primo-stralcio-di-lavori-per-200-mila-euro\/#breadcrumb","itemListElement":[{"@type":"ListItem","position":1,"name":"Home","item":"https:\/\/www.bellunopress.it\/"},{"@type":"ListItem","position":2,"name":"Feltre. Riqualificazione ed efficientamento energetico della scuola del Boscariz: via libera al primo stralcio di lavori per 200 mila euro"}]},{"@type":"WebSite","@id":"https:\/\/www.bellunopress.it\/#website","url":"https:\/\/www.bellunopress.it\/","name":"Bellunopress - Dolomiti","description":"e-mail: redazione@bellunopress.it","publisher":{"@id":"https:\/\/www.bellunopress.it\/#organization"},"potentialAction":[{"@type":"SearchAction","target":{"@type":"EntryPoint","urlTemplate":"https:\/\/www.bellunopress.it\/?s={search_term_string}"},"query-input":{"@type":"PropertyValueSpecification","valueRequired":true,"valueName":"search_term_string"}}],"inLanguage":"fr-FR"},{"@type":"Organization","@id":"https:\/\/www.bellunopress.it\/#organization","name":"Bellunopress","url":"https:\/\/www.bellunopress.it\/","logo":{"@type":"ImageObject","inLanguage":"fr-FR","@id":"https:\/\/www.bellunopress.it\/#\/schema\/logo\/image\/","url":"https:\/\/www.bellunopress.it\/wp-content\/uploads\/2011\/05\/cropped-logo-bellunopress-.jpg","contentUrl":"https:\/\/www.bellunopress.it\/wp-content\/uploads\/2011\/05\/cropped-logo-bellunopress-.jpg","width":512,"height":512,"caption":"Bellunopress"},"image":{"@id":"https:\/\/www.bellunopress.it\/#\/schema\/logo\/image\/"},"sameAs":["https:\/\/www.facebook.com\/profile.php?id=100008943462799","https:\/\/x.com\/bellunopress","https:\/\/www.linkedin.com\/hp\/?dnr=JBzUWaJfMUw8vbXJJ2tVW5-I3jZKvC4wsoxE&amp;amp;amp;amp;amp;amp;trk=nav_responsive_tab_home","https:\/\/www.youtube.com\/channel\/UCxL0wu1uN0_3_7hGG0306cw"]},{"@type":"Person","@id":"https:\/\/www.bellunopress.it\/#\/schema\/person\/79bb06722b37ece1c03d3e94beb30d73","name":"r\u00e9daction","image":{"@type":"ImageObject","inLanguage":"fr-FR","@id":"https:\/\/secure.gravatar.com\/avatar\/37d968a2e67a6fd04c169c4bdef102d0bc5d31b2546345219e348575eb80e9a0?s=96&d=mm&r=g","url":"https:\/\/secure.gravatar.com\/avatar\/37d968a2e67a6fd04c169c4bdef102d0bc5d31b2546345219e348575eb80e9a0?s=96&d=mm&r=g","contentUrl":"https:\/\/secure.gravatar.com\/avatar\/37d968a2e67a6fd04c169c4bdef102d0bc5d31b2546345219e348575eb80e9a0?s=96&d=mm&r=g","caption":"redazione"},"sameAs":["http:\/\/www.bellunopress.it","https:\/\/x.com\/bellunopress"],"url":"https:\/\/www.bellunopress.it\/fr\/author\/redazione\/"}]}},"_links":{"self":[{"href":"https:\/\/www.bellunopress.it\/fr\/wp-json\/wp\/v2\/posts\/109814","targetHints":{"allow":["GET"]}}],"collection":[{"href":"https:\/\/www.bellunopress.it\/fr\/wp-json\/wp\/v2\/posts"}],"about":[{"href":"https:\/\/www.bellunopress.it\/fr\/wp-json\/wp\/v2\/types\/post"}],"author":[{"embeddable":true,"href":"https:\/\/www.bellunopress.it\/fr\/wp-json\/wp\/v2\/users\/2"}],"replies":[{"embeddable":true,"href":"https:\/\/www.bellunopress.it\/fr\/wp-json\/wp\/v2\/comments?post=109814"}],"version-history":[{"count":1,"href":"https:\/\/www.bellunopress.it\/fr\/wp-json\/wp\/v2\/posts\/109814\/revisions"}],"predecessor-version":[{"id":109815,"href":"https:\/\/www.bellunopress.it\/fr\/wp-json\/wp\/v2\/posts\/109814\/revisions\/109815"}],"wp:attachment":[{"href":"https:\/\/www.bellunopress.it\/fr\/wp-json\/wp\/v2\/media?parent=109814"}],"wp:term":[{"taxonomy":"category","embeddable":true,"href":"https:\/\/www.bellunopress.it\/fr\/wp-json\/wp\/v2\/categories?post=109814"},{"taxonomy":"post_tag","embeddable":true,"href":"https:\/\/www.bellunopress.it\/fr\/wp-json\/wp\/v2\/tags?post=109814"}],"curies":[{"name":"wp","href":"https:\/\/api.w.org\/{rel}","templated":true}]}}