{"id":109804,"date":"2019-11-24T12:30:07","date_gmt":"2019-11-24T11:30:07","guid":{"rendered":"http:\/\/www.bellunopress.it\/?p=109804"},"modified":"2019-11-20T21:34:46","modified_gmt":"2019-11-20T20:34:46","slug":"le-verita-nascoste-mercoledi-sera-a-limana-per-la-giornata-contro-la-violenza-sulle-donne","status":"publish","type":"post","link":"https:\/\/www.bellunopress.it\/fr\/2019\/11\/24\/le-verita-nascoste-mercoledi-sera-a-limana-per-la-giornata-contro-la-violenza-sulle-donne\/","title":{"rendered":"Le verit\u00e0 nascoste. Mercoled\u00ec sera a Limana per la Giornata contro la violenza sulle donne"},"content":{"rendered":"<p>Il Comune di Limana, Assessorato alla Cultura e Biblioteca, in occasione della giornata mondiale contro la violenza sulle donne, organizza una serata dal titolo: Le verit\u00e0 nascoste. No alla violenza di genere: voci contro il silenzio.<\/p>\n<figure id=\"attachment_34825\" aria-describedby=\"caption-attachment-34825\" style=\"width: 150px\" class=\"wp-caption alignleft\"><a href=\"http:\/\/www.bellunopress.it\/fr\/2012\/02\/07\/venerdi-nellaula-magna-delliti-i-sapori-di-versi-di-paola-bettiol-poesia-musica-immagini\/paola-bettiol\/\" rel=\"attachment wp-att-34825\"><img loading=\"lazy\" decoding=\"async\" class=\"size-full wp-image-34825\" src=\"http:\/\/www.bellunopress.it\/wp-content\/uploads\/2012\/02\/paola-bettiol.jpg\" alt=\"\" width=\"150\" height=\"137\" \/><\/a><figcaption id=\"caption-attachment-34825\" class=\"wp-caption-text\">Paola Bettiol<\/figcaption><\/figure>\n<p>L&#8217;iniziativa si terr\u00e0 mercoled\u00ec 27 novembre alle ore 20.30, presso la Sala Luigi Nocivelli (ingresso dietro la Biblioteca Comunale), via Ruggero Fiabane n. 3, Limana.<\/p>\n<p>Letture di Paola Bettiol, Patrizia Burigo, Alice De Toni, Maria Franco, Sacha Rosel, Alessandra Servi.<\/p>\n<p>Musiche di Valentina De March (voce e chitarra), Stefania Pillon (recitazione e canto), Alessia Calvi (Flauto), Xhesika Celislami (flauto), Alma Gori (violoncello).<\/p>","protected":false},"excerpt":{"rendered":"<p>Il Comune di Limana, Assessorato alla Cultura e Biblioteca, in occasione della giornata mondiale contro la violenza sulle donne, organizza una serata dal titolo: Le verit\u00e0 nascoste. No alla violenza di genere: voci contro il silenzio. L&#8217;iniziativa si terr\u00e0 mercoled\u00ec 27 novembre alle ore 20.30, presso la Sala Luigi Nocivelli (ingresso dietro la Biblioteca Comunale), [&hellip;]<\/p>\n","protected":false},"author":2,"featured_media":0,"comment_status":"closed","ping_status":"open","sticky":false,"template":"","format":"standard","meta":{"footnotes":""},"categories":[27,3,25],"tags":[],"class_list":["post-109804","post","type-post","status-publish","format-standard","category-appuntamenti","category-arte-cultura-spettacoli-scienza-archivi","category-pausa-caffe"],"yoast_head":"<!-- This site is optimized with the Yoast SEO plugin v28.4 - https:\/\/yoast.com\/product\/yoast-seo-wordpress\/ -->\n<title>Le verit\u00e0 nascoste. Mercoled\u00ec sera a Limana per la Giornata contro la violenza sulle donne - Bellunopress - Dolomiti<\/title>\n<meta name=\"robots\" content=\"index, follow, max-snippet:-1, max-image-preview:large, max-video-preview:-1\" \/>\n<link rel=\"canonical\" href=\"https:\/\/www.bellunopress.it\/fr\/2019\/11\/24\/le-verita-nascoste-mercoledi-sera-a-limana-per-la-giornata-contro-la-violenza-sulle-donne\/\" \/>\n<meta property=\"og:locale\" content=\"fr_FR\" \/>\n<meta property=\"og:type\" content=\"article\" \/>\n<meta property=\"og:title\" content=\"Le verit\u00e0 nascoste. Mercoled\u00ec sera a Limana per la Giornata contro la violenza sulle donne - Bellunopress - Dolomiti\" \/>\n<meta property=\"og:description\" content=\"Il Comune di Limana, Assessorato alla Cultura e Biblioteca, in occasione della giornata mondiale contro la violenza sulle donne, organizza una serata dal titolo: Le verit\u00e0 nascoste. No alla violenza di genere: voci contro il silenzio. L&#8217;iniziativa si terr\u00e0 mercoled\u00ec 27 novembre alle ore 20.30, presso la Sala Luigi Nocivelli (ingresso dietro la Biblioteca Comunale), [&hellip;]\" \/>\n<meta property=\"og:url\" content=\"https:\/\/www.bellunopress.it\/fr\/2019\/11\/24\/le-verita-nascoste-mercoledi-sera-a-limana-per-la-giornata-contro-la-violenza-sulle-donne\/\" \/>\n<meta property=\"og:site_name\" content=\"Bellunopress - Dolomiti\" \/>\n<meta property=\"article:publisher\" content=\"https:\/\/www.facebook.com\/profile.php?id=100008943462799\" \/>\n<meta property=\"article:published_time\" content=\"2019-11-24T11:30:07+00:00\" \/>\n<meta property=\"og:image\" content=\"http:\/\/www.bellunopress.it\/wp-content\/uploads\/2012\/02\/paola-bettiol.jpg\" \/>\n<meta name=\"author\" content=\"redazione\" \/>\n<meta name=\"twitter:card\" content=\"summary_large_image\" \/>\n<meta name=\"twitter:creator\" content=\"@bellunopress\" \/>\n<meta name=\"twitter:site\" content=\"@bellunopress\" \/>\n<meta name=\"twitter:label1\" content=\"Written by\" \/>\n\t<meta name=\"twitter:data1\" content=\"redazione\" \/>\n\t<meta name=\"twitter:label2\" content=\"Est. reading time\" \/>\n\t<meta name=\"twitter:data2\" content=\"1 minute\" \/>\n<script type=\"application\/ld+json\" class=\"yoast-schema-graph\">{\"@context\":\"https:\\\/\\\/schema.org\",\"@graph\":[{\"@type\":\"Article\",\"@id\":\"https:\\\/\\\/www.bellunopress.it\\\/2019\\\/11\\\/24\\\/le-verita-nascoste-mercoledi-sera-a-limana-per-la-giornata-contro-la-violenza-sulle-donne\\\/#article\",\"isPartOf\":{\"@id\":\"https:\\\/\\\/www.bellunopress.it\\\/2019\\\/11\\\/24\\\/le-verita-nascoste-mercoledi-sera-a-limana-per-la-giornata-contro-la-violenza-sulle-donne\\\/\"},\"author\":{\"name\":\"redazione\",\"@id\":\"https:\\\/\\\/www.bellunopress.it\\\/#\\\/schema\\\/person\\\/79bb06722b37ece1c03d3e94beb30d73\"},\"headline\":\"Le verit\u00e0 nascoste. Mercoled\u00ec sera a Limana per la Giornata contro la violenza sulle donne\",\"datePublished\":\"2019-11-24T11:30:07+00:00\",\"mainEntityOfPage\":{\"@id\":\"https:\\\/\\\/www.bellunopress.it\\\/2019\\\/11\\\/24\\\/le-verita-nascoste-mercoledi-sera-a-limana-per-la-giornata-contro-la-violenza-sulle-donne\\\/\"},\"wordCount\":120,\"publisher\":{\"@id\":\"https:\\\/\\\/www.bellunopress.it\\\/#organization\"},\"image\":{\"@id\":\"https:\\\/\\\/www.bellunopress.it\\\/2019\\\/11\\\/24\\\/le-verita-nascoste-mercoledi-sera-a-limana-per-la-giornata-contro-la-violenza-sulle-donne\\\/#primaryimage\"},\"thumbnailUrl\":\"http:\\\/\\\/www.bellunopress.it\\\/wp-content\\\/uploads\\\/2012\\\/02\\\/paola-bettiol.jpg\",\"articleSection\":[\"Appuntamenti, Eventi\",\"Arte, Cultura, Spettacoli, Scienza\",\"Pausa Caff\u00e8\"],\"inLanguage\":\"fr-FR\"},{\"@type\":\"WebPage\",\"@id\":\"https:\\\/\\\/www.bellunopress.it\\\/2019\\\/11\\\/24\\\/le-verita-nascoste-mercoledi-sera-a-limana-per-la-giornata-contro-la-violenza-sulle-donne\\\/\",\"url\":\"https:\\\/\\\/www.bellunopress.it\\\/2019\\\/11\\\/24\\\/le-verita-nascoste-mercoledi-sera-a-limana-per-la-giornata-contro-la-violenza-sulle-donne\\\/\",\"name\":\"Le verit\u00e0 nascoste. Mercoled\u00ec sera a Limana per la Giornata contro la violenza sulle donne - Bellunopress - Dolomiti\",\"isPartOf\":{\"@id\":\"https:\\\/\\\/www.bellunopress.it\\\/#website\"},\"primaryImageOfPage\":{\"@id\":\"https:\\\/\\\/www.bellunopress.it\\\/2019\\\/11\\\/24\\\/le-verita-nascoste-mercoledi-sera-a-limana-per-la-giornata-contro-la-violenza-sulle-donne\\\/#primaryimage\"},\"image\":{\"@id\":\"https:\\\/\\\/www.bellunopress.it\\\/2019\\\/11\\\/24\\\/le-verita-nascoste-mercoledi-sera-a-limana-per-la-giornata-contro-la-violenza-sulle-donne\\\/#primaryimage\"},\"thumbnailUrl\":\"http:\\\/\\\/www.bellunopress.it\\\/wp-content\\\/uploads\\\/2012\\\/02\\\/paola-bettiol.jpg\",\"datePublished\":\"2019-11-24T11:30:07+00:00\",\"breadcrumb\":{\"@id\":\"https:\\\/\\\/www.bellunopress.it\\\/2019\\\/11\\\/24\\\/le-verita-nascoste-mercoledi-sera-a-limana-per-la-giornata-contro-la-violenza-sulle-donne\\\/#breadcrumb\"},\"inLanguage\":\"fr-FR\",\"potentialAction\":[{\"@type\":\"ReadAction\",\"target\":[\"https:\\\/\\\/www.bellunopress.it\\\/2019\\\/11\\\/24\\\/le-verita-nascoste-mercoledi-sera-a-limana-per-la-giornata-contro-la-violenza-sulle-donne\\\/\"]}]},{\"@type\":\"ImageObject\",\"inLanguage\":\"fr-FR\",\"@id\":\"https:\\\/\\\/www.bellunopress.it\\\/2019\\\/11\\\/24\\\/le-verita-nascoste-mercoledi-sera-a-limana-per-la-giornata-contro-la-violenza-sulle-donne\\\/#primaryimage\",\"url\":\"http:\\\/\\\/www.bellunopress.it\\\/wp-content\\\/uploads\\\/2012\\\/02\\\/paola-bettiol.jpg\",\"contentUrl\":\"http:\\\/\\\/www.bellunopress.it\\\/wp-content\\\/uploads\\\/2012\\\/02\\\/paola-bettiol.jpg\"},{\"@type\":\"BreadcrumbList\",\"@id\":\"https:\\\/\\\/www.bellunopress.it\\\/2019\\\/11\\\/24\\\/le-verita-nascoste-mercoledi-sera-a-limana-per-la-giornata-contro-la-violenza-sulle-donne\\\/#breadcrumb\",\"itemListElement\":[{\"@type\":\"ListItem\",\"position\":1,\"name\":\"Home\",\"item\":\"https:\\\/\\\/www.bellunopress.it\\\/\"},{\"@type\":\"ListItem\",\"position\":2,\"name\":\"Le verit\u00e0 nascoste. Mercoled\u00ec sera a Limana per la Giornata contro la violenza sulle donne\"}]},{\"@type\":\"WebSite\",\"@id\":\"https:\\\/\\\/www.bellunopress.it\\\/#website\",\"url\":\"https:\\\/\\\/www.bellunopress.it\\\/\",\"name\":\"Bellunopress - Dolomiti\",\"description\":\"e-mail: redazione@bellunopress.it\",\"publisher\":{\"@id\":\"https:\\\/\\\/www.bellunopress.it\\\/#organization\"},\"potentialAction\":[{\"@type\":\"SearchAction\",\"target\":{\"@type\":\"EntryPoint\",\"urlTemplate\":\"https:\\\/\\\/www.bellunopress.it\\\/?s={search_term_string}\"},\"query-input\":{\"@type\":\"PropertyValueSpecification\",\"valueRequired\":true,\"valueName\":\"search_term_string\"}}],\"inLanguage\":\"fr-FR\"},{\"@type\":\"Organization\",\"@id\":\"https:\\\/\\\/www.bellunopress.it\\\/#organization\",\"name\":\"Bellunopress\",\"url\":\"https:\\\/\\\/www.bellunopress.it\\\/\",\"logo\":{\"@type\":\"ImageObject\",\"inLanguage\":\"fr-FR\",\"@id\":\"https:\\\/\\\/www.bellunopress.it\\\/#\\\/schema\\\/logo\\\/image\\\/\",\"url\":\"https:\\\/\\\/www.bellunopress.it\\\/wp-content\\\/uploads\\\/2011\\\/05\\\/cropped-logo-bellunopress-.jpg\",\"contentUrl\":\"https:\\\/\\\/www.bellunopress.it\\\/wp-content\\\/uploads\\\/2011\\\/05\\\/cropped-logo-bellunopress-.jpg\",\"width\":512,\"height\":512,\"caption\":\"Bellunopress\"},\"image\":{\"@id\":\"https:\\\/\\\/www.bellunopress.it\\\/#\\\/schema\\\/logo\\\/image\\\/\"},\"sameAs\":[\"https:\\\/\\\/www.facebook.com\\\/profile.php?id=100008943462799\",\"https:\\\/\\\/x.com\\\/bellunopress\",\"https:\\\/\\\/www.linkedin.com\\\/hp\\\/?dnr=JBzUWaJfMUw8vbXJJ2tVW5-I3jZKvC4wsoxE&amp;amp;amp;amp;amp;amp;trk=nav_responsive_tab_home\",\"https:\\\/\\\/www.youtube.com\\\/channel\\\/UCxL0wu1uN0_3_7hGG0306cw\"]},{\"@type\":\"Person\",\"@id\":\"https:\\\/\\\/www.bellunopress.it\\\/#\\\/schema\\\/person\\\/79bb06722b37ece1c03d3e94beb30d73\",\"name\":\"redazione\",\"image\":{\"@type\":\"ImageObject\",\"inLanguage\":\"fr-FR\",\"@id\":\"https:\\\/\\\/secure.gravatar.com\\\/avatar\\\/37d968a2e67a6fd04c169c4bdef102d0bc5d31b2546345219e348575eb80e9a0?s=96&d=mm&r=g\",\"url\":\"https:\\\/\\\/secure.gravatar.com\\\/avatar\\\/37d968a2e67a6fd04c169c4bdef102d0bc5d31b2546345219e348575eb80e9a0?s=96&d=mm&r=g\",\"contentUrl\":\"https:\\\/\\\/secure.gravatar.com\\\/avatar\\\/37d968a2e67a6fd04c169c4bdef102d0bc5d31b2546345219e348575eb80e9a0?s=96&d=mm&r=g\",\"caption\":\"redazione\"},\"sameAs\":[\"http:\\\/\\\/www.bellunopress.it\",\"https:\\\/\\\/x.com\\\/bellunopress\"],\"url\":\"https:\\\/\\\/www.bellunopress.it\\\/fr\\\/author\\\/redazione\\\/\"}]}<\/script>\n<!-- \/ Yoast SEO plugin. -->","yoast_head_json":{"title":"Le verit\u00e0 nascoste. Mercoled\u00ec sera a Limana per la Giornata contro la violenza sulle donne - Bellunopress - Dolomiti","robots":{"index":"index","follow":"follow","max-snippet":"max-snippet:-1","max-image-preview":"max-image-preview:large","max-video-preview":"max-video-preview:-1"},"canonical":"https:\/\/www.bellunopress.it\/fr\/2019\/11\/24\/le-verita-nascoste-mercoledi-sera-a-limana-per-la-giornata-contro-la-violenza-sulle-donne\/","og_locale":"fr_FR","og_type":"article","og_title":"Le verit\u00e0 nascoste. Mercoled\u00ec sera a Limana per la Giornata contro la violenza sulle donne - Bellunopress - Dolomiti","og_description":"Il Comune di Limana, Assessorato alla Cultura e Biblioteca, in occasione della giornata mondiale contro la violenza sulle donne, organizza una serata dal titolo: Le verit\u00e0 nascoste. No alla violenza di genere: voci contro il silenzio. L&#8217;iniziativa si terr\u00e0 mercoled\u00ec 27 novembre alle ore 20.30, presso la Sala Luigi Nocivelli (ingresso dietro la Biblioteca Comunale), [&hellip;]","og_url":"https:\/\/www.bellunopress.it\/fr\/2019\/11\/24\/le-verita-nascoste-mercoledi-sera-a-limana-per-la-giornata-contro-la-violenza-sulle-donne\/","og_site_name":"Bellunopress - Dolomiti","article_publisher":"https:\/\/www.facebook.com\/profile.php?id=100008943462799","article_published_time":"2019-11-24T11:30:07+00:00","og_image":[{"url":"http:\/\/www.bellunopress.it\/wp-content\/uploads\/2012\/02\/paola-bettiol.jpg","type":"","width":"","height":""}],"author":"redazione","twitter_card":"summary_large_image","twitter_creator":"@bellunopress","twitter_site":"@bellunopress","twitter_misc":{"Written by":"redazione","Est. reading time":"1 minute"},"schema":{"@context":"https:\/\/schema.org","@graph":[{"@type":"Article","@id":"https:\/\/www.bellunopress.it\/2019\/11\/24\/le-verita-nascoste-mercoledi-sera-a-limana-per-la-giornata-contro-la-violenza-sulle-donne\/#article","isPartOf":{"@id":"https:\/\/www.bellunopress.it\/2019\/11\/24\/le-verita-nascoste-mercoledi-sera-a-limana-per-la-giornata-contro-la-violenza-sulle-donne\/"},"author":{"name":"redazione","@id":"https:\/\/www.bellunopress.it\/#\/schema\/person\/79bb06722b37ece1c03d3e94beb30d73"},"headline":"Le verit\u00e0 nascoste. Mercoled\u00ec sera a Limana per la Giornata contro la violenza sulle donne","datePublished":"2019-11-24T11:30:07+00:00","mainEntityOfPage":{"@id":"https:\/\/www.bellunopress.it\/2019\/11\/24\/le-verita-nascoste-mercoledi-sera-a-limana-per-la-giornata-contro-la-violenza-sulle-donne\/"},"wordCount":120,"publisher":{"@id":"https:\/\/www.bellunopress.it\/#organization"},"image":{"@id":"https:\/\/www.bellunopress.it\/2019\/11\/24\/le-verita-nascoste-mercoledi-sera-a-limana-per-la-giornata-contro-la-violenza-sulle-donne\/#primaryimage"},"thumbnailUrl":"http:\/\/www.bellunopress.it\/wp-content\/uploads\/2012\/02\/paola-bettiol.jpg","articleSection":["Appuntamenti, Eventi","Arte, Cultura, Spettacoli, Scienza","Pausa Caff\u00e8"],"inLanguage":"fr-FR"},{"@type":"WebPage","@id":"https:\/\/www.bellunopress.it\/2019\/11\/24\/le-verita-nascoste-mercoledi-sera-a-limana-per-la-giornata-contro-la-violenza-sulle-donne\/","url":"https:\/\/www.bellunopress.it\/2019\/11\/24\/le-verita-nascoste-mercoledi-sera-a-limana-per-la-giornata-contro-la-violenza-sulle-donne\/","name":"Le verit\u00e0 nascoste. Mercoled\u00ec sera a Limana per la Giornata contro la violenza sulle donne - Bellunopress - Dolomiti","isPartOf":{"@id":"https:\/\/www.bellunopress.it\/#website"},"primaryImageOfPage":{"@id":"https:\/\/www.bellunopress.it\/2019\/11\/24\/le-verita-nascoste-mercoledi-sera-a-limana-per-la-giornata-contro-la-violenza-sulle-donne\/#primaryimage"},"image":{"@id":"https:\/\/www.bellunopress.it\/2019\/11\/24\/le-verita-nascoste-mercoledi-sera-a-limana-per-la-giornata-contro-la-violenza-sulle-donne\/#primaryimage"},"thumbnailUrl":"http:\/\/www.bellunopress.it\/wp-content\/uploads\/2012\/02\/paola-bettiol.jpg","datePublished":"2019-11-24T11:30:07+00:00","breadcrumb":{"@id":"https:\/\/www.bellunopress.it\/2019\/11\/24\/le-verita-nascoste-mercoledi-sera-a-limana-per-la-giornata-contro-la-violenza-sulle-donne\/#breadcrumb"},"inLanguage":"fr-FR","potentialAction":[{"@type":"ReadAction","target":["https:\/\/www.bellunopress.it\/2019\/11\/24\/le-verita-nascoste-mercoledi-sera-a-limana-per-la-giornata-contro-la-violenza-sulle-donne\/"]}]},{"@type":"ImageObject","inLanguage":"fr-FR","@id":"https:\/\/www.bellunopress.it\/2019\/11\/24\/le-verita-nascoste-mercoledi-sera-a-limana-per-la-giornata-contro-la-violenza-sulle-donne\/#primaryimage","url":"http:\/\/www.bellunopress.it\/wp-content\/uploads\/2012\/02\/paola-bettiol.jpg","contentUrl":"http:\/\/www.bellunopress.it\/wp-content\/uploads\/2012\/02\/paola-bettiol.jpg"},{"@type":"BreadcrumbList","@id":"https:\/\/www.bellunopress.it\/2019\/11\/24\/le-verita-nascoste-mercoledi-sera-a-limana-per-la-giornata-contro-la-violenza-sulle-donne\/#breadcrumb","itemListElement":[{"@type":"ListItem","position":1,"name":"Home","item":"https:\/\/www.bellunopress.it\/"},{"@type":"ListItem","position":2,"name":"Le verit\u00e0 nascoste. Mercoled\u00ec sera a Limana per la Giornata contro la violenza sulle donne"}]},{"@type":"WebSite","@id":"https:\/\/www.bellunopress.it\/#website","url":"https:\/\/www.bellunopress.it\/","name":"Bellunopress - Dolomiti","description":"e-mail: redazione@bellunopress.it","publisher":{"@id":"https:\/\/www.bellunopress.it\/#organization"},"potentialAction":[{"@type":"SearchAction","target":{"@type":"EntryPoint","urlTemplate":"https:\/\/www.bellunopress.it\/?s={search_term_string}"},"query-input":{"@type":"PropertyValueSpecification","valueRequired":true,"valueName":"search_term_string"}}],"inLanguage":"fr-FR"},{"@type":"Organization","@id":"https:\/\/www.bellunopress.it\/#organization","name":"Bellunopress","url":"https:\/\/www.bellunopress.it\/","logo":{"@type":"ImageObject","inLanguage":"fr-FR","@id":"https:\/\/www.bellunopress.it\/#\/schema\/logo\/image\/","url":"https:\/\/www.bellunopress.it\/wp-content\/uploads\/2011\/05\/cropped-logo-bellunopress-.jpg","contentUrl":"https:\/\/www.bellunopress.it\/wp-content\/uploads\/2011\/05\/cropped-logo-bellunopress-.jpg","width":512,"height":512,"caption":"Bellunopress"},"image":{"@id":"https:\/\/www.bellunopress.it\/#\/schema\/logo\/image\/"},"sameAs":["https:\/\/www.facebook.com\/profile.php?id=100008943462799","https:\/\/x.com\/bellunopress","https:\/\/www.linkedin.com\/hp\/?dnr=JBzUWaJfMUw8vbXJJ2tVW5-I3jZKvC4wsoxE&amp;amp;amp;amp;amp;amp;trk=nav_responsive_tab_home","https:\/\/www.youtube.com\/channel\/UCxL0wu1uN0_3_7hGG0306cw"]},{"@type":"Person","@id":"https:\/\/www.bellunopress.it\/#\/schema\/person\/79bb06722b37ece1c03d3e94beb30d73","name":"r\u00e9daction","image":{"@type":"ImageObject","inLanguage":"fr-FR","@id":"https:\/\/secure.gravatar.com\/avatar\/37d968a2e67a6fd04c169c4bdef102d0bc5d31b2546345219e348575eb80e9a0?s=96&d=mm&r=g","url":"https:\/\/secure.gravatar.com\/avatar\/37d968a2e67a6fd04c169c4bdef102d0bc5d31b2546345219e348575eb80e9a0?s=96&d=mm&r=g","contentUrl":"https:\/\/secure.gravatar.com\/avatar\/37d968a2e67a6fd04c169c4bdef102d0bc5d31b2546345219e348575eb80e9a0?s=96&d=mm&r=g","caption":"redazione"},"sameAs":["http:\/\/www.bellunopress.it","https:\/\/x.com\/bellunopress"],"url":"https:\/\/www.bellunopress.it\/fr\/author\/redazione\/"}]}},"_links":{"self":[{"href":"https:\/\/www.bellunopress.it\/fr\/wp-json\/wp\/v2\/posts\/109804","targetHints":{"allow":["GET"]}}],"collection":[{"href":"https:\/\/www.bellunopress.it\/fr\/wp-json\/wp\/v2\/posts"}],"about":[{"href":"https:\/\/www.bellunopress.it\/fr\/wp-json\/wp\/v2\/types\/post"}],"author":[{"embeddable":true,"href":"https:\/\/www.bellunopress.it\/fr\/wp-json\/wp\/v2\/users\/2"}],"replies":[{"embeddable":true,"href":"https:\/\/www.bellunopress.it\/fr\/wp-json\/wp\/v2\/comments?post=109804"}],"version-history":[{"count":1,"href":"https:\/\/www.bellunopress.it\/fr\/wp-json\/wp\/v2\/posts\/109804\/revisions"}],"predecessor-version":[{"id":109805,"href":"https:\/\/www.bellunopress.it\/fr\/wp-json\/wp\/v2\/posts\/109804\/revisions\/109805"}],"wp:attachment":[{"href":"https:\/\/www.bellunopress.it\/fr\/wp-json\/wp\/v2\/media?parent=109804"}],"wp:term":[{"taxonomy":"category","embeddable":true,"href":"https:\/\/www.bellunopress.it\/fr\/wp-json\/wp\/v2\/categories?post=109804"},{"taxonomy":"post_tag","embeddable":true,"href":"https:\/\/www.bellunopress.it\/fr\/wp-json\/wp\/v2\/tags?post=109804"}],"curies":[{"name":"wp","href":"https:\/\/api.w.org\/{rel}","templated":true}]}}