{"id":109798,"date":"2019-11-20T20:54:20","date_gmt":"2019-11-20T19:54:20","guid":{"rendered":"http:\/\/www.bellunopress.it\/?p=109798"},"modified":"2019-11-20T20:54:21","modified_gmt":"2019-11-20T19:54:21","slug":"un-nuovo-e-ricco-programma-per-il-natale-2019-dai-commercianti-del-consorzio-belluno-centro","status":"publish","type":"post","link":"https:\/\/www.bellunopress.it\/fr\/2019\/11\/20\/un-nuovo-e-ricco-programma-per-il-natale-2019-dai-commercianti-del-consorzio-belluno-centro\/","title":{"rendered":"Un nuovo e ricco programma per il Natale 2019 dai commercianti del Consorzio Belluno Centro"},"content":{"rendered":"<p>Sar\u00e0 un Natale con tante novit\u00e0 quello del 2019 a Belluno. L&#8217;iniziativa \u00e8 dei commercianti del Consorzio Belluno Centro che quest&#8217;anno hanno preso in mano la situazione con l\u2019obbiettivo di far rivivere &#8220;la nostra amata citt\u00e0&#8221;, come anticipano sulla pagina Facebook.<\/p>\n<p><a href=\"http:\/\/www.bellunopress.it\/fr\/2019\/11\/20\/un-nuovo-e-ricco-programma-per-il-natale-2019-dai-commercianti-del-consorzio-belluno-centro\/commercianti-consorzio-belluno-centro-storico\/\" rel=\"attachment wp-att-109799\"><img loading=\"lazy\" decoding=\"async\" class=\"alignleft size-full wp-image-109799\" src=\"http:\/\/www.bellunopress.it\/wp-content\/uploads\/2019\/11\/Commercianti-Consorzio-Belluno-centro-storico.jpg\" alt=\"\" width=\"300\" height=\"299\" \/><\/a>Ecco l&#8217;elenco delle iniziative:<\/p>\n<p>un mercatino di Natale dedicato alle specialit\u00e0 alimentari e gastronomiche del nostro territorio;<\/p>\n<p>tre opere realizzate per l\u2019occasione dallo scultore Mauro Lampo Olivotto;<br \/>\nuna Luna (si avete letto bene, una Luna) in piazza dei Martiri;<br \/>\nuna pista di pattinaggio;<br \/>\nun bosco in piazza Duomo;<br \/>\nproiezioni emozionali di video mapping in 4K;<br \/>\nuna mostra di presepi;<\/p>\n<p>E tanto altro ancora: eventi, musica, spettacoli itineranti, cicchetti, pietanze nostrane.<\/p>","protected":false},"excerpt":{"rendered":"<p>Sar\u00e0 un Natale con tante novit\u00e0 quello del 2019 a Belluno. L&#8217;iniziativa \u00e8 dei commercianti del Consorzio Belluno Centro che quest&#8217;anno hanno preso in mano la situazione con l\u2019obbiettivo di far rivivere &#8220;la nostra amata citt\u00e0&#8221;, come anticipano sulla pagina Facebook. Ecco l&#8217;elenco delle iniziative: un mercatino di Natale dedicato alle specialit\u00e0 alimentari e gastronomiche [&hellip;]<\/p>\n","protected":false},"author":2,"featured_media":0,"comment_status":"closed","ping_status":"open","sticky":false,"template":"","format":"standard","meta":{"footnotes":""},"categories":[27,3,25,4],"tags":[],"class_list":["post-109798","post","type-post","status-publish","format-standard","category-appuntamenti","category-arte-cultura-spettacoli-scienza-archivi","category-pausa-caffe","category-sport"],"yoast_head":"<!-- This site is optimized with the Yoast SEO plugin v28.4 - https:\/\/yoast.com\/product\/yoast-seo-wordpress\/ -->\n<title>Un nuovo e ricco programma per il Natale 2019 dai commercianti del Consorzio Belluno Centro - Bellunopress - Dolomiti<\/title>\n<meta name=\"robots\" content=\"index, follow, max-snippet:-1, max-image-preview:large, max-video-preview:-1\" \/>\n<link rel=\"canonical\" href=\"https:\/\/www.bellunopress.it\/fr\/2019\/11\/20\/un-nuovo-e-ricco-programma-per-il-natale-2019-dai-commercianti-del-consorzio-belluno-centro\/\" \/>\n<meta property=\"og:locale\" content=\"fr_FR\" \/>\n<meta property=\"og:type\" content=\"article\" \/>\n<meta property=\"og:title\" content=\"Un nuovo e ricco programma per il Natale 2019 dai commercianti del Consorzio Belluno Centro - Bellunopress - Dolomiti\" \/>\n<meta property=\"og:description\" content=\"Sar\u00e0 un Natale con tante novit\u00e0 quello del 2019 a Belluno. L&#8217;iniziativa \u00e8 dei commercianti del Consorzio Belluno Centro che quest&#8217;anno hanno preso in mano la situazione con l\u2019obbiettivo di far rivivere &#8220;la nostra amata citt\u00e0&#8221;, come anticipano sulla pagina Facebook. Ecco l&#8217;elenco delle iniziative: un mercatino di Natale dedicato alle specialit\u00e0 alimentari e gastronomiche [&hellip;]\" \/>\n<meta property=\"og:url\" content=\"https:\/\/www.bellunopress.it\/fr\/2019\/11\/20\/un-nuovo-e-ricco-programma-per-il-natale-2019-dai-commercianti-del-consorzio-belluno-centro\/\" \/>\n<meta property=\"og:site_name\" content=\"Bellunopress - Dolomiti\" \/>\n<meta property=\"article:publisher\" content=\"https:\/\/www.facebook.com\/profile.php?id=100008943462799\" \/>\n<meta property=\"article:published_time\" content=\"2019-11-20T19:54:20+00:00\" \/>\n<meta property=\"article:modified_time\" content=\"2019-11-20T19:54:21+00:00\" \/>\n<meta property=\"og:image\" content=\"http:\/\/www.bellunopress.it\/wp-content\/uploads\/2019\/11\/Commercianti-Consorzio-Belluno-centro-storico.jpg\" \/>\n<meta name=\"author\" content=\"redazione\" \/>\n<meta name=\"twitter:card\" content=\"summary_large_image\" \/>\n<meta name=\"twitter:creator\" content=\"@bellunopress\" \/>\n<meta name=\"twitter:site\" content=\"@bellunopress\" \/>\n<meta name=\"twitter:label1\" content=\"Written by\" \/>\n\t<meta name=\"twitter:data1\" content=\"redazione\" \/>\n\t<meta name=\"twitter:label2\" content=\"Est. reading time\" \/>\n\t<meta name=\"twitter:data2\" content=\"1 minute\" \/>\n<script type=\"application\/ld+json\" class=\"yoast-schema-graph\">{\"@context\":\"https:\\\/\\\/schema.org\",\"@graph\":[{\"@type\":\"Article\",\"@id\":\"https:\\\/\\\/www.bellunopress.it\\\/2019\\\/11\\\/20\\\/un-nuovo-e-ricco-programma-per-il-natale-2019-dai-commercianti-del-consorzio-belluno-centro\\\/#article\",\"isPartOf\":{\"@id\":\"https:\\\/\\\/www.bellunopress.it\\\/2019\\\/11\\\/20\\\/un-nuovo-e-ricco-programma-per-il-natale-2019-dai-commercianti-del-consorzio-belluno-centro\\\/\"},\"author\":{\"name\":\"redazione\",\"@id\":\"https:\\\/\\\/www.bellunopress.it\\\/#\\\/schema\\\/person\\\/79bb06722b37ece1c03d3e94beb30d73\"},\"headline\":\"Un nuovo e ricco programma per il Natale 2019 dai commercianti del Consorzio Belluno Centro\",\"datePublished\":\"2019-11-20T19:54:20+00:00\",\"dateModified\":\"2019-11-20T19:54:21+00:00\",\"mainEntityOfPage\":{\"@id\":\"https:\\\/\\\/www.bellunopress.it\\\/2019\\\/11\\\/20\\\/un-nuovo-e-ricco-programma-per-il-natale-2019-dai-commercianti-del-consorzio-belluno-centro\\\/\"},\"wordCount\":128,\"publisher\":{\"@id\":\"https:\\\/\\\/www.bellunopress.it\\\/#organization\"},\"image\":{\"@id\":\"https:\\\/\\\/www.bellunopress.it\\\/2019\\\/11\\\/20\\\/un-nuovo-e-ricco-programma-per-il-natale-2019-dai-commercianti-del-consorzio-belluno-centro\\\/#primaryimage\"},\"thumbnailUrl\":\"http:\\\/\\\/www.bellunopress.it\\\/wp-content\\\/uploads\\\/2019\\\/11\\\/Commercianti-Consorzio-Belluno-centro-storico.jpg\",\"articleSection\":[\"Appuntamenti, Eventi\",\"Arte, Cultura, Spettacoli, Scienza\",\"Pausa Caff\u00e8\",\"Sport, tempo libero\"],\"inLanguage\":\"fr-FR\"},{\"@type\":\"WebPage\",\"@id\":\"https:\\\/\\\/www.bellunopress.it\\\/2019\\\/11\\\/20\\\/un-nuovo-e-ricco-programma-per-il-natale-2019-dai-commercianti-del-consorzio-belluno-centro\\\/\",\"url\":\"https:\\\/\\\/www.bellunopress.it\\\/2019\\\/11\\\/20\\\/un-nuovo-e-ricco-programma-per-il-natale-2019-dai-commercianti-del-consorzio-belluno-centro\\\/\",\"name\":\"Un nuovo e ricco programma per il Natale 2019 dai commercianti del Consorzio Belluno Centro - Bellunopress - Dolomiti\",\"isPartOf\":{\"@id\":\"https:\\\/\\\/www.bellunopress.it\\\/#website\"},\"primaryImageOfPage\":{\"@id\":\"https:\\\/\\\/www.bellunopress.it\\\/2019\\\/11\\\/20\\\/un-nuovo-e-ricco-programma-per-il-natale-2019-dai-commercianti-del-consorzio-belluno-centro\\\/#primaryimage\"},\"image\":{\"@id\":\"https:\\\/\\\/www.bellunopress.it\\\/2019\\\/11\\\/20\\\/un-nuovo-e-ricco-programma-per-il-natale-2019-dai-commercianti-del-consorzio-belluno-centro\\\/#primaryimage\"},\"thumbnailUrl\":\"http:\\\/\\\/www.bellunopress.it\\\/wp-content\\\/uploads\\\/2019\\\/11\\\/Commercianti-Consorzio-Belluno-centro-storico.jpg\",\"datePublished\":\"2019-11-20T19:54:20+00:00\",\"dateModified\":\"2019-11-20T19:54:21+00:00\",\"breadcrumb\":{\"@id\":\"https:\\\/\\\/www.bellunopress.it\\\/2019\\\/11\\\/20\\\/un-nuovo-e-ricco-programma-per-il-natale-2019-dai-commercianti-del-consorzio-belluno-centro\\\/#breadcrumb\"},\"inLanguage\":\"fr-FR\",\"potentialAction\":[{\"@type\":\"ReadAction\",\"target\":[\"https:\\\/\\\/www.bellunopress.it\\\/2019\\\/11\\\/20\\\/un-nuovo-e-ricco-programma-per-il-natale-2019-dai-commercianti-del-consorzio-belluno-centro\\\/\"]}]},{\"@type\":\"ImageObject\",\"inLanguage\":\"fr-FR\",\"@id\":\"https:\\\/\\\/www.bellunopress.it\\\/2019\\\/11\\\/20\\\/un-nuovo-e-ricco-programma-per-il-natale-2019-dai-commercianti-del-consorzio-belluno-centro\\\/#primaryimage\",\"url\":\"http:\\\/\\\/www.bellunopress.it\\\/wp-content\\\/uploads\\\/2019\\\/11\\\/Commercianti-Consorzio-Belluno-centro-storico.jpg\",\"contentUrl\":\"http:\\\/\\\/www.bellunopress.it\\\/wp-content\\\/uploads\\\/2019\\\/11\\\/Commercianti-Consorzio-Belluno-centro-storico.jpg\"},{\"@type\":\"BreadcrumbList\",\"@id\":\"https:\\\/\\\/www.bellunopress.it\\\/2019\\\/11\\\/20\\\/un-nuovo-e-ricco-programma-per-il-natale-2019-dai-commercianti-del-consorzio-belluno-centro\\\/#breadcrumb\",\"itemListElement\":[{\"@type\":\"ListItem\",\"position\":1,\"name\":\"Home\",\"item\":\"https:\\\/\\\/www.bellunopress.it\\\/\"},{\"@type\":\"ListItem\",\"position\":2,\"name\":\"Un nuovo e ricco programma per il Natale 2019 dai commercianti del Consorzio Belluno Centro\"}]},{\"@type\":\"WebSite\",\"@id\":\"https:\\\/\\\/www.bellunopress.it\\\/#website\",\"url\":\"https:\\\/\\\/www.bellunopress.it\\\/\",\"name\":\"Bellunopress - Dolomiti\",\"description\":\"e-mail: redazione@bellunopress.it\",\"publisher\":{\"@id\":\"https:\\\/\\\/www.bellunopress.it\\\/#organization\"},\"potentialAction\":[{\"@type\":\"SearchAction\",\"target\":{\"@type\":\"EntryPoint\",\"urlTemplate\":\"https:\\\/\\\/www.bellunopress.it\\\/?s={search_term_string}\"},\"query-input\":{\"@type\":\"PropertyValueSpecification\",\"valueRequired\":true,\"valueName\":\"search_term_string\"}}],\"inLanguage\":\"fr-FR\"},{\"@type\":\"Organization\",\"@id\":\"https:\\\/\\\/www.bellunopress.it\\\/#organization\",\"name\":\"Bellunopress\",\"url\":\"https:\\\/\\\/www.bellunopress.it\\\/\",\"logo\":{\"@type\":\"ImageObject\",\"inLanguage\":\"fr-FR\",\"@id\":\"https:\\\/\\\/www.bellunopress.it\\\/#\\\/schema\\\/logo\\\/image\\\/\",\"url\":\"https:\\\/\\\/www.bellunopress.it\\\/wp-content\\\/uploads\\\/2011\\\/05\\\/cropped-logo-bellunopress-.jpg\",\"contentUrl\":\"https:\\\/\\\/www.bellunopress.it\\\/wp-content\\\/uploads\\\/2011\\\/05\\\/cropped-logo-bellunopress-.jpg\",\"width\":512,\"height\":512,\"caption\":\"Bellunopress\"},\"image\":{\"@id\":\"https:\\\/\\\/www.bellunopress.it\\\/#\\\/schema\\\/logo\\\/image\\\/\"},\"sameAs\":[\"https:\\\/\\\/www.facebook.com\\\/profile.php?id=100008943462799\",\"https:\\\/\\\/x.com\\\/bellunopress\",\"https:\\\/\\\/www.linkedin.com\\\/hp\\\/?dnr=JBzUWaJfMUw8vbXJJ2tVW5-I3jZKvC4wsoxE&amp;amp;amp;amp;amp;amp;trk=nav_responsive_tab_home\",\"https:\\\/\\\/www.youtube.com\\\/channel\\\/UCxL0wu1uN0_3_7hGG0306cw\"]},{\"@type\":\"Person\",\"@id\":\"https:\\\/\\\/www.bellunopress.it\\\/#\\\/schema\\\/person\\\/79bb06722b37ece1c03d3e94beb30d73\",\"name\":\"redazione\",\"image\":{\"@type\":\"ImageObject\",\"inLanguage\":\"fr-FR\",\"@id\":\"https:\\\/\\\/secure.gravatar.com\\\/avatar\\\/37d968a2e67a6fd04c169c4bdef102d0bc5d31b2546345219e348575eb80e9a0?s=96&d=mm&r=g\",\"url\":\"https:\\\/\\\/secure.gravatar.com\\\/avatar\\\/37d968a2e67a6fd04c169c4bdef102d0bc5d31b2546345219e348575eb80e9a0?s=96&d=mm&r=g\",\"contentUrl\":\"https:\\\/\\\/secure.gravatar.com\\\/avatar\\\/37d968a2e67a6fd04c169c4bdef102d0bc5d31b2546345219e348575eb80e9a0?s=96&d=mm&r=g\",\"caption\":\"redazione\"},\"sameAs\":[\"http:\\\/\\\/www.bellunopress.it\",\"https:\\\/\\\/x.com\\\/bellunopress\"],\"url\":\"https:\\\/\\\/www.bellunopress.it\\\/fr\\\/author\\\/redazione\\\/\"}]}<\/script>\n<!-- \/ Yoast SEO plugin. -->","yoast_head_json":{"title":"Un nuovo e ricco programma per il Natale 2019 dai commercianti del Consorzio Belluno Centro - Bellunopress - Dolomiti","robots":{"index":"index","follow":"follow","max-snippet":"max-snippet:-1","max-image-preview":"max-image-preview:large","max-video-preview":"max-video-preview:-1"},"canonical":"https:\/\/www.bellunopress.it\/fr\/2019\/11\/20\/un-nuovo-e-ricco-programma-per-il-natale-2019-dai-commercianti-del-consorzio-belluno-centro\/","og_locale":"fr_FR","og_type":"article","og_title":"Un nuovo e ricco programma per il Natale 2019 dai commercianti del Consorzio Belluno Centro - Bellunopress - Dolomiti","og_description":"Sar\u00e0 un Natale con tante novit\u00e0 quello del 2019 a Belluno. L&#8217;iniziativa \u00e8 dei commercianti del Consorzio Belluno Centro che quest&#8217;anno hanno preso in mano la situazione con l\u2019obbiettivo di far rivivere &#8220;la nostra amata citt\u00e0&#8221;, come anticipano sulla pagina Facebook. Ecco l&#8217;elenco delle iniziative: un mercatino di Natale dedicato alle specialit\u00e0 alimentari e gastronomiche [&hellip;]","og_url":"https:\/\/www.bellunopress.it\/fr\/2019\/11\/20\/un-nuovo-e-ricco-programma-per-il-natale-2019-dai-commercianti-del-consorzio-belluno-centro\/","og_site_name":"Bellunopress - Dolomiti","article_publisher":"https:\/\/www.facebook.com\/profile.php?id=100008943462799","article_published_time":"2019-11-20T19:54:20+00:00","article_modified_time":"2019-11-20T19:54:21+00:00","og_image":[{"url":"http:\/\/www.bellunopress.it\/wp-content\/uploads\/2019\/11\/Commercianti-Consorzio-Belluno-centro-storico.jpg","type":"","width":"","height":""}],"author":"redazione","twitter_card":"summary_large_image","twitter_creator":"@bellunopress","twitter_site":"@bellunopress","twitter_misc":{"Written by":"redazione","Est. reading time":"1 minute"},"schema":{"@context":"https:\/\/schema.org","@graph":[{"@type":"Article","@id":"https:\/\/www.bellunopress.it\/2019\/11\/20\/un-nuovo-e-ricco-programma-per-il-natale-2019-dai-commercianti-del-consorzio-belluno-centro\/#article","isPartOf":{"@id":"https:\/\/www.bellunopress.it\/2019\/11\/20\/un-nuovo-e-ricco-programma-per-il-natale-2019-dai-commercianti-del-consorzio-belluno-centro\/"},"author":{"name":"redazione","@id":"https:\/\/www.bellunopress.it\/#\/schema\/person\/79bb06722b37ece1c03d3e94beb30d73"},"headline":"Un nuovo e ricco programma per il Natale 2019 dai commercianti del Consorzio Belluno Centro","datePublished":"2019-11-20T19:54:20+00:00","dateModified":"2019-11-20T19:54:21+00:00","mainEntityOfPage":{"@id":"https:\/\/www.bellunopress.it\/2019\/11\/20\/un-nuovo-e-ricco-programma-per-il-natale-2019-dai-commercianti-del-consorzio-belluno-centro\/"},"wordCount":128,"publisher":{"@id":"https:\/\/www.bellunopress.it\/#organization"},"image":{"@id":"https:\/\/www.bellunopress.it\/2019\/11\/20\/un-nuovo-e-ricco-programma-per-il-natale-2019-dai-commercianti-del-consorzio-belluno-centro\/#primaryimage"},"thumbnailUrl":"http:\/\/www.bellunopress.it\/wp-content\/uploads\/2019\/11\/Commercianti-Consorzio-Belluno-centro-storico.jpg","articleSection":["Appuntamenti, Eventi","Arte, Cultura, Spettacoli, Scienza","Pausa Caff\u00e8","Sport, tempo libero"],"inLanguage":"fr-FR"},{"@type":"WebPage","@id":"https:\/\/www.bellunopress.it\/2019\/11\/20\/un-nuovo-e-ricco-programma-per-il-natale-2019-dai-commercianti-del-consorzio-belluno-centro\/","url":"https:\/\/www.bellunopress.it\/2019\/11\/20\/un-nuovo-e-ricco-programma-per-il-natale-2019-dai-commercianti-del-consorzio-belluno-centro\/","name":"Un nuovo e ricco programma per il Natale 2019 dai commercianti del Consorzio Belluno Centro - Bellunopress - Dolomiti","isPartOf":{"@id":"https:\/\/www.bellunopress.it\/#website"},"primaryImageOfPage":{"@id":"https:\/\/www.bellunopress.it\/2019\/11\/20\/un-nuovo-e-ricco-programma-per-il-natale-2019-dai-commercianti-del-consorzio-belluno-centro\/#primaryimage"},"image":{"@id":"https:\/\/www.bellunopress.it\/2019\/11\/20\/un-nuovo-e-ricco-programma-per-il-natale-2019-dai-commercianti-del-consorzio-belluno-centro\/#primaryimage"},"thumbnailUrl":"http:\/\/www.bellunopress.it\/wp-content\/uploads\/2019\/11\/Commercianti-Consorzio-Belluno-centro-storico.jpg","datePublished":"2019-11-20T19:54:20+00:00","dateModified":"2019-11-20T19:54:21+00:00","breadcrumb":{"@id":"https:\/\/www.bellunopress.it\/2019\/11\/20\/un-nuovo-e-ricco-programma-per-il-natale-2019-dai-commercianti-del-consorzio-belluno-centro\/#breadcrumb"},"inLanguage":"fr-FR","potentialAction":[{"@type":"ReadAction","target":["https:\/\/www.bellunopress.it\/2019\/11\/20\/un-nuovo-e-ricco-programma-per-il-natale-2019-dai-commercianti-del-consorzio-belluno-centro\/"]}]},{"@type":"ImageObject","inLanguage":"fr-FR","@id":"https:\/\/www.bellunopress.it\/2019\/11\/20\/un-nuovo-e-ricco-programma-per-il-natale-2019-dai-commercianti-del-consorzio-belluno-centro\/#primaryimage","url":"http:\/\/www.bellunopress.it\/wp-content\/uploads\/2019\/11\/Commercianti-Consorzio-Belluno-centro-storico.jpg","contentUrl":"http:\/\/www.bellunopress.it\/wp-content\/uploads\/2019\/11\/Commercianti-Consorzio-Belluno-centro-storico.jpg"},{"@type":"BreadcrumbList","@id":"https:\/\/www.bellunopress.it\/2019\/11\/20\/un-nuovo-e-ricco-programma-per-il-natale-2019-dai-commercianti-del-consorzio-belluno-centro\/#breadcrumb","itemListElement":[{"@type":"ListItem","position":1,"name":"Home","item":"https:\/\/www.bellunopress.it\/"},{"@type":"ListItem","position":2,"name":"Un nuovo e ricco programma per il Natale 2019 dai commercianti del Consorzio Belluno Centro"}]},{"@type":"WebSite","@id":"https:\/\/www.bellunopress.it\/#website","url":"https:\/\/www.bellunopress.it\/","name":"Bellunopress - Dolomiti","description":"e-mail: redazione@bellunopress.it","publisher":{"@id":"https:\/\/www.bellunopress.it\/#organization"},"potentialAction":[{"@type":"SearchAction","target":{"@type":"EntryPoint","urlTemplate":"https:\/\/www.bellunopress.it\/?s={search_term_string}"},"query-input":{"@type":"PropertyValueSpecification","valueRequired":true,"valueName":"search_term_string"}}],"inLanguage":"fr-FR"},{"@type":"Organization","@id":"https:\/\/www.bellunopress.it\/#organization","name":"Bellunopress","url":"https:\/\/www.bellunopress.it\/","logo":{"@type":"ImageObject","inLanguage":"fr-FR","@id":"https:\/\/www.bellunopress.it\/#\/schema\/logo\/image\/","url":"https:\/\/www.bellunopress.it\/wp-content\/uploads\/2011\/05\/cropped-logo-bellunopress-.jpg","contentUrl":"https:\/\/www.bellunopress.it\/wp-content\/uploads\/2011\/05\/cropped-logo-bellunopress-.jpg","width":512,"height":512,"caption":"Bellunopress"},"image":{"@id":"https:\/\/www.bellunopress.it\/#\/schema\/logo\/image\/"},"sameAs":["https:\/\/www.facebook.com\/profile.php?id=100008943462799","https:\/\/x.com\/bellunopress","https:\/\/www.linkedin.com\/hp\/?dnr=JBzUWaJfMUw8vbXJJ2tVW5-I3jZKvC4wsoxE&amp;amp;amp;amp;amp;amp;trk=nav_responsive_tab_home","https:\/\/www.youtube.com\/channel\/UCxL0wu1uN0_3_7hGG0306cw"]},{"@type":"Person","@id":"https:\/\/www.bellunopress.it\/#\/schema\/person\/79bb06722b37ece1c03d3e94beb30d73","name":"r\u00e9daction","image":{"@type":"ImageObject","inLanguage":"fr-FR","@id":"https:\/\/secure.gravatar.com\/avatar\/37d968a2e67a6fd04c169c4bdef102d0bc5d31b2546345219e348575eb80e9a0?s=96&d=mm&r=g","url":"https:\/\/secure.gravatar.com\/avatar\/37d968a2e67a6fd04c169c4bdef102d0bc5d31b2546345219e348575eb80e9a0?s=96&d=mm&r=g","contentUrl":"https:\/\/secure.gravatar.com\/avatar\/37d968a2e67a6fd04c169c4bdef102d0bc5d31b2546345219e348575eb80e9a0?s=96&d=mm&r=g","caption":"redazione"},"sameAs":["http:\/\/www.bellunopress.it","https:\/\/x.com\/bellunopress"],"url":"https:\/\/www.bellunopress.it\/fr\/author\/redazione\/"}]}},"_links":{"self":[{"href":"https:\/\/www.bellunopress.it\/fr\/wp-json\/wp\/v2\/posts\/109798","targetHints":{"allow":["GET"]}}],"collection":[{"href":"https:\/\/www.bellunopress.it\/fr\/wp-json\/wp\/v2\/posts"}],"about":[{"href":"https:\/\/www.bellunopress.it\/fr\/wp-json\/wp\/v2\/types\/post"}],"author":[{"embeddable":true,"href":"https:\/\/www.bellunopress.it\/fr\/wp-json\/wp\/v2\/users\/2"}],"replies":[{"embeddable":true,"href":"https:\/\/www.bellunopress.it\/fr\/wp-json\/wp\/v2\/comments?post=109798"}],"version-history":[{"count":2,"href":"https:\/\/www.bellunopress.it\/fr\/wp-json\/wp\/v2\/posts\/109798\/revisions"}],"predecessor-version":[{"id":109801,"href":"https:\/\/www.bellunopress.it\/fr\/wp-json\/wp\/v2\/posts\/109798\/revisions\/109801"}],"wp:attachment":[{"href":"https:\/\/www.bellunopress.it\/fr\/wp-json\/wp\/v2\/media?parent=109798"}],"wp:term":[{"taxonomy":"category","embeddable":true,"href":"https:\/\/www.bellunopress.it\/fr\/wp-json\/wp\/v2\/categories?post=109798"},{"taxonomy":"post_tag","embeddable":true,"href":"https:\/\/www.bellunopress.it\/fr\/wp-json\/wp\/v2\/tags?post=109798"}],"curies":[{"name":"wp","href":"https:\/\/api.w.org\/{rel}","templated":true}]}}