{"id":109796,"date":"2019-11-20T19:50:43","date_gmt":"2019-11-20T18:50:43","guid":{"rendered":"http:\/\/www.bellunopress.it\/?p=109796"},"modified":"2019-11-20T19:50:43","modified_gmt":"2019-11-20T18:50:43","slug":"tariffa-rifiuti-belluno-tra-le-meno-care-ditalia-massaro-la-prossima-sfida-sara-quella-del-decoro-e-dei-servizi","status":"publish","type":"post","link":"https:\/\/www.bellunopress.it\/fr\/2019\/11\/20\/tariffa-rifiuti-belluno-tra-le-meno-care-ditalia-massaro-la-prossima-sfida-sara-quella-del-decoro-e-dei-servizi\/","title":{"rendered":"Tariffa rifiuti, Belluno tra le meno care d&#8217;Italia. Massaro: &#8220;la prossima sfida sar\u00e0 quella del decoro e dei servizi&#8221;"},"content":{"rendered":"<figure id=\"attachment_90931\" aria-describedby=\"caption-attachment-90931\" style=\"width: 276px\" class=\"wp-caption alignleft\"><a href=\"http:\/\/www.bellunopress.it\/fr\/2017\/11\/22\/legge-di-bilancio-2018-tanti-gli-emendamenti-made-in-belluno\/jacopo-massaro-9\/\" rel=\"attachment wp-att-90931\"><img loading=\"lazy\" decoding=\"async\" class=\"size-full wp-image-90931\" src=\"http:\/\/www.bellunopress.it\/wp-content\/uploads\/2017\/11\/jacopo-massaro.jpg\" alt=\"\" width=\"276\" height=\"300\" \/><\/a><figcaption id=\"caption-attachment-90931\" class=\"wp-caption-text\">Jacopo Massaro, sindaco di Belluno<\/figcaption><\/figure>\n<p>La terza tariffa rifiuti meno cara d&#8217;Italia, la pi\u00f9 economica in Veneto: Belluno si piazza sul podio della classifica realizzata dall&#8217; \u201cOsservatorio prezzi e tariffe\u201d di Cittadinanzattiva.<\/p>\n<p>Lo studio prende come caso-tipo una famiglia di tre persone con una casa di propriet\u00e0 di 100 metri quadri: a Belluno, si spendono 168 euro all&#8217;anno; meglio solo Potenza, 121, e Udine, 167. A chiudere la classifica, Catania con 504 euro.<br \/>\nBelluno \u00e8 la citt\u00e0 con la tariffa pi\u00f9 bassa in Veneto, distaccando nettamente Verona, al nono posto con 193 euro all&#8217;anno.<br \/>\nMolto soddisfacente anche il confronto con i dati nazionali &#8211; 300 euro di media -, per area geografica &#8211; 258 euro la spesa media nel Nord Italia \u2013 e su base regionale: in Veneto, si spendono 234 euro all&#8217;anno; in Trentino Alto Adige, primatista della classifica tra regioni, 190.<br \/>\nBelluno \u00e8 uno dei tre capoluoghi italiani, insieme a Pordenone e Trento, a risultare nella \u201ctop ten\u201d sia in questa classifica che in quella \u201cEcosistema Urbano 2019\u201d realizzata da Legambiente in materia di raccolta differenziata.<\/p>\n<p>\u00abC&#8217;\u00e8 grande soddisfazione per essere riusciti a mantenere la tariffa praticamente invariata rispetto allo scorso anno, nonostante l&#8217;aumento dei costi e le spese legate alla tempesta Vaia (+ 1 euro\/anno per Belluno dal 2018 al 2019, + 7 per la seconda classificata, Udine, + 14 per la quarta, Bolzano), e per riuscire ancora, caso pi\u00f9 unico che raro, a coniugare basse tariffe e alta percentuale di differenziata. \u2013 spiega il sindaco di Belluno, Jacopo Massaro \u2013 Ottenuti questi ultimi due risultati, la prossima sfida sar\u00e0 quella del decoro e dei servizi: lavoreremo e investiremo per migliorare ancora l&#8217;offerta, come gi\u00e0 abbiamo fatto nei mesi scorsi con la sostituzione dei cassonetti del rifiuto secco e come stiamo facendo proprio in questi giorni con la realizzazione delle isole ecologiche interrate in Piazza dei Martiri\u00bb.<\/p>\n<p><a href=\"https:\/\/www.cittadinanzattiva.it\/comunicati\/consumatori\/12758-rifiuti-i-nuovi-dati-dell-osservatorio-prezzi-e-tariffe-per-il-2019.html\">Qui le classifiche complete<\/a><\/p>","protected":false},"excerpt":{"rendered":"<p>La terza tariffa rifiuti meno cara d&#8217;Italia, la pi\u00f9 economica in Veneto: Belluno si piazza sul podio della classifica realizzata dall&#8217; \u201cOsservatorio prezzi e tariffe\u201d di Cittadinanzattiva. Lo studio prende come caso-tipo una famiglia di tre persone con una casa di propriet\u00e0 di 100 metri quadri: a Belluno, si spendono 168 euro all&#8217;anno; meglio solo [&hellip;]<\/p>\n","protected":false},"author":2,"featured_media":0,"comment_status":"closed","ping_status":"open","sticky":false,"template":"","format":"standard","meta":{"footnotes":""},"categories":[5,26],"tags":[],"class_list":["post-109796","post","type-post","status-publish","format-standard","category-cronaca","category-prima-pagina"],"yoast_head":"<!-- This site is optimized with the Yoast SEO plugin v28.4 - https:\/\/yoast.com\/product\/yoast-seo-wordpress\/ -->\n<title>Tariffa rifiuti, Belluno tra le meno care d&#039;Italia. Massaro: &quot;la prossima sfida sar\u00e0 quella del decoro e dei servizi&quot; - Bellunopress - Dolomiti<\/title>\n<meta name=\"robots\" content=\"index, follow, max-snippet:-1, max-image-preview:large, max-video-preview:-1\" \/>\n<link rel=\"canonical\" href=\"https:\/\/www.bellunopress.it\/fr\/2019\/11\/20\/tariffa-rifiuti-belluno-tra-le-meno-care-ditalia-massaro-la-prossima-sfida-sara-quella-del-decoro-e-dei-servizi\/\" \/>\n<meta property=\"og:locale\" content=\"fr_FR\" \/>\n<meta property=\"og:type\" content=\"article\" \/>\n<meta property=\"og:title\" content=\"Tariffa rifiuti, Belluno tra le meno care d&#039;Italia. Massaro: &quot;la prossima sfida sar\u00e0 quella del decoro e dei servizi&quot; - Bellunopress - Dolomiti\" \/>\n<meta property=\"og:description\" content=\"La terza tariffa rifiuti meno cara d&#8217;Italia, la pi\u00f9 economica in Veneto: Belluno si piazza sul podio della classifica realizzata dall&#8217; \u201cOsservatorio prezzi e tariffe\u201d di Cittadinanzattiva. Lo studio prende come caso-tipo una famiglia di tre persone con una casa di propriet\u00e0 di 100 metri quadri: a Belluno, si spendono 168 euro all&#8217;anno; meglio solo [&hellip;]\" \/>\n<meta property=\"og:url\" content=\"https:\/\/www.bellunopress.it\/fr\/2019\/11\/20\/tariffa-rifiuti-belluno-tra-le-meno-care-ditalia-massaro-la-prossima-sfida-sara-quella-del-decoro-e-dei-servizi\/\" \/>\n<meta property=\"og:site_name\" content=\"Bellunopress - Dolomiti\" \/>\n<meta property=\"article:publisher\" content=\"https:\/\/www.facebook.com\/profile.php?id=100008943462799\" \/>\n<meta property=\"article:published_time\" content=\"2019-11-20T18:50:43+00:00\" \/>\n<meta property=\"og:image\" content=\"http:\/\/www.bellunopress.it\/wp-content\/uploads\/2017\/11\/jacopo-massaro.jpg\" \/>\n<meta name=\"author\" content=\"redazione\" \/>\n<meta name=\"twitter:card\" content=\"summary_large_image\" \/>\n<meta name=\"twitter:creator\" content=\"@bellunopress\" \/>\n<meta name=\"twitter:site\" content=\"@bellunopress\" \/>\n<meta name=\"twitter:label1\" content=\"Written by\" \/>\n\t<meta name=\"twitter:data1\" content=\"redazione\" \/>\n\t<meta name=\"twitter:label2\" content=\"Est. reading time\" \/>\n\t<meta name=\"twitter:data2\" content=\"1 minute\" \/>\n<script type=\"application\/ld+json\" class=\"yoast-schema-graph\">{\"@context\":\"https:\\\/\\\/schema.org\",\"@graph\":[{\"@type\":\"Article\",\"@id\":\"https:\\\/\\\/www.bellunopress.it\\\/2019\\\/11\\\/20\\\/tariffa-rifiuti-belluno-tra-le-meno-care-ditalia-massaro-la-prossima-sfida-sara-quella-del-decoro-e-dei-servizi\\\/#article\",\"isPartOf\":{\"@id\":\"https:\\\/\\\/www.bellunopress.it\\\/2019\\\/11\\\/20\\\/tariffa-rifiuti-belluno-tra-le-meno-care-ditalia-massaro-la-prossima-sfida-sara-quella-del-decoro-e-dei-servizi\\\/\"},\"author\":{\"name\":\"redazione\",\"@id\":\"https:\\\/\\\/www.bellunopress.it\\\/#\\\/schema\\\/person\\\/79bb06722b37ece1c03d3e94beb30d73\"},\"headline\":\"Tariffa rifiuti, Belluno tra le meno care d&#8217;Italia. Massaro: &#8220;la prossima sfida sar\u00e0 quella del decoro e dei servizi&#8221;\",\"datePublished\":\"2019-11-20T18:50:43+00:00\",\"mainEntityOfPage\":{\"@id\":\"https:\\\/\\\/www.bellunopress.it\\\/2019\\\/11\\\/20\\\/tariffa-rifiuti-belluno-tra-le-meno-care-ditalia-massaro-la-prossima-sfida-sara-quella-del-decoro-e-dei-servizi\\\/\"},\"wordCount\":324,\"publisher\":{\"@id\":\"https:\\\/\\\/www.bellunopress.it\\\/#organization\"},\"image\":{\"@id\":\"https:\\\/\\\/www.bellunopress.it\\\/2019\\\/11\\\/20\\\/tariffa-rifiuti-belluno-tra-le-meno-care-ditalia-massaro-la-prossima-sfida-sara-quella-del-decoro-e-dei-servizi\\\/#primaryimage\"},\"thumbnailUrl\":\"http:\\\/\\\/www.bellunopress.it\\\/wp-content\\\/uploads\\\/2017\\\/11\\\/jacopo-massaro.jpg\",\"articleSection\":[\"Cronaca\\\/Politica\",\"Prima Pagina\"],\"inLanguage\":\"fr-FR\"},{\"@type\":\"WebPage\",\"@id\":\"https:\\\/\\\/www.bellunopress.it\\\/2019\\\/11\\\/20\\\/tariffa-rifiuti-belluno-tra-le-meno-care-ditalia-massaro-la-prossima-sfida-sara-quella-del-decoro-e-dei-servizi\\\/\",\"url\":\"https:\\\/\\\/www.bellunopress.it\\\/2019\\\/11\\\/20\\\/tariffa-rifiuti-belluno-tra-le-meno-care-ditalia-massaro-la-prossima-sfida-sara-quella-del-decoro-e-dei-servizi\\\/\",\"name\":\"Tariffa rifiuti, Belluno tra le meno care d'Italia. Massaro: \\\"la prossima sfida sar\u00e0 quella del decoro e dei servizi\\\" - Bellunopress - Dolomiti\",\"isPartOf\":{\"@id\":\"https:\\\/\\\/www.bellunopress.it\\\/#website\"},\"primaryImageOfPage\":{\"@id\":\"https:\\\/\\\/www.bellunopress.it\\\/2019\\\/11\\\/20\\\/tariffa-rifiuti-belluno-tra-le-meno-care-ditalia-massaro-la-prossima-sfida-sara-quella-del-decoro-e-dei-servizi\\\/#primaryimage\"},\"image\":{\"@id\":\"https:\\\/\\\/www.bellunopress.it\\\/2019\\\/11\\\/20\\\/tariffa-rifiuti-belluno-tra-le-meno-care-ditalia-massaro-la-prossima-sfida-sara-quella-del-decoro-e-dei-servizi\\\/#primaryimage\"},\"thumbnailUrl\":\"http:\\\/\\\/www.bellunopress.it\\\/wp-content\\\/uploads\\\/2017\\\/11\\\/jacopo-massaro.jpg\",\"datePublished\":\"2019-11-20T18:50:43+00:00\",\"breadcrumb\":{\"@id\":\"https:\\\/\\\/www.bellunopress.it\\\/2019\\\/11\\\/20\\\/tariffa-rifiuti-belluno-tra-le-meno-care-ditalia-massaro-la-prossima-sfida-sara-quella-del-decoro-e-dei-servizi\\\/#breadcrumb\"},\"inLanguage\":\"fr-FR\",\"potentialAction\":[{\"@type\":\"ReadAction\",\"target\":[\"https:\\\/\\\/www.bellunopress.it\\\/2019\\\/11\\\/20\\\/tariffa-rifiuti-belluno-tra-le-meno-care-ditalia-massaro-la-prossima-sfida-sara-quella-del-decoro-e-dei-servizi\\\/\"]}]},{\"@type\":\"ImageObject\",\"inLanguage\":\"fr-FR\",\"@id\":\"https:\\\/\\\/www.bellunopress.it\\\/2019\\\/11\\\/20\\\/tariffa-rifiuti-belluno-tra-le-meno-care-ditalia-massaro-la-prossima-sfida-sara-quella-del-decoro-e-dei-servizi\\\/#primaryimage\",\"url\":\"http:\\\/\\\/www.bellunopress.it\\\/wp-content\\\/uploads\\\/2017\\\/11\\\/jacopo-massaro.jpg\",\"contentUrl\":\"http:\\\/\\\/www.bellunopress.it\\\/wp-content\\\/uploads\\\/2017\\\/11\\\/jacopo-massaro.jpg\"},{\"@type\":\"BreadcrumbList\",\"@id\":\"https:\\\/\\\/www.bellunopress.it\\\/2019\\\/11\\\/20\\\/tariffa-rifiuti-belluno-tra-le-meno-care-ditalia-massaro-la-prossima-sfida-sara-quella-del-decoro-e-dei-servizi\\\/#breadcrumb\",\"itemListElement\":[{\"@type\":\"ListItem\",\"position\":1,\"name\":\"Home\",\"item\":\"https:\\\/\\\/www.bellunopress.it\\\/\"},{\"@type\":\"ListItem\",\"position\":2,\"name\":\"Tariffa rifiuti, Belluno tra le meno care d&#8217;Italia. Massaro: &#8220;la prossima sfida sar\u00e0 quella del decoro e dei servizi&#8221;\"}]},{\"@type\":\"WebSite\",\"@id\":\"https:\\\/\\\/www.bellunopress.it\\\/#website\",\"url\":\"https:\\\/\\\/www.bellunopress.it\\\/\",\"name\":\"Bellunopress - Dolomiti\",\"description\":\"e-mail: redazione@bellunopress.it\",\"publisher\":{\"@id\":\"https:\\\/\\\/www.bellunopress.it\\\/#organization\"},\"potentialAction\":[{\"@type\":\"SearchAction\",\"target\":{\"@type\":\"EntryPoint\",\"urlTemplate\":\"https:\\\/\\\/www.bellunopress.it\\\/?s={search_term_string}\"},\"query-input\":{\"@type\":\"PropertyValueSpecification\",\"valueRequired\":true,\"valueName\":\"search_term_string\"}}],\"inLanguage\":\"fr-FR\"},{\"@type\":\"Organization\",\"@id\":\"https:\\\/\\\/www.bellunopress.it\\\/#organization\",\"name\":\"Bellunopress\",\"url\":\"https:\\\/\\\/www.bellunopress.it\\\/\",\"logo\":{\"@type\":\"ImageObject\",\"inLanguage\":\"fr-FR\",\"@id\":\"https:\\\/\\\/www.bellunopress.it\\\/#\\\/schema\\\/logo\\\/image\\\/\",\"url\":\"https:\\\/\\\/www.bellunopress.it\\\/wp-content\\\/uploads\\\/2011\\\/05\\\/cropped-logo-bellunopress-.jpg\",\"contentUrl\":\"https:\\\/\\\/www.bellunopress.it\\\/wp-content\\\/uploads\\\/2011\\\/05\\\/cropped-logo-bellunopress-.jpg\",\"width\":512,\"height\":512,\"caption\":\"Bellunopress\"},\"image\":{\"@id\":\"https:\\\/\\\/www.bellunopress.it\\\/#\\\/schema\\\/logo\\\/image\\\/\"},\"sameAs\":[\"https:\\\/\\\/www.facebook.com\\\/profile.php?id=100008943462799\",\"https:\\\/\\\/x.com\\\/bellunopress\",\"https:\\\/\\\/www.linkedin.com\\\/hp\\\/?dnr=JBzUWaJfMUw8vbXJJ2tVW5-I3jZKvC4wsoxE&amp;amp;amp;amp;amp;amp;trk=nav_responsive_tab_home\",\"https:\\\/\\\/www.youtube.com\\\/channel\\\/UCxL0wu1uN0_3_7hGG0306cw\"]},{\"@type\":\"Person\",\"@id\":\"https:\\\/\\\/www.bellunopress.it\\\/#\\\/schema\\\/person\\\/79bb06722b37ece1c03d3e94beb30d73\",\"name\":\"redazione\",\"image\":{\"@type\":\"ImageObject\",\"inLanguage\":\"fr-FR\",\"@id\":\"https:\\\/\\\/secure.gravatar.com\\\/avatar\\\/37d968a2e67a6fd04c169c4bdef102d0bc5d31b2546345219e348575eb80e9a0?s=96&d=mm&r=g\",\"url\":\"https:\\\/\\\/secure.gravatar.com\\\/avatar\\\/37d968a2e67a6fd04c169c4bdef102d0bc5d31b2546345219e348575eb80e9a0?s=96&d=mm&r=g\",\"contentUrl\":\"https:\\\/\\\/secure.gravatar.com\\\/avatar\\\/37d968a2e67a6fd04c169c4bdef102d0bc5d31b2546345219e348575eb80e9a0?s=96&d=mm&r=g\",\"caption\":\"redazione\"},\"sameAs\":[\"http:\\\/\\\/www.bellunopress.it\",\"https:\\\/\\\/x.com\\\/bellunopress\"],\"url\":\"https:\\\/\\\/www.bellunopress.it\\\/fr\\\/author\\\/redazione\\\/\"}]}<\/script>\n<!-- \/ Yoast SEO plugin. -->","yoast_head_json":{"title":"Tariffa rifiuti, Belluno tra le meno care d'Italia. Massaro: \"la prossima sfida sar\u00e0 quella del decoro e dei servizi\" - Bellunopress - Dolomiti","robots":{"index":"index","follow":"follow","max-snippet":"max-snippet:-1","max-image-preview":"max-image-preview:large","max-video-preview":"max-video-preview:-1"},"canonical":"https:\/\/www.bellunopress.it\/fr\/2019\/11\/20\/tariffa-rifiuti-belluno-tra-le-meno-care-ditalia-massaro-la-prossima-sfida-sara-quella-del-decoro-e-dei-servizi\/","og_locale":"fr_FR","og_type":"article","og_title":"Tariffa rifiuti, Belluno tra le meno care d'Italia. Massaro: \"la prossima sfida sar\u00e0 quella del decoro e dei servizi\" - Bellunopress - Dolomiti","og_description":"La terza tariffa rifiuti meno cara d&#8217;Italia, la pi\u00f9 economica in Veneto: Belluno si piazza sul podio della classifica realizzata dall&#8217; \u201cOsservatorio prezzi e tariffe\u201d di Cittadinanzattiva. Lo studio prende come caso-tipo una famiglia di tre persone con una casa di propriet\u00e0 di 100 metri quadri: a Belluno, si spendono 168 euro all&#8217;anno; meglio solo [&hellip;]","og_url":"https:\/\/www.bellunopress.it\/fr\/2019\/11\/20\/tariffa-rifiuti-belluno-tra-le-meno-care-ditalia-massaro-la-prossima-sfida-sara-quella-del-decoro-e-dei-servizi\/","og_site_name":"Bellunopress - Dolomiti","article_publisher":"https:\/\/www.facebook.com\/profile.php?id=100008943462799","article_published_time":"2019-11-20T18:50:43+00:00","og_image":[{"url":"http:\/\/www.bellunopress.it\/wp-content\/uploads\/2017\/11\/jacopo-massaro.jpg","type":"","width":"","height":""}],"author":"redazione","twitter_card":"summary_large_image","twitter_creator":"@bellunopress","twitter_site":"@bellunopress","twitter_misc":{"Written by":"redazione","Est. reading time":"1 minute"},"schema":{"@context":"https:\/\/schema.org","@graph":[{"@type":"Article","@id":"https:\/\/www.bellunopress.it\/2019\/11\/20\/tariffa-rifiuti-belluno-tra-le-meno-care-ditalia-massaro-la-prossima-sfida-sara-quella-del-decoro-e-dei-servizi\/#article","isPartOf":{"@id":"https:\/\/www.bellunopress.it\/2019\/11\/20\/tariffa-rifiuti-belluno-tra-le-meno-care-ditalia-massaro-la-prossima-sfida-sara-quella-del-decoro-e-dei-servizi\/"},"author":{"name":"redazione","@id":"https:\/\/www.bellunopress.it\/#\/schema\/person\/79bb06722b37ece1c03d3e94beb30d73"},"headline":"Tariffa rifiuti, Belluno tra le meno care d&#8217;Italia. Massaro: &#8220;la prossima sfida sar\u00e0 quella del decoro e dei servizi&#8221;","datePublished":"2019-11-20T18:50:43+00:00","mainEntityOfPage":{"@id":"https:\/\/www.bellunopress.it\/2019\/11\/20\/tariffa-rifiuti-belluno-tra-le-meno-care-ditalia-massaro-la-prossima-sfida-sara-quella-del-decoro-e-dei-servizi\/"},"wordCount":324,"publisher":{"@id":"https:\/\/www.bellunopress.it\/#organization"},"image":{"@id":"https:\/\/www.bellunopress.it\/2019\/11\/20\/tariffa-rifiuti-belluno-tra-le-meno-care-ditalia-massaro-la-prossima-sfida-sara-quella-del-decoro-e-dei-servizi\/#primaryimage"},"thumbnailUrl":"http:\/\/www.bellunopress.it\/wp-content\/uploads\/2017\/11\/jacopo-massaro.jpg","articleSection":["Cronaca\/Politica","Prima Pagina"],"inLanguage":"fr-FR"},{"@type":"WebPage","@id":"https:\/\/www.bellunopress.it\/2019\/11\/20\/tariffa-rifiuti-belluno-tra-le-meno-care-ditalia-massaro-la-prossima-sfida-sara-quella-del-decoro-e-dei-servizi\/","url":"https:\/\/www.bellunopress.it\/2019\/11\/20\/tariffa-rifiuti-belluno-tra-le-meno-care-ditalia-massaro-la-prossima-sfida-sara-quella-del-decoro-e-dei-servizi\/","name":"Tariffa rifiuti, Belluno tra le meno care d'Italia. Massaro: \"la prossima sfida sar\u00e0 quella del decoro e dei servizi\" - Bellunopress - Dolomiti","isPartOf":{"@id":"https:\/\/www.bellunopress.it\/#website"},"primaryImageOfPage":{"@id":"https:\/\/www.bellunopress.it\/2019\/11\/20\/tariffa-rifiuti-belluno-tra-le-meno-care-ditalia-massaro-la-prossima-sfida-sara-quella-del-decoro-e-dei-servizi\/#primaryimage"},"image":{"@id":"https:\/\/www.bellunopress.it\/2019\/11\/20\/tariffa-rifiuti-belluno-tra-le-meno-care-ditalia-massaro-la-prossima-sfida-sara-quella-del-decoro-e-dei-servizi\/#primaryimage"},"thumbnailUrl":"http:\/\/www.bellunopress.it\/wp-content\/uploads\/2017\/11\/jacopo-massaro.jpg","datePublished":"2019-11-20T18:50:43+00:00","breadcrumb":{"@id":"https:\/\/www.bellunopress.it\/2019\/11\/20\/tariffa-rifiuti-belluno-tra-le-meno-care-ditalia-massaro-la-prossima-sfida-sara-quella-del-decoro-e-dei-servizi\/#breadcrumb"},"inLanguage":"fr-FR","potentialAction":[{"@type":"ReadAction","target":["https:\/\/www.bellunopress.it\/2019\/11\/20\/tariffa-rifiuti-belluno-tra-le-meno-care-ditalia-massaro-la-prossima-sfida-sara-quella-del-decoro-e-dei-servizi\/"]}]},{"@type":"ImageObject","inLanguage":"fr-FR","@id":"https:\/\/www.bellunopress.it\/2019\/11\/20\/tariffa-rifiuti-belluno-tra-le-meno-care-ditalia-massaro-la-prossima-sfida-sara-quella-del-decoro-e-dei-servizi\/#primaryimage","url":"http:\/\/www.bellunopress.it\/wp-content\/uploads\/2017\/11\/jacopo-massaro.jpg","contentUrl":"http:\/\/www.bellunopress.it\/wp-content\/uploads\/2017\/11\/jacopo-massaro.jpg"},{"@type":"BreadcrumbList","@id":"https:\/\/www.bellunopress.it\/2019\/11\/20\/tariffa-rifiuti-belluno-tra-le-meno-care-ditalia-massaro-la-prossima-sfida-sara-quella-del-decoro-e-dei-servizi\/#breadcrumb","itemListElement":[{"@type":"ListItem","position":1,"name":"Home","item":"https:\/\/www.bellunopress.it\/"},{"@type":"ListItem","position":2,"name":"Tariffa rifiuti, Belluno tra le meno care d&#8217;Italia. Massaro: &#8220;la prossima sfida sar\u00e0 quella del decoro e dei servizi&#8221;"}]},{"@type":"WebSite","@id":"https:\/\/www.bellunopress.it\/#website","url":"https:\/\/www.bellunopress.it\/","name":"Bellunopress - Dolomiti","description":"e-mail: redazione@bellunopress.it","publisher":{"@id":"https:\/\/www.bellunopress.it\/#organization"},"potentialAction":[{"@type":"SearchAction","target":{"@type":"EntryPoint","urlTemplate":"https:\/\/www.bellunopress.it\/?s={search_term_string}"},"query-input":{"@type":"PropertyValueSpecification","valueRequired":true,"valueName":"search_term_string"}}],"inLanguage":"fr-FR"},{"@type":"Organization","@id":"https:\/\/www.bellunopress.it\/#organization","name":"Bellunopress","url":"https:\/\/www.bellunopress.it\/","logo":{"@type":"ImageObject","inLanguage":"fr-FR","@id":"https:\/\/www.bellunopress.it\/#\/schema\/logo\/image\/","url":"https:\/\/www.bellunopress.it\/wp-content\/uploads\/2011\/05\/cropped-logo-bellunopress-.jpg","contentUrl":"https:\/\/www.bellunopress.it\/wp-content\/uploads\/2011\/05\/cropped-logo-bellunopress-.jpg","width":512,"height":512,"caption":"Bellunopress"},"image":{"@id":"https:\/\/www.bellunopress.it\/#\/schema\/logo\/image\/"},"sameAs":["https:\/\/www.facebook.com\/profile.php?id=100008943462799","https:\/\/x.com\/bellunopress","https:\/\/www.linkedin.com\/hp\/?dnr=JBzUWaJfMUw8vbXJJ2tVW5-I3jZKvC4wsoxE&amp;amp;amp;amp;amp;amp;trk=nav_responsive_tab_home","https:\/\/www.youtube.com\/channel\/UCxL0wu1uN0_3_7hGG0306cw"]},{"@type":"Person","@id":"https:\/\/www.bellunopress.it\/#\/schema\/person\/79bb06722b37ece1c03d3e94beb30d73","name":"r\u00e9daction","image":{"@type":"ImageObject","inLanguage":"fr-FR","@id":"https:\/\/secure.gravatar.com\/avatar\/37d968a2e67a6fd04c169c4bdef102d0bc5d31b2546345219e348575eb80e9a0?s=96&d=mm&r=g","url":"https:\/\/secure.gravatar.com\/avatar\/37d968a2e67a6fd04c169c4bdef102d0bc5d31b2546345219e348575eb80e9a0?s=96&d=mm&r=g","contentUrl":"https:\/\/secure.gravatar.com\/avatar\/37d968a2e67a6fd04c169c4bdef102d0bc5d31b2546345219e348575eb80e9a0?s=96&d=mm&r=g","caption":"redazione"},"sameAs":["http:\/\/www.bellunopress.it","https:\/\/x.com\/bellunopress"],"url":"https:\/\/www.bellunopress.it\/fr\/author\/redazione\/"}]}},"_links":{"self":[{"href":"https:\/\/www.bellunopress.it\/fr\/wp-json\/wp\/v2\/posts\/109796","targetHints":{"allow":["GET"]}}],"collection":[{"href":"https:\/\/www.bellunopress.it\/fr\/wp-json\/wp\/v2\/posts"}],"about":[{"href":"https:\/\/www.bellunopress.it\/fr\/wp-json\/wp\/v2\/types\/post"}],"author":[{"embeddable":true,"href":"https:\/\/www.bellunopress.it\/fr\/wp-json\/wp\/v2\/users\/2"}],"replies":[{"embeddable":true,"href":"https:\/\/www.bellunopress.it\/fr\/wp-json\/wp\/v2\/comments?post=109796"}],"version-history":[{"count":1,"href":"https:\/\/www.bellunopress.it\/fr\/wp-json\/wp\/v2\/posts\/109796\/revisions"}],"predecessor-version":[{"id":109797,"href":"https:\/\/www.bellunopress.it\/fr\/wp-json\/wp\/v2\/posts\/109796\/revisions\/109797"}],"wp:attachment":[{"href":"https:\/\/www.bellunopress.it\/fr\/wp-json\/wp\/v2\/media?parent=109796"}],"wp:term":[{"taxonomy":"category","embeddable":true,"href":"https:\/\/www.bellunopress.it\/fr\/wp-json\/wp\/v2\/categories?post=109796"},{"taxonomy":"post_tag","embeddable":true,"href":"https:\/\/www.bellunopress.it\/fr\/wp-json\/wp\/v2\/tags?post=109796"}],"curies":[{"name":"wp","href":"https:\/\/api.w.org\/{rel}","templated":true}]}}