{"id":109794,"date":"2019-11-20T18:49:08","date_gmt":"2019-11-20T17:49:08","guid":{"rendered":"http:\/\/www.bellunopress.it\/?p=109794"},"modified":"2019-11-20T18:49:08","modified_gmt":"2019-11-20T17:49:08","slug":"peggioramento-del-servizio-di-elettrocardiogramma-de-carli-esame-solo-su-appuntamento-e-ritiro-dellesito-in-un-secondo-passaggio-in-ambulatorio","status":"publish","type":"post","link":"https:\/\/www.bellunopress.it\/fr\/2019\/11\/20\/peggioramento-del-servizio-di-elettrocardiogramma-de-carli-esame-solo-su-appuntamento-e-ritiro-dellesito-in-un-secondo-passaggio-in-ambulatorio\/","title":{"rendered":"Peggioramento del servizio di elettrocardiogramma. De Carli: esame solo su appuntamento, e ritiro dell&#8217;esito in un secondo passaggio in ambulatorio"},"content":{"rendered":"<figure id=\"attachment_78991\" aria-describedby=\"caption-attachment-78991\" style=\"width: 140px\" class=\"wp-caption alignleft\"><a href=\"http:\/\/www.bellunopress.it\/fr\/2016\/07\/07\/veneto-strade-ipotesi-cessione-parte-della-rete-viaria-ad-anas-de-carli-fontana-cgil-nessuna-certezza-la-viabilita-ne-futuro-dei-lavoratori\/mauro-de-carli-cgil\/\" rel=\"attachment wp-att-78991\"><img loading=\"lazy\" decoding=\"async\" class=\"size-full wp-image-78991\" src=\"http:\/\/www.bellunopress.it\/wp-content\/uploads\/2016\/07\/mauro-de-carli-cgil.jpg\" alt=\"\" width=\"140\" height=\"188\" \/><\/a><figcaption id=\"caption-attachment-78991\" class=\"wp-caption-text\">Mauro De Carli &#8211; Segretario generale Cgil Belluno<\/figcaption><\/figure>\n<p>&#8220;A pochi giorni di distanza dall\u2019incontro con la direzione Ulss 1 Dolomiti in cui abbiamo chiesto maggiori garanzie sia per la tenuta del sistema ospedaliero, che per il grado di attenzione nei confronti del cittadino, in particolare modo se anziano, veniamo a conoscenza di una nuova modifica del servizio di prevenzione e diagnostica che ci pone in dubbio sul grado di gestione futura che potr\u00e0 essere messo in campo nella Ulss stessa.<\/p>\n<p>Lo fa presente Mauro De Carli, segretario generale della Cgil di Belluno.<\/p>\n<p>&#8220;Alcuni nostri associati, semplici cittadini del territorio &#8211; prosegue De Cali &#8211;\u00a0 ci hanno avvisato che l\u2019esame di elettrocardiogramma al San Martino di Belluno, fino a poco fa eseguito in libero accesso dopo prescrizione del medico di base, ora viene eseguito su appuntamento e l\u2019esito verrebbe consegnato solo dopo attesa, nello specifico nel pomeriggio, comportando per l\u2019utente un secondo passaggio in ambulatorio.<\/p>\n<p>Allo stesso Cup non sarebbero informati di questa nuova procedura e pertanto nessuno viene avvisato. Contestiamo questa metodologia organizzativa sia perch\u00e9 banalmente comporta maggiori costi e disguidi per i pazienti, molti dei quali senza disponibilit\u00e0 di tempo o di mezzi di trasporto, sia perch\u00e9 avevamo proprio recentemente chiesto che l\u2019organizzazione complessiva della Ulss avesse a riguardo una maggiore attenzione nel gestire appuntamenti e visite specialistiche il pi\u00f9 vicino possibile alle residenze dei pazienti, evitando loro viaggi e richieste di assistenza ai familiari. La nostra richiesta guarda ai pazienti anziani, i pi\u00f9 penalizzati dai cambiamenti di qualsiasi servizio, quelli che vedono con ansia il venir meno della tutela sanitaria nel territorio vicino, che in taluni casi sono costretti a rinunciare alla prevenzione perch\u00e9 in difficolt\u00e0 nel raggiungere i luoghi di cura.<\/p>\n<p>Sappiamo bene in quali carenze di personale specializzato medico versi ora la struttura Ulss Veneta &#8211; prosegue De Cali &#8211;\u00a0 ed in particolare quella Bellunese, ma chiediamo che si pongano in essere tutte le misure atte per non penalizzare l\u2019utenza; gli esami con un quadro clinico normale possono essere anche spediti a casa, o tramite E-mail per chi dispone di posta elettronica, solo nei casi ritenuti preoccupanti si avvisi direttamente il medico di base perch\u00e9 intervenga prontamente con il proprio assistito. Servizio quest\u2019ultimo che risulta gi\u00e0 attivo.<br \/>\nAbbiamo sempre valorizzato l\u2019esperienza delle Medicine di Gruppo Integrate, che la regione Veneto porter\u00e0 ad esaurimento non perch\u00e9 inefficienti ma bens\u00ec costose, erano lo strumento ideale anche per questa situazione, per portare la prevenzione e la diagnostica di base nel territorio, nelle vallate, nei centri dispersi della provincia, compresa la lettura a distanza con gli specialisti degli esiti degli esami. Finita la sperimentazione dei 4 centri ora esistenti tutto questo verr\u00e0 sostituito da qualcosa che ancora non conosciamo.<\/p>\n<p>Infine &#8211; conclude il segretario generale della Cgil di Belluno &#8211;\u00a0 chiediamo veramente di poter conoscere, passo passo, anche i piccoli cambiamenti che si stanno operando dentro la ULSS 1 Dolomiti, non di conoscerli solo per il tramite dei nostri iscritti a seconda dei disguidi che questi mutamenti comportano; siamo in grado di portare elementi correttivi sui singoli provvedimenti, avendo coscienza dello stato di precariet\u00e0 in cui ora si sta muovendo la direzione strategica della ULSS, ma avendo quale obbiettivo la salvaguardia di quanti tra di noi versano in una difficolt\u00e0, che non sempre \u00e8 economica anzi spesso dipende dalla situazione sociale, demografica, viaria della nostra provincia&#8221;.<\/p>\n<p>&nbsp;<\/p>","protected":false},"excerpt":{"rendered":"<p>&#8220;A pochi giorni di distanza dall\u2019incontro con la direzione Ulss 1 Dolomiti in cui abbiamo chiesto maggiori garanzie sia per la tenuta del sistema ospedaliero, che per il grado di attenzione nei confronti del cittadino, in particolare modo se anziano, veniamo a conoscenza di una nuova modifica del servizio di prevenzione e diagnostica che ci [&hellip;]<\/p>\n","protected":false},"author":2,"featured_media":0,"comment_status":"closed","ping_status":"open","sticky":false,"template":"","format":"standard","meta":{"footnotes":""},"categories":[26,17,8],"tags":[],"class_list":["post-109794","post","type-post","status-publish","format-standard","category-prima-pagina","category-sanita","category-societa-istituzioni"],"yoast_head":"<!-- This site is optimized with the Yoast SEO plugin v28.4 - https:\/\/yoast.com\/product\/yoast-seo-wordpress\/ -->\n<title>Peggioramento del servizio di elettrocardiogramma. De Carli: esame solo su appuntamento, e ritiro dell&#039;esito in un secondo passaggio in ambulatorio - Bellunopress - Dolomiti<\/title>\n<meta name=\"robots\" content=\"index, follow, max-snippet:-1, max-image-preview:large, max-video-preview:-1\" \/>\n<link rel=\"canonical\" href=\"https:\/\/www.bellunopress.it\/fr\/2019\/11\/20\/peggioramento-del-servizio-di-elettrocardiogramma-de-carli-esame-solo-su-appuntamento-e-ritiro-dellesito-in-un-secondo-passaggio-in-ambulatorio\/\" \/>\n<meta property=\"og:locale\" content=\"fr_FR\" \/>\n<meta property=\"og:type\" content=\"article\" \/>\n<meta property=\"og:title\" content=\"Peggioramento del servizio di elettrocardiogramma. De Carli: esame solo su appuntamento, e ritiro dell&#039;esito in un secondo passaggio in ambulatorio - Bellunopress - Dolomiti\" \/>\n<meta property=\"og:description\" content=\"&#8220;A pochi giorni di distanza dall\u2019incontro con la direzione Ulss 1 Dolomiti in cui abbiamo chiesto maggiori garanzie sia per la tenuta del sistema ospedaliero, che per il grado di attenzione nei confronti del cittadino, in particolare modo se anziano, veniamo a conoscenza di una nuova modifica del servizio di prevenzione e diagnostica che ci [&hellip;]\" \/>\n<meta property=\"og:url\" content=\"https:\/\/www.bellunopress.it\/fr\/2019\/11\/20\/peggioramento-del-servizio-di-elettrocardiogramma-de-carli-esame-solo-su-appuntamento-e-ritiro-dellesito-in-un-secondo-passaggio-in-ambulatorio\/\" \/>\n<meta property=\"og:site_name\" content=\"Bellunopress - Dolomiti\" \/>\n<meta property=\"article:publisher\" content=\"https:\/\/www.facebook.com\/profile.php?id=100008943462799\" \/>\n<meta property=\"article:published_time\" content=\"2019-11-20T17:49:08+00:00\" \/>\n<meta property=\"og:image\" content=\"http:\/\/www.bellunopress.it\/wp-content\/uploads\/2016\/07\/mauro-de-carli-cgil.jpg\" \/>\n<meta name=\"author\" content=\"redazione\" \/>\n<meta name=\"twitter:card\" content=\"summary_large_image\" \/>\n<meta name=\"twitter:creator\" content=\"@bellunopress\" \/>\n<meta name=\"twitter:site\" content=\"@bellunopress\" \/>\n<meta name=\"twitter:label1\" content=\"\u00c9crit par\" \/>\n\t<meta name=\"twitter:data1\" content=\"redazione\" \/>\n\t<meta name=\"twitter:label2\" content=\"Dur\u00e9e de lecture estim\u00e9e\" \/>\n\t<meta name=\"twitter:data2\" content=\"3 minutes\" \/>\n<script type=\"application\/ld+json\" class=\"yoast-schema-graph\">{\"@context\":\"https:\\\/\\\/schema.org\",\"@graph\":[{\"@type\":\"Article\",\"@id\":\"https:\\\/\\\/www.bellunopress.it\\\/2019\\\/11\\\/20\\\/peggioramento-del-servizio-di-elettrocardiogramma-de-carli-esame-solo-su-appuntamento-e-ritiro-dellesito-in-un-secondo-passaggio-in-ambulatorio\\\/#article\",\"isPartOf\":{\"@id\":\"https:\\\/\\\/www.bellunopress.it\\\/2019\\\/11\\\/20\\\/peggioramento-del-servizio-di-elettrocardiogramma-de-carli-esame-solo-su-appuntamento-e-ritiro-dellesito-in-un-secondo-passaggio-in-ambulatorio\\\/\"},\"author\":{\"name\":\"redazione\",\"@id\":\"https:\\\/\\\/www.bellunopress.it\\\/#\\\/schema\\\/person\\\/79bb06722b37ece1c03d3e94beb30d73\"},\"headline\":\"Peggioramento del servizio di elettrocardiogramma. De Carli: esame solo su appuntamento, e ritiro dell&#8217;esito in un secondo passaggio in ambulatorio\",\"datePublished\":\"2019-11-20T17:49:08+00:00\",\"mainEntityOfPage\":{\"@id\":\"https:\\\/\\\/www.bellunopress.it\\\/2019\\\/11\\\/20\\\/peggioramento-del-servizio-di-elettrocardiogramma-de-carli-esame-solo-su-appuntamento-e-ritiro-dellesito-in-un-secondo-passaggio-in-ambulatorio\\\/\"},\"wordCount\":589,\"publisher\":{\"@id\":\"https:\\\/\\\/www.bellunopress.it\\\/#organization\"},\"image\":{\"@id\":\"https:\\\/\\\/www.bellunopress.it\\\/2019\\\/11\\\/20\\\/peggioramento-del-servizio-di-elettrocardiogramma-de-carli-esame-solo-su-appuntamento-e-ritiro-dellesito-in-un-secondo-passaggio-in-ambulatorio\\\/#primaryimage\"},\"thumbnailUrl\":\"http:\\\/\\\/www.bellunopress.it\\\/wp-content\\\/uploads\\\/2016\\\/07\\\/mauro-de-carli-cgil.jpg\",\"articleSection\":[\"Prima Pagina\",\"Sanit\u00e0 Medicina\",\"Societ\u00e0, Associazioni, Istituzioni\"],\"inLanguage\":\"fr-FR\"},{\"@type\":\"WebPage\",\"@id\":\"https:\\\/\\\/www.bellunopress.it\\\/2019\\\/11\\\/20\\\/peggioramento-del-servizio-di-elettrocardiogramma-de-carli-esame-solo-su-appuntamento-e-ritiro-dellesito-in-un-secondo-passaggio-in-ambulatorio\\\/\",\"url\":\"https:\\\/\\\/www.bellunopress.it\\\/2019\\\/11\\\/20\\\/peggioramento-del-servizio-di-elettrocardiogramma-de-carli-esame-solo-su-appuntamento-e-ritiro-dellesito-in-un-secondo-passaggio-in-ambulatorio\\\/\",\"name\":\"Peggioramento del servizio di elettrocardiogramma. De Carli: esame solo su appuntamento, e ritiro dell'esito in un secondo passaggio in ambulatorio - Bellunopress - Dolomiti\",\"isPartOf\":{\"@id\":\"https:\\\/\\\/www.bellunopress.it\\\/#website\"},\"primaryImageOfPage\":{\"@id\":\"https:\\\/\\\/www.bellunopress.it\\\/2019\\\/11\\\/20\\\/peggioramento-del-servizio-di-elettrocardiogramma-de-carli-esame-solo-su-appuntamento-e-ritiro-dellesito-in-un-secondo-passaggio-in-ambulatorio\\\/#primaryimage\"},\"image\":{\"@id\":\"https:\\\/\\\/www.bellunopress.it\\\/2019\\\/11\\\/20\\\/peggioramento-del-servizio-di-elettrocardiogramma-de-carli-esame-solo-su-appuntamento-e-ritiro-dellesito-in-un-secondo-passaggio-in-ambulatorio\\\/#primaryimage\"},\"thumbnailUrl\":\"http:\\\/\\\/www.bellunopress.it\\\/wp-content\\\/uploads\\\/2016\\\/07\\\/mauro-de-carli-cgil.jpg\",\"datePublished\":\"2019-11-20T17:49:08+00:00\",\"breadcrumb\":{\"@id\":\"https:\\\/\\\/www.bellunopress.it\\\/2019\\\/11\\\/20\\\/peggioramento-del-servizio-di-elettrocardiogramma-de-carli-esame-solo-su-appuntamento-e-ritiro-dellesito-in-un-secondo-passaggio-in-ambulatorio\\\/#breadcrumb\"},\"inLanguage\":\"fr-FR\",\"potentialAction\":[{\"@type\":\"ReadAction\",\"target\":[\"https:\\\/\\\/www.bellunopress.it\\\/2019\\\/11\\\/20\\\/peggioramento-del-servizio-di-elettrocardiogramma-de-carli-esame-solo-su-appuntamento-e-ritiro-dellesito-in-un-secondo-passaggio-in-ambulatorio\\\/\"]}]},{\"@type\":\"ImageObject\",\"inLanguage\":\"fr-FR\",\"@id\":\"https:\\\/\\\/www.bellunopress.it\\\/2019\\\/11\\\/20\\\/peggioramento-del-servizio-di-elettrocardiogramma-de-carli-esame-solo-su-appuntamento-e-ritiro-dellesito-in-un-secondo-passaggio-in-ambulatorio\\\/#primaryimage\",\"url\":\"http:\\\/\\\/www.bellunopress.it\\\/wp-content\\\/uploads\\\/2016\\\/07\\\/mauro-de-carli-cgil.jpg\",\"contentUrl\":\"http:\\\/\\\/www.bellunopress.it\\\/wp-content\\\/uploads\\\/2016\\\/07\\\/mauro-de-carli-cgil.jpg\"},{\"@type\":\"BreadcrumbList\",\"@id\":\"https:\\\/\\\/www.bellunopress.it\\\/2019\\\/11\\\/20\\\/peggioramento-del-servizio-di-elettrocardiogramma-de-carli-esame-solo-su-appuntamento-e-ritiro-dellesito-in-un-secondo-passaggio-in-ambulatorio\\\/#breadcrumb\",\"itemListElement\":[{\"@type\":\"ListItem\",\"position\":1,\"name\":\"Home\",\"item\":\"https:\\\/\\\/www.bellunopress.it\\\/\"},{\"@type\":\"ListItem\",\"position\":2,\"name\":\"Peggioramento del servizio di elettrocardiogramma. De Carli: esame solo su appuntamento, e ritiro dell&#8217;esito in un secondo passaggio in ambulatorio\"}]},{\"@type\":\"WebSite\",\"@id\":\"https:\\\/\\\/www.bellunopress.it\\\/#website\",\"url\":\"https:\\\/\\\/www.bellunopress.it\\\/\",\"name\":\"Bellunopress - Dolomiti\",\"description\":\"e-mail: redazione@bellunopress.it\",\"publisher\":{\"@id\":\"https:\\\/\\\/www.bellunopress.it\\\/#organization\"},\"potentialAction\":[{\"@type\":\"SearchAction\",\"target\":{\"@type\":\"EntryPoint\",\"urlTemplate\":\"https:\\\/\\\/www.bellunopress.it\\\/?s={search_term_string}\"},\"query-input\":{\"@type\":\"PropertyValueSpecification\",\"valueRequired\":true,\"valueName\":\"search_term_string\"}}],\"inLanguage\":\"fr-FR\"},{\"@type\":\"Organization\",\"@id\":\"https:\\\/\\\/www.bellunopress.it\\\/#organization\",\"name\":\"Bellunopress\",\"url\":\"https:\\\/\\\/www.bellunopress.it\\\/\",\"logo\":{\"@type\":\"ImageObject\",\"inLanguage\":\"fr-FR\",\"@id\":\"https:\\\/\\\/www.bellunopress.it\\\/#\\\/schema\\\/logo\\\/image\\\/\",\"url\":\"https:\\\/\\\/www.bellunopress.it\\\/wp-content\\\/uploads\\\/2011\\\/05\\\/cropped-logo-bellunopress-.jpg\",\"contentUrl\":\"https:\\\/\\\/www.bellunopress.it\\\/wp-content\\\/uploads\\\/2011\\\/05\\\/cropped-logo-bellunopress-.jpg\",\"width\":512,\"height\":512,\"caption\":\"Bellunopress\"},\"image\":{\"@id\":\"https:\\\/\\\/www.bellunopress.it\\\/#\\\/schema\\\/logo\\\/image\\\/\"},\"sameAs\":[\"https:\\\/\\\/www.facebook.com\\\/profile.php?id=100008943462799\",\"https:\\\/\\\/x.com\\\/bellunopress\",\"https:\\\/\\\/www.linkedin.com\\\/hp\\\/?dnr=JBzUWaJfMUw8vbXJJ2tVW5-I3jZKvC4wsoxE&amp;amp;amp;amp;amp;amp;trk=nav_responsive_tab_home\",\"https:\\\/\\\/www.youtube.com\\\/channel\\\/UCxL0wu1uN0_3_7hGG0306cw\"]},{\"@type\":\"Person\",\"@id\":\"https:\\\/\\\/www.bellunopress.it\\\/#\\\/schema\\\/person\\\/79bb06722b37ece1c03d3e94beb30d73\",\"name\":\"redazione\",\"image\":{\"@type\":\"ImageObject\",\"inLanguage\":\"fr-FR\",\"@id\":\"https:\\\/\\\/secure.gravatar.com\\\/avatar\\\/37d968a2e67a6fd04c169c4bdef102d0bc5d31b2546345219e348575eb80e9a0?s=96&d=mm&r=g\",\"url\":\"https:\\\/\\\/secure.gravatar.com\\\/avatar\\\/37d968a2e67a6fd04c169c4bdef102d0bc5d31b2546345219e348575eb80e9a0?s=96&d=mm&r=g\",\"contentUrl\":\"https:\\\/\\\/secure.gravatar.com\\\/avatar\\\/37d968a2e67a6fd04c169c4bdef102d0bc5d31b2546345219e348575eb80e9a0?s=96&d=mm&r=g\",\"caption\":\"redazione\"},\"sameAs\":[\"http:\\\/\\\/www.bellunopress.it\",\"https:\\\/\\\/x.com\\\/bellunopress\"],\"url\":\"https:\\\/\\\/www.bellunopress.it\\\/fr\\\/author\\\/redazione\\\/\"}]}<\/script>\n<!-- \/ Yoast SEO plugin. -->","yoast_head_json":{"title":"Peggioramento del servizio di elettrocardiogramma. De Carli: esame solo su appuntamento, e ritiro dell'esito in un secondo passaggio in ambulatorio - Bellunopress - Dolomiti","robots":{"index":"index","follow":"follow","max-snippet":"max-snippet:-1","max-image-preview":"max-image-preview:large","max-video-preview":"max-video-preview:-1"},"canonical":"https:\/\/www.bellunopress.it\/fr\/2019\/11\/20\/peggioramento-del-servizio-di-elettrocardiogramma-de-carli-esame-solo-su-appuntamento-e-ritiro-dellesito-in-un-secondo-passaggio-in-ambulatorio\/","og_locale":"fr_FR","og_type":"article","og_title":"Peggioramento del servizio di elettrocardiogramma. De Carli: esame solo su appuntamento, e ritiro dell'esito in un secondo passaggio in ambulatorio - Bellunopress - Dolomiti","og_description":"&#8220;A pochi giorni di distanza dall\u2019incontro con la direzione Ulss 1 Dolomiti in cui abbiamo chiesto maggiori garanzie sia per la tenuta del sistema ospedaliero, che per il grado di attenzione nei confronti del cittadino, in particolare modo se anziano, veniamo a conoscenza di una nuova modifica del servizio di prevenzione e diagnostica che ci [&hellip;]","og_url":"https:\/\/www.bellunopress.it\/fr\/2019\/11\/20\/peggioramento-del-servizio-di-elettrocardiogramma-de-carli-esame-solo-su-appuntamento-e-ritiro-dellesito-in-un-secondo-passaggio-in-ambulatorio\/","og_site_name":"Bellunopress - Dolomiti","article_publisher":"https:\/\/www.facebook.com\/profile.php?id=100008943462799","article_published_time":"2019-11-20T17:49:08+00:00","og_image":[{"url":"http:\/\/www.bellunopress.it\/wp-content\/uploads\/2016\/07\/mauro-de-carli-cgil.jpg","type":"","width":"","height":""}],"author":"redazione","twitter_card":"summary_large_image","twitter_creator":"@bellunopress","twitter_site":"@bellunopress","twitter_misc":{"\u00c9crit par":"redazione","Dur\u00e9e de lecture estim\u00e9e":"3 minutes"},"schema":{"@context":"https:\/\/schema.org","@graph":[{"@type":"Article","@id":"https:\/\/www.bellunopress.it\/2019\/11\/20\/peggioramento-del-servizio-di-elettrocardiogramma-de-carli-esame-solo-su-appuntamento-e-ritiro-dellesito-in-un-secondo-passaggio-in-ambulatorio\/#article","isPartOf":{"@id":"https:\/\/www.bellunopress.it\/2019\/11\/20\/peggioramento-del-servizio-di-elettrocardiogramma-de-carli-esame-solo-su-appuntamento-e-ritiro-dellesito-in-un-secondo-passaggio-in-ambulatorio\/"},"author":{"name":"redazione","@id":"https:\/\/www.bellunopress.it\/#\/schema\/person\/79bb06722b37ece1c03d3e94beb30d73"},"headline":"Peggioramento del servizio di elettrocardiogramma. De Carli: esame solo su appuntamento, e ritiro dell&#8217;esito in un secondo passaggio in ambulatorio","datePublished":"2019-11-20T17:49:08+00:00","mainEntityOfPage":{"@id":"https:\/\/www.bellunopress.it\/2019\/11\/20\/peggioramento-del-servizio-di-elettrocardiogramma-de-carli-esame-solo-su-appuntamento-e-ritiro-dellesito-in-un-secondo-passaggio-in-ambulatorio\/"},"wordCount":589,"publisher":{"@id":"https:\/\/www.bellunopress.it\/#organization"},"image":{"@id":"https:\/\/www.bellunopress.it\/2019\/11\/20\/peggioramento-del-servizio-di-elettrocardiogramma-de-carli-esame-solo-su-appuntamento-e-ritiro-dellesito-in-un-secondo-passaggio-in-ambulatorio\/#primaryimage"},"thumbnailUrl":"http:\/\/www.bellunopress.it\/wp-content\/uploads\/2016\/07\/mauro-de-carli-cgil.jpg","articleSection":["Prima Pagina","Sanit\u00e0 Medicina","Societ\u00e0, Associazioni, Istituzioni"],"inLanguage":"fr-FR"},{"@type":"WebPage","@id":"https:\/\/www.bellunopress.it\/2019\/11\/20\/peggioramento-del-servizio-di-elettrocardiogramma-de-carli-esame-solo-su-appuntamento-e-ritiro-dellesito-in-un-secondo-passaggio-in-ambulatorio\/","url":"https:\/\/www.bellunopress.it\/2019\/11\/20\/peggioramento-del-servizio-di-elettrocardiogramma-de-carli-esame-solo-su-appuntamento-e-ritiro-dellesito-in-un-secondo-passaggio-in-ambulatorio\/","name":"Peggioramento del servizio di elettrocardiogramma. De Carli: esame solo su appuntamento, e ritiro dell'esito in un secondo passaggio in ambulatorio - Bellunopress - Dolomiti","isPartOf":{"@id":"https:\/\/www.bellunopress.it\/#website"},"primaryImageOfPage":{"@id":"https:\/\/www.bellunopress.it\/2019\/11\/20\/peggioramento-del-servizio-di-elettrocardiogramma-de-carli-esame-solo-su-appuntamento-e-ritiro-dellesito-in-un-secondo-passaggio-in-ambulatorio\/#primaryimage"},"image":{"@id":"https:\/\/www.bellunopress.it\/2019\/11\/20\/peggioramento-del-servizio-di-elettrocardiogramma-de-carli-esame-solo-su-appuntamento-e-ritiro-dellesito-in-un-secondo-passaggio-in-ambulatorio\/#primaryimage"},"thumbnailUrl":"http:\/\/www.bellunopress.it\/wp-content\/uploads\/2016\/07\/mauro-de-carli-cgil.jpg","datePublished":"2019-11-20T17:49:08+00:00","breadcrumb":{"@id":"https:\/\/www.bellunopress.it\/2019\/11\/20\/peggioramento-del-servizio-di-elettrocardiogramma-de-carli-esame-solo-su-appuntamento-e-ritiro-dellesito-in-un-secondo-passaggio-in-ambulatorio\/#breadcrumb"},"inLanguage":"fr-FR","potentialAction":[{"@type":"ReadAction","target":["https:\/\/www.bellunopress.it\/2019\/11\/20\/peggioramento-del-servizio-di-elettrocardiogramma-de-carli-esame-solo-su-appuntamento-e-ritiro-dellesito-in-un-secondo-passaggio-in-ambulatorio\/"]}]},{"@type":"ImageObject","inLanguage":"fr-FR","@id":"https:\/\/www.bellunopress.it\/2019\/11\/20\/peggioramento-del-servizio-di-elettrocardiogramma-de-carli-esame-solo-su-appuntamento-e-ritiro-dellesito-in-un-secondo-passaggio-in-ambulatorio\/#primaryimage","url":"http:\/\/www.bellunopress.it\/wp-content\/uploads\/2016\/07\/mauro-de-carli-cgil.jpg","contentUrl":"http:\/\/www.bellunopress.it\/wp-content\/uploads\/2016\/07\/mauro-de-carli-cgil.jpg"},{"@type":"BreadcrumbList","@id":"https:\/\/www.bellunopress.it\/2019\/11\/20\/peggioramento-del-servizio-di-elettrocardiogramma-de-carli-esame-solo-su-appuntamento-e-ritiro-dellesito-in-un-secondo-passaggio-in-ambulatorio\/#breadcrumb","itemListElement":[{"@type":"ListItem","position":1,"name":"Home","item":"https:\/\/www.bellunopress.it\/"},{"@type":"ListItem","position":2,"name":"Peggioramento del servizio di elettrocardiogramma. De Carli: esame solo su appuntamento, e ritiro dell&#8217;esito in un secondo passaggio in ambulatorio"}]},{"@type":"WebSite","@id":"https:\/\/www.bellunopress.it\/#website","url":"https:\/\/www.bellunopress.it\/","name":"Bellunopress - Dolomiti","description":"e-mail: redazione@bellunopress.it","publisher":{"@id":"https:\/\/www.bellunopress.it\/#organization"},"potentialAction":[{"@type":"SearchAction","target":{"@type":"EntryPoint","urlTemplate":"https:\/\/www.bellunopress.it\/?s={search_term_string}"},"query-input":{"@type":"PropertyValueSpecification","valueRequired":true,"valueName":"search_term_string"}}],"inLanguage":"fr-FR"},{"@type":"Organization","@id":"https:\/\/www.bellunopress.it\/#organization","name":"Bellunopress","url":"https:\/\/www.bellunopress.it\/","logo":{"@type":"ImageObject","inLanguage":"fr-FR","@id":"https:\/\/www.bellunopress.it\/#\/schema\/logo\/image\/","url":"https:\/\/www.bellunopress.it\/wp-content\/uploads\/2011\/05\/cropped-logo-bellunopress-.jpg","contentUrl":"https:\/\/www.bellunopress.it\/wp-content\/uploads\/2011\/05\/cropped-logo-bellunopress-.jpg","width":512,"height":512,"caption":"Bellunopress"},"image":{"@id":"https:\/\/www.bellunopress.it\/#\/schema\/logo\/image\/"},"sameAs":["https:\/\/www.facebook.com\/profile.php?id=100008943462799","https:\/\/x.com\/bellunopress","https:\/\/www.linkedin.com\/hp\/?dnr=JBzUWaJfMUw8vbXJJ2tVW5-I3jZKvC4wsoxE&amp;amp;amp;amp;amp;amp;trk=nav_responsive_tab_home","https:\/\/www.youtube.com\/channel\/UCxL0wu1uN0_3_7hGG0306cw"]},{"@type":"Person","@id":"https:\/\/www.bellunopress.it\/#\/schema\/person\/79bb06722b37ece1c03d3e94beb30d73","name":"r\u00e9daction","image":{"@type":"ImageObject","inLanguage":"fr-FR","@id":"https:\/\/secure.gravatar.com\/avatar\/37d968a2e67a6fd04c169c4bdef102d0bc5d31b2546345219e348575eb80e9a0?s=96&d=mm&r=g","url":"https:\/\/secure.gravatar.com\/avatar\/37d968a2e67a6fd04c169c4bdef102d0bc5d31b2546345219e348575eb80e9a0?s=96&d=mm&r=g","contentUrl":"https:\/\/secure.gravatar.com\/avatar\/37d968a2e67a6fd04c169c4bdef102d0bc5d31b2546345219e348575eb80e9a0?s=96&d=mm&r=g","caption":"redazione"},"sameAs":["http:\/\/www.bellunopress.it","https:\/\/x.com\/bellunopress"],"url":"https:\/\/www.bellunopress.it\/fr\/author\/redazione\/"}]}},"_links":{"self":[{"href":"https:\/\/www.bellunopress.it\/fr\/wp-json\/wp\/v2\/posts\/109794","targetHints":{"allow":["GET"]}}],"collection":[{"href":"https:\/\/www.bellunopress.it\/fr\/wp-json\/wp\/v2\/posts"}],"about":[{"href":"https:\/\/www.bellunopress.it\/fr\/wp-json\/wp\/v2\/types\/post"}],"author":[{"embeddable":true,"href":"https:\/\/www.bellunopress.it\/fr\/wp-json\/wp\/v2\/users\/2"}],"replies":[{"embeddable":true,"href":"https:\/\/www.bellunopress.it\/fr\/wp-json\/wp\/v2\/comments?post=109794"}],"version-history":[{"count":1,"href":"https:\/\/www.bellunopress.it\/fr\/wp-json\/wp\/v2\/posts\/109794\/revisions"}],"predecessor-version":[{"id":109795,"href":"https:\/\/www.bellunopress.it\/fr\/wp-json\/wp\/v2\/posts\/109794\/revisions\/109795"}],"wp:attachment":[{"href":"https:\/\/www.bellunopress.it\/fr\/wp-json\/wp\/v2\/media?parent=109794"}],"wp:term":[{"taxonomy":"category","embeddable":true,"href":"https:\/\/www.bellunopress.it\/fr\/wp-json\/wp\/v2\/categories?post=109794"},{"taxonomy":"post_tag","embeddable":true,"href":"https:\/\/www.bellunopress.it\/fr\/wp-json\/wp\/v2\/tags?post=109794"}],"curies":[{"name":"wp","href":"https:\/\/api.w.org\/{rel}","templated":true}]}}