{"id":109792,"date":"2019-11-20T18:36:49","date_gmt":"2019-11-20T17:36:49","guid":{"rendered":"http:\/\/www.bellunopress.it\/?p=109792"},"modified":"2019-11-20T18:36:49","modified_gmt":"2019-11-20T17:36:49","slug":"meteo-miglioramento-ancora-attenzione-sulle-zone-montane-bellunesi-e-delta-del-pom","status":"publish","type":"post","link":"https:\/\/www.bellunopress.it\/fr\/2019\/11\/20\/meteo-miglioramento-ancora-attenzione-sulle-zone-montane-bellunesi-e-delta-del-pom\/","title":{"rendered":"Meteo. Miglioramento, ancora attenzione sulle zone montane bellunesi e delta del Pom"},"content":{"rendered":"<p><a href=\"http:\/\/www.bellunopress.it\/fr\/2012\/02\/09\/meteo-veneto-stato-di-attenzione-per-probabili-nevicate-fino-a-domenica-mattina\/protezione-civile-veneto\/\" rel=\"attachment wp-att-34952\"><img loading=\"lazy\" decoding=\"async\" class=\"alignleft size-full wp-image-34952\" src=\"http:\/\/www.bellunopress.it\/wp-content\/uploads\/2012\/02\/protezione-civile-veneto.jpg\" alt=\"\" width=\"140\" height=\"140\" \/><\/a>Venezia, 20 novembre 2019\u00a0 &#8211;\u00a0\u00a0Il Centro funzionale decentrato della Protezione Civile del Veneto, sulla base del bollettino di vigilanza regionale, e tenuto conto che nelle ultime 24 ore sono state registrate precipitazioni moderate ma non sono state segnalate situazioni di criticit\u00e0 ha emesso un aggiornamento dell\u2019avviso di criticit\u00e0 idrogeologica ed idraulica.<\/p>\n<p><strong>Per la giornata di oggi, 20 novembre 2019, viene decretata:<\/strong><br \/>\nmoderata criticit\u00e0 per rischio idraulico (allerta arancione) per i bacini Po, Fissero-Tartaro-Canalbianco e Basso Adige (Verona-Rovigo);<br \/>\nordinaria criticit\u00e0 per rischio idraulico (allerta gialla) per Livenza, Lemene e Tagliamento, Alto Brenta-Bacchiglione-Alpone, Basso Brenta-Bacchiglione e Fratta Gorzone;<br \/>\nordinaria criticit\u00e0 per rischio idrogeologico (allerta gialla) per Piave pedemontano, Livenza, Lemene e Tagliamento, Alto Brenta-Bacchiglione-Alpone, Alto Piave, Adige-Garda e monti Lessini, Basso Piave, Sile e Bacino scolante in laguna, Basso Brenta-Bacchiglione e Fratta Gorzone<\/p>\n<p><strong>Per la giornata di domani, gioved\u00ec 21 novembre 2019, si decreta:<\/strong><br \/>\nmoderata criticit\u00e0 per rischio idraulico (allerta arancione) per Po, Fissero-Tartaro-Canalbianco e Basso Adige;<br \/>\nordinaria criticit\u00e0 per rischio idraulico (allerta gialla) per Alto Brenta-Bacchiglione-Alpone, Livenza, Lemene e Tagliamento, Basso Brenta-Bacchiglione e Fratta Gorzone;<br \/>\nordinaria criticit\u00e0 per rischio idrogeologico (allerta gialla) per Alto Brenta-Bacchiglione-Alpone, Livenza, Lemene e Tagliamento, Alto Piave, Basso Piave, Sile e Bacino scolante in laguna, Basso Brenta-Bacchiglione e Fratta Gorzone, Adige-Garda e monti Lessini, Piave pedemontano<\/p>\n<p>Permane la situazione di criticit\u00e0 locale legata alla frana della Busa del Cristo in Comune di Perarolo di Cadore (BL).<br \/>\nLa criticit\u00e0 idraulica arancione in Vene-D (Po, Fissero-Tartaro-Canalbianco e Basso Adige) \u00e8 riferita solamente alle aree del Delta del Po interessate dalla propagazione dell&#8217;onda di piena del fiume; per gli altri comuni rivieraschi del Po la criticit\u00e0 idraulica \u00e8 da considerarsi gialla. Nei rimanenti comuni della zona di allerta Vene-D la criticit\u00e0 idraulica \u00e8 verde.<\/p>","protected":false},"excerpt":{"rendered":"<p>Venezia, 20 novembre 2019\u00a0 &#8211;\u00a0\u00a0Il Centro funzionale decentrato della Protezione Civile del Veneto, sulla base del bollettino di vigilanza regionale, e tenuto conto che nelle ultime 24 ore sono state registrate precipitazioni moderate ma non sono state segnalate situazioni di criticit\u00e0 ha emesso un aggiornamento dell\u2019avviso di criticit\u00e0 idrogeologica ed idraulica. Per la giornata di [&hellip;]<\/p>\n","protected":false},"author":2,"featured_media":0,"comment_status":"closed","ping_status":"open","sticky":false,"template":"","format":"standard","meta":{"footnotes":""},"categories":[38,26,8],"tags":[],"class_list":["post-109792","post","type-post","status-publish","format-standard","category-natura-ambiente","category-prima-pagina","category-societa-istituzioni"],"yoast_head":"<!-- This site is optimized with the Yoast SEO plugin v28.4 - https:\/\/yoast.com\/product\/yoast-seo-wordpress\/ -->\n<title>Meteo. Miglioramento, ancora attenzione sulle zone montane bellunesi e delta del Pom - Bellunopress - Dolomiti<\/title>\n<meta name=\"robots\" content=\"index, follow, max-snippet:-1, max-image-preview:large, max-video-preview:-1\" \/>\n<link rel=\"canonical\" href=\"https:\/\/www.bellunopress.it\/fr\/2019\/11\/20\/meteo-miglioramento-ancora-attenzione-sulle-zone-montane-bellunesi-e-delta-del-pom\/\" \/>\n<meta property=\"og:locale\" content=\"fr_FR\" \/>\n<meta property=\"og:type\" content=\"article\" \/>\n<meta property=\"og:title\" content=\"Meteo. Miglioramento, ancora attenzione sulle zone montane bellunesi e delta del Pom - Bellunopress - Dolomiti\" \/>\n<meta property=\"og:description\" content=\"Venezia, 20 novembre 2019\u00a0 &#8211;\u00a0\u00a0Il Centro funzionale decentrato della Protezione Civile del Veneto, sulla base del bollettino di vigilanza regionale, e tenuto conto che nelle ultime 24 ore sono state registrate precipitazioni moderate ma non sono state segnalate situazioni di criticit\u00e0 ha emesso un aggiornamento dell\u2019avviso di criticit\u00e0 idrogeologica ed idraulica. Per la giornata di [&hellip;]\" \/>\n<meta property=\"og:url\" content=\"https:\/\/www.bellunopress.it\/fr\/2019\/11\/20\/meteo-miglioramento-ancora-attenzione-sulle-zone-montane-bellunesi-e-delta-del-pom\/\" \/>\n<meta property=\"og:site_name\" content=\"Bellunopress - Dolomiti\" \/>\n<meta property=\"article:publisher\" content=\"https:\/\/www.facebook.com\/profile.php?id=100008943462799\" \/>\n<meta property=\"article:published_time\" content=\"2019-11-20T17:36:49+00:00\" \/>\n<meta property=\"og:image\" content=\"http:\/\/www.bellunopress.it\/wp-content\/uploads\/2012\/02\/protezione-civile-veneto.jpg\" \/>\n<meta name=\"author\" content=\"redazione\" \/>\n<meta name=\"twitter:card\" content=\"summary_large_image\" \/>\n<meta name=\"twitter:creator\" content=\"@bellunopress\" \/>\n<meta name=\"twitter:site\" content=\"@bellunopress\" \/>\n<meta name=\"twitter:label1\" content=\"Written by\" \/>\n\t<meta name=\"twitter:data1\" content=\"redazione\" \/>\n\t<meta name=\"twitter:label2\" content=\"Est. reading time\" \/>\n\t<meta name=\"twitter:data2\" content=\"1 minute\" \/>\n<script type=\"application\/ld+json\" class=\"yoast-schema-graph\">{\"@context\":\"https:\\\/\\\/schema.org\",\"@graph\":[{\"@type\":\"Article\",\"@id\":\"https:\\\/\\\/www.bellunopress.it\\\/2019\\\/11\\\/20\\\/meteo-miglioramento-ancora-attenzione-sulle-zone-montane-bellunesi-e-delta-del-pom\\\/#article\",\"isPartOf\":{\"@id\":\"https:\\\/\\\/www.bellunopress.it\\\/2019\\\/11\\\/20\\\/meteo-miglioramento-ancora-attenzione-sulle-zone-montane-bellunesi-e-delta-del-pom\\\/\"},\"author\":{\"name\":\"redazione\",\"@id\":\"https:\\\/\\\/www.bellunopress.it\\\/#\\\/schema\\\/person\\\/79bb06722b37ece1c03d3e94beb30d73\"},\"headline\":\"Meteo. Miglioramento, ancora attenzione sulle zone montane bellunesi e delta del Pom\",\"datePublished\":\"2019-11-20T17:36:49+00:00\",\"mainEntityOfPage\":{\"@id\":\"https:\\\/\\\/www.bellunopress.it\\\/2019\\\/11\\\/20\\\/meteo-miglioramento-ancora-attenzione-sulle-zone-montane-bellunesi-e-delta-del-pom\\\/\"},\"wordCount\":289,\"publisher\":{\"@id\":\"https:\\\/\\\/www.bellunopress.it\\\/#organization\"},\"image\":{\"@id\":\"https:\\\/\\\/www.bellunopress.it\\\/2019\\\/11\\\/20\\\/meteo-miglioramento-ancora-attenzione-sulle-zone-montane-bellunesi-e-delta-del-pom\\\/#primaryimage\"},\"thumbnailUrl\":\"http:\\\/\\\/www.bellunopress.it\\\/wp-content\\\/uploads\\\/2012\\\/02\\\/protezione-civile-veneto.jpg\",\"articleSection\":[\"Meteo, natura, ambiente, animali\",\"Prima Pagina\",\"Societ\u00e0, Associazioni, Istituzioni\"],\"inLanguage\":\"fr-FR\"},{\"@type\":\"WebPage\",\"@id\":\"https:\\\/\\\/www.bellunopress.it\\\/2019\\\/11\\\/20\\\/meteo-miglioramento-ancora-attenzione-sulle-zone-montane-bellunesi-e-delta-del-pom\\\/\",\"url\":\"https:\\\/\\\/www.bellunopress.it\\\/2019\\\/11\\\/20\\\/meteo-miglioramento-ancora-attenzione-sulle-zone-montane-bellunesi-e-delta-del-pom\\\/\",\"name\":\"Meteo. Miglioramento, ancora attenzione sulle zone montane bellunesi e delta del Pom - Bellunopress - Dolomiti\",\"isPartOf\":{\"@id\":\"https:\\\/\\\/www.bellunopress.it\\\/#website\"},\"primaryImageOfPage\":{\"@id\":\"https:\\\/\\\/www.bellunopress.it\\\/2019\\\/11\\\/20\\\/meteo-miglioramento-ancora-attenzione-sulle-zone-montane-bellunesi-e-delta-del-pom\\\/#primaryimage\"},\"image\":{\"@id\":\"https:\\\/\\\/www.bellunopress.it\\\/2019\\\/11\\\/20\\\/meteo-miglioramento-ancora-attenzione-sulle-zone-montane-bellunesi-e-delta-del-pom\\\/#primaryimage\"},\"thumbnailUrl\":\"http:\\\/\\\/www.bellunopress.it\\\/wp-content\\\/uploads\\\/2012\\\/02\\\/protezione-civile-veneto.jpg\",\"datePublished\":\"2019-11-20T17:36:49+00:00\",\"breadcrumb\":{\"@id\":\"https:\\\/\\\/www.bellunopress.it\\\/2019\\\/11\\\/20\\\/meteo-miglioramento-ancora-attenzione-sulle-zone-montane-bellunesi-e-delta-del-pom\\\/#breadcrumb\"},\"inLanguage\":\"fr-FR\",\"potentialAction\":[{\"@type\":\"ReadAction\",\"target\":[\"https:\\\/\\\/www.bellunopress.it\\\/2019\\\/11\\\/20\\\/meteo-miglioramento-ancora-attenzione-sulle-zone-montane-bellunesi-e-delta-del-pom\\\/\"]}]},{\"@type\":\"ImageObject\",\"inLanguage\":\"fr-FR\",\"@id\":\"https:\\\/\\\/www.bellunopress.it\\\/2019\\\/11\\\/20\\\/meteo-miglioramento-ancora-attenzione-sulle-zone-montane-bellunesi-e-delta-del-pom\\\/#primaryimage\",\"url\":\"http:\\\/\\\/www.bellunopress.it\\\/wp-content\\\/uploads\\\/2012\\\/02\\\/protezione-civile-veneto.jpg\",\"contentUrl\":\"http:\\\/\\\/www.bellunopress.it\\\/wp-content\\\/uploads\\\/2012\\\/02\\\/protezione-civile-veneto.jpg\"},{\"@type\":\"BreadcrumbList\",\"@id\":\"https:\\\/\\\/www.bellunopress.it\\\/2019\\\/11\\\/20\\\/meteo-miglioramento-ancora-attenzione-sulle-zone-montane-bellunesi-e-delta-del-pom\\\/#breadcrumb\",\"itemListElement\":[{\"@type\":\"ListItem\",\"position\":1,\"name\":\"Home\",\"item\":\"https:\\\/\\\/www.bellunopress.it\\\/\"},{\"@type\":\"ListItem\",\"position\":2,\"name\":\"Meteo. Miglioramento, ancora attenzione sulle zone montane bellunesi e delta del Pom\"}]},{\"@type\":\"WebSite\",\"@id\":\"https:\\\/\\\/www.bellunopress.it\\\/#website\",\"url\":\"https:\\\/\\\/www.bellunopress.it\\\/\",\"name\":\"Bellunopress - Dolomiti\",\"description\":\"e-mail: redazione@bellunopress.it\",\"publisher\":{\"@id\":\"https:\\\/\\\/www.bellunopress.it\\\/#organization\"},\"potentialAction\":[{\"@type\":\"SearchAction\",\"target\":{\"@type\":\"EntryPoint\",\"urlTemplate\":\"https:\\\/\\\/www.bellunopress.it\\\/?s={search_term_string}\"},\"query-input\":{\"@type\":\"PropertyValueSpecification\",\"valueRequired\":true,\"valueName\":\"search_term_string\"}}],\"inLanguage\":\"fr-FR\"},{\"@type\":\"Organization\",\"@id\":\"https:\\\/\\\/www.bellunopress.it\\\/#organization\",\"name\":\"Bellunopress\",\"url\":\"https:\\\/\\\/www.bellunopress.it\\\/\",\"logo\":{\"@type\":\"ImageObject\",\"inLanguage\":\"fr-FR\",\"@id\":\"https:\\\/\\\/www.bellunopress.it\\\/#\\\/schema\\\/logo\\\/image\\\/\",\"url\":\"https:\\\/\\\/www.bellunopress.it\\\/wp-content\\\/uploads\\\/2011\\\/05\\\/cropped-logo-bellunopress-.jpg\",\"contentUrl\":\"https:\\\/\\\/www.bellunopress.it\\\/wp-content\\\/uploads\\\/2011\\\/05\\\/cropped-logo-bellunopress-.jpg\",\"width\":512,\"height\":512,\"caption\":\"Bellunopress\"},\"image\":{\"@id\":\"https:\\\/\\\/www.bellunopress.it\\\/#\\\/schema\\\/logo\\\/image\\\/\"},\"sameAs\":[\"https:\\\/\\\/www.facebook.com\\\/profile.php?id=100008943462799\",\"https:\\\/\\\/x.com\\\/bellunopress\",\"https:\\\/\\\/www.linkedin.com\\\/hp\\\/?dnr=JBzUWaJfMUw8vbXJJ2tVW5-I3jZKvC4wsoxE&amp;amp;amp;amp;amp;amp;trk=nav_responsive_tab_home\",\"https:\\\/\\\/www.youtube.com\\\/channel\\\/UCxL0wu1uN0_3_7hGG0306cw\"]},{\"@type\":\"Person\",\"@id\":\"https:\\\/\\\/www.bellunopress.it\\\/#\\\/schema\\\/person\\\/79bb06722b37ece1c03d3e94beb30d73\",\"name\":\"redazione\",\"image\":{\"@type\":\"ImageObject\",\"inLanguage\":\"fr-FR\",\"@id\":\"https:\\\/\\\/secure.gravatar.com\\\/avatar\\\/37d968a2e67a6fd04c169c4bdef102d0bc5d31b2546345219e348575eb80e9a0?s=96&d=mm&r=g\",\"url\":\"https:\\\/\\\/secure.gravatar.com\\\/avatar\\\/37d968a2e67a6fd04c169c4bdef102d0bc5d31b2546345219e348575eb80e9a0?s=96&d=mm&r=g\",\"contentUrl\":\"https:\\\/\\\/secure.gravatar.com\\\/avatar\\\/37d968a2e67a6fd04c169c4bdef102d0bc5d31b2546345219e348575eb80e9a0?s=96&d=mm&r=g\",\"caption\":\"redazione\"},\"sameAs\":[\"http:\\\/\\\/www.bellunopress.it\",\"https:\\\/\\\/x.com\\\/bellunopress\"],\"url\":\"https:\\\/\\\/www.bellunopress.it\\\/fr\\\/author\\\/redazione\\\/\"}]}<\/script>\n<!-- \/ Yoast SEO plugin. -->","yoast_head_json":{"title":"Meteo. Miglioramento, ancora attenzione sulle zone montane bellunesi e delta del Pom - Bellunopress - Dolomiti","robots":{"index":"index","follow":"follow","max-snippet":"max-snippet:-1","max-image-preview":"max-image-preview:large","max-video-preview":"max-video-preview:-1"},"canonical":"https:\/\/www.bellunopress.it\/fr\/2019\/11\/20\/meteo-miglioramento-ancora-attenzione-sulle-zone-montane-bellunesi-e-delta-del-pom\/","og_locale":"fr_FR","og_type":"article","og_title":"Meteo. Miglioramento, ancora attenzione sulle zone montane bellunesi e delta del Pom - Bellunopress - Dolomiti","og_description":"Venezia, 20 novembre 2019\u00a0 &#8211;\u00a0\u00a0Il Centro funzionale decentrato della Protezione Civile del Veneto, sulla base del bollettino di vigilanza regionale, e tenuto conto che nelle ultime 24 ore sono state registrate precipitazioni moderate ma non sono state segnalate situazioni di criticit\u00e0 ha emesso un aggiornamento dell\u2019avviso di criticit\u00e0 idrogeologica ed idraulica. Per la giornata di [&hellip;]","og_url":"https:\/\/www.bellunopress.it\/fr\/2019\/11\/20\/meteo-miglioramento-ancora-attenzione-sulle-zone-montane-bellunesi-e-delta-del-pom\/","og_site_name":"Bellunopress - Dolomiti","article_publisher":"https:\/\/www.facebook.com\/profile.php?id=100008943462799","article_published_time":"2019-11-20T17:36:49+00:00","og_image":[{"url":"http:\/\/www.bellunopress.it\/wp-content\/uploads\/2012\/02\/protezione-civile-veneto.jpg","type":"","width":"","height":""}],"author":"redazione","twitter_card":"summary_large_image","twitter_creator":"@bellunopress","twitter_site":"@bellunopress","twitter_misc":{"Written by":"redazione","Est. reading time":"1 minute"},"schema":{"@context":"https:\/\/schema.org","@graph":[{"@type":"Article","@id":"https:\/\/www.bellunopress.it\/2019\/11\/20\/meteo-miglioramento-ancora-attenzione-sulle-zone-montane-bellunesi-e-delta-del-pom\/#article","isPartOf":{"@id":"https:\/\/www.bellunopress.it\/2019\/11\/20\/meteo-miglioramento-ancora-attenzione-sulle-zone-montane-bellunesi-e-delta-del-pom\/"},"author":{"name":"redazione","@id":"https:\/\/www.bellunopress.it\/#\/schema\/person\/79bb06722b37ece1c03d3e94beb30d73"},"headline":"Meteo. Miglioramento, ancora attenzione sulle zone montane bellunesi e delta del Pom","datePublished":"2019-11-20T17:36:49+00:00","mainEntityOfPage":{"@id":"https:\/\/www.bellunopress.it\/2019\/11\/20\/meteo-miglioramento-ancora-attenzione-sulle-zone-montane-bellunesi-e-delta-del-pom\/"},"wordCount":289,"publisher":{"@id":"https:\/\/www.bellunopress.it\/#organization"},"image":{"@id":"https:\/\/www.bellunopress.it\/2019\/11\/20\/meteo-miglioramento-ancora-attenzione-sulle-zone-montane-bellunesi-e-delta-del-pom\/#primaryimage"},"thumbnailUrl":"http:\/\/www.bellunopress.it\/wp-content\/uploads\/2012\/02\/protezione-civile-veneto.jpg","articleSection":["Meteo, natura, ambiente, animali","Prima Pagina","Societ\u00e0, Associazioni, Istituzioni"],"inLanguage":"fr-FR"},{"@type":"WebPage","@id":"https:\/\/www.bellunopress.it\/2019\/11\/20\/meteo-miglioramento-ancora-attenzione-sulle-zone-montane-bellunesi-e-delta-del-pom\/","url":"https:\/\/www.bellunopress.it\/2019\/11\/20\/meteo-miglioramento-ancora-attenzione-sulle-zone-montane-bellunesi-e-delta-del-pom\/","name":"Meteo. Miglioramento, ancora attenzione sulle zone montane bellunesi e delta del Pom - Bellunopress - Dolomiti","isPartOf":{"@id":"https:\/\/www.bellunopress.it\/#website"},"primaryImageOfPage":{"@id":"https:\/\/www.bellunopress.it\/2019\/11\/20\/meteo-miglioramento-ancora-attenzione-sulle-zone-montane-bellunesi-e-delta-del-pom\/#primaryimage"},"image":{"@id":"https:\/\/www.bellunopress.it\/2019\/11\/20\/meteo-miglioramento-ancora-attenzione-sulle-zone-montane-bellunesi-e-delta-del-pom\/#primaryimage"},"thumbnailUrl":"http:\/\/www.bellunopress.it\/wp-content\/uploads\/2012\/02\/protezione-civile-veneto.jpg","datePublished":"2019-11-20T17:36:49+00:00","breadcrumb":{"@id":"https:\/\/www.bellunopress.it\/2019\/11\/20\/meteo-miglioramento-ancora-attenzione-sulle-zone-montane-bellunesi-e-delta-del-pom\/#breadcrumb"},"inLanguage":"fr-FR","potentialAction":[{"@type":"ReadAction","target":["https:\/\/www.bellunopress.it\/2019\/11\/20\/meteo-miglioramento-ancora-attenzione-sulle-zone-montane-bellunesi-e-delta-del-pom\/"]}]},{"@type":"ImageObject","inLanguage":"fr-FR","@id":"https:\/\/www.bellunopress.it\/2019\/11\/20\/meteo-miglioramento-ancora-attenzione-sulle-zone-montane-bellunesi-e-delta-del-pom\/#primaryimage","url":"http:\/\/www.bellunopress.it\/wp-content\/uploads\/2012\/02\/protezione-civile-veneto.jpg","contentUrl":"http:\/\/www.bellunopress.it\/wp-content\/uploads\/2012\/02\/protezione-civile-veneto.jpg"},{"@type":"BreadcrumbList","@id":"https:\/\/www.bellunopress.it\/2019\/11\/20\/meteo-miglioramento-ancora-attenzione-sulle-zone-montane-bellunesi-e-delta-del-pom\/#breadcrumb","itemListElement":[{"@type":"ListItem","position":1,"name":"Home","item":"https:\/\/www.bellunopress.it\/"},{"@type":"ListItem","position":2,"name":"Meteo. Miglioramento, ancora attenzione sulle zone montane bellunesi e delta del Pom"}]},{"@type":"WebSite","@id":"https:\/\/www.bellunopress.it\/#website","url":"https:\/\/www.bellunopress.it\/","name":"Bellunopress - Dolomiti","description":"e-mail: redazione@bellunopress.it","publisher":{"@id":"https:\/\/www.bellunopress.it\/#organization"},"potentialAction":[{"@type":"SearchAction","target":{"@type":"EntryPoint","urlTemplate":"https:\/\/www.bellunopress.it\/?s={search_term_string}"},"query-input":{"@type":"PropertyValueSpecification","valueRequired":true,"valueName":"search_term_string"}}],"inLanguage":"fr-FR"},{"@type":"Organization","@id":"https:\/\/www.bellunopress.it\/#organization","name":"Bellunopress","url":"https:\/\/www.bellunopress.it\/","logo":{"@type":"ImageObject","inLanguage":"fr-FR","@id":"https:\/\/www.bellunopress.it\/#\/schema\/logo\/image\/","url":"https:\/\/www.bellunopress.it\/wp-content\/uploads\/2011\/05\/cropped-logo-bellunopress-.jpg","contentUrl":"https:\/\/www.bellunopress.it\/wp-content\/uploads\/2011\/05\/cropped-logo-bellunopress-.jpg","width":512,"height":512,"caption":"Bellunopress"},"image":{"@id":"https:\/\/www.bellunopress.it\/#\/schema\/logo\/image\/"},"sameAs":["https:\/\/www.facebook.com\/profile.php?id=100008943462799","https:\/\/x.com\/bellunopress","https:\/\/www.linkedin.com\/hp\/?dnr=JBzUWaJfMUw8vbXJJ2tVW5-I3jZKvC4wsoxE&amp;amp;amp;amp;amp;amp;trk=nav_responsive_tab_home","https:\/\/www.youtube.com\/channel\/UCxL0wu1uN0_3_7hGG0306cw"]},{"@type":"Person","@id":"https:\/\/www.bellunopress.it\/#\/schema\/person\/79bb06722b37ece1c03d3e94beb30d73","name":"r\u00e9daction","image":{"@type":"ImageObject","inLanguage":"fr-FR","@id":"https:\/\/secure.gravatar.com\/avatar\/37d968a2e67a6fd04c169c4bdef102d0bc5d31b2546345219e348575eb80e9a0?s=96&d=mm&r=g","url":"https:\/\/secure.gravatar.com\/avatar\/37d968a2e67a6fd04c169c4bdef102d0bc5d31b2546345219e348575eb80e9a0?s=96&d=mm&r=g","contentUrl":"https:\/\/secure.gravatar.com\/avatar\/37d968a2e67a6fd04c169c4bdef102d0bc5d31b2546345219e348575eb80e9a0?s=96&d=mm&r=g","caption":"redazione"},"sameAs":["http:\/\/www.bellunopress.it","https:\/\/x.com\/bellunopress"],"url":"https:\/\/www.bellunopress.it\/fr\/author\/redazione\/"}]}},"_links":{"self":[{"href":"https:\/\/www.bellunopress.it\/fr\/wp-json\/wp\/v2\/posts\/109792","targetHints":{"allow":["GET"]}}],"collection":[{"href":"https:\/\/www.bellunopress.it\/fr\/wp-json\/wp\/v2\/posts"}],"about":[{"href":"https:\/\/www.bellunopress.it\/fr\/wp-json\/wp\/v2\/types\/post"}],"author":[{"embeddable":true,"href":"https:\/\/www.bellunopress.it\/fr\/wp-json\/wp\/v2\/users\/2"}],"replies":[{"embeddable":true,"href":"https:\/\/www.bellunopress.it\/fr\/wp-json\/wp\/v2\/comments?post=109792"}],"version-history":[{"count":1,"href":"https:\/\/www.bellunopress.it\/fr\/wp-json\/wp\/v2\/posts\/109792\/revisions"}],"predecessor-version":[{"id":109793,"href":"https:\/\/www.bellunopress.it\/fr\/wp-json\/wp\/v2\/posts\/109792\/revisions\/109793"}],"wp:attachment":[{"href":"https:\/\/www.bellunopress.it\/fr\/wp-json\/wp\/v2\/media?parent=109792"}],"wp:term":[{"taxonomy":"category","embeddable":true,"href":"https:\/\/www.bellunopress.it\/fr\/wp-json\/wp\/v2\/categories?post=109792"},{"taxonomy":"post_tag","embeddable":true,"href":"https:\/\/www.bellunopress.it\/fr\/wp-json\/wp\/v2\/tags?post=109792"}],"curies":[{"name":"wp","href":"https:\/\/api.w.org\/{rel}","templated":true}]}}