{"id":109790,"date":"2019-11-20T18:31:14","date_gmt":"2019-11-20T17:31:14","guid":{"rendered":"http:\/\/www.bellunopress.it\/?p=109790"},"modified":"2019-11-20T18:31:14","modified_gmt":"2019-11-20T17:31:14","slug":"tavolo-tecnico-hydro-di-feltre-deciso-il-campionamento-in-continuo-per-sei-mesi","status":"publish","type":"post","link":"https:\/\/www.bellunopress.it\/fr\/2019\/11\/20\/tavolo-tecnico-hydro-di-feltre-deciso-il-campionamento-in-continuo-per-sei-mesi\/","title":{"rendered":"Tavolo tecnico Hydro di Feltre: deciso il campionamento &#8220;in continuo&#8221; per sei mesi"},"content":{"rendered":"<figure id=\"attachment_1866\" aria-describedby=\"caption-attachment-1866\" style=\"width: 270px\" class=\"wp-caption alignleft\"><a href=\"http:\/\/www.bellunopress.it\/fr\/2011\/01\/11\/palazzo-piloni-vota-a-favore-del-passaggio-della-provincia-di-belluno-nel-trentino-alto-adige-bottacin-%c2%abnon-confondete-i-cittadini-sara-un-iter-molto-lungo-e-difficile%c2%bb\/palazzo-piloni-sede-provincia\/\" rel=\"attachment wp-att-1866\"><img loading=\"lazy\" decoding=\"async\" class=\"size-full wp-image-1866\" src=\"http:\/\/www.bellunopress.it\/wp-content\/uploads\/2009\/03\/palazzo-piloni-sede-provincia.jpg\" alt=\"\" width=\"270\" height=\"180\" \/><\/a><figcaption id=\"caption-attachment-1866\" class=\"wp-caption-text\">Palazzo Piloni sede della Provincia<\/figcaption><\/figure>\n<p>Belluno, 20 novembre 2019\u00a0 &#8211;\u00a0 Si \u00e8 tenuta oggi, nella sede della Provincia di Belluno, la prima riunione del tavolo tecnico di confronto con la societ\u00e0 Hydro Extrusion Italy srl di Feltre, relativo al progetto di efficientamento del comparto fusorio dello stabilimento e alla prescrizione di campionamento \u201cin continuo\u201d delle emissioni, con particolare riferimento a diossine e benzo(a)pirene. Presenti il Comune di Feltre e l\u2019azienda (entrambi con un proprio consulente tecnico), Ulss 1 Dolomiti, la Provincia e Arpav che si sono avvalsi del supporto di Ispra (Istituto Superiore per la Protezione e Ricerca Ambientale), nell\u2019ambito della rete fornita da Snpa (Sistema Nazionale Protezione Ambiente), che rappresenta il massimo istituto pubblico in tema di ricerca e protezione ambientale.<\/p>\n<p>Da parte dei consulenti dell\u2019azienda Hydro \u00e8 stata formulata una duplice proposta: predisporre i campionamenti tradizionali delle emissioni con frequenza maggiorata, oppure installare il campionatore \u201cin continuo\u201d cos\u00ec come richiesto dalla prescrizione, per una durata di sei mesi e una frequenza di campionamento ogni sei settimane.<br \/>\nIl tavolo tecnico ha accordato l\u2019acquisizione di nuovi dati con il campionamento \u201cin continuo\u201d, ribadendo la frequenza quindicinale prevista nell\u2019autorizzazione. Di conseguenza, l\u2019azienda \u201ccongela\u201d il contenzioso in essere e dar\u00e0 esecuzione all\u2019ampliamento e al progetto di efficientamento del comparto fusorio, ottemperando di fatto alla prescrizione impartita per sei mesi. Durante questo periodo, sar\u00e0 installato un sistema di campionamento che permetter\u00e0 di monitorare continuativamente la presenza di diossine e benzo(a)pirene nelle emissioni dello stabilimento.<\/p>\n<p>Inoltre, \u00e8 confermata la frequenza dei campioni, che verranno prelevati per l\u2019analisi ogni 15 giorni.<br \/>\nNell\u2019ambito del tavolo tecnico \u00e8 stata ribadita la validit\u00e0 dell\u2019autorizzazione rilasciata, all\u2019interno della quale sono stati previsti monitoraggi pi\u00f9 frequenti e stringenti che consentono rispetto al passato un maggior controllo degli esiti emissivi.<\/p>\n<p>Prima dello scadere dei sei mesi il tavolo tecnico si aggiorner\u00e0 per una valutazione completa e dettagliata degli esiti delle analisi dei campionamenti, con particolare attenzione alle diossine. E in funzione degli esiti di questo periodo di applicazione della prescrizione verr\u00e0 valutato il proseguo della stessa.<\/p>","protected":false},"excerpt":{"rendered":"<p>Belluno, 20 novembre 2019\u00a0 &#8211;\u00a0 Si \u00e8 tenuta oggi, nella sede della Provincia di Belluno, la prima riunione del tavolo tecnico di confronto con la societ\u00e0 Hydro Extrusion Italy srl di Feltre, relativo al progetto di efficientamento del comparto fusorio dello stabilimento e alla prescrizione di campionamento \u201cin continuo\u201d delle emissioni, con particolare riferimento a [&hellip;]<\/p>\n","protected":false},"author":2,"featured_media":0,"comment_status":"closed","ping_status":"open","sticky":false,"template":"","format":"standard","meta":{"footnotes":""},"categories":[5,36,26],"tags":[],"class_list":["post-109790","post","type-post","status-publish","format-standard","category-cronaca","category-lavoro-economia","category-prima-pagina"],"yoast_head":"<!-- This site is optimized with the Yoast SEO plugin v28.4 - https:\/\/yoast.com\/product\/yoast-seo-wordpress\/ -->\n<title>Tavolo tecnico Hydro di Feltre: deciso il campionamento &quot;in continuo&quot; per sei mesi - Bellunopress - Dolomiti<\/title>\n<meta name=\"robots\" content=\"index, follow, max-snippet:-1, max-image-preview:large, max-video-preview:-1\" \/>\n<link rel=\"canonical\" href=\"https:\/\/www.bellunopress.it\/fr\/2019\/11\/20\/tavolo-tecnico-hydro-di-feltre-deciso-il-campionamento-in-continuo-per-sei-mesi\/\" \/>\n<meta property=\"og:locale\" content=\"fr_FR\" \/>\n<meta property=\"og:type\" content=\"article\" \/>\n<meta property=\"og:title\" content=\"Tavolo tecnico Hydro di Feltre: deciso il campionamento &quot;in continuo&quot; per sei mesi - Bellunopress - Dolomiti\" \/>\n<meta property=\"og:description\" content=\"Belluno, 20 novembre 2019\u00a0 &#8211;\u00a0 Si \u00e8 tenuta oggi, nella sede della Provincia di Belluno, la prima riunione del tavolo tecnico di confronto con la societ\u00e0 Hydro Extrusion Italy srl di Feltre, relativo al progetto di efficientamento del comparto fusorio dello stabilimento e alla prescrizione di campionamento \u201cin continuo\u201d delle emissioni, con particolare riferimento a [&hellip;]\" \/>\n<meta property=\"og:url\" content=\"https:\/\/www.bellunopress.it\/fr\/2019\/11\/20\/tavolo-tecnico-hydro-di-feltre-deciso-il-campionamento-in-continuo-per-sei-mesi\/\" \/>\n<meta property=\"og:site_name\" content=\"Bellunopress - Dolomiti\" \/>\n<meta property=\"article:publisher\" content=\"https:\/\/www.facebook.com\/profile.php?id=100008943462799\" \/>\n<meta property=\"article:published_time\" content=\"2019-11-20T17:31:14+00:00\" \/>\n<meta property=\"og:image\" content=\"http:\/\/www.bellunopress.it\/wp-content\/uploads\/2009\/03\/palazzo-piloni-sede-provincia.jpg\" \/>\n<meta name=\"author\" content=\"redazione\" \/>\n<meta name=\"twitter:card\" content=\"summary_large_image\" \/>\n<meta name=\"twitter:creator\" content=\"@bellunopress\" \/>\n<meta name=\"twitter:site\" content=\"@bellunopress\" \/>\n<meta name=\"twitter:label1\" content=\"\u00c9crit par\" \/>\n\t<meta name=\"twitter:data1\" content=\"redazione\" \/>\n\t<meta name=\"twitter:label2\" content=\"Dur\u00e9e de lecture estim\u00e9e\" \/>\n\t<meta name=\"twitter:data2\" content=\"2 minutes\" \/>\n<script type=\"application\/ld+json\" class=\"yoast-schema-graph\">{\"@context\":\"https:\\\/\\\/schema.org\",\"@graph\":[{\"@type\":\"Article\",\"@id\":\"https:\\\/\\\/www.bellunopress.it\\\/2019\\\/11\\\/20\\\/tavolo-tecnico-hydro-di-feltre-deciso-il-campionamento-in-continuo-per-sei-mesi\\\/#article\",\"isPartOf\":{\"@id\":\"https:\\\/\\\/www.bellunopress.it\\\/2019\\\/11\\\/20\\\/tavolo-tecnico-hydro-di-feltre-deciso-il-campionamento-in-continuo-per-sei-mesi\\\/\"},\"author\":{\"name\":\"redazione\",\"@id\":\"https:\\\/\\\/www.bellunopress.it\\\/#\\\/schema\\\/person\\\/79bb06722b37ece1c03d3e94beb30d73\"},\"headline\":\"Tavolo tecnico Hydro di Feltre: deciso il campionamento &#8220;in continuo&#8221; per sei mesi\",\"datePublished\":\"2019-11-20T17:31:14+00:00\",\"mainEntityOfPage\":{\"@id\":\"https:\\\/\\\/www.bellunopress.it\\\/2019\\\/11\\\/20\\\/tavolo-tecnico-hydro-di-feltre-deciso-il-campionamento-in-continuo-per-sei-mesi\\\/\"},\"wordCount\":362,\"publisher\":{\"@id\":\"https:\\\/\\\/www.bellunopress.it\\\/#organization\"},\"image\":{\"@id\":\"https:\\\/\\\/www.bellunopress.it\\\/2019\\\/11\\\/20\\\/tavolo-tecnico-hydro-di-feltre-deciso-il-campionamento-in-continuo-per-sei-mesi\\\/#primaryimage\"},\"thumbnailUrl\":\"http:\\\/\\\/www.bellunopress.it\\\/wp-content\\\/uploads\\\/2009\\\/03\\\/palazzo-piloni-sede-provincia.jpg\",\"articleSection\":[\"Cronaca\\\/Politica\",\"Lavoro, Economia, Turismo\",\"Prima Pagina\"],\"inLanguage\":\"fr-FR\"},{\"@type\":\"WebPage\",\"@id\":\"https:\\\/\\\/www.bellunopress.it\\\/2019\\\/11\\\/20\\\/tavolo-tecnico-hydro-di-feltre-deciso-il-campionamento-in-continuo-per-sei-mesi\\\/\",\"url\":\"https:\\\/\\\/www.bellunopress.it\\\/2019\\\/11\\\/20\\\/tavolo-tecnico-hydro-di-feltre-deciso-il-campionamento-in-continuo-per-sei-mesi\\\/\",\"name\":\"Tavolo tecnico Hydro di Feltre: deciso il campionamento \\\"in continuo\\\" per sei mesi - Bellunopress - Dolomiti\",\"isPartOf\":{\"@id\":\"https:\\\/\\\/www.bellunopress.it\\\/#website\"},\"primaryImageOfPage\":{\"@id\":\"https:\\\/\\\/www.bellunopress.it\\\/2019\\\/11\\\/20\\\/tavolo-tecnico-hydro-di-feltre-deciso-il-campionamento-in-continuo-per-sei-mesi\\\/#primaryimage\"},\"image\":{\"@id\":\"https:\\\/\\\/www.bellunopress.it\\\/2019\\\/11\\\/20\\\/tavolo-tecnico-hydro-di-feltre-deciso-il-campionamento-in-continuo-per-sei-mesi\\\/#primaryimage\"},\"thumbnailUrl\":\"http:\\\/\\\/www.bellunopress.it\\\/wp-content\\\/uploads\\\/2009\\\/03\\\/palazzo-piloni-sede-provincia.jpg\",\"datePublished\":\"2019-11-20T17:31:14+00:00\",\"breadcrumb\":{\"@id\":\"https:\\\/\\\/www.bellunopress.it\\\/2019\\\/11\\\/20\\\/tavolo-tecnico-hydro-di-feltre-deciso-il-campionamento-in-continuo-per-sei-mesi\\\/#breadcrumb\"},\"inLanguage\":\"fr-FR\",\"potentialAction\":[{\"@type\":\"ReadAction\",\"target\":[\"https:\\\/\\\/www.bellunopress.it\\\/2019\\\/11\\\/20\\\/tavolo-tecnico-hydro-di-feltre-deciso-il-campionamento-in-continuo-per-sei-mesi\\\/\"]}]},{\"@type\":\"ImageObject\",\"inLanguage\":\"fr-FR\",\"@id\":\"https:\\\/\\\/www.bellunopress.it\\\/2019\\\/11\\\/20\\\/tavolo-tecnico-hydro-di-feltre-deciso-il-campionamento-in-continuo-per-sei-mesi\\\/#primaryimage\",\"url\":\"http:\\\/\\\/www.bellunopress.it\\\/wp-content\\\/uploads\\\/2009\\\/03\\\/palazzo-piloni-sede-provincia.jpg\",\"contentUrl\":\"http:\\\/\\\/www.bellunopress.it\\\/wp-content\\\/uploads\\\/2009\\\/03\\\/palazzo-piloni-sede-provincia.jpg\"},{\"@type\":\"BreadcrumbList\",\"@id\":\"https:\\\/\\\/www.bellunopress.it\\\/2019\\\/11\\\/20\\\/tavolo-tecnico-hydro-di-feltre-deciso-il-campionamento-in-continuo-per-sei-mesi\\\/#breadcrumb\",\"itemListElement\":[{\"@type\":\"ListItem\",\"position\":1,\"name\":\"Home\",\"item\":\"https:\\\/\\\/www.bellunopress.it\\\/\"},{\"@type\":\"ListItem\",\"position\":2,\"name\":\"Tavolo tecnico Hydro di Feltre: deciso il campionamento &#8220;in continuo&#8221; per sei mesi\"}]},{\"@type\":\"WebSite\",\"@id\":\"https:\\\/\\\/www.bellunopress.it\\\/#website\",\"url\":\"https:\\\/\\\/www.bellunopress.it\\\/\",\"name\":\"Bellunopress - Dolomiti\",\"description\":\"e-mail: redazione@bellunopress.it\",\"publisher\":{\"@id\":\"https:\\\/\\\/www.bellunopress.it\\\/#organization\"},\"potentialAction\":[{\"@type\":\"SearchAction\",\"target\":{\"@type\":\"EntryPoint\",\"urlTemplate\":\"https:\\\/\\\/www.bellunopress.it\\\/?s={search_term_string}\"},\"query-input\":{\"@type\":\"PropertyValueSpecification\",\"valueRequired\":true,\"valueName\":\"search_term_string\"}}],\"inLanguage\":\"fr-FR\"},{\"@type\":\"Organization\",\"@id\":\"https:\\\/\\\/www.bellunopress.it\\\/#organization\",\"name\":\"Bellunopress\",\"url\":\"https:\\\/\\\/www.bellunopress.it\\\/\",\"logo\":{\"@type\":\"ImageObject\",\"inLanguage\":\"fr-FR\",\"@id\":\"https:\\\/\\\/www.bellunopress.it\\\/#\\\/schema\\\/logo\\\/image\\\/\",\"url\":\"https:\\\/\\\/www.bellunopress.it\\\/wp-content\\\/uploads\\\/2011\\\/05\\\/cropped-logo-bellunopress-.jpg\",\"contentUrl\":\"https:\\\/\\\/www.bellunopress.it\\\/wp-content\\\/uploads\\\/2011\\\/05\\\/cropped-logo-bellunopress-.jpg\",\"width\":512,\"height\":512,\"caption\":\"Bellunopress\"},\"image\":{\"@id\":\"https:\\\/\\\/www.bellunopress.it\\\/#\\\/schema\\\/logo\\\/image\\\/\"},\"sameAs\":[\"https:\\\/\\\/www.facebook.com\\\/profile.php?id=100008943462799\",\"https:\\\/\\\/x.com\\\/bellunopress\",\"https:\\\/\\\/www.linkedin.com\\\/hp\\\/?dnr=JBzUWaJfMUw8vbXJJ2tVW5-I3jZKvC4wsoxE&amp;amp;amp;amp;amp;amp;trk=nav_responsive_tab_home\",\"https:\\\/\\\/www.youtube.com\\\/channel\\\/UCxL0wu1uN0_3_7hGG0306cw\"]},{\"@type\":\"Person\",\"@id\":\"https:\\\/\\\/www.bellunopress.it\\\/#\\\/schema\\\/person\\\/79bb06722b37ece1c03d3e94beb30d73\",\"name\":\"redazione\",\"image\":{\"@type\":\"ImageObject\",\"inLanguage\":\"fr-FR\",\"@id\":\"https:\\\/\\\/secure.gravatar.com\\\/avatar\\\/37d968a2e67a6fd04c169c4bdef102d0bc5d31b2546345219e348575eb80e9a0?s=96&d=mm&r=g\",\"url\":\"https:\\\/\\\/secure.gravatar.com\\\/avatar\\\/37d968a2e67a6fd04c169c4bdef102d0bc5d31b2546345219e348575eb80e9a0?s=96&d=mm&r=g\",\"contentUrl\":\"https:\\\/\\\/secure.gravatar.com\\\/avatar\\\/37d968a2e67a6fd04c169c4bdef102d0bc5d31b2546345219e348575eb80e9a0?s=96&d=mm&r=g\",\"caption\":\"redazione\"},\"sameAs\":[\"http:\\\/\\\/www.bellunopress.it\",\"https:\\\/\\\/x.com\\\/bellunopress\"],\"url\":\"https:\\\/\\\/www.bellunopress.it\\\/fr\\\/author\\\/redazione\\\/\"}]}<\/script>\n<!-- \/ Yoast SEO plugin. -->","yoast_head_json":{"title":"Tavolo tecnico Hydro di Feltre: deciso il campionamento \"in continuo\" per sei mesi - Bellunopress - Dolomiti","robots":{"index":"index","follow":"follow","max-snippet":"max-snippet:-1","max-image-preview":"max-image-preview:large","max-video-preview":"max-video-preview:-1"},"canonical":"https:\/\/www.bellunopress.it\/fr\/2019\/11\/20\/tavolo-tecnico-hydro-di-feltre-deciso-il-campionamento-in-continuo-per-sei-mesi\/","og_locale":"fr_FR","og_type":"article","og_title":"Tavolo tecnico Hydro di Feltre: deciso il campionamento \"in continuo\" per sei mesi - Bellunopress - Dolomiti","og_description":"Belluno, 20 novembre 2019\u00a0 &#8211;\u00a0 Si \u00e8 tenuta oggi, nella sede della Provincia di Belluno, la prima riunione del tavolo tecnico di confronto con la societ\u00e0 Hydro Extrusion Italy srl di Feltre, relativo al progetto di efficientamento del comparto fusorio dello stabilimento e alla prescrizione di campionamento \u201cin continuo\u201d delle emissioni, con particolare riferimento a [&hellip;]","og_url":"https:\/\/www.bellunopress.it\/fr\/2019\/11\/20\/tavolo-tecnico-hydro-di-feltre-deciso-il-campionamento-in-continuo-per-sei-mesi\/","og_site_name":"Bellunopress - Dolomiti","article_publisher":"https:\/\/www.facebook.com\/profile.php?id=100008943462799","article_published_time":"2019-11-20T17:31:14+00:00","og_image":[{"url":"http:\/\/www.bellunopress.it\/wp-content\/uploads\/2009\/03\/palazzo-piloni-sede-provincia.jpg","type":"","width":"","height":""}],"author":"redazione","twitter_card":"summary_large_image","twitter_creator":"@bellunopress","twitter_site":"@bellunopress","twitter_misc":{"\u00c9crit par":"redazione","Dur\u00e9e de lecture estim\u00e9e":"2 minutes"},"schema":{"@context":"https:\/\/schema.org","@graph":[{"@type":"Article","@id":"https:\/\/www.bellunopress.it\/2019\/11\/20\/tavolo-tecnico-hydro-di-feltre-deciso-il-campionamento-in-continuo-per-sei-mesi\/#article","isPartOf":{"@id":"https:\/\/www.bellunopress.it\/2019\/11\/20\/tavolo-tecnico-hydro-di-feltre-deciso-il-campionamento-in-continuo-per-sei-mesi\/"},"author":{"name":"redazione","@id":"https:\/\/www.bellunopress.it\/#\/schema\/person\/79bb06722b37ece1c03d3e94beb30d73"},"headline":"Tavolo tecnico Hydro di Feltre: deciso il campionamento &#8220;in continuo&#8221; per sei mesi","datePublished":"2019-11-20T17:31:14+00:00","mainEntityOfPage":{"@id":"https:\/\/www.bellunopress.it\/2019\/11\/20\/tavolo-tecnico-hydro-di-feltre-deciso-il-campionamento-in-continuo-per-sei-mesi\/"},"wordCount":362,"publisher":{"@id":"https:\/\/www.bellunopress.it\/#organization"},"image":{"@id":"https:\/\/www.bellunopress.it\/2019\/11\/20\/tavolo-tecnico-hydro-di-feltre-deciso-il-campionamento-in-continuo-per-sei-mesi\/#primaryimage"},"thumbnailUrl":"http:\/\/www.bellunopress.it\/wp-content\/uploads\/2009\/03\/palazzo-piloni-sede-provincia.jpg","articleSection":["Cronaca\/Politica","Lavoro, Economia, Turismo","Prima Pagina"],"inLanguage":"fr-FR"},{"@type":"WebPage","@id":"https:\/\/www.bellunopress.it\/2019\/11\/20\/tavolo-tecnico-hydro-di-feltre-deciso-il-campionamento-in-continuo-per-sei-mesi\/","url":"https:\/\/www.bellunopress.it\/2019\/11\/20\/tavolo-tecnico-hydro-di-feltre-deciso-il-campionamento-in-continuo-per-sei-mesi\/","name":"Tavolo tecnico Hydro di Feltre: deciso il campionamento \"in continuo\" per sei mesi - Bellunopress - Dolomiti","isPartOf":{"@id":"https:\/\/www.bellunopress.it\/#website"},"primaryImageOfPage":{"@id":"https:\/\/www.bellunopress.it\/2019\/11\/20\/tavolo-tecnico-hydro-di-feltre-deciso-il-campionamento-in-continuo-per-sei-mesi\/#primaryimage"},"image":{"@id":"https:\/\/www.bellunopress.it\/2019\/11\/20\/tavolo-tecnico-hydro-di-feltre-deciso-il-campionamento-in-continuo-per-sei-mesi\/#primaryimage"},"thumbnailUrl":"http:\/\/www.bellunopress.it\/wp-content\/uploads\/2009\/03\/palazzo-piloni-sede-provincia.jpg","datePublished":"2019-11-20T17:31:14+00:00","breadcrumb":{"@id":"https:\/\/www.bellunopress.it\/2019\/11\/20\/tavolo-tecnico-hydro-di-feltre-deciso-il-campionamento-in-continuo-per-sei-mesi\/#breadcrumb"},"inLanguage":"fr-FR","potentialAction":[{"@type":"ReadAction","target":["https:\/\/www.bellunopress.it\/2019\/11\/20\/tavolo-tecnico-hydro-di-feltre-deciso-il-campionamento-in-continuo-per-sei-mesi\/"]}]},{"@type":"ImageObject","inLanguage":"fr-FR","@id":"https:\/\/www.bellunopress.it\/2019\/11\/20\/tavolo-tecnico-hydro-di-feltre-deciso-il-campionamento-in-continuo-per-sei-mesi\/#primaryimage","url":"http:\/\/www.bellunopress.it\/wp-content\/uploads\/2009\/03\/palazzo-piloni-sede-provincia.jpg","contentUrl":"http:\/\/www.bellunopress.it\/wp-content\/uploads\/2009\/03\/palazzo-piloni-sede-provincia.jpg"},{"@type":"BreadcrumbList","@id":"https:\/\/www.bellunopress.it\/2019\/11\/20\/tavolo-tecnico-hydro-di-feltre-deciso-il-campionamento-in-continuo-per-sei-mesi\/#breadcrumb","itemListElement":[{"@type":"ListItem","position":1,"name":"Home","item":"https:\/\/www.bellunopress.it\/"},{"@type":"ListItem","position":2,"name":"Tavolo tecnico Hydro di Feltre: deciso il campionamento &#8220;in continuo&#8221; per sei mesi"}]},{"@type":"WebSite","@id":"https:\/\/www.bellunopress.it\/#website","url":"https:\/\/www.bellunopress.it\/","name":"Bellunopress - Dolomiti","description":"e-mail: redazione@bellunopress.it","publisher":{"@id":"https:\/\/www.bellunopress.it\/#organization"},"potentialAction":[{"@type":"SearchAction","target":{"@type":"EntryPoint","urlTemplate":"https:\/\/www.bellunopress.it\/?s={search_term_string}"},"query-input":{"@type":"PropertyValueSpecification","valueRequired":true,"valueName":"search_term_string"}}],"inLanguage":"fr-FR"},{"@type":"Organization","@id":"https:\/\/www.bellunopress.it\/#organization","name":"Bellunopress","url":"https:\/\/www.bellunopress.it\/","logo":{"@type":"ImageObject","inLanguage":"fr-FR","@id":"https:\/\/www.bellunopress.it\/#\/schema\/logo\/image\/","url":"https:\/\/www.bellunopress.it\/wp-content\/uploads\/2011\/05\/cropped-logo-bellunopress-.jpg","contentUrl":"https:\/\/www.bellunopress.it\/wp-content\/uploads\/2011\/05\/cropped-logo-bellunopress-.jpg","width":512,"height":512,"caption":"Bellunopress"},"image":{"@id":"https:\/\/www.bellunopress.it\/#\/schema\/logo\/image\/"},"sameAs":["https:\/\/www.facebook.com\/profile.php?id=100008943462799","https:\/\/x.com\/bellunopress","https:\/\/www.linkedin.com\/hp\/?dnr=JBzUWaJfMUw8vbXJJ2tVW5-I3jZKvC4wsoxE&amp;amp;amp;amp;amp;amp;trk=nav_responsive_tab_home","https:\/\/www.youtube.com\/channel\/UCxL0wu1uN0_3_7hGG0306cw"]},{"@type":"Person","@id":"https:\/\/www.bellunopress.it\/#\/schema\/person\/79bb06722b37ece1c03d3e94beb30d73","name":"r\u00e9daction","image":{"@type":"ImageObject","inLanguage":"fr-FR","@id":"https:\/\/secure.gravatar.com\/avatar\/37d968a2e67a6fd04c169c4bdef102d0bc5d31b2546345219e348575eb80e9a0?s=96&d=mm&r=g","url":"https:\/\/secure.gravatar.com\/avatar\/37d968a2e67a6fd04c169c4bdef102d0bc5d31b2546345219e348575eb80e9a0?s=96&d=mm&r=g","contentUrl":"https:\/\/secure.gravatar.com\/avatar\/37d968a2e67a6fd04c169c4bdef102d0bc5d31b2546345219e348575eb80e9a0?s=96&d=mm&r=g","caption":"redazione"},"sameAs":["http:\/\/www.bellunopress.it","https:\/\/x.com\/bellunopress"],"url":"https:\/\/www.bellunopress.it\/fr\/author\/redazione\/"}]}},"_links":{"self":[{"href":"https:\/\/www.bellunopress.it\/fr\/wp-json\/wp\/v2\/posts\/109790","targetHints":{"allow":["GET"]}}],"collection":[{"href":"https:\/\/www.bellunopress.it\/fr\/wp-json\/wp\/v2\/posts"}],"about":[{"href":"https:\/\/www.bellunopress.it\/fr\/wp-json\/wp\/v2\/types\/post"}],"author":[{"embeddable":true,"href":"https:\/\/www.bellunopress.it\/fr\/wp-json\/wp\/v2\/users\/2"}],"replies":[{"embeddable":true,"href":"https:\/\/www.bellunopress.it\/fr\/wp-json\/wp\/v2\/comments?post=109790"}],"version-history":[{"count":1,"href":"https:\/\/www.bellunopress.it\/fr\/wp-json\/wp\/v2\/posts\/109790\/revisions"}],"predecessor-version":[{"id":109791,"href":"https:\/\/www.bellunopress.it\/fr\/wp-json\/wp\/v2\/posts\/109790\/revisions\/109791"}],"wp:attachment":[{"href":"https:\/\/www.bellunopress.it\/fr\/wp-json\/wp\/v2\/media?parent=109790"}],"wp:term":[{"taxonomy":"category","embeddable":true,"href":"https:\/\/www.bellunopress.it\/fr\/wp-json\/wp\/v2\/categories?post=109790"},{"taxonomy":"post_tag","embeddable":true,"href":"https:\/\/www.bellunopress.it\/fr\/wp-json\/wp\/v2\/tags?post=109790"}],"curies":[{"name":"wp","href":"https:\/\/api.w.org\/{rel}","templated":true}]}}