{"id":109786,"date":"2019-11-20T18:20:20","date_gmt":"2019-11-20T17:20:20","guid":{"rendered":"http:\/\/www.bellunopress.it\/?p=109786"},"modified":"2019-11-20T18:20:20","modified_gmt":"2019-11-20T17:20:20","slug":"approvata-la-mozione-per-venezia-de-carlo-cambiamenti-climatici-sottovalutati-ambientalismo-del-no-e-burocrazia-penalizzano-i-territori","status":"publish","type":"post","link":"https:\/\/www.bellunopress.it\/fr\/2019\/11\/20\/approvata-la-mozione-per-venezia-de-carlo-cambiamenti-climatici-sottovalutati-ambientalismo-del-no-e-burocrazia-penalizzano-i-territori\/","title":{"rendered":"Approvata la mozione per Venezia. De Carlo: \u201cCambiamenti climatici sottovalutati. Ambientalismo del no e burocrazia penalizzano i territori\u201d"},"content":{"rendered":"<figure id=\"attachment_109446\" aria-describedby=\"caption-attachment-109446\" style=\"width: 247px\" class=\"wp-caption alignleft\"><a href=\"http:\/\/www.bellunopress.it\/fr\/2019\/11\/10\/politica-province-solidarieta-ambiente-de-carlo-chiude-lassemblea-provinciale-di-fratelli-ditalia\/luca-de-carlo-5\/\" rel=\"attachment wp-att-109446\"><img loading=\"lazy\" decoding=\"async\" class=\"size-full wp-image-109446\" src=\"http:\/\/www.bellunopress.it\/wp-content\/uploads\/2019\/11\/Luca-De-Carlo.jpg\" alt=\"\" width=\"247\" height=\"300\" \/><\/a><figcaption id=\"caption-attachment-109446\" class=\"wp-caption-text\">Luca De Carlo, deputato e sindaco di Calalzo di Cadore<\/figcaption><\/figure>\n<p>\u00c8 stata approvata nella serata di marted\u00ec 19 la mozione del deputato di Fratelli d&#8217;Italia e Sindaco di Calalzo di Cadore, Luca De Carlo, a sostegno di Venezia e delle localit\u00e0 del litorale veneto.<\/p>\n<p>De Carlo ha esordito ricordando tutte le localit\u00e0 colpite dal maltempo nei giorni scorsi, dal Veneziano fino al Lazio, all&#8217;Abruzzo, a Matera, al Bellunese: \u201cFrane, allagamenti e esondazioni si sono registrate in tutta la provincia, che appena un anno fa era stata colpita e devastata dalla tempesta Vaia. Nel mio Cadore sono ancora migliaia i tronchi a terra, quegli stessi tronchi sui quali poggia Venezia e che ci legano indissolubilmente alla laguna: per questo, \u00e8 doveroso intervenire\u201d.<\/p>\n<p>Parte da questi presupposti il ragionamento del deputato cadorino: \u201cDobbiamo prendere atto dei cambiamenti climatici in corso: lo scorso anno Vaia, quest&#8217;anno questo. Non \u00e8 un caso che tragedie cos\u00ec accadano frequentemente su tutta la penisola italiana\u201d, ha sottolineato De Carlo. \u201cVenezia, fino al 2000, in 120 anni di storia aveva fatto registrare nove maree oltre i 140 cm; dal 2000 ad oggi sono ben 11, praticamente una ogni anno. Sono evidenti i segni del cambiamento climatico, con effetti diversi, ma ugualmente devastanti, in laguna, sulle coste, nelle realt\u00e0 dell&#8217;entroterra e nelle aree montane. Dobbiamo interrogarci: siamo davvero consapevoli di cosa sta accadendo?<\/p>\n<p>Il mondo si divide tra gli estremi del negazionismo e dell&#8217;oltranzismo alla Greta: servono interventi pragmatici, meno chiacchiere e filosofia e pi\u00f9 azioni concrete\u201d.<\/p>\n<p>Oltre a un esame di coscienza, De Carlo chiede che vengano prese misure efficaci: \u201cIn questi anni, non si \u00e8 investito nel comparto della sicurezza idrogeologica e si \u00e8 sottovalutato il fenomeno del cambiamento climatico. A tutto questo, si sono aggiunti burocrazia, vincoli e l&#8217; \u201cambientalismo del no\u201d che hanno penalizzato e stanno penalizzando tutti i territori, dalle Dolomiti alla laguna. Per colpa di tutto questo, dall&#8217;alluvione del 1966 a oggi a Firenze sono state realizzate appena il 25% delle opere previste, rallentate dalla burocrazia asfissiante, dai vincoli, dagli espropri e dai ricorsi, dal timore degli amministratori, abbandonati a loro stessi, di finire in galera per una firma messa o non messa. Oggi i fiumi sono pieni di ghiaia, ma come sindaci non possiamo intervenire per ripulirli, senn\u00f2 veniamo bollati come ladri; cos\u00ec, nei letti dei fiumi crescono gli alberi, che poi con i primi temporali partono verso valle, ostruiscono strade e ponti formando dighe e causando esondazioni, con tutti quei danni pesantissimi che oggi vediamo e denunciamo\u201d.<\/p>\n<p>\u201cSono mancate programmazione e risorse\u201d, denuncia De Carlo \u201ce per questo \u00e8 necessario che l\u2019Europa riconosca la nostra specificit\u00e0 orografica e quindi non conteggi le spese sostenute per la prevenzione e per il ripristino dei danni ai fini del patto di stabilit\u00e0 interno. Dopodich\u00e9, bisogna lavorare e poter lavorare: i corrotti devono andare in galera, ma a questo Paese servono interventi sui territori; gli amministratori onesti devono poter operare per dare ai cittadini le risposte, le azioni e la concretezza che si aspettano e che si meritano dallo Stato. A chi ama generalizzare, criminalizzando chiunque faccia appalti, magari come gli amici del Movimento 5 Stelle senza neanche aver mai o quasi mai amministrato, voglio ricordare solo una frase di Don Milani: \u00e8 inutile avere le mani pulite se poi si tengono in tasca\u201d.<\/p>","protected":false},"excerpt":{"rendered":"<p>\u00c8 stata approvata nella serata di marted\u00ec 19 la mozione del deputato di Fratelli d&#8217;Italia e Sindaco di Calalzo di Cadore, Luca De Carlo, a sostegno di Venezia e delle localit\u00e0 del litorale veneto. De Carlo ha esordito ricordando tutte le localit\u00e0 colpite dal maltempo nei giorni scorsi, dal Veneziano fino al Lazio, all&#8217;Abruzzo, a [&hellip;]<\/p>\n","protected":false},"author":2,"featured_media":0,"comment_status":"closed","ping_status":"open","sticky":false,"template":"","format":"standard","meta":{"footnotes":""},"categories":[5,26],"tags":[],"class_list":["post-109786","post","type-post","status-publish","format-standard","category-cronaca","category-prima-pagina"],"yoast_head":"<!-- This site is optimized with the Yoast SEO plugin v28.4 - https:\/\/yoast.com\/product\/yoast-seo-wordpress\/ -->\n<title>Approvata la mozione per Venezia. De Carlo: \u201cCambiamenti climatici sottovalutati. Ambientalismo del no e burocrazia penalizzano i territori\u201d - Bellunopress - Dolomiti<\/title>\n<meta name=\"robots\" content=\"index, follow, max-snippet:-1, max-image-preview:large, max-video-preview:-1\" \/>\n<link rel=\"canonical\" href=\"https:\/\/www.bellunopress.it\/fr\/2019\/11\/20\/approvata-la-mozione-per-venezia-de-carlo-cambiamenti-climatici-sottovalutati-ambientalismo-del-no-e-burocrazia-penalizzano-i-territori\/\" \/>\n<meta property=\"og:locale\" content=\"fr_FR\" \/>\n<meta property=\"og:type\" content=\"article\" \/>\n<meta property=\"og:title\" content=\"Approvata la mozione per Venezia. De Carlo: \u201cCambiamenti climatici sottovalutati. Ambientalismo del no e burocrazia penalizzano i territori\u201d - Bellunopress - Dolomiti\" \/>\n<meta property=\"og:description\" content=\"\u00c8 stata approvata nella serata di marted\u00ec 19 la mozione del deputato di Fratelli d&#8217;Italia e Sindaco di Calalzo di Cadore, Luca De Carlo, a sostegno di Venezia e delle localit\u00e0 del litorale veneto. De Carlo ha esordito ricordando tutte le localit\u00e0 colpite dal maltempo nei giorni scorsi, dal Veneziano fino al Lazio, all&#8217;Abruzzo, a [&hellip;]\" \/>\n<meta property=\"og:url\" content=\"https:\/\/www.bellunopress.it\/fr\/2019\/11\/20\/approvata-la-mozione-per-venezia-de-carlo-cambiamenti-climatici-sottovalutati-ambientalismo-del-no-e-burocrazia-penalizzano-i-territori\/\" \/>\n<meta property=\"og:site_name\" content=\"Bellunopress - Dolomiti\" \/>\n<meta property=\"article:publisher\" content=\"https:\/\/www.facebook.com\/profile.php?id=100008943462799\" \/>\n<meta property=\"article:published_time\" content=\"2019-11-20T17:20:20+00:00\" \/>\n<meta property=\"og:image\" content=\"http:\/\/www.bellunopress.it\/wp-content\/uploads\/2019\/11\/Luca-De-Carlo.jpg\" \/>\n<meta name=\"author\" content=\"redazione\" \/>\n<meta name=\"twitter:card\" content=\"summary_large_image\" \/>\n<meta name=\"twitter:creator\" content=\"@bellunopress\" \/>\n<meta name=\"twitter:site\" content=\"@bellunopress\" \/>\n<meta name=\"twitter:label1\" content=\"\u00c9crit par\" \/>\n\t<meta name=\"twitter:data1\" content=\"redazione\" \/>\n\t<meta name=\"twitter:label2\" content=\"Dur\u00e9e de lecture estim\u00e9e\" \/>\n\t<meta name=\"twitter:data2\" content=\"3 minutes\" \/>\n<script type=\"application\/ld+json\" class=\"yoast-schema-graph\">{\"@context\":\"https:\\\/\\\/schema.org\",\"@graph\":[{\"@type\":\"Article\",\"@id\":\"https:\\\/\\\/www.bellunopress.it\\\/2019\\\/11\\\/20\\\/approvata-la-mozione-per-venezia-de-carlo-cambiamenti-climatici-sottovalutati-ambientalismo-del-no-e-burocrazia-penalizzano-i-territori\\\/#article\",\"isPartOf\":{\"@id\":\"https:\\\/\\\/www.bellunopress.it\\\/2019\\\/11\\\/20\\\/approvata-la-mozione-per-venezia-de-carlo-cambiamenti-climatici-sottovalutati-ambientalismo-del-no-e-burocrazia-penalizzano-i-territori\\\/\"},\"author\":{\"name\":\"redazione\",\"@id\":\"https:\\\/\\\/www.bellunopress.it\\\/#\\\/schema\\\/person\\\/79bb06722b37ece1c03d3e94beb30d73\"},\"headline\":\"Approvata la mozione per Venezia. De Carlo: \u201cCambiamenti climatici sottovalutati. Ambientalismo del no e burocrazia penalizzano i territori\u201d\",\"datePublished\":\"2019-11-20T17:20:20+00:00\",\"mainEntityOfPage\":{\"@id\":\"https:\\\/\\\/www.bellunopress.it\\\/2019\\\/11\\\/20\\\/approvata-la-mozione-per-venezia-de-carlo-cambiamenti-climatici-sottovalutati-ambientalismo-del-no-e-burocrazia-penalizzano-i-territori\\\/\"},\"wordCount\":565,\"publisher\":{\"@id\":\"https:\\\/\\\/www.bellunopress.it\\\/#organization\"},\"image\":{\"@id\":\"https:\\\/\\\/www.bellunopress.it\\\/2019\\\/11\\\/20\\\/approvata-la-mozione-per-venezia-de-carlo-cambiamenti-climatici-sottovalutati-ambientalismo-del-no-e-burocrazia-penalizzano-i-territori\\\/#primaryimage\"},\"thumbnailUrl\":\"http:\\\/\\\/www.bellunopress.it\\\/wp-content\\\/uploads\\\/2019\\\/11\\\/Luca-De-Carlo.jpg\",\"articleSection\":[\"Cronaca\\\/Politica\",\"Prima Pagina\"],\"inLanguage\":\"fr-FR\"},{\"@type\":\"WebPage\",\"@id\":\"https:\\\/\\\/www.bellunopress.it\\\/2019\\\/11\\\/20\\\/approvata-la-mozione-per-venezia-de-carlo-cambiamenti-climatici-sottovalutati-ambientalismo-del-no-e-burocrazia-penalizzano-i-territori\\\/\",\"url\":\"https:\\\/\\\/www.bellunopress.it\\\/2019\\\/11\\\/20\\\/approvata-la-mozione-per-venezia-de-carlo-cambiamenti-climatici-sottovalutati-ambientalismo-del-no-e-burocrazia-penalizzano-i-territori\\\/\",\"name\":\"Approvata la mozione per Venezia. De Carlo: \u201cCambiamenti climatici sottovalutati. Ambientalismo del no e burocrazia penalizzano i territori\u201d - Bellunopress - Dolomiti\",\"isPartOf\":{\"@id\":\"https:\\\/\\\/www.bellunopress.it\\\/#website\"},\"primaryImageOfPage\":{\"@id\":\"https:\\\/\\\/www.bellunopress.it\\\/2019\\\/11\\\/20\\\/approvata-la-mozione-per-venezia-de-carlo-cambiamenti-climatici-sottovalutati-ambientalismo-del-no-e-burocrazia-penalizzano-i-territori\\\/#primaryimage\"},\"image\":{\"@id\":\"https:\\\/\\\/www.bellunopress.it\\\/2019\\\/11\\\/20\\\/approvata-la-mozione-per-venezia-de-carlo-cambiamenti-climatici-sottovalutati-ambientalismo-del-no-e-burocrazia-penalizzano-i-territori\\\/#primaryimage\"},\"thumbnailUrl\":\"http:\\\/\\\/www.bellunopress.it\\\/wp-content\\\/uploads\\\/2019\\\/11\\\/Luca-De-Carlo.jpg\",\"datePublished\":\"2019-11-20T17:20:20+00:00\",\"breadcrumb\":{\"@id\":\"https:\\\/\\\/www.bellunopress.it\\\/2019\\\/11\\\/20\\\/approvata-la-mozione-per-venezia-de-carlo-cambiamenti-climatici-sottovalutati-ambientalismo-del-no-e-burocrazia-penalizzano-i-territori\\\/#breadcrumb\"},\"inLanguage\":\"fr-FR\",\"potentialAction\":[{\"@type\":\"ReadAction\",\"target\":[\"https:\\\/\\\/www.bellunopress.it\\\/2019\\\/11\\\/20\\\/approvata-la-mozione-per-venezia-de-carlo-cambiamenti-climatici-sottovalutati-ambientalismo-del-no-e-burocrazia-penalizzano-i-territori\\\/\"]}]},{\"@type\":\"ImageObject\",\"inLanguage\":\"fr-FR\",\"@id\":\"https:\\\/\\\/www.bellunopress.it\\\/2019\\\/11\\\/20\\\/approvata-la-mozione-per-venezia-de-carlo-cambiamenti-climatici-sottovalutati-ambientalismo-del-no-e-burocrazia-penalizzano-i-territori\\\/#primaryimage\",\"url\":\"http:\\\/\\\/www.bellunopress.it\\\/wp-content\\\/uploads\\\/2019\\\/11\\\/Luca-De-Carlo.jpg\",\"contentUrl\":\"http:\\\/\\\/www.bellunopress.it\\\/wp-content\\\/uploads\\\/2019\\\/11\\\/Luca-De-Carlo.jpg\"},{\"@type\":\"BreadcrumbList\",\"@id\":\"https:\\\/\\\/www.bellunopress.it\\\/2019\\\/11\\\/20\\\/approvata-la-mozione-per-venezia-de-carlo-cambiamenti-climatici-sottovalutati-ambientalismo-del-no-e-burocrazia-penalizzano-i-territori\\\/#breadcrumb\",\"itemListElement\":[{\"@type\":\"ListItem\",\"position\":1,\"name\":\"Home\",\"item\":\"https:\\\/\\\/www.bellunopress.it\\\/\"},{\"@type\":\"ListItem\",\"position\":2,\"name\":\"Approvata la mozione per Venezia. De Carlo: \u201cCambiamenti climatici sottovalutati. Ambientalismo del no e burocrazia penalizzano i territori\u201d\"}]},{\"@type\":\"WebSite\",\"@id\":\"https:\\\/\\\/www.bellunopress.it\\\/#website\",\"url\":\"https:\\\/\\\/www.bellunopress.it\\\/\",\"name\":\"Bellunopress - Dolomiti\",\"description\":\"e-mail: redazione@bellunopress.it\",\"publisher\":{\"@id\":\"https:\\\/\\\/www.bellunopress.it\\\/#organization\"},\"potentialAction\":[{\"@type\":\"SearchAction\",\"target\":{\"@type\":\"EntryPoint\",\"urlTemplate\":\"https:\\\/\\\/www.bellunopress.it\\\/?s={search_term_string}\"},\"query-input\":{\"@type\":\"PropertyValueSpecification\",\"valueRequired\":true,\"valueName\":\"search_term_string\"}}],\"inLanguage\":\"fr-FR\"},{\"@type\":\"Organization\",\"@id\":\"https:\\\/\\\/www.bellunopress.it\\\/#organization\",\"name\":\"Bellunopress\",\"url\":\"https:\\\/\\\/www.bellunopress.it\\\/\",\"logo\":{\"@type\":\"ImageObject\",\"inLanguage\":\"fr-FR\",\"@id\":\"https:\\\/\\\/www.bellunopress.it\\\/#\\\/schema\\\/logo\\\/image\\\/\",\"url\":\"https:\\\/\\\/www.bellunopress.it\\\/wp-content\\\/uploads\\\/2011\\\/05\\\/cropped-logo-bellunopress-.jpg\",\"contentUrl\":\"https:\\\/\\\/www.bellunopress.it\\\/wp-content\\\/uploads\\\/2011\\\/05\\\/cropped-logo-bellunopress-.jpg\",\"width\":512,\"height\":512,\"caption\":\"Bellunopress\"},\"image\":{\"@id\":\"https:\\\/\\\/www.bellunopress.it\\\/#\\\/schema\\\/logo\\\/image\\\/\"},\"sameAs\":[\"https:\\\/\\\/www.facebook.com\\\/profile.php?id=100008943462799\",\"https:\\\/\\\/x.com\\\/bellunopress\",\"https:\\\/\\\/www.linkedin.com\\\/hp\\\/?dnr=JBzUWaJfMUw8vbXJJ2tVW5-I3jZKvC4wsoxE&amp;amp;amp;amp;amp;amp;trk=nav_responsive_tab_home\",\"https:\\\/\\\/www.youtube.com\\\/channel\\\/UCxL0wu1uN0_3_7hGG0306cw\"]},{\"@type\":\"Person\",\"@id\":\"https:\\\/\\\/www.bellunopress.it\\\/#\\\/schema\\\/person\\\/79bb06722b37ece1c03d3e94beb30d73\",\"name\":\"redazione\",\"image\":{\"@type\":\"ImageObject\",\"inLanguage\":\"fr-FR\",\"@id\":\"https:\\\/\\\/secure.gravatar.com\\\/avatar\\\/37d968a2e67a6fd04c169c4bdef102d0bc5d31b2546345219e348575eb80e9a0?s=96&d=mm&r=g\",\"url\":\"https:\\\/\\\/secure.gravatar.com\\\/avatar\\\/37d968a2e67a6fd04c169c4bdef102d0bc5d31b2546345219e348575eb80e9a0?s=96&d=mm&r=g\",\"contentUrl\":\"https:\\\/\\\/secure.gravatar.com\\\/avatar\\\/37d968a2e67a6fd04c169c4bdef102d0bc5d31b2546345219e348575eb80e9a0?s=96&d=mm&r=g\",\"caption\":\"redazione\"},\"sameAs\":[\"http:\\\/\\\/www.bellunopress.it\",\"https:\\\/\\\/x.com\\\/bellunopress\"],\"url\":\"https:\\\/\\\/www.bellunopress.it\\\/fr\\\/author\\\/redazione\\\/\"}]}<\/script>\n<!-- \/ Yoast SEO plugin. -->","yoast_head_json":{"title":"Approvata la mozione per Venezia. De Carlo: \u201cCambiamenti climatici sottovalutati. Ambientalismo del no e burocrazia penalizzano i territori\u201d - Bellunopress - Dolomiti","robots":{"index":"index","follow":"follow","max-snippet":"max-snippet:-1","max-image-preview":"max-image-preview:large","max-video-preview":"max-video-preview:-1"},"canonical":"https:\/\/www.bellunopress.it\/fr\/2019\/11\/20\/approvata-la-mozione-per-venezia-de-carlo-cambiamenti-climatici-sottovalutati-ambientalismo-del-no-e-burocrazia-penalizzano-i-territori\/","og_locale":"fr_FR","og_type":"article","og_title":"Approvata la mozione per Venezia. De Carlo: \u201cCambiamenti climatici sottovalutati. Ambientalismo del no e burocrazia penalizzano i territori\u201d - Bellunopress - Dolomiti","og_description":"\u00c8 stata approvata nella serata di marted\u00ec 19 la mozione del deputato di Fratelli d&#8217;Italia e Sindaco di Calalzo di Cadore, Luca De Carlo, a sostegno di Venezia e delle localit\u00e0 del litorale veneto. De Carlo ha esordito ricordando tutte le localit\u00e0 colpite dal maltempo nei giorni scorsi, dal Veneziano fino al Lazio, all&#8217;Abruzzo, a [&hellip;]","og_url":"https:\/\/www.bellunopress.it\/fr\/2019\/11\/20\/approvata-la-mozione-per-venezia-de-carlo-cambiamenti-climatici-sottovalutati-ambientalismo-del-no-e-burocrazia-penalizzano-i-territori\/","og_site_name":"Bellunopress - Dolomiti","article_publisher":"https:\/\/www.facebook.com\/profile.php?id=100008943462799","article_published_time":"2019-11-20T17:20:20+00:00","og_image":[{"url":"http:\/\/www.bellunopress.it\/wp-content\/uploads\/2019\/11\/Luca-De-Carlo.jpg","type":"","width":"","height":""}],"author":"redazione","twitter_card":"summary_large_image","twitter_creator":"@bellunopress","twitter_site":"@bellunopress","twitter_misc":{"\u00c9crit par":"redazione","Dur\u00e9e de lecture estim\u00e9e":"3 minutes"},"schema":{"@context":"https:\/\/schema.org","@graph":[{"@type":"Article","@id":"https:\/\/www.bellunopress.it\/2019\/11\/20\/approvata-la-mozione-per-venezia-de-carlo-cambiamenti-climatici-sottovalutati-ambientalismo-del-no-e-burocrazia-penalizzano-i-territori\/#article","isPartOf":{"@id":"https:\/\/www.bellunopress.it\/2019\/11\/20\/approvata-la-mozione-per-venezia-de-carlo-cambiamenti-climatici-sottovalutati-ambientalismo-del-no-e-burocrazia-penalizzano-i-territori\/"},"author":{"name":"redazione","@id":"https:\/\/www.bellunopress.it\/#\/schema\/person\/79bb06722b37ece1c03d3e94beb30d73"},"headline":"Approvata la mozione per Venezia. De Carlo: \u201cCambiamenti climatici sottovalutati. Ambientalismo del no e burocrazia penalizzano i territori\u201d","datePublished":"2019-11-20T17:20:20+00:00","mainEntityOfPage":{"@id":"https:\/\/www.bellunopress.it\/2019\/11\/20\/approvata-la-mozione-per-venezia-de-carlo-cambiamenti-climatici-sottovalutati-ambientalismo-del-no-e-burocrazia-penalizzano-i-territori\/"},"wordCount":565,"publisher":{"@id":"https:\/\/www.bellunopress.it\/#organization"},"image":{"@id":"https:\/\/www.bellunopress.it\/2019\/11\/20\/approvata-la-mozione-per-venezia-de-carlo-cambiamenti-climatici-sottovalutati-ambientalismo-del-no-e-burocrazia-penalizzano-i-territori\/#primaryimage"},"thumbnailUrl":"http:\/\/www.bellunopress.it\/wp-content\/uploads\/2019\/11\/Luca-De-Carlo.jpg","articleSection":["Cronaca\/Politica","Prima Pagina"],"inLanguage":"fr-FR"},{"@type":"WebPage","@id":"https:\/\/www.bellunopress.it\/2019\/11\/20\/approvata-la-mozione-per-venezia-de-carlo-cambiamenti-climatici-sottovalutati-ambientalismo-del-no-e-burocrazia-penalizzano-i-territori\/","url":"https:\/\/www.bellunopress.it\/2019\/11\/20\/approvata-la-mozione-per-venezia-de-carlo-cambiamenti-climatici-sottovalutati-ambientalismo-del-no-e-burocrazia-penalizzano-i-territori\/","name":"Approvata la mozione per Venezia. De Carlo: \u201cCambiamenti climatici sottovalutati. Ambientalismo del no e burocrazia penalizzano i territori\u201d - Bellunopress - Dolomiti","isPartOf":{"@id":"https:\/\/www.bellunopress.it\/#website"},"primaryImageOfPage":{"@id":"https:\/\/www.bellunopress.it\/2019\/11\/20\/approvata-la-mozione-per-venezia-de-carlo-cambiamenti-climatici-sottovalutati-ambientalismo-del-no-e-burocrazia-penalizzano-i-territori\/#primaryimage"},"image":{"@id":"https:\/\/www.bellunopress.it\/2019\/11\/20\/approvata-la-mozione-per-venezia-de-carlo-cambiamenti-climatici-sottovalutati-ambientalismo-del-no-e-burocrazia-penalizzano-i-territori\/#primaryimage"},"thumbnailUrl":"http:\/\/www.bellunopress.it\/wp-content\/uploads\/2019\/11\/Luca-De-Carlo.jpg","datePublished":"2019-11-20T17:20:20+00:00","breadcrumb":{"@id":"https:\/\/www.bellunopress.it\/2019\/11\/20\/approvata-la-mozione-per-venezia-de-carlo-cambiamenti-climatici-sottovalutati-ambientalismo-del-no-e-burocrazia-penalizzano-i-territori\/#breadcrumb"},"inLanguage":"fr-FR","potentialAction":[{"@type":"ReadAction","target":["https:\/\/www.bellunopress.it\/2019\/11\/20\/approvata-la-mozione-per-venezia-de-carlo-cambiamenti-climatici-sottovalutati-ambientalismo-del-no-e-burocrazia-penalizzano-i-territori\/"]}]},{"@type":"ImageObject","inLanguage":"fr-FR","@id":"https:\/\/www.bellunopress.it\/2019\/11\/20\/approvata-la-mozione-per-venezia-de-carlo-cambiamenti-climatici-sottovalutati-ambientalismo-del-no-e-burocrazia-penalizzano-i-territori\/#primaryimage","url":"http:\/\/www.bellunopress.it\/wp-content\/uploads\/2019\/11\/Luca-De-Carlo.jpg","contentUrl":"http:\/\/www.bellunopress.it\/wp-content\/uploads\/2019\/11\/Luca-De-Carlo.jpg"},{"@type":"BreadcrumbList","@id":"https:\/\/www.bellunopress.it\/2019\/11\/20\/approvata-la-mozione-per-venezia-de-carlo-cambiamenti-climatici-sottovalutati-ambientalismo-del-no-e-burocrazia-penalizzano-i-territori\/#breadcrumb","itemListElement":[{"@type":"ListItem","position":1,"name":"Home","item":"https:\/\/www.bellunopress.it\/"},{"@type":"ListItem","position":2,"name":"Approvata la mozione per Venezia. De Carlo: \u201cCambiamenti climatici sottovalutati. Ambientalismo del no e burocrazia penalizzano i territori\u201d"}]},{"@type":"WebSite","@id":"https:\/\/www.bellunopress.it\/#website","url":"https:\/\/www.bellunopress.it\/","name":"Bellunopress - Dolomiti","description":"e-mail: redazione@bellunopress.it","publisher":{"@id":"https:\/\/www.bellunopress.it\/#organization"},"potentialAction":[{"@type":"SearchAction","target":{"@type":"EntryPoint","urlTemplate":"https:\/\/www.bellunopress.it\/?s={search_term_string}"},"query-input":{"@type":"PropertyValueSpecification","valueRequired":true,"valueName":"search_term_string"}}],"inLanguage":"fr-FR"},{"@type":"Organization","@id":"https:\/\/www.bellunopress.it\/#organization","name":"Bellunopress","url":"https:\/\/www.bellunopress.it\/","logo":{"@type":"ImageObject","inLanguage":"fr-FR","@id":"https:\/\/www.bellunopress.it\/#\/schema\/logo\/image\/","url":"https:\/\/www.bellunopress.it\/wp-content\/uploads\/2011\/05\/cropped-logo-bellunopress-.jpg","contentUrl":"https:\/\/www.bellunopress.it\/wp-content\/uploads\/2011\/05\/cropped-logo-bellunopress-.jpg","width":512,"height":512,"caption":"Bellunopress"},"image":{"@id":"https:\/\/www.bellunopress.it\/#\/schema\/logo\/image\/"},"sameAs":["https:\/\/www.facebook.com\/profile.php?id=100008943462799","https:\/\/x.com\/bellunopress","https:\/\/www.linkedin.com\/hp\/?dnr=JBzUWaJfMUw8vbXJJ2tVW5-I3jZKvC4wsoxE&amp;amp;amp;amp;amp;amp;trk=nav_responsive_tab_home","https:\/\/www.youtube.com\/channel\/UCxL0wu1uN0_3_7hGG0306cw"]},{"@type":"Person","@id":"https:\/\/www.bellunopress.it\/#\/schema\/person\/79bb06722b37ece1c03d3e94beb30d73","name":"r\u00e9daction","image":{"@type":"ImageObject","inLanguage":"fr-FR","@id":"https:\/\/secure.gravatar.com\/avatar\/37d968a2e67a6fd04c169c4bdef102d0bc5d31b2546345219e348575eb80e9a0?s=96&d=mm&r=g","url":"https:\/\/secure.gravatar.com\/avatar\/37d968a2e67a6fd04c169c4bdef102d0bc5d31b2546345219e348575eb80e9a0?s=96&d=mm&r=g","contentUrl":"https:\/\/secure.gravatar.com\/avatar\/37d968a2e67a6fd04c169c4bdef102d0bc5d31b2546345219e348575eb80e9a0?s=96&d=mm&r=g","caption":"redazione"},"sameAs":["http:\/\/www.bellunopress.it","https:\/\/x.com\/bellunopress"],"url":"https:\/\/www.bellunopress.it\/fr\/author\/redazione\/"}]}},"_links":{"self":[{"href":"https:\/\/www.bellunopress.it\/fr\/wp-json\/wp\/v2\/posts\/109786","targetHints":{"allow":["GET"]}}],"collection":[{"href":"https:\/\/www.bellunopress.it\/fr\/wp-json\/wp\/v2\/posts"}],"about":[{"href":"https:\/\/www.bellunopress.it\/fr\/wp-json\/wp\/v2\/types\/post"}],"author":[{"embeddable":true,"href":"https:\/\/www.bellunopress.it\/fr\/wp-json\/wp\/v2\/users\/2"}],"replies":[{"embeddable":true,"href":"https:\/\/www.bellunopress.it\/fr\/wp-json\/wp\/v2\/comments?post=109786"}],"version-history":[{"count":1,"href":"https:\/\/www.bellunopress.it\/fr\/wp-json\/wp\/v2\/posts\/109786\/revisions"}],"predecessor-version":[{"id":109787,"href":"https:\/\/www.bellunopress.it\/fr\/wp-json\/wp\/v2\/posts\/109786\/revisions\/109787"}],"wp:attachment":[{"href":"https:\/\/www.bellunopress.it\/fr\/wp-json\/wp\/v2\/media?parent=109786"}],"wp:term":[{"taxonomy":"category","embeddable":true,"href":"https:\/\/www.bellunopress.it\/fr\/wp-json\/wp\/v2\/categories?post=109786"},{"taxonomy":"post_tag","embeddable":true,"href":"https:\/\/www.bellunopress.it\/fr\/wp-json\/wp\/v2\/tags?post=109786"}],"curies":[{"name":"wp","href":"https:\/\/api.w.org\/{rel}","templated":true}]}}