{"id":109784,"date":"2019-11-20T18:12:09","date_gmt":"2019-11-20T17:12:09","guid":{"rendered":"http:\/\/www.bellunopress.it\/?p=109784"},"modified":"2019-11-20T18:12:09","modified_gmt":"2019-11-20T17:12:09","slug":"autonomia-de-menech-pronti-ad-affrontare-il-tema-gia-nella-legge-di-bilancio","status":"publish","type":"post","link":"https:\/\/www.bellunopress.it\/fr\/2019\/11\/20\/autonomia-de-menech-pronti-ad-affrontare-il-tema-gia-nella-legge-di-bilancio\/","title":{"rendered":"Autonomia. De Menech: &#8220;Pronti ad affrontare il tema gi\u00e0 nella legge di Bilancio&#8221;"},"content":{"rendered":"<figure id=\"attachment_102271\" aria-describedby=\"caption-attachment-102271\" style=\"width: 357px\" class=\"wp-caption alignleft\"><a href=\"http:\/\/www.bellunopress.it\/fr\/2019\/02\/21\/autonomia-il-ministro-stefani-risponde-alle-domande-di-de-menech-non-ce-alcuna-intesa-al-momento-solo-bozze-di-lavoro-autonomia-dovra-rispettare-articolo-81-della-costituzione\/roger-de-menech-357x250\/\" rel=\"attachment wp-att-102271\"><img loading=\"lazy\" decoding=\"async\" class=\"size-full wp-image-102271\" src=\"http:\/\/www.bellunopress.it\/wp-content\/uploads\/2019\/02\/roger-de-menech-357x250.jpg\" alt=\"\" width=\"357\" height=\"250\" \/><\/a><figcaption id=\"caption-attachment-102271\" class=\"wp-caption-text\">Roger De Menech<\/figcaption><\/figure>\n<p>&#8220;Sul tema delle autonomie territoriali, finalmente si passe dalle parole ai fatti, da un&#8217;autonomia solo sbandierata per i comizi, a un&#8217;autonomia finalmente praticata nei fatti.<\/p>\n<p>Lo dichiara l&#8217;onorevole Roger De Menech , deputato del Partito democratico, a margine del Question Time.<\/p>\n<p>&#8220;La legge quadro che il ministro Boccia ha annunciato \u00e8 il primo passo per portare a casa quel risultato che da troppi anni i cittadini di tutto il paese attendono. Un&#8217;autonomia responsabile, un&#8217;autonomia dei territori, che torna a dare efficienza ed efficacia al servizio pubblico. Bene dunque la legge quadro, e bene il rafforzamento contenuto al suo interno dell&#8217;interazione tra governo, Parlamento e territori. L&#8217;autonomia deve basarsi sul principio di sussidiariet\u00e0 che avvicini il servizio pubblico ai territori, non vogliamo costruire nuovi centralismi. Vogliamo ridurre la distanza d&#8217;infrastrutture non soltanto tra il nord e il sud ma anche quella all&#8217;interno delle stesse regioni. L&#8217;autonomia pu\u00f2 consentire di colmare questi gap e di dare a tutti la stessa opportunit\u00e0 di sviluppo. Per queste ragioni siamo pronti a portare avanti il tema gi\u00e0 nella prossima legge di Bilancio&#8221;.<\/p>\n<p>&nbsp;<\/p>","protected":false},"excerpt":{"rendered":"<p>&#8220;Sul tema delle autonomie territoriali, finalmente si passe dalle parole ai fatti, da un&#8217;autonomia solo sbandierata per i comizi, a un&#8217;autonomia finalmente praticata nei fatti. Lo dichiara l&#8217;onorevole Roger De Menech , deputato del Partito democratico, a margine del Question Time. &#8220;La legge quadro che il ministro Boccia ha annunciato \u00e8 il primo passo per [&hellip;]<\/p>\n","protected":false},"author":2,"featured_media":0,"comment_status":"closed","ping_status":"open","sticky":false,"template":"","format":"standard","meta":{"footnotes":""},"categories":[5,26],"tags":[],"class_list":["post-109784","post","type-post","status-publish","format-standard","category-cronaca","category-prima-pagina"],"yoast_head":"<!-- This site is optimized with the Yoast SEO plugin v28.4 - https:\/\/yoast.com\/product\/yoast-seo-wordpress\/ -->\n<title>Autonomia. De Menech: &quot;Pronti ad affrontare il tema gi\u00e0 nella legge di Bilancio&quot; - Bellunopress - Dolomiti<\/title>\n<meta name=\"robots\" content=\"index, follow, max-snippet:-1, max-image-preview:large, max-video-preview:-1\" \/>\n<link rel=\"canonical\" href=\"https:\/\/www.bellunopress.it\/fr\/2019\/11\/20\/autonomia-de-menech-pronti-ad-affrontare-il-tema-gia-nella-legge-di-bilancio\/\" \/>\n<meta property=\"og:locale\" content=\"fr_FR\" \/>\n<meta property=\"og:type\" content=\"article\" \/>\n<meta property=\"og:title\" content=\"Autonomia. De Menech: &quot;Pronti ad affrontare il tema gi\u00e0 nella legge di Bilancio&quot; - Bellunopress - Dolomiti\" \/>\n<meta property=\"og:description\" content=\"&#8220;Sul tema delle autonomie territoriali, finalmente si passe dalle parole ai fatti, da un&#8217;autonomia solo sbandierata per i comizi, a un&#8217;autonomia finalmente praticata nei fatti. Lo dichiara l&#8217;onorevole Roger De Menech , deputato del Partito democratico, a margine del Question Time. &#8220;La legge quadro che il ministro Boccia ha annunciato \u00e8 il primo passo per [&hellip;]\" \/>\n<meta property=\"og:url\" content=\"https:\/\/www.bellunopress.it\/fr\/2019\/11\/20\/autonomia-de-menech-pronti-ad-affrontare-il-tema-gia-nella-legge-di-bilancio\/\" \/>\n<meta property=\"og:site_name\" content=\"Bellunopress - Dolomiti\" \/>\n<meta property=\"article:publisher\" content=\"https:\/\/www.facebook.com\/profile.php?id=100008943462799\" \/>\n<meta property=\"article:published_time\" content=\"2019-11-20T17:12:09+00:00\" \/>\n<meta property=\"og:image\" content=\"http:\/\/www.bellunopress.it\/wp-content\/uploads\/2019\/02\/roger-de-menech-357x250.jpg\" \/>\n<meta name=\"author\" content=\"redazione\" \/>\n<meta name=\"twitter:card\" content=\"summary_large_image\" \/>\n<meta name=\"twitter:creator\" content=\"@bellunopress\" \/>\n<meta name=\"twitter:site\" content=\"@bellunopress\" \/>\n<meta name=\"twitter:label1\" content=\"\u00c9crit par\" \/>\n\t<meta name=\"twitter:data1\" content=\"redazione\" \/>\n\t<meta name=\"twitter:label2\" content=\"Dur\u00e9e de lecture estim\u00e9e\" \/>\n\t<meta name=\"twitter:data2\" content=\"1 minute\" \/>\n<script type=\"application\/ld+json\" class=\"yoast-schema-graph\">{\"@context\":\"https:\\\/\\\/schema.org\",\"@graph\":[{\"@type\":\"Article\",\"@id\":\"https:\\\/\\\/www.bellunopress.it\\\/2019\\\/11\\\/20\\\/autonomia-de-menech-pronti-ad-affrontare-il-tema-gia-nella-legge-di-bilancio\\\/#article\",\"isPartOf\":{\"@id\":\"https:\\\/\\\/www.bellunopress.it\\\/2019\\\/11\\\/20\\\/autonomia-de-menech-pronti-ad-affrontare-il-tema-gia-nella-legge-di-bilancio\\\/\"},\"author\":{\"name\":\"redazione\",\"@id\":\"https:\\\/\\\/www.bellunopress.it\\\/#\\\/schema\\\/person\\\/79bb06722b37ece1c03d3e94beb30d73\"},\"headline\":\"Autonomia. De Menech: &#8220;Pronti ad affrontare il tema gi\u00e0 nella legge di Bilancio&#8221;\",\"datePublished\":\"2019-11-20T17:12:09+00:00\",\"mainEntityOfPage\":{\"@id\":\"https:\\\/\\\/www.bellunopress.it\\\/2019\\\/11\\\/20\\\/autonomia-de-menech-pronti-ad-affrontare-il-tema-gia-nella-legge-di-bilancio\\\/\"},\"wordCount\":209,\"publisher\":{\"@id\":\"https:\\\/\\\/www.bellunopress.it\\\/#organization\"},\"image\":{\"@id\":\"https:\\\/\\\/www.bellunopress.it\\\/2019\\\/11\\\/20\\\/autonomia-de-menech-pronti-ad-affrontare-il-tema-gia-nella-legge-di-bilancio\\\/#primaryimage\"},\"thumbnailUrl\":\"http:\\\/\\\/www.bellunopress.it\\\/wp-content\\\/uploads\\\/2019\\\/02\\\/roger-de-menech-357x250.jpg\",\"articleSection\":[\"Cronaca\\\/Politica\",\"Prima Pagina\"],\"inLanguage\":\"fr-FR\"},{\"@type\":\"WebPage\",\"@id\":\"https:\\\/\\\/www.bellunopress.it\\\/2019\\\/11\\\/20\\\/autonomia-de-menech-pronti-ad-affrontare-il-tema-gia-nella-legge-di-bilancio\\\/\",\"url\":\"https:\\\/\\\/www.bellunopress.it\\\/2019\\\/11\\\/20\\\/autonomia-de-menech-pronti-ad-affrontare-il-tema-gia-nella-legge-di-bilancio\\\/\",\"name\":\"Autonomia. De Menech: \\\"Pronti ad affrontare il tema gi\u00e0 nella legge di Bilancio\\\" - Bellunopress - Dolomiti\",\"isPartOf\":{\"@id\":\"https:\\\/\\\/www.bellunopress.it\\\/#website\"},\"primaryImageOfPage\":{\"@id\":\"https:\\\/\\\/www.bellunopress.it\\\/2019\\\/11\\\/20\\\/autonomia-de-menech-pronti-ad-affrontare-il-tema-gia-nella-legge-di-bilancio\\\/#primaryimage\"},\"image\":{\"@id\":\"https:\\\/\\\/www.bellunopress.it\\\/2019\\\/11\\\/20\\\/autonomia-de-menech-pronti-ad-affrontare-il-tema-gia-nella-legge-di-bilancio\\\/#primaryimage\"},\"thumbnailUrl\":\"http:\\\/\\\/www.bellunopress.it\\\/wp-content\\\/uploads\\\/2019\\\/02\\\/roger-de-menech-357x250.jpg\",\"datePublished\":\"2019-11-20T17:12:09+00:00\",\"breadcrumb\":{\"@id\":\"https:\\\/\\\/www.bellunopress.it\\\/2019\\\/11\\\/20\\\/autonomia-de-menech-pronti-ad-affrontare-il-tema-gia-nella-legge-di-bilancio\\\/#breadcrumb\"},\"inLanguage\":\"fr-FR\",\"potentialAction\":[{\"@type\":\"ReadAction\",\"target\":[\"https:\\\/\\\/www.bellunopress.it\\\/2019\\\/11\\\/20\\\/autonomia-de-menech-pronti-ad-affrontare-il-tema-gia-nella-legge-di-bilancio\\\/\"]}]},{\"@type\":\"ImageObject\",\"inLanguage\":\"fr-FR\",\"@id\":\"https:\\\/\\\/www.bellunopress.it\\\/2019\\\/11\\\/20\\\/autonomia-de-menech-pronti-ad-affrontare-il-tema-gia-nella-legge-di-bilancio\\\/#primaryimage\",\"url\":\"http:\\\/\\\/www.bellunopress.it\\\/wp-content\\\/uploads\\\/2019\\\/02\\\/roger-de-menech-357x250.jpg\",\"contentUrl\":\"http:\\\/\\\/www.bellunopress.it\\\/wp-content\\\/uploads\\\/2019\\\/02\\\/roger-de-menech-357x250.jpg\"},{\"@type\":\"BreadcrumbList\",\"@id\":\"https:\\\/\\\/www.bellunopress.it\\\/2019\\\/11\\\/20\\\/autonomia-de-menech-pronti-ad-affrontare-il-tema-gia-nella-legge-di-bilancio\\\/#breadcrumb\",\"itemListElement\":[{\"@type\":\"ListItem\",\"position\":1,\"name\":\"Home\",\"item\":\"https:\\\/\\\/www.bellunopress.it\\\/\"},{\"@type\":\"ListItem\",\"position\":2,\"name\":\"Autonomia. De Menech: &#8220;Pronti ad affrontare il tema gi\u00e0 nella legge di Bilancio&#8221;\"}]},{\"@type\":\"WebSite\",\"@id\":\"https:\\\/\\\/www.bellunopress.it\\\/#website\",\"url\":\"https:\\\/\\\/www.bellunopress.it\\\/\",\"name\":\"Bellunopress - Dolomiti\",\"description\":\"e-mail: redazione@bellunopress.it\",\"publisher\":{\"@id\":\"https:\\\/\\\/www.bellunopress.it\\\/#organization\"},\"potentialAction\":[{\"@type\":\"SearchAction\",\"target\":{\"@type\":\"EntryPoint\",\"urlTemplate\":\"https:\\\/\\\/www.bellunopress.it\\\/?s={search_term_string}\"},\"query-input\":{\"@type\":\"PropertyValueSpecification\",\"valueRequired\":true,\"valueName\":\"search_term_string\"}}],\"inLanguage\":\"fr-FR\"},{\"@type\":\"Organization\",\"@id\":\"https:\\\/\\\/www.bellunopress.it\\\/#organization\",\"name\":\"Bellunopress\",\"url\":\"https:\\\/\\\/www.bellunopress.it\\\/\",\"logo\":{\"@type\":\"ImageObject\",\"inLanguage\":\"fr-FR\",\"@id\":\"https:\\\/\\\/www.bellunopress.it\\\/#\\\/schema\\\/logo\\\/image\\\/\",\"url\":\"https:\\\/\\\/www.bellunopress.it\\\/wp-content\\\/uploads\\\/2011\\\/05\\\/cropped-logo-bellunopress-.jpg\",\"contentUrl\":\"https:\\\/\\\/www.bellunopress.it\\\/wp-content\\\/uploads\\\/2011\\\/05\\\/cropped-logo-bellunopress-.jpg\",\"width\":512,\"height\":512,\"caption\":\"Bellunopress\"},\"image\":{\"@id\":\"https:\\\/\\\/www.bellunopress.it\\\/#\\\/schema\\\/logo\\\/image\\\/\"},\"sameAs\":[\"https:\\\/\\\/www.facebook.com\\\/profile.php?id=100008943462799\",\"https:\\\/\\\/x.com\\\/bellunopress\",\"https:\\\/\\\/www.linkedin.com\\\/hp\\\/?dnr=JBzUWaJfMUw8vbXJJ2tVW5-I3jZKvC4wsoxE&amp;amp;amp;amp;amp;amp;trk=nav_responsive_tab_home\",\"https:\\\/\\\/www.youtube.com\\\/channel\\\/UCxL0wu1uN0_3_7hGG0306cw\"]},{\"@type\":\"Person\",\"@id\":\"https:\\\/\\\/www.bellunopress.it\\\/#\\\/schema\\\/person\\\/79bb06722b37ece1c03d3e94beb30d73\",\"name\":\"redazione\",\"image\":{\"@type\":\"ImageObject\",\"inLanguage\":\"fr-FR\",\"@id\":\"https:\\\/\\\/secure.gravatar.com\\\/avatar\\\/37d968a2e67a6fd04c169c4bdef102d0bc5d31b2546345219e348575eb80e9a0?s=96&d=mm&r=g\",\"url\":\"https:\\\/\\\/secure.gravatar.com\\\/avatar\\\/37d968a2e67a6fd04c169c4bdef102d0bc5d31b2546345219e348575eb80e9a0?s=96&d=mm&r=g\",\"contentUrl\":\"https:\\\/\\\/secure.gravatar.com\\\/avatar\\\/37d968a2e67a6fd04c169c4bdef102d0bc5d31b2546345219e348575eb80e9a0?s=96&d=mm&r=g\",\"caption\":\"redazione\"},\"sameAs\":[\"http:\\\/\\\/www.bellunopress.it\",\"https:\\\/\\\/x.com\\\/bellunopress\"],\"url\":\"https:\\\/\\\/www.bellunopress.it\\\/fr\\\/author\\\/redazione\\\/\"}]}<\/script>\n<!-- \/ Yoast SEO plugin. -->","yoast_head_json":{"title":"Autonomia. De Menech: \"Pronti ad affrontare il tema gi\u00e0 nella legge di Bilancio\" - Bellunopress - Dolomiti","robots":{"index":"index","follow":"follow","max-snippet":"max-snippet:-1","max-image-preview":"max-image-preview:large","max-video-preview":"max-video-preview:-1"},"canonical":"https:\/\/www.bellunopress.it\/fr\/2019\/11\/20\/autonomia-de-menech-pronti-ad-affrontare-il-tema-gia-nella-legge-di-bilancio\/","og_locale":"fr_FR","og_type":"article","og_title":"Autonomia. De Menech: \"Pronti ad affrontare il tema gi\u00e0 nella legge di Bilancio\" - Bellunopress - Dolomiti","og_description":"&#8220;Sul tema delle autonomie territoriali, finalmente si passe dalle parole ai fatti, da un&#8217;autonomia solo sbandierata per i comizi, a un&#8217;autonomia finalmente praticata nei fatti. Lo dichiara l&#8217;onorevole Roger De Menech , deputato del Partito democratico, a margine del Question Time. &#8220;La legge quadro che il ministro Boccia ha annunciato \u00e8 il primo passo per [&hellip;]","og_url":"https:\/\/www.bellunopress.it\/fr\/2019\/11\/20\/autonomia-de-menech-pronti-ad-affrontare-il-tema-gia-nella-legge-di-bilancio\/","og_site_name":"Bellunopress - Dolomiti","article_publisher":"https:\/\/www.facebook.com\/profile.php?id=100008943462799","article_published_time":"2019-11-20T17:12:09+00:00","og_image":[{"url":"http:\/\/www.bellunopress.it\/wp-content\/uploads\/2019\/02\/roger-de-menech-357x250.jpg","type":"","width":"","height":""}],"author":"redazione","twitter_card":"summary_large_image","twitter_creator":"@bellunopress","twitter_site":"@bellunopress","twitter_misc":{"\u00c9crit par":"redazione","Dur\u00e9e de lecture estim\u00e9e":"1 minute"},"schema":{"@context":"https:\/\/schema.org","@graph":[{"@type":"Article","@id":"https:\/\/www.bellunopress.it\/2019\/11\/20\/autonomia-de-menech-pronti-ad-affrontare-il-tema-gia-nella-legge-di-bilancio\/#article","isPartOf":{"@id":"https:\/\/www.bellunopress.it\/2019\/11\/20\/autonomia-de-menech-pronti-ad-affrontare-il-tema-gia-nella-legge-di-bilancio\/"},"author":{"name":"redazione","@id":"https:\/\/www.bellunopress.it\/#\/schema\/person\/79bb06722b37ece1c03d3e94beb30d73"},"headline":"Autonomia. De Menech: &#8220;Pronti ad affrontare il tema gi\u00e0 nella legge di Bilancio&#8221;","datePublished":"2019-11-20T17:12:09+00:00","mainEntityOfPage":{"@id":"https:\/\/www.bellunopress.it\/2019\/11\/20\/autonomia-de-menech-pronti-ad-affrontare-il-tema-gia-nella-legge-di-bilancio\/"},"wordCount":209,"publisher":{"@id":"https:\/\/www.bellunopress.it\/#organization"},"image":{"@id":"https:\/\/www.bellunopress.it\/2019\/11\/20\/autonomia-de-menech-pronti-ad-affrontare-il-tema-gia-nella-legge-di-bilancio\/#primaryimage"},"thumbnailUrl":"http:\/\/www.bellunopress.it\/wp-content\/uploads\/2019\/02\/roger-de-menech-357x250.jpg","articleSection":["Cronaca\/Politica","Prima Pagina"],"inLanguage":"fr-FR"},{"@type":"WebPage","@id":"https:\/\/www.bellunopress.it\/2019\/11\/20\/autonomia-de-menech-pronti-ad-affrontare-il-tema-gia-nella-legge-di-bilancio\/","url":"https:\/\/www.bellunopress.it\/2019\/11\/20\/autonomia-de-menech-pronti-ad-affrontare-il-tema-gia-nella-legge-di-bilancio\/","name":"Autonomia. De Menech: \"Pronti ad affrontare il tema gi\u00e0 nella legge di Bilancio\" - Bellunopress - Dolomiti","isPartOf":{"@id":"https:\/\/www.bellunopress.it\/#website"},"primaryImageOfPage":{"@id":"https:\/\/www.bellunopress.it\/2019\/11\/20\/autonomia-de-menech-pronti-ad-affrontare-il-tema-gia-nella-legge-di-bilancio\/#primaryimage"},"image":{"@id":"https:\/\/www.bellunopress.it\/2019\/11\/20\/autonomia-de-menech-pronti-ad-affrontare-il-tema-gia-nella-legge-di-bilancio\/#primaryimage"},"thumbnailUrl":"http:\/\/www.bellunopress.it\/wp-content\/uploads\/2019\/02\/roger-de-menech-357x250.jpg","datePublished":"2019-11-20T17:12:09+00:00","breadcrumb":{"@id":"https:\/\/www.bellunopress.it\/2019\/11\/20\/autonomia-de-menech-pronti-ad-affrontare-il-tema-gia-nella-legge-di-bilancio\/#breadcrumb"},"inLanguage":"fr-FR","potentialAction":[{"@type":"ReadAction","target":["https:\/\/www.bellunopress.it\/2019\/11\/20\/autonomia-de-menech-pronti-ad-affrontare-il-tema-gia-nella-legge-di-bilancio\/"]}]},{"@type":"ImageObject","inLanguage":"fr-FR","@id":"https:\/\/www.bellunopress.it\/2019\/11\/20\/autonomia-de-menech-pronti-ad-affrontare-il-tema-gia-nella-legge-di-bilancio\/#primaryimage","url":"http:\/\/www.bellunopress.it\/wp-content\/uploads\/2019\/02\/roger-de-menech-357x250.jpg","contentUrl":"http:\/\/www.bellunopress.it\/wp-content\/uploads\/2019\/02\/roger-de-menech-357x250.jpg"},{"@type":"BreadcrumbList","@id":"https:\/\/www.bellunopress.it\/2019\/11\/20\/autonomia-de-menech-pronti-ad-affrontare-il-tema-gia-nella-legge-di-bilancio\/#breadcrumb","itemListElement":[{"@type":"ListItem","position":1,"name":"Home","item":"https:\/\/www.bellunopress.it\/"},{"@type":"ListItem","position":2,"name":"Autonomia. De Menech: &#8220;Pronti ad affrontare il tema gi\u00e0 nella legge di Bilancio&#8221;"}]},{"@type":"WebSite","@id":"https:\/\/www.bellunopress.it\/#website","url":"https:\/\/www.bellunopress.it\/","name":"Bellunopress - Dolomiti","description":"e-mail: redazione@bellunopress.it","publisher":{"@id":"https:\/\/www.bellunopress.it\/#organization"},"potentialAction":[{"@type":"SearchAction","target":{"@type":"EntryPoint","urlTemplate":"https:\/\/www.bellunopress.it\/?s={search_term_string}"},"query-input":{"@type":"PropertyValueSpecification","valueRequired":true,"valueName":"search_term_string"}}],"inLanguage":"fr-FR"},{"@type":"Organization","@id":"https:\/\/www.bellunopress.it\/#organization","name":"Bellunopress","url":"https:\/\/www.bellunopress.it\/","logo":{"@type":"ImageObject","inLanguage":"fr-FR","@id":"https:\/\/www.bellunopress.it\/#\/schema\/logo\/image\/","url":"https:\/\/www.bellunopress.it\/wp-content\/uploads\/2011\/05\/cropped-logo-bellunopress-.jpg","contentUrl":"https:\/\/www.bellunopress.it\/wp-content\/uploads\/2011\/05\/cropped-logo-bellunopress-.jpg","width":512,"height":512,"caption":"Bellunopress"},"image":{"@id":"https:\/\/www.bellunopress.it\/#\/schema\/logo\/image\/"},"sameAs":["https:\/\/www.facebook.com\/profile.php?id=100008943462799","https:\/\/x.com\/bellunopress","https:\/\/www.linkedin.com\/hp\/?dnr=JBzUWaJfMUw8vbXJJ2tVW5-I3jZKvC4wsoxE&amp;amp;amp;amp;amp;amp;trk=nav_responsive_tab_home","https:\/\/www.youtube.com\/channel\/UCxL0wu1uN0_3_7hGG0306cw"]},{"@type":"Person","@id":"https:\/\/www.bellunopress.it\/#\/schema\/person\/79bb06722b37ece1c03d3e94beb30d73","name":"r\u00e9daction","image":{"@type":"ImageObject","inLanguage":"fr-FR","@id":"https:\/\/secure.gravatar.com\/avatar\/37d968a2e67a6fd04c169c4bdef102d0bc5d31b2546345219e348575eb80e9a0?s=96&d=mm&r=g","url":"https:\/\/secure.gravatar.com\/avatar\/37d968a2e67a6fd04c169c4bdef102d0bc5d31b2546345219e348575eb80e9a0?s=96&d=mm&r=g","contentUrl":"https:\/\/secure.gravatar.com\/avatar\/37d968a2e67a6fd04c169c4bdef102d0bc5d31b2546345219e348575eb80e9a0?s=96&d=mm&r=g","caption":"redazione"},"sameAs":["http:\/\/www.bellunopress.it","https:\/\/x.com\/bellunopress"],"url":"https:\/\/www.bellunopress.it\/fr\/author\/redazione\/"}]}},"_links":{"self":[{"href":"https:\/\/www.bellunopress.it\/fr\/wp-json\/wp\/v2\/posts\/109784","targetHints":{"allow":["GET"]}}],"collection":[{"href":"https:\/\/www.bellunopress.it\/fr\/wp-json\/wp\/v2\/posts"}],"about":[{"href":"https:\/\/www.bellunopress.it\/fr\/wp-json\/wp\/v2\/types\/post"}],"author":[{"embeddable":true,"href":"https:\/\/www.bellunopress.it\/fr\/wp-json\/wp\/v2\/users\/2"}],"replies":[{"embeddable":true,"href":"https:\/\/www.bellunopress.it\/fr\/wp-json\/wp\/v2\/comments?post=109784"}],"version-history":[{"count":1,"href":"https:\/\/www.bellunopress.it\/fr\/wp-json\/wp\/v2\/posts\/109784\/revisions"}],"predecessor-version":[{"id":109785,"href":"https:\/\/www.bellunopress.it\/fr\/wp-json\/wp\/v2\/posts\/109784\/revisions\/109785"}],"wp:attachment":[{"href":"https:\/\/www.bellunopress.it\/fr\/wp-json\/wp\/v2\/media?parent=109784"}],"wp:term":[{"taxonomy":"category","embeddable":true,"href":"https:\/\/www.bellunopress.it\/fr\/wp-json\/wp\/v2\/categories?post=109784"},{"taxonomy":"post_tag","embeddable":true,"href":"https:\/\/www.bellunopress.it\/fr\/wp-json\/wp\/v2\/tags?post=109784"}],"curies":[{"name":"wp","href":"https:\/\/api.w.org\/{rel}","templated":true}]}}