{"id":109782,"date":"2019-11-20T13:08:48","date_gmt":"2019-11-20T12:08:48","guid":{"rendered":"http:\/\/www.bellunopress.it\/?p=109782"},"modified":"2019-11-20T13:08:48","modified_gmt":"2019-11-20T12:08:48","slug":"manifesto-dei-sindaci-massaro-meno-burocrazia-e-piu-poteri-ai-sindaci-il-rilancio-del-paese-parte-dai-comuni","status":"publish","type":"post","link":"https:\/\/www.bellunopress.it\/fr\/2019\/11\/20\/manifesto-dei-sindaci-massaro-meno-burocrazia-e-piu-poteri-ai-sindaci-il-rilancio-del-paese-parte-dai-comuni\/","title":{"rendered":"Manifesto dei sindaci. Massaro: \u00abMeno burocrazia e pi\u00f9 poteri ai sindaci. Il rilancio del Paese parte dai Comuni\u00bb"},"content":{"rendered":"<figure id=\"attachment_102803\" aria-describedby=\"caption-attachment-102803\" style=\"width: 239px\" class=\"wp-caption alignleft\"><a href=\"http:\/\/www.bellunopress.it\/fr\/2019\/03\/12\/i-discorsi-ufficiali-del-sindaco-massaro-del-presidente-della-provincia-padrin-e-del-presidente-della-repubblica-mattarella\/jacopo-massaro-11\/\" rel=\"attachment wp-att-102803\"><img loading=\"lazy\" decoding=\"async\" class=\"size-full wp-image-102803\" src=\"http:\/\/www.bellunopress.it\/wp-content\/uploads\/2019\/03\/Jacopo-Massaro.jpg\" alt=\"\" width=\"239\" height=\"300\" \/><\/a><figcaption id=\"caption-attachment-102803\" class=\"wp-caption-text\">Jacopo Massaro, sindaco di Belluno<\/figcaption><\/figure>\n<p>Autonomia, risorse, burocrazia, personale: questi alcuni dei temi affrontati nel decalogo del Manifesto dei Sindaci, promosso dall&#8217;Associazione Nazionale dei Comuni Italiani del Veneto, condiviso anche dal Sindaco di Belluno, Jacopo Massaro.<\/p>\n<p>Il manifesto \u00e8 stato consegnato ieri nelle mani del Presidente della Repubblica e il primo cittadino del capoluogo, in questi giorni ad Arezzo all&#8217;Assemblea Nazionale di ANCI, pone anche alcune questioni politiche: \u00ab\u00c8 assolutamente necessario che i Comuni si vedano riconosciuto il loro ruolo all&#8217;interno del Paese: il rilancio dell&#8217;Italia passa attraverso politiche che sostengano e aiutino i sindaci ad amministrare il proprio territorio, ma lo Stato e, soprattutto, le Regioni stentano a muoversi in questa direzione. Servono meno scartoffie e pi\u00f9 possibilit\u00e0 di azione, serve un sistema pi\u00f9 moderno che acceleri i tempi di risposta ai cittadini e alle imprese; in un periodo nel quale la parola \u201cautonomia\u201d \u00e8 sulla bocca di tutti, \u00e8 necessario che il governo del territorio vada in mano alle realt\u00e0 pi\u00f9 vicine alle popolazioni, cio\u00e8 ai Comuni\u00bb.<\/p>\n<p>Proprio sul ruolo dei Comuni e dei sindaci si concentra Massaro: \u00abAlle responsabilit\u00e0 di noi primi cittadini non corrispondono oggi adeguati poteri: &#8211; evidenzia \u2013 abbiamo innumerevoli responsabilit\u00e0, ma siamo sommersi da vincoli, lacci e lacciuoli che ci impediscono di operare per risolvere con efficienza i problemi. Un esempio? Siamo i primi a dover rispondere in caso di infortunio di un cittadino per una buca nella strada, ma per tappare quella buca dobbiamo affrontare un viaggio lunghissimo nella burocrazia fatta di limiti e divieti che trasforma anche il pi\u00f9 semplice dei lavori in un&#8217;impresa. Se vogliamo realmente far ripartire il nostro paese, \u00e8 indispensabile dare pi\u00f9 poteri ai sindaci per agire per il bene del proprio territorio, dal punto di vista ambientale a quello economico-produttivo fino a quello gestionale\u00bb.<\/p>\n<p>\u00abSpero \u2013 conclude Massaro &#8211; che il tema del rilancio del Paese passando per la centralit\u00e0 dei comuni dia vita a un&#8217;azione politica che vada oltre le \u201cfedi\u201d partitiche e che dia risposte ai Comuni, ai Sindaci e, quindi, ai cittadini\u00bb.<\/p>","protected":false},"excerpt":{"rendered":"<p>Autonomia, risorse, burocrazia, personale: questi alcuni dei temi affrontati nel decalogo del Manifesto dei Sindaci, promosso dall&#8217;Associazione Nazionale dei Comuni Italiani del Veneto, condiviso anche dal Sindaco di Belluno, Jacopo Massaro. Il manifesto \u00e8 stato consegnato ieri nelle mani del Presidente della Repubblica e il primo cittadino del capoluogo, in questi giorni ad Arezzo all&#8217;Assemblea [&hellip;]<\/p>\n","protected":false},"author":2,"featured_media":0,"comment_status":"closed","ping_status":"open","sticky":false,"template":"","format":"standard","meta":{"footnotes":""},"categories":[1],"tags":[],"class_list":["post-109782","post","type-post","status-publish","format-standard","category-leo"],"yoast_head":"<!-- This site is optimized with the Yoast SEO plugin v28.4 - https:\/\/yoast.com\/product\/yoast-seo-wordpress\/ -->\n<title>Manifesto dei sindaci. Massaro: \u00abMeno burocrazia e pi\u00f9 poteri ai sindaci. Il rilancio del Paese parte dai Comuni\u00bb - Bellunopress - Dolomiti<\/title>\n<meta name=\"robots\" content=\"index, follow, max-snippet:-1, max-image-preview:large, max-video-preview:-1\" \/>\n<link rel=\"canonical\" href=\"https:\/\/www.bellunopress.it\/fr\/2019\/11\/20\/manifesto-dei-sindaci-massaro-meno-burocrazia-e-piu-poteri-ai-sindaci-il-rilancio-del-paese-parte-dai-comuni\/\" \/>\n<meta property=\"og:locale\" content=\"fr_FR\" \/>\n<meta property=\"og:type\" content=\"article\" \/>\n<meta property=\"og:title\" content=\"Manifesto dei sindaci. Massaro: \u00abMeno burocrazia e pi\u00f9 poteri ai sindaci. Il rilancio del Paese parte dai Comuni\u00bb - Bellunopress - Dolomiti\" \/>\n<meta property=\"og:description\" content=\"Autonomia, risorse, burocrazia, personale: questi alcuni dei temi affrontati nel decalogo del Manifesto dei Sindaci, promosso dall&#8217;Associazione Nazionale dei Comuni Italiani del Veneto, condiviso anche dal Sindaco di Belluno, Jacopo Massaro. Il manifesto \u00e8 stato consegnato ieri nelle mani del Presidente della Repubblica e il primo cittadino del capoluogo, in questi giorni ad Arezzo all&#8217;Assemblea [&hellip;]\" \/>\n<meta property=\"og:url\" content=\"https:\/\/www.bellunopress.it\/fr\/2019\/11\/20\/manifesto-dei-sindaci-massaro-meno-burocrazia-e-piu-poteri-ai-sindaci-il-rilancio-del-paese-parte-dai-comuni\/\" \/>\n<meta property=\"og:site_name\" content=\"Bellunopress - Dolomiti\" \/>\n<meta property=\"article:publisher\" content=\"https:\/\/www.facebook.com\/profile.php?id=100008943462799\" \/>\n<meta property=\"article:published_time\" content=\"2019-11-20T12:08:48+00:00\" \/>\n<meta property=\"og:image\" content=\"http:\/\/www.bellunopress.it\/wp-content\/uploads\/2019\/03\/Jacopo-Massaro.jpg\" \/>\n<meta name=\"author\" content=\"redazione\" \/>\n<meta name=\"twitter:card\" content=\"summary_large_image\" \/>\n<meta name=\"twitter:creator\" content=\"@bellunopress\" \/>\n<meta name=\"twitter:site\" content=\"@bellunopress\" \/>\n<meta name=\"twitter:label1\" content=\"\u00c9crit par\" \/>\n\t<meta name=\"twitter:data1\" content=\"redazione\" \/>\n\t<meta name=\"twitter:label2\" content=\"Dur\u00e9e de lecture estim\u00e9e\" \/>\n\t<meta name=\"twitter:data2\" content=\"2 minutes\" \/>\n<script type=\"application\/ld+json\" class=\"yoast-schema-graph\">{\"@context\":\"https:\\\/\\\/schema.org\",\"@graph\":[{\"@type\":\"Article\",\"@id\":\"https:\\\/\\\/www.bellunopress.it\\\/2019\\\/11\\\/20\\\/manifesto-dei-sindaci-massaro-meno-burocrazia-e-piu-poteri-ai-sindaci-il-rilancio-del-paese-parte-dai-comuni\\\/#article\",\"isPartOf\":{\"@id\":\"https:\\\/\\\/www.bellunopress.it\\\/2019\\\/11\\\/20\\\/manifesto-dei-sindaci-massaro-meno-burocrazia-e-piu-poteri-ai-sindaci-il-rilancio-del-paese-parte-dai-comuni\\\/\"},\"author\":{\"name\":\"redazione\",\"@id\":\"https:\\\/\\\/www.bellunopress.it\\\/#\\\/schema\\\/person\\\/79bb06722b37ece1c03d3e94beb30d73\"},\"headline\":\"Manifesto dei sindaci. Massaro: \u00abMeno burocrazia e pi\u00f9 poteri ai sindaci. Il rilancio del Paese parte dai Comuni\u00bb\",\"datePublished\":\"2019-11-20T12:08:48+00:00\",\"mainEntityOfPage\":{\"@id\":\"https:\\\/\\\/www.bellunopress.it\\\/2019\\\/11\\\/20\\\/manifesto-dei-sindaci-massaro-meno-burocrazia-e-piu-poteri-ai-sindaci-il-rilancio-del-paese-parte-dai-comuni\\\/\"},\"wordCount\":363,\"publisher\":{\"@id\":\"https:\\\/\\\/www.bellunopress.it\\\/#organization\"},\"image\":{\"@id\":\"https:\\\/\\\/www.bellunopress.it\\\/2019\\\/11\\\/20\\\/manifesto-dei-sindaci-massaro-meno-burocrazia-e-piu-poteri-ai-sindaci-il-rilancio-del-paese-parte-dai-comuni\\\/#primaryimage\"},\"thumbnailUrl\":\"http:\\\/\\\/www.bellunopress.it\\\/wp-content\\\/uploads\\\/2019\\\/03\\\/Jacopo-Massaro.jpg\",\"articleSection\":[\"Lettere Opinioni\"],\"inLanguage\":\"fr-FR\"},{\"@type\":\"WebPage\",\"@id\":\"https:\\\/\\\/www.bellunopress.it\\\/2019\\\/11\\\/20\\\/manifesto-dei-sindaci-massaro-meno-burocrazia-e-piu-poteri-ai-sindaci-il-rilancio-del-paese-parte-dai-comuni\\\/\",\"url\":\"https:\\\/\\\/www.bellunopress.it\\\/2019\\\/11\\\/20\\\/manifesto-dei-sindaci-massaro-meno-burocrazia-e-piu-poteri-ai-sindaci-il-rilancio-del-paese-parte-dai-comuni\\\/\",\"name\":\"Manifesto dei sindaci. Massaro: \u00abMeno burocrazia e pi\u00f9 poteri ai sindaci. Il rilancio del Paese parte dai Comuni\u00bb - Bellunopress - Dolomiti\",\"isPartOf\":{\"@id\":\"https:\\\/\\\/www.bellunopress.it\\\/#website\"},\"primaryImageOfPage\":{\"@id\":\"https:\\\/\\\/www.bellunopress.it\\\/2019\\\/11\\\/20\\\/manifesto-dei-sindaci-massaro-meno-burocrazia-e-piu-poteri-ai-sindaci-il-rilancio-del-paese-parte-dai-comuni\\\/#primaryimage\"},\"image\":{\"@id\":\"https:\\\/\\\/www.bellunopress.it\\\/2019\\\/11\\\/20\\\/manifesto-dei-sindaci-massaro-meno-burocrazia-e-piu-poteri-ai-sindaci-il-rilancio-del-paese-parte-dai-comuni\\\/#primaryimage\"},\"thumbnailUrl\":\"http:\\\/\\\/www.bellunopress.it\\\/wp-content\\\/uploads\\\/2019\\\/03\\\/Jacopo-Massaro.jpg\",\"datePublished\":\"2019-11-20T12:08:48+00:00\",\"breadcrumb\":{\"@id\":\"https:\\\/\\\/www.bellunopress.it\\\/2019\\\/11\\\/20\\\/manifesto-dei-sindaci-massaro-meno-burocrazia-e-piu-poteri-ai-sindaci-il-rilancio-del-paese-parte-dai-comuni\\\/#breadcrumb\"},\"inLanguage\":\"fr-FR\",\"potentialAction\":[{\"@type\":\"ReadAction\",\"target\":[\"https:\\\/\\\/www.bellunopress.it\\\/2019\\\/11\\\/20\\\/manifesto-dei-sindaci-massaro-meno-burocrazia-e-piu-poteri-ai-sindaci-il-rilancio-del-paese-parte-dai-comuni\\\/\"]}]},{\"@type\":\"ImageObject\",\"inLanguage\":\"fr-FR\",\"@id\":\"https:\\\/\\\/www.bellunopress.it\\\/2019\\\/11\\\/20\\\/manifesto-dei-sindaci-massaro-meno-burocrazia-e-piu-poteri-ai-sindaci-il-rilancio-del-paese-parte-dai-comuni\\\/#primaryimage\",\"url\":\"http:\\\/\\\/www.bellunopress.it\\\/wp-content\\\/uploads\\\/2019\\\/03\\\/Jacopo-Massaro.jpg\",\"contentUrl\":\"http:\\\/\\\/www.bellunopress.it\\\/wp-content\\\/uploads\\\/2019\\\/03\\\/Jacopo-Massaro.jpg\"},{\"@type\":\"BreadcrumbList\",\"@id\":\"https:\\\/\\\/www.bellunopress.it\\\/2019\\\/11\\\/20\\\/manifesto-dei-sindaci-massaro-meno-burocrazia-e-piu-poteri-ai-sindaci-il-rilancio-del-paese-parte-dai-comuni\\\/#breadcrumb\",\"itemListElement\":[{\"@type\":\"ListItem\",\"position\":1,\"name\":\"Home\",\"item\":\"https:\\\/\\\/www.bellunopress.it\\\/\"},{\"@type\":\"ListItem\",\"position\":2,\"name\":\"Manifesto dei sindaci. Massaro: \u00abMeno burocrazia e pi\u00f9 poteri ai sindaci. Il rilancio del Paese parte dai Comuni\u00bb\"}]},{\"@type\":\"WebSite\",\"@id\":\"https:\\\/\\\/www.bellunopress.it\\\/#website\",\"url\":\"https:\\\/\\\/www.bellunopress.it\\\/\",\"name\":\"Bellunopress - Dolomiti\",\"description\":\"e-mail: redazione@bellunopress.it\",\"publisher\":{\"@id\":\"https:\\\/\\\/www.bellunopress.it\\\/#organization\"},\"potentialAction\":[{\"@type\":\"SearchAction\",\"target\":{\"@type\":\"EntryPoint\",\"urlTemplate\":\"https:\\\/\\\/www.bellunopress.it\\\/?s={search_term_string}\"},\"query-input\":{\"@type\":\"PropertyValueSpecification\",\"valueRequired\":true,\"valueName\":\"search_term_string\"}}],\"inLanguage\":\"fr-FR\"},{\"@type\":\"Organization\",\"@id\":\"https:\\\/\\\/www.bellunopress.it\\\/#organization\",\"name\":\"Bellunopress\",\"url\":\"https:\\\/\\\/www.bellunopress.it\\\/\",\"logo\":{\"@type\":\"ImageObject\",\"inLanguage\":\"fr-FR\",\"@id\":\"https:\\\/\\\/www.bellunopress.it\\\/#\\\/schema\\\/logo\\\/image\\\/\",\"url\":\"https:\\\/\\\/www.bellunopress.it\\\/wp-content\\\/uploads\\\/2011\\\/05\\\/cropped-logo-bellunopress-.jpg\",\"contentUrl\":\"https:\\\/\\\/www.bellunopress.it\\\/wp-content\\\/uploads\\\/2011\\\/05\\\/cropped-logo-bellunopress-.jpg\",\"width\":512,\"height\":512,\"caption\":\"Bellunopress\"},\"image\":{\"@id\":\"https:\\\/\\\/www.bellunopress.it\\\/#\\\/schema\\\/logo\\\/image\\\/\"},\"sameAs\":[\"https:\\\/\\\/www.facebook.com\\\/profile.php?id=100008943462799\",\"https:\\\/\\\/x.com\\\/bellunopress\",\"https:\\\/\\\/www.linkedin.com\\\/hp\\\/?dnr=JBzUWaJfMUw8vbXJJ2tVW5-I3jZKvC4wsoxE&amp;amp;amp;amp;amp;amp;trk=nav_responsive_tab_home\",\"https:\\\/\\\/www.youtube.com\\\/channel\\\/UCxL0wu1uN0_3_7hGG0306cw\"]},{\"@type\":\"Person\",\"@id\":\"https:\\\/\\\/www.bellunopress.it\\\/#\\\/schema\\\/person\\\/79bb06722b37ece1c03d3e94beb30d73\",\"name\":\"redazione\",\"image\":{\"@type\":\"ImageObject\",\"inLanguage\":\"fr-FR\",\"@id\":\"https:\\\/\\\/secure.gravatar.com\\\/avatar\\\/37d968a2e67a6fd04c169c4bdef102d0bc5d31b2546345219e348575eb80e9a0?s=96&d=mm&r=g\",\"url\":\"https:\\\/\\\/secure.gravatar.com\\\/avatar\\\/37d968a2e67a6fd04c169c4bdef102d0bc5d31b2546345219e348575eb80e9a0?s=96&d=mm&r=g\",\"contentUrl\":\"https:\\\/\\\/secure.gravatar.com\\\/avatar\\\/37d968a2e67a6fd04c169c4bdef102d0bc5d31b2546345219e348575eb80e9a0?s=96&d=mm&r=g\",\"caption\":\"redazione\"},\"sameAs\":[\"http:\\\/\\\/www.bellunopress.it\",\"https:\\\/\\\/x.com\\\/bellunopress\"],\"url\":\"https:\\\/\\\/www.bellunopress.it\\\/fr\\\/author\\\/redazione\\\/\"}]}<\/script>\n<!-- \/ Yoast SEO plugin. -->","yoast_head_json":{"title":"Manifesto dei sindaci. Massaro: \u00abMeno burocrazia e pi\u00f9 poteri ai sindaci. Il rilancio del Paese parte dai Comuni\u00bb - Bellunopress - Dolomiti","robots":{"index":"index","follow":"follow","max-snippet":"max-snippet:-1","max-image-preview":"max-image-preview:large","max-video-preview":"max-video-preview:-1"},"canonical":"https:\/\/www.bellunopress.it\/fr\/2019\/11\/20\/manifesto-dei-sindaci-massaro-meno-burocrazia-e-piu-poteri-ai-sindaci-il-rilancio-del-paese-parte-dai-comuni\/","og_locale":"fr_FR","og_type":"article","og_title":"Manifesto dei sindaci. Massaro: \u00abMeno burocrazia e pi\u00f9 poteri ai sindaci. Il rilancio del Paese parte dai Comuni\u00bb - Bellunopress - Dolomiti","og_description":"Autonomia, risorse, burocrazia, personale: questi alcuni dei temi affrontati nel decalogo del Manifesto dei Sindaci, promosso dall&#8217;Associazione Nazionale dei Comuni Italiani del Veneto, condiviso anche dal Sindaco di Belluno, Jacopo Massaro. Il manifesto \u00e8 stato consegnato ieri nelle mani del Presidente della Repubblica e il primo cittadino del capoluogo, in questi giorni ad Arezzo all&#8217;Assemblea [&hellip;]","og_url":"https:\/\/www.bellunopress.it\/fr\/2019\/11\/20\/manifesto-dei-sindaci-massaro-meno-burocrazia-e-piu-poteri-ai-sindaci-il-rilancio-del-paese-parte-dai-comuni\/","og_site_name":"Bellunopress - Dolomiti","article_publisher":"https:\/\/www.facebook.com\/profile.php?id=100008943462799","article_published_time":"2019-11-20T12:08:48+00:00","og_image":[{"url":"http:\/\/www.bellunopress.it\/wp-content\/uploads\/2019\/03\/Jacopo-Massaro.jpg","type":"","width":"","height":""}],"author":"redazione","twitter_card":"summary_large_image","twitter_creator":"@bellunopress","twitter_site":"@bellunopress","twitter_misc":{"\u00c9crit par":"redazione","Dur\u00e9e de lecture estim\u00e9e":"2 minutes"},"schema":{"@context":"https:\/\/schema.org","@graph":[{"@type":"Article","@id":"https:\/\/www.bellunopress.it\/2019\/11\/20\/manifesto-dei-sindaci-massaro-meno-burocrazia-e-piu-poteri-ai-sindaci-il-rilancio-del-paese-parte-dai-comuni\/#article","isPartOf":{"@id":"https:\/\/www.bellunopress.it\/2019\/11\/20\/manifesto-dei-sindaci-massaro-meno-burocrazia-e-piu-poteri-ai-sindaci-il-rilancio-del-paese-parte-dai-comuni\/"},"author":{"name":"redazione","@id":"https:\/\/www.bellunopress.it\/#\/schema\/person\/79bb06722b37ece1c03d3e94beb30d73"},"headline":"Manifesto dei sindaci. Massaro: \u00abMeno burocrazia e pi\u00f9 poteri ai sindaci. Il rilancio del Paese parte dai Comuni\u00bb","datePublished":"2019-11-20T12:08:48+00:00","mainEntityOfPage":{"@id":"https:\/\/www.bellunopress.it\/2019\/11\/20\/manifesto-dei-sindaci-massaro-meno-burocrazia-e-piu-poteri-ai-sindaci-il-rilancio-del-paese-parte-dai-comuni\/"},"wordCount":363,"publisher":{"@id":"https:\/\/www.bellunopress.it\/#organization"},"image":{"@id":"https:\/\/www.bellunopress.it\/2019\/11\/20\/manifesto-dei-sindaci-massaro-meno-burocrazia-e-piu-poteri-ai-sindaci-il-rilancio-del-paese-parte-dai-comuni\/#primaryimage"},"thumbnailUrl":"http:\/\/www.bellunopress.it\/wp-content\/uploads\/2019\/03\/Jacopo-Massaro.jpg","articleSection":["Lettere Opinioni"],"inLanguage":"fr-FR"},{"@type":"WebPage","@id":"https:\/\/www.bellunopress.it\/2019\/11\/20\/manifesto-dei-sindaci-massaro-meno-burocrazia-e-piu-poteri-ai-sindaci-il-rilancio-del-paese-parte-dai-comuni\/","url":"https:\/\/www.bellunopress.it\/2019\/11\/20\/manifesto-dei-sindaci-massaro-meno-burocrazia-e-piu-poteri-ai-sindaci-il-rilancio-del-paese-parte-dai-comuni\/","name":"Manifesto dei sindaci. Massaro: \u00abMeno burocrazia e pi\u00f9 poteri ai sindaci. Il rilancio del Paese parte dai Comuni\u00bb - Bellunopress - Dolomiti","isPartOf":{"@id":"https:\/\/www.bellunopress.it\/#website"},"primaryImageOfPage":{"@id":"https:\/\/www.bellunopress.it\/2019\/11\/20\/manifesto-dei-sindaci-massaro-meno-burocrazia-e-piu-poteri-ai-sindaci-il-rilancio-del-paese-parte-dai-comuni\/#primaryimage"},"image":{"@id":"https:\/\/www.bellunopress.it\/2019\/11\/20\/manifesto-dei-sindaci-massaro-meno-burocrazia-e-piu-poteri-ai-sindaci-il-rilancio-del-paese-parte-dai-comuni\/#primaryimage"},"thumbnailUrl":"http:\/\/www.bellunopress.it\/wp-content\/uploads\/2019\/03\/Jacopo-Massaro.jpg","datePublished":"2019-11-20T12:08:48+00:00","breadcrumb":{"@id":"https:\/\/www.bellunopress.it\/2019\/11\/20\/manifesto-dei-sindaci-massaro-meno-burocrazia-e-piu-poteri-ai-sindaci-il-rilancio-del-paese-parte-dai-comuni\/#breadcrumb"},"inLanguage":"fr-FR","potentialAction":[{"@type":"ReadAction","target":["https:\/\/www.bellunopress.it\/2019\/11\/20\/manifesto-dei-sindaci-massaro-meno-burocrazia-e-piu-poteri-ai-sindaci-il-rilancio-del-paese-parte-dai-comuni\/"]}]},{"@type":"ImageObject","inLanguage":"fr-FR","@id":"https:\/\/www.bellunopress.it\/2019\/11\/20\/manifesto-dei-sindaci-massaro-meno-burocrazia-e-piu-poteri-ai-sindaci-il-rilancio-del-paese-parte-dai-comuni\/#primaryimage","url":"http:\/\/www.bellunopress.it\/wp-content\/uploads\/2019\/03\/Jacopo-Massaro.jpg","contentUrl":"http:\/\/www.bellunopress.it\/wp-content\/uploads\/2019\/03\/Jacopo-Massaro.jpg"},{"@type":"BreadcrumbList","@id":"https:\/\/www.bellunopress.it\/2019\/11\/20\/manifesto-dei-sindaci-massaro-meno-burocrazia-e-piu-poteri-ai-sindaci-il-rilancio-del-paese-parte-dai-comuni\/#breadcrumb","itemListElement":[{"@type":"ListItem","position":1,"name":"Home","item":"https:\/\/www.bellunopress.it\/"},{"@type":"ListItem","position":2,"name":"Manifesto dei sindaci. Massaro: \u00abMeno burocrazia e pi\u00f9 poteri ai sindaci. Il rilancio del Paese parte dai Comuni\u00bb"}]},{"@type":"WebSite","@id":"https:\/\/www.bellunopress.it\/#website","url":"https:\/\/www.bellunopress.it\/","name":"Bellunopress - Dolomiti","description":"e-mail: redazione@bellunopress.it","publisher":{"@id":"https:\/\/www.bellunopress.it\/#organization"},"potentialAction":[{"@type":"SearchAction","target":{"@type":"EntryPoint","urlTemplate":"https:\/\/www.bellunopress.it\/?s={search_term_string}"},"query-input":{"@type":"PropertyValueSpecification","valueRequired":true,"valueName":"search_term_string"}}],"inLanguage":"fr-FR"},{"@type":"Organization","@id":"https:\/\/www.bellunopress.it\/#organization","name":"Bellunopress","url":"https:\/\/www.bellunopress.it\/","logo":{"@type":"ImageObject","inLanguage":"fr-FR","@id":"https:\/\/www.bellunopress.it\/#\/schema\/logo\/image\/","url":"https:\/\/www.bellunopress.it\/wp-content\/uploads\/2011\/05\/cropped-logo-bellunopress-.jpg","contentUrl":"https:\/\/www.bellunopress.it\/wp-content\/uploads\/2011\/05\/cropped-logo-bellunopress-.jpg","width":512,"height":512,"caption":"Bellunopress"},"image":{"@id":"https:\/\/www.bellunopress.it\/#\/schema\/logo\/image\/"},"sameAs":["https:\/\/www.facebook.com\/profile.php?id=100008943462799","https:\/\/x.com\/bellunopress","https:\/\/www.linkedin.com\/hp\/?dnr=JBzUWaJfMUw8vbXJJ2tVW5-I3jZKvC4wsoxE&amp;amp;amp;amp;amp;amp;trk=nav_responsive_tab_home","https:\/\/www.youtube.com\/channel\/UCxL0wu1uN0_3_7hGG0306cw"]},{"@type":"Person","@id":"https:\/\/www.bellunopress.it\/#\/schema\/person\/79bb06722b37ece1c03d3e94beb30d73","name":"r\u00e9daction","image":{"@type":"ImageObject","inLanguage":"fr-FR","@id":"https:\/\/secure.gravatar.com\/avatar\/37d968a2e67a6fd04c169c4bdef102d0bc5d31b2546345219e348575eb80e9a0?s=96&d=mm&r=g","url":"https:\/\/secure.gravatar.com\/avatar\/37d968a2e67a6fd04c169c4bdef102d0bc5d31b2546345219e348575eb80e9a0?s=96&d=mm&r=g","contentUrl":"https:\/\/secure.gravatar.com\/avatar\/37d968a2e67a6fd04c169c4bdef102d0bc5d31b2546345219e348575eb80e9a0?s=96&d=mm&r=g","caption":"redazione"},"sameAs":["http:\/\/www.bellunopress.it","https:\/\/x.com\/bellunopress"],"url":"https:\/\/www.bellunopress.it\/fr\/author\/redazione\/"}]}},"_links":{"self":[{"href":"https:\/\/www.bellunopress.it\/fr\/wp-json\/wp\/v2\/posts\/109782","targetHints":{"allow":["GET"]}}],"collection":[{"href":"https:\/\/www.bellunopress.it\/fr\/wp-json\/wp\/v2\/posts"}],"about":[{"href":"https:\/\/www.bellunopress.it\/fr\/wp-json\/wp\/v2\/types\/post"}],"author":[{"embeddable":true,"href":"https:\/\/www.bellunopress.it\/fr\/wp-json\/wp\/v2\/users\/2"}],"replies":[{"embeddable":true,"href":"https:\/\/www.bellunopress.it\/fr\/wp-json\/wp\/v2\/comments?post=109782"}],"version-history":[{"count":1,"href":"https:\/\/www.bellunopress.it\/fr\/wp-json\/wp\/v2\/posts\/109782\/revisions"}],"predecessor-version":[{"id":109783,"href":"https:\/\/www.bellunopress.it\/fr\/wp-json\/wp\/v2\/posts\/109782\/revisions\/109783"}],"wp:attachment":[{"href":"https:\/\/www.bellunopress.it\/fr\/wp-json\/wp\/v2\/media?parent=109782"}],"wp:term":[{"taxonomy":"category","embeddable":true,"href":"https:\/\/www.bellunopress.it\/fr\/wp-json\/wp\/v2\/categories?post=109782"},{"taxonomy":"post_tag","embeddable":true,"href":"https:\/\/www.bellunopress.it\/fr\/wp-json\/wp\/v2\/tags?post=109782"}],"curies":[{"name":"wp","href":"https:\/\/api.w.org\/{rel}","templated":true}]}}