{"id":109780,"date":"2019-11-19T21:45:43","date_gmt":"2019-11-19T20:45:43","guid":{"rendered":"http:\/\/www.bellunopress.it\/?p=109780"},"modified":"2019-11-19T21:45:43","modified_gmt":"2019-11-19T20:45:43","slug":"non-passa-la-mozione-1-00293-per-salvare-venezia-dellonorevole-silvia-benedetti","status":"publish","type":"post","link":"https:\/\/www.bellunopress.it\/fr\/2019\/11\/19\/non-passa-la-mozione-1-00293-per-salvare-venezia-dellonorevole-silvia-benedetti\/","title":{"rendered":"Non passa la mozione 1\/00293 per salvare Venezia dell&#8217;onorevole Silvia Benedetti"},"content":{"rendered":"<figure id=\"attachment_88036\" aria-describedby=\"caption-attachment-88036\" style=\"width: 165px\" class=\"wp-caption alignleft\"><a href=\"http:\/\/www.bellunopress.it\/fr\/2017\/07\/27\/vitalizi-silvia-benedetti-un-passo-avanti-per-rivedere-privilegi-antistorici-e-anacronistici\/silvia-benedetti-2\/\" rel=\"attachment wp-att-88036\"><img loading=\"lazy\" decoding=\"async\" class=\"size-full wp-image-88036\" src=\"http:\/\/www.bellunopress.it\/wp-content\/uploads\/2017\/07\/silvia-benedetti.jpg\" alt=\"\" width=\"165\" height=\"228\" \/><\/a><figcaption id=\"caption-attachment-88036\" class=\"wp-caption-text\">Silvia Benedetti, deputato<\/figcaption><\/figure>\n<p>Roma, 19 novembre 2019 &#8211; La Camera dei deputati ha bocciato la mozione n. 1-00293 presentata dall&#8217;onorevole Silvia Benedetti (prima firmataria) per la salvaguardia di Venezia e della sua laguna.<\/p>\n<p>Ecco il testo<\/p>\n<p>premesso che:<br \/>\nnella notte del 12 novembre 2019 a Venezia si \u00e8 verificata un&#8217;acqua alta<br \/>\neccezionale di 187 centimetri, seconda soltanto ai 194 centimetri dell\u2019\u00abaqua<br \/>\ngranda\u00bb, verificatasi il 4 novembre 1966;<br \/>\nnonostante l&#8217;eccezionalit\u00e0 del fenomeno, dovuto alla contemporanea presenza di<br \/>\nventi di scirocco a 100 chilometri orari e di bassa pressione atmosferica, non si pu\u00f2<br \/>\nnon inserirlo in un contesto di cambiamento climatico. Infatti, l&#8217;andamento del<br \/>\nnumero di maree maggiori di 110 centimetri \u00e8 andato ampiamente crescendo negli<br \/>\nultimi venti anni;<br \/>\nil rapporto di Enea \u00abInnalzamento del Mar Mediterraneo in Italia \u2013 Aree costiere e<br \/>\nporti a rischio inondazione al 2100\u00bb, presentato a febbraio 2019, ha evidenziato<br \/>\ncome il livello del Mediterraneo si stia innalzando pi\u00f9 velocemente del previsto a<br \/>\ncausa degli effetti del riscaldamento globale. Alcune citt\u00e0 saranno particolarmente<br \/>\nsoggette alle conseguenze dell&#8217;innalzamento del mare, con gravi danni: i picchi<br \/>\nmaggiori riguarderanno anche Venezia con un innalzamento di 1,064 metri;<br \/>\nnella Laguna di Venezia i picchi di acqua alta sono diventati pi\u00f9 pronunciati anche<br \/>\na causa delle varie modifiche antropiche alla laguna. Basti pensare alla costruzione<br \/>\ndel grande hub di Porto Marghera; l&#8217;area \u00e8 stata ottenuta eliminando le zone di<br \/>\nbarena, ossia quei terreni periodicamente sommersi dalle maree che riuscivano a<br \/>\ncontenere la portata idrica. Inoltre, per l&#8217;accesso delle petroliere \u00e8 stato scavato il<br \/>\ncosiddetto \u00abCanale dei Petroli\u00bb, che ha aumentato la quantit\u00e0 di acqua che entra<br \/>\nnella laguna. Oltre a questi \u00abmacro esempi\u00bb, altre opere, come ponti, dighe, porti<br \/>\nminori, isole artificiali, hanno cambiato l&#8217;idrodinamica e quindi la morfologia<br \/>\nlagunare;<br \/>\nla necessit\u00e0 di tutela della morfologia lagunare si traduce in diverse disposizioni<br \/>\nnormative, sia nazionali che regionali:<br \/>\na) la legge n. 171 del 1973 prevede \u00abla progettazione ed esecuzione delle sole<br \/>\nopere che rispettino i suoi valori idrogeologici, ecologici e ambientali ed in nessun<br \/>\ncaso rendano impossibile o compromettano il mantenimento dell&#8217;unit\u00e0 e continuit\u00e0<br \/>\nfisica della laguna\u00bb;<br \/>\nb) la legge n. 798 del 1984 prevede interventi per il riequilibrio idrogeologico della<br \/>\nlaguna, per l&#8217;arresto e l&#8217;inversione del processo di degrado del bacino lagunare e per<br \/>\nl&#8217;eliminazione delle cause che lo hanno provocato, nel rispetto delle caratteristiche<br \/>\ndi sperimentalit\u00e0, reversibilit\u00e0 e gradualit\u00e0;<br \/>\nc) la legge n. 139 del 1992 prevede interventi volti al ripristino della morfologia<br \/>\nlagunare;<br \/>\nd) il cosiddetto \u00abProtocollo fanghi\u00bb, elaborato dal Ministero dell&#8217;ambiente nel<br \/>\n1993, fa riferimento alla ricostruzione della forma originaria della laguna, riportata<br \/>\nnella cartografia del 1901 e del 1931, per ridurre gli effetti della portualit\u00e0 sulla<br \/>\nmorfologia lagunare;<br \/>\ne) il \u00abPiano di area della Laguna e dell&#8217;area veneziana\u00bb, adottato dalla giunta<br \/>\nregionale del Veneto nel 1991, predispone misure per la protezione e la<br \/>\nvalorizzazione dell&#8217;ambiente naturale della laguna, con particolare riguardo<br \/>\nall&#8217;equilibrio idraulico e idrogeologico e all&#8217;unit\u00e0 fisica ed ecologica della stessa,<br \/>\nattraverso l&#8217;innalzamento delle quote dei fondali determinatesi per l&#8217;erosione presso<br \/>\nle bocche di porto e nei canali di navigazione, vietando interventi di bonifica e<br \/>\ncolmata, nonch\u00e9 movimenti di terra e scavi e consentendo la formazione di nuove<br \/>\nbarene, tenendo conto della morfologia storica lagunare;<br \/>\nin quasi tutta la laguna centro-meridionale da decenni sono documentati processi<br \/>\nerosivi di forte intensit\u00e0 dovuti non solo al moto ondoso, ma anche alle correnti<br \/>\nindotte dal traffico navale. In particolare, oltre al traffico minore, esiste il transito<br \/>\ndelle cosiddette \u00abgrandi navi\u00bb che causa lo spostamento di grandi masse d&#8217;acqua e<br \/>\nil movimento di rilevanti quantit\u00e0 di sedimento, con notevoli impatti sui canali, fin<br \/>\ndentro il centro storico;<br \/>\ncontinuare a prevedere il passaggio e lo stazionamento delle grandi navi nella<br \/>\nLaguna di Venezia significa peggiorare gli effetti idrodinamici e l&#8217;erosione da circa<br \/>\n1,1 milione di metri cubi di sedimento all&#8217;anno gi\u00e0 in atto: si prospetta per il futuro<br \/>\nla trasformazione della laguna, caratterizzata da bassi fondali, in un braccio di mare<br \/>\ncon profondit\u00e0 tendente ai valori di -2,0\/-2,5 metri;<br \/>\ninoltre, qualsiasi ipotesi progettuale per mantenere l&#8217;accesso delle grandi navi in<br \/>\nlaguna, che comporti scavi di fondale, di nuovi canali o di ampliamento di quelli<br \/>\nesistenti, in tutto il territorio lagunare comprese le bocche di porto, contrasta con<br \/>\nquanto disposto dal piano morfologico del 1992 e con le leggi speciali per Venezia;<br \/>\nil decreto ministeriale del 2 marzo 2012, \u00abClini-Passera\u00bb, prevede all&#8217;articolo 2,<br \/>\ncomma 1, lettera b), punto 1) che nella Laguna di Venezia sia vietato il transito nel<br \/>\ncanale di San Marco e nel Canale della Giudecca delle navi adibite al trasporto di<br \/>\nmerci e passeggeri superiori a 40.000 tonnellate di stazza lorda. Ai sensi<br \/>\ndell&#8217;articolo 3 del medesimo provvedimento, tale divieto si applica a partire dalla<br \/>\ndisponibilit\u00e0 di vie di navigazione praticabili alternative a quelle vietate, come<br \/>\nindividuate dall&#8217;autorit\u00e0 marittima con proprio provvedimento. Nelle more di tale<br \/>\ndisponibilit\u00e0, l&#8217;autorit\u00e0 marittima, d&#8217;intesa con il Magistrato alle acque di Venezia e<br \/>\nl&#8217;autorit\u00e0 portuale, adotta misure finalizzate a mitigare i rischi connessi al regime<br \/>\ntransitorio, perseguendo il massimo livello di tutela dell&#8217;ambiente lagunare;<br \/>\ndurante questi sette anni la citata disposizione transitoria di cui all&#8217;articolo 3 che<br \/>\nautorizza il passaggio delle grandi navi, nell&#8217;attesa dell&#8217;individuazione di vie di<br \/>\nnavigazione praticabili alternative a quelle vietate, \u00e8 diventata la norma e il divieto<br \/>\ndi transito in laguna \u00e8 tuttora disapplicato;<br \/>\nper difendere i centri storici della laguna dal fenomeno delle acque alte \u00e8 stato<br \/>\napprovato e iniziato il Modulo sperimentale elettromeccanico (Mose): la sua<br \/>\nrealizzazione, iniziata nel 2003, \u00e8 nella fase finale e dovrebbe concludersi nel 2022;<br \/>\noltre alla grave corruzione che ha caratterizzato la realizzazione del progetto Mose,<br \/>\noltre al fatto che il Mose non abbia in nessun modo le caratteristiche \u00absperimentali,<br \/>\ngraduali e reversibili\u00bb secondo la legge n. 798 del 1984, a tutt&#8217;oggi non esiste<br \/>\nalcuna verifica tecnica sulle anomalie e sulla reale funzionalit\u00e0 del sistema, anche<br \/>\nin relazione all&#8217;innalzamento del mare previsto. Il progetto approvato del 2002,<br \/>\ninfatti, \u00e8 tarato dalla sottostima della frequenza e della durata delle chiusure delle<br \/>\nparatoie;<br \/>\nammesso che il sistema funzioni, con fenomeni di acqua alta pi\u00f9 numerosi e pi\u00f9<br \/>\nimportanti, saranno necessarie chiusure delle paratoie del Mose pi\u00f9 frequenti e<br \/>\nprolungate alle bocche di porto, con due conseguenze gravi. Innanzitutto diminuir\u00e0<br \/>\nlo scambio delle acque tra laguna e mare, compromettendo l&#8217;ossigenazione e la<br \/>\nvivificazione delle aree lagunari pi\u00f9 interne e provocando una pericolosa<br \/>\nconcentrazione di inquinanti. Come conseguenza secondaria, sar\u00e0 impedito<br \/>\nl&#8217;accesso delle navi alla laguna per molti giorni all&#8217;anno con danno alle attivit\u00e0<br \/>\nportuali o a quelle da esse dipendenti;<br \/>\noltre a questo, quand&#8217;anche il sistema entrasse in funzione, essendo le paratoie<br \/>\ndinamicamente instabili, per risonanza sub-armonica potrebbero verificarsi<br \/>\ninondazioni a Venezia anche con l&#8217;attuale livello del mare. Una perizia del<br \/>\nCodacons di settembre 2019 riporta come il progetto definitivo del Mose sia stato<br \/>\napprovato con un falso tecnico: \u00abLa risonanza sub-armonica che si ha in mare<br \/>\nregolare ovvero con onde monocromatiche scompare nelle prove in mare<br \/>\nirregolare. Nei documenti agli atti da noi esaminati nelle prove fatte a Delft e<br \/>\nsuccessivamente anche a Voltabarozzo \u00e8 del tutto evidente che quando c&#8217;\u00e8<br \/>\nrisonanza sub-armonica in mare regolare la stessa si ha anche in mare irregolare. Il<br \/>\nprogetto \u00e8 proseguito con l&#8217;approvazione basata su questo falso\u00bb,<br \/>\nimpegna il Governo:<br \/>\n1) a dare applicazione, in via immediata, a quanto disposto nel piano di recupero<br \/>\nmorfologico e ambientale della laguna, in conformit\u00e0 con la legge n. 139 del 1992,<br \/>\nrecante interventi per la salvaguardia di Venezia e della sua laguna, rispettando,<br \/>\nnelle more dell&#8217;elaborazione di uno studio indipendente che ne individui i parametri<br \/>\nrealmente compatibili con gli equilibri lagunari, il limite massimo di 40 mila<br \/>\ntonnellate di stazza stabilito con il decreto \u00abClini-Passera\u00bb del 2 marzo 2012 in<br \/>\nordine alla sicurezza della navigazione, escludendo qualsiasi deroga al divieto di<br \/>\ntransito delle grandi navi nel bacino di San Marco e nel Canale della Giudecca;<br \/>\n2) ad adottare iniziative per subordinare l&#8217;applicazione dell&#8217;articolo 3 del decreto<br \/>\n\u00abClini-Passera\u00bb (decreto ministeriale del 2 marzo 2012) alla disponibilit\u00e0 di nuovi<br \/>\nscali alle bocche di porto lagunari, prevedendo sin da subito in maniera tassativa<br \/>\nl&#8217;estromissione dalla Laguna di Venezia delle navi con essa incompatibili;<br \/>\n3) ad adottare con urgenza un&#8217;iniziativa normativa che escluda il passaggio delle<br \/>\ngrandi navi in laguna;<br \/>\n4) ad adottare iniziative per elaborare ogni futuro progetto inerente alla laguna con<br \/>\nfinalit\u00e0 e modalit\u00e0 coerenti con il piano morfologico del 1993, con il \u00abPiano di area<br \/>\ndella Laguna e dell&#8217;area veneziana\u00bb (1995) e con le prescrizioni della Commissione<br \/>\ndi salvaguardia (2003);<br \/>\n5) ad assumere iniziative, per quanto di competenza, per stabilire la riduzione delle<br \/>\nattuali velocit\u00e0 per i natanti di connessione interna con la Marittima e l&#8217;aeroporto, al<br \/>\nfine di contenere, nei limiti possibili, il moto ondoso;<br \/>\n6) a costituire immediatamente un tavolo tecnico-scientifico con esperti qualificati<br \/>\na livello internazionale, coordinato dal Ministero dell&#8217;ambiente e della tutela del<br \/>\nterritorio e del mare, al fine di pianificare azioni di salvaguardia della Laguna di<br \/>\nVenezia, mitigando gli effetti dei cambiamenti climatici;<br \/>\n7) a promuovere, in un&#8217;ottica di sviluppo portuale di tipo collaborativo invece che<br \/>\ncompetitivo, un modello di programmazione delle attivit\u00e0 di lavoro condiviso tra il<br \/>\nporto di Venezia e quelli economicamente connessi dell&#8217;Alto Adriatico e ispirato ai<br \/>\nprincipi di solidariet\u00e0, sostenibilit\u00e0 ed economicit\u00e0;<br \/>\n8) ad assumere immediatamente tutte le iniziative necessarie presso la gestione<br \/>\ncommissariale del Consorzio Venezia nuova, affinch\u00e9 si possa procedere<br \/>\nall&#8217;immediata verifica tecnico-scientifica del progetto Mose da parte di un<br \/>\norganismo indipendente e qualificato composto anche da esperti nel campo della<br \/>\nprogettazione e modellazione di sistemi marini complessi, con riferimento<br \/>\nall&#8217;efficacia dell&#8217;opera, valutando altres\u00ec la possibilit\u00e0 di approntare, anche alla luce<br \/>\ndelle nuove tecniche costruttive e delle nuove conoscenze scientifiche, le varianti<br \/>\nin corso d&#8217;opera ancora realizzabili al fine di ridurre l&#8217;impatto ambientale e i costi<br \/>\ndi realizzazione, riconvertendo, ove possibile, le opere marittime realizzate,<br \/>\nattraverso soluzioni progettuali delle bocche sperimentali, graduali e reversibili;<br \/>\n9) ad adottare iniziative per rifinanziare, con dotazioni adeguate, la legge n. 139 del<br \/>\n1992, recante interventi per la salvaguardia di Venezia e della sua Laguna, affinch\u00e9<br \/>\nsi possa veramente affrontare il problema delle acque alte, utilizzando anche<br \/>\nsistemi alternativi e pi\u00f9 funzionali del Mose.<\/p>\n<p><strong>(1-00293) \u00abBenedetti, Cunial, Vizzini, Giannone, Schullian\u00bb.<\/strong><\/p>","protected":false},"excerpt":{"rendered":"<p>Roma, 19 novembre 2019 &#8211; La Camera dei deputati ha bocciato la mozione n. 1-00293 presentata dall&#8217;onorevole Silvia Benedetti (prima firmataria) per la salvaguardia di Venezia e della sua laguna. Ecco il testo premesso che: nella notte del 12 novembre 2019 a Venezia si \u00e8 verificata un&#8217;acqua alta eccezionale di 187 centimetri, seconda soltanto ai [&hellip;]<\/p>\n","protected":false},"author":2,"featured_media":0,"comment_status":"closed","ping_status":"open","sticky":false,"template":"","format":"standard","meta":{"footnotes":""},"categories":[5,38],"tags":[],"class_list":["post-109780","post","type-post","status-publish","format-standard","category-cronaca","category-natura-ambiente"],"yoast_head":"<!-- This site is optimized with the Yoast SEO plugin v28.4 - https:\/\/yoast.com\/product\/yoast-seo-wordpress\/ -->\n<title>Non passa la mozione 1\/00293 per salvare Venezia dell&#039;onorevole Silvia Benedetti - Bellunopress - Dolomiti<\/title>\n<meta name=\"robots\" content=\"index, follow, max-snippet:-1, max-image-preview:large, max-video-preview:-1\" \/>\n<link rel=\"canonical\" href=\"https:\/\/www.bellunopress.it\/fr\/2019\/11\/19\/non-passa-la-mozione-1-00293-per-salvare-venezia-dellonorevole-silvia-benedetti\/\" \/>\n<meta property=\"og:locale\" content=\"fr_FR\" \/>\n<meta property=\"og:type\" content=\"article\" \/>\n<meta property=\"og:title\" content=\"Non passa la mozione 1\/00293 per salvare Venezia dell&#039;onorevole Silvia Benedetti - Bellunopress - Dolomiti\" \/>\n<meta property=\"og:description\" content=\"Roma, 19 novembre 2019 &#8211; La Camera dei deputati ha bocciato la mozione n. 1-00293 presentata dall&#8217;onorevole Silvia Benedetti (prima firmataria) per la salvaguardia di Venezia e della sua laguna. Ecco il testo premesso che: nella notte del 12 novembre 2019 a Venezia si \u00e8 verificata un&#8217;acqua alta eccezionale di 187 centimetri, seconda soltanto ai [&hellip;]\" \/>\n<meta property=\"og:url\" content=\"https:\/\/www.bellunopress.it\/fr\/2019\/11\/19\/non-passa-la-mozione-1-00293-per-salvare-venezia-dellonorevole-silvia-benedetti\/\" \/>\n<meta property=\"og:site_name\" content=\"Bellunopress - Dolomiti\" \/>\n<meta property=\"article:publisher\" content=\"https:\/\/www.facebook.com\/profile.php?id=100008943462799\" \/>\n<meta property=\"article:published_time\" content=\"2019-11-19T20:45:43+00:00\" \/>\n<meta property=\"og:image\" content=\"http:\/\/www.bellunopress.it\/wp-content\/uploads\/2017\/07\/silvia-benedetti.jpg\" \/>\n<meta name=\"author\" content=\"redazione\" \/>\n<meta name=\"twitter:card\" content=\"summary_large_image\" \/>\n<meta name=\"twitter:creator\" content=\"@bellunopress\" \/>\n<meta name=\"twitter:site\" content=\"@bellunopress\" \/>\n<meta name=\"twitter:label1\" content=\"\u00c9crit par\" \/>\n\t<meta name=\"twitter:data1\" content=\"redazione\" \/>\n\t<meta name=\"twitter:label2\" content=\"Dur\u00e9e de lecture estim\u00e9e\" \/>\n\t<meta name=\"twitter:data2\" content=\"8 minutes\" \/>\n<script type=\"application\/ld+json\" class=\"yoast-schema-graph\">{\"@context\":\"https:\\\/\\\/schema.org\",\"@graph\":[{\"@type\":\"Article\",\"@id\":\"https:\\\/\\\/www.bellunopress.it\\\/2019\\\/11\\\/19\\\/non-passa-la-mozione-1-00293-per-salvare-venezia-dellonorevole-silvia-benedetti\\\/#article\",\"isPartOf\":{\"@id\":\"https:\\\/\\\/www.bellunopress.it\\\/2019\\\/11\\\/19\\\/non-passa-la-mozione-1-00293-per-salvare-venezia-dellonorevole-silvia-benedetti\\\/\"},\"author\":{\"name\":\"redazione\",\"@id\":\"https:\\\/\\\/www.bellunopress.it\\\/#\\\/schema\\\/person\\\/79bb06722b37ece1c03d3e94beb30d73\"},\"headline\":\"Non passa la mozione 1\\\/00293 per salvare Venezia dell&#8217;onorevole Silvia Benedetti\",\"datePublished\":\"2019-11-19T20:45:43+00:00\",\"mainEntityOfPage\":{\"@id\":\"https:\\\/\\\/www.bellunopress.it\\\/2019\\\/11\\\/19\\\/non-passa-la-mozione-1-00293-per-salvare-venezia-dellonorevole-silvia-benedetti\\\/\"},\"wordCount\":1677,\"publisher\":{\"@id\":\"https:\\\/\\\/www.bellunopress.it\\\/#organization\"},\"image\":{\"@id\":\"https:\\\/\\\/www.bellunopress.it\\\/2019\\\/11\\\/19\\\/non-passa-la-mozione-1-00293-per-salvare-venezia-dellonorevole-silvia-benedetti\\\/#primaryimage\"},\"thumbnailUrl\":\"http:\\\/\\\/www.bellunopress.it\\\/wp-content\\\/uploads\\\/2017\\\/07\\\/silvia-benedetti.jpg\",\"articleSection\":[\"Cronaca\\\/Politica\",\"Meteo, natura, ambiente, animali\"],\"inLanguage\":\"fr-FR\"},{\"@type\":\"WebPage\",\"@id\":\"https:\\\/\\\/www.bellunopress.it\\\/2019\\\/11\\\/19\\\/non-passa-la-mozione-1-00293-per-salvare-venezia-dellonorevole-silvia-benedetti\\\/\",\"url\":\"https:\\\/\\\/www.bellunopress.it\\\/2019\\\/11\\\/19\\\/non-passa-la-mozione-1-00293-per-salvare-venezia-dellonorevole-silvia-benedetti\\\/\",\"name\":\"Non passa la mozione 1\\\/00293 per salvare Venezia dell'onorevole Silvia Benedetti - Bellunopress - Dolomiti\",\"isPartOf\":{\"@id\":\"https:\\\/\\\/www.bellunopress.it\\\/#website\"},\"primaryImageOfPage\":{\"@id\":\"https:\\\/\\\/www.bellunopress.it\\\/2019\\\/11\\\/19\\\/non-passa-la-mozione-1-00293-per-salvare-venezia-dellonorevole-silvia-benedetti\\\/#primaryimage\"},\"image\":{\"@id\":\"https:\\\/\\\/www.bellunopress.it\\\/2019\\\/11\\\/19\\\/non-passa-la-mozione-1-00293-per-salvare-venezia-dellonorevole-silvia-benedetti\\\/#primaryimage\"},\"thumbnailUrl\":\"http:\\\/\\\/www.bellunopress.it\\\/wp-content\\\/uploads\\\/2017\\\/07\\\/silvia-benedetti.jpg\",\"datePublished\":\"2019-11-19T20:45:43+00:00\",\"breadcrumb\":{\"@id\":\"https:\\\/\\\/www.bellunopress.it\\\/2019\\\/11\\\/19\\\/non-passa-la-mozione-1-00293-per-salvare-venezia-dellonorevole-silvia-benedetti\\\/#breadcrumb\"},\"inLanguage\":\"fr-FR\",\"potentialAction\":[{\"@type\":\"ReadAction\",\"target\":[\"https:\\\/\\\/www.bellunopress.it\\\/2019\\\/11\\\/19\\\/non-passa-la-mozione-1-00293-per-salvare-venezia-dellonorevole-silvia-benedetti\\\/\"]}]},{\"@type\":\"ImageObject\",\"inLanguage\":\"fr-FR\",\"@id\":\"https:\\\/\\\/www.bellunopress.it\\\/2019\\\/11\\\/19\\\/non-passa-la-mozione-1-00293-per-salvare-venezia-dellonorevole-silvia-benedetti\\\/#primaryimage\",\"url\":\"http:\\\/\\\/www.bellunopress.it\\\/wp-content\\\/uploads\\\/2017\\\/07\\\/silvia-benedetti.jpg\",\"contentUrl\":\"http:\\\/\\\/www.bellunopress.it\\\/wp-content\\\/uploads\\\/2017\\\/07\\\/silvia-benedetti.jpg\"},{\"@type\":\"BreadcrumbList\",\"@id\":\"https:\\\/\\\/www.bellunopress.it\\\/2019\\\/11\\\/19\\\/non-passa-la-mozione-1-00293-per-salvare-venezia-dellonorevole-silvia-benedetti\\\/#breadcrumb\",\"itemListElement\":[{\"@type\":\"ListItem\",\"position\":1,\"name\":\"Home\",\"item\":\"https:\\\/\\\/www.bellunopress.it\\\/\"},{\"@type\":\"ListItem\",\"position\":2,\"name\":\"Non passa la mozione 1\\\/00293 per salvare Venezia dell&#8217;onorevole Silvia Benedetti\"}]},{\"@type\":\"WebSite\",\"@id\":\"https:\\\/\\\/www.bellunopress.it\\\/#website\",\"url\":\"https:\\\/\\\/www.bellunopress.it\\\/\",\"name\":\"Bellunopress - Dolomiti\",\"description\":\"e-mail: redazione@bellunopress.it\",\"publisher\":{\"@id\":\"https:\\\/\\\/www.bellunopress.it\\\/#organization\"},\"potentialAction\":[{\"@type\":\"SearchAction\",\"target\":{\"@type\":\"EntryPoint\",\"urlTemplate\":\"https:\\\/\\\/www.bellunopress.it\\\/?s={search_term_string}\"},\"query-input\":{\"@type\":\"PropertyValueSpecification\",\"valueRequired\":true,\"valueName\":\"search_term_string\"}}],\"inLanguage\":\"fr-FR\"},{\"@type\":\"Organization\",\"@id\":\"https:\\\/\\\/www.bellunopress.it\\\/#organization\",\"name\":\"Bellunopress\",\"url\":\"https:\\\/\\\/www.bellunopress.it\\\/\",\"logo\":{\"@type\":\"ImageObject\",\"inLanguage\":\"fr-FR\",\"@id\":\"https:\\\/\\\/www.bellunopress.it\\\/#\\\/schema\\\/logo\\\/image\\\/\",\"url\":\"https:\\\/\\\/www.bellunopress.it\\\/wp-content\\\/uploads\\\/2011\\\/05\\\/cropped-logo-bellunopress-.jpg\",\"contentUrl\":\"https:\\\/\\\/www.bellunopress.it\\\/wp-content\\\/uploads\\\/2011\\\/05\\\/cropped-logo-bellunopress-.jpg\",\"width\":512,\"height\":512,\"caption\":\"Bellunopress\"},\"image\":{\"@id\":\"https:\\\/\\\/www.bellunopress.it\\\/#\\\/schema\\\/logo\\\/image\\\/\"},\"sameAs\":[\"https:\\\/\\\/www.facebook.com\\\/profile.php?id=100008943462799\",\"https:\\\/\\\/x.com\\\/bellunopress\",\"https:\\\/\\\/www.linkedin.com\\\/hp\\\/?dnr=JBzUWaJfMUw8vbXJJ2tVW5-I3jZKvC4wsoxE&amp;amp;amp;amp;amp;amp;trk=nav_responsive_tab_home\",\"https:\\\/\\\/www.youtube.com\\\/channel\\\/UCxL0wu1uN0_3_7hGG0306cw\"]},{\"@type\":\"Person\",\"@id\":\"https:\\\/\\\/www.bellunopress.it\\\/#\\\/schema\\\/person\\\/79bb06722b37ece1c03d3e94beb30d73\",\"name\":\"redazione\",\"image\":{\"@type\":\"ImageObject\",\"inLanguage\":\"fr-FR\",\"@id\":\"https:\\\/\\\/secure.gravatar.com\\\/avatar\\\/37d968a2e67a6fd04c169c4bdef102d0bc5d31b2546345219e348575eb80e9a0?s=96&d=mm&r=g\",\"url\":\"https:\\\/\\\/secure.gravatar.com\\\/avatar\\\/37d968a2e67a6fd04c169c4bdef102d0bc5d31b2546345219e348575eb80e9a0?s=96&d=mm&r=g\",\"contentUrl\":\"https:\\\/\\\/secure.gravatar.com\\\/avatar\\\/37d968a2e67a6fd04c169c4bdef102d0bc5d31b2546345219e348575eb80e9a0?s=96&d=mm&r=g\",\"caption\":\"redazione\"},\"sameAs\":[\"http:\\\/\\\/www.bellunopress.it\",\"https:\\\/\\\/x.com\\\/bellunopress\"],\"url\":\"https:\\\/\\\/www.bellunopress.it\\\/fr\\\/author\\\/redazione\\\/\"}]}<\/script>\n<!-- \/ Yoast SEO plugin. -->","yoast_head_json":{"title":"Non passa la mozione 1\/00293 per salvare Venezia dell'onorevole Silvia Benedetti - Bellunopress - Dolomiti","robots":{"index":"index","follow":"follow","max-snippet":"max-snippet:-1","max-image-preview":"max-image-preview:large","max-video-preview":"max-video-preview:-1"},"canonical":"https:\/\/www.bellunopress.it\/fr\/2019\/11\/19\/non-passa-la-mozione-1-00293-per-salvare-venezia-dellonorevole-silvia-benedetti\/","og_locale":"fr_FR","og_type":"article","og_title":"Non passa la mozione 1\/00293 per salvare Venezia dell'onorevole Silvia Benedetti - Bellunopress - Dolomiti","og_description":"Roma, 19 novembre 2019 &#8211; La Camera dei deputati ha bocciato la mozione n. 1-00293 presentata dall&#8217;onorevole Silvia Benedetti (prima firmataria) per la salvaguardia di Venezia e della sua laguna. Ecco il testo premesso che: nella notte del 12 novembre 2019 a Venezia si \u00e8 verificata un&#8217;acqua alta eccezionale di 187 centimetri, seconda soltanto ai [&hellip;]","og_url":"https:\/\/www.bellunopress.it\/fr\/2019\/11\/19\/non-passa-la-mozione-1-00293-per-salvare-venezia-dellonorevole-silvia-benedetti\/","og_site_name":"Bellunopress - Dolomiti","article_publisher":"https:\/\/www.facebook.com\/profile.php?id=100008943462799","article_published_time":"2019-11-19T20:45:43+00:00","og_image":[{"url":"http:\/\/www.bellunopress.it\/wp-content\/uploads\/2017\/07\/silvia-benedetti.jpg","type":"","width":"","height":""}],"author":"redazione","twitter_card":"summary_large_image","twitter_creator":"@bellunopress","twitter_site":"@bellunopress","twitter_misc":{"\u00c9crit par":"redazione","Dur\u00e9e de lecture estim\u00e9e":"8 minutes"},"schema":{"@context":"https:\/\/schema.org","@graph":[{"@type":"Article","@id":"https:\/\/www.bellunopress.it\/2019\/11\/19\/non-passa-la-mozione-1-00293-per-salvare-venezia-dellonorevole-silvia-benedetti\/#article","isPartOf":{"@id":"https:\/\/www.bellunopress.it\/2019\/11\/19\/non-passa-la-mozione-1-00293-per-salvare-venezia-dellonorevole-silvia-benedetti\/"},"author":{"name":"redazione","@id":"https:\/\/www.bellunopress.it\/#\/schema\/person\/79bb06722b37ece1c03d3e94beb30d73"},"headline":"Non passa la mozione 1\/00293 per salvare Venezia dell&#8217;onorevole Silvia Benedetti","datePublished":"2019-11-19T20:45:43+00:00","mainEntityOfPage":{"@id":"https:\/\/www.bellunopress.it\/2019\/11\/19\/non-passa-la-mozione-1-00293-per-salvare-venezia-dellonorevole-silvia-benedetti\/"},"wordCount":1677,"publisher":{"@id":"https:\/\/www.bellunopress.it\/#organization"},"image":{"@id":"https:\/\/www.bellunopress.it\/2019\/11\/19\/non-passa-la-mozione-1-00293-per-salvare-venezia-dellonorevole-silvia-benedetti\/#primaryimage"},"thumbnailUrl":"http:\/\/www.bellunopress.it\/wp-content\/uploads\/2017\/07\/silvia-benedetti.jpg","articleSection":["Cronaca\/Politica","Meteo, natura, ambiente, animali"],"inLanguage":"fr-FR"},{"@type":"WebPage","@id":"https:\/\/www.bellunopress.it\/2019\/11\/19\/non-passa-la-mozione-1-00293-per-salvare-venezia-dellonorevole-silvia-benedetti\/","url":"https:\/\/www.bellunopress.it\/2019\/11\/19\/non-passa-la-mozione-1-00293-per-salvare-venezia-dellonorevole-silvia-benedetti\/","name":"Non passa la mozione 1\/00293 per salvare Venezia dell'onorevole Silvia Benedetti - Bellunopress - Dolomiti","isPartOf":{"@id":"https:\/\/www.bellunopress.it\/#website"},"primaryImageOfPage":{"@id":"https:\/\/www.bellunopress.it\/2019\/11\/19\/non-passa-la-mozione-1-00293-per-salvare-venezia-dellonorevole-silvia-benedetti\/#primaryimage"},"image":{"@id":"https:\/\/www.bellunopress.it\/2019\/11\/19\/non-passa-la-mozione-1-00293-per-salvare-venezia-dellonorevole-silvia-benedetti\/#primaryimage"},"thumbnailUrl":"http:\/\/www.bellunopress.it\/wp-content\/uploads\/2017\/07\/silvia-benedetti.jpg","datePublished":"2019-11-19T20:45:43+00:00","breadcrumb":{"@id":"https:\/\/www.bellunopress.it\/2019\/11\/19\/non-passa-la-mozione-1-00293-per-salvare-venezia-dellonorevole-silvia-benedetti\/#breadcrumb"},"inLanguage":"fr-FR","potentialAction":[{"@type":"ReadAction","target":["https:\/\/www.bellunopress.it\/2019\/11\/19\/non-passa-la-mozione-1-00293-per-salvare-venezia-dellonorevole-silvia-benedetti\/"]}]},{"@type":"ImageObject","inLanguage":"fr-FR","@id":"https:\/\/www.bellunopress.it\/2019\/11\/19\/non-passa-la-mozione-1-00293-per-salvare-venezia-dellonorevole-silvia-benedetti\/#primaryimage","url":"http:\/\/www.bellunopress.it\/wp-content\/uploads\/2017\/07\/silvia-benedetti.jpg","contentUrl":"http:\/\/www.bellunopress.it\/wp-content\/uploads\/2017\/07\/silvia-benedetti.jpg"},{"@type":"BreadcrumbList","@id":"https:\/\/www.bellunopress.it\/2019\/11\/19\/non-passa-la-mozione-1-00293-per-salvare-venezia-dellonorevole-silvia-benedetti\/#breadcrumb","itemListElement":[{"@type":"ListItem","position":1,"name":"Home","item":"https:\/\/www.bellunopress.it\/"},{"@type":"ListItem","position":2,"name":"Non passa la mozione 1\/00293 per salvare Venezia dell&#8217;onorevole Silvia Benedetti"}]},{"@type":"WebSite","@id":"https:\/\/www.bellunopress.it\/#website","url":"https:\/\/www.bellunopress.it\/","name":"Bellunopress - Dolomiti","description":"e-mail: redazione@bellunopress.it","publisher":{"@id":"https:\/\/www.bellunopress.it\/#organization"},"potentialAction":[{"@type":"SearchAction","target":{"@type":"EntryPoint","urlTemplate":"https:\/\/www.bellunopress.it\/?s={search_term_string}"},"query-input":{"@type":"PropertyValueSpecification","valueRequired":true,"valueName":"search_term_string"}}],"inLanguage":"fr-FR"},{"@type":"Organization","@id":"https:\/\/www.bellunopress.it\/#organization","name":"Bellunopress","url":"https:\/\/www.bellunopress.it\/","logo":{"@type":"ImageObject","inLanguage":"fr-FR","@id":"https:\/\/www.bellunopress.it\/#\/schema\/logo\/image\/","url":"https:\/\/www.bellunopress.it\/wp-content\/uploads\/2011\/05\/cropped-logo-bellunopress-.jpg","contentUrl":"https:\/\/www.bellunopress.it\/wp-content\/uploads\/2011\/05\/cropped-logo-bellunopress-.jpg","width":512,"height":512,"caption":"Bellunopress"},"image":{"@id":"https:\/\/www.bellunopress.it\/#\/schema\/logo\/image\/"},"sameAs":["https:\/\/www.facebook.com\/profile.php?id=100008943462799","https:\/\/x.com\/bellunopress","https:\/\/www.linkedin.com\/hp\/?dnr=JBzUWaJfMUw8vbXJJ2tVW5-I3jZKvC4wsoxE&amp;amp;amp;amp;amp;amp;trk=nav_responsive_tab_home","https:\/\/www.youtube.com\/channel\/UCxL0wu1uN0_3_7hGG0306cw"]},{"@type":"Person","@id":"https:\/\/www.bellunopress.it\/#\/schema\/person\/79bb06722b37ece1c03d3e94beb30d73","name":"r\u00e9daction","image":{"@type":"ImageObject","inLanguage":"fr-FR","@id":"https:\/\/secure.gravatar.com\/avatar\/37d968a2e67a6fd04c169c4bdef102d0bc5d31b2546345219e348575eb80e9a0?s=96&d=mm&r=g","url":"https:\/\/secure.gravatar.com\/avatar\/37d968a2e67a6fd04c169c4bdef102d0bc5d31b2546345219e348575eb80e9a0?s=96&d=mm&r=g","contentUrl":"https:\/\/secure.gravatar.com\/avatar\/37d968a2e67a6fd04c169c4bdef102d0bc5d31b2546345219e348575eb80e9a0?s=96&d=mm&r=g","caption":"redazione"},"sameAs":["http:\/\/www.bellunopress.it","https:\/\/x.com\/bellunopress"],"url":"https:\/\/www.bellunopress.it\/fr\/author\/redazione\/"}]}},"_links":{"self":[{"href":"https:\/\/www.bellunopress.it\/fr\/wp-json\/wp\/v2\/posts\/109780","targetHints":{"allow":["GET"]}}],"collection":[{"href":"https:\/\/www.bellunopress.it\/fr\/wp-json\/wp\/v2\/posts"}],"about":[{"href":"https:\/\/www.bellunopress.it\/fr\/wp-json\/wp\/v2\/types\/post"}],"author":[{"embeddable":true,"href":"https:\/\/www.bellunopress.it\/fr\/wp-json\/wp\/v2\/users\/2"}],"replies":[{"embeddable":true,"href":"https:\/\/www.bellunopress.it\/fr\/wp-json\/wp\/v2\/comments?post=109780"}],"version-history":[{"count":1,"href":"https:\/\/www.bellunopress.it\/fr\/wp-json\/wp\/v2\/posts\/109780\/revisions"}],"predecessor-version":[{"id":109781,"href":"https:\/\/www.bellunopress.it\/fr\/wp-json\/wp\/v2\/posts\/109780\/revisions\/109781"}],"wp:attachment":[{"href":"https:\/\/www.bellunopress.it\/fr\/wp-json\/wp\/v2\/media?parent=109780"}],"wp:term":[{"taxonomy":"category","embeddable":true,"href":"https:\/\/www.bellunopress.it\/fr\/wp-json\/wp\/v2\/categories?post=109780"},{"taxonomy":"post_tag","embeddable":true,"href":"https:\/\/www.bellunopress.it\/fr\/wp-json\/wp\/v2\/tags?post=109780"}],"curies":[{"name":"wp","href":"https:\/\/api.w.org\/{rel}","templated":true}]}}