{"id":109770,"date":"2019-11-19T17:36:47","date_gmt":"2019-11-19T16:36:47","guid":{"rendered":"http:\/\/www.bellunopress.it\/?p=109770"},"modified":"2019-11-19T17:36:47","modified_gmt":"2019-11-19T16:36:47","slug":"maltempo-bortoluzzi-la-situazione-sta-migliorando-ma-paghiamo-a-duro-prezzo-gli-effetti-dello-spopolamento","status":"publish","type":"post","link":"https:\/\/www.bellunopress.it\/fr\/2019\/11\/19\/maltempo-bortoluzzi-la-situazione-sta-migliorando-ma-paghiamo-a-duro-prezzo-gli-effetti-dello-spopolamento\/","title":{"rendered":"Maltempo. Bortoluzzi: &#8220;La situazione sta migliorando, ma paghiamo a duro prezzo gli effetti dello spopolamento&#8221;"},"content":{"rendered":"<figure id=\"attachment_109650\" aria-describedby=\"caption-attachment-109650\" style=\"width: 234px\" class=\"wp-caption alignleft\"><a href=\"http:\/\/www.bellunopress.it\/fr\/2019\/11\/16\/maltempo-aggiornamento-del-16-11-2019-ore-12-massimo-bortoluzzi-lallerta-e-scesa-da-rossa-ad-arancione-su-tutto-il-territorio\/massimo-bortoluzzi-consigliere-provinciale-3\/\" rel=\"attachment wp-att-109650\"><img loading=\"lazy\" decoding=\"async\" class=\"size-full wp-image-109650\" src=\"http:\/\/www.bellunopress.it\/wp-content\/uploads\/2019\/11\/Massimo-Bortoluzzi-consigliere-provinciale-1.jpg\" alt=\"\" width=\"234\" height=\"300\" \/><\/a><figcaption id=\"caption-attachment-109650\" class=\"wp-caption-text\">Massimo Bortoluzzi &#8211; consigliere provinciale delegato alla Protezione civile<\/figcaption><\/figure>\n<p>Belluno, 19.11.2019 &#8211; La situazione meteo \u00e8 in miglioramento. E al momento non si registrano nuove criticit\u00e0 rispetto a quelle emerse con la perturbazione di domenica, tranne una frana a Dont di Zoldo, un dissesto dovuto a ruscellamento d\u2019acqua a Presenaio (San Pietro di Cadore) luned\u00ec sera, e un altro simile a Borgata Tamber (Santo Stefano di Cadore).<\/p>\n<p>\u00abI tecnici della Difesa del Suolo sono usciti in sopralluogo nelle zone che avevano rilevato frane e smottamenti negli ultimi giorni e stanno monitorando il territorio &#8211; afferma il consigliere provinciale delegato Massimo Bortoluzzi -.<\/p>\n<p>Al momento sono in contatto con il sindaco di Val di Zoldo per la frana di Dont e con il sindaco di Alleghe per tenere sotto controllo la situazione. Non abbiamo notizia di altre criticit\u00e0 e l\u2019ondata di maltempo sta passando. Quindi direi che stiamo rientrando nella normalit\u00e0. Da domani potremo fare la ricognizione definitiva e programmare gli interventi di ripristino e messa in sicurezza\u00bb.<\/p>\n<p>Le previsioni meteo, infatti, parlano di condizioni decisamente migliori per i prossimi giorni, con possibilit\u00e0 di qualche altra precipitazione tra venerd\u00ec e sabato. Si tratter\u00e0 comunque di piogge non eccezionali<\/p>\n<p>\u00abLe precipitazioni degli ultimi giorni sono state importanti, ma non hanno raggiunto quantitativi esagerati &#8211; prosegue Massimo Bortoluzzi -. Eppure i danni si sono verificati lo stesso. Perch\u00e9? Sicuramente perch\u00e9 il territorio presenta ancora le ferite di Vaia. Ma anche perch\u00e9 manca la manutenzione continua e costante. In questo senso, paghiamo a caro prezzo lo spopolamento della montagna. Una volta, veniva eseguita una serie di grandi piccole operazioni che si rivelavano fondamentali nella difesa del suolo, dalla piccola regimazione delle acque alle opere idrauliche secondarie, dallo sfalcio dei prati alla raccolta del fogliame. Tutte operazioni che rendevano il terreno pi\u00f9 pronto a ricevere le precipitazioni autunnali e che invece oggi mancano. Di conseguenza, l\u2019acqua scorre molto pi\u00f9 velocemente, non viene assorbita dai prati e causa piene immediate di fiumi e torrenti. Per evitare ogni volta la conta dei danni, abbiamo bisogno di strumenti che ci consentano di contrastare veramente lo spopolamento. Non abbiamo bisogno invece dei vincoli che gi\u00e0 oggi non ci permettono di fare le opere che servirebbero. In questo senso vanno ripensati i vincoli nuovi su Auronzo e sul Comelico, dove oggi sono concentrati diversi problemi di frane e smottamenti: in quelle zone della nostra montagna l\u2019abbandono del territorio rischia di subire un\u2019accelerazione con l\u2019imposizione di nuovi vincoli; e di conseguenza, anche i dissesti rischiano di accelerare\u00bb.<\/p>","protected":false},"excerpt":{"rendered":"<p>Belluno, 19.11.2019 &#8211; La situazione meteo \u00e8 in miglioramento. E al momento non si registrano nuove criticit\u00e0 rispetto a quelle emerse con la perturbazione di domenica, tranne una frana a Dont di Zoldo, un dissesto dovuto a ruscellamento d\u2019acqua a Presenaio (San Pietro di Cadore) luned\u00ec sera, e un altro simile a Borgata Tamber (Santo [&hellip;]<\/p>\n","protected":false},"author":2,"featured_media":0,"comment_status":"closed","ping_status":"open","sticky":false,"template":"","format":"standard","meta":{"footnotes":""},"categories":[5,26,8],"tags":[],"class_list":["post-109770","post","type-post","status-publish","format-standard","category-cronaca","category-prima-pagina","category-societa-istituzioni"],"yoast_head":"<!-- This site is optimized with the Yoast SEO plugin v28.4 - https:\/\/yoast.com\/product\/yoast-seo-wordpress\/ -->\n<title>Maltempo. Bortoluzzi: &quot;La situazione sta migliorando, ma paghiamo a duro prezzo gli effetti dello spopolamento&quot; - Bellunopress - Dolomiti<\/title>\n<meta name=\"robots\" content=\"index, follow, max-snippet:-1, max-image-preview:large, max-video-preview:-1\" \/>\n<link rel=\"canonical\" href=\"https:\/\/www.bellunopress.it\/fr\/2019\/11\/19\/maltempo-bortoluzzi-la-situazione-sta-migliorando-ma-paghiamo-a-duro-prezzo-gli-effetti-dello-spopolamento\/\" \/>\n<meta property=\"og:locale\" content=\"fr_FR\" \/>\n<meta property=\"og:type\" content=\"article\" \/>\n<meta property=\"og:title\" content=\"Maltempo. Bortoluzzi: &quot;La situazione sta migliorando, ma paghiamo a duro prezzo gli effetti dello spopolamento&quot; - Bellunopress - Dolomiti\" \/>\n<meta property=\"og:description\" content=\"Belluno, 19.11.2019 &#8211; La situazione meteo \u00e8 in miglioramento. E al momento non si registrano nuove criticit\u00e0 rispetto a quelle emerse con la perturbazione di domenica, tranne una frana a Dont di Zoldo, un dissesto dovuto a ruscellamento d\u2019acqua a Presenaio (San Pietro di Cadore) luned\u00ec sera, e un altro simile a Borgata Tamber (Santo [&hellip;]\" \/>\n<meta property=\"og:url\" content=\"https:\/\/www.bellunopress.it\/fr\/2019\/11\/19\/maltempo-bortoluzzi-la-situazione-sta-migliorando-ma-paghiamo-a-duro-prezzo-gli-effetti-dello-spopolamento\/\" \/>\n<meta property=\"og:site_name\" content=\"Bellunopress - Dolomiti\" \/>\n<meta property=\"article:publisher\" content=\"https:\/\/www.facebook.com\/profile.php?id=100008943462799\" \/>\n<meta property=\"article:published_time\" content=\"2019-11-19T16:36:47+00:00\" \/>\n<meta property=\"og:image\" content=\"http:\/\/www.bellunopress.it\/wp-content\/uploads\/2019\/11\/Massimo-Bortoluzzi-consigliere-provinciale-1.jpg\" \/>\n<meta name=\"author\" content=\"redazione\" \/>\n<meta name=\"twitter:card\" content=\"summary_large_image\" \/>\n<meta name=\"twitter:creator\" content=\"@bellunopress\" \/>\n<meta name=\"twitter:site\" content=\"@bellunopress\" \/>\n<meta name=\"twitter:label1\" content=\"Written by\" \/>\n\t<meta name=\"twitter:data1\" content=\"redazione\" \/>\n\t<meta name=\"twitter:label2\" content=\"Est. reading time\" \/>\n\t<meta name=\"twitter:data2\" content=\"2 minutes\" \/>\n<script type=\"application\/ld+json\" class=\"yoast-schema-graph\">{\"@context\":\"https:\\\/\\\/schema.org\",\"@graph\":[{\"@type\":\"Article\",\"@id\":\"https:\\\/\\\/www.bellunopress.it\\\/2019\\\/11\\\/19\\\/maltempo-bortoluzzi-la-situazione-sta-migliorando-ma-paghiamo-a-duro-prezzo-gli-effetti-dello-spopolamento\\\/#article\",\"isPartOf\":{\"@id\":\"https:\\\/\\\/www.bellunopress.it\\\/2019\\\/11\\\/19\\\/maltempo-bortoluzzi-la-situazione-sta-migliorando-ma-paghiamo-a-duro-prezzo-gli-effetti-dello-spopolamento\\\/\"},\"author\":{\"name\":\"redazione\",\"@id\":\"https:\\\/\\\/www.bellunopress.it\\\/#\\\/schema\\\/person\\\/79bb06722b37ece1c03d3e94beb30d73\"},\"headline\":\"Maltempo. Bortoluzzi: &#8220;La situazione sta migliorando, ma paghiamo a duro prezzo gli effetti dello spopolamento&#8221;\",\"datePublished\":\"2019-11-19T16:36:47+00:00\",\"mainEntityOfPage\":{\"@id\":\"https:\\\/\\\/www.bellunopress.it\\\/2019\\\/11\\\/19\\\/maltempo-bortoluzzi-la-situazione-sta-migliorando-ma-paghiamo-a-duro-prezzo-gli-effetti-dello-spopolamento\\\/\"},\"wordCount\":442,\"publisher\":{\"@id\":\"https:\\\/\\\/www.bellunopress.it\\\/#organization\"},\"image\":{\"@id\":\"https:\\\/\\\/www.bellunopress.it\\\/2019\\\/11\\\/19\\\/maltempo-bortoluzzi-la-situazione-sta-migliorando-ma-paghiamo-a-duro-prezzo-gli-effetti-dello-spopolamento\\\/#primaryimage\"},\"thumbnailUrl\":\"http:\\\/\\\/www.bellunopress.it\\\/wp-content\\\/uploads\\\/2019\\\/11\\\/Massimo-Bortoluzzi-consigliere-provinciale-1.jpg\",\"articleSection\":[\"Cronaca\\\/Politica\",\"Prima Pagina\",\"Societ\u00e0, Associazioni, Istituzioni\"],\"inLanguage\":\"fr-FR\"},{\"@type\":\"WebPage\",\"@id\":\"https:\\\/\\\/www.bellunopress.it\\\/2019\\\/11\\\/19\\\/maltempo-bortoluzzi-la-situazione-sta-migliorando-ma-paghiamo-a-duro-prezzo-gli-effetti-dello-spopolamento\\\/\",\"url\":\"https:\\\/\\\/www.bellunopress.it\\\/2019\\\/11\\\/19\\\/maltempo-bortoluzzi-la-situazione-sta-migliorando-ma-paghiamo-a-duro-prezzo-gli-effetti-dello-spopolamento\\\/\",\"name\":\"Maltempo. Bortoluzzi: \\\"La situazione sta migliorando, ma paghiamo a duro prezzo gli effetti dello spopolamento\\\" - Bellunopress - Dolomiti\",\"isPartOf\":{\"@id\":\"https:\\\/\\\/www.bellunopress.it\\\/#website\"},\"primaryImageOfPage\":{\"@id\":\"https:\\\/\\\/www.bellunopress.it\\\/2019\\\/11\\\/19\\\/maltempo-bortoluzzi-la-situazione-sta-migliorando-ma-paghiamo-a-duro-prezzo-gli-effetti-dello-spopolamento\\\/#primaryimage\"},\"image\":{\"@id\":\"https:\\\/\\\/www.bellunopress.it\\\/2019\\\/11\\\/19\\\/maltempo-bortoluzzi-la-situazione-sta-migliorando-ma-paghiamo-a-duro-prezzo-gli-effetti-dello-spopolamento\\\/#primaryimage\"},\"thumbnailUrl\":\"http:\\\/\\\/www.bellunopress.it\\\/wp-content\\\/uploads\\\/2019\\\/11\\\/Massimo-Bortoluzzi-consigliere-provinciale-1.jpg\",\"datePublished\":\"2019-11-19T16:36:47+00:00\",\"breadcrumb\":{\"@id\":\"https:\\\/\\\/www.bellunopress.it\\\/2019\\\/11\\\/19\\\/maltempo-bortoluzzi-la-situazione-sta-migliorando-ma-paghiamo-a-duro-prezzo-gli-effetti-dello-spopolamento\\\/#breadcrumb\"},\"inLanguage\":\"fr-FR\",\"potentialAction\":[{\"@type\":\"ReadAction\",\"target\":[\"https:\\\/\\\/www.bellunopress.it\\\/2019\\\/11\\\/19\\\/maltempo-bortoluzzi-la-situazione-sta-migliorando-ma-paghiamo-a-duro-prezzo-gli-effetti-dello-spopolamento\\\/\"]}]},{\"@type\":\"ImageObject\",\"inLanguage\":\"fr-FR\",\"@id\":\"https:\\\/\\\/www.bellunopress.it\\\/2019\\\/11\\\/19\\\/maltempo-bortoluzzi-la-situazione-sta-migliorando-ma-paghiamo-a-duro-prezzo-gli-effetti-dello-spopolamento\\\/#primaryimage\",\"url\":\"http:\\\/\\\/www.bellunopress.it\\\/wp-content\\\/uploads\\\/2019\\\/11\\\/Massimo-Bortoluzzi-consigliere-provinciale-1.jpg\",\"contentUrl\":\"http:\\\/\\\/www.bellunopress.it\\\/wp-content\\\/uploads\\\/2019\\\/11\\\/Massimo-Bortoluzzi-consigliere-provinciale-1.jpg\"},{\"@type\":\"BreadcrumbList\",\"@id\":\"https:\\\/\\\/www.bellunopress.it\\\/2019\\\/11\\\/19\\\/maltempo-bortoluzzi-la-situazione-sta-migliorando-ma-paghiamo-a-duro-prezzo-gli-effetti-dello-spopolamento\\\/#breadcrumb\",\"itemListElement\":[{\"@type\":\"ListItem\",\"position\":1,\"name\":\"Home\",\"item\":\"https:\\\/\\\/www.bellunopress.it\\\/\"},{\"@type\":\"ListItem\",\"position\":2,\"name\":\"Maltempo. Bortoluzzi: &#8220;La situazione sta migliorando, ma paghiamo a duro prezzo gli effetti dello spopolamento&#8221;\"}]},{\"@type\":\"WebSite\",\"@id\":\"https:\\\/\\\/www.bellunopress.it\\\/#website\",\"url\":\"https:\\\/\\\/www.bellunopress.it\\\/\",\"name\":\"Bellunopress - Dolomiti\",\"description\":\"e-mail: redazione@bellunopress.it\",\"publisher\":{\"@id\":\"https:\\\/\\\/www.bellunopress.it\\\/#organization\"},\"potentialAction\":[{\"@type\":\"SearchAction\",\"target\":{\"@type\":\"EntryPoint\",\"urlTemplate\":\"https:\\\/\\\/www.bellunopress.it\\\/?s={search_term_string}\"},\"query-input\":{\"@type\":\"PropertyValueSpecification\",\"valueRequired\":true,\"valueName\":\"search_term_string\"}}],\"inLanguage\":\"fr-FR\"},{\"@type\":\"Organization\",\"@id\":\"https:\\\/\\\/www.bellunopress.it\\\/#organization\",\"name\":\"Bellunopress\",\"url\":\"https:\\\/\\\/www.bellunopress.it\\\/\",\"logo\":{\"@type\":\"ImageObject\",\"inLanguage\":\"fr-FR\",\"@id\":\"https:\\\/\\\/www.bellunopress.it\\\/#\\\/schema\\\/logo\\\/image\\\/\",\"url\":\"https:\\\/\\\/www.bellunopress.it\\\/wp-content\\\/uploads\\\/2011\\\/05\\\/cropped-logo-bellunopress-.jpg\",\"contentUrl\":\"https:\\\/\\\/www.bellunopress.it\\\/wp-content\\\/uploads\\\/2011\\\/05\\\/cropped-logo-bellunopress-.jpg\",\"width\":512,\"height\":512,\"caption\":\"Bellunopress\"},\"image\":{\"@id\":\"https:\\\/\\\/www.bellunopress.it\\\/#\\\/schema\\\/logo\\\/image\\\/\"},\"sameAs\":[\"https:\\\/\\\/www.facebook.com\\\/profile.php?id=100008943462799\",\"https:\\\/\\\/x.com\\\/bellunopress\",\"https:\\\/\\\/www.linkedin.com\\\/hp\\\/?dnr=JBzUWaJfMUw8vbXJJ2tVW5-I3jZKvC4wsoxE&amp;amp;amp;amp;amp;amp;trk=nav_responsive_tab_home\",\"https:\\\/\\\/www.youtube.com\\\/channel\\\/UCxL0wu1uN0_3_7hGG0306cw\"]},{\"@type\":\"Person\",\"@id\":\"https:\\\/\\\/www.bellunopress.it\\\/#\\\/schema\\\/person\\\/79bb06722b37ece1c03d3e94beb30d73\",\"name\":\"redazione\",\"image\":{\"@type\":\"ImageObject\",\"inLanguage\":\"fr-FR\",\"@id\":\"https:\\\/\\\/secure.gravatar.com\\\/avatar\\\/37d968a2e67a6fd04c169c4bdef102d0bc5d31b2546345219e348575eb80e9a0?s=96&d=mm&r=g\",\"url\":\"https:\\\/\\\/secure.gravatar.com\\\/avatar\\\/37d968a2e67a6fd04c169c4bdef102d0bc5d31b2546345219e348575eb80e9a0?s=96&d=mm&r=g\",\"contentUrl\":\"https:\\\/\\\/secure.gravatar.com\\\/avatar\\\/37d968a2e67a6fd04c169c4bdef102d0bc5d31b2546345219e348575eb80e9a0?s=96&d=mm&r=g\",\"caption\":\"redazione\"},\"sameAs\":[\"http:\\\/\\\/www.bellunopress.it\",\"https:\\\/\\\/x.com\\\/bellunopress\"],\"url\":\"https:\\\/\\\/www.bellunopress.it\\\/fr\\\/author\\\/redazione\\\/\"}]}<\/script>\n<!-- \/ Yoast SEO plugin. -->","yoast_head_json":{"title":"Maltempo. Bortoluzzi: \"La situazione sta migliorando, ma paghiamo a duro prezzo gli effetti dello spopolamento\" - Bellunopress - Dolomiti","robots":{"index":"index","follow":"follow","max-snippet":"max-snippet:-1","max-image-preview":"max-image-preview:large","max-video-preview":"max-video-preview:-1"},"canonical":"https:\/\/www.bellunopress.it\/fr\/2019\/11\/19\/maltempo-bortoluzzi-la-situazione-sta-migliorando-ma-paghiamo-a-duro-prezzo-gli-effetti-dello-spopolamento\/","og_locale":"fr_FR","og_type":"article","og_title":"Maltempo. Bortoluzzi: \"La situazione sta migliorando, ma paghiamo a duro prezzo gli effetti dello spopolamento\" - Bellunopress - Dolomiti","og_description":"Belluno, 19.11.2019 &#8211; La situazione meteo \u00e8 in miglioramento. E al momento non si registrano nuove criticit\u00e0 rispetto a quelle emerse con la perturbazione di domenica, tranne una frana a Dont di Zoldo, un dissesto dovuto a ruscellamento d\u2019acqua a Presenaio (San Pietro di Cadore) luned\u00ec sera, e un altro simile a Borgata Tamber (Santo [&hellip;]","og_url":"https:\/\/www.bellunopress.it\/fr\/2019\/11\/19\/maltempo-bortoluzzi-la-situazione-sta-migliorando-ma-paghiamo-a-duro-prezzo-gli-effetti-dello-spopolamento\/","og_site_name":"Bellunopress - Dolomiti","article_publisher":"https:\/\/www.facebook.com\/profile.php?id=100008943462799","article_published_time":"2019-11-19T16:36:47+00:00","og_image":[{"url":"http:\/\/www.bellunopress.it\/wp-content\/uploads\/2019\/11\/Massimo-Bortoluzzi-consigliere-provinciale-1.jpg","type":"","width":"","height":""}],"author":"redazione","twitter_card":"summary_large_image","twitter_creator":"@bellunopress","twitter_site":"@bellunopress","twitter_misc":{"Written by":"redazione","Est. reading time":"2 minutes"},"schema":{"@context":"https:\/\/schema.org","@graph":[{"@type":"Article","@id":"https:\/\/www.bellunopress.it\/2019\/11\/19\/maltempo-bortoluzzi-la-situazione-sta-migliorando-ma-paghiamo-a-duro-prezzo-gli-effetti-dello-spopolamento\/#article","isPartOf":{"@id":"https:\/\/www.bellunopress.it\/2019\/11\/19\/maltempo-bortoluzzi-la-situazione-sta-migliorando-ma-paghiamo-a-duro-prezzo-gli-effetti-dello-spopolamento\/"},"author":{"name":"redazione","@id":"https:\/\/www.bellunopress.it\/#\/schema\/person\/79bb06722b37ece1c03d3e94beb30d73"},"headline":"Maltempo. Bortoluzzi: &#8220;La situazione sta migliorando, ma paghiamo a duro prezzo gli effetti dello spopolamento&#8221;","datePublished":"2019-11-19T16:36:47+00:00","mainEntityOfPage":{"@id":"https:\/\/www.bellunopress.it\/2019\/11\/19\/maltempo-bortoluzzi-la-situazione-sta-migliorando-ma-paghiamo-a-duro-prezzo-gli-effetti-dello-spopolamento\/"},"wordCount":442,"publisher":{"@id":"https:\/\/www.bellunopress.it\/#organization"},"image":{"@id":"https:\/\/www.bellunopress.it\/2019\/11\/19\/maltempo-bortoluzzi-la-situazione-sta-migliorando-ma-paghiamo-a-duro-prezzo-gli-effetti-dello-spopolamento\/#primaryimage"},"thumbnailUrl":"http:\/\/www.bellunopress.it\/wp-content\/uploads\/2019\/11\/Massimo-Bortoluzzi-consigliere-provinciale-1.jpg","articleSection":["Cronaca\/Politica","Prima Pagina","Societ\u00e0, Associazioni, Istituzioni"],"inLanguage":"fr-FR"},{"@type":"WebPage","@id":"https:\/\/www.bellunopress.it\/2019\/11\/19\/maltempo-bortoluzzi-la-situazione-sta-migliorando-ma-paghiamo-a-duro-prezzo-gli-effetti-dello-spopolamento\/","url":"https:\/\/www.bellunopress.it\/2019\/11\/19\/maltempo-bortoluzzi-la-situazione-sta-migliorando-ma-paghiamo-a-duro-prezzo-gli-effetti-dello-spopolamento\/","name":"Maltempo. Bortoluzzi: \"La situazione sta migliorando, ma paghiamo a duro prezzo gli effetti dello spopolamento\" - Bellunopress - Dolomiti","isPartOf":{"@id":"https:\/\/www.bellunopress.it\/#website"},"primaryImageOfPage":{"@id":"https:\/\/www.bellunopress.it\/2019\/11\/19\/maltempo-bortoluzzi-la-situazione-sta-migliorando-ma-paghiamo-a-duro-prezzo-gli-effetti-dello-spopolamento\/#primaryimage"},"image":{"@id":"https:\/\/www.bellunopress.it\/2019\/11\/19\/maltempo-bortoluzzi-la-situazione-sta-migliorando-ma-paghiamo-a-duro-prezzo-gli-effetti-dello-spopolamento\/#primaryimage"},"thumbnailUrl":"http:\/\/www.bellunopress.it\/wp-content\/uploads\/2019\/11\/Massimo-Bortoluzzi-consigliere-provinciale-1.jpg","datePublished":"2019-11-19T16:36:47+00:00","breadcrumb":{"@id":"https:\/\/www.bellunopress.it\/2019\/11\/19\/maltempo-bortoluzzi-la-situazione-sta-migliorando-ma-paghiamo-a-duro-prezzo-gli-effetti-dello-spopolamento\/#breadcrumb"},"inLanguage":"fr-FR","potentialAction":[{"@type":"ReadAction","target":["https:\/\/www.bellunopress.it\/2019\/11\/19\/maltempo-bortoluzzi-la-situazione-sta-migliorando-ma-paghiamo-a-duro-prezzo-gli-effetti-dello-spopolamento\/"]}]},{"@type":"ImageObject","inLanguage":"fr-FR","@id":"https:\/\/www.bellunopress.it\/2019\/11\/19\/maltempo-bortoluzzi-la-situazione-sta-migliorando-ma-paghiamo-a-duro-prezzo-gli-effetti-dello-spopolamento\/#primaryimage","url":"http:\/\/www.bellunopress.it\/wp-content\/uploads\/2019\/11\/Massimo-Bortoluzzi-consigliere-provinciale-1.jpg","contentUrl":"http:\/\/www.bellunopress.it\/wp-content\/uploads\/2019\/11\/Massimo-Bortoluzzi-consigliere-provinciale-1.jpg"},{"@type":"BreadcrumbList","@id":"https:\/\/www.bellunopress.it\/2019\/11\/19\/maltempo-bortoluzzi-la-situazione-sta-migliorando-ma-paghiamo-a-duro-prezzo-gli-effetti-dello-spopolamento\/#breadcrumb","itemListElement":[{"@type":"ListItem","position":1,"name":"Home","item":"https:\/\/www.bellunopress.it\/"},{"@type":"ListItem","position":2,"name":"Maltempo. Bortoluzzi: &#8220;La situazione sta migliorando, ma paghiamo a duro prezzo gli effetti dello spopolamento&#8221;"}]},{"@type":"WebSite","@id":"https:\/\/www.bellunopress.it\/#website","url":"https:\/\/www.bellunopress.it\/","name":"Bellunopress - Dolomiti","description":"e-mail: redazione@bellunopress.it","publisher":{"@id":"https:\/\/www.bellunopress.it\/#organization"},"potentialAction":[{"@type":"SearchAction","target":{"@type":"EntryPoint","urlTemplate":"https:\/\/www.bellunopress.it\/?s={search_term_string}"},"query-input":{"@type":"PropertyValueSpecification","valueRequired":true,"valueName":"search_term_string"}}],"inLanguage":"fr-FR"},{"@type":"Organization","@id":"https:\/\/www.bellunopress.it\/#organization","name":"Bellunopress","url":"https:\/\/www.bellunopress.it\/","logo":{"@type":"ImageObject","inLanguage":"fr-FR","@id":"https:\/\/www.bellunopress.it\/#\/schema\/logo\/image\/","url":"https:\/\/www.bellunopress.it\/wp-content\/uploads\/2011\/05\/cropped-logo-bellunopress-.jpg","contentUrl":"https:\/\/www.bellunopress.it\/wp-content\/uploads\/2011\/05\/cropped-logo-bellunopress-.jpg","width":512,"height":512,"caption":"Bellunopress"},"image":{"@id":"https:\/\/www.bellunopress.it\/#\/schema\/logo\/image\/"},"sameAs":["https:\/\/www.facebook.com\/profile.php?id=100008943462799","https:\/\/x.com\/bellunopress","https:\/\/www.linkedin.com\/hp\/?dnr=JBzUWaJfMUw8vbXJJ2tVW5-I3jZKvC4wsoxE&amp;amp;amp;amp;amp;amp;trk=nav_responsive_tab_home","https:\/\/www.youtube.com\/channel\/UCxL0wu1uN0_3_7hGG0306cw"]},{"@type":"Person","@id":"https:\/\/www.bellunopress.it\/#\/schema\/person\/79bb06722b37ece1c03d3e94beb30d73","name":"r\u00e9daction","image":{"@type":"ImageObject","inLanguage":"fr-FR","@id":"https:\/\/secure.gravatar.com\/avatar\/37d968a2e67a6fd04c169c4bdef102d0bc5d31b2546345219e348575eb80e9a0?s=96&d=mm&r=g","url":"https:\/\/secure.gravatar.com\/avatar\/37d968a2e67a6fd04c169c4bdef102d0bc5d31b2546345219e348575eb80e9a0?s=96&d=mm&r=g","contentUrl":"https:\/\/secure.gravatar.com\/avatar\/37d968a2e67a6fd04c169c4bdef102d0bc5d31b2546345219e348575eb80e9a0?s=96&d=mm&r=g","caption":"redazione"},"sameAs":["http:\/\/www.bellunopress.it","https:\/\/x.com\/bellunopress"],"url":"https:\/\/www.bellunopress.it\/fr\/author\/redazione\/"}]}},"_links":{"self":[{"href":"https:\/\/www.bellunopress.it\/fr\/wp-json\/wp\/v2\/posts\/109770","targetHints":{"allow":["GET"]}}],"collection":[{"href":"https:\/\/www.bellunopress.it\/fr\/wp-json\/wp\/v2\/posts"}],"about":[{"href":"https:\/\/www.bellunopress.it\/fr\/wp-json\/wp\/v2\/types\/post"}],"author":[{"embeddable":true,"href":"https:\/\/www.bellunopress.it\/fr\/wp-json\/wp\/v2\/users\/2"}],"replies":[{"embeddable":true,"href":"https:\/\/www.bellunopress.it\/fr\/wp-json\/wp\/v2\/comments?post=109770"}],"version-history":[{"count":1,"href":"https:\/\/www.bellunopress.it\/fr\/wp-json\/wp\/v2\/posts\/109770\/revisions"}],"predecessor-version":[{"id":109771,"href":"https:\/\/www.bellunopress.it\/fr\/wp-json\/wp\/v2\/posts\/109770\/revisions\/109771"}],"wp:attachment":[{"href":"https:\/\/www.bellunopress.it\/fr\/wp-json\/wp\/v2\/media?parent=109770"}],"wp:term":[{"taxonomy":"category","embeddable":true,"href":"https:\/\/www.bellunopress.it\/fr\/wp-json\/wp\/v2\/categories?post=109770"},{"taxonomy":"post_tag","embeddable":true,"href":"https:\/\/www.bellunopress.it\/fr\/wp-json\/wp\/v2\/tags?post=109770"}],"curies":[{"name":"wp","href":"https:\/\/api.w.org\/{rel}","templated":true}]}}