{"id":109768,"date":"2019-11-19T16:22:26","date_gmt":"2019-11-19T15:22:26","guid":{"rendered":"http:\/\/www.bellunopress.it\/?p=109768"},"modified":"2019-11-19T16:22:26","modified_gmt":"2019-11-19T15:22:26","slug":"maltempo-zaia-danni-ingenti-su-litorale-e-nel-bellunese-chiesto-un-altro-commissario","status":"publish","type":"post","link":"https:\/\/www.bellunopress.it\/fr\/2019\/11\/19\/maltempo-zaia-danni-ingenti-su-litorale-e-nel-bellunese-chiesto-un-altro-commissario\/","title":{"rendered":"Maltempo. Zaia: &#8220;Danni ingenti su litorale e nel Bellunese. Chiesto un altro commissario&#8221;"},"content":{"rendered":"<figure id=\"attachment_107382\" aria-describedby=\"caption-attachment-107382\" style=\"width: 241px\" class=\"wp-caption alignleft\"><a href=\"http:\/\/www.bellunopress.it\/fr\/2019\/08\/27\/edilizia-popolare-zaia-14mila-famiglie-in-stato-di-bisogno-attendono-casa\/luca-zaia-4\/\" rel=\"attachment wp-att-107382\"><img loading=\"lazy\" decoding=\"async\" class=\"size-full wp-image-107382\" src=\"http:\/\/www.bellunopress.it\/wp-content\/uploads\/2019\/08\/Luca-Zaia.jpg\" alt=\"\" width=\"241\" height=\"300\" \/><\/a><figcaption id=\"caption-attachment-107382\" class=\"wp-caption-text\">Luca Zaia &#8211; Presidente della Regione del Veneto<\/figcaption><\/figure>\n<p>Venezia, 19 novembre 2019 &#8211;\u00a0\u201cIl Veneto \u00e8 stato colpito a trecentosessanta gradi. I danni non sono ancora stati quantificati ma sono ingentissimi. Abbiamo chiesto un secondo commissario, oltre al sindaco Brugnaro che gestir\u00e0 la situazione di Venezia e delle isole, per gestire la ricostruzione e il ripristino nei territori della regione massacrati da piene di fiumi, frane, dissesti e scomparsa di chilometri di spiaggia\u201d.<\/p>\n<p>Cos\u00ec il presidente della Regione Luca Zaia, questa mattina, ha fatto il punto della situazione dopo l\u2019ondata di maltempo che da una settimana sta imperversando sul Veneto, puntualizzando quali sono le situazioni pi\u00f9 critiche.<\/p>\n<p>\u201cDevastata la costa, le spiagge ed il litorale \u2013 ha spiegato il Presidente \u2013 numerose le frane e gli smottamenti che abbiamo registrato in montagna. Per dare un\u2019idea, sono 50 i cantieri di Vaia che hanno subito danni. Misurina \u00e8 rimasta isolata a lungo, strade chiuse nell\u2019Agordino ed il lago di Alleghe \u00e8 arrivato a 6 centimetri dall\u2019esondazione. Situazione devastante nel Veneto orientale. A Bibione 100.000 metri cubi di spiaggia sono stati inghiottiti, distrutti i sottoservizi. Danni anche a Caorle ed Eraclea, a Jesolo oltre un km di lungomare, verso la Pineta, non esiste pi\u00f9. Poi c\u2019\u00e8 tutta la parte verso il Polesine. La spiaggia di barricata \u00e8 sparita, mentre la Sacca degli Scardovari \u00e8 devastata. Su 70 cavane, 50 sono state distrutte, anche quelle che erano state appena ricostruite dopo Vaia\u201d.<\/p>\n<p>Ecco i numeri dell&#8217;Unit\u00e0 di crisi: 195 Coc, Centri Operativi Comunali, aperti, 744 i soccorritori volontari coinvolti, e 186 squadre di 78 organizzazioni.<\/p>\n<p>\u201cIn dieci giorni sono caduti dai 400 ai 700 mm di acqua \u2013 ha sottolineato Nicola Dell\u2019Acqua, direttore dell\u2019area tutela del territorio della Regione \u2013 si tratta della quantit\u00e0 che lo scorso anno si \u00e8 registrata in 48 ore in occasione di Vaia. Il problema \u00e8 rappresentato dall\u2019ingrossamento dei fiumi in simultanea con l\u2019alta marea che ha colpito pesantemente Venezia e le isole. Questo ha mandato in crisi la rete secondaria e provocato parecchi problemi in montagna, in particolare in alcuni cantieri di Vaia e nell\u2019area nord-orientale\u201d.<\/p>\n<p>Dopo un sintetico quadro della situazione e un ringraziamento a tutti coloro che hanno lavorato e continuano a lavorare senza sosta in questi giorni (dai volontari ai professionisti della Protezione Civile, i Vigili del Fuoco e tutte le forze dell\u2019Ordine), il Presidente ha spiegato che la Regione sta predisponendo una relazione sommaria con una prima quantificazione dei danni in tutte le zone del Veneto, esclusa Venezia e le isole.<\/p>\n<p>\u201cI danni sono ingenti ma \u00e8 ancora difficile ipotizzare cifre \u2013 ha sottolineato \u2013 quello che ci preoccupa ora, oltre al ripristino delle spiagge, fondamentali dato che rappresentano il 50 per cento del fatturato turistico del Veneto, \u00e8 il fronte frane. Dopo il 2010 abbiamo messo in atto il piano D\u2019Alpaos con 3 miliardi di euro, ma le piene si ripetono. Per mettere in sicurezza il Piave servono bacini di laminazione. Serve che qualcuno decida a livello centrale: se il dissesto idrogeologico \u00e8 una priorit\u00e0, bisogna che il Governo investa adeguatamente\u201d.<\/p>\n<p>\u201cNel bilancio 2020 abbiamo allocato 45 milioni di euro, quello che potevamo, ben consapevoli che non basteranno\u201d ha concluso il presidente della Regione del Veneto.<\/p>","protected":false},"excerpt":{"rendered":"<p>Venezia, 19 novembre 2019 &#8211;\u00a0\u201cIl Veneto \u00e8 stato colpito a trecentosessanta gradi. I danni non sono ancora stati quantificati ma sono ingentissimi. Abbiamo chiesto un secondo commissario, oltre al sindaco Brugnaro che gestir\u00e0 la situazione di Venezia e delle isole, per gestire la ricostruzione e il ripristino nei territori della regione massacrati da piene di [&hellip;]<\/p>\n","protected":false},"author":2,"featured_media":0,"comment_status":"closed","ping_status":"open","sticky":false,"template":"","format":"standard","meta":{"footnotes":""},"categories":[5,26],"tags":[],"class_list":["post-109768","post","type-post","status-publish","format-standard","category-cronaca","category-prima-pagina"],"yoast_head":"<!-- This site is optimized with the Yoast SEO plugin v28.4 - https:\/\/yoast.com\/product\/yoast-seo-wordpress\/ -->\n<title>Maltempo. Zaia: &quot;Danni ingenti su litorale e nel Bellunese. Chiesto un altro commissario&quot; - Bellunopress - Dolomiti<\/title>\n<meta name=\"robots\" content=\"index, follow, max-snippet:-1, max-image-preview:large, max-video-preview:-1\" \/>\n<link rel=\"canonical\" href=\"https:\/\/www.bellunopress.it\/fr\/2019\/11\/19\/maltempo-zaia-danni-ingenti-su-litorale-e-nel-bellunese-chiesto-un-altro-commissario\/\" \/>\n<meta property=\"og:locale\" content=\"fr_FR\" \/>\n<meta property=\"og:type\" content=\"article\" \/>\n<meta property=\"og:title\" content=\"Maltempo. Zaia: &quot;Danni ingenti su litorale e nel Bellunese. Chiesto un altro commissario&quot; - Bellunopress - Dolomiti\" \/>\n<meta property=\"og:description\" content=\"Venezia, 19 novembre 2019 &#8211;\u00a0\u201cIl Veneto \u00e8 stato colpito a trecentosessanta gradi. I danni non sono ancora stati quantificati ma sono ingentissimi. Abbiamo chiesto un secondo commissario, oltre al sindaco Brugnaro che gestir\u00e0 la situazione di Venezia e delle isole, per gestire la ricostruzione e il ripristino nei territori della regione massacrati da piene di [&hellip;]\" \/>\n<meta property=\"og:url\" content=\"https:\/\/www.bellunopress.it\/fr\/2019\/11\/19\/maltempo-zaia-danni-ingenti-su-litorale-e-nel-bellunese-chiesto-un-altro-commissario\/\" \/>\n<meta property=\"og:site_name\" content=\"Bellunopress - Dolomiti\" \/>\n<meta property=\"article:publisher\" content=\"https:\/\/www.facebook.com\/profile.php?id=100008943462799\" \/>\n<meta property=\"article:published_time\" content=\"2019-11-19T15:22:26+00:00\" \/>\n<meta property=\"og:image\" content=\"http:\/\/www.bellunopress.it\/wp-content\/uploads\/2019\/08\/Luca-Zaia.jpg\" \/>\n<meta name=\"author\" content=\"redazione\" \/>\n<meta name=\"twitter:card\" content=\"summary_large_image\" \/>\n<meta name=\"twitter:creator\" content=\"@bellunopress\" \/>\n<meta name=\"twitter:site\" content=\"@bellunopress\" \/>\n<meta name=\"twitter:label1\" content=\"Written by\" \/>\n\t<meta name=\"twitter:data1\" content=\"redazione\" \/>\n\t<meta name=\"twitter:label2\" content=\"Est. reading time\" \/>\n\t<meta name=\"twitter:data2\" content=\"3 minutes\" \/>\n<script type=\"application\/ld+json\" class=\"yoast-schema-graph\">{\"@context\":\"https:\\\/\\\/schema.org\",\"@graph\":[{\"@type\":\"Article\",\"@id\":\"https:\\\/\\\/www.bellunopress.it\\\/2019\\\/11\\\/19\\\/maltempo-zaia-danni-ingenti-su-litorale-e-nel-bellunese-chiesto-un-altro-commissario\\\/#article\",\"isPartOf\":{\"@id\":\"https:\\\/\\\/www.bellunopress.it\\\/2019\\\/11\\\/19\\\/maltempo-zaia-danni-ingenti-su-litorale-e-nel-bellunese-chiesto-un-altro-commissario\\\/\"},\"author\":{\"name\":\"redazione\",\"@id\":\"https:\\\/\\\/www.bellunopress.it\\\/#\\\/schema\\\/person\\\/79bb06722b37ece1c03d3e94beb30d73\"},\"headline\":\"Maltempo. Zaia: &#8220;Danni ingenti su litorale e nel Bellunese. Chiesto un altro commissario&#8221;\",\"datePublished\":\"2019-11-19T15:22:26+00:00\",\"mainEntityOfPage\":{\"@id\":\"https:\\\/\\\/www.bellunopress.it\\\/2019\\\/11\\\/19\\\/maltempo-zaia-danni-ingenti-su-litorale-e-nel-bellunese-chiesto-un-altro-commissario\\\/\"},\"wordCount\":531,\"publisher\":{\"@id\":\"https:\\\/\\\/www.bellunopress.it\\\/#organization\"},\"image\":{\"@id\":\"https:\\\/\\\/www.bellunopress.it\\\/2019\\\/11\\\/19\\\/maltempo-zaia-danni-ingenti-su-litorale-e-nel-bellunese-chiesto-un-altro-commissario\\\/#primaryimage\"},\"thumbnailUrl\":\"http:\\\/\\\/www.bellunopress.it\\\/wp-content\\\/uploads\\\/2019\\\/08\\\/Luca-Zaia.jpg\",\"articleSection\":[\"Cronaca\\\/Politica\",\"Prima Pagina\"],\"inLanguage\":\"fr-FR\"},{\"@type\":\"WebPage\",\"@id\":\"https:\\\/\\\/www.bellunopress.it\\\/2019\\\/11\\\/19\\\/maltempo-zaia-danni-ingenti-su-litorale-e-nel-bellunese-chiesto-un-altro-commissario\\\/\",\"url\":\"https:\\\/\\\/www.bellunopress.it\\\/2019\\\/11\\\/19\\\/maltempo-zaia-danni-ingenti-su-litorale-e-nel-bellunese-chiesto-un-altro-commissario\\\/\",\"name\":\"Maltempo. Zaia: \\\"Danni ingenti su litorale e nel Bellunese. Chiesto un altro commissario\\\" - Bellunopress - Dolomiti\",\"isPartOf\":{\"@id\":\"https:\\\/\\\/www.bellunopress.it\\\/#website\"},\"primaryImageOfPage\":{\"@id\":\"https:\\\/\\\/www.bellunopress.it\\\/2019\\\/11\\\/19\\\/maltempo-zaia-danni-ingenti-su-litorale-e-nel-bellunese-chiesto-un-altro-commissario\\\/#primaryimage\"},\"image\":{\"@id\":\"https:\\\/\\\/www.bellunopress.it\\\/2019\\\/11\\\/19\\\/maltempo-zaia-danni-ingenti-su-litorale-e-nel-bellunese-chiesto-un-altro-commissario\\\/#primaryimage\"},\"thumbnailUrl\":\"http:\\\/\\\/www.bellunopress.it\\\/wp-content\\\/uploads\\\/2019\\\/08\\\/Luca-Zaia.jpg\",\"datePublished\":\"2019-11-19T15:22:26+00:00\",\"breadcrumb\":{\"@id\":\"https:\\\/\\\/www.bellunopress.it\\\/2019\\\/11\\\/19\\\/maltempo-zaia-danni-ingenti-su-litorale-e-nel-bellunese-chiesto-un-altro-commissario\\\/#breadcrumb\"},\"inLanguage\":\"fr-FR\",\"potentialAction\":[{\"@type\":\"ReadAction\",\"target\":[\"https:\\\/\\\/www.bellunopress.it\\\/2019\\\/11\\\/19\\\/maltempo-zaia-danni-ingenti-su-litorale-e-nel-bellunese-chiesto-un-altro-commissario\\\/\"]}]},{\"@type\":\"ImageObject\",\"inLanguage\":\"fr-FR\",\"@id\":\"https:\\\/\\\/www.bellunopress.it\\\/2019\\\/11\\\/19\\\/maltempo-zaia-danni-ingenti-su-litorale-e-nel-bellunese-chiesto-un-altro-commissario\\\/#primaryimage\",\"url\":\"http:\\\/\\\/www.bellunopress.it\\\/wp-content\\\/uploads\\\/2019\\\/08\\\/Luca-Zaia.jpg\",\"contentUrl\":\"http:\\\/\\\/www.bellunopress.it\\\/wp-content\\\/uploads\\\/2019\\\/08\\\/Luca-Zaia.jpg\"},{\"@type\":\"BreadcrumbList\",\"@id\":\"https:\\\/\\\/www.bellunopress.it\\\/2019\\\/11\\\/19\\\/maltempo-zaia-danni-ingenti-su-litorale-e-nel-bellunese-chiesto-un-altro-commissario\\\/#breadcrumb\",\"itemListElement\":[{\"@type\":\"ListItem\",\"position\":1,\"name\":\"Home\",\"item\":\"https:\\\/\\\/www.bellunopress.it\\\/\"},{\"@type\":\"ListItem\",\"position\":2,\"name\":\"Maltempo. Zaia: &#8220;Danni ingenti su litorale e nel Bellunese. Chiesto un altro commissario&#8221;\"}]},{\"@type\":\"WebSite\",\"@id\":\"https:\\\/\\\/www.bellunopress.it\\\/#website\",\"url\":\"https:\\\/\\\/www.bellunopress.it\\\/\",\"name\":\"Bellunopress - Dolomiti\",\"description\":\"e-mail: redazione@bellunopress.it\",\"publisher\":{\"@id\":\"https:\\\/\\\/www.bellunopress.it\\\/#organization\"},\"potentialAction\":[{\"@type\":\"SearchAction\",\"target\":{\"@type\":\"EntryPoint\",\"urlTemplate\":\"https:\\\/\\\/www.bellunopress.it\\\/?s={search_term_string}\"},\"query-input\":{\"@type\":\"PropertyValueSpecification\",\"valueRequired\":true,\"valueName\":\"search_term_string\"}}],\"inLanguage\":\"fr-FR\"},{\"@type\":\"Organization\",\"@id\":\"https:\\\/\\\/www.bellunopress.it\\\/#organization\",\"name\":\"Bellunopress\",\"url\":\"https:\\\/\\\/www.bellunopress.it\\\/\",\"logo\":{\"@type\":\"ImageObject\",\"inLanguage\":\"fr-FR\",\"@id\":\"https:\\\/\\\/www.bellunopress.it\\\/#\\\/schema\\\/logo\\\/image\\\/\",\"url\":\"https:\\\/\\\/www.bellunopress.it\\\/wp-content\\\/uploads\\\/2011\\\/05\\\/cropped-logo-bellunopress-.jpg\",\"contentUrl\":\"https:\\\/\\\/www.bellunopress.it\\\/wp-content\\\/uploads\\\/2011\\\/05\\\/cropped-logo-bellunopress-.jpg\",\"width\":512,\"height\":512,\"caption\":\"Bellunopress\"},\"image\":{\"@id\":\"https:\\\/\\\/www.bellunopress.it\\\/#\\\/schema\\\/logo\\\/image\\\/\"},\"sameAs\":[\"https:\\\/\\\/www.facebook.com\\\/profile.php?id=100008943462799\",\"https:\\\/\\\/x.com\\\/bellunopress\",\"https:\\\/\\\/www.linkedin.com\\\/hp\\\/?dnr=JBzUWaJfMUw8vbXJJ2tVW5-I3jZKvC4wsoxE&amp;amp;amp;amp;amp;amp;trk=nav_responsive_tab_home\",\"https:\\\/\\\/www.youtube.com\\\/channel\\\/UCxL0wu1uN0_3_7hGG0306cw\"]},{\"@type\":\"Person\",\"@id\":\"https:\\\/\\\/www.bellunopress.it\\\/#\\\/schema\\\/person\\\/79bb06722b37ece1c03d3e94beb30d73\",\"name\":\"redazione\",\"image\":{\"@type\":\"ImageObject\",\"inLanguage\":\"fr-FR\",\"@id\":\"https:\\\/\\\/secure.gravatar.com\\\/avatar\\\/37d968a2e67a6fd04c169c4bdef102d0bc5d31b2546345219e348575eb80e9a0?s=96&d=mm&r=g\",\"url\":\"https:\\\/\\\/secure.gravatar.com\\\/avatar\\\/37d968a2e67a6fd04c169c4bdef102d0bc5d31b2546345219e348575eb80e9a0?s=96&d=mm&r=g\",\"contentUrl\":\"https:\\\/\\\/secure.gravatar.com\\\/avatar\\\/37d968a2e67a6fd04c169c4bdef102d0bc5d31b2546345219e348575eb80e9a0?s=96&d=mm&r=g\",\"caption\":\"redazione\"},\"sameAs\":[\"http:\\\/\\\/www.bellunopress.it\",\"https:\\\/\\\/x.com\\\/bellunopress\"],\"url\":\"https:\\\/\\\/www.bellunopress.it\\\/fr\\\/author\\\/redazione\\\/\"}]}<\/script>\n<!-- \/ Yoast SEO plugin. -->","yoast_head_json":{"title":"Maltempo. Zaia: \"Danni ingenti su litorale e nel Bellunese. Chiesto un altro commissario\" - Bellunopress - Dolomiti","robots":{"index":"index","follow":"follow","max-snippet":"max-snippet:-1","max-image-preview":"max-image-preview:large","max-video-preview":"max-video-preview:-1"},"canonical":"https:\/\/www.bellunopress.it\/fr\/2019\/11\/19\/maltempo-zaia-danni-ingenti-su-litorale-e-nel-bellunese-chiesto-un-altro-commissario\/","og_locale":"fr_FR","og_type":"article","og_title":"Maltempo. Zaia: \"Danni ingenti su litorale e nel Bellunese. Chiesto un altro commissario\" - Bellunopress - Dolomiti","og_description":"Venezia, 19 novembre 2019 &#8211;\u00a0\u201cIl Veneto \u00e8 stato colpito a trecentosessanta gradi. I danni non sono ancora stati quantificati ma sono ingentissimi. Abbiamo chiesto un secondo commissario, oltre al sindaco Brugnaro che gestir\u00e0 la situazione di Venezia e delle isole, per gestire la ricostruzione e il ripristino nei territori della regione massacrati da piene di [&hellip;]","og_url":"https:\/\/www.bellunopress.it\/fr\/2019\/11\/19\/maltempo-zaia-danni-ingenti-su-litorale-e-nel-bellunese-chiesto-un-altro-commissario\/","og_site_name":"Bellunopress - Dolomiti","article_publisher":"https:\/\/www.facebook.com\/profile.php?id=100008943462799","article_published_time":"2019-11-19T15:22:26+00:00","og_image":[{"url":"http:\/\/www.bellunopress.it\/wp-content\/uploads\/2019\/08\/Luca-Zaia.jpg","type":"","width":"","height":""}],"author":"redazione","twitter_card":"summary_large_image","twitter_creator":"@bellunopress","twitter_site":"@bellunopress","twitter_misc":{"Written by":"redazione","Est. reading time":"3 minutes"},"schema":{"@context":"https:\/\/schema.org","@graph":[{"@type":"Article","@id":"https:\/\/www.bellunopress.it\/2019\/11\/19\/maltempo-zaia-danni-ingenti-su-litorale-e-nel-bellunese-chiesto-un-altro-commissario\/#article","isPartOf":{"@id":"https:\/\/www.bellunopress.it\/2019\/11\/19\/maltempo-zaia-danni-ingenti-su-litorale-e-nel-bellunese-chiesto-un-altro-commissario\/"},"author":{"name":"redazione","@id":"https:\/\/www.bellunopress.it\/#\/schema\/person\/79bb06722b37ece1c03d3e94beb30d73"},"headline":"Maltempo. Zaia: &#8220;Danni ingenti su litorale e nel Bellunese. Chiesto un altro commissario&#8221;","datePublished":"2019-11-19T15:22:26+00:00","mainEntityOfPage":{"@id":"https:\/\/www.bellunopress.it\/2019\/11\/19\/maltempo-zaia-danni-ingenti-su-litorale-e-nel-bellunese-chiesto-un-altro-commissario\/"},"wordCount":531,"publisher":{"@id":"https:\/\/www.bellunopress.it\/#organization"},"image":{"@id":"https:\/\/www.bellunopress.it\/2019\/11\/19\/maltempo-zaia-danni-ingenti-su-litorale-e-nel-bellunese-chiesto-un-altro-commissario\/#primaryimage"},"thumbnailUrl":"http:\/\/www.bellunopress.it\/wp-content\/uploads\/2019\/08\/Luca-Zaia.jpg","articleSection":["Cronaca\/Politica","Prima Pagina"],"inLanguage":"fr-FR"},{"@type":"WebPage","@id":"https:\/\/www.bellunopress.it\/2019\/11\/19\/maltempo-zaia-danni-ingenti-su-litorale-e-nel-bellunese-chiesto-un-altro-commissario\/","url":"https:\/\/www.bellunopress.it\/2019\/11\/19\/maltempo-zaia-danni-ingenti-su-litorale-e-nel-bellunese-chiesto-un-altro-commissario\/","name":"Maltempo. Zaia: \"Danni ingenti su litorale e nel Bellunese. Chiesto un altro commissario\" - Bellunopress - Dolomiti","isPartOf":{"@id":"https:\/\/www.bellunopress.it\/#website"},"primaryImageOfPage":{"@id":"https:\/\/www.bellunopress.it\/2019\/11\/19\/maltempo-zaia-danni-ingenti-su-litorale-e-nel-bellunese-chiesto-un-altro-commissario\/#primaryimage"},"image":{"@id":"https:\/\/www.bellunopress.it\/2019\/11\/19\/maltempo-zaia-danni-ingenti-su-litorale-e-nel-bellunese-chiesto-un-altro-commissario\/#primaryimage"},"thumbnailUrl":"http:\/\/www.bellunopress.it\/wp-content\/uploads\/2019\/08\/Luca-Zaia.jpg","datePublished":"2019-11-19T15:22:26+00:00","breadcrumb":{"@id":"https:\/\/www.bellunopress.it\/2019\/11\/19\/maltempo-zaia-danni-ingenti-su-litorale-e-nel-bellunese-chiesto-un-altro-commissario\/#breadcrumb"},"inLanguage":"fr-FR","potentialAction":[{"@type":"ReadAction","target":["https:\/\/www.bellunopress.it\/2019\/11\/19\/maltempo-zaia-danni-ingenti-su-litorale-e-nel-bellunese-chiesto-un-altro-commissario\/"]}]},{"@type":"ImageObject","inLanguage":"fr-FR","@id":"https:\/\/www.bellunopress.it\/2019\/11\/19\/maltempo-zaia-danni-ingenti-su-litorale-e-nel-bellunese-chiesto-un-altro-commissario\/#primaryimage","url":"http:\/\/www.bellunopress.it\/wp-content\/uploads\/2019\/08\/Luca-Zaia.jpg","contentUrl":"http:\/\/www.bellunopress.it\/wp-content\/uploads\/2019\/08\/Luca-Zaia.jpg"},{"@type":"BreadcrumbList","@id":"https:\/\/www.bellunopress.it\/2019\/11\/19\/maltempo-zaia-danni-ingenti-su-litorale-e-nel-bellunese-chiesto-un-altro-commissario\/#breadcrumb","itemListElement":[{"@type":"ListItem","position":1,"name":"Home","item":"https:\/\/www.bellunopress.it\/"},{"@type":"ListItem","position":2,"name":"Maltempo. Zaia: &#8220;Danni ingenti su litorale e nel Bellunese. Chiesto un altro commissario&#8221;"}]},{"@type":"WebSite","@id":"https:\/\/www.bellunopress.it\/#website","url":"https:\/\/www.bellunopress.it\/","name":"Bellunopress - Dolomiti","description":"e-mail: redazione@bellunopress.it","publisher":{"@id":"https:\/\/www.bellunopress.it\/#organization"},"potentialAction":[{"@type":"SearchAction","target":{"@type":"EntryPoint","urlTemplate":"https:\/\/www.bellunopress.it\/?s={search_term_string}"},"query-input":{"@type":"PropertyValueSpecification","valueRequired":true,"valueName":"search_term_string"}}],"inLanguage":"fr-FR"},{"@type":"Organization","@id":"https:\/\/www.bellunopress.it\/#organization","name":"Bellunopress","url":"https:\/\/www.bellunopress.it\/","logo":{"@type":"ImageObject","inLanguage":"fr-FR","@id":"https:\/\/www.bellunopress.it\/#\/schema\/logo\/image\/","url":"https:\/\/www.bellunopress.it\/wp-content\/uploads\/2011\/05\/cropped-logo-bellunopress-.jpg","contentUrl":"https:\/\/www.bellunopress.it\/wp-content\/uploads\/2011\/05\/cropped-logo-bellunopress-.jpg","width":512,"height":512,"caption":"Bellunopress"},"image":{"@id":"https:\/\/www.bellunopress.it\/#\/schema\/logo\/image\/"},"sameAs":["https:\/\/www.facebook.com\/profile.php?id=100008943462799","https:\/\/x.com\/bellunopress","https:\/\/www.linkedin.com\/hp\/?dnr=JBzUWaJfMUw8vbXJJ2tVW5-I3jZKvC4wsoxE&amp;amp;amp;amp;amp;amp;trk=nav_responsive_tab_home","https:\/\/www.youtube.com\/channel\/UCxL0wu1uN0_3_7hGG0306cw"]},{"@type":"Person","@id":"https:\/\/www.bellunopress.it\/#\/schema\/person\/79bb06722b37ece1c03d3e94beb30d73","name":"r\u00e9daction","image":{"@type":"ImageObject","inLanguage":"fr-FR","@id":"https:\/\/secure.gravatar.com\/avatar\/37d968a2e67a6fd04c169c4bdef102d0bc5d31b2546345219e348575eb80e9a0?s=96&d=mm&r=g","url":"https:\/\/secure.gravatar.com\/avatar\/37d968a2e67a6fd04c169c4bdef102d0bc5d31b2546345219e348575eb80e9a0?s=96&d=mm&r=g","contentUrl":"https:\/\/secure.gravatar.com\/avatar\/37d968a2e67a6fd04c169c4bdef102d0bc5d31b2546345219e348575eb80e9a0?s=96&d=mm&r=g","caption":"redazione"},"sameAs":["http:\/\/www.bellunopress.it","https:\/\/x.com\/bellunopress"],"url":"https:\/\/www.bellunopress.it\/fr\/author\/redazione\/"}]}},"_links":{"self":[{"href":"https:\/\/www.bellunopress.it\/fr\/wp-json\/wp\/v2\/posts\/109768","targetHints":{"allow":["GET"]}}],"collection":[{"href":"https:\/\/www.bellunopress.it\/fr\/wp-json\/wp\/v2\/posts"}],"about":[{"href":"https:\/\/www.bellunopress.it\/fr\/wp-json\/wp\/v2\/types\/post"}],"author":[{"embeddable":true,"href":"https:\/\/www.bellunopress.it\/fr\/wp-json\/wp\/v2\/users\/2"}],"replies":[{"embeddable":true,"href":"https:\/\/www.bellunopress.it\/fr\/wp-json\/wp\/v2\/comments?post=109768"}],"version-history":[{"count":1,"href":"https:\/\/www.bellunopress.it\/fr\/wp-json\/wp\/v2\/posts\/109768\/revisions"}],"predecessor-version":[{"id":109769,"href":"https:\/\/www.bellunopress.it\/fr\/wp-json\/wp\/v2\/posts\/109768\/revisions\/109769"}],"wp:attachment":[{"href":"https:\/\/www.bellunopress.it\/fr\/wp-json\/wp\/v2\/media?parent=109768"}],"wp:term":[{"taxonomy":"category","embeddable":true,"href":"https:\/\/www.bellunopress.it\/fr\/wp-json\/wp\/v2\/categories?post=109768"},{"taxonomy":"post_tag","embeddable":true,"href":"https:\/\/www.bellunopress.it\/fr\/wp-json\/wp\/v2\/tags?post=109768"}],"curies":[{"name":"wp","href":"https:\/\/api.w.org\/{rel}","templated":true}]}}