{"id":109766,"date":"2019-11-19T14:47:14","date_gmt":"2019-11-19T13:47:14","guid":{"rendered":"http:\/\/www.bellunopress.it\/?p=109766"},"modified":"2019-11-19T14:47:14","modified_gmt":"2019-11-19T13:47:14","slug":"meteo-allerta-arancione-fino-a-mercoledi-sera","status":"publish","type":"post","link":"https:\/\/www.bellunopress.it\/fr\/2019\/11\/19\/meteo-allerta-arancione-fino-a-mercoledi-sera\/","title":{"rendered":"Meteo: allerta arancione fino a mercoled\u00ec sera"},"content":{"rendered":"<p><a href=\"http:\/\/www.bellunopress.it\/fr\/2019\/07\/27\/meteo-allerta-gialla-e-arancione-in-veneto-fino-a-lunedi\/scala-allerta-meteo\/\" rel=\"attachment wp-att-106641\"><img loading=\"lazy\" decoding=\"async\" class=\"alignleft size-full wp-image-106641\" src=\"http:\/\/www.bellunopress.it\/wp-content\/uploads\/2019\/07\/scala-allerta-meteo.jpg\" alt=\"\" width=\"358\" height=\"209\" \/><\/a>Venezia, 19 novembre 2019\u00a0 &#8211;\u00a0\u00a0Prosegue in Veneto l\u2019ondata di maltempo, anche se in progressiva attenuazione. E\u2019 ancora allerta \u2018arancione\u2019 per l\u2019assetto idrogeologico dell\u2019area dolomitica e per il rischio allagamenti ed esondazioni nel bacino del Lemene, Livenza e Tagliamento, nel Veneto Orientale.<\/p>\n<p>Il Centro funzionale decentrato della Protezione civile del Veneto avvisa che sino alle ore 20 di domani mercoled\u00ec 20 novembre, a causa delle precipitazioni che proseguiranno anche nel pomeriggio odierno, rimangono sotto osservazione (allerta gialla) per criticit\u00e0 idraulica e idrogeologica tutti i bacini del Veneto.<\/p>\n<p>Dalla sera\/notte le precipitazioni tenderanno a diradarsi e ad attenuarsi a partire da sud e da ovest. Nelle prime ore di mercoled\u00ec 20 sono possibili residui fenomeni sparsi specie a est, di scarsa entit\u00e0, in successivo esaurimento. Oggi e domani sono possibili nevicate in montagna, sopra i 1330 metri nelle aree alpine e sopra i 1600 metri nelle Prealpi, ma il fenomeno \u00e8 in graduale esaurimento.<\/p>","protected":false},"excerpt":{"rendered":"<p>Venezia, 19 novembre 2019\u00a0 &#8211;\u00a0\u00a0Prosegue in Veneto l\u2019ondata di maltempo, anche se in progressiva attenuazione. E\u2019 ancora allerta \u2018arancione\u2019 per l\u2019assetto idrogeologico dell\u2019area dolomitica e per il rischio allagamenti ed esondazioni nel bacino del Lemene, Livenza e Tagliamento, nel Veneto Orientale. Il Centro funzionale decentrato della Protezione civile del Veneto avvisa che sino alle ore [&hellip;]<\/p>\n","protected":false},"author":2,"featured_media":0,"comment_status":"closed","ping_status":"open","sticky":false,"template":"","format":"standard","meta":{"footnotes":""},"categories":[38,26],"tags":[],"class_list":["post-109766","post","type-post","status-publish","format-standard","category-natura-ambiente","category-prima-pagina"],"yoast_head":"<!-- This site is optimized with the Yoast SEO plugin v28.4 - https:\/\/yoast.com\/product\/yoast-seo-wordpress\/ -->\n<title>Meteo: allerta arancione fino a mercoled\u00ec sera - Bellunopress - Dolomiti<\/title>\n<meta name=\"robots\" content=\"index, follow, max-snippet:-1, max-image-preview:large, max-video-preview:-1\" \/>\n<link rel=\"canonical\" href=\"https:\/\/www.bellunopress.it\/fr\/2019\/11\/19\/meteo-allerta-arancione-fino-a-mercoledi-sera\/\" \/>\n<meta property=\"og:locale\" content=\"fr_FR\" \/>\n<meta property=\"og:type\" content=\"article\" \/>\n<meta property=\"og:title\" content=\"Meteo: allerta arancione fino a mercoled\u00ec sera - Bellunopress - Dolomiti\" \/>\n<meta property=\"og:description\" content=\"Venezia, 19 novembre 2019\u00a0 &#8211;\u00a0\u00a0Prosegue in Veneto l\u2019ondata di maltempo, anche se in progressiva attenuazione. E\u2019 ancora allerta \u2018arancione\u2019 per l\u2019assetto idrogeologico dell\u2019area dolomitica e per il rischio allagamenti ed esondazioni nel bacino del Lemene, Livenza e Tagliamento, nel Veneto Orientale. Il Centro funzionale decentrato della Protezione civile del Veneto avvisa che sino alle ore [&hellip;]\" \/>\n<meta property=\"og:url\" content=\"https:\/\/www.bellunopress.it\/fr\/2019\/11\/19\/meteo-allerta-arancione-fino-a-mercoledi-sera\/\" \/>\n<meta property=\"og:site_name\" content=\"Bellunopress - Dolomiti\" \/>\n<meta property=\"article:publisher\" content=\"https:\/\/www.facebook.com\/profile.php?id=100008943462799\" \/>\n<meta property=\"article:published_time\" content=\"2019-11-19T13:47:14+00:00\" \/>\n<meta property=\"og:image\" content=\"http:\/\/www.bellunopress.it\/wp-content\/uploads\/2019\/07\/scala-allerta-meteo.jpg\" \/>\n<meta name=\"author\" content=\"redazione\" \/>\n<meta name=\"twitter:card\" content=\"summary_large_image\" \/>\n<meta name=\"twitter:creator\" content=\"@bellunopress\" \/>\n<meta name=\"twitter:site\" content=\"@bellunopress\" \/>\n<meta name=\"twitter:label1\" content=\"\u00c9crit par\" \/>\n\t<meta name=\"twitter:data1\" content=\"redazione\" \/>\n\t<meta name=\"twitter:label2\" content=\"Dur\u00e9e de lecture estim\u00e9e\" \/>\n\t<meta name=\"twitter:data2\" content=\"1 minute\" \/>\n<script type=\"application\/ld+json\" class=\"yoast-schema-graph\">{\"@context\":\"https:\\\/\\\/schema.org\",\"@graph\":[{\"@type\":\"Article\",\"@id\":\"https:\\\/\\\/www.bellunopress.it\\\/2019\\\/11\\\/19\\\/meteo-allerta-arancione-fino-a-mercoledi-sera\\\/#article\",\"isPartOf\":{\"@id\":\"https:\\\/\\\/www.bellunopress.it\\\/2019\\\/11\\\/19\\\/meteo-allerta-arancione-fino-a-mercoledi-sera\\\/\"},\"author\":{\"name\":\"redazione\",\"@id\":\"https:\\\/\\\/www.bellunopress.it\\\/#\\\/schema\\\/person\\\/79bb06722b37ece1c03d3e94beb30d73\"},\"headline\":\"Meteo: allerta arancione fino a mercoled\u00ec sera\",\"datePublished\":\"2019-11-19T13:47:14+00:00\",\"mainEntityOfPage\":{\"@id\":\"https:\\\/\\\/www.bellunopress.it\\\/2019\\\/11\\\/19\\\/meteo-allerta-arancione-fino-a-mercoledi-sera\\\/\"},\"wordCount\":156,\"publisher\":{\"@id\":\"https:\\\/\\\/www.bellunopress.it\\\/#organization\"},\"image\":{\"@id\":\"https:\\\/\\\/www.bellunopress.it\\\/2019\\\/11\\\/19\\\/meteo-allerta-arancione-fino-a-mercoledi-sera\\\/#primaryimage\"},\"thumbnailUrl\":\"http:\\\/\\\/www.bellunopress.it\\\/wp-content\\\/uploads\\\/2019\\\/07\\\/scala-allerta-meteo.jpg\",\"articleSection\":[\"Meteo, natura, ambiente, animali\",\"Prima Pagina\"],\"inLanguage\":\"fr-FR\"},{\"@type\":\"WebPage\",\"@id\":\"https:\\\/\\\/www.bellunopress.it\\\/2019\\\/11\\\/19\\\/meteo-allerta-arancione-fino-a-mercoledi-sera\\\/\",\"url\":\"https:\\\/\\\/www.bellunopress.it\\\/2019\\\/11\\\/19\\\/meteo-allerta-arancione-fino-a-mercoledi-sera\\\/\",\"name\":\"Meteo: allerta arancione fino a mercoled\u00ec sera - Bellunopress - Dolomiti\",\"isPartOf\":{\"@id\":\"https:\\\/\\\/www.bellunopress.it\\\/#website\"},\"primaryImageOfPage\":{\"@id\":\"https:\\\/\\\/www.bellunopress.it\\\/2019\\\/11\\\/19\\\/meteo-allerta-arancione-fino-a-mercoledi-sera\\\/#primaryimage\"},\"image\":{\"@id\":\"https:\\\/\\\/www.bellunopress.it\\\/2019\\\/11\\\/19\\\/meteo-allerta-arancione-fino-a-mercoledi-sera\\\/#primaryimage\"},\"thumbnailUrl\":\"http:\\\/\\\/www.bellunopress.it\\\/wp-content\\\/uploads\\\/2019\\\/07\\\/scala-allerta-meteo.jpg\",\"datePublished\":\"2019-11-19T13:47:14+00:00\",\"breadcrumb\":{\"@id\":\"https:\\\/\\\/www.bellunopress.it\\\/2019\\\/11\\\/19\\\/meteo-allerta-arancione-fino-a-mercoledi-sera\\\/#breadcrumb\"},\"inLanguage\":\"fr-FR\",\"potentialAction\":[{\"@type\":\"ReadAction\",\"target\":[\"https:\\\/\\\/www.bellunopress.it\\\/2019\\\/11\\\/19\\\/meteo-allerta-arancione-fino-a-mercoledi-sera\\\/\"]}]},{\"@type\":\"ImageObject\",\"inLanguage\":\"fr-FR\",\"@id\":\"https:\\\/\\\/www.bellunopress.it\\\/2019\\\/11\\\/19\\\/meteo-allerta-arancione-fino-a-mercoledi-sera\\\/#primaryimage\",\"url\":\"http:\\\/\\\/www.bellunopress.it\\\/wp-content\\\/uploads\\\/2019\\\/07\\\/scala-allerta-meteo.jpg\",\"contentUrl\":\"http:\\\/\\\/www.bellunopress.it\\\/wp-content\\\/uploads\\\/2019\\\/07\\\/scala-allerta-meteo.jpg\"},{\"@type\":\"BreadcrumbList\",\"@id\":\"https:\\\/\\\/www.bellunopress.it\\\/2019\\\/11\\\/19\\\/meteo-allerta-arancione-fino-a-mercoledi-sera\\\/#breadcrumb\",\"itemListElement\":[{\"@type\":\"ListItem\",\"position\":1,\"name\":\"Home\",\"item\":\"https:\\\/\\\/www.bellunopress.it\\\/\"},{\"@type\":\"ListItem\",\"position\":2,\"name\":\"Meteo: allerta arancione fino a mercoled\u00ec sera\"}]},{\"@type\":\"WebSite\",\"@id\":\"https:\\\/\\\/www.bellunopress.it\\\/#website\",\"url\":\"https:\\\/\\\/www.bellunopress.it\\\/\",\"name\":\"Bellunopress - Dolomiti\",\"description\":\"e-mail: redazione@bellunopress.it\",\"publisher\":{\"@id\":\"https:\\\/\\\/www.bellunopress.it\\\/#organization\"},\"potentialAction\":[{\"@type\":\"SearchAction\",\"target\":{\"@type\":\"EntryPoint\",\"urlTemplate\":\"https:\\\/\\\/www.bellunopress.it\\\/?s={search_term_string}\"},\"query-input\":{\"@type\":\"PropertyValueSpecification\",\"valueRequired\":true,\"valueName\":\"search_term_string\"}}],\"inLanguage\":\"fr-FR\"},{\"@type\":\"Organization\",\"@id\":\"https:\\\/\\\/www.bellunopress.it\\\/#organization\",\"name\":\"Bellunopress\",\"url\":\"https:\\\/\\\/www.bellunopress.it\\\/\",\"logo\":{\"@type\":\"ImageObject\",\"inLanguage\":\"fr-FR\",\"@id\":\"https:\\\/\\\/www.bellunopress.it\\\/#\\\/schema\\\/logo\\\/image\\\/\",\"url\":\"https:\\\/\\\/www.bellunopress.it\\\/wp-content\\\/uploads\\\/2011\\\/05\\\/cropped-logo-bellunopress-.jpg\",\"contentUrl\":\"https:\\\/\\\/www.bellunopress.it\\\/wp-content\\\/uploads\\\/2011\\\/05\\\/cropped-logo-bellunopress-.jpg\",\"width\":512,\"height\":512,\"caption\":\"Bellunopress\"},\"image\":{\"@id\":\"https:\\\/\\\/www.bellunopress.it\\\/#\\\/schema\\\/logo\\\/image\\\/\"},\"sameAs\":[\"https:\\\/\\\/www.facebook.com\\\/profile.php?id=100008943462799\",\"https:\\\/\\\/x.com\\\/bellunopress\",\"https:\\\/\\\/www.linkedin.com\\\/hp\\\/?dnr=JBzUWaJfMUw8vbXJJ2tVW5-I3jZKvC4wsoxE&amp;amp;amp;amp;amp;amp;trk=nav_responsive_tab_home\",\"https:\\\/\\\/www.youtube.com\\\/channel\\\/UCxL0wu1uN0_3_7hGG0306cw\"]},{\"@type\":\"Person\",\"@id\":\"https:\\\/\\\/www.bellunopress.it\\\/#\\\/schema\\\/person\\\/79bb06722b37ece1c03d3e94beb30d73\",\"name\":\"redazione\",\"image\":{\"@type\":\"ImageObject\",\"inLanguage\":\"fr-FR\",\"@id\":\"https:\\\/\\\/secure.gravatar.com\\\/avatar\\\/37d968a2e67a6fd04c169c4bdef102d0bc5d31b2546345219e348575eb80e9a0?s=96&d=mm&r=g\",\"url\":\"https:\\\/\\\/secure.gravatar.com\\\/avatar\\\/37d968a2e67a6fd04c169c4bdef102d0bc5d31b2546345219e348575eb80e9a0?s=96&d=mm&r=g\",\"contentUrl\":\"https:\\\/\\\/secure.gravatar.com\\\/avatar\\\/37d968a2e67a6fd04c169c4bdef102d0bc5d31b2546345219e348575eb80e9a0?s=96&d=mm&r=g\",\"caption\":\"redazione\"},\"sameAs\":[\"http:\\\/\\\/www.bellunopress.it\",\"https:\\\/\\\/x.com\\\/bellunopress\"],\"url\":\"https:\\\/\\\/www.bellunopress.it\\\/fr\\\/author\\\/redazione\\\/\"}]}<\/script>\n<!-- \/ Yoast SEO plugin. -->","yoast_head_json":{"title":"Meteo: allerta arancione fino a mercoled\u00ec sera - Bellunopress - Dolomiti","robots":{"index":"index","follow":"follow","max-snippet":"max-snippet:-1","max-image-preview":"max-image-preview:large","max-video-preview":"max-video-preview:-1"},"canonical":"https:\/\/www.bellunopress.it\/fr\/2019\/11\/19\/meteo-allerta-arancione-fino-a-mercoledi-sera\/","og_locale":"fr_FR","og_type":"article","og_title":"Meteo: allerta arancione fino a mercoled\u00ec sera - Bellunopress - Dolomiti","og_description":"Venezia, 19 novembre 2019\u00a0 &#8211;\u00a0\u00a0Prosegue in Veneto l\u2019ondata di maltempo, anche se in progressiva attenuazione. E\u2019 ancora allerta \u2018arancione\u2019 per l\u2019assetto idrogeologico dell\u2019area dolomitica e per il rischio allagamenti ed esondazioni nel bacino del Lemene, Livenza e Tagliamento, nel Veneto Orientale. Il Centro funzionale decentrato della Protezione civile del Veneto avvisa che sino alle ore [&hellip;]","og_url":"https:\/\/www.bellunopress.it\/fr\/2019\/11\/19\/meteo-allerta-arancione-fino-a-mercoledi-sera\/","og_site_name":"Bellunopress - Dolomiti","article_publisher":"https:\/\/www.facebook.com\/profile.php?id=100008943462799","article_published_time":"2019-11-19T13:47:14+00:00","og_image":[{"url":"http:\/\/www.bellunopress.it\/wp-content\/uploads\/2019\/07\/scala-allerta-meteo.jpg","type":"","width":"","height":""}],"author":"redazione","twitter_card":"summary_large_image","twitter_creator":"@bellunopress","twitter_site":"@bellunopress","twitter_misc":{"\u00c9crit par":"redazione","Dur\u00e9e de lecture estim\u00e9e":"1 minute"},"schema":{"@context":"https:\/\/schema.org","@graph":[{"@type":"Article","@id":"https:\/\/www.bellunopress.it\/2019\/11\/19\/meteo-allerta-arancione-fino-a-mercoledi-sera\/#article","isPartOf":{"@id":"https:\/\/www.bellunopress.it\/2019\/11\/19\/meteo-allerta-arancione-fino-a-mercoledi-sera\/"},"author":{"name":"redazione","@id":"https:\/\/www.bellunopress.it\/#\/schema\/person\/79bb06722b37ece1c03d3e94beb30d73"},"headline":"Meteo: allerta arancione fino a mercoled\u00ec sera","datePublished":"2019-11-19T13:47:14+00:00","mainEntityOfPage":{"@id":"https:\/\/www.bellunopress.it\/2019\/11\/19\/meteo-allerta-arancione-fino-a-mercoledi-sera\/"},"wordCount":156,"publisher":{"@id":"https:\/\/www.bellunopress.it\/#organization"},"image":{"@id":"https:\/\/www.bellunopress.it\/2019\/11\/19\/meteo-allerta-arancione-fino-a-mercoledi-sera\/#primaryimage"},"thumbnailUrl":"http:\/\/www.bellunopress.it\/wp-content\/uploads\/2019\/07\/scala-allerta-meteo.jpg","articleSection":["Meteo, natura, ambiente, animali","Prima Pagina"],"inLanguage":"fr-FR"},{"@type":"WebPage","@id":"https:\/\/www.bellunopress.it\/2019\/11\/19\/meteo-allerta-arancione-fino-a-mercoledi-sera\/","url":"https:\/\/www.bellunopress.it\/2019\/11\/19\/meteo-allerta-arancione-fino-a-mercoledi-sera\/","name":"Meteo: allerta arancione fino a mercoled\u00ec sera - Bellunopress - Dolomiti","isPartOf":{"@id":"https:\/\/www.bellunopress.it\/#website"},"primaryImageOfPage":{"@id":"https:\/\/www.bellunopress.it\/2019\/11\/19\/meteo-allerta-arancione-fino-a-mercoledi-sera\/#primaryimage"},"image":{"@id":"https:\/\/www.bellunopress.it\/2019\/11\/19\/meteo-allerta-arancione-fino-a-mercoledi-sera\/#primaryimage"},"thumbnailUrl":"http:\/\/www.bellunopress.it\/wp-content\/uploads\/2019\/07\/scala-allerta-meteo.jpg","datePublished":"2019-11-19T13:47:14+00:00","breadcrumb":{"@id":"https:\/\/www.bellunopress.it\/2019\/11\/19\/meteo-allerta-arancione-fino-a-mercoledi-sera\/#breadcrumb"},"inLanguage":"fr-FR","potentialAction":[{"@type":"ReadAction","target":["https:\/\/www.bellunopress.it\/2019\/11\/19\/meteo-allerta-arancione-fino-a-mercoledi-sera\/"]}]},{"@type":"ImageObject","inLanguage":"fr-FR","@id":"https:\/\/www.bellunopress.it\/2019\/11\/19\/meteo-allerta-arancione-fino-a-mercoledi-sera\/#primaryimage","url":"http:\/\/www.bellunopress.it\/wp-content\/uploads\/2019\/07\/scala-allerta-meteo.jpg","contentUrl":"http:\/\/www.bellunopress.it\/wp-content\/uploads\/2019\/07\/scala-allerta-meteo.jpg"},{"@type":"BreadcrumbList","@id":"https:\/\/www.bellunopress.it\/2019\/11\/19\/meteo-allerta-arancione-fino-a-mercoledi-sera\/#breadcrumb","itemListElement":[{"@type":"ListItem","position":1,"name":"Home","item":"https:\/\/www.bellunopress.it\/"},{"@type":"ListItem","position":2,"name":"Meteo: allerta arancione fino a mercoled\u00ec sera"}]},{"@type":"WebSite","@id":"https:\/\/www.bellunopress.it\/#website","url":"https:\/\/www.bellunopress.it\/","name":"Bellunopress - Dolomiti","description":"e-mail: redazione@bellunopress.it","publisher":{"@id":"https:\/\/www.bellunopress.it\/#organization"},"potentialAction":[{"@type":"SearchAction","target":{"@type":"EntryPoint","urlTemplate":"https:\/\/www.bellunopress.it\/?s={search_term_string}"},"query-input":{"@type":"PropertyValueSpecification","valueRequired":true,"valueName":"search_term_string"}}],"inLanguage":"fr-FR"},{"@type":"Organization","@id":"https:\/\/www.bellunopress.it\/#organization","name":"Bellunopress","url":"https:\/\/www.bellunopress.it\/","logo":{"@type":"ImageObject","inLanguage":"fr-FR","@id":"https:\/\/www.bellunopress.it\/#\/schema\/logo\/image\/","url":"https:\/\/www.bellunopress.it\/wp-content\/uploads\/2011\/05\/cropped-logo-bellunopress-.jpg","contentUrl":"https:\/\/www.bellunopress.it\/wp-content\/uploads\/2011\/05\/cropped-logo-bellunopress-.jpg","width":512,"height":512,"caption":"Bellunopress"},"image":{"@id":"https:\/\/www.bellunopress.it\/#\/schema\/logo\/image\/"},"sameAs":["https:\/\/www.facebook.com\/profile.php?id=100008943462799","https:\/\/x.com\/bellunopress","https:\/\/www.linkedin.com\/hp\/?dnr=JBzUWaJfMUw8vbXJJ2tVW5-I3jZKvC4wsoxE&amp;amp;amp;amp;amp;amp;trk=nav_responsive_tab_home","https:\/\/www.youtube.com\/channel\/UCxL0wu1uN0_3_7hGG0306cw"]},{"@type":"Person","@id":"https:\/\/www.bellunopress.it\/#\/schema\/person\/79bb06722b37ece1c03d3e94beb30d73","name":"r\u00e9daction","image":{"@type":"ImageObject","inLanguage":"fr-FR","@id":"https:\/\/secure.gravatar.com\/avatar\/37d968a2e67a6fd04c169c4bdef102d0bc5d31b2546345219e348575eb80e9a0?s=96&d=mm&r=g","url":"https:\/\/secure.gravatar.com\/avatar\/37d968a2e67a6fd04c169c4bdef102d0bc5d31b2546345219e348575eb80e9a0?s=96&d=mm&r=g","contentUrl":"https:\/\/secure.gravatar.com\/avatar\/37d968a2e67a6fd04c169c4bdef102d0bc5d31b2546345219e348575eb80e9a0?s=96&d=mm&r=g","caption":"redazione"},"sameAs":["http:\/\/www.bellunopress.it","https:\/\/x.com\/bellunopress"],"url":"https:\/\/www.bellunopress.it\/fr\/author\/redazione\/"}]}},"_links":{"self":[{"href":"https:\/\/www.bellunopress.it\/fr\/wp-json\/wp\/v2\/posts\/109766","targetHints":{"allow":["GET"]}}],"collection":[{"href":"https:\/\/www.bellunopress.it\/fr\/wp-json\/wp\/v2\/posts"}],"about":[{"href":"https:\/\/www.bellunopress.it\/fr\/wp-json\/wp\/v2\/types\/post"}],"author":[{"embeddable":true,"href":"https:\/\/www.bellunopress.it\/fr\/wp-json\/wp\/v2\/users\/2"}],"replies":[{"embeddable":true,"href":"https:\/\/www.bellunopress.it\/fr\/wp-json\/wp\/v2\/comments?post=109766"}],"version-history":[{"count":1,"href":"https:\/\/www.bellunopress.it\/fr\/wp-json\/wp\/v2\/posts\/109766\/revisions"}],"predecessor-version":[{"id":109767,"href":"https:\/\/www.bellunopress.it\/fr\/wp-json\/wp\/v2\/posts\/109766\/revisions\/109767"}],"wp:attachment":[{"href":"https:\/\/www.bellunopress.it\/fr\/wp-json\/wp\/v2\/media?parent=109766"}],"wp:term":[{"taxonomy":"category","embeddable":true,"href":"https:\/\/www.bellunopress.it\/fr\/wp-json\/wp\/v2\/categories?post=109766"},{"taxonomy":"post_tag","embeddable":true,"href":"https:\/\/www.bellunopress.it\/fr\/wp-json\/wp\/v2\/tags?post=109766"}],"curies":[{"name":"wp","href":"https:\/\/api.w.org\/{rel}","templated":true}]}}