{"id":109761,"date":"2019-11-19T13:42:34","date_gmt":"2019-11-19T12:42:34","guid":{"rendered":"http:\/\/www.bellunopress.it\/?p=109761"},"modified":"2019-11-19T13:42:34","modified_gmt":"2019-11-19T12:42:34","slug":"pop-e-jazz-anni-60-venerdi-e-sabato-allunisono-di-feltre","status":"publish","type":"post","link":"https:\/\/www.bellunopress.it\/fr\/2019\/11\/19\/pop-e-jazz-anni-60-venerdi-e-sabato-allunisono-di-feltre\/","title":{"rendered":"Pop e jazz anni &#8217;60, venerd\u00ec e sabato all&#8217;Unisono di Feltre"},"content":{"rendered":"<p>Giovani talenti e grandi nomi della musica, suoni anni Sessanta, melodie mediterranee e brani che strizzano l&#8217;occhio al pop si incontrano questo fine settimana a Palazzo Guarnieri. Al Centro di Musica Unisono si apre un wek end di musica no stop con un primo concerto venerd\u00ec e un secondo sabato, seguito da jam session fino a notte fonda. Il jazzclub torna alle origini facendosi luogo di incontro, casa di arte e di artisti, spazio per scambio e contaminazioni tra vecchie e nuove generazioni. Gli appuntamenti sono parte della rassegna &#8220;Jazz and Food&#8221; realizzata in collaborazione con il locale Bandalarga che si occupa della ristorazione al piano terra del Palazzo.<\/p>\n<figure id=\"attachment_108260\" aria-describedby=\"caption-attachment-108260\" style=\"width: 300px\" class=\"wp-caption alignleft\"><a href=\"http:\/\/www.bellunopress.it\/fr\/2019\/09\/27\/le-18-sonate-di-shubert-domenica-ore-18-a-palazzo-guarnieri-di-feltre\/palazzo-guarnieri-feltre\/\" rel=\"attachment wp-att-108260\"><img loading=\"lazy\" decoding=\"async\" class=\"size-full wp-image-108260\" src=\"http:\/\/www.bellunopress.it\/wp-content\/uploads\/2019\/09\/Palazzo-Guarnieri-feltre.jpg\" alt=\"\" width=\"300\" height=\"179\" \/><\/a><figcaption id=\"caption-attachment-108260\" class=\"wp-caption-text\">Palazzo Guarnieri &#8211; Feltre<\/figcaption><\/figure>\n<p><strong>Venerd\u00ec 22 novembre.<\/strong> Sul palco della Music Hall saliranno i The Flams, tre giovani e talentuosi bellunesi cresciuti sotto l&#8217;ala di Unisono e che oggi hanno spiccato il volo. Sono Mos\u00e8 Andrich al piano, Paolo Ius al basso elettrico e Francesco Bressan alla batteria. Con loro anche Pasquale Innarella, ospite speciale. Quel che ne deriver\u00e0 sar\u00e0 un concerto fuori dagli schemi, improvvisato come nell&#8217;autentica tradizione jazz. I suoni coltrainiani e anni Sessanta di Innarella cercherano il loro accordo con i brani composti dal trio dal suono moderno e vicino al pop. Nord e Sud dell&#8217;Italia, la nuova generazione di musicisti e un grande nome del panorama jazz italiano promettono uno spettacolo divertente e capace di riservare diverse sorprese.<\/p>\n<p><strong>Sabato 23 novembre.<\/strong> Ospiti saranno i Bearzatti e Casagrande duo, una coppia di musicisti affermati, veneti di origine ma trapiantati da anni a Parigi dove sono molto richiesti dai jazzisti europei. Francesco Bearzatti (sax e clarinetto) e Federico Casagrande (chitarra) a Palazzo Guarnieri porteranno il loro progetto &#8220;Lost Songs&#8221; da cui \u00e8 nato un album registrato in una vecchia abbazia.<\/p>\n<p>&#8220;Amo suonare in duo \u2013 dichiara Bearzatti a proposito di questa formazione ridotta -. Mi piace farlo alla cieca, improvvisando totalmente, mi piace prendere degli standard e stravolgerli o qualsiasi altro materiale ma soprattutto mi piace entrare in sintonia totale col partner musicale del momento, cercando di sviscerare il presente unico ed irripetibile. In 20 anni di carriera ho scritto spesso delle canzoni che non hanno quasi mai trovato spazio nei miei dischi perch\u00e9 non adatte o non inerenti col progetto. Questa piccola formazione \u00e8 nata per questo motivo, poter suonare queste composizioni che raccontano momenti pi\u00f9 intimi della mia vita. Incontri, innamoramenti, abbandoni, fughe, viaggi, fantasie, delusioni, malinconie, etc. Per fare ci\u00f2, ho voluto al mio \ufb01anco un giovane musicista dal talento immenso e dallo stile molto personale, capace di volare alto e lontano come solo i grandi artisti sanno fare&#8221;.<\/p>\n<p>Entrambi i concerti prenderanno il via alle 21.15. Costo del biglietto 10 euro + 2 di prevendita. Acquisto dal sito su www.centrodimusicaunisono.com o direttamente al botteghino la sera stessa.<\/p>\n<p>Le due serate tuttavia inizieranno gi\u00e0 nel tardo pomeriggio, alle 17.30 nel ristorante di Unisono dove Bandalarga in collaborazione con gli chef di Fooding proporr\u00e0 un aperitivo con dj set e vinili a base di drink elaborati, vini del territorio e finger food.<\/p>","protected":false},"excerpt":{"rendered":"<p>Giovani talenti e grandi nomi della musica, suoni anni Sessanta, melodie mediterranee e brani che strizzano l&#8217;occhio al pop si incontrano questo fine settimana a Palazzo Guarnieri. Al Centro di Musica Unisono si apre un wek end di musica no stop con un primo concerto venerd\u00ec e un secondo sabato, seguito da jam session fino [&hellip;]<\/p>\n","protected":false},"author":2,"featured_media":0,"comment_status":"closed","ping_status":"open","sticky":false,"template":"","format":"standard","meta":{"footnotes":""},"categories":[27,3,25],"tags":[],"class_list":["post-109761","post","type-post","status-publish","format-standard","category-appuntamenti","category-arte-cultura-spettacoli-scienza-archivi","category-pausa-caffe"],"yoast_head":"<!-- This site is optimized with the Yoast SEO plugin v28.4 - https:\/\/yoast.com\/product\/yoast-seo-wordpress\/ -->\n<title>Pop e jazz anni &#039;60, venerd\u00ec e sabato all&#039;Unisono di Feltre - Bellunopress - Dolomiti<\/title>\n<meta name=\"robots\" content=\"index, follow, max-snippet:-1, max-image-preview:large, max-video-preview:-1\" \/>\n<link rel=\"canonical\" href=\"https:\/\/www.bellunopress.it\/fr\/2019\/11\/19\/pop-e-jazz-anni-60-venerdi-e-sabato-allunisono-di-feltre\/\" \/>\n<meta property=\"og:locale\" content=\"fr_FR\" \/>\n<meta property=\"og:type\" content=\"article\" \/>\n<meta property=\"og:title\" content=\"Pop e jazz anni &#039;60, venerd\u00ec e sabato all&#039;Unisono di Feltre - Bellunopress - Dolomiti\" \/>\n<meta property=\"og:description\" content=\"Giovani talenti e grandi nomi della musica, suoni anni Sessanta, melodie mediterranee e brani che strizzano l&#8217;occhio al pop si incontrano questo fine settimana a Palazzo Guarnieri. Al Centro di Musica Unisono si apre un wek end di musica no stop con un primo concerto venerd\u00ec e un secondo sabato, seguito da jam session fino [&hellip;]\" \/>\n<meta property=\"og:url\" content=\"https:\/\/www.bellunopress.it\/fr\/2019\/11\/19\/pop-e-jazz-anni-60-venerdi-e-sabato-allunisono-di-feltre\/\" \/>\n<meta property=\"og:site_name\" content=\"Bellunopress - Dolomiti\" \/>\n<meta property=\"article:publisher\" content=\"https:\/\/www.facebook.com\/profile.php?id=100008943462799\" \/>\n<meta property=\"article:published_time\" content=\"2019-11-19T12:42:34+00:00\" \/>\n<meta property=\"og:image\" content=\"http:\/\/www.bellunopress.it\/wp-content\/uploads\/2019\/09\/Palazzo-Guarnieri-feltre.jpg\" \/>\n<meta name=\"author\" content=\"redazione\" \/>\n<meta name=\"twitter:card\" content=\"summary_large_image\" \/>\n<meta name=\"twitter:creator\" content=\"@bellunopress\" \/>\n<meta name=\"twitter:site\" content=\"@bellunopress\" \/>\n<meta name=\"twitter:label1\" content=\"Written by\" \/>\n\t<meta name=\"twitter:data1\" content=\"redazione\" \/>\n\t<meta name=\"twitter:label2\" content=\"Est. reading time\" \/>\n\t<meta name=\"twitter:data2\" content=\"3 minutes\" \/>\n<script type=\"application\/ld+json\" class=\"yoast-schema-graph\">{\"@context\":\"https:\\\/\\\/schema.org\",\"@graph\":[{\"@type\":\"Article\",\"@id\":\"https:\\\/\\\/www.bellunopress.it\\\/2019\\\/11\\\/19\\\/pop-e-jazz-anni-60-venerdi-e-sabato-allunisono-di-feltre\\\/#article\",\"isPartOf\":{\"@id\":\"https:\\\/\\\/www.bellunopress.it\\\/2019\\\/11\\\/19\\\/pop-e-jazz-anni-60-venerdi-e-sabato-allunisono-di-feltre\\\/\"},\"author\":{\"name\":\"redazione\",\"@id\":\"https:\\\/\\\/www.bellunopress.it\\\/#\\\/schema\\\/person\\\/79bb06722b37ece1c03d3e94beb30d73\"},\"headline\":\"Pop e jazz anni &#8217;60, venerd\u00ec e sabato all&#8217;Unisono di Feltre\",\"datePublished\":\"2019-11-19T12:42:34+00:00\",\"mainEntityOfPage\":{\"@id\":\"https:\\\/\\\/www.bellunopress.it\\\/2019\\\/11\\\/19\\\/pop-e-jazz-anni-60-venerdi-e-sabato-allunisono-di-feltre\\\/\"},\"wordCount\":518,\"publisher\":{\"@id\":\"https:\\\/\\\/www.bellunopress.it\\\/#organization\"},\"image\":{\"@id\":\"https:\\\/\\\/www.bellunopress.it\\\/2019\\\/11\\\/19\\\/pop-e-jazz-anni-60-venerdi-e-sabato-allunisono-di-feltre\\\/#primaryimage\"},\"thumbnailUrl\":\"http:\\\/\\\/www.bellunopress.it\\\/wp-content\\\/uploads\\\/2019\\\/09\\\/Palazzo-Guarnieri-feltre.jpg\",\"articleSection\":[\"Appuntamenti, Eventi\",\"Arte, Cultura, Spettacoli, Scienza\",\"Pausa Caff\u00e8\"],\"inLanguage\":\"fr-FR\"},{\"@type\":\"WebPage\",\"@id\":\"https:\\\/\\\/www.bellunopress.it\\\/2019\\\/11\\\/19\\\/pop-e-jazz-anni-60-venerdi-e-sabato-allunisono-di-feltre\\\/\",\"url\":\"https:\\\/\\\/www.bellunopress.it\\\/2019\\\/11\\\/19\\\/pop-e-jazz-anni-60-venerdi-e-sabato-allunisono-di-feltre\\\/\",\"name\":\"Pop e jazz anni '60, venerd\u00ec e sabato all'Unisono di Feltre - Bellunopress - Dolomiti\",\"isPartOf\":{\"@id\":\"https:\\\/\\\/www.bellunopress.it\\\/#website\"},\"primaryImageOfPage\":{\"@id\":\"https:\\\/\\\/www.bellunopress.it\\\/2019\\\/11\\\/19\\\/pop-e-jazz-anni-60-venerdi-e-sabato-allunisono-di-feltre\\\/#primaryimage\"},\"image\":{\"@id\":\"https:\\\/\\\/www.bellunopress.it\\\/2019\\\/11\\\/19\\\/pop-e-jazz-anni-60-venerdi-e-sabato-allunisono-di-feltre\\\/#primaryimage\"},\"thumbnailUrl\":\"http:\\\/\\\/www.bellunopress.it\\\/wp-content\\\/uploads\\\/2019\\\/09\\\/Palazzo-Guarnieri-feltre.jpg\",\"datePublished\":\"2019-11-19T12:42:34+00:00\",\"breadcrumb\":{\"@id\":\"https:\\\/\\\/www.bellunopress.it\\\/2019\\\/11\\\/19\\\/pop-e-jazz-anni-60-venerdi-e-sabato-allunisono-di-feltre\\\/#breadcrumb\"},\"inLanguage\":\"fr-FR\",\"potentialAction\":[{\"@type\":\"ReadAction\",\"target\":[\"https:\\\/\\\/www.bellunopress.it\\\/2019\\\/11\\\/19\\\/pop-e-jazz-anni-60-venerdi-e-sabato-allunisono-di-feltre\\\/\"]}]},{\"@type\":\"ImageObject\",\"inLanguage\":\"fr-FR\",\"@id\":\"https:\\\/\\\/www.bellunopress.it\\\/2019\\\/11\\\/19\\\/pop-e-jazz-anni-60-venerdi-e-sabato-allunisono-di-feltre\\\/#primaryimage\",\"url\":\"http:\\\/\\\/www.bellunopress.it\\\/wp-content\\\/uploads\\\/2019\\\/09\\\/Palazzo-Guarnieri-feltre.jpg\",\"contentUrl\":\"http:\\\/\\\/www.bellunopress.it\\\/wp-content\\\/uploads\\\/2019\\\/09\\\/Palazzo-Guarnieri-feltre.jpg\"},{\"@type\":\"BreadcrumbList\",\"@id\":\"https:\\\/\\\/www.bellunopress.it\\\/2019\\\/11\\\/19\\\/pop-e-jazz-anni-60-venerdi-e-sabato-allunisono-di-feltre\\\/#breadcrumb\",\"itemListElement\":[{\"@type\":\"ListItem\",\"position\":1,\"name\":\"Home\",\"item\":\"https:\\\/\\\/www.bellunopress.it\\\/\"},{\"@type\":\"ListItem\",\"position\":2,\"name\":\"Pop e jazz anni &#8217;60, venerd\u00ec e sabato all&#8217;Unisono di Feltre\"}]},{\"@type\":\"WebSite\",\"@id\":\"https:\\\/\\\/www.bellunopress.it\\\/#website\",\"url\":\"https:\\\/\\\/www.bellunopress.it\\\/\",\"name\":\"Bellunopress - Dolomiti\",\"description\":\"e-mail: redazione@bellunopress.it\",\"publisher\":{\"@id\":\"https:\\\/\\\/www.bellunopress.it\\\/#organization\"},\"potentialAction\":[{\"@type\":\"SearchAction\",\"target\":{\"@type\":\"EntryPoint\",\"urlTemplate\":\"https:\\\/\\\/www.bellunopress.it\\\/?s={search_term_string}\"},\"query-input\":{\"@type\":\"PropertyValueSpecification\",\"valueRequired\":true,\"valueName\":\"search_term_string\"}}],\"inLanguage\":\"fr-FR\"},{\"@type\":\"Organization\",\"@id\":\"https:\\\/\\\/www.bellunopress.it\\\/#organization\",\"name\":\"Bellunopress\",\"url\":\"https:\\\/\\\/www.bellunopress.it\\\/\",\"logo\":{\"@type\":\"ImageObject\",\"inLanguage\":\"fr-FR\",\"@id\":\"https:\\\/\\\/www.bellunopress.it\\\/#\\\/schema\\\/logo\\\/image\\\/\",\"url\":\"https:\\\/\\\/www.bellunopress.it\\\/wp-content\\\/uploads\\\/2011\\\/05\\\/cropped-logo-bellunopress-.jpg\",\"contentUrl\":\"https:\\\/\\\/www.bellunopress.it\\\/wp-content\\\/uploads\\\/2011\\\/05\\\/cropped-logo-bellunopress-.jpg\",\"width\":512,\"height\":512,\"caption\":\"Bellunopress\"},\"image\":{\"@id\":\"https:\\\/\\\/www.bellunopress.it\\\/#\\\/schema\\\/logo\\\/image\\\/\"},\"sameAs\":[\"https:\\\/\\\/www.facebook.com\\\/profile.php?id=100008943462799\",\"https:\\\/\\\/x.com\\\/bellunopress\",\"https:\\\/\\\/www.linkedin.com\\\/hp\\\/?dnr=JBzUWaJfMUw8vbXJJ2tVW5-I3jZKvC4wsoxE&amp;amp;amp;amp;amp;amp;trk=nav_responsive_tab_home\",\"https:\\\/\\\/www.youtube.com\\\/channel\\\/UCxL0wu1uN0_3_7hGG0306cw\"]},{\"@type\":\"Person\",\"@id\":\"https:\\\/\\\/www.bellunopress.it\\\/#\\\/schema\\\/person\\\/79bb06722b37ece1c03d3e94beb30d73\",\"name\":\"redazione\",\"image\":{\"@type\":\"ImageObject\",\"inLanguage\":\"fr-FR\",\"@id\":\"https:\\\/\\\/secure.gravatar.com\\\/avatar\\\/37d968a2e67a6fd04c169c4bdef102d0bc5d31b2546345219e348575eb80e9a0?s=96&d=mm&r=g\",\"url\":\"https:\\\/\\\/secure.gravatar.com\\\/avatar\\\/37d968a2e67a6fd04c169c4bdef102d0bc5d31b2546345219e348575eb80e9a0?s=96&d=mm&r=g\",\"contentUrl\":\"https:\\\/\\\/secure.gravatar.com\\\/avatar\\\/37d968a2e67a6fd04c169c4bdef102d0bc5d31b2546345219e348575eb80e9a0?s=96&d=mm&r=g\",\"caption\":\"redazione\"},\"sameAs\":[\"http:\\\/\\\/www.bellunopress.it\",\"https:\\\/\\\/x.com\\\/bellunopress\"],\"url\":\"https:\\\/\\\/www.bellunopress.it\\\/fr\\\/author\\\/redazione\\\/\"}]}<\/script>\n<!-- \/ Yoast SEO plugin. -->","yoast_head_json":{"title":"Pop e jazz anni '60, venerd\u00ec e sabato all'Unisono di Feltre - Bellunopress - Dolomiti","robots":{"index":"index","follow":"follow","max-snippet":"max-snippet:-1","max-image-preview":"max-image-preview:large","max-video-preview":"max-video-preview:-1"},"canonical":"https:\/\/www.bellunopress.it\/fr\/2019\/11\/19\/pop-e-jazz-anni-60-venerdi-e-sabato-allunisono-di-feltre\/","og_locale":"fr_FR","og_type":"article","og_title":"Pop e jazz anni '60, venerd\u00ec e sabato all'Unisono di Feltre - Bellunopress - Dolomiti","og_description":"Giovani talenti e grandi nomi della musica, suoni anni Sessanta, melodie mediterranee e brani che strizzano l&#8217;occhio al pop si incontrano questo fine settimana a Palazzo Guarnieri. Al Centro di Musica Unisono si apre un wek end di musica no stop con un primo concerto venerd\u00ec e un secondo sabato, seguito da jam session fino [&hellip;]","og_url":"https:\/\/www.bellunopress.it\/fr\/2019\/11\/19\/pop-e-jazz-anni-60-venerdi-e-sabato-allunisono-di-feltre\/","og_site_name":"Bellunopress - Dolomiti","article_publisher":"https:\/\/www.facebook.com\/profile.php?id=100008943462799","article_published_time":"2019-11-19T12:42:34+00:00","og_image":[{"url":"http:\/\/www.bellunopress.it\/wp-content\/uploads\/2019\/09\/Palazzo-Guarnieri-feltre.jpg","type":"","width":"","height":""}],"author":"redazione","twitter_card":"summary_large_image","twitter_creator":"@bellunopress","twitter_site":"@bellunopress","twitter_misc":{"Written by":"redazione","Est. reading time":"3 minutes"},"schema":{"@context":"https:\/\/schema.org","@graph":[{"@type":"Article","@id":"https:\/\/www.bellunopress.it\/2019\/11\/19\/pop-e-jazz-anni-60-venerdi-e-sabato-allunisono-di-feltre\/#article","isPartOf":{"@id":"https:\/\/www.bellunopress.it\/2019\/11\/19\/pop-e-jazz-anni-60-venerdi-e-sabato-allunisono-di-feltre\/"},"author":{"name":"redazione","@id":"https:\/\/www.bellunopress.it\/#\/schema\/person\/79bb06722b37ece1c03d3e94beb30d73"},"headline":"Pop e jazz anni &#8217;60, venerd\u00ec e sabato all&#8217;Unisono di Feltre","datePublished":"2019-11-19T12:42:34+00:00","mainEntityOfPage":{"@id":"https:\/\/www.bellunopress.it\/2019\/11\/19\/pop-e-jazz-anni-60-venerdi-e-sabato-allunisono-di-feltre\/"},"wordCount":518,"publisher":{"@id":"https:\/\/www.bellunopress.it\/#organization"},"image":{"@id":"https:\/\/www.bellunopress.it\/2019\/11\/19\/pop-e-jazz-anni-60-venerdi-e-sabato-allunisono-di-feltre\/#primaryimage"},"thumbnailUrl":"http:\/\/www.bellunopress.it\/wp-content\/uploads\/2019\/09\/Palazzo-Guarnieri-feltre.jpg","articleSection":["Appuntamenti, Eventi","Arte, Cultura, Spettacoli, Scienza","Pausa Caff\u00e8"],"inLanguage":"fr-FR"},{"@type":"WebPage","@id":"https:\/\/www.bellunopress.it\/2019\/11\/19\/pop-e-jazz-anni-60-venerdi-e-sabato-allunisono-di-feltre\/","url":"https:\/\/www.bellunopress.it\/2019\/11\/19\/pop-e-jazz-anni-60-venerdi-e-sabato-allunisono-di-feltre\/","name":"Pop e jazz anni '60, venerd\u00ec e sabato all'Unisono di Feltre - Bellunopress - Dolomiti","isPartOf":{"@id":"https:\/\/www.bellunopress.it\/#website"},"primaryImageOfPage":{"@id":"https:\/\/www.bellunopress.it\/2019\/11\/19\/pop-e-jazz-anni-60-venerdi-e-sabato-allunisono-di-feltre\/#primaryimage"},"image":{"@id":"https:\/\/www.bellunopress.it\/2019\/11\/19\/pop-e-jazz-anni-60-venerdi-e-sabato-allunisono-di-feltre\/#primaryimage"},"thumbnailUrl":"http:\/\/www.bellunopress.it\/wp-content\/uploads\/2019\/09\/Palazzo-Guarnieri-feltre.jpg","datePublished":"2019-11-19T12:42:34+00:00","breadcrumb":{"@id":"https:\/\/www.bellunopress.it\/2019\/11\/19\/pop-e-jazz-anni-60-venerdi-e-sabato-allunisono-di-feltre\/#breadcrumb"},"inLanguage":"fr-FR","potentialAction":[{"@type":"ReadAction","target":["https:\/\/www.bellunopress.it\/2019\/11\/19\/pop-e-jazz-anni-60-venerdi-e-sabato-allunisono-di-feltre\/"]}]},{"@type":"ImageObject","inLanguage":"fr-FR","@id":"https:\/\/www.bellunopress.it\/2019\/11\/19\/pop-e-jazz-anni-60-venerdi-e-sabato-allunisono-di-feltre\/#primaryimage","url":"http:\/\/www.bellunopress.it\/wp-content\/uploads\/2019\/09\/Palazzo-Guarnieri-feltre.jpg","contentUrl":"http:\/\/www.bellunopress.it\/wp-content\/uploads\/2019\/09\/Palazzo-Guarnieri-feltre.jpg"},{"@type":"BreadcrumbList","@id":"https:\/\/www.bellunopress.it\/2019\/11\/19\/pop-e-jazz-anni-60-venerdi-e-sabato-allunisono-di-feltre\/#breadcrumb","itemListElement":[{"@type":"ListItem","position":1,"name":"Home","item":"https:\/\/www.bellunopress.it\/"},{"@type":"ListItem","position":2,"name":"Pop e jazz anni &#8217;60, venerd\u00ec e sabato all&#8217;Unisono di Feltre"}]},{"@type":"WebSite","@id":"https:\/\/www.bellunopress.it\/#website","url":"https:\/\/www.bellunopress.it\/","name":"Bellunopress - Dolomiti","description":"e-mail: redazione@bellunopress.it","publisher":{"@id":"https:\/\/www.bellunopress.it\/#organization"},"potentialAction":[{"@type":"SearchAction","target":{"@type":"EntryPoint","urlTemplate":"https:\/\/www.bellunopress.it\/?s={search_term_string}"},"query-input":{"@type":"PropertyValueSpecification","valueRequired":true,"valueName":"search_term_string"}}],"inLanguage":"fr-FR"},{"@type":"Organization","@id":"https:\/\/www.bellunopress.it\/#organization","name":"Bellunopress","url":"https:\/\/www.bellunopress.it\/","logo":{"@type":"ImageObject","inLanguage":"fr-FR","@id":"https:\/\/www.bellunopress.it\/#\/schema\/logo\/image\/","url":"https:\/\/www.bellunopress.it\/wp-content\/uploads\/2011\/05\/cropped-logo-bellunopress-.jpg","contentUrl":"https:\/\/www.bellunopress.it\/wp-content\/uploads\/2011\/05\/cropped-logo-bellunopress-.jpg","width":512,"height":512,"caption":"Bellunopress"},"image":{"@id":"https:\/\/www.bellunopress.it\/#\/schema\/logo\/image\/"},"sameAs":["https:\/\/www.facebook.com\/profile.php?id=100008943462799","https:\/\/x.com\/bellunopress","https:\/\/www.linkedin.com\/hp\/?dnr=JBzUWaJfMUw8vbXJJ2tVW5-I3jZKvC4wsoxE&amp;amp;amp;amp;amp;amp;trk=nav_responsive_tab_home","https:\/\/www.youtube.com\/channel\/UCxL0wu1uN0_3_7hGG0306cw"]},{"@type":"Person","@id":"https:\/\/www.bellunopress.it\/#\/schema\/person\/79bb06722b37ece1c03d3e94beb30d73","name":"r\u00e9daction","image":{"@type":"ImageObject","inLanguage":"fr-FR","@id":"https:\/\/secure.gravatar.com\/avatar\/37d968a2e67a6fd04c169c4bdef102d0bc5d31b2546345219e348575eb80e9a0?s=96&d=mm&r=g","url":"https:\/\/secure.gravatar.com\/avatar\/37d968a2e67a6fd04c169c4bdef102d0bc5d31b2546345219e348575eb80e9a0?s=96&d=mm&r=g","contentUrl":"https:\/\/secure.gravatar.com\/avatar\/37d968a2e67a6fd04c169c4bdef102d0bc5d31b2546345219e348575eb80e9a0?s=96&d=mm&r=g","caption":"redazione"},"sameAs":["http:\/\/www.bellunopress.it","https:\/\/x.com\/bellunopress"],"url":"https:\/\/www.bellunopress.it\/fr\/author\/redazione\/"}]}},"_links":{"self":[{"href":"https:\/\/www.bellunopress.it\/fr\/wp-json\/wp\/v2\/posts\/109761","targetHints":{"allow":["GET"]}}],"collection":[{"href":"https:\/\/www.bellunopress.it\/fr\/wp-json\/wp\/v2\/posts"}],"about":[{"href":"https:\/\/www.bellunopress.it\/fr\/wp-json\/wp\/v2\/types\/post"}],"author":[{"embeddable":true,"href":"https:\/\/www.bellunopress.it\/fr\/wp-json\/wp\/v2\/users\/2"}],"replies":[{"embeddable":true,"href":"https:\/\/www.bellunopress.it\/fr\/wp-json\/wp\/v2\/comments?post=109761"}],"version-history":[{"count":1,"href":"https:\/\/www.bellunopress.it\/fr\/wp-json\/wp\/v2\/posts\/109761\/revisions"}],"predecessor-version":[{"id":109762,"href":"https:\/\/www.bellunopress.it\/fr\/wp-json\/wp\/v2\/posts\/109761\/revisions\/109762"}],"wp:attachment":[{"href":"https:\/\/www.bellunopress.it\/fr\/wp-json\/wp\/v2\/media?parent=109761"}],"wp:term":[{"taxonomy":"category","embeddable":true,"href":"https:\/\/www.bellunopress.it\/fr\/wp-json\/wp\/v2\/categories?post=109761"},{"taxonomy":"post_tag","embeddable":true,"href":"https:\/\/www.bellunopress.it\/fr\/wp-json\/wp\/v2\/tags?post=109761"}],"curies":[{"name":"wp","href":"https:\/\/api.w.org\/{rel}","templated":true}]}}