{"id":109757,"date":"2019-11-19T13:32:57","date_gmt":"2019-11-19T12:32:57","guid":{"rendered":"http:\/\/www.bellunopress.it\/?p=109757"},"modified":"2019-11-19T13:32:58","modified_gmt":"2019-11-19T12:32:58","slug":"invito-a-teatro-sabato-al-centro-civico-di-sospirolo","status":"publish","type":"post","link":"https:\/\/www.bellunopress.it\/fr\/2019\/11\/19\/invito-a-teatro-sabato-al-centro-civico-di-sospirolo\/","title":{"rendered":"Invito a teatro, sabato al Centro civico di Sospirolo"},"content":{"rendered":"<p>&#8220;Invito a teatro&#8221; sabato 23 novembre con Paola Brolati e Charly Gamba. Lo spettacolo s&#8217;intitola &#8220;Via per Milan! I misteriosi giochi d&#8217;un tempo&#8221; e si terr\u00e0 al Centro civico alle 20.45; la data, promossa dalla Pro loco &#8220;Monti del sole&#8221;, \u00e8 parte di &#8220;Veneto, spettacoli di mistero&#8221; oltre che del calendario di &#8220;Invito a teatro&#8221; del Consorzio pro loco pedemontane Valbelluna.<\/p>\n<p><a href=\"http:\/\/www.bellunopress.it\/fr\/2019\/11\/19\/invito-a-teatro-sabato-al-centro-civico-di-sospirolo\/sospirolo-teatro\/\" rel=\"attachment wp-att-109758\"><img loading=\"lazy\" decoding=\"async\" class=\"alignleft size-full wp-image-109758\" src=\"http:\/\/www.bellunopress.it\/wp-content\/uploads\/2019\/11\/Sospirolo-teatro.jpg\" alt=\"\" width=\"300\" height=\"197\" \/><\/a>\u00abIl gioco \u00e8 un&#8217;attivit\u00e0 libera, cui l&#8217;individuo prende parte per propria scelta e in cui inventa una realt\u00e0 diversa da quella di tutti i giorni\u00bb, spiegano i promotori. \u00abCon la fantasia si viaggia; un libro, un film, un gioco ci portano in altre epoche e luoghi diversi. Oggi la tecnologia aiuta molto, il virtuale si sovrappone sempre pi\u00f9 al reale. Ma nei tempi passati, come si giocava?\u00bb Lo spettacolo dar\u00e0 delle risposte, esplorando il misterioso mondo della nostra immaginazione, coinvolgendo lo spettatore tra gag e risate. Negli anni il duo ha avuto uno straordinario successo con gli spettacoli &#8220;Gironzolando&#8221; , &#8220;Scenari&#8221;, &#8220;Filo fil\u00f2&#8221; di cui hanno fatto numerose repliche; \u00e8 loro il progetto &#8220;\u00e8 di scena il museo&#8221; nei musei etnografici bellunesi.<\/p>\n<p>Sempre per i misteri sospirolesi, c&#8217;\u00e8 ancora posto anche per &#8220;Leggende a cena&#8221; con letture di Silvana e Barbara al ristorante Bacchetti di Piz Camolino venerd\u00ec 29 novembre alle 20; per prenotazioni 0437 89159.<\/p>","protected":false},"excerpt":{"rendered":"<p>&#8220;Invito a teatro&#8221; sabato 23 novembre con Paola Brolati e Charly Gamba. Lo spettacolo s&#8217;intitola &#8220;Via per Milan! I misteriosi giochi d&#8217;un tempo&#8221; e si terr\u00e0 al Centro civico alle 20.45; la data, promossa dalla Pro loco &#8220;Monti del sole&#8221;, \u00e8 parte di &#8220;Veneto, spettacoli di mistero&#8221; oltre che del calendario di &#8220;Invito a teatro&#8221; [&hellip;]<\/p>\n","protected":false},"author":2,"featured_media":0,"comment_status":"closed","ping_status":"open","sticky":false,"template":"","format":"standard","meta":{"footnotes":""},"categories":[27,3,25],"tags":[],"class_list":["post-109757","post","type-post","status-publish","format-standard","category-appuntamenti","category-arte-cultura-spettacoli-scienza-archivi","category-pausa-caffe"],"yoast_head":"<!-- This site is optimized with the Yoast SEO plugin v28.4 - https:\/\/yoast.com\/product\/yoast-seo-wordpress\/ -->\n<title>Invito a teatro, sabato al Centro civico di Sospirolo - Bellunopress - Dolomiti<\/title>\n<meta name=\"robots\" content=\"index, follow, max-snippet:-1, max-image-preview:large, max-video-preview:-1\" \/>\n<link rel=\"canonical\" href=\"https:\/\/www.bellunopress.it\/fr\/2019\/11\/19\/invito-a-teatro-sabato-al-centro-civico-di-sospirolo\/\" \/>\n<meta property=\"og:locale\" content=\"fr_FR\" \/>\n<meta property=\"og:type\" content=\"article\" \/>\n<meta property=\"og:title\" content=\"Invito a teatro, sabato al Centro civico di Sospirolo - Bellunopress - Dolomiti\" \/>\n<meta property=\"og:description\" content=\"&#8220;Invito a teatro&#8221; sabato 23 novembre con Paola Brolati e Charly Gamba. Lo spettacolo s&#8217;intitola &#8220;Via per Milan! I misteriosi giochi d&#8217;un tempo&#8221; e si terr\u00e0 al Centro civico alle 20.45; la data, promossa dalla Pro loco &#8220;Monti del sole&#8221;, \u00e8 parte di &#8220;Veneto, spettacoli di mistero&#8221; oltre che del calendario di &#8220;Invito a teatro&#8221; [&hellip;]\" \/>\n<meta property=\"og:url\" content=\"https:\/\/www.bellunopress.it\/fr\/2019\/11\/19\/invito-a-teatro-sabato-al-centro-civico-di-sospirolo\/\" \/>\n<meta property=\"og:site_name\" content=\"Bellunopress - Dolomiti\" \/>\n<meta property=\"article:publisher\" content=\"https:\/\/www.facebook.com\/profile.php?id=100008943462799\" \/>\n<meta property=\"article:published_time\" content=\"2019-11-19T12:32:57+00:00\" \/>\n<meta property=\"article:modified_time\" content=\"2019-11-19T12:32:58+00:00\" \/>\n<meta property=\"og:image\" content=\"http:\/\/www.bellunopress.it\/wp-content\/uploads\/2019\/11\/Sospirolo-teatro.jpg\" \/>\n<meta name=\"author\" content=\"redazione\" \/>\n<meta name=\"twitter:card\" content=\"summary_large_image\" \/>\n<meta name=\"twitter:creator\" content=\"@bellunopress\" \/>\n<meta name=\"twitter:site\" content=\"@bellunopress\" \/>\n<meta name=\"twitter:label1\" content=\"Written by\" \/>\n\t<meta name=\"twitter:data1\" content=\"redazione\" \/>\n\t<meta name=\"twitter:label2\" content=\"Est. reading time\" \/>\n\t<meta name=\"twitter:data2\" content=\"1 minute\" \/>\n<script type=\"application\/ld+json\" class=\"yoast-schema-graph\">{\"@context\":\"https:\\\/\\\/schema.org\",\"@graph\":[{\"@type\":\"Article\",\"@id\":\"https:\\\/\\\/www.bellunopress.it\\\/2019\\\/11\\\/19\\\/invito-a-teatro-sabato-al-centro-civico-di-sospirolo\\\/#article\",\"isPartOf\":{\"@id\":\"https:\\\/\\\/www.bellunopress.it\\\/2019\\\/11\\\/19\\\/invito-a-teatro-sabato-al-centro-civico-di-sospirolo\\\/\"},\"author\":{\"name\":\"redazione\",\"@id\":\"https:\\\/\\\/www.bellunopress.it\\\/#\\\/schema\\\/person\\\/79bb06722b37ece1c03d3e94beb30d73\"},\"headline\":\"Invito a teatro, sabato al Centro civico di Sospirolo\",\"datePublished\":\"2019-11-19T12:32:57+00:00\",\"dateModified\":\"2019-11-19T12:32:58+00:00\",\"mainEntityOfPage\":{\"@id\":\"https:\\\/\\\/www.bellunopress.it\\\/2019\\\/11\\\/19\\\/invito-a-teatro-sabato-al-centro-civico-di-sospirolo\\\/\"},\"wordCount\":219,\"publisher\":{\"@id\":\"https:\\\/\\\/www.bellunopress.it\\\/#organization\"},\"image\":{\"@id\":\"https:\\\/\\\/www.bellunopress.it\\\/2019\\\/11\\\/19\\\/invito-a-teatro-sabato-al-centro-civico-di-sospirolo\\\/#primaryimage\"},\"thumbnailUrl\":\"http:\\\/\\\/www.bellunopress.it\\\/wp-content\\\/uploads\\\/2019\\\/11\\\/Sospirolo-teatro.jpg\",\"articleSection\":[\"Appuntamenti, Eventi\",\"Arte, Cultura, Spettacoli, Scienza\",\"Pausa Caff\u00e8\"],\"inLanguage\":\"fr-FR\"},{\"@type\":\"WebPage\",\"@id\":\"https:\\\/\\\/www.bellunopress.it\\\/2019\\\/11\\\/19\\\/invito-a-teatro-sabato-al-centro-civico-di-sospirolo\\\/\",\"url\":\"https:\\\/\\\/www.bellunopress.it\\\/2019\\\/11\\\/19\\\/invito-a-teatro-sabato-al-centro-civico-di-sospirolo\\\/\",\"name\":\"Invito a teatro, sabato al Centro civico di Sospirolo - Bellunopress - Dolomiti\",\"isPartOf\":{\"@id\":\"https:\\\/\\\/www.bellunopress.it\\\/#website\"},\"primaryImageOfPage\":{\"@id\":\"https:\\\/\\\/www.bellunopress.it\\\/2019\\\/11\\\/19\\\/invito-a-teatro-sabato-al-centro-civico-di-sospirolo\\\/#primaryimage\"},\"image\":{\"@id\":\"https:\\\/\\\/www.bellunopress.it\\\/2019\\\/11\\\/19\\\/invito-a-teatro-sabato-al-centro-civico-di-sospirolo\\\/#primaryimage\"},\"thumbnailUrl\":\"http:\\\/\\\/www.bellunopress.it\\\/wp-content\\\/uploads\\\/2019\\\/11\\\/Sospirolo-teatro.jpg\",\"datePublished\":\"2019-11-19T12:32:57+00:00\",\"dateModified\":\"2019-11-19T12:32:58+00:00\",\"breadcrumb\":{\"@id\":\"https:\\\/\\\/www.bellunopress.it\\\/2019\\\/11\\\/19\\\/invito-a-teatro-sabato-al-centro-civico-di-sospirolo\\\/#breadcrumb\"},\"inLanguage\":\"fr-FR\",\"potentialAction\":[{\"@type\":\"ReadAction\",\"target\":[\"https:\\\/\\\/www.bellunopress.it\\\/2019\\\/11\\\/19\\\/invito-a-teatro-sabato-al-centro-civico-di-sospirolo\\\/\"]}]},{\"@type\":\"ImageObject\",\"inLanguage\":\"fr-FR\",\"@id\":\"https:\\\/\\\/www.bellunopress.it\\\/2019\\\/11\\\/19\\\/invito-a-teatro-sabato-al-centro-civico-di-sospirolo\\\/#primaryimage\",\"url\":\"http:\\\/\\\/www.bellunopress.it\\\/wp-content\\\/uploads\\\/2019\\\/11\\\/Sospirolo-teatro.jpg\",\"contentUrl\":\"http:\\\/\\\/www.bellunopress.it\\\/wp-content\\\/uploads\\\/2019\\\/11\\\/Sospirolo-teatro.jpg\"},{\"@type\":\"BreadcrumbList\",\"@id\":\"https:\\\/\\\/www.bellunopress.it\\\/2019\\\/11\\\/19\\\/invito-a-teatro-sabato-al-centro-civico-di-sospirolo\\\/#breadcrumb\",\"itemListElement\":[{\"@type\":\"ListItem\",\"position\":1,\"name\":\"Home\",\"item\":\"https:\\\/\\\/www.bellunopress.it\\\/\"},{\"@type\":\"ListItem\",\"position\":2,\"name\":\"Invito a teatro, sabato al Centro civico di Sospirolo\"}]},{\"@type\":\"WebSite\",\"@id\":\"https:\\\/\\\/www.bellunopress.it\\\/#website\",\"url\":\"https:\\\/\\\/www.bellunopress.it\\\/\",\"name\":\"Bellunopress - Dolomiti\",\"description\":\"e-mail: redazione@bellunopress.it\",\"publisher\":{\"@id\":\"https:\\\/\\\/www.bellunopress.it\\\/#organization\"},\"potentialAction\":[{\"@type\":\"SearchAction\",\"target\":{\"@type\":\"EntryPoint\",\"urlTemplate\":\"https:\\\/\\\/www.bellunopress.it\\\/?s={search_term_string}\"},\"query-input\":{\"@type\":\"PropertyValueSpecification\",\"valueRequired\":true,\"valueName\":\"search_term_string\"}}],\"inLanguage\":\"fr-FR\"},{\"@type\":\"Organization\",\"@id\":\"https:\\\/\\\/www.bellunopress.it\\\/#organization\",\"name\":\"Bellunopress\",\"url\":\"https:\\\/\\\/www.bellunopress.it\\\/\",\"logo\":{\"@type\":\"ImageObject\",\"inLanguage\":\"fr-FR\",\"@id\":\"https:\\\/\\\/www.bellunopress.it\\\/#\\\/schema\\\/logo\\\/image\\\/\",\"url\":\"https:\\\/\\\/www.bellunopress.it\\\/wp-content\\\/uploads\\\/2011\\\/05\\\/cropped-logo-bellunopress-.jpg\",\"contentUrl\":\"https:\\\/\\\/www.bellunopress.it\\\/wp-content\\\/uploads\\\/2011\\\/05\\\/cropped-logo-bellunopress-.jpg\",\"width\":512,\"height\":512,\"caption\":\"Bellunopress\"},\"image\":{\"@id\":\"https:\\\/\\\/www.bellunopress.it\\\/#\\\/schema\\\/logo\\\/image\\\/\"},\"sameAs\":[\"https:\\\/\\\/www.facebook.com\\\/profile.php?id=100008943462799\",\"https:\\\/\\\/x.com\\\/bellunopress\",\"https:\\\/\\\/www.linkedin.com\\\/hp\\\/?dnr=JBzUWaJfMUw8vbXJJ2tVW5-I3jZKvC4wsoxE&amp;amp;amp;amp;amp;amp;trk=nav_responsive_tab_home\",\"https:\\\/\\\/www.youtube.com\\\/channel\\\/UCxL0wu1uN0_3_7hGG0306cw\"]},{\"@type\":\"Person\",\"@id\":\"https:\\\/\\\/www.bellunopress.it\\\/#\\\/schema\\\/person\\\/79bb06722b37ece1c03d3e94beb30d73\",\"name\":\"redazione\",\"image\":{\"@type\":\"ImageObject\",\"inLanguage\":\"fr-FR\",\"@id\":\"https:\\\/\\\/secure.gravatar.com\\\/avatar\\\/37d968a2e67a6fd04c169c4bdef102d0bc5d31b2546345219e348575eb80e9a0?s=96&d=mm&r=g\",\"url\":\"https:\\\/\\\/secure.gravatar.com\\\/avatar\\\/37d968a2e67a6fd04c169c4bdef102d0bc5d31b2546345219e348575eb80e9a0?s=96&d=mm&r=g\",\"contentUrl\":\"https:\\\/\\\/secure.gravatar.com\\\/avatar\\\/37d968a2e67a6fd04c169c4bdef102d0bc5d31b2546345219e348575eb80e9a0?s=96&d=mm&r=g\",\"caption\":\"redazione\"},\"sameAs\":[\"http:\\\/\\\/www.bellunopress.it\",\"https:\\\/\\\/x.com\\\/bellunopress\"],\"url\":\"https:\\\/\\\/www.bellunopress.it\\\/fr\\\/author\\\/redazione\\\/\"}]}<\/script>\n<!-- \/ Yoast SEO plugin. -->","yoast_head_json":{"title":"Invito a teatro, sabato al Centro civico di Sospirolo - Bellunopress - Dolomiti","robots":{"index":"index","follow":"follow","max-snippet":"max-snippet:-1","max-image-preview":"max-image-preview:large","max-video-preview":"max-video-preview:-1"},"canonical":"https:\/\/www.bellunopress.it\/fr\/2019\/11\/19\/invito-a-teatro-sabato-al-centro-civico-di-sospirolo\/","og_locale":"fr_FR","og_type":"article","og_title":"Invito a teatro, sabato al Centro civico di Sospirolo - Bellunopress - Dolomiti","og_description":"&#8220;Invito a teatro&#8221; sabato 23 novembre con Paola Brolati e Charly Gamba. Lo spettacolo s&#8217;intitola &#8220;Via per Milan! I misteriosi giochi d&#8217;un tempo&#8221; e si terr\u00e0 al Centro civico alle 20.45; la data, promossa dalla Pro loco &#8220;Monti del sole&#8221;, \u00e8 parte di &#8220;Veneto, spettacoli di mistero&#8221; oltre che del calendario di &#8220;Invito a teatro&#8221; [&hellip;]","og_url":"https:\/\/www.bellunopress.it\/fr\/2019\/11\/19\/invito-a-teatro-sabato-al-centro-civico-di-sospirolo\/","og_site_name":"Bellunopress - Dolomiti","article_publisher":"https:\/\/www.facebook.com\/profile.php?id=100008943462799","article_published_time":"2019-11-19T12:32:57+00:00","article_modified_time":"2019-11-19T12:32:58+00:00","og_image":[{"url":"http:\/\/www.bellunopress.it\/wp-content\/uploads\/2019\/11\/Sospirolo-teatro.jpg","type":"","width":"","height":""}],"author":"redazione","twitter_card":"summary_large_image","twitter_creator":"@bellunopress","twitter_site":"@bellunopress","twitter_misc":{"Written by":"redazione","Est. reading time":"1 minute"},"schema":{"@context":"https:\/\/schema.org","@graph":[{"@type":"Article","@id":"https:\/\/www.bellunopress.it\/2019\/11\/19\/invito-a-teatro-sabato-al-centro-civico-di-sospirolo\/#article","isPartOf":{"@id":"https:\/\/www.bellunopress.it\/2019\/11\/19\/invito-a-teatro-sabato-al-centro-civico-di-sospirolo\/"},"author":{"name":"redazione","@id":"https:\/\/www.bellunopress.it\/#\/schema\/person\/79bb06722b37ece1c03d3e94beb30d73"},"headline":"Invito a teatro, sabato al Centro civico di Sospirolo","datePublished":"2019-11-19T12:32:57+00:00","dateModified":"2019-11-19T12:32:58+00:00","mainEntityOfPage":{"@id":"https:\/\/www.bellunopress.it\/2019\/11\/19\/invito-a-teatro-sabato-al-centro-civico-di-sospirolo\/"},"wordCount":219,"publisher":{"@id":"https:\/\/www.bellunopress.it\/#organization"},"image":{"@id":"https:\/\/www.bellunopress.it\/2019\/11\/19\/invito-a-teatro-sabato-al-centro-civico-di-sospirolo\/#primaryimage"},"thumbnailUrl":"http:\/\/www.bellunopress.it\/wp-content\/uploads\/2019\/11\/Sospirolo-teatro.jpg","articleSection":["Appuntamenti, Eventi","Arte, Cultura, Spettacoli, Scienza","Pausa Caff\u00e8"],"inLanguage":"fr-FR"},{"@type":"WebPage","@id":"https:\/\/www.bellunopress.it\/2019\/11\/19\/invito-a-teatro-sabato-al-centro-civico-di-sospirolo\/","url":"https:\/\/www.bellunopress.it\/2019\/11\/19\/invito-a-teatro-sabato-al-centro-civico-di-sospirolo\/","name":"Invito a teatro, sabato al Centro civico di Sospirolo - Bellunopress - Dolomiti","isPartOf":{"@id":"https:\/\/www.bellunopress.it\/#website"},"primaryImageOfPage":{"@id":"https:\/\/www.bellunopress.it\/2019\/11\/19\/invito-a-teatro-sabato-al-centro-civico-di-sospirolo\/#primaryimage"},"image":{"@id":"https:\/\/www.bellunopress.it\/2019\/11\/19\/invito-a-teatro-sabato-al-centro-civico-di-sospirolo\/#primaryimage"},"thumbnailUrl":"http:\/\/www.bellunopress.it\/wp-content\/uploads\/2019\/11\/Sospirolo-teatro.jpg","datePublished":"2019-11-19T12:32:57+00:00","dateModified":"2019-11-19T12:32:58+00:00","breadcrumb":{"@id":"https:\/\/www.bellunopress.it\/2019\/11\/19\/invito-a-teatro-sabato-al-centro-civico-di-sospirolo\/#breadcrumb"},"inLanguage":"fr-FR","potentialAction":[{"@type":"ReadAction","target":["https:\/\/www.bellunopress.it\/2019\/11\/19\/invito-a-teatro-sabato-al-centro-civico-di-sospirolo\/"]}]},{"@type":"ImageObject","inLanguage":"fr-FR","@id":"https:\/\/www.bellunopress.it\/2019\/11\/19\/invito-a-teatro-sabato-al-centro-civico-di-sospirolo\/#primaryimage","url":"http:\/\/www.bellunopress.it\/wp-content\/uploads\/2019\/11\/Sospirolo-teatro.jpg","contentUrl":"http:\/\/www.bellunopress.it\/wp-content\/uploads\/2019\/11\/Sospirolo-teatro.jpg"},{"@type":"BreadcrumbList","@id":"https:\/\/www.bellunopress.it\/2019\/11\/19\/invito-a-teatro-sabato-al-centro-civico-di-sospirolo\/#breadcrumb","itemListElement":[{"@type":"ListItem","position":1,"name":"Home","item":"https:\/\/www.bellunopress.it\/"},{"@type":"ListItem","position":2,"name":"Invito a teatro, sabato al Centro civico di Sospirolo"}]},{"@type":"WebSite","@id":"https:\/\/www.bellunopress.it\/#website","url":"https:\/\/www.bellunopress.it\/","name":"Bellunopress - Dolomiti","description":"e-mail: redazione@bellunopress.it","publisher":{"@id":"https:\/\/www.bellunopress.it\/#organization"},"potentialAction":[{"@type":"SearchAction","target":{"@type":"EntryPoint","urlTemplate":"https:\/\/www.bellunopress.it\/?s={search_term_string}"},"query-input":{"@type":"PropertyValueSpecification","valueRequired":true,"valueName":"search_term_string"}}],"inLanguage":"fr-FR"},{"@type":"Organization","@id":"https:\/\/www.bellunopress.it\/#organization","name":"Bellunopress","url":"https:\/\/www.bellunopress.it\/","logo":{"@type":"ImageObject","inLanguage":"fr-FR","@id":"https:\/\/www.bellunopress.it\/#\/schema\/logo\/image\/","url":"https:\/\/www.bellunopress.it\/wp-content\/uploads\/2011\/05\/cropped-logo-bellunopress-.jpg","contentUrl":"https:\/\/www.bellunopress.it\/wp-content\/uploads\/2011\/05\/cropped-logo-bellunopress-.jpg","width":512,"height":512,"caption":"Bellunopress"},"image":{"@id":"https:\/\/www.bellunopress.it\/#\/schema\/logo\/image\/"},"sameAs":["https:\/\/www.facebook.com\/profile.php?id=100008943462799","https:\/\/x.com\/bellunopress","https:\/\/www.linkedin.com\/hp\/?dnr=JBzUWaJfMUw8vbXJJ2tVW5-I3jZKvC4wsoxE&amp;amp;amp;amp;amp;amp;trk=nav_responsive_tab_home","https:\/\/www.youtube.com\/channel\/UCxL0wu1uN0_3_7hGG0306cw"]},{"@type":"Person","@id":"https:\/\/www.bellunopress.it\/#\/schema\/person\/79bb06722b37ece1c03d3e94beb30d73","name":"r\u00e9daction","image":{"@type":"ImageObject","inLanguage":"fr-FR","@id":"https:\/\/secure.gravatar.com\/avatar\/37d968a2e67a6fd04c169c4bdef102d0bc5d31b2546345219e348575eb80e9a0?s=96&d=mm&r=g","url":"https:\/\/secure.gravatar.com\/avatar\/37d968a2e67a6fd04c169c4bdef102d0bc5d31b2546345219e348575eb80e9a0?s=96&d=mm&r=g","contentUrl":"https:\/\/secure.gravatar.com\/avatar\/37d968a2e67a6fd04c169c4bdef102d0bc5d31b2546345219e348575eb80e9a0?s=96&d=mm&r=g","caption":"redazione"},"sameAs":["http:\/\/www.bellunopress.it","https:\/\/x.com\/bellunopress"],"url":"https:\/\/www.bellunopress.it\/fr\/author\/redazione\/"}]}},"_links":{"self":[{"href":"https:\/\/www.bellunopress.it\/fr\/wp-json\/wp\/v2\/posts\/109757","targetHints":{"allow":["GET"]}}],"collection":[{"href":"https:\/\/www.bellunopress.it\/fr\/wp-json\/wp\/v2\/posts"}],"about":[{"href":"https:\/\/www.bellunopress.it\/fr\/wp-json\/wp\/v2\/types\/post"}],"author":[{"embeddable":true,"href":"https:\/\/www.bellunopress.it\/fr\/wp-json\/wp\/v2\/users\/2"}],"replies":[{"embeddable":true,"href":"https:\/\/www.bellunopress.it\/fr\/wp-json\/wp\/v2\/comments?post=109757"}],"version-history":[{"count":2,"href":"https:\/\/www.bellunopress.it\/fr\/wp-json\/wp\/v2\/posts\/109757\/revisions"}],"predecessor-version":[{"id":109760,"href":"https:\/\/www.bellunopress.it\/fr\/wp-json\/wp\/v2\/posts\/109757\/revisions\/109760"}],"wp:attachment":[{"href":"https:\/\/www.bellunopress.it\/fr\/wp-json\/wp\/v2\/media?parent=109757"}],"wp:term":[{"taxonomy":"category","embeddable":true,"href":"https:\/\/www.bellunopress.it\/fr\/wp-json\/wp\/v2\/categories?post=109757"},{"taxonomy":"post_tag","embeddable":true,"href":"https:\/\/www.bellunopress.it\/fr\/wp-json\/wp\/v2\/tags?post=109757"}],"curies":[{"name":"wp","href":"https:\/\/api.w.org\/{rel}","templated":true}]}}