{"id":109743,"date":"2019-11-18T18:38:09","date_gmt":"2019-11-18T17:38:09","guid":{"rendered":"http:\/\/www.bellunopress.it\/?p=109743"},"modified":"2019-11-18T18:38:10","modified_gmt":"2019-11-18T17:38:10","slug":"il-presidente-della-repubblica-incontra-il-soccorso-alpino-e-speleologico-per-i-65-anni-del-corpo","status":"publish","type":"post","link":"https:\/\/www.bellunopress.it\/fr\/2019\/11\/18\/il-presidente-della-repubblica-incontra-il-soccorso-alpino-e-speleologico-per-i-65-anni-del-corpo\/","title":{"rendered":"Il presidente della Repubblica incontra il Soccorso Alpino e Speleologico per i 65 anni del Corpo"},"content":{"rendered":"<figure id=\"attachment_109744\" aria-describedby=\"caption-attachment-109744\" style=\"width: 300px\" class=\"wp-caption alignleft\"><a href=\"http:\/\/www.bellunopress.it\/fr\/2019\/11\/18\/il-presidente-della-repubblica-incontra-il-soccorso-alpino-e-speleologico-per-i-65-anni-del-corpo\/soccorso-alpino-al-quirinale-fabio-bristot-rodolfo-selenati\/\" rel=\"attachment wp-att-109744\"><img loading=\"lazy\" decoding=\"async\" class=\"size-full wp-image-109744\" src=\"http:\/\/www.bellunopress.it\/wp-content\/uploads\/2019\/11\/Soccorso-alpino-al-Quirinale-Fabio-Bristot-Rodolfo-Selenati.jpg\" alt=\"\" width=\"300\" height=\"173\" \/><\/a><figcaption id=\"caption-attachment-109744\" class=\"wp-caption-text\">Fabio Bristot e Rodolfo Selenati al Quirinale<\/figcaption><\/figure>\n<p>Roma, 18 novembre &#8211; &#8220;Caro Presidente, \u00e8 con profonda emozione che voglio presentarLe il personale del Soccorso Alpino e Speleologico: uomini e donne di tutt&#8217;Italia, oggi a Roma per incontrarLa e farLe sentire il nostro affetto e la nostra profonda riconoscenza&#8221;. Con queste parole il Presidente Nazionale del CNSAS, Maurizio Dellantonio, ha presentato oggi al Presidente della Repubblica Sergio Mattarella pi\u00f9 di cinquanta operatori del Soccorso Alpino e Speleologico, arrivati al Quirinale da tutt&#8217;Italia per omaggiare Mattarella.<\/p>\n<p>&#8220;Saluto con affetto e stima tutti i membri del Soccorso Alpino e Speleologico &#8211; ha detto il Presidente della Repubblica, rivolgendosi ai soccorritori presenti \u2013 Il Soccorso Alpino \u00e8 l&#8217;immagine di un&#8217;Italia positiva, altruista, pronta ad aiutare il prossimo. Incarna appieno i valori del volontariato e della solidariet\u00e0, rappresentando ai livelli pi\u00f9 alti in nostro Paese. Voglio ringraziare personalmente tutti gli uomini e le donne del Soccorso Alpino e Speleologico, le loro famiglie e rivolgo anche un pensiero ai caduti in servizio, mentre si adoperavano per aiutare il prossimo in difficolt\u00e0&#8221;, ha proseguito il Presidente Mattarella.<\/p>\n<p>&#8220;In occasione del 65\u00b0 Anniversario di Fondazione del Corpo che ho la responsabilit\u00e0 di rappresentare, &#8211; aveva detto precedentemente il Presidente del CNSAS Dellantonio rivolgendosi al Presidente della Repubblica &#8211; ritengo sia azione importante ricordare i soccorritori, le loro famiglie, che si sono impegnati e si impegnano ogni giorno, senza soluzione di continuit\u00e0 e con coefficienti di rischio oltremodo marcati, per garantire un pubblico servizio che viene reso in stretta sinergia con il &#8216;Sistema 118&#8217;. Un servizio che \u00e8 strategico quanto fondamentale per il nostro Paese e per le sue comunit\u00e0, nei luoghi e nelle localit\u00e0 pi\u00f9 impervie dell&#8217;Italia, spesso le pi\u00f9 fragili. Un impegno quotidiano oneroso e spesso doloroso \u2013 ha continuato il Presidente del Soccorso Alpino, rivolto a Mattarella e a tutti i presenti \u2013 quello compiuto anche con il sacrificio personale del nostro personale, come testimoniano le Medaglie d&#8217;Oro al Valor Civile conferite al CNSAS il 26 settembre 1968 e il 26 maggio 1969, la Medaglia d&#8217;Oro al Valor Civile del 30 aprile 2010, oltre a quelle conferite ai singoli soccorritori, in vita e alla memoria, e la Medaglia d&#8217;Oro della Protezione Civile conferita il 9 novembre 2010&#8221;<\/p>\n<p><strong>Una storia che parte da lontano<\/strong><\/p>\n<p>L&#8217;incontro fra Presidenza della Repubblica e CNSAS \u00e8 nato anche nel segno dell&#8217;anniversario dei 65 anni dalla formazione, formalmente avvenuta il 12 dicembre 1954 per volont\u00e0 del Consiglio Centrale del Club Alpino Italiano, dando avvio a un&#8217;organizzazione strutturata a livello nazionale che metteva a sistema quelle forme di aiuto e solidariet\u00e0 che da sempre erano presenti nelle comunit\u00e0 di montagna.<\/p>\n<p>Sessantacinque anni dopo, grazie all&#8217;impegno, alla passione e alla dedizione dei componenti del Soccorso Alpino e Speleologico, la pioneristica organizzazione di un tempo \u00e8 via via cresciuto nella propria istituzionalizzazione, divenendo il punto di riferimento a livello nazionale per il soccorso in montagna, in ambiente ipogeo e, in genere, per il soccorso in ambiente ostile e impervio.<\/p>\n<p><strong>Soccorso Alpino: leggi ad hoc e normative ampliate nel tempo<\/strong><\/p>\n<p>La Repubblica Italiana ha riconosciuto le peculiarit\u00e0 del Soccorso Alpino e Speleologico, affidandogli importanti responsabilit\u00e0 e prerogative. Fra le principali leggi che regolano l&#8217;operato del CNSAS ricordiamo, in particolare, nel vigente ordinamento la L. 26 gennaio1963, n. 91, la L. 21 marzo 2001, n. 74, la L. 27 dicembre 2002, n. 289 e la L. 26 febbraio 2010, n.26. Numerose le leggi regionali, che regolano e finanziano il Soccorso Alpino e Speleologico e altrettanto numerose le normative e gli accordi deliberati con i Sistemi Sanitari delle Regioni, in primis per il delicato compito di elisoccorso.<\/p>\n<p><strong>L&#8217;organico: stazioni di soccorso in tutt&#8217;Italia<\/strong><\/p>\n<p>Il CNSAS \u00e8 una realt\u00e0 presente su tutto il territorio nazionale. Conta circa 7mila tecnici, donne e uomini che dedicano il loro tempo per essere formati e certificati tecnicamente e per essere sempre pronti ad intervenire \u2013 h:24, 365 giorni all&#8217;anno \u2013 dove viene chiesto.<\/p>\n<p><strong>Nel 2018 il numero record di interventi: ma la crescita \u00e8 costante sin dalla nascita<\/strong><\/p>\n<p>Pi\u00f9 di 9mila sono stati gli interventi di soccorso effettuati solo nel corso del 2018 (esattamente 9554), con il salvataggio e recupero di quasi 9500 persone: operazioni che hanno visto coinvolti nel complesso 40.270 soccorritori, operanti in scenari ed ambienti dove la preparazione e la competenza del singolo deve saper coniugarsi con la sicurezza basilare al lavoro d&#8217; Con questo impegno severo che si \u00e8 sviluppato di anno in anno, sino ad oggi, il CNSAS ha effettuato<\/p>\n<p>Nella sua storia il Soccorso Alpino ha svolto complessivamente 169.836 missioni di soccorso censite, traendo in salvo o recuperando 186.564 persone, di cui 58.820 illesi che si trovavano in imminente pericolo di vita o in forte difficolt\u00e0 tecnica, 109.891 feriti con vari codici di gravit\u00e0, 15.711 persone decedute e ricercando 2.051 persone disperse (dati al 31.12.2018).<\/p>\n<p><strong>La Protezione Civile<\/strong><\/p>\n<p>Il Corpo Nazionale Soccorso Alpino e Speleologico \u00e8 stato in prima linea in tutte le principali calamit\u00e0 italiane degli ultimi anni. Dal terremoto de L&#8217;Aquila al sisma del Centro Italia del 2016 e 2017, passando per la Valanga di Rigopiano o l&#8217;attuale attivit\u00e0 di questi giorni per il maltempo che flagella parte delle Regioni italiane. In passato il Soccorso Alpino si \u00e8 distinto in tantissimi contesti di emergenza, nazionale e internazionale, fra cui il disastro del Vajont, le alluvioni in Sardegna, il terremoto in Nepal e tante altre situazioni dove la popolazione civile \u00e8 stata pesantemente colpita da disastri naturali e artificiali.<\/p>","protected":false},"excerpt":{"rendered":"<p>Roma, 18 novembre &#8211; &#8220;Caro Presidente, \u00e8 con profonda emozione che voglio presentarLe il personale del Soccorso Alpino e Speleologico: uomini e donne di tutt&#8217;Italia, oggi a Roma per incontrarLa e farLe sentire il nostro affetto e la nostra profonda riconoscenza&#8221;. Con queste parole il Presidente Nazionale del CNSAS, Maurizio Dellantonio, ha presentato oggi al [&hellip;]<\/p>\n","protected":false},"author":2,"featured_media":0,"comment_status":"closed","ping_status":"open","sticky":false,"template":"","format":"standard","meta":{"footnotes":""},"categories":[5,26,8],"tags":[],"class_list":["post-109743","post","type-post","status-publish","format-standard","category-cronaca","category-prima-pagina","category-societa-istituzioni"],"yoast_head":"<!-- This site is optimized with the Yoast SEO plugin v28.4 - https:\/\/yoast.com\/product\/yoast-seo-wordpress\/ -->\n<title>Il presidente della Repubblica incontra il Soccorso Alpino e Speleologico per i 65 anni del Corpo - Bellunopress - Dolomiti<\/title>\n<meta name=\"robots\" content=\"index, follow, max-snippet:-1, max-image-preview:large, max-video-preview:-1\" \/>\n<link rel=\"canonical\" href=\"https:\/\/www.bellunopress.it\/fr\/2019\/11\/18\/il-presidente-della-repubblica-incontra-il-soccorso-alpino-e-speleologico-per-i-65-anni-del-corpo\/\" \/>\n<meta property=\"og:locale\" content=\"fr_FR\" \/>\n<meta property=\"og:type\" content=\"article\" \/>\n<meta property=\"og:title\" content=\"Il presidente della Repubblica incontra il Soccorso Alpino e Speleologico per i 65 anni del Corpo - Bellunopress - Dolomiti\" \/>\n<meta property=\"og:description\" content=\"Roma, 18 novembre &#8211; &#8220;Caro Presidente, \u00e8 con profonda emozione che voglio presentarLe il personale del Soccorso Alpino e Speleologico: uomini e donne di tutt&#8217;Italia, oggi a Roma per incontrarLa e farLe sentire il nostro affetto e la nostra profonda riconoscenza&#8221;. Con queste parole il Presidente Nazionale del CNSAS, Maurizio Dellantonio, ha presentato oggi al [&hellip;]\" \/>\n<meta property=\"og:url\" content=\"https:\/\/www.bellunopress.it\/fr\/2019\/11\/18\/il-presidente-della-repubblica-incontra-il-soccorso-alpino-e-speleologico-per-i-65-anni-del-corpo\/\" \/>\n<meta property=\"og:site_name\" content=\"Bellunopress - Dolomiti\" \/>\n<meta property=\"article:publisher\" content=\"https:\/\/www.facebook.com\/profile.php?id=100008943462799\" \/>\n<meta property=\"article:published_time\" content=\"2019-11-18T17:38:09+00:00\" \/>\n<meta property=\"article:modified_time\" content=\"2019-11-18T17:38:10+00:00\" \/>\n<meta property=\"og:image\" content=\"http:\/\/www.bellunopress.it\/wp-content\/uploads\/2019\/11\/Soccorso-alpino-al-Quirinale-Fabio-Bristot-Rodolfo-Selenati.jpg\" \/>\n<meta name=\"author\" content=\"redazione\" \/>\n<meta name=\"twitter:card\" content=\"summary_large_image\" \/>\n<meta name=\"twitter:creator\" content=\"@bellunopress\" \/>\n<meta name=\"twitter:site\" content=\"@bellunopress\" \/>\n<meta name=\"twitter:label1\" content=\"Written by\" \/>\n\t<meta name=\"twitter:data1\" content=\"redazione\" \/>\n\t<meta name=\"twitter:label2\" content=\"Est. reading time\" \/>\n\t<meta name=\"twitter:data2\" content=\"4 minutes\" \/>\n<script type=\"application\/ld+json\" class=\"yoast-schema-graph\">{\"@context\":\"https:\\\/\\\/schema.org\",\"@graph\":[{\"@type\":\"Article\",\"@id\":\"https:\\\/\\\/www.bellunopress.it\\\/2019\\\/11\\\/18\\\/il-presidente-della-repubblica-incontra-il-soccorso-alpino-e-speleologico-per-i-65-anni-del-corpo\\\/#article\",\"isPartOf\":{\"@id\":\"https:\\\/\\\/www.bellunopress.it\\\/2019\\\/11\\\/18\\\/il-presidente-della-repubblica-incontra-il-soccorso-alpino-e-speleologico-per-i-65-anni-del-corpo\\\/\"},\"author\":{\"name\":\"redazione\",\"@id\":\"https:\\\/\\\/www.bellunopress.it\\\/#\\\/schema\\\/person\\\/79bb06722b37ece1c03d3e94beb30d73\"},\"headline\":\"Il presidente della Repubblica incontra il Soccorso Alpino e Speleologico per i 65 anni del Corpo\",\"datePublished\":\"2019-11-18T17:38:09+00:00\",\"dateModified\":\"2019-11-18T17:38:10+00:00\",\"mainEntityOfPage\":{\"@id\":\"https:\\\/\\\/www.bellunopress.it\\\/2019\\\/11\\\/18\\\/il-presidente-della-repubblica-incontra-il-soccorso-alpino-e-speleologico-per-i-65-anni-del-corpo\\\/\"},\"wordCount\":888,\"publisher\":{\"@id\":\"https:\\\/\\\/www.bellunopress.it\\\/#organization\"},\"image\":{\"@id\":\"https:\\\/\\\/www.bellunopress.it\\\/2019\\\/11\\\/18\\\/il-presidente-della-repubblica-incontra-il-soccorso-alpino-e-speleologico-per-i-65-anni-del-corpo\\\/#primaryimage\"},\"thumbnailUrl\":\"http:\\\/\\\/www.bellunopress.it\\\/wp-content\\\/uploads\\\/2019\\\/11\\\/Soccorso-alpino-al-Quirinale-Fabio-Bristot-Rodolfo-Selenati.jpg\",\"articleSection\":[\"Cronaca\\\/Politica\",\"Prima Pagina\",\"Societ\u00e0, Associazioni, Istituzioni\"],\"inLanguage\":\"fr-FR\"},{\"@type\":\"WebPage\",\"@id\":\"https:\\\/\\\/www.bellunopress.it\\\/2019\\\/11\\\/18\\\/il-presidente-della-repubblica-incontra-il-soccorso-alpino-e-speleologico-per-i-65-anni-del-corpo\\\/\",\"url\":\"https:\\\/\\\/www.bellunopress.it\\\/2019\\\/11\\\/18\\\/il-presidente-della-repubblica-incontra-il-soccorso-alpino-e-speleologico-per-i-65-anni-del-corpo\\\/\",\"name\":\"Il presidente della Repubblica incontra il Soccorso Alpino e Speleologico per i 65 anni del Corpo - Bellunopress - Dolomiti\",\"isPartOf\":{\"@id\":\"https:\\\/\\\/www.bellunopress.it\\\/#website\"},\"primaryImageOfPage\":{\"@id\":\"https:\\\/\\\/www.bellunopress.it\\\/2019\\\/11\\\/18\\\/il-presidente-della-repubblica-incontra-il-soccorso-alpino-e-speleologico-per-i-65-anni-del-corpo\\\/#primaryimage\"},\"image\":{\"@id\":\"https:\\\/\\\/www.bellunopress.it\\\/2019\\\/11\\\/18\\\/il-presidente-della-repubblica-incontra-il-soccorso-alpino-e-speleologico-per-i-65-anni-del-corpo\\\/#primaryimage\"},\"thumbnailUrl\":\"http:\\\/\\\/www.bellunopress.it\\\/wp-content\\\/uploads\\\/2019\\\/11\\\/Soccorso-alpino-al-Quirinale-Fabio-Bristot-Rodolfo-Selenati.jpg\",\"datePublished\":\"2019-11-18T17:38:09+00:00\",\"dateModified\":\"2019-11-18T17:38:10+00:00\",\"breadcrumb\":{\"@id\":\"https:\\\/\\\/www.bellunopress.it\\\/2019\\\/11\\\/18\\\/il-presidente-della-repubblica-incontra-il-soccorso-alpino-e-speleologico-per-i-65-anni-del-corpo\\\/#breadcrumb\"},\"inLanguage\":\"fr-FR\",\"potentialAction\":[{\"@type\":\"ReadAction\",\"target\":[\"https:\\\/\\\/www.bellunopress.it\\\/2019\\\/11\\\/18\\\/il-presidente-della-repubblica-incontra-il-soccorso-alpino-e-speleologico-per-i-65-anni-del-corpo\\\/\"]}]},{\"@type\":\"ImageObject\",\"inLanguage\":\"fr-FR\",\"@id\":\"https:\\\/\\\/www.bellunopress.it\\\/2019\\\/11\\\/18\\\/il-presidente-della-repubblica-incontra-il-soccorso-alpino-e-speleologico-per-i-65-anni-del-corpo\\\/#primaryimage\",\"url\":\"http:\\\/\\\/www.bellunopress.it\\\/wp-content\\\/uploads\\\/2019\\\/11\\\/Soccorso-alpino-al-Quirinale-Fabio-Bristot-Rodolfo-Selenati.jpg\",\"contentUrl\":\"http:\\\/\\\/www.bellunopress.it\\\/wp-content\\\/uploads\\\/2019\\\/11\\\/Soccorso-alpino-al-Quirinale-Fabio-Bristot-Rodolfo-Selenati.jpg\"},{\"@type\":\"BreadcrumbList\",\"@id\":\"https:\\\/\\\/www.bellunopress.it\\\/2019\\\/11\\\/18\\\/il-presidente-della-repubblica-incontra-il-soccorso-alpino-e-speleologico-per-i-65-anni-del-corpo\\\/#breadcrumb\",\"itemListElement\":[{\"@type\":\"ListItem\",\"position\":1,\"name\":\"Home\",\"item\":\"https:\\\/\\\/www.bellunopress.it\\\/\"},{\"@type\":\"ListItem\",\"position\":2,\"name\":\"Il presidente della Repubblica incontra il Soccorso Alpino e Speleologico per i 65 anni del Corpo\"}]},{\"@type\":\"WebSite\",\"@id\":\"https:\\\/\\\/www.bellunopress.it\\\/#website\",\"url\":\"https:\\\/\\\/www.bellunopress.it\\\/\",\"name\":\"Bellunopress - Dolomiti\",\"description\":\"e-mail: redazione@bellunopress.it\",\"publisher\":{\"@id\":\"https:\\\/\\\/www.bellunopress.it\\\/#organization\"},\"potentialAction\":[{\"@type\":\"SearchAction\",\"target\":{\"@type\":\"EntryPoint\",\"urlTemplate\":\"https:\\\/\\\/www.bellunopress.it\\\/?s={search_term_string}\"},\"query-input\":{\"@type\":\"PropertyValueSpecification\",\"valueRequired\":true,\"valueName\":\"search_term_string\"}}],\"inLanguage\":\"fr-FR\"},{\"@type\":\"Organization\",\"@id\":\"https:\\\/\\\/www.bellunopress.it\\\/#organization\",\"name\":\"Bellunopress\",\"url\":\"https:\\\/\\\/www.bellunopress.it\\\/\",\"logo\":{\"@type\":\"ImageObject\",\"inLanguage\":\"fr-FR\",\"@id\":\"https:\\\/\\\/www.bellunopress.it\\\/#\\\/schema\\\/logo\\\/image\\\/\",\"url\":\"https:\\\/\\\/www.bellunopress.it\\\/wp-content\\\/uploads\\\/2011\\\/05\\\/cropped-logo-bellunopress-.jpg\",\"contentUrl\":\"https:\\\/\\\/www.bellunopress.it\\\/wp-content\\\/uploads\\\/2011\\\/05\\\/cropped-logo-bellunopress-.jpg\",\"width\":512,\"height\":512,\"caption\":\"Bellunopress\"},\"image\":{\"@id\":\"https:\\\/\\\/www.bellunopress.it\\\/#\\\/schema\\\/logo\\\/image\\\/\"},\"sameAs\":[\"https:\\\/\\\/www.facebook.com\\\/profile.php?id=100008943462799\",\"https:\\\/\\\/x.com\\\/bellunopress\",\"https:\\\/\\\/www.linkedin.com\\\/hp\\\/?dnr=JBzUWaJfMUw8vbXJJ2tVW5-I3jZKvC4wsoxE&amp;amp;amp;amp;amp;amp;trk=nav_responsive_tab_home\",\"https:\\\/\\\/www.youtube.com\\\/channel\\\/UCxL0wu1uN0_3_7hGG0306cw\"]},{\"@type\":\"Person\",\"@id\":\"https:\\\/\\\/www.bellunopress.it\\\/#\\\/schema\\\/person\\\/79bb06722b37ece1c03d3e94beb30d73\",\"name\":\"redazione\",\"image\":{\"@type\":\"ImageObject\",\"inLanguage\":\"fr-FR\",\"@id\":\"https:\\\/\\\/secure.gravatar.com\\\/avatar\\\/37d968a2e67a6fd04c169c4bdef102d0bc5d31b2546345219e348575eb80e9a0?s=96&d=mm&r=g\",\"url\":\"https:\\\/\\\/secure.gravatar.com\\\/avatar\\\/37d968a2e67a6fd04c169c4bdef102d0bc5d31b2546345219e348575eb80e9a0?s=96&d=mm&r=g\",\"contentUrl\":\"https:\\\/\\\/secure.gravatar.com\\\/avatar\\\/37d968a2e67a6fd04c169c4bdef102d0bc5d31b2546345219e348575eb80e9a0?s=96&d=mm&r=g\",\"caption\":\"redazione\"},\"sameAs\":[\"http:\\\/\\\/www.bellunopress.it\",\"https:\\\/\\\/x.com\\\/bellunopress\"],\"url\":\"https:\\\/\\\/www.bellunopress.it\\\/fr\\\/author\\\/redazione\\\/\"}]}<\/script>\n<!-- \/ Yoast SEO plugin. -->","yoast_head_json":{"title":"Il presidente della Repubblica incontra il Soccorso Alpino e Speleologico per i 65 anni del Corpo - Bellunopress - Dolomiti","robots":{"index":"index","follow":"follow","max-snippet":"max-snippet:-1","max-image-preview":"max-image-preview:large","max-video-preview":"max-video-preview:-1"},"canonical":"https:\/\/www.bellunopress.it\/fr\/2019\/11\/18\/il-presidente-della-repubblica-incontra-il-soccorso-alpino-e-speleologico-per-i-65-anni-del-corpo\/","og_locale":"fr_FR","og_type":"article","og_title":"Il presidente della Repubblica incontra il Soccorso Alpino e Speleologico per i 65 anni del Corpo - Bellunopress - Dolomiti","og_description":"Roma, 18 novembre &#8211; &#8220;Caro Presidente, \u00e8 con profonda emozione che voglio presentarLe il personale del Soccorso Alpino e Speleologico: uomini e donne di tutt&#8217;Italia, oggi a Roma per incontrarLa e farLe sentire il nostro affetto e la nostra profonda riconoscenza&#8221;. Con queste parole il Presidente Nazionale del CNSAS, Maurizio Dellantonio, ha presentato oggi al [&hellip;]","og_url":"https:\/\/www.bellunopress.it\/fr\/2019\/11\/18\/il-presidente-della-repubblica-incontra-il-soccorso-alpino-e-speleologico-per-i-65-anni-del-corpo\/","og_site_name":"Bellunopress - Dolomiti","article_publisher":"https:\/\/www.facebook.com\/profile.php?id=100008943462799","article_published_time":"2019-11-18T17:38:09+00:00","article_modified_time":"2019-11-18T17:38:10+00:00","og_image":[{"url":"http:\/\/www.bellunopress.it\/wp-content\/uploads\/2019\/11\/Soccorso-alpino-al-Quirinale-Fabio-Bristot-Rodolfo-Selenati.jpg","type":"","width":"","height":""}],"author":"redazione","twitter_card":"summary_large_image","twitter_creator":"@bellunopress","twitter_site":"@bellunopress","twitter_misc":{"Written by":"redazione","Est. reading time":"4 minutes"},"schema":{"@context":"https:\/\/schema.org","@graph":[{"@type":"Article","@id":"https:\/\/www.bellunopress.it\/2019\/11\/18\/il-presidente-della-repubblica-incontra-il-soccorso-alpino-e-speleologico-per-i-65-anni-del-corpo\/#article","isPartOf":{"@id":"https:\/\/www.bellunopress.it\/2019\/11\/18\/il-presidente-della-repubblica-incontra-il-soccorso-alpino-e-speleologico-per-i-65-anni-del-corpo\/"},"author":{"name":"redazione","@id":"https:\/\/www.bellunopress.it\/#\/schema\/person\/79bb06722b37ece1c03d3e94beb30d73"},"headline":"Il presidente della Repubblica incontra il Soccorso Alpino e Speleologico per i 65 anni del Corpo","datePublished":"2019-11-18T17:38:09+00:00","dateModified":"2019-11-18T17:38:10+00:00","mainEntityOfPage":{"@id":"https:\/\/www.bellunopress.it\/2019\/11\/18\/il-presidente-della-repubblica-incontra-il-soccorso-alpino-e-speleologico-per-i-65-anni-del-corpo\/"},"wordCount":888,"publisher":{"@id":"https:\/\/www.bellunopress.it\/#organization"},"image":{"@id":"https:\/\/www.bellunopress.it\/2019\/11\/18\/il-presidente-della-repubblica-incontra-il-soccorso-alpino-e-speleologico-per-i-65-anni-del-corpo\/#primaryimage"},"thumbnailUrl":"http:\/\/www.bellunopress.it\/wp-content\/uploads\/2019\/11\/Soccorso-alpino-al-Quirinale-Fabio-Bristot-Rodolfo-Selenati.jpg","articleSection":["Cronaca\/Politica","Prima Pagina","Societ\u00e0, Associazioni, Istituzioni"],"inLanguage":"fr-FR"},{"@type":"WebPage","@id":"https:\/\/www.bellunopress.it\/2019\/11\/18\/il-presidente-della-repubblica-incontra-il-soccorso-alpino-e-speleologico-per-i-65-anni-del-corpo\/","url":"https:\/\/www.bellunopress.it\/2019\/11\/18\/il-presidente-della-repubblica-incontra-il-soccorso-alpino-e-speleologico-per-i-65-anni-del-corpo\/","name":"Il presidente della Repubblica incontra il Soccorso Alpino e Speleologico per i 65 anni del Corpo - Bellunopress - Dolomiti","isPartOf":{"@id":"https:\/\/www.bellunopress.it\/#website"},"primaryImageOfPage":{"@id":"https:\/\/www.bellunopress.it\/2019\/11\/18\/il-presidente-della-repubblica-incontra-il-soccorso-alpino-e-speleologico-per-i-65-anni-del-corpo\/#primaryimage"},"image":{"@id":"https:\/\/www.bellunopress.it\/2019\/11\/18\/il-presidente-della-repubblica-incontra-il-soccorso-alpino-e-speleologico-per-i-65-anni-del-corpo\/#primaryimage"},"thumbnailUrl":"http:\/\/www.bellunopress.it\/wp-content\/uploads\/2019\/11\/Soccorso-alpino-al-Quirinale-Fabio-Bristot-Rodolfo-Selenati.jpg","datePublished":"2019-11-18T17:38:09+00:00","dateModified":"2019-11-18T17:38:10+00:00","breadcrumb":{"@id":"https:\/\/www.bellunopress.it\/2019\/11\/18\/il-presidente-della-repubblica-incontra-il-soccorso-alpino-e-speleologico-per-i-65-anni-del-corpo\/#breadcrumb"},"inLanguage":"fr-FR","potentialAction":[{"@type":"ReadAction","target":["https:\/\/www.bellunopress.it\/2019\/11\/18\/il-presidente-della-repubblica-incontra-il-soccorso-alpino-e-speleologico-per-i-65-anni-del-corpo\/"]}]},{"@type":"ImageObject","inLanguage":"fr-FR","@id":"https:\/\/www.bellunopress.it\/2019\/11\/18\/il-presidente-della-repubblica-incontra-il-soccorso-alpino-e-speleologico-per-i-65-anni-del-corpo\/#primaryimage","url":"http:\/\/www.bellunopress.it\/wp-content\/uploads\/2019\/11\/Soccorso-alpino-al-Quirinale-Fabio-Bristot-Rodolfo-Selenati.jpg","contentUrl":"http:\/\/www.bellunopress.it\/wp-content\/uploads\/2019\/11\/Soccorso-alpino-al-Quirinale-Fabio-Bristot-Rodolfo-Selenati.jpg"},{"@type":"BreadcrumbList","@id":"https:\/\/www.bellunopress.it\/2019\/11\/18\/il-presidente-della-repubblica-incontra-il-soccorso-alpino-e-speleologico-per-i-65-anni-del-corpo\/#breadcrumb","itemListElement":[{"@type":"ListItem","position":1,"name":"Home","item":"https:\/\/www.bellunopress.it\/"},{"@type":"ListItem","position":2,"name":"Il presidente della Repubblica incontra il Soccorso Alpino e Speleologico per i 65 anni del Corpo"}]},{"@type":"WebSite","@id":"https:\/\/www.bellunopress.it\/#website","url":"https:\/\/www.bellunopress.it\/","name":"Bellunopress - Dolomiti","description":"e-mail: redazione@bellunopress.it","publisher":{"@id":"https:\/\/www.bellunopress.it\/#organization"},"potentialAction":[{"@type":"SearchAction","target":{"@type":"EntryPoint","urlTemplate":"https:\/\/www.bellunopress.it\/?s={search_term_string}"},"query-input":{"@type":"PropertyValueSpecification","valueRequired":true,"valueName":"search_term_string"}}],"inLanguage":"fr-FR"},{"@type":"Organization","@id":"https:\/\/www.bellunopress.it\/#organization","name":"Bellunopress","url":"https:\/\/www.bellunopress.it\/","logo":{"@type":"ImageObject","inLanguage":"fr-FR","@id":"https:\/\/www.bellunopress.it\/#\/schema\/logo\/image\/","url":"https:\/\/www.bellunopress.it\/wp-content\/uploads\/2011\/05\/cropped-logo-bellunopress-.jpg","contentUrl":"https:\/\/www.bellunopress.it\/wp-content\/uploads\/2011\/05\/cropped-logo-bellunopress-.jpg","width":512,"height":512,"caption":"Bellunopress"},"image":{"@id":"https:\/\/www.bellunopress.it\/#\/schema\/logo\/image\/"},"sameAs":["https:\/\/www.facebook.com\/profile.php?id=100008943462799","https:\/\/x.com\/bellunopress","https:\/\/www.linkedin.com\/hp\/?dnr=JBzUWaJfMUw8vbXJJ2tVW5-I3jZKvC4wsoxE&amp;amp;amp;amp;amp;amp;trk=nav_responsive_tab_home","https:\/\/www.youtube.com\/channel\/UCxL0wu1uN0_3_7hGG0306cw"]},{"@type":"Person","@id":"https:\/\/www.bellunopress.it\/#\/schema\/person\/79bb06722b37ece1c03d3e94beb30d73","name":"r\u00e9daction","image":{"@type":"ImageObject","inLanguage":"fr-FR","@id":"https:\/\/secure.gravatar.com\/avatar\/37d968a2e67a6fd04c169c4bdef102d0bc5d31b2546345219e348575eb80e9a0?s=96&d=mm&r=g","url":"https:\/\/secure.gravatar.com\/avatar\/37d968a2e67a6fd04c169c4bdef102d0bc5d31b2546345219e348575eb80e9a0?s=96&d=mm&r=g","contentUrl":"https:\/\/secure.gravatar.com\/avatar\/37d968a2e67a6fd04c169c4bdef102d0bc5d31b2546345219e348575eb80e9a0?s=96&d=mm&r=g","caption":"redazione"},"sameAs":["http:\/\/www.bellunopress.it","https:\/\/x.com\/bellunopress"],"url":"https:\/\/www.bellunopress.it\/fr\/author\/redazione\/"}]}},"_links":{"self":[{"href":"https:\/\/www.bellunopress.it\/fr\/wp-json\/wp\/v2\/posts\/109743","targetHints":{"allow":["GET"]}}],"collection":[{"href":"https:\/\/www.bellunopress.it\/fr\/wp-json\/wp\/v2\/posts"}],"about":[{"href":"https:\/\/www.bellunopress.it\/fr\/wp-json\/wp\/v2\/types\/post"}],"author":[{"embeddable":true,"href":"https:\/\/www.bellunopress.it\/fr\/wp-json\/wp\/v2\/users\/2"}],"replies":[{"embeddable":true,"href":"https:\/\/www.bellunopress.it\/fr\/wp-json\/wp\/v2\/comments?post=109743"}],"version-history":[{"count":2,"href":"https:\/\/www.bellunopress.it\/fr\/wp-json\/wp\/v2\/posts\/109743\/revisions"}],"predecessor-version":[{"id":109746,"href":"https:\/\/www.bellunopress.it\/fr\/wp-json\/wp\/v2\/posts\/109743\/revisions\/109746"}],"wp:attachment":[{"href":"https:\/\/www.bellunopress.it\/fr\/wp-json\/wp\/v2\/media?parent=109743"}],"wp:term":[{"taxonomy":"category","embeddable":true,"href":"https:\/\/www.bellunopress.it\/fr\/wp-json\/wp\/v2\/categories?post=109743"},{"taxonomy":"post_tag","embeddable":true,"href":"https:\/\/www.bellunopress.it\/fr\/wp-json\/wp\/v2\/tags?post=109743"}],"curies":[{"name":"wp","href":"https:\/\/api.w.org\/{rel}","templated":true}]}}