{"id":109741,"date":"2019-11-18T18:10:44","date_gmt":"2019-11-18T17:10:44","guid":{"rendered":"http:\/\/www.bellunopress.it\/?p=109741"},"modified":"2019-11-18T18:10:44","modified_gmt":"2019-11-18T17:10:44","slug":"maltempo-i-tecnici-della-provincia-in-sopralluogo-avviata-la-procedura-di-somma-urgenza","status":"publish","type":"post","link":"https:\/\/www.bellunopress.it\/fr\/2019\/11\/18\/maltempo-i-tecnici-della-provincia-in-sopralluogo-avviata-la-procedura-di-somma-urgenza\/","title":{"rendered":"Maltempo. I tecnici della provincia in sopralluogo. Avviata la procedura di somma urgenza"},"content":{"rendered":"<figure id=\"attachment_101096\" aria-describedby=\"caption-attachment-101096\" style=\"width: 247px\" class=\"wp-caption alignleft\"><a href=\"http:\/\/www.bellunopress.it\/fr\/2019\/01\/11\/viabilita-in-valle-del-mis-massimo-bortoluzzi-il-ripristino-completo-a-partire-dalla-prossima-primavera\/massimo-bortoluzzi-consigliere-provinciale\/\" rel=\"attachment wp-att-101096\"><img loading=\"lazy\" decoding=\"async\" class=\"size-full wp-image-101096\" src=\"http:\/\/www.bellunopress.it\/wp-content\/uploads\/2019\/01\/Massimo-Bortoluzzi-consigliere-provinciale.jpg\" alt=\"\" width=\"247\" height=\"300\" \/><\/a><figcaption id=\"caption-attachment-101096\" class=\"wp-caption-text\">Massimo Bortoluzzi, consigliere provinciale<\/figcaption><\/figure>\n<p>Belluno, 18 novembre 2019 &#8211; L\u2019ondata di maltempo \u00e8 passata, ma il territorio bellunese \u00e8 in attesa di un ritorno della pioggia, gi\u00e0 domani. Quindi, la prima stima dei danni \u00e8 rinviata ai prossimi giorni.<\/p>\n<p>\u00abI nostri tecnici sono in sopralluogo in queste ore &#8211; fa sapere il consigliere provinciale delegato alla Difesa del Suolo, Massimo Bortoluzzi -. La quantificazione dei danni \u00e8 ancora prematura, soprattutto perch\u00e9 attendiamo un nuovo peggioramento delle condizioni meteo gi\u00e0 da stanotte. E molte situazioni di frane e smottamenti potrebbero avere un\u2019evoluzione. In ogni caso, nonostante la carenza ormai cronica di personale in dotazione alla Provincia, cercheremo di velocizzare al massimo la conta dei danni, per poter portare gi\u00e0 nel prossimo consiglio le variazioni di bilancio necessarie ai primi interventi di ripristino. Intanto sono state avviate le prime somme urgenze\u00bb.<\/p>\n<p>Al momento, i tecnici della Difesa del Suolo sono in sopralluogo in Agordino, in Cadore e in Comelico. A Zopp\u00e8, in localit\u00e0 La Vara, \u00e8 gi\u00e0 stata attivata la somma urgenza per la pulizia attorno al fabbricato interessato da una frana e per scaricare gli scoli d\u2019acqua. \u00abUna volta passato il maltempo, potremo cominciare l\u2019esecuzione degli interventi definitivi &#8211; spiega Massimo Bortoluzzi -. A Carfon e Pisoliva, in Comune di Canale d\u2019Agordo, c\u2019\u00e8 stato il sopralluogo del tecnico incaricato della progettazione e realizzazione degli interventi di somma urgenza, dopo la ricognizione fatta dai funzionari della Protezione Civile e della Difesa del Suolo\u00bb.<\/p>\n<p>Analisi della situazione in corso anche a Caprile, dove stamattina la Provincia ha mandato un geologo e un ingegnere per la prima valutazione di eventuali problemi ai fabbricati. \u00abNel pomeriggio concluderemo i sopralluoghi a Calalzo, lungo la strada per la Val d\u2019Oten, e a Santo Stefano di Cadore &#8211; prosegue il consigliere Bortoluzzi -. Per quanto riguarda il problema a Campolongo, stiamo valutando la programmazione dell\u2019intervento, che \u00e8 stato inserito nella lista delle opere del 2020, per un importo stimato di circa 1 milione e mezzo di euro, a valere sui contributi post-Vaia. In queste ore mi sto interfacciando con l\u2019amministrazione comunale per gestire al meglio la questione\u00bb.<\/p>\n<p>\u00abIl maltempo ha dimostrato ancora una volta la fragilit\u00e0 della nostra provincia &#8211; conclude Bortoluzzi -. Al Bellunese servirebbero strumenti finanziari e di personale ben diversi per poter portare avanti le operazioni necessarie alla cura del territorio\u00bb.<\/p>","protected":false},"excerpt":{"rendered":"<p>Belluno, 18 novembre 2019 &#8211; L\u2019ondata di maltempo \u00e8 passata, ma il territorio bellunese \u00e8 in attesa di un ritorno della pioggia, gi\u00e0 domani. Quindi, la prima stima dei danni \u00e8 rinviata ai prossimi giorni. \u00abI nostri tecnici sono in sopralluogo in queste ore &#8211; fa sapere il consigliere provinciale delegato alla Difesa del Suolo, [&hellip;]<\/p>\n","protected":false},"author":2,"featured_media":0,"comment_status":"closed","ping_status":"open","sticky":false,"template":"","format":"standard","meta":{"footnotes":""},"categories":[5,26,8],"tags":[],"class_list":["post-109741","post","type-post","status-publish","format-standard","category-cronaca","category-prima-pagina","category-societa-istituzioni"],"yoast_head":"<!-- This site is optimized with the Yoast SEO plugin v28.4 - https:\/\/yoast.com\/product\/yoast-seo-wordpress\/ -->\n<title>Maltempo. I tecnici della provincia in sopralluogo. Avviata la procedura di somma urgenza - Bellunopress - Dolomiti<\/title>\n<meta name=\"robots\" content=\"index, follow, max-snippet:-1, max-image-preview:large, max-video-preview:-1\" \/>\n<link rel=\"canonical\" href=\"https:\/\/www.bellunopress.it\/fr\/2019\/11\/18\/maltempo-i-tecnici-della-provincia-in-sopralluogo-avviata-la-procedura-di-somma-urgenza\/\" \/>\n<meta property=\"og:locale\" content=\"fr_FR\" \/>\n<meta property=\"og:type\" content=\"article\" \/>\n<meta property=\"og:title\" content=\"Maltempo. I tecnici della provincia in sopralluogo. Avviata la procedura di somma urgenza - Bellunopress - Dolomiti\" \/>\n<meta property=\"og:description\" content=\"Belluno, 18 novembre 2019 &#8211; L\u2019ondata di maltempo \u00e8 passata, ma il territorio bellunese \u00e8 in attesa di un ritorno della pioggia, gi\u00e0 domani. Quindi, la prima stima dei danni \u00e8 rinviata ai prossimi giorni. \u00abI nostri tecnici sono in sopralluogo in queste ore &#8211; fa sapere il consigliere provinciale delegato alla Difesa del Suolo, [&hellip;]\" \/>\n<meta property=\"og:url\" content=\"https:\/\/www.bellunopress.it\/fr\/2019\/11\/18\/maltempo-i-tecnici-della-provincia-in-sopralluogo-avviata-la-procedura-di-somma-urgenza\/\" \/>\n<meta property=\"og:site_name\" content=\"Bellunopress - Dolomiti\" \/>\n<meta property=\"article:publisher\" content=\"https:\/\/www.facebook.com\/profile.php?id=100008943462799\" \/>\n<meta property=\"article:published_time\" content=\"2019-11-18T17:10:44+00:00\" \/>\n<meta property=\"og:image\" content=\"http:\/\/www.bellunopress.it\/wp-content\/uploads\/2019\/01\/Massimo-Bortoluzzi-consigliere-provinciale.jpg\" \/>\n<meta name=\"author\" content=\"redazione\" \/>\n<meta name=\"twitter:card\" content=\"summary_large_image\" \/>\n<meta name=\"twitter:creator\" content=\"@bellunopress\" \/>\n<meta name=\"twitter:site\" content=\"@bellunopress\" \/>\n<meta name=\"twitter:label1\" content=\"\u00c9crit par\" \/>\n\t<meta name=\"twitter:data1\" content=\"redazione\" \/>\n\t<meta name=\"twitter:label2\" content=\"Dur\u00e9e de lecture estim\u00e9e\" \/>\n\t<meta name=\"twitter:data2\" content=\"2 minutes\" \/>\n<script type=\"application\/ld+json\" class=\"yoast-schema-graph\">{\"@context\":\"https:\\\/\\\/schema.org\",\"@graph\":[{\"@type\":\"Article\",\"@id\":\"https:\\\/\\\/www.bellunopress.it\\\/2019\\\/11\\\/18\\\/maltempo-i-tecnici-della-provincia-in-sopralluogo-avviata-la-procedura-di-somma-urgenza\\\/#article\",\"isPartOf\":{\"@id\":\"https:\\\/\\\/www.bellunopress.it\\\/2019\\\/11\\\/18\\\/maltempo-i-tecnici-della-provincia-in-sopralluogo-avviata-la-procedura-di-somma-urgenza\\\/\"},\"author\":{\"name\":\"redazione\",\"@id\":\"https:\\\/\\\/www.bellunopress.it\\\/#\\\/schema\\\/person\\\/79bb06722b37ece1c03d3e94beb30d73\"},\"headline\":\"Maltempo. I tecnici della provincia in sopralluogo. Avviata la procedura di somma urgenza\",\"datePublished\":\"2019-11-18T17:10:44+00:00\",\"mainEntityOfPage\":{\"@id\":\"https:\\\/\\\/www.bellunopress.it\\\/2019\\\/11\\\/18\\\/maltempo-i-tecnici-della-provincia-in-sopralluogo-avviata-la-procedura-di-somma-urgenza\\\/\"},\"wordCount\":404,\"publisher\":{\"@id\":\"https:\\\/\\\/www.bellunopress.it\\\/#organization\"},\"image\":{\"@id\":\"https:\\\/\\\/www.bellunopress.it\\\/2019\\\/11\\\/18\\\/maltempo-i-tecnici-della-provincia-in-sopralluogo-avviata-la-procedura-di-somma-urgenza\\\/#primaryimage\"},\"thumbnailUrl\":\"http:\\\/\\\/www.bellunopress.it\\\/wp-content\\\/uploads\\\/2019\\\/01\\\/Massimo-Bortoluzzi-consigliere-provinciale.jpg\",\"articleSection\":[\"Cronaca\\\/Politica\",\"Prima Pagina\",\"Societ\u00e0, Associazioni, Istituzioni\"],\"inLanguage\":\"fr-FR\"},{\"@type\":\"WebPage\",\"@id\":\"https:\\\/\\\/www.bellunopress.it\\\/2019\\\/11\\\/18\\\/maltempo-i-tecnici-della-provincia-in-sopralluogo-avviata-la-procedura-di-somma-urgenza\\\/\",\"url\":\"https:\\\/\\\/www.bellunopress.it\\\/2019\\\/11\\\/18\\\/maltempo-i-tecnici-della-provincia-in-sopralluogo-avviata-la-procedura-di-somma-urgenza\\\/\",\"name\":\"Maltempo. I tecnici della provincia in sopralluogo. Avviata la procedura di somma urgenza - Bellunopress - Dolomiti\",\"isPartOf\":{\"@id\":\"https:\\\/\\\/www.bellunopress.it\\\/#website\"},\"primaryImageOfPage\":{\"@id\":\"https:\\\/\\\/www.bellunopress.it\\\/2019\\\/11\\\/18\\\/maltempo-i-tecnici-della-provincia-in-sopralluogo-avviata-la-procedura-di-somma-urgenza\\\/#primaryimage\"},\"image\":{\"@id\":\"https:\\\/\\\/www.bellunopress.it\\\/2019\\\/11\\\/18\\\/maltempo-i-tecnici-della-provincia-in-sopralluogo-avviata-la-procedura-di-somma-urgenza\\\/#primaryimage\"},\"thumbnailUrl\":\"http:\\\/\\\/www.bellunopress.it\\\/wp-content\\\/uploads\\\/2019\\\/01\\\/Massimo-Bortoluzzi-consigliere-provinciale.jpg\",\"datePublished\":\"2019-11-18T17:10:44+00:00\",\"breadcrumb\":{\"@id\":\"https:\\\/\\\/www.bellunopress.it\\\/2019\\\/11\\\/18\\\/maltempo-i-tecnici-della-provincia-in-sopralluogo-avviata-la-procedura-di-somma-urgenza\\\/#breadcrumb\"},\"inLanguage\":\"fr-FR\",\"potentialAction\":[{\"@type\":\"ReadAction\",\"target\":[\"https:\\\/\\\/www.bellunopress.it\\\/2019\\\/11\\\/18\\\/maltempo-i-tecnici-della-provincia-in-sopralluogo-avviata-la-procedura-di-somma-urgenza\\\/\"]}]},{\"@type\":\"ImageObject\",\"inLanguage\":\"fr-FR\",\"@id\":\"https:\\\/\\\/www.bellunopress.it\\\/2019\\\/11\\\/18\\\/maltempo-i-tecnici-della-provincia-in-sopralluogo-avviata-la-procedura-di-somma-urgenza\\\/#primaryimage\",\"url\":\"http:\\\/\\\/www.bellunopress.it\\\/wp-content\\\/uploads\\\/2019\\\/01\\\/Massimo-Bortoluzzi-consigliere-provinciale.jpg\",\"contentUrl\":\"http:\\\/\\\/www.bellunopress.it\\\/wp-content\\\/uploads\\\/2019\\\/01\\\/Massimo-Bortoluzzi-consigliere-provinciale.jpg\"},{\"@type\":\"BreadcrumbList\",\"@id\":\"https:\\\/\\\/www.bellunopress.it\\\/2019\\\/11\\\/18\\\/maltempo-i-tecnici-della-provincia-in-sopralluogo-avviata-la-procedura-di-somma-urgenza\\\/#breadcrumb\",\"itemListElement\":[{\"@type\":\"ListItem\",\"position\":1,\"name\":\"Home\",\"item\":\"https:\\\/\\\/www.bellunopress.it\\\/\"},{\"@type\":\"ListItem\",\"position\":2,\"name\":\"Maltempo. I tecnici della provincia in sopralluogo. Avviata la procedura di somma urgenza\"}]},{\"@type\":\"WebSite\",\"@id\":\"https:\\\/\\\/www.bellunopress.it\\\/#website\",\"url\":\"https:\\\/\\\/www.bellunopress.it\\\/\",\"name\":\"Bellunopress - Dolomiti\",\"description\":\"e-mail: redazione@bellunopress.it\",\"publisher\":{\"@id\":\"https:\\\/\\\/www.bellunopress.it\\\/#organization\"},\"potentialAction\":[{\"@type\":\"SearchAction\",\"target\":{\"@type\":\"EntryPoint\",\"urlTemplate\":\"https:\\\/\\\/www.bellunopress.it\\\/?s={search_term_string}\"},\"query-input\":{\"@type\":\"PropertyValueSpecification\",\"valueRequired\":true,\"valueName\":\"search_term_string\"}}],\"inLanguage\":\"fr-FR\"},{\"@type\":\"Organization\",\"@id\":\"https:\\\/\\\/www.bellunopress.it\\\/#organization\",\"name\":\"Bellunopress\",\"url\":\"https:\\\/\\\/www.bellunopress.it\\\/\",\"logo\":{\"@type\":\"ImageObject\",\"inLanguage\":\"fr-FR\",\"@id\":\"https:\\\/\\\/www.bellunopress.it\\\/#\\\/schema\\\/logo\\\/image\\\/\",\"url\":\"https:\\\/\\\/www.bellunopress.it\\\/wp-content\\\/uploads\\\/2011\\\/05\\\/cropped-logo-bellunopress-.jpg\",\"contentUrl\":\"https:\\\/\\\/www.bellunopress.it\\\/wp-content\\\/uploads\\\/2011\\\/05\\\/cropped-logo-bellunopress-.jpg\",\"width\":512,\"height\":512,\"caption\":\"Bellunopress\"},\"image\":{\"@id\":\"https:\\\/\\\/www.bellunopress.it\\\/#\\\/schema\\\/logo\\\/image\\\/\"},\"sameAs\":[\"https:\\\/\\\/www.facebook.com\\\/profile.php?id=100008943462799\",\"https:\\\/\\\/x.com\\\/bellunopress\",\"https:\\\/\\\/www.linkedin.com\\\/hp\\\/?dnr=JBzUWaJfMUw8vbXJJ2tVW5-I3jZKvC4wsoxE&amp;amp;amp;amp;amp;amp;trk=nav_responsive_tab_home\",\"https:\\\/\\\/www.youtube.com\\\/channel\\\/UCxL0wu1uN0_3_7hGG0306cw\"]},{\"@type\":\"Person\",\"@id\":\"https:\\\/\\\/www.bellunopress.it\\\/#\\\/schema\\\/person\\\/79bb06722b37ece1c03d3e94beb30d73\",\"name\":\"redazione\",\"image\":{\"@type\":\"ImageObject\",\"inLanguage\":\"fr-FR\",\"@id\":\"https:\\\/\\\/secure.gravatar.com\\\/avatar\\\/37d968a2e67a6fd04c169c4bdef102d0bc5d31b2546345219e348575eb80e9a0?s=96&d=mm&r=g\",\"url\":\"https:\\\/\\\/secure.gravatar.com\\\/avatar\\\/37d968a2e67a6fd04c169c4bdef102d0bc5d31b2546345219e348575eb80e9a0?s=96&d=mm&r=g\",\"contentUrl\":\"https:\\\/\\\/secure.gravatar.com\\\/avatar\\\/37d968a2e67a6fd04c169c4bdef102d0bc5d31b2546345219e348575eb80e9a0?s=96&d=mm&r=g\",\"caption\":\"redazione\"},\"sameAs\":[\"http:\\\/\\\/www.bellunopress.it\",\"https:\\\/\\\/x.com\\\/bellunopress\"],\"url\":\"https:\\\/\\\/www.bellunopress.it\\\/fr\\\/author\\\/redazione\\\/\"}]}<\/script>\n<!-- \/ Yoast SEO plugin. -->","yoast_head_json":{"title":"Maltempo. I tecnici della provincia in sopralluogo. Avviata la procedura di somma urgenza - Bellunopress - Dolomiti","robots":{"index":"index","follow":"follow","max-snippet":"max-snippet:-1","max-image-preview":"max-image-preview:large","max-video-preview":"max-video-preview:-1"},"canonical":"https:\/\/www.bellunopress.it\/fr\/2019\/11\/18\/maltempo-i-tecnici-della-provincia-in-sopralluogo-avviata-la-procedura-di-somma-urgenza\/","og_locale":"fr_FR","og_type":"article","og_title":"Maltempo. I tecnici della provincia in sopralluogo. Avviata la procedura di somma urgenza - Bellunopress - Dolomiti","og_description":"Belluno, 18 novembre 2019 &#8211; L\u2019ondata di maltempo \u00e8 passata, ma il territorio bellunese \u00e8 in attesa di un ritorno della pioggia, gi\u00e0 domani. Quindi, la prima stima dei danni \u00e8 rinviata ai prossimi giorni. \u00abI nostri tecnici sono in sopralluogo in queste ore &#8211; fa sapere il consigliere provinciale delegato alla Difesa del Suolo, [&hellip;]","og_url":"https:\/\/www.bellunopress.it\/fr\/2019\/11\/18\/maltempo-i-tecnici-della-provincia-in-sopralluogo-avviata-la-procedura-di-somma-urgenza\/","og_site_name":"Bellunopress - Dolomiti","article_publisher":"https:\/\/www.facebook.com\/profile.php?id=100008943462799","article_published_time":"2019-11-18T17:10:44+00:00","og_image":[{"url":"http:\/\/www.bellunopress.it\/wp-content\/uploads\/2019\/01\/Massimo-Bortoluzzi-consigliere-provinciale.jpg","type":"","width":"","height":""}],"author":"redazione","twitter_card":"summary_large_image","twitter_creator":"@bellunopress","twitter_site":"@bellunopress","twitter_misc":{"\u00c9crit par":"redazione","Dur\u00e9e de lecture estim\u00e9e":"2 minutes"},"schema":{"@context":"https:\/\/schema.org","@graph":[{"@type":"Article","@id":"https:\/\/www.bellunopress.it\/2019\/11\/18\/maltempo-i-tecnici-della-provincia-in-sopralluogo-avviata-la-procedura-di-somma-urgenza\/#article","isPartOf":{"@id":"https:\/\/www.bellunopress.it\/2019\/11\/18\/maltempo-i-tecnici-della-provincia-in-sopralluogo-avviata-la-procedura-di-somma-urgenza\/"},"author":{"name":"redazione","@id":"https:\/\/www.bellunopress.it\/#\/schema\/person\/79bb06722b37ece1c03d3e94beb30d73"},"headline":"Maltempo. I tecnici della provincia in sopralluogo. Avviata la procedura di somma urgenza","datePublished":"2019-11-18T17:10:44+00:00","mainEntityOfPage":{"@id":"https:\/\/www.bellunopress.it\/2019\/11\/18\/maltempo-i-tecnici-della-provincia-in-sopralluogo-avviata-la-procedura-di-somma-urgenza\/"},"wordCount":404,"publisher":{"@id":"https:\/\/www.bellunopress.it\/#organization"},"image":{"@id":"https:\/\/www.bellunopress.it\/2019\/11\/18\/maltempo-i-tecnici-della-provincia-in-sopralluogo-avviata-la-procedura-di-somma-urgenza\/#primaryimage"},"thumbnailUrl":"http:\/\/www.bellunopress.it\/wp-content\/uploads\/2019\/01\/Massimo-Bortoluzzi-consigliere-provinciale.jpg","articleSection":["Cronaca\/Politica","Prima Pagina","Societ\u00e0, Associazioni, Istituzioni"],"inLanguage":"fr-FR"},{"@type":"WebPage","@id":"https:\/\/www.bellunopress.it\/2019\/11\/18\/maltempo-i-tecnici-della-provincia-in-sopralluogo-avviata-la-procedura-di-somma-urgenza\/","url":"https:\/\/www.bellunopress.it\/2019\/11\/18\/maltempo-i-tecnici-della-provincia-in-sopralluogo-avviata-la-procedura-di-somma-urgenza\/","name":"Maltempo. I tecnici della provincia in sopralluogo. Avviata la procedura di somma urgenza - Bellunopress - Dolomiti","isPartOf":{"@id":"https:\/\/www.bellunopress.it\/#website"},"primaryImageOfPage":{"@id":"https:\/\/www.bellunopress.it\/2019\/11\/18\/maltempo-i-tecnici-della-provincia-in-sopralluogo-avviata-la-procedura-di-somma-urgenza\/#primaryimage"},"image":{"@id":"https:\/\/www.bellunopress.it\/2019\/11\/18\/maltempo-i-tecnici-della-provincia-in-sopralluogo-avviata-la-procedura-di-somma-urgenza\/#primaryimage"},"thumbnailUrl":"http:\/\/www.bellunopress.it\/wp-content\/uploads\/2019\/01\/Massimo-Bortoluzzi-consigliere-provinciale.jpg","datePublished":"2019-11-18T17:10:44+00:00","breadcrumb":{"@id":"https:\/\/www.bellunopress.it\/2019\/11\/18\/maltempo-i-tecnici-della-provincia-in-sopralluogo-avviata-la-procedura-di-somma-urgenza\/#breadcrumb"},"inLanguage":"fr-FR","potentialAction":[{"@type":"ReadAction","target":["https:\/\/www.bellunopress.it\/2019\/11\/18\/maltempo-i-tecnici-della-provincia-in-sopralluogo-avviata-la-procedura-di-somma-urgenza\/"]}]},{"@type":"ImageObject","inLanguage":"fr-FR","@id":"https:\/\/www.bellunopress.it\/2019\/11\/18\/maltempo-i-tecnici-della-provincia-in-sopralluogo-avviata-la-procedura-di-somma-urgenza\/#primaryimage","url":"http:\/\/www.bellunopress.it\/wp-content\/uploads\/2019\/01\/Massimo-Bortoluzzi-consigliere-provinciale.jpg","contentUrl":"http:\/\/www.bellunopress.it\/wp-content\/uploads\/2019\/01\/Massimo-Bortoluzzi-consigliere-provinciale.jpg"},{"@type":"BreadcrumbList","@id":"https:\/\/www.bellunopress.it\/2019\/11\/18\/maltempo-i-tecnici-della-provincia-in-sopralluogo-avviata-la-procedura-di-somma-urgenza\/#breadcrumb","itemListElement":[{"@type":"ListItem","position":1,"name":"Home","item":"https:\/\/www.bellunopress.it\/"},{"@type":"ListItem","position":2,"name":"Maltempo. I tecnici della provincia in sopralluogo. Avviata la procedura di somma urgenza"}]},{"@type":"WebSite","@id":"https:\/\/www.bellunopress.it\/#website","url":"https:\/\/www.bellunopress.it\/","name":"Bellunopress - Dolomiti","description":"e-mail: redazione@bellunopress.it","publisher":{"@id":"https:\/\/www.bellunopress.it\/#organization"},"potentialAction":[{"@type":"SearchAction","target":{"@type":"EntryPoint","urlTemplate":"https:\/\/www.bellunopress.it\/?s={search_term_string}"},"query-input":{"@type":"PropertyValueSpecification","valueRequired":true,"valueName":"search_term_string"}}],"inLanguage":"fr-FR"},{"@type":"Organization","@id":"https:\/\/www.bellunopress.it\/#organization","name":"Bellunopress","url":"https:\/\/www.bellunopress.it\/","logo":{"@type":"ImageObject","inLanguage":"fr-FR","@id":"https:\/\/www.bellunopress.it\/#\/schema\/logo\/image\/","url":"https:\/\/www.bellunopress.it\/wp-content\/uploads\/2011\/05\/cropped-logo-bellunopress-.jpg","contentUrl":"https:\/\/www.bellunopress.it\/wp-content\/uploads\/2011\/05\/cropped-logo-bellunopress-.jpg","width":512,"height":512,"caption":"Bellunopress"},"image":{"@id":"https:\/\/www.bellunopress.it\/#\/schema\/logo\/image\/"},"sameAs":["https:\/\/www.facebook.com\/profile.php?id=100008943462799","https:\/\/x.com\/bellunopress","https:\/\/www.linkedin.com\/hp\/?dnr=JBzUWaJfMUw8vbXJJ2tVW5-I3jZKvC4wsoxE&amp;amp;amp;amp;amp;amp;trk=nav_responsive_tab_home","https:\/\/www.youtube.com\/channel\/UCxL0wu1uN0_3_7hGG0306cw"]},{"@type":"Person","@id":"https:\/\/www.bellunopress.it\/#\/schema\/person\/79bb06722b37ece1c03d3e94beb30d73","name":"r\u00e9daction","image":{"@type":"ImageObject","inLanguage":"fr-FR","@id":"https:\/\/secure.gravatar.com\/avatar\/37d968a2e67a6fd04c169c4bdef102d0bc5d31b2546345219e348575eb80e9a0?s=96&d=mm&r=g","url":"https:\/\/secure.gravatar.com\/avatar\/37d968a2e67a6fd04c169c4bdef102d0bc5d31b2546345219e348575eb80e9a0?s=96&d=mm&r=g","contentUrl":"https:\/\/secure.gravatar.com\/avatar\/37d968a2e67a6fd04c169c4bdef102d0bc5d31b2546345219e348575eb80e9a0?s=96&d=mm&r=g","caption":"redazione"},"sameAs":["http:\/\/www.bellunopress.it","https:\/\/x.com\/bellunopress"],"url":"https:\/\/www.bellunopress.it\/fr\/author\/redazione\/"}]}},"_links":{"self":[{"href":"https:\/\/www.bellunopress.it\/fr\/wp-json\/wp\/v2\/posts\/109741","targetHints":{"allow":["GET"]}}],"collection":[{"href":"https:\/\/www.bellunopress.it\/fr\/wp-json\/wp\/v2\/posts"}],"about":[{"href":"https:\/\/www.bellunopress.it\/fr\/wp-json\/wp\/v2\/types\/post"}],"author":[{"embeddable":true,"href":"https:\/\/www.bellunopress.it\/fr\/wp-json\/wp\/v2\/users\/2"}],"replies":[{"embeddable":true,"href":"https:\/\/www.bellunopress.it\/fr\/wp-json\/wp\/v2\/comments?post=109741"}],"version-history":[{"count":1,"href":"https:\/\/www.bellunopress.it\/fr\/wp-json\/wp\/v2\/posts\/109741\/revisions"}],"predecessor-version":[{"id":109742,"href":"https:\/\/www.bellunopress.it\/fr\/wp-json\/wp\/v2\/posts\/109741\/revisions\/109742"}],"wp:attachment":[{"href":"https:\/\/www.bellunopress.it\/fr\/wp-json\/wp\/v2\/media?parent=109741"}],"wp:term":[{"taxonomy":"category","embeddable":true,"href":"https:\/\/www.bellunopress.it\/fr\/wp-json\/wp\/v2\/categories?post=109741"},{"taxonomy":"post_tag","embeddable":true,"href":"https:\/\/www.bellunopress.it\/fr\/wp-json\/wp\/v2\/tags?post=109741"}],"curies":[{"name":"wp","href":"https:\/\/api.w.org\/{rel}","templated":true}]}}