{"id":109727,"date":"2019-11-18T14:02:34","date_gmt":"2019-11-18T13:02:34","guid":{"rendered":"http:\/\/www.bellunopress.it\/?p=109727"},"modified":"2019-11-18T14:02:34","modified_gmt":"2019-11-18T13:02:34","slug":"emergenza-maltempo-padrin-grazie-a-chi-ha-collaborato-ora-servono-gli-strumenti-concreti-per-la-cura-del-territorio","status":"publish","type":"post","link":"https:\/\/www.bellunopress.it\/fr\/2019\/11\/18\/emergenza-maltempo-padrin-grazie-a-chi-ha-collaborato-ora-servono-gli-strumenti-concreti-per-la-cura-del-territorio\/","title":{"rendered":"Emergenza maltempo. Padrin: &#8220;Grazie a chi ha collaborato. Ora servono gli strumenti concreti per la cura del territorio"},"content":{"rendered":"<figure id=\"attachment_104145\" aria-describedby=\"caption-attachment-104145\" style=\"width: 245px\" class=\"wp-caption alignleft\"><a href=\"http:\/\/www.bellunopress.it\/fr\/2019\/04\/30\/amministrative-longarone-roberto-padrin-presenta-squadra-e-programma-prima-uscita-giovedi-a-castellavazzo-nella-gia-sede-municipale\/roberto-padrin-5\/\" rel=\"attachment wp-att-104145\"><img loading=\"lazy\" decoding=\"async\" class=\"size-full wp-image-104145\" src=\"http:\/\/www.bellunopress.it\/wp-content\/uploads\/2019\/04\/Roberto-Padrin.jpg\" alt=\"\" width=\"245\" height=\"300\" \/><\/a><figcaption id=\"caption-attachment-104145\" class=\"wp-caption-text\">Roberto Padrin, presidente della Provincia<\/figcaption><\/figure>\n<p>\u00abAncora una volta il sistema di Protezione Civile e di gestione dell\u2019emergenza ha funzionato. Grazie a tutti coloro che hanno collaborato in queste giornate difficili per il nostro territorio\u00bb. Lo dice il presidente della Provincia, Roberto Padrin, all\u2019indomani dell\u2019ondata di maltempo che ha colpito il Bellunese.<\/p>\n<p>\u00abOggi \u00e8 una giornata di tregua, in attesa di una nuova perturbazione che le previsioni meteo annunciano gi\u00e0 per domani e che speriamo non sia pesante &#8211; continua il presidente Padrin -. Oggi \u00e8 la giornata della prima conta dei danni, che a una prima stima sembrano ingenti. Per\u00f2 non abbiamo avuto perdite di vite umane e di questo va ringraziata la macchina dell\u2019emergenza. Da Arpav che ha sempre fornito previsioni precise e dettagliate, fino al prefetto, che con lucidit\u00e0 ha saputo coordinare la sala operativa. Grazie ai vigili del fuoco e alle forze dell\u2019ordine, e a tutti gli uomini e le donne della Protezione Civile, ai miei colleghi sindaci; grazie alla Regione Veneto e al mio consigliere Massimo Bortoluzzi, che ha passato le ore in sala operativa per dare un contributo attivo alla gestione dell\u2019emergenza. Dopo Vaia, si \u00e8 dimostrata ancora una volta l\u2019efficienza del sistema operativo messo in campo dagli enti preposti\u00bb.<br \/>\n\u00abAdesso dobbiamo stimare i danni e programmare interventi puntuali di ripristino &#8211; sottolinea Roberto Padrin -. Non possiamo non fare i conti con eventi meteo sempre pi\u00f9 frequenti e con la fragilit\u00e0 del nostro territorio. Per questo credo servano strumenti concreti che ci permettano di agire in maniera semplice ed efficace, senza inghippi burocratici che rischiano di allungare i tempi e di rendere inutili certi interventi\u00bb<\/p>","protected":false},"excerpt":{"rendered":"<p>\u00abAncora una volta il sistema di Protezione Civile e di gestione dell\u2019emergenza ha funzionato. Grazie a tutti coloro che hanno collaborato in queste giornate difficili per il nostro territorio\u00bb. Lo dice il presidente della Provincia, Roberto Padrin, all\u2019indomani dell\u2019ondata di maltempo che ha colpito il Bellunese. \u00abOggi \u00e8 una giornata di tregua, in attesa di [&hellip;]<\/p>\n","protected":false},"author":2,"featured_media":0,"comment_status":"closed","ping_status":"open","sticky":false,"template":"","format":"standard","meta":{"footnotes":""},"categories":[5,26,8],"tags":[],"class_list":["post-109727","post","type-post","status-publish","format-standard","category-cronaca","category-prima-pagina","category-societa-istituzioni"],"yoast_head":"<!-- This site is optimized with the Yoast SEO plugin v28.4 - https:\/\/yoast.com\/product\/yoast-seo-wordpress\/ -->\n<title>Emergenza maltempo. Padrin: &quot;Grazie a chi ha collaborato. Ora servono gli strumenti concreti per la cura del territorio - Bellunopress - Dolomiti<\/title>\n<meta name=\"robots\" content=\"index, follow, max-snippet:-1, max-image-preview:large, max-video-preview:-1\" \/>\n<link rel=\"canonical\" href=\"https:\/\/www.bellunopress.it\/fr\/2019\/11\/18\/emergenza-maltempo-padrin-grazie-a-chi-ha-collaborato-ora-servono-gli-strumenti-concreti-per-la-cura-del-territorio\/\" \/>\n<meta property=\"og:locale\" content=\"fr_FR\" \/>\n<meta property=\"og:type\" content=\"article\" \/>\n<meta property=\"og:title\" content=\"Emergenza maltempo. Padrin: &quot;Grazie a chi ha collaborato. Ora servono gli strumenti concreti per la cura del territorio - Bellunopress - Dolomiti\" \/>\n<meta property=\"og:description\" content=\"\u00abAncora una volta il sistema di Protezione Civile e di gestione dell\u2019emergenza ha funzionato. Grazie a tutti coloro che hanno collaborato in queste giornate difficili per il nostro territorio\u00bb. Lo dice il presidente della Provincia, Roberto Padrin, all\u2019indomani dell\u2019ondata di maltempo che ha colpito il Bellunese. \u00abOggi \u00e8 una giornata di tregua, in attesa di [&hellip;]\" \/>\n<meta property=\"og:url\" content=\"https:\/\/www.bellunopress.it\/fr\/2019\/11\/18\/emergenza-maltempo-padrin-grazie-a-chi-ha-collaborato-ora-servono-gli-strumenti-concreti-per-la-cura-del-territorio\/\" \/>\n<meta property=\"og:site_name\" content=\"Bellunopress - Dolomiti\" \/>\n<meta property=\"article:publisher\" content=\"https:\/\/www.facebook.com\/profile.php?id=100008943462799\" \/>\n<meta property=\"article:published_time\" content=\"2019-11-18T13:02:34+00:00\" \/>\n<meta property=\"og:image\" content=\"http:\/\/www.bellunopress.it\/wp-content\/uploads\/2019\/04\/Roberto-Padrin.jpg\" \/>\n<meta name=\"author\" content=\"redazione\" \/>\n<meta name=\"twitter:card\" content=\"summary_large_image\" \/>\n<meta name=\"twitter:creator\" content=\"@bellunopress\" \/>\n<meta name=\"twitter:site\" content=\"@bellunopress\" \/>\n<meta name=\"twitter:label1\" content=\"Written by\" \/>\n\t<meta name=\"twitter:data1\" content=\"redazione\" \/>\n\t<meta name=\"twitter:label2\" content=\"Est. reading time\" \/>\n\t<meta name=\"twitter:data2\" content=\"1 minute\" \/>\n<script type=\"application\/ld+json\" class=\"yoast-schema-graph\">{\"@context\":\"https:\\\/\\\/schema.org\",\"@graph\":[{\"@type\":\"Article\",\"@id\":\"https:\\\/\\\/www.bellunopress.it\\\/2019\\\/11\\\/18\\\/emergenza-maltempo-padrin-grazie-a-chi-ha-collaborato-ora-servono-gli-strumenti-concreti-per-la-cura-del-territorio\\\/#article\",\"isPartOf\":{\"@id\":\"https:\\\/\\\/www.bellunopress.it\\\/2019\\\/11\\\/18\\\/emergenza-maltempo-padrin-grazie-a-chi-ha-collaborato-ora-servono-gli-strumenti-concreti-per-la-cura-del-territorio\\\/\"},\"author\":{\"name\":\"redazione\",\"@id\":\"https:\\\/\\\/www.bellunopress.it\\\/#\\\/schema\\\/person\\\/79bb06722b37ece1c03d3e94beb30d73\"},\"headline\":\"Emergenza maltempo. Padrin: &#8220;Grazie a chi ha collaborato. Ora servono gli strumenti concreti per la cura del territorio\",\"datePublished\":\"2019-11-18T13:02:34+00:00\",\"mainEntityOfPage\":{\"@id\":\"https:\\\/\\\/www.bellunopress.it\\\/2019\\\/11\\\/18\\\/emergenza-maltempo-padrin-grazie-a-chi-ha-collaborato-ora-servono-gli-strumenti-concreti-per-la-cura-del-territorio\\\/\"},\"wordCount\":300,\"publisher\":{\"@id\":\"https:\\\/\\\/www.bellunopress.it\\\/#organization\"},\"image\":{\"@id\":\"https:\\\/\\\/www.bellunopress.it\\\/2019\\\/11\\\/18\\\/emergenza-maltempo-padrin-grazie-a-chi-ha-collaborato-ora-servono-gli-strumenti-concreti-per-la-cura-del-territorio\\\/#primaryimage\"},\"thumbnailUrl\":\"http:\\\/\\\/www.bellunopress.it\\\/wp-content\\\/uploads\\\/2019\\\/04\\\/Roberto-Padrin.jpg\",\"articleSection\":[\"Cronaca\\\/Politica\",\"Prima Pagina\",\"Societ\u00e0, Associazioni, Istituzioni\"],\"inLanguage\":\"fr-FR\"},{\"@type\":\"WebPage\",\"@id\":\"https:\\\/\\\/www.bellunopress.it\\\/2019\\\/11\\\/18\\\/emergenza-maltempo-padrin-grazie-a-chi-ha-collaborato-ora-servono-gli-strumenti-concreti-per-la-cura-del-territorio\\\/\",\"url\":\"https:\\\/\\\/www.bellunopress.it\\\/2019\\\/11\\\/18\\\/emergenza-maltempo-padrin-grazie-a-chi-ha-collaborato-ora-servono-gli-strumenti-concreti-per-la-cura-del-territorio\\\/\",\"name\":\"Emergenza maltempo. Padrin: \\\"Grazie a chi ha collaborato. Ora servono gli strumenti concreti per la cura del territorio - Bellunopress - Dolomiti\",\"isPartOf\":{\"@id\":\"https:\\\/\\\/www.bellunopress.it\\\/#website\"},\"primaryImageOfPage\":{\"@id\":\"https:\\\/\\\/www.bellunopress.it\\\/2019\\\/11\\\/18\\\/emergenza-maltempo-padrin-grazie-a-chi-ha-collaborato-ora-servono-gli-strumenti-concreti-per-la-cura-del-territorio\\\/#primaryimage\"},\"image\":{\"@id\":\"https:\\\/\\\/www.bellunopress.it\\\/2019\\\/11\\\/18\\\/emergenza-maltempo-padrin-grazie-a-chi-ha-collaborato-ora-servono-gli-strumenti-concreti-per-la-cura-del-territorio\\\/#primaryimage\"},\"thumbnailUrl\":\"http:\\\/\\\/www.bellunopress.it\\\/wp-content\\\/uploads\\\/2019\\\/04\\\/Roberto-Padrin.jpg\",\"datePublished\":\"2019-11-18T13:02:34+00:00\",\"breadcrumb\":{\"@id\":\"https:\\\/\\\/www.bellunopress.it\\\/2019\\\/11\\\/18\\\/emergenza-maltempo-padrin-grazie-a-chi-ha-collaborato-ora-servono-gli-strumenti-concreti-per-la-cura-del-territorio\\\/#breadcrumb\"},\"inLanguage\":\"fr-FR\",\"potentialAction\":[{\"@type\":\"ReadAction\",\"target\":[\"https:\\\/\\\/www.bellunopress.it\\\/2019\\\/11\\\/18\\\/emergenza-maltempo-padrin-grazie-a-chi-ha-collaborato-ora-servono-gli-strumenti-concreti-per-la-cura-del-territorio\\\/\"]}]},{\"@type\":\"ImageObject\",\"inLanguage\":\"fr-FR\",\"@id\":\"https:\\\/\\\/www.bellunopress.it\\\/2019\\\/11\\\/18\\\/emergenza-maltempo-padrin-grazie-a-chi-ha-collaborato-ora-servono-gli-strumenti-concreti-per-la-cura-del-territorio\\\/#primaryimage\",\"url\":\"http:\\\/\\\/www.bellunopress.it\\\/wp-content\\\/uploads\\\/2019\\\/04\\\/Roberto-Padrin.jpg\",\"contentUrl\":\"http:\\\/\\\/www.bellunopress.it\\\/wp-content\\\/uploads\\\/2019\\\/04\\\/Roberto-Padrin.jpg\"},{\"@type\":\"BreadcrumbList\",\"@id\":\"https:\\\/\\\/www.bellunopress.it\\\/2019\\\/11\\\/18\\\/emergenza-maltempo-padrin-grazie-a-chi-ha-collaborato-ora-servono-gli-strumenti-concreti-per-la-cura-del-territorio\\\/#breadcrumb\",\"itemListElement\":[{\"@type\":\"ListItem\",\"position\":1,\"name\":\"Home\",\"item\":\"https:\\\/\\\/www.bellunopress.it\\\/\"},{\"@type\":\"ListItem\",\"position\":2,\"name\":\"Emergenza maltempo. Padrin: &#8220;Grazie a chi ha collaborato. Ora servono gli strumenti concreti per la cura del territorio\"}]},{\"@type\":\"WebSite\",\"@id\":\"https:\\\/\\\/www.bellunopress.it\\\/#website\",\"url\":\"https:\\\/\\\/www.bellunopress.it\\\/\",\"name\":\"Bellunopress - Dolomiti\",\"description\":\"e-mail: redazione@bellunopress.it\",\"publisher\":{\"@id\":\"https:\\\/\\\/www.bellunopress.it\\\/#organization\"},\"potentialAction\":[{\"@type\":\"SearchAction\",\"target\":{\"@type\":\"EntryPoint\",\"urlTemplate\":\"https:\\\/\\\/www.bellunopress.it\\\/?s={search_term_string}\"},\"query-input\":{\"@type\":\"PropertyValueSpecification\",\"valueRequired\":true,\"valueName\":\"search_term_string\"}}],\"inLanguage\":\"fr-FR\"},{\"@type\":\"Organization\",\"@id\":\"https:\\\/\\\/www.bellunopress.it\\\/#organization\",\"name\":\"Bellunopress\",\"url\":\"https:\\\/\\\/www.bellunopress.it\\\/\",\"logo\":{\"@type\":\"ImageObject\",\"inLanguage\":\"fr-FR\",\"@id\":\"https:\\\/\\\/www.bellunopress.it\\\/#\\\/schema\\\/logo\\\/image\\\/\",\"url\":\"https:\\\/\\\/www.bellunopress.it\\\/wp-content\\\/uploads\\\/2011\\\/05\\\/cropped-logo-bellunopress-.jpg\",\"contentUrl\":\"https:\\\/\\\/www.bellunopress.it\\\/wp-content\\\/uploads\\\/2011\\\/05\\\/cropped-logo-bellunopress-.jpg\",\"width\":512,\"height\":512,\"caption\":\"Bellunopress\"},\"image\":{\"@id\":\"https:\\\/\\\/www.bellunopress.it\\\/#\\\/schema\\\/logo\\\/image\\\/\"},\"sameAs\":[\"https:\\\/\\\/www.facebook.com\\\/profile.php?id=100008943462799\",\"https:\\\/\\\/x.com\\\/bellunopress\",\"https:\\\/\\\/www.linkedin.com\\\/hp\\\/?dnr=JBzUWaJfMUw8vbXJJ2tVW5-I3jZKvC4wsoxE&amp;amp;amp;amp;amp;amp;trk=nav_responsive_tab_home\",\"https:\\\/\\\/www.youtube.com\\\/channel\\\/UCxL0wu1uN0_3_7hGG0306cw\"]},{\"@type\":\"Person\",\"@id\":\"https:\\\/\\\/www.bellunopress.it\\\/#\\\/schema\\\/person\\\/79bb06722b37ece1c03d3e94beb30d73\",\"name\":\"redazione\",\"image\":{\"@type\":\"ImageObject\",\"inLanguage\":\"fr-FR\",\"@id\":\"https:\\\/\\\/secure.gravatar.com\\\/avatar\\\/37d968a2e67a6fd04c169c4bdef102d0bc5d31b2546345219e348575eb80e9a0?s=96&d=mm&r=g\",\"url\":\"https:\\\/\\\/secure.gravatar.com\\\/avatar\\\/37d968a2e67a6fd04c169c4bdef102d0bc5d31b2546345219e348575eb80e9a0?s=96&d=mm&r=g\",\"contentUrl\":\"https:\\\/\\\/secure.gravatar.com\\\/avatar\\\/37d968a2e67a6fd04c169c4bdef102d0bc5d31b2546345219e348575eb80e9a0?s=96&d=mm&r=g\",\"caption\":\"redazione\"},\"sameAs\":[\"http:\\\/\\\/www.bellunopress.it\",\"https:\\\/\\\/x.com\\\/bellunopress\"],\"url\":\"https:\\\/\\\/www.bellunopress.it\\\/fr\\\/author\\\/redazione\\\/\"}]}<\/script>\n<!-- \/ Yoast SEO plugin. -->","yoast_head_json":{"title":"Emergenza maltempo. Padrin: \"Grazie a chi ha collaborato. Ora servono gli strumenti concreti per la cura del territorio - Bellunopress - Dolomiti","robots":{"index":"index","follow":"follow","max-snippet":"max-snippet:-1","max-image-preview":"max-image-preview:large","max-video-preview":"max-video-preview:-1"},"canonical":"https:\/\/www.bellunopress.it\/fr\/2019\/11\/18\/emergenza-maltempo-padrin-grazie-a-chi-ha-collaborato-ora-servono-gli-strumenti-concreti-per-la-cura-del-territorio\/","og_locale":"fr_FR","og_type":"article","og_title":"Emergenza maltempo. Padrin: \"Grazie a chi ha collaborato. Ora servono gli strumenti concreti per la cura del territorio - Bellunopress - Dolomiti","og_description":"\u00abAncora una volta il sistema di Protezione Civile e di gestione dell\u2019emergenza ha funzionato. Grazie a tutti coloro che hanno collaborato in queste giornate difficili per il nostro territorio\u00bb. Lo dice il presidente della Provincia, Roberto Padrin, all\u2019indomani dell\u2019ondata di maltempo che ha colpito il Bellunese. \u00abOggi \u00e8 una giornata di tregua, in attesa di [&hellip;]","og_url":"https:\/\/www.bellunopress.it\/fr\/2019\/11\/18\/emergenza-maltempo-padrin-grazie-a-chi-ha-collaborato-ora-servono-gli-strumenti-concreti-per-la-cura-del-territorio\/","og_site_name":"Bellunopress - Dolomiti","article_publisher":"https:\/\/www.facebook.com\/profile.php?id=100008943462799","article_published_time":"2019-11-18T13:02:34+00:00","og_image":[{"url":"http:\/\/www.bellunopress.it\/wp-content\/uploads\/2019\/04\/Roberto-Padrin.jpg","type":"","width":"","height":""}],"author":"redazione","twitter_card":"summary_large_image","twitter_creator":"@bellunopress","twitter_site":"@bellunopress","twitter_misc":{"Written by":"redazione","Est. reading time":"1 minute"},"schema":{"@context":"https:\/\/schema.org","@graph":[{"@type":"Article","@id":"https:\/\/www.bellunopress.it\/2019\/11\/18\/emergenza-maltempo-padrin-grazie-a-chi-ha-collaborato-ora-servono-gli-strumenti-concreti-per-la-cura-del-territorio\/#article","isPartOf":{"@id":"https:\/\/www.bellunopress.it\/2019\/11\/18\/emergenza-maltempo-padrin-grazie-a-chi-ha-collaborato-ora-servono-gli-strumenti-concreti-per-la-cura-del-territorio\/"},"author":{"name":"redazione","@id":"https:\/\/www.bellunopress.it\/#\/schema\/person\/79bb06722b37ece1c03d3e94beb30d73"},"headline":"Emergenza maltempo. Padrin: &#8220;Grazie a chi ha collaborato. Ora servono gli strumenti concreti per la cura del territorio","datePublished":"2019-11-18T13:02:34+00:00","mainEntityOfPage":{"@id":"https:\/\/www.bellunopress.it\/2019\/11\/18\/emergenza-maltempo-padrin-grazie-a-chi-ha-collaborato-ora-servono-gli-strumenti-concreti-per-la-cura-del-territorio\/"},"wordCount":300,"publisher":{"@id":"https:\/\/www.bellunopress.it\/#organization"},"image":{"@id":"https:\/\/www.bellunopress.it\/2019\/11\/18\/emergenza-maltempo-padrin-grazie-a-chi-ha-collaborato-ora-servono-gli-strumenti-concreti-per-la-cura-del-territorio\/#primaryimage"},"thumbnailUrl":"http:\/\/www.bellunopress.it\/wp-content\/uploads\/2019\/04\/Roberto-Padrin.jpg","articleSection":["Cronaca\/Politica","Prima Pagina","Societ\u00e0, Associazioni, Istituzioni"],"inLanguage":"fr-FR"},{"@type":"WebPage","@id":"https:\/\/www.bellunopress.it\/2019\/11\/18\/emergenza-maltempo-padrin-grazie-a-chi-ha-collaborato-ora-servono-gli-strumenti-concreti-per-la-cura-del-territorio\/","url":"https:\/\/www.bellunopress.it\/2019\/11\/18\/emergenza-maltempo-padrin-grazie-a-chi-ha-collaborato-ora-servono-gli-strumenti-concreti-per-la-cura-del-territorio\/","name":"Emergenza maltempo. Padrin: \"Grazie a chi ha collaborato. Ora servono gli strumenti concreti per la cura del territorio - Bellunopress - Dolomiti","isPartOf":{"@id":"https:\/\/www.bellunopress.it\/#website"},"primaryImageOfPage":{"@id":"https:\/\/www.bellunopress.it\/2019\/11\/18\/emergenza-maltempo-padrin-grazie-a-chi-ha-collaborato-ora-servono-gli-strumenti-concreti-per-la-cura-del-territorio\/#primaryimage"},"image":{"@id":"https:\/\/www.bellunopress.it\/2019\/11\/18\/emergenza-maltempo-padrin-grazie-a-chi-ha-collaborato-ora-servono-gli-strumenti-concreti-per-la-cura-del-territorio\/#primaryimage"},"thumbnailUrl":"http:\/\/www.bellunopress.it\/wp-content\/uploads\/2019\/04\/Roberto-Padrin.jpg","datePublished":"2019-11-18T13:02:34+00:00","breadcrumb":{"@id":"https:\/\/www.bellunopress.it\/2019\/11\/18\/emergenza-maltempo-padrin-grazie-a-chi-ha-collaborato-ora-servono-gli-strumenti-concreti-per-la-cura-del-territorio\/#breadcrumb"},"inLanguage":"fr-FR","potentialAction":[{"@type":"ReadAction","target":["https:\/\/www.bellunopress.it\/2019\/11\/18\/emergenza-maltempo-padrin-grazie-a-chi-ha-collaborato-ora-servono-gli-strumenti-concreti-per-la-cura-del-territorio\/"]}]},{"@type":"ImageObject","inLanguage":"fr-FR","@id":"https:\/\/www.bellunopress.it\/2019\/11\/18\/emergenza-maltempo-padrin-grazie-a-chi-ha-collaborato-ora-servono-gli-strumenti-concreti-per-la-cura-del-territorio\/#primaryimage","url":"http:\/\/www.bellunopress.it\/wp-content\/uploads\/2019\/04\/Roberto-Padrin.jpg","contentUrl":"http:\/\/www.bellunopress.it\/wp-content\/uploads\/2019\/04\/Roberto-Padrin.jpg"},{"@type":"BreadcrumbList","@id":"https:\/\/www.bellunopress.it\/2019\/11\/18\/emergenza-maltempo-padrin-grazie-a-chi-ha-collaborato-ora-servono-gli-strumenti-concreti-per-la-cura-del-territorio\/#breadcrumb","itemListElement":[{"@type":"ListItem","position":1,"name":"Home","item":"https:\/\/www.bellunopress.it\/"},{"@type":"ListItem","position":2,"name":"Emergenza maltempo. Padrin: &#8220;Grazie a chi ha collaborato. Ora servono gli strumenti concreti per la cura del territorio"}]},{"@type":"WebSite","@id":"https:\/\/www.bellunopress.it\/#website","url":"https:\/\/www.bellunopress.it\/","name":"Bellunopress - Dolomiti","description":"e-mail: redazione@bellunopress.it","publisher":{"@id":"https:\/\/www.bellunopress.it\/#organization"},"potentialAction":[{"@type":"SearchAction","target":{"@type":"EntryPoint","urlTemplate":"https:\/\/www.bellunopress.it\/?s={search_term_string}"},"query-input":{"@type":"PropertyValueSpecification","valueRequired":true,"valueName":"search_term_string"}}],"inLanguage":"fr-FR"},{"@type":"Organization","@id":"https:\/\/www.bellunopress.it\/#organization","name":"Bellunopress","url":"https:\/\/www.bellunopress.it\/","logo":{"@type":"ImageObject","inLanguage":"fr-FR","@id":"https:\/\/www.bellunopress.it\/#\/schema\/logo\/image\/","url":"https:\/\/www.bellunopress.it\/wp-content\/uploads\/2011\/05\/cropped-logo-bellunopress-.jpg","contentUrl":"https:\/\/www.bellunopress.it\/wp-content\/uploads\/2011\/05\/cropped-logo-bellunopress-.jpg","width":512,"height":512,"caption":"Bellunopress"},"image":{"@id":"https:\/\/www.bellunopress.it\/#\/schema\/logo\/image\/"},"sameAs":["https:\/\/www.facebook.com\/profile.php?id=100008943462799","https:\/\/x.com\/bellunopress","https:\/\/www.linkedin.com\/hp\/?dnr=JBzUWaJfMUw8vbXJJ2tVW5-I3jZKvC4wsoxE&amp;amp;amp;amp;amp;amp;trk=nav_responsive_tab_home","https:\/\/www.youtube.com\/channel\/UCxL0wu1uN0_3_7hGG0306cw"]},{"@type":"Person","@id":"https:\/\/www.bellunopress.it\/#\/schema\/person\/79bb06722b37ece1c03d3e94beb30d73","name":"r\u00e9daction","image":{"@type":"ImageObject","inLanguage":"fr-FR","@id":"https:\/\/secure.gravatar.com\/avatar\/37d968a2e67a6fd04c169c4bdef102d0bc5d31b2546345219e348575eb80e9a0?s=96&d=mm&r=g","url":"https:\/\/secure.gravatar.com\/avatar\/37d968a2e67a6fd04c169c4bdef102d0bc5d31b2546345219e348575eb80e9a0?s=96&d=mm&r=g","contentUrl":"https:\/\/secure.gravatar.com\/avatar\/37d968a2e67a6fd04c169c4bdef102d0bc5d31b2546345219e348575eb80e9a0?s=96&d=mm&r=g","caption":"redazione"},"sameAs":["http:\/\/www.bellunopress.it","https:\/\/x.com\/bellunopress"],"url":"https:\/\/www.bellunopress.it\/fr\/author\/redazione\/"}]}},"_links":{"self":[{"href":"https:\/\/www.bellunopress.it\/fr\/wp-json\/wp\/v2\/posts\/109727","targetHints":{"allow":["GET"]}}],"collection":[{"href":"https:\/\/www.bellunopress.it\/fr\/wp-json\/wp\/v2\/posts"}],"about":[{"href":"https:\/\/www.bellunopress.it\/fr\/wp-json\/wp\/v2\/types\/post"}],"author":[{"embeddable":true,"href":"https:\/\/www.bellunopress.it\/fr\/wp-json\/wp\/v2\/users\/2"}],"replies":[{"embeddable":true,"href":"https:\/\/www.bellunopress.it\/fr\/wp-json\/wp\/v2\/comments?post=109727"}],"version-history":[{"count":1,"href":"https:\/\/www.bellunopress.it\/fr\/wp-json\/wp\/v2\/posts\/109727\/revisions"}],"predecessor-version":[{"id":109728,"href":"https:\/\/www.bellunopress.it\/fr\/wp-json\/wp\/v2\/posts\/109727\/revisions\/109728"}],"wp:attachment":[{"href":"https:\/\/www.bellunopress.it\/fr\/wp-json\/wp\/v2\/media?parent=109727"}],"wp:term":[{"taxonomy":"category","embeddable":true,"href":"https:\/\/www.bellunopress.it\/fr\/wp-json\/wp\/v2\/categories?post=109727"},{"taxonomy":"post_tag","embeddable":true,"href":"https:\/\/www.bellunopress.it\/fr\/wp-json\/wp\/v2\/tags?post=109727"}],"curies":[{"name":"wp","href":"https:\/\/api.w.org\/{rel}","templated":true}]}}