{"id":109725,"date":"2019-11-18T13:57:31","date_gmt":"2019-11-18T12:57:31","guid":{"rendered":"http:\/\/www.bellunopress.it\/?p=109725"},"modified":"2019-11-18T13:57:31","modified_gmt":"2019-11-18T12:57:31","slug":"maltempo-prima-ricognizione-sulle-frane","status":"publish","type":"post","link":"https:\/\/www.bellunopress.it\/fr\/2019\/11\/18\/maltempo-prima-ricognizione-sulle-frane\/","title":{"rendered":"Maltempo. Prima ricognizione sulle frane"},"content":{"rendered":"<figure id=\"attachment_104467\" aria-describedby=\"caption-attachment-104467\" style=\"width: 300px\" class=\"wp-caption alignleft\"><a href=\"http:\/\/www.bellunopress.it\/fr\/2019\/05\/13\/frana-di-schiucaz-ancora-chiusa-la-strada-recuperati-i-beni-dalle-abitazioni-evacuate\/frana-schiucaz-alpago\/\" rel=\"attachment wp-att-104467\"><img loading=\"lazy\" decoding=\"async\" class=\"size-full wp-image-104467\" src=\"http:\/\/www.bellunopress.it\/wp-content\/uploads\/2019\/05\/Frana-Schiucaz-Alpago.jpg\" alt=\"\" width=\"300\" height=\"231\" \/><\/a><figcaption id=\"caption-attachment-104467\" class=\"wp-caption-text\">Frana Schiucaz &#8211; Alpago<\/figcaption><\/figure>\n<p>Venezia, 18 novembre 2019 &#8211;\u00a0La direzione dell\u2019Area Tutela e Sviluppo del territorio del Territorio della Regione del Veneto ha raccolto le segnalazioni relative ai numerosi i movimenti franosi provocati dal maltempo degli ultimi giorni. 23 le situazioni monitorate, tutte, eccetto una, in provincia di Belluno.<\/p>\n<p>In Comune di Alpago, come comunicato nei giorni scorsi, \u00e8 tornata a preoccupare la frana di Schiucaz oltre ad un altro smottamento in localit\u00e0 Plois.<\/p>\n<p>Lungo la strada Regionale 203 in Comune di Sedico un tratto risulta, attualmente, a senso unico alternato per l\u2019erosione del fiume Cordevole in una situazione, che permeane critica.<\/p>\n<p>Nel capoluogo chiusa via Miari per uno smottamento, a Livinallongo in localit\u00e0 Contrin e Cherz, smottamenti su strada gi\u00e0 sgomberati; a Selva di Cadore a monte dell\u2019abitato di Rova; due le situazioni monitorate a Canale d&#8217;Agordo, in localit\u00e0 Carfon a monte strada comunale e in localit\u00e0 Pisoliva a tergo di un\u2019abitazione. A Vallada Agordina sono state evacuate tre persone in localit\u00e0 Mas per rischio frana mentre ad Alleghe a monte dell\u2019abitato di Caprile si \u00e8 registrato nuovo movimento franoso a ridosso dell\u2019Hotel Posta e di altri fabbricati.<\/p>\n<p>A Gosaldo una frana incombe sulla strada per l&#8217;abitato di Selle, mentre la Strada Vecchio Confine \u00e8 stata in parte asportata dal movimento franoso. A Zopp\u00e8 di Cadore si registrano problemi in localit\u00e0 La Vara e a Limana in localit\u00e0 Navasa sulla sponda torrente Lavedin. A Calalzo, precisamente in Val Molin\u00e0, frana a valle della strada.<\/p>\n<p>Cinque situazioni critiche per smottamenti in territorio di Santo Stefano di Cadore. In localit\u00e0 Campolongo si registra una frana a ridosso fienile e lo smottamento di vie guide alpine; infine, gi\u00e0 sgomberata una frana in localit\u00e0 Cunettone.<\/p>\n<p>A Santo Stefano di Cadore in localit\u00e0 Tarigole l\u2019esondazione di rii minori con trasporto terra e sassi ha coinvolto un campeggio; colpita inoltre la sponda del Rio Mauria, in area solo forestale.<br \/>\nUno smottamento si registra a San Nicol\u00f2 Comelico in localit\u00e0 Costa si \u00e8 verificato uno smottamento su strada provinciale e a San Pietro di Cadore una frana ha coinvolto la strada dal capoluogo alla localit\u00e0 Costalta.<\/p>\n<p>&nbsp;<\/p>","protected":false},"excerpt":{"rendered":"<p>Venezia, 18 novembre 2019 &#8211;\u00a0La direzione dell\u2019Area Tutela e Sviluppo del territorio del Territorio della Regione del Veneto ha raccolto le segnalazioni relative ai numerosi i movimenti franosi provocati dal maltempo degli ultimi giorni. 23 le situazioni monitorate, tutte, eccetto una, in provincia di Belluno. In Comune di Alpago, come comunicato nei giorni scorsi, \u00e8 [&hellip;]<\/p>\n","protected":false},"author":2,"featured_media":0,"comment_status":"closed","ping_status":"open","sticky":false,"template":"","format":"standard","meta":{"footnotes":""},"categories":[5,8],"tags":[],"class_list":["post-109725","post","type-post","status-publish","format-standard","category-cronaca","category-societa-istituzioni"],"yoast_head":"<!-- This site is optimized with the Yoast SEO plugin v28.4 - https:\/\/yoast.com\/product\/yoast-seo-wordpress\/ -->\n<title>Maltempo. Prima ricognizione sulle frane - Bellunopress - Dolomiti<\/title>\n<meta name=\"robots\" content=\"index, follow, max-snippet:-1, max-image-preview:large, max-video-preview:-1\" \/>\n<link rel=\"canonical\" href=\"https:\/\/www.bellunopress.it\/fr\/2019\/11\/18\/maltempo-prima-ricognizione-sulle-frane\/\" \/>\n<meta property=\"og:locale\" content=\"fr_FR\" \/>\n<meta property=\"og:type\" content=\"article\" \/>\n<meta property=\"og:title\" content=\"Maltempo. Prima ricognizione sulle frane - Bellunopress - Dolomiti\" \/>\n<meta property=\"og:description\" content=\"Venezia, 18 novembre 2019 &#8211;\u00a0La direzione dell\u2019Area Tutela e Sviluppo del territorio del Territorio della Regione del Veneto ha raccolto le segnalazioni relative ai numerosi i movimenti franosi provocati dal maltempo degli ultimi giorni. 23 le situazioni monitorate, tutte, eccetto una, in provincia di Belluno. In Comune di Alpago, come comunicato nei giorni scorsi, \u00e8 [&hellip;]\" \/>\n<meta property=\"og:url\" content=\"https:\/\/www.bellunopress.it\/fr\/2019\/11\/18\/maltempo-prima-ricognizione-sulle-frane\/\" \/>\n<meta property=\"og:site_name\" content=\"Bellunopress - Dolomiti\" \/>\n<meta property=\"article:publisher\" content=\"https:\/\/www.facebook.com\/profile.php?id=100008943462799\" \/>\n<meta property=\"article:published_time\" content=\"2019-11-18T12:57:31+00:00\" \/>\n<meta property=\"og:image\" content=\"http:\/\/www.bellunopress.it\/wp-content\/uploads\/2019\/05\/Frana-Schiucaz-Alpago.jpg\" \/>\n<meta name=\"author\" content=\"redazione\" \/>\n<meta name=\"twitter:card\" content=\"summary_large_image\" \/>\n<meta name=\"twitter:creator\" content=\"@bellunopress\" \/>\n<meta name=\"twitter:site\" content=\"@bellunopress\" \/>\n<meta name=\"twitter:label1\" content=\"\u00c9crit par\" \/>\n\t<meta name=\"twitter:data1\" content=\"redazione\" \/>\n\t<meta name=\"twitter:label2\" content=\"Dur\u00e9e de lecture estim\u00e9e\" \/>\n\t<meta name=\"twitter:data2\" content=\"2 minutes\" \/>\n<script type=\"application\/ld+json\" class=\"yoast-schema-graph\">{\"@context\":\"https:\\\/\\\/schema.org\",\"@graph\":[{\"@type\":\"Article\",\"@id\":\"https:\\\/\\\/www.bellunopress.it\\\/2019\\\/11\\\/18\\\/maltempo-prima-ricognizione-sulle-frane\\\/#article\",\"isPartOf\":{\"@id\":\"https:\\\/\\\/www.bellunopress.it\\\/2019\\\/11\\\/18\\\/maltempo-prima-ricognizione-sulle-frane\\\/\"},\"author\":{\"name\":\"redazione\",\"@id\":\"https:\\\/\\\/www.bellunopress.it\\\/#\\\/schema\\\/person\\\/79bb06722b37ece1c03d3e94beb30d73\"},\"headline\":\"Maltempo. Prima ricognizione sulle frane\",\"datePublished\":\"2019-11-18T12:57:31+00:00\",\"mainEntityOfPage\":{\"@id\":\"https:\\\/\\\/www.bellunopress.it\\\/2019\\\/11\\\/18\\\/maltempo-prima-ricognizione-sulle-frane\\\/\"},\"wordCount\":365,\"publisher\":{\"@id\":\"https:\\\/\\\/www.bellunopress.it\\\/#organization\"},\"image\":{\"@id\":\"https:\\\/\\\/www.bellunopress.it\\\/2019\\\/11\\\/18\\\/maltempo-prima-ricognizione-sulle-frane\\\/#primaryimage\"},\"thumbnailUrl\":\"http:\\\/\\\/www.bellunopress.it\\\/wp-content\\\/uploads\\\/2019\\\/05\\\/Frana-Schiucaz-Alpago.jpg\",\"articleSection\":[\"Cronaca\\\/Politica\",\"Societ\u00e0, Associazioni, Istituzioni\"],\"inLanguage\":\"fr-FR\"},{\"@type\":\"WebPage\",\"@id\":\"https:\\\/\\\/www.bellunopress.it\\\/2019\\\/11\\\/18\\\/maltempo-prima-ricognizione-sulle-frane\\\/\",\"url\":\"https:\\\/\\\/www.bellunopress.it\\\/2019\\\/11\\\/18\\\/maltempo-prima-ricognizione-sulle-frane\\\/\",\"name\":\"Maltempo. Prima ricognizione sulle frane - Bellunopress - Dolomiti\",\"isPartOf\":{\"@id\":\"https:\\\/\\\/www.bellunopress.it\\\/#website\"},\"primaryImageOfPage\":{\"@id\":\"https:\\\/\\\/www.bellunopress.it\\\/2019\\\/11\\\/18\\\/maltempo-prima-ricognizione-sulle-frane\\\/#primaryimage\"},\"image\":{\"@id\":\"https:\\\/\\\/www.bellunopress.it\\\/2019\\\/11\\\/18\\\/maltempo-prima-ricognizione-sulle-frane\\\/#primaryimage\"},\"thumbnailUrl\":\"http:\\\/\\\/www.bellunopress.it\\\/wp-content\\\/uploads\\\/2019\\\/05\\\/Frana-Schiucaz-Alpago.jpg\",\"datePublished\":\"2019-11-18T12:57:31+00:00\",\"breadcrumb\":{\"@id\":\"https:\\\/\\\/www.bellunopress.it\\\/2019\\\/11\\\/18\\\/maltempo-prima-ricognizione-sulle-frane\\\/#breadcrumb\"},\"inLanguage\":\"fr-FR\",\"potentialAction\":[{\"@type\":\"ReadAction\",\"target\":[\"https:\\\/\\\/www.bellunopress.it\\\/2019\\\/11\\\/18\\\/maltempo-prima-ricognizione-sulle-frane\\\/\"]}]},{\"@type\":\"ImageObject\",\"inLanguage\":\"fr-FR\",\"@id\":\"https:\\\/\\\/www.bellunopress.it\\\/2019\\\/11\\\/18\\\/maltempo-prima-ricognizione-sulle-frane\\\/#primaryimage\",\"url\":\"http:\\\/\\\/www.bellunopress.it\\\/wp-content\\\/uploads\\\/2019\\\/05\\\/Frana-Schiucaz-Alpago.jpg\",\"contentUrl\":\"http:\\\/\\\/www.bellunopress.it\\\/wp-content\\\/uploads\\\/2019\\\/05\\\/Frana-Schiucaz-Alpago.jpg\"},{\"@type\":\"BreadcrumbList\",\"@id\":\"https:\\\/\\\/www.bellunopress.it\\\/2019\\\/11\\\/18\\\/maltempo-prima-ricognizione-sulle-frane\\\/#breadcrumb\",\"itemListElement\":[{\"@type\":\"ListItem\",\"position\":1,\"name\":\"Home\",\"item\":\"https:\\\/\\\/www.bellunopress.it\\\/\"},{\"@type\":\"ListItem\",\"position\":2,\"name\":\"Maltempo. Prima ricognizione sulle frane\"}]},{\"@type\":\"WebSite\",\"@id\":\"https:\\\/\\\/www.bellunopress.it\\\/#website\",\"url\":\"https:\\\/\\\/www.bellunopress.it\\\/\",\"name\":\"Bellunopress - Dolomiti\",\"description\":\"e-mail: redazione@bellunopress.it\",\"publisher\":{\"@id\":\"https:\\\/\\\/www.bellunopress.it\\\/#organization\"},\"potentialAction\":[{\"@type\":\"SearchAction\",\"target\":{\"@type\":\"EntryPoint\",\"urlTemplate\":\"https:\\\/\\\/www.bellunopress.it\\\/?s={search_term_string}\"},\"query-input\":{\"@type\":\"PropertyValueSpecification\",\"valueRequired\":true,\"valueName\":\"search_term_string\"}}],\"inLanguage\":\"fr-FR\"},{\"@type\":\"Organization\",\"@id\":\"https:\\\/\\\/www.bellunopress.it\\\/#organization\",\"name\":\"Bellunopress\",\"url\":\"https:\\\/\\\/www.bellunopress.it\\\/\",\"logo\":{\"@type\":\"ImageObject\",\"inLanguage\":\"fr-FR\",\"@id\":\"https:\\\/\\\/www.bellunopress.it\\\/#\\\/schema\\\/logo\\\/image\\\/\",\"url\":\"https:\\\/\\\/www.bellunopress.it\\\/wp-content\\\/uploads\\\/2011\\\/05\\\/cropped-logo-bellunopress-.jpg\",\"contentUrl\":\"https:\\\/\\\/www.bellunopress.it\\\/wp-content\\\/uploads\\\/2011\\\/05\\\/cropped-logo-bellunopress-.jpg\",\"width\":512,\"height\":512,\"caption\":\"Bellunopress\"},\"image\":{\"@id\":\"https:\\\/\\\/www.bellunopress.it\\\/#\\\/schema\\\/logo\\\/image\\\/\"},\"sameAs\":[\"https:\\\/\\\/www.facebook.com\\\/profile.php?id=100008943462799\",\"https:\\\/\\\/x.com\\\/bellunopress\",\"https:\\\/\\\/www.linkedin.com\\\/hp\\\/?dnr=JBzUWaJfMUw8vbXJJ2tVW5-I3jZKvC4wsoxE&amp;amp;amp;amp;amp;amp;trk=nav_responsive_tab_home\",\"https:\\\/\\\/www.youtube.com\\\/channel\\\/UCxL0wu1uN0_3_7hGG0306cw\"]},{\"@type\":\"Person\",\"@id\":\"https:\\\/\\\/www.bellunopress.it\\\/#\\\/schema\\\/person\\\/79bb06722b37ece1c03d3e94beb30d73\",\"name\":\"redazione\",\"image\":{\"@type\":\"ImageObject\",\"inLanguage\":\"fr-FR\",\"@id\":\"https:\\\/\\\/secure.gravatar.com\\\/avatar\\\/37d968a2e67a6fd04c169c4bdef102d0bc5d31b2546345219e348575eb80e9a0?s=96&d=mm&r=g\",\"url\":\"https:\\\/\\\/secure.gravatar.com\\\/avatar\\\/37d968a2e67a6fd04c169c4bdef102d0bc5d31b2546345219e348575eb80e9a0?s=96&d=mm&r=g\",\"contentUrl\":\"https:\\\/\\\/secure.gravatar.com\\\/avatar\\\/37d968a2e67a6fd04c169c4bdef102d0bc5d31b2546345219e348575eb80e9a0?s=96&d=mm&r=g\",\"caption\":\"redazione\"},\"sameAs\":[\"http:\\\/\\\/www.bellunopress.it\",\"https:\\\/\\\/x.com\\\/bellunopress\"],\"url\":\"https:\\\/\\\/www.bellunopress.it\\\/fr\\\/author\\\/redazione\\\/\"}]}<\/script>\n<!-- \/ Yoast SEO plugin. -->","yoast_head_json":{"title":"Maltempo. Prima ricognizione sulle frane - Bellunopress - Dolomiti","robots":{"index":"index","follow":"follow","max-snippet":"max-snippet:-1","max-image-preview":"max-image-preview:large","max-video-preview":"max-video-preview:-1"},"canonical":"https:\/\/www.bellunopress.it\/fr\/2019\/11\/18\/maltempo-prima-ricognizione-sulle-frane\/","og_locale":"fr_FR","og_type":"article","og_title":"Maltempo. Prima ricognizione sulle frane - Bellunopress - Dolomiti","og_description":"Venezia, 18 novembre 2019 &#8211;\u00a0La direzione dell\u2019Area Tutela e Sviluppo del territorio del Territorio della Regione del Veneto ha raccolto le segnalazioni relative ai numerosi i movimenti franosi provocati dal maltempo degli ultimi giorni. 23 le situazioni monitorate, tutte, eccetto una, in provincia di Belluno. In Comune di Alpago, come comunicato nei giorni scorsi, \u00e8 [&hellip;]","og_url":"https:\/\/www.bellunopress.it\/fr\/2019\/11\/18\/maltempo-prima-ricognizione-sulle-frane\/","og_site_name":"Bellunopress - Dolomiti","article_publisher":"https:\/\/www.facebook.com\/profile.php?id=100008943462799","article_published_time":"2019-11-18T12:57:31+00:00","og_image":[{"url":"http:\/\/www.bellunopress.it\/wp-content\/uploads\/2019\/05\/Frana-Schiucaz-Alpago.jpg","type":"","width":"","height":""}],"author":"redazione","twitter_card":"summary_large_image","twitter_creator":"@bellunopress","twitter_site":"@bellunopress","twitter_misc":{"\u00c9crit par":"redazione","Dur\u00e9e de lecture estim\u00e9e":"2 minutes"},"schema":{"@context":"https:\/\/schema.org","@graph":[{"@type":"Article","@id":"https:\/\/www.bellunopress.it\/2019\/11\/18\/maltempo-prima-ricognizione-sulle-frane\/#article","isPartOf":{"@id":"https:\/\/www.bellunopress.it\/2019\/11\/18\/maltempo-prima-ricognizione-sulle-frane\/"},"author":{"name":"redazione","@id":"https:\/\/www.bellunopress.it\/#\/schema\/person\/79bb06722b37ece1c03d3e94beb30d73"},"headline":"Maltempo. Prima ricognizione sulle frane","datePublished":"2019-11-18T12:57:31+00:00","mainEntityOfPage":{"@id":"https:\/\/www.bellunopress.it\/2019\/11\/18\/maltempo-prima-ricognizione-sulle-frane\/"},"wordCount":365,"publisher":{"@id":"https:\/\/www.bellunopress.it\/#organization"},"image":{"@id":"https:\/\/www.bellunopress.it\/2019\/11\/18\/maltempo-prima-ricognizione-sulle-frane\/#primaryimage"},"thumbnailUrl":"http:\/\/www.bellunopress.it\/wp-content\/uploads\/2019\/05\/Frana-Schiucaz-Alpago.jpg","articleSection":["Cronaca\/Politica","Societ\u00e0, Associazioni, Istituzioni"],"inLanguage":"fr-FR"},{"@type":"WebPage","@id":"https:\/\/www.bellunopress.it\/2019\/11\/18\/maltempo-prima-ricognizione-sulle-frane\/","url":"https:\/\/www.bellunopress.it\/2019\/11\/18\/maltempo-prima-ricognizione-sulle-frane\/","name":"Maltempo. Prima ricognizione sulle frane - Bellunopress - Dolomiti","isPartOf":{"@id":"https:\/\/www.bellunopress.it\/#website"},"primaryImageOfPage":{"@id":"https:\/\/www.bellunopress.it\/2019\/11\/18\/maltempo-prima-ricognizione-sulle-frane\/#primaryimage"},"image":{"@id":"https:\/\/www.bellunopress.it\/2019\/11\/18\/maltempo-prima-ricognizione-sulle-frane\/#primaryimage"},"thumbnailUrl":"http:\/\/www.bellunopress.it\/wp-content\/uploads\/2019\/05\/Frana-Schiucaz-Alpago.jpg","datePublished":"2019-11-18T12:57:31+00:00","breadcrumb":{"@id":"https:\/\/www.bellunopress.it\/2019\/11\/18\/maltempo-prima-ricognizione-sulle-frane\/#breadcrumb"},"inLanguage":"fr-FR","potentialAction":[{"@type":"ReadAction","target":["https:\/\/www.bellunopress.it\/2019\/11\/18\/maltempo-prima-ricognizione-sulle-frane\/"]}]},{"@type":"ImageObject","inLanguage":"fr-FR","@id":"https:\/\/www.bellunopress.it\/2019\/11\/18\/maltempo-prima-ricognizione-sulle-frane\/#primaryimage","url":"http:\/\/www.bellunopress.it\/wp-content\/uploads\/2019\/05\/Frana-Schiucaz-Alpago.jpg","contentUrl":"http:\/\/www.bellunopress.it\/wp-content\/uploads\/2019\/05\/Frana-Schiucaz-Alpago.jpg"},{"@type":"BreadcrumbList","@id":"https:\/\/www.bellunopress.it\/2019\/11\/18\/maltempo-prima-ricognizione-sulle-frane\/#breadcrumb","itemListElement":[{"@type":"ListItem","position":1,"name":"Home","item":"https:\/\/www.bellunopress.it\/"},{"@type":"ListItem","position":2,"name":"Maltempo. Prima ricognizione sulle frane"}]},{"@type":"WebSite","@id":"https:\/\/www.bellunopress.it\/#website","url":"https:\/\/www.bellunopress.it\/","name":"Bellunopress - Dolomiti","description":"e-mail: redazione@bellunopress.it","publisher":{"@id":"https:\/\/www.bellunopress.it\/#organization"},"potentialAction":[{"@type":"SearchAction","target":{"@type":"EntryPoint","urlTemplate":"https:\/\/www.bellunopress.it\/?s={search_term_string}"},"query-input":{"@type":"PropertyValueSpecification","valueRequired":true,"valueName":"search_term_string"}}],"inLanguage":"fr-FR"},{"@type":"Organization","@id":"https:\/\/www.bellunopress.it\/#organization","name":"Bellunopress","url":"https:\/\/www.bellunopress.it\/","logo":{"@type":"ImageObject","inLanguage":"fr-FR","@id":"https:\/\/www.bellunopress.it\/#\/schema\/logo\/image\/","url":"https:\/\/www.bellunopress.it\/wp-content\/uploads\/2011\/05\/cropped-logo-bellunopress-.jpg","contentUrl":"https:\/\/www.bellunopress.it\/wp-content\/uploads\/2011\/05\/cropped-logo-bellunopress-.jpg","width":512,"height":512,"caption":"Bellunopress"},"image":{"@id":"https:\/\/www.bellunopress.it\/#\/schema\/logo\/image\/"},"sameAs":["https:\/\/www.facebook.com\/profile.php?id=100008943462799","https:\/\/x.com\/bellunopress","https:\/\/www.linkedin.com\/hp\/?dnr=JBzUWaJfMUw8vbXJJ2tVW5-I3jZKvC4wsoxE&amp;amp;amp;amp;amp;amp;trk=nav_responsive_tab_home","https:\/\/www.youtube.com\/channel\/UCxL0wu1uN0_3_7hGG0306cw"]},{"@type":"Person","@id":"https:\/\/www.bellunopress.it\/#\/schema\/person\/79bb06722b37ece1c03d3e94beb30d73","name":"r\u00e9daction","image":{"@type":"ImageObject","inLanguage":"fr-FR","@id":"https:\/\/secure.gravatar.com\/avatar\/37d968a2e67a6fd04c169c4bdef102d0bc5d31b2546345219e348575eb80e9a0?s=96&d=mm&r=g","url":"https:\/\/secure.gravatar.com\/avatar\/37d968a2e67a6fd04c169c4bdef102d0bc5d31b2546345219e348575eb80e9a0?s=96&d=mm&r=g","contentUrl":"https:\/\/secure.gravatar.com\/avatar\/37d968a2e67a6fd04c169c4bdef102d0bc5d31b2546345219e348575eb80e9a0?s=96&d=mm&r=g","caption":"redazione"},"sameAs":["http:\/\/www.bellunopress.it","https:\/\/x.com\/bellunopress"],"url":"https:\/\/www.bellunopress.it\/fr\/author\/redazione\/"}]}},"_links":{"self":[{"href":"https:\/\/www.bellunopress.it\/fr\/wp-json\/wp\/v2\/posts\/109725","targetHints":{"allow":["GET"]}}],"collection":[{"href":"https:\/\/www.bellunopress.it\/fr\/wp-json\/wp\/v2\/posts"}],"about":[{"href":"https:\/\/www.bellunopress.it\/fr\/wp-json\/wp\/v2\/types\/post"}],"author":[{"embeddable":true,"href":"https:\/\/www.bellunopress.it\/fr\/wp-json\/wp\/v2\/users\/2"}],"replies":[{"embeddable":true,"href":"https:\/\/www.bellunopress.it\/fr\/wp-json\/wp\/v2\/comments?post=109725"}],"version-history":[{"count":1,"href":"https:\/\/www.bellunopress.it\/fr\/wp-json\/wp\/v2\/posts\/109725\/revisions"}],"predecessor-version":[{"id":109726,"href":"https:\/\/www.bellunopress.it\/fr\/wp-json\/wp\/v2\/posts\/109725\/revisions\/109726"}],"wp:attachment":[{"href":"https:\/\/www.bellunopress.it\/fr\/wp-json\/wp\/v2\/media?parent=109725"}],"wp:term":[{"taxonomy":"category","embeddable":true,"href":"https:\/\/www.bellunopress.it\/fr\/wp-json\/wp\/v2\/categories?post=109725"},{"taxonomy":"post_tag","embeddable":true,"href":"https:\/\/www.bellunopress.it\/fr\/wp-json\/wp\/v2\/tags?post=109725"}],"curies":[{"name":"wp","href":"https:\/\/api.w.org\/{rel}","templated":true}]}}