{"id":109667,"date":"2019-11-16T22:50:31","date_gmt":"2019-11-16T21:50:31","guid":{"rendered":"http:\/\/www.bellunopress.it\/?p=109667"},"modified":"2019-11-16T22:50:31","modified_gmt":"2019-11-16T21:50:31","slug":"progetto-torni-a-belluno-un-gioiello-dipinto-da-cesare-vecellio-lunedi-al-borgo-il-concerto-per-la-raccolta-fondi","status":"publish","type":"post","link":"https:\/\/www.bellunopress.it\/fr\/2019\/11\/16\/progetto-torni-a-belluno-un-gioiello-dipinto-da-cesare-vecellio-lunedi-al-borgo-il-concerto-per-la-raccolta-fondi\/","title":{"rendered":"Progetto &#8220;Torni a Belluno un gioiello dipinto da Cesare Vecellio. Luned\u00ec Al Borgo il concerto per la raccolta fondi"},"content":{"rendered":"<p>Luned\u00ec 18 novembre alle ore 20.00 alla cavea del ristorante Al Borgo in localit\u00e0 Anconetta a Belluno, si terr\u00e0 il concerto a cura dell&#8217;Accademia Il Giardino delle Muse, cui seguir\u00e0 la cena.<\/p>\n<figure id=\"attachment_86622\" aria-describedby=\"caption-attachment-86622\" style=\"width: 300px\" class=\"wp-caption alignleft\"><a href=\"http:\/\/www.bellunopress.it\/fr\/2017\/05\/23\/venerdi-al-ristorante-al-borgo-di-belluno-lo-spettacolo-su-dannunzio-e-labruzzo\/ristorante-al-borgo\/\" rel=\"attachment wp-att-86622\"><img loading=\"lazy\" decoding=\"async\" class=\"size-full wp-image-86622\" src=\"http:\/\/www.bellunopress.it\/wp-content\/uploads\/2017\/05\/ristorante-al-borgo.jpg\" alt=\"\" width=\"300\" height=\"200\" \/><\/a><figcaption id=\"caption-attachment-86622\" class=\"wp-caption-text\">Ristorante Al Borgo &#8211; Anconetta (Belluno)<\/figcaption><\/figure>\n<p>L&#8217;iniziativa, a sostegno del progetto &#8220;Torni a Belluno un gioiello dipinto da Cesare Vecellio&#8221;, \u00e8 promossa dall&#8217;Associazione Amici del Borgo, con la collaborazione della Scuola Comunale di Musica &#8220;Antonio Miari&#8221; di Belluno e il Conservatorio di Musica &#8220;Agostino Steffani&#8221; di Castelfranco Veneto (Treviso), ente gestore della &#8220;Miari&#8221;.<\/p>\n<p>l&#8217;Accademia Il Giardino delle Muse \u00e8 composta da Simone Erre (flauti dolci, traversa rinascimentale e direzione), docente di flauto dolce e traversiere barocco presso lo &#8220;Steffani&#8221;, Giorgio Cassetta (flauti dolci), professore di Oboe al Conservatorio trevigiano e diplomato anche in Flauto dolce, e la talentuosa studentessa della classe di Erre Benedetta Ferracin (flauti dolci).<\/p>\n<p>Verr\u00e0 presentato un programma dal titolo consono all&#8217;occasione, &#8220;Musiche al tempo di Cesare Vecellio&#8221;. Si tratta infatti di un concerto fuori programma che rientra nel progetto &#8220;Torni a Belluno un gioiello dipinto da Cesare Vecellio&#8221;, nell&#8217;ottica di una raccolta fondi a sostegno dell&#8217;acquisto di uno dei volumi della Biblioteca Piloni per la Biblioteca civica di Belluno (36.000 euro): Scriptores historiae Augustae di Svetonius Tranquillus Gaius, Basilea, F. Froben et Nic. Episcopius Iulii 1533.<\/p>\n<p>Seguir\u00e0 la cena al ristorante Al Borgo, l&#8217;adesione \u00e8 aperta a tutti al costo di 35 euro (per prenotazioni tel. 0437926755).<\/p>","protected":false},"excerpt":{"rendered":"<p>Luned\u00ec 18 novembre alle ore 20.00 alla cavea del ristorante Al Borgo in localit\u00e0 Anconetta a Belluno, si terr\u00e0 il concerto a cura dell&#8217;Accademia Il Giardino delle Muse, cui seguir\u00e0 la cena. L&#8217;iniziativa, a sostegno del progetto &#8220;Torni a Belluno un gioiello dipinto da Cesare Vecellio&#8221;, \u00e8 promossa dall&#8217;Associazione Amici del Borgo, con la collaborazione [&hellip;]<\/p>\n","protected":false},"author":2,"featured_media":0,"comment_status":"closed","ping_status":"open","sticky":false,"template":"","format":"standard","meta":{"footnotes":""},"categories":[27,3,25],"tags":[],"class_list":["post-109667","post","type-post","status-publish","format-standard","category-appuntamenti","category-arte-cultura-spettacoli-scienza-archivi","category-pausa-caffe"],"yoast_head":"<!-- This site is optimized with the Yoast SEO plugin v28.4 - https:\/\/yoast.com\/product\/yoast-seo-wordpress\/ -->\n<title>Progetto &quot;Torni a Belluno un gioiello dipinto da Cesare Vecellio. Luned\u00ec Al Borgo il concerto per la raccolta fondi - Bellunopress - Dolomiti<\/title>\n<meta name=\"robots\" content=\"index, follow, max-snippet:-1, max-image-preview:large, max-video-preview:-1\" \/>\n<link rel=\"canonical\" href=\"https:\/\/www.bellunopress.it\/fr\/2019\/11\/16\/progetto-torni-a-belluno-un-gioiello-dipinto-da-cesare-vecellio-lunedi-al-borgo-il-concerto-per-la-raccolta-fondi\/\" \/>\n<meta property=\"og:locale\" content=\"fr_FR\" \/>\n<meta property=\"og:type\" content=\"article\" \/>\n<meta property=\"og:title\" content=\"Progetto &quot;Torni a Belluno un gioiello dipinto da Cesare Vecellio. Luned\u00ec Al Borgo il concerto per la raccolta fondi - Bellunopress - Dolomiti\" \/>\n<meta property=\"og:description\" content=\"Luned\u00ec 18 novembre alle ore 20.00 alla cavea del ristorante Al Borgo in localit\u00e0 Anconetta a Belluno, si terr\u00e0 il concerto a cura dell&#8217;Accademia Il Giardino delle Muse, cui seguir\u00e0 la cena. L&#8217;iniziativa, a sostegno del progetto &#8220;Torni a Belluno un gioiello dipinto da Cesare Vecellio&#8221;, \u00e8 promossa dall&#8217;Associazione Amici del Borgo, con la collaborazione [&hellip;]\" \/>\n<meta property=\"og:url\" content=\"https:\/\/www.bellunopress.it\/fr\/2019\/11\/16\/progetto-torni-a-belluno-un-gioiello-dipinto-da-cesare-vecellio-lunedi-al-borgo-il-concerto-per-la-raccolta-fondi\/\" \/>\n<meta property=\"og:site_name\" content=\"Bellunopress - Dolomiti\" \/>\n<meta property=\"article:publisher\" content=\"https:\/\/www.facebook.com\/profile.php?id=100008943462799\" \/>\n<meta property=\"article:published_time\" content=\"2019-11-16T21:50:31+00:00\" \/>\n<meta property=\"og:image\" content=\"http:\/\/www.bellunopress.it\/wp-content\/uploads\/2017\/05\/ristorante-al-borgo.jpg\" \/>\n<meta name=\"author\" content=\"redazione\" \/>\n<meta name=\"twitter:card\" content=\"summary_large_image\" \/>\n<meta name=\"twitter:creator\" content=\"@bellunopress\" \/>\n<meta name=\"twitter:site\" content=\"@bellunopress\" \/>\n<meta name=\"twitter:label1\" content=\"Written by\" \/>\n\t<meta name=\"twitter:data1\" content=\"redazione\" \/>\n\t<meta name=\"twitter:label2\" content=\"Est. reading time\" \/>\n\t<meta name=\"twitter:data2\" content=\"1 minute\" \/>\n<script type=\"application\/ld+json\" class=\"yoast-schema-graph\">{\"@context\":\"https:\\\/\\\/schema.org\",\"@graph\":[{\"@type\":\"Article\",\"@id\":\"https:\\\/\\\/www.bellunopress.it\\\/2019\\\/11\\\/16\\\/progetto-torni-a-belluno-un-gioiello-dipinto-da-cesare-vecellio-lunedi-al-borgo-il-concerto-per-la-raccolta-fondi\\\/#article\",\"isPartOf\":{\"@id\":\"https:\\\/\\\/www.bellunopress.it\\\/2019\\\/11\\\/16\\\/progetto-torni-a-belluno-un-gioiello-dipinto-da-cesare-vecellio-lunedi-al-borgo-il-concerto-per-la-raccolta-fondi\\\/\"},\"author\":{\"name\":\"redazione\",\"@id\":\"https:\\\/\\\/www.bellunopress.it\\\/#\\\/schema\\\/person\\\/79bb06722b37ece1c03d3e94beb30d73\"},\"headline\":\"Progetto &#8220;Torni a Belluno un gioiello dipinto da Cesare Vecellio. Luned\u00ec Al Borgo il concerto per la raccolta fondi\",\"datePublished\":\"2019-11-16T21:50:31+00:00\",\"mainEntityOfPage\":{\"@id\":\"https:\\\/\\\/www.bellunopress.it\\\/2019\\\/11\\\/16\\\/progetto-torni-a-belluno-un-gioiello-dipinto-da-cesare-vecellio-lunedi-al-borgo-il-concerto-per-la-raccolta-fondi\\\/\"},\"wordCount\":258,\"publisher\":{\"@id\":\"https:\\\/\\\/www.bellunopress.it\\\/#organization\"},\"image\":{\"@id\":\"https:\\\/\\\/www.bellunopress.it\\\/2019\\\/11\\\/16\\\/progetto-torni-a-belluno-un-gioiello-dipinto-da-cesare-vecellio-lunedi-al-borgo-il-concerto-per-la-raccolta-fondi\\\/#primaryimage\"},\"thumbnailUrl\":\"http:\\\/\\\/www.bellunopress.it\\\/wp-content\\\/uploads\\\/2017\\\/05\\\/ristorante-al-borgo.jpg\",\"articleSection\":[\"Appuntamenti, Eventi\",\"Arte, Cultura, Spettacoli, Scienza\",\"Pausa Caff\u00e8\"],\"inLanguage\":\"fr-FR\"},{\"@type\":\"WebPage\",\"@id\":\"https:\\\/\\\/www.bellunopress.it\\\/2019\\\/11\\\/16\\\/progetto-torni-a-belluno-un-gioiello-dipinto-da-cesare-vecellio-lunedi-al-borgo-il-concerto-per-la-raccolta-fondi\\\/\",\"url\":\"https:\\\/\\\/www.bellunopress.it\\\/2019\\\/11\\\/16\\\/progetto-torni-a-belluno-un-gioiello-dipinto-da-cesare-vecellio-lunedi-al-borgo-il-concerto-per-la-raccolta-fondi\\\/\",\"name\":\"Progetto \\\"Torni a Belluno un gioiello dipinto da Cesare Vecellio. Luned\u00ec Al Borgo il concerto per la raccolta fondi - Bellunopress - Dolomiti\",\"isPartOf\":{\"@id\":\"https:\\\/\\\/www.bellunopress.it\\\/#website\"},\"primaryImageOfPage\":{\"@id\":\"https:\\\/\\\/www.bellunopress.it\\\/2019\\\/11\\\/16\\\/progetto-torni-a-belluno-un-gioiello-dipinto-da-cesare-vecellio-lunedi-al-borgo-il-concerto-per-la-raccolta-fondi\\\/#primaryimage\"},\"image\":{\"@id\":\"https:\\\/\\\/www.bellunopress.it\\\/2019\\\/11\\\/16\\\/progetto-torni-a-belluno-un-gioiello-dipinto-da-cesare-vecellio-lunedi-al-borgo-il-concerto-per-la-raccolta-fondi\\\/#primaryimage\"},\"thumbnailUrl\":\"http:\\\/\\\/www.bellunopress.it\\\/wp-content\\\/uploads\\\/2017\\\/05\\\/ristorante-al-borgo.jpg\",\"datePublished\":\"2019-11-16T21:50:31+00:00\",\"breadcrumb\":{\"@id\":\"https:\\\/\\\/www.bellunopress.it\\\/2019\\\/11\\\/16\\\/progetto-torni-a-belluno-un-gioiello-dipinto-da-cesare-vecellio-lunedi-al-borgo-il-concerto-per-la-raccolta-fondi\\\/#breadcrumb\"},\"inLanguage\":\"fr-FR\",\"potentialAction\":[{\"@type\":\"ReadAction\",\"target\":[\"https:\\\/\\\/www.bellunopress.it\\\/2019\\\/11\\\/16\\\/progetto-torni-a-belluno-un-gioiello-dipinto-da-cesare-vecellio-lunedi-al-borgo-il-concerto-per-la-raccolta-fondi\\\/\"]}]},{\"@type\":\"ImageObject\",\"inLanguage\":\"fr-FR\",\"@id\":\"https:\\\/\\\/www.bellunopress.it\\\/2019\\\/11\\\/16\\\/progetto-torni-a-belluno-un-gioiello-dipinto-da-cesare-vecellio-lunedi-al-borgo-il-concerto-per-la-raccolta-fondi\\\/#primaryimage\",\"url\":\"http:\\\/\\\/www.bellunopress.it\\\/wp-content\\\/uploads\\\/2017\\\/05\\\/ristorante-al-borgo.jpg\",\"contentUrl\":\"http:\\\/\\\/www.bellunopress.it\\\/wp-content\\\/uploads\\\/2017\\\/05\\\/ristorante-al-borgo.jpg\"},{\"@type\":\"BreadcrumbList\",\"@id\":\"https:\\\/\\\/www.bellunopress.it\\\/2019\\\/11\\\/16\\\/progetto-torni-a-belluno-un-gioiello-dipinto-da-cesare-vecellio-lunedi-al-borgo-il-concerto-per-la-raccolta-fondi\\\/#breadcrumb\",\"itemListElement\":[{\"@type\":\"ListItem\",\"position\":1,\"name\":\"Home\",\"item\":\"https:\\\/\\\/www.bellunopress.it\\\/\"},{\"@type\":\"ListItem\",\"position\":2,\"name\":\"Progetto &#8220;Torni a Belluno un gioiello dipinto da Cesare Vecellio. Luned\u00ec Al Borgo il concerto per la raccolta fondi\"}]},{\"@type\":\"WebSite\",\"@id\":\"https:\\\/\\\/www.bellunopress.it\\\/#website\",\"url\":\"https:\\\/\\\/www.bellunopress.it\\\/\",\"name\":\"Bellunopress - Dolomiti\",\"description\":\"e-mail: redazione@bellunopress.it\",\"publisher\":{\"@id\":\"https:\\\/\\\/www.bellunopress.it\\\/#organization\"},\"potentialAction\":[{\"@type\":\"SearchAction\",\"target\":{\"@type\":\"EntryPoint\",\"urlTemplate\":\"https:\\\/\\\/www.bellunopress.it\\\/?s={search_term_string}\"},\"query-input\":{\"@type\":\"PropertyValueSpecification\",\"valueRequired\":true,\"valueName\":\"search_term_string\"}}],\"inLanguage\":\"fr-FR\"},{\"@type\":\"Organization\",\"@id\":\"https:\\\/\\\/www.bellunopress.it\\\/#organization\",\"name\":\"Bellunopress\",\"url\":\"https:\\\/\\\/www.bellunopress.it\\\/\",\"logo\":{\"@type\":\"ImageObject\",\"inLanguage\":\"fr-FR\",\"@id\":\"https:\\\/\\\/www.bellunopress.it\\\/#\\\/schema\\\/logo\\\/image\\\/\",\"url\":\"https:\\\/\\\/www.bellunopress.it\\\/wp-content\\\/uploads\\\/2011\\\/05\\\/cropped-logo-bellunopress-.jpg\",\"contentUrl\":\"https:\\\/\\\/www.bellunopress.it\\\/wp-content\\\/uploads\\\/2011\\\/05\\\/cropped-logo-bellunopress-.jpg\",\"width\":512,\"height\":512,\"caption\":\"Bellunopress\"},\"image\":{\"@id\":\"https:\\\/\\\/www.bellunopress.it\\\/#\\\/schema\\\/logo\\\/image\\\/\"},\"sameAs\":[\"https:\\\/\\\/www.facebook.com\\\/profile.php?id=100008943462799\",\"https:\\\/\\\/x.com\\\/bellunopress\",\"https:\\\/\\\/www.linkedin.com\\\/hp\\\/?dnr=JBzUWaJfMUw8vbXJJ2tVW5-I3jZKvC4wsoxE&amp;amp;amp;amp;amp;amp;trk=nav_responsive_tab_home\",\"https:\\\/\\\/www.youtube.com\\\/channel\\\/UCxL0wu1uN0_3_7hGG0306cw\"]},{\"@type\":\"Person\",\"@id\":\"https:\\\/\\\/www.bellunopress.it\\\/#\\\/schema\\\/person\\\/79bb06722b37ece1c03d3e94beb30d73\",\"name\":\"redazione\",\"image\":{\"@type\":\"ImageObject\",\"inLanguage\":\"fr-FR\",\"@id\":\"https:\\\/\\\/secure.gravatar.com\\\/avatar\\\/37d968a2e67a6fd04c169c4bdef102d0bc5d31b2546345219e348575eb80e9a0?s=96&d=mm&r=g\",\"url\":\"https:\\\/\\\/secure.gravatar.com\\\/avatar\\\/37d968a2e67a6fd04c169c4bdef102d0bc5d31b2546345219e348575eb80e9a0?s=96&d=mm&r=g\",\"contentUrl\":\"https:\\\/\\\/secure.gravatar.com\\\/avatar\\\/37d968a2e67a6fd04c169c4bdef102d0bc5d31b2546345219e348575eb80e9a0?s=96&d=mm&r=g\",\"caption\":\"redazione\"},\"sameAs\":[\"http:\\\/\\\/www.bellunopress.it\",\"https:\\\/\\\/x.com\\\/bellunopress\"],\"url\":\"https:\\\/\\\/www.bellunopress.it\\\/fr\\\/author\\\/redazione\\\/\"}]}<\/script>\n<!-- \/ Yoast SEO plugin. -->","yoast_head_json":{"title":"Progetto \"Torni a Belluno un gioiello dipinto da Cesare Vecellio. Luned\u00ec Al Borgo il concerto per la raccolta fondi - Bellunopress - Dolomiti","robots":{"index":"index","follow":"follow","max-snippet":"max-snippet:-1","max-image-preview":"max-image-preview:large","max-video-preview":"max-video-preview:-1"},"canonical":"https:\/\/www.bellunopress.it\/fr\/2019\/11\/16\/progetto-torni-a-belluno-un-gioiello-dipinto-da-cesare-vecellio-lunedi-al-borgo-il-concerto-per-la-raccolta-fondi\/","og_locale":"fr_FR","og_type":"article","og_title":"Progetto \"Torni a Belluno un gioiello dipinto da Cesare Vecellio. Luned\u00ec Al Borgo il concerto per la raccolta fondi - Bellunopress - Dolomiti","og_description":"Luned\u00ec 18 novembre alle ore 20.00 alla cavea del ristorante Al Borgo in localit\u00e0 Anconetta a Belluno, si terr\u00e0 il concerto a cura dell&#8217;Accademia Il Giardino delle Muse, cui seguir\u00e0 la cena. L&#8217;iniziativa, a sostegno del progetto &#8220;Torni a Belluno un gioiello dipinto da Cesare Vecellio&#8221;, \u00e8 promossa dall&#8217;Associazione Amici del Borgo, con la collaborazione [&hellip;]","og_url":"https:\/\/www.bellunopress.it\/fr\/2019\/11\/16\/progetto-torni-a-belluno-un-gioiello-dipinto-da-cesare-vecellio-lunedi-al-borgo-il-concerto-per-la-raccolta-fondi\/","og_site_name":"Bellunopress - Dolomiti","article_publisher":"https:\/\/www.facebook.com\/profile.php?id=100008943462799","article_published_time":"2019-11-16T21:50:31+00:00","og_image":[{"url":"http:\/\/www.bellunopress.it\/wp-content\/uploads\/2017\/05\/ristorante-al-borgo.jpg","type":"","width":"","height":""}],"author":"redazione","twitter_card":"summary_large_image","twitter_creator":"@bellunopress","twitter_site":"@bellunopress","twitter_misc":{"Written by":"redazione","Est. reading time":"1 minute"},"schema":{"@context":"https:\/\/schema.org","@graph":[{"@type":"Article","@id":"https:\/\/www.bellunopress.it\/2019\/11\/16\/progetto-torni-a-belluno-un-gioiello-dipinto-da-cesare-vecellio-lunedi-al-borgo-il-concerto-per-la-raccolta-fondi\/#article","isPartOf":{"@id":"https:\/\/www.bellunopress.it\/2019\/11\/16\/progetto-torni-a-belluno-un-gioiello-dipinto-da-cesare-vecellio-lunedi-al-borgo-il-concerto-per-la-raccolta-fondi\/"},"author":{"name":"redazione","@id":"https:\/\/www.bellunopress.it\/#\/schema\/person\/79bb06722b37ece1c03d3e94beb30d73"},"headline":"Progetto &#8220;Torni a Belluno un gioiello dipinto da Cesare Vecellio. Luned\u00ec Al Borgo il concerto per la raccolta fondi","datePublished":"2019-11-16T21:50:31+00:00","mainEntityOfPage":{"@id":"https:\/\/www.bellunopress.it\/2019\/11\/16\/progetto-torni-a-belluno-un-gioiello-dipinto-da-cesare-vecellio-lunedi-al-borgo-il-concerto-per-la-raccolta-fondi\/"},"wordCount":258,"publisher":{"@id":"https:\/\/www.bellunopress.it\/#organization"},"image":{"@id":"https:\/\/www.bellunopress.it\/2019\/11\/16\/progetto-torni-a-belluno-un-gioiello-dipinto-da-cesare-vecellio-lunedi-al-borgo-il-concerto-per-la-raccolta-fondi\/#primaryimage"},"thumbnailUrl":"http:\/\/www.bellunopress.it\/wp-content\/uploads\/2017\/05\/ristorante-al-borgo.jpg","articleSection":["Appuntamenti, Eventi","Arte, Cultura, Spettacoli, Scienza","Pausa Caff\u00e8"],"inLanguage":"fr-FR"},{"@type":"WebPage","@id":"https:\/\/www.bellunopress.it\/2019\/11\/16\/progetto-torni-a-belluno-un-gioiello-dipinto-da-cesare-vecellio-lunedi-al-borgo-il-concerto-per-la-raccolta-fondi\/","url":"https:\/\/www.bellunopress.it\/2019\/11\/16\/progetto-torni-a-belluno-un-gioiello-dipinto-da-cesare-vecellio-lunedi-al-borgo-il-concerto-per-la-raccolta-fondi\/","name":"Progetto \"Torni a Belluno un gioiello dipinto da Cesare Vecellio. Luned\u00ec Al Borgo il concerto per la raccolta fondi - Bellunopress - Dolomiti","isPartOf":{"@id":"https:\/\/www.bellunopress.it\/#website"},"primaryImageOfPage":{"@id":"https:\/\/www.bellunopress.it\/2019\/11\/16\/progetto-torni-a-belluno-un-gioiello-dipinto-da-cesare-vecellio-lunedi-al-borgo-il-concerto-per-la-raccolta-fondi\/#primaryimage"},"image":{"@id":"https:\/\/www.bellunopress.it\/2019\/11\/16\/progetto-torni-a-belluno-un-gioiello-dipinto-da-cesare-vecellio-lunedi-al-borgo-il-concerto-per-la-raccolta-fondi\/#primaryimage"},"thumbnailUrl":"http:\/\/www.bellunopress.it\/wp-content\/uploads\/2017\/05\/ristorante-al-borgo.jpg","datePublished":"2019-11-16T21:50:31+00:00","breadcrumb":{"@id":"https:\/\/www.bellunopress.it\/2019\/11\/16\/progetto-torni-a-belluno-un-gioiello-dipinto-da-cesare-vecellio-lunedi-al-borgo-il-concerto-per-la-raccolta-fondi\/#breadcrumb"},"inLanguage":"fr-FR","potentialAction":[{"@type":"ReadAction","target":["https:\/\/www.bellunopress.it\/2019\/11\/16\/progetto-torni-a-belluno-un-gioiello-dipinto-da-cesare-vecellio-lunedi-al-borgo-il-concerto-per-la-raccolta-fondi\/"]}]},{"@type":"ImageObject","inLanguage":"fr-FR","@id":"https:\/\/www.bellunopress.it\/2019\/11\/16\/progetto-torni-a-belluno-un-gioiello-dipinto-da-cesare-vecellio-lunedi-al-borgo-il-concerto-per-la-raccolta-fondi\/#primaryimage","url":"http:\/\/www.bellunopress.it\/wp-content\/uploads\/2017\/05\/ristorante-al-borgo.jpg","contentUrl":"http:\/\/www.bellunopress.it\/wp-content\/uploads\/2017\/05\/ristorante-al-borgo.jpg"},{"@type":"BreadcrumbList","@id":"https:\/\/www.bellunopress.it\/2019\/11\/16\/progetto-torni-a-belluno-un-gioiello-dipinto-da-cesare-vecellio-lunedi-al-borgo-il-concerto-per-la-raccolta-fondi\/#breadcrumb","itemListElement":[{"@type":"ListItem","position":1,"name":"Home","item":"https:\/\/www.bellunopress.it\/"},{"@type":"ListItem","position":2,"name":"Progetto &#8220;Torni a Belluno un gioiello dipinto da Cesare Vecellio. Luned\u00ec Al Borgo il concerto per la raccolta fondi"}]},{"@type":"WebSite","@id":"https:\/\/www.bellunopress.it\/#website","url":"https:\/\/www.bellunopress.it\/","name":"Bellunopress - Dolomiti","description":"e-mail: redazione@bellunopress.it","publisher":{"@id":"https:\/\/www.bellunopress.it\/#organization"},"potentialAction":[{"@type":"SearchAction","target":{"@type":"EntryPoint","urlTemplate":"https:\/\/www.bellunopress.it\/?s={search_term_string}"},"query-input":{"@type":"PropertyValueSpecification","valueRequired":true,"valueName":"search_term_string"}}],"inLanguage":"fr-FR"},{"@type":"Organization","@id":"https:\/\/www.bellunopress.it\/#organization","name":"Bellunopress","url":"https:\/\/www.bellunopress.it\/","logo":{"@type":"ImageObject","inLanguage":"fr-FR","@id":"https:\/\/www.bellunopress.it\/#\/schema\/logo\/image\/","url":"https:\/\/www.bellunopress.it\/wp-content\/uploads\/2011\/05\/cropped-logo-bellunopress-.jpg","contentUrl":"https:\/\/www.bellunopress.it\/wp-content\/uploads\/2011\/05\/cropped-logo-bellunopress-.jpg","width":512,"height":512,"caption":"Bellunopress"},"image":{"@id":"https:\/\/www.bellunopress.it\/#\/schema\/logo\/image\/"},"sameAs":["https:\/\/www.facebook.com\/profile.php?id=100008943462799","https:\/\/x.com\/bellunopress","https:\/\/www.linkedin.com\/hp\/?dnr=JBzUWaJfMUw8vbXJJ2tVW5-I3jZKvC4wsoxE&amp;amp;amp;amp;amp;amp;trk=nav_responsive_tab_home","https:\/\/www.youtube.com\/channel\/UCxL0wu1uN0_3_7hGG0306cw"]},{"@type":"Person","@id":"https:\/\/www.bellunopress.it\/#\/schema\/person\/79bb06722b37ece1c03d3e94beb30d73","name":"r\u00e9daction","image":{"@type":"ImageObject","inLanguage":"fr-FR","@id":"https:\/\/secure.gravatar.com\/avatar\/37d968a2e67a6fd04c169c4bdef102d0bc5d31b2546345219e348575eb80e9a0?s=96&d=mm&r=g","url":"https:\/\/secure.gravatar.com\/avatar\/37d968a2e67a6fd04c169c4bdef102d0bc5d31b2546345219e348575eb80e9a0?s=96&d=mm&r=g","contentUrl":"https:\/\/secure.gravatar.com\/avatar\/37d968a2e67a6fd04c169c4bdef102d0bc5d31b2546345219e348575eb80e9a0?s=96&d=mm&r=g","caption":"redazione"},"sameAs":["http:\/\/www.bellunopress.it","https:\/\/x.com\/bellunopress"],"url":"https:\/\/www.bellunopress.it\/fr\/author\/redazione\/"}]}},"_links":{"self":[{"href":"https:\/\/www.bellunopress.it\/fr\/wp-json\/wp\/v2\/posts\/109667","targetHints":{"allow":["GET"]}}],"collection":[{"href":"https:\/\/www.bellunopress.it\/fr\/wp-json\/wp\/v2\/posts"}],"about":[{"href":"https:\/\/www.bellunopress.it\/fr\/wp-json\/wp\/v2\/types\/post"}],"author":[{"embeddable":true,"href":"https:\/\/www.bellunopress.it\/fr\/wp-json\/wp\/v2\/users\/2"}],"replies":[{"embeddable":true,"href":"https:\/\/www.bellunopress.it\/fr\/wp-json\/wp\/v2\/comments?post=109667"}],"version-history":[{"count":1,"href":"https:\/\/www.bellunopress.it\/fr\/wp-json\/wp\/v2\/posts\/109667\/revisions"}],"predecessor-version":[{"id":109668,"href":"https:\/\/www.bellunopress.it\/fr\/wp-json\/wp\/v2\/posts\/109667\/revisions\/109668"}],"wp:attachment":[{"href":"https:\/\/www.bellunopress.it\/fr\/wp-json\/wp\/v2\/media?parent=109667"}],"wp:term":[{"taxonomy":"category","embeddable":true,"href":"https:\/\/www.bellunopress.it\/fr\/wp-json\/wp\/v2\/categories?post=109667"},{"taxonomy":"post_tag","embeddable":true,"href":"https:\/\/www.bellunopress.it\/fr\/wp-json\/wp\/v2\/tags?post=109667"}],"curies":[{"name":"wp","href":"https:\/\/api.w.org\/{rel}","templated":true}]}}