{"id":109662,"date":"2019-11-16T17:51:30","date_gmt":"2019-11-16T16:51:30","guid":{"rendered":"http:\/\/www.bellunopress.it\/?p=109662"},"modified":"2019-11-16T18:04:21","modified_gmt":"2019-11-16T17:04:21","slug":"maltempo-aggiornamento-ore-17-30-del-16-11-2019-bortoluzzi-peggioramento-precipitazioni-concentrate-nella-notte-dalle-03-alle-15-di-domenica-maltempo-aggiornamento-ore-17-30-del-16-11-2019-ve","status":"publish","type":"post","link":"https:\/\/www.bellunopress.it\/fr\/2019\/11\/16\/maltempo-aggiornamento-ore-17-30-del-16-11-2019-bortoluzzi-peggioramento-precipitazioni-concentrate-nella-notte-dalle-03-alle-15-di-domenica-maltempo-aggiornamento-ore-17-30-del-16-11-2019-ve\/","title":{"rendered":"Maltempo, aggiornamento ore 17.30 del 16.11.2019  Bortoluzzi: &#8220;Peggioramento, precipitazioni concentrate nella notte dalle 03 alle 15 di domenica. Maltempo, aggiornamento ore 17.30 del 16.11.2019  vento in quota e nevicate oltre i 2mila metri&#8221;"},"content":{"rendered":"<figure id=\"attachment_101096\" aria-describedby=\"caption-attachment-101096\" style=\"width: 247px\" class=\"wp-caption alignleft\"><a href=\"http:\/\/www.bellunopress.it\/fr\/2019\/01\/11\/viabilita-in-valle-del-mis-massimo-bortoluzzi-il-ripristino-completo-a-partire-dalla-prossima-primavera\/massimo-bortoluzzi-consigliere-provinciale\/\" rel=\"attachment wp-att-101096\"><img loading=\"lazy\" decoding=\"async\" class=\"size-full wp-image-101096\" src=\"http:\/\/www.bellunopress.it\/wp-content\/uploads\/2019\/01\/Massimo-Bortoluzzi-consigliere-provinciale.jpg\" alt=\"\" width=\"247\" height=\"300\" \/><\/a><figcaption id=\"caption-attachment-101096\" class=\"wp-caption-text\">Massimo Bortoluzzi, consigliere provinciale<\/figcaption><\/figure>\n<p>Belluno, 16.11.2019 Maltempo, aggiornamento ore 17.30\u00a0 &#8211;\u00a0\u00a0Al termine della riunione del pomeriggio in Prefettura, alla luce delle nuove previsioni meteo, la sala operativa riprende la piena attivit\u00e0 a partire dalle 18.<\/p>\n<p>\u00abIl quadro per le prossime ore, come ci indica l\u2019Arpav, \u00e8 peggiorato &#8211; spiega il consigliere provinciale delegato alla Protezione Civile, Massimo Bortoluzzi -. A partire dalle 18 di oggi e per le seguenti 24 ore ci saranno precipitazioni intense, concentrate soprattutto tra le 3 e le 15. \u00c8 atteso anche vento in quota, con possibili raffiche di 80-100 chilometri orari, pi\u00f9 attenuato nelle valli. Lo Scirocco far\u00e0 salire lo zero termico fino a 2.600 metri, per cui le nevicate sono previste abbondanti solo sopra i 2.000-2.200 metri. Stanti queste condizioni, i codici sono confermati rosso su Vene A (Alto Piave) e arancione su Vene H (Piave Pedemontano)\u00bb.<\/p>\n<p>Per quanto riguarda la rete elettrica, \u00abEnel ci fa sapere di aver portato gruppi elettrogeni in vicinanza di siti importanti, e di aver eseguito in elicottero interventi sulla dorsale &#8211; prosegue Massimo Bortoluzzi -. In serata tutto dovrebbe essere sistemato, anche con la dislocazione di tecnici e mezzi sul territorio, in attesa dell\u2019evolversi della situazione meteo. Terna, invece, non registra criticit\u00e0 nel Bellunese; in zona Casera Melin (Comelico) ci sono alcuni problemi con le piante e bisogner\u00e0 intervenire con l\u2019elicottero, ma le eventuali disalimentazioni riguardano le utenze in Austria. Le nuove tecnologie sperimentate per evitare manicotti di ghiaccio sui tralicci stanno funzionando. Nessuna segnalazione per quanto riguarda la telefonia. Wind ha triplicato la reperibilit\u00e0 delle squadre di pronto intervento\u00bb.<\/p>\n<p>Sul fronte della viabilit\u00e0, \u00ab\u00e8 stato riaperto il Passo Duran, riattivati anche i collegamenti tra Auronzo, Misurina, Carbonin e Cortina &#8211; prosegue Bortoluzzi -. Chiusi, al momento, gli altri passi. Sulla viabilit\u00e0, sono previsti anche interventi di filtraggio da parte delle forze dell\u2019ordine. Sui corsi d&#8217;acqua non ci sono problematiche per ora e non si ravvisano criticit\u00e0 per quanto riguarda le portate. Diverse situazioni rimangono monitorate, specialmente in Agordino; la reperibilit\u00e0 dei volontari di Protezione Civile \u00e8 gi\u00e0 stata attivata.<\/p>\n<p>Per quanto riguarda frane e smottamenti, sono stati effettuati sopralluoghi a Carfon, dove il fronte franoso \u00e8 di circa 40 metri; una ditta \u00e8 gi\u00e0 pronta in loco per eventuali interventi; appena cessati i fenomeni meteo, si potr\u00e0 intervenire. Altri problemi sono stati segnalati per smottamenti a Zopp\u00e8 e Santo Stefano di Cadore. Al momento per\u00f2 \u00e8 tutto sotto controllo\u00bb.<\/p>\n<p>Il Centro Funzionale Decentrato della Protezione Civile della Regione ha emesso un nuovo bollettino nel quale si dichiara l\u2019allerta rossa per criticit\u00e0 idrogeologica sul bacino idrografico Alto Piave e allerta arancio sul bacino Piave Pedemontano. L\u2019allerta arancio per criticit\u00e0 idraulica sulla rete principale \u00e8 dichiarata sull\u2019intero territorio. L\u2019avviso di criticit\u00e0 ha validit\u00e0 dalle ore 20.00 di questa sera alle ore 24 di domani, domenica.<\/p>\n<p>Le previsioni indicano, tra la serata di oggi e la prima parte di domenica, precipitazioni diffuse, pi\u00f9 consistenti sulle zone nord-orientali, a tratti anche intense e localmente a carattere di rovescio temporalesco. Tendenza a diradamento e attenuazione dei fenomeni a partire dal pomeriggio di domenica. Il limite delle nevicate sar\u00e0 in progressivo rialzo fino ad oltre 2000 m in concomitanza col flusso sciroccale e sar\u00e0 poi di nuovo in calo nel pomeriggio di domenica. Dalla serata di oggi rapido e marcato rinforzo dei venti in quota dai quadranti meridionali: saranno da forti a molto forti specie sulle Prealpi centro-orientali. Venti a tratti forti anche sulla costa. Venti in attenuazione nel corso del pomeriggio di Domani.<\/p>","protected":false},"excerpt":{"rendered":"<p>Belluno, 16.11.2019 Maltempo, aggiornamento ore 17.30\u00a0 &#8211;\u00a0\u00a0Al termine della riunione del pomeriggio in Prefettura, alla luce delle nuove previsioni meteo, la sala operativa riprende la piena attivit\u00e0 a partire dalle 18. \u00abIl quadro per le prossime ore, come ci indica l\u2019Arpav, \u00e8 peggiorato &#8211; spiega il consigliere provinciale delegato alla Protezione Civile, Massimo Bortoluzzi -. [&hellip;]<\/p>\n","protected":false},"author":2,"featured_media":0,"comment_status":"closed","ping_status":"open","sticky":false,"template":"","format":"standard","meta":{"footnotes":""},"categories":[5,38,8],"tags":[],"class_list":["post-109662","post","type-post","status-publish","format-standard","category-cronaca","category-natura-ambiente","category-societa-istituzioni"],"yoast_head":"<!-- This site is optimized with the Yoast SEO plugin v28.4 - https:\/\/yoast.com\/product\/yoast-seo-wordpress\/ -->\n<title>Maltempo, aggiornamento ore 17.30 del 16.11.2019 Bortoluzzi: &quot;Peggioramento, precipitazioni concentrate nella notte dalle 03 alle 15 di domenica. Maltempo, aggiornamento ore 17.30 del 16.11.2019 vento in quota e nevicate oltre i 2mila metri&quot; - Bellunopress - Dolomiti<\/title>\n<meta name=\"robots\" content=\"index, follow, max-snippet:-1, max-image-preview:large, max-video-preview:-1\" \/>\n<link rel=\"canonical\" href=\"https:\/\/www.bellunopress.it\/fr\/2019\/11\/16\/maltempo-aggiornamento-ore-17-30-del-16-11-2019-bortoluzzi-peggioramento-precipitazioni-concentrate-nella-notte-dalle-03-alle-15-di-domenica-maltempo-aggiornamento-ore-17-30-del-16-11-2019-ve\/\" \/>\n<meta property=\"og:locale\" content=\"fr_FR\" \/>\n<meta property=\"og:type\" content=\"article\" \/>\n<meta property=\"og:title\" content=\"Maltempo, aggiornamento ore 17.30 del 16.11.2019 Bortoluzzi: &quot;Peggioramento, precipitazioni concentrate nella notte dalle 03 alle 15 di domenica. Maltempo, aggiornamento ore 17.30 del 16.11.2019 vento in quota e nevicate oltre i 2mila metri&quot; - Bellunopress - Dolomiti\" \/>\n<meta property=\"og:description\" content=\"Belluno, 16.11.2019 Maltempo, aggiornamento ore 17.30\u00a0 &#8211;\u00a0\u00a0Al termine della riunione del pomeriggio in Prefettura, alla luce delle nuove previsioni meteo, la sala operativa riprende la piena attivit\u00e0 a partire dalle 18. \u00abIl quadro per le prossime ore, come ci indica l\u2019Arpav, \u00e8 peggiorato &#8211; spiega il consigliere provinciale delegato alla Protezione Civile, Massimo Bortoluzzi -. [&hellip;]\" \/>\n<meta property=\"og:url\" content=\"https:\/\/www.bellunopress.it\/fr\/2019\/11\/16\/maltempo-aggiornamento-ore-17-30-del-16-11-2019-bortoluzzi-peggioramento-precipitazioni-concentrate-nella-notte-dalle-03-alle-15-di-domenica-maltempo-aggiornamento-ore-17-30-del-16-11-2019-ve\/\" \/>\n<meta property=\"og:site_name\" content=\"Bellunopress - Dolomiti\" \/>\n<meta property=\"article:publisher\" content=\"https:\/\/www.facebook.com\/profile.php?id=100008943462799\" \/>\n<meta property=\"article:published_time\" content=\"2019-11-16T16:51:30+00:00\" \/>\n<meta property=\"article:modified_time\" content=\"2019-11-16T17:04:21+00:00\" \/>\n<meta property=\"og:image\" content=\"http:\/\/www.bellunopress.it\/wp-content\/uploads\/2019\/01\/Massimo-Bortoluzzi-consigliere-provinciale.jpg\" \/>\n<meta name=\"author\" content=\"redazione\" \/>\n<meta name=\"twitter:card\" content=\"summary_large_image\" \/>\n<meta name=\"twitter:creator\" content=\"@bellunopress\" \/>\n<meta name=\"twitter:site\" content=\"@bellunopress\" \/>\n<meta name=\"twitter:label1\" content=\"Written by\" \/>\n\t<meta name=\"twitter:data1\" content=\"redazione\" \/>\n\t<meta name=\"twitter:label2\" content=\"Est. reading time\" \/>\n\t<meta name=\"twitter:data2\" content=\"3 minutes\" \/>\n<script type=\"application\/ld+json\" class=\"yoast-schema-graph\">{\"@context\":\"https:\\\/\\\/schema.org\",\"@graph\":[{\"@type\":\"Article\",\"@id\":\"https:\\\/\\\/www.bellunopress.it\\\/2019\\\/11\\\/16\\\/maltempo-aggiornamento-ore-17-30-del-16-11-2019-bortoluzzi-peggioramento-precipitazioni-concentrate-nella-notte-dalle-03-alle-15-di-domenica-maltempo-aggiornamento-ore-17-30-del-16-11-2019-ve\\\/#article\",\"isPartOf\":{\"@id\":\"https:\\\/\\\/www.bellunopress.it\\\/2019\\\/11\\\/16\\\/maltempo-aggiornamento-ore-17-30-del-16-11-2019-bortoluzzi-peggioramento-precipitazioni-concentrate-nella-notte-dalle-03-alle-15-di-domenica-maltempo-aggiornamento-ore-17-30-del-16-11-2019-ve\\\/\"},\"author\":{\"name\":\"redazione\",\"@id\":\"https:\\\/\\\/www.bellunopress.it\\\/#\\\/schema\\\/person\\\/79bb06722b37ece1c03d3e94beb30d73\"},\"headline\":\"Maltempo, aggiornamento ore 17.30 del 16.11.2019 Bortoluzzi: &#8220;Peggioramento, precipitazioni concentrate nella notte dalle 03 alle 15 di domenica. Maltempo, aggiornamento ore 17.30 del 16.11.2019 vento in quota e nevicate oltre i 2mila metri&#8221;\",\"datePublished\":\"2019-11-16T16:51:30+00:00\",\"dateModified\":\"2019-11-16T17:04:21+00:00\",\"mainEntityOfPage\":{\"@id\":\"https:\\\/\\\/www.bellunopress.it\\\/2019\\\/11\\\/16\\\/maltempo-aggiornamento-ore-17-30-del-16-11-2019-bortoluzzi-peggioramento-precipitazioni-concentrate-nella-notte-dalle-03-alle-15-di-domenica-maltempo-aggiornamento-ore-17-30-del-16-11-2019-ve\\\/\"},\"wordCount\":605,\"publisher\":{\"@id\":\"https:\\\/\\\/www.bellunopress.it\\\/#organization\"},\"image\":{\"@id\":\"https:\\\/\\\/www.bellunopress.it\\\/2019\\\/11\\\/16\\\/maltempo-aggiornamento-ore-17-30-del-16-11-2019-bortoluzzi-peggioramento-precipitazioni-concentrate-nella-notte-dalle-03-alle-15-di-domenica-maltempo-aggiornamento-ore-17-30-del-16-11-2019-ve\\\/#primaryimage\"},\"thumbnailUrl\":\"http:\\\/\\\/www.bellunopress.it\\\/wp-content\\\/uploads\\\/2019\\\/01\\\/Massimo-Bortoluzzi-consigliere-provinciale.jpg\",\"articleSection\":[\"Cronaca\\\/Politica\",\"Meteo, natura, ambiente, animali\",\"Societ\u00e0, Associazioni, Istituzioni\"],\"inLanguage\":\"fr-FR\"},{\"@type\":\"WebPage\",\"@id\":\"https:\\\/\\\/www.bellunopress.it\\\/2019\\\/11\\\/16\\\/maltempo-aggiornamento-ore-17-30-del-16-11-2019-bortoluzzi-peggioramento-precipitazioni-concentrate-nella-notte-dalle-03-alle-15-di-domenica-maltempo-aggiornamento-ore-17-30-del-16-11-2019-ve\\\/\",\"url\":\"https:\\\/\\\/www.bellunopress.it\\\/2019\\\/11\\\/16\\\/maltempo-aggiornamento-ore-17-30-del-16-11-2019-bortoluzzi-peggioramento-precipitazioni-concentrate-nella-notte-dalle-03-alle-15-di-domenica-maltempo-aggiornamento-ore-17-30-del-16-11-2019-ve\\\/\",\"name\":\"Maltempo, aggiornamento ore 17.30 del 16.11.2019 Bortoluzzi: \\\"Peggioramento, precipitazioni concentrate nella notte dalle 03 alle 15 di domenica. Maltempo, aggiornamento ore 17.30 del 16.11.2019 vento in quota e nevicate oltre i 2mila metri\\\" - Bellunopress - Dolomiti\",\"isPartOf\":{\"@id\":\"https:\\\/\\\/www.bellunopress.it\\\/#website\"},\"primaryImageOfPage\":{\"@id\":\"https:\\\/\\\/www.bellunopress.it\\\/2019\\\/11\\\/16\\\/maltempo-aggiornamento-ore-17-30-del-16-11-2019-bortoluzzi-peggioramento-precipitazioni-concentrate-nella-notte-dalle-03-alle-15-di-domenica-maltempo-aggiornamento-ore-17-30-del-16-11-2019-ve\\\/#primaryimage\"},\"image\":{\"@id\":\"https:\\\/\\\/www.bellunopress.it\\\/2019\\\/11\\\/16\\\/maltempo-aggiornamento-ore-17-30-del-16-11-2019-bortoluzzi-peggioramento-precipitazioni-concentrate-nella-notte-dalle-03-alle-15-di-domenica-maltempo-aggiornamento-ore-17-30-del-16-11-2019-ve\\\/#primaryimage\"},\"thumbnailUrl\":\"http:\\\/\\\/www.bellunopress.it\\\/wp-content\\\/uploads\\\/2019\\\/01\\\/Massimo-Bortoluzzi-consigliere-provinciale.jpg\",\"datePublished\":\"2019-11-16T16:51:30+00:00\",\"dateModified\":\"2019-11-16T17:04:21+00:00\",\"breadcrumb\":{\"@id\":\"https:\\\/\\\/www.bellunopress.it\\\/2019\\\/11\\\/16\\\/maltempo-aggiornamento-ore-17-30-del-16-11-2019-bortoluzzi-peggioramento-precipitazioni-concentrate-nella-notte-dalle-03-alle-15-di-domenica-maltempo-aggiornamento-ore-17-30-del-16-11-2019-ve\\\/#breadcrumb\"},\"inLanguage\":\"fr-FR\",\"potentialAction\":[{\"@type\":\"ReadAction\",\"target\":[\"https:\\\/\\\/www.bellunopress.it\\\/2019\\\/11\\\/16\\\/maltempo-aggiornamento-ore-17-30-del-16-11-2019-bortoluzzi-peggioramento-precipitazioni-concentrate-nella-notte-dalle-03-alle-15-di-domenica-maltempo-aggiornamento-ore-17-30-del-16-11-2019-ve\\\/\"]}]},{\"@type\":\"ImageObject\",\"inLanguage\":\"fr-FR\",\"@id\":\"https:\\\/\\\/www.bellunopress.it\\\/2019\\\/11\\\/16\\\/maltempo-aggiornamento-ore-17-30-del-16-11-2019-bortoluzzi-peggioramento-precipitazioni-concentrate-nella-notte-dalle-03-alle-15-di-domenica-maltempo-aggiornamento-ore-17-30-del-16-11-2019-ve\\\/#primaryimage\",\"url\":\"http:\\\/\\\/www.bellunopress.it\\\/wp-content\\\/uploads\\\/2019\\\/01\\\/Massimo-Bortoluzzi-consigliere-provinciale.jpg\",\"contentUrl\":\"http:\\\/\\\/www.bellunopress.it\\\/wp-content\\\/uploads\\\/2019\\\/01\\\/Massimo-Bortoluzzi-consigliere-provinciale.jpg\"},{\"@type\":\"BreadcrumbList\",\"@id\":\"https:\\\/\\\/www.bellunopress.it\\\/2019\\\/11\\\/16\\\/maltempo-aggiornamento-ore-17-30-del-16-11-2019-bortoluzzi-peggioramento-precipitazioni-concentrate-nella-notte-dalle-03-alle-15-di-domenica-maltempo-aggiornamento-ore-17-30-del-16-11-2019-ve\\\/#breadcrumb\",\"itemListElement\":[{\"@type\":\"ListItem\",\"position\":1,\"name\":\"Home\",\"item\":\"https:\\\/\\\/www.bellunopress.it\\\/\"},{\"@type\":\"ListItem\",\"position\":2,\"name\":\"Maltempo, aggiornamento ore 17.30 del 16.11.2019 Bortoluzzi: &#8220;Peggioramento, precipitazioni concentrate nella notte dalle 03 alle 15 di domenica. Maltempo, aggiornamento ore 17.30 del 16.11.2019 vento in quota e nevicate oltre i 2mila metri&#8221;\"}]},{\"@type\":\"WebSite\",\"@id\":\"https:\\\/\\\/www.bellunopress.it\\\/#website\",\"url\":\"https:\\\/\\\/www.bellunopress.it\\\/\",\"name\":\"Bellunopress - Dolomiti\",\"description\":\"e-mail: redazione@bellunopress.it\",\"publisher\":{\"@id\":\"https:\\\/\\\/www.bellunopress.it\\\/#organization\"},\"potentialAction\":[{\"@type\":\"SearchAction\",\"target\":{\"@type\":\"EntryPoint\",\"urlTemplate\":\"https:\\\/\\\/www.bellunopress.it\\\/?s={search_term_string}\"},\"query-input\":{\"@type\":\"PropertyValueSpecification\",\"valueRequired\":true,\"valueName\":\"search_term_string\"}}],\"inLanguage\":\"fr-FR\"},{\"@type\":\"Organization\",\"@id\":\"https:\\\/\\\/www.bellunopress.it\\\/#organization\",\"name\":\"Bellunopress\",\"url\":\"https:\\\/\\\/www.bellunopress.it\\\/\",\"logo\":{\"@type\":\"ImageObject\",\"inLanguage\":\"fr-FR\",\"@id\":\"https:\\\/\\\/www.bellunopress.it\\\/#\\\/schema\\\/logo\\\/image\\\/\",\"url\":\"https:\\\/\\\/www.bellunopress.it\\\/wp-content\\\/uploads\\\/2011\\\/05\\\/cropped-logo-bellunopress-.jpg\",\"contentUrl\":\"https:\\\/\\\/www.bellunopress.it\\\/wp-content\\\/uploads\\\/2011\\\/05\\\/cropped-logo-bellunopress-.jpg\",\"width\":512,\"height\":512,\"caption\":\"Bellunopress\"},\"image\":{\"@id\":\"https:\\\/\\\/www.bellunopress.it\\\/#\\\/schema\\\/logo\\\/image\\\/\"},\"sameAs\":[\"https:\\\/\\\/www.facebook.com\\\/profile.php?id=100008943462799\",\"https:\\\/\\\/x.com\\\/bellunopress\",\"https:\\\/\\\/www.linkedin.com\\\/hp\\\/?dnr=JBzUWaJfMUw8vbXJJ2tVW5-I3jZKvC4wsoxE&amp;amp;amp;amp;amp;amp;trk=nav_responsive_tab_home\",\"https:\\\/\\\/www.youtube.com\\\/channel\\\/UCxL0wu1uN0_3_7hGG0306cw\"]},{\"@type\":\"Person\",\"@id\":\"https:\\\/\\\/www.bellunopress.it\\\/#\\\/schema\\\/person\\\/79bb06722b37ece1c03d3e94beb30d73\",\"name\":\"redazione\",\"image\":{\"@type\":\"ImageObject\",\"inLanguage\":\"fr-FR\",\"@id\":\"https:\\\/\\\/secure.gravatar.com\\\/avatar\\\/37d968a2e67a6fd04c169c4bdef102d0bc5d31b2546345219e348575eb80e9a0?s=96&d=mm&r=g\",\"url\":\"https:\\\/\\\/secure.gravatar.com\\\/avatar\\\/37d968a2e67a6fd04c169c4bdef102d0bc5d31b2546345219e348575eb80e9a0?s=96&d=mm&r=g\",\"contentUrl\":\"https:\\\/\\\/secure.gravatar.com\\\/avatar\\\/37d968a2e67a6fd04c169c4bdef102d0bc5d31b2546345219e348575eb80e9a0?s=96&d=mm&r=g\",\"caption\":\"redazione\"},\"sameAs\":[\"http:\\\/\\\/www.bellunopress.it\",\"https:\\\/\\\/x.com\\\/bellunopress\"],\"url\":\"https:\\\/\\\/www.bellunopress.it\\\/fr\\\/author\\\/redazione\\\/\"}]}<\/script>\n<!-- \/ Yoast SEO plugin. -->","yoast_head_json":{"title":"Maltempo, aggiornamento ore 17.30 del 16.11.2019 Bortoluzzi: \"Peggioramento, precipitazioni concentrate nella notte dalle 03 alle 15 di domenica. Maltempo, aggiornamento ore 17.30 del 16.11.2019 vento in quota e nevicate oltre i 2mila metri\" - Bellunopress - Dolomiti","robots":{"index":"index","follow":"follow","max-snippet":"max-snippet:-1","max-image-preview":"max-image-preview:large","max-video-preview":"max-video-preview:-1"},"canonical":"https:\/\/www.bellunopress.it\/fr\/2019\/11\/16\/maltempo-aggiornamento-ore-17-30-del-16-11-2019-bortoluzzi-peggioramento-precipitazioni-concentrate-nella-notte-dalle-03-alle-15-di-domenica-maltempo-aggiornamento-ore-17-30-del-16-11-2019-ve\/","og_locale":"fr_FR","og_type":"article","og_title":"Maltempo, aggiornamento ore 17.30 del 16.11.2019 Bortoluzzi: \"Peggioramento, precipitazioni concentrate nella notte dalle 03 alle 15 di domenica. Maltempo, aggiornamento ore 17.30 del 16.11.2019 vento in quota e nevicate oltre i 2mila metri\" - Bellunopress - Dolomiti","og_description":"Belluno, 16.11.2019 Maltempo, aggiornamento ore 17.30\u00a0 &#8211;\u00a0\u00a0Al termine della riunione del pomeriggio in Prefettura, alla luce delle nuove previsioni meteo, la sala operativa riprende la piena attivit\u00e0 a partire dalle 18. \u00abIl quadro per le prossime ore, come ci indica l\u2019Arpav, \u00e8 peggiorato &#8211; spiega il consigliere provinciale delegato alla Protezione Civile, Massimo Bortoluzzi -. [&hellip;]","og_url":"https:\/\/www.bellunopress.it\/fr\/2019\/11\/16\/maltempo-aggiornamento-ore-17-30-del-16-11-2019-bortoluzzi-peggioramento-precipitazioni-concentrate-nella-notte-dalle-03-alle-15-di-domenica-maltempo-aggiornamento-ore-17-30-del-16-11-2019-ve\/","og_site_name":"Bellunopress - Dolomiti","article_publisher":"https:\/\/www.facebook.com\/profile.php?id=100008943462799","article_published_time":"2019-11-16T16:51:30+00:00","article_modified_time":"2019-11-16T17:04:21+00:00","og_image":[{"url":"http:\/\/www.bellunopress.it\/wp-content\/uploads\/2019\/01\/Massimo-Bortoluzzi-consigliere-provinciale.jpg","type":"","width":"","height":""}],"author":"redazione","twitter_card":"summary_large_image","twitter_creator":"@bellunopress","twitter_site":"@bellunopress","twitter_misc":{"Written by":"redazione","Est. reading time":"3 minutes"},"schema":{"@context":"https:\/\/schema.org","@graph":[{"@type":"Article","@id":"https:\/\/www.bellunopress.it\/2019\/11\/16\/maltempo-aggiornamento-ore-17-30-del-16-11-2019-bortoluzzi-peggioramento-precipitazioni-concentrate-nella-notte-dalle-03-alle-15-di-domenica-maltempo-aggiornamento-ore-17-30-del-16-11-2019-ve\/#article","isPartOf":{"@id":"https:\/\/www.bellunopress.it\/2019\/11\/16\/maltempo-aggiornamento-ore-17-30-del-16-11-2019-bortoluzzi-peggioramento-precipitazioni-concentrate-nella-notte-dalle-03-alle-15-di-domenica-maltempo-aggiornamento-ore-17-30-del-16-11-2019-ve\/"},"author":{"name":"redazione","@id":"https:\/\/www.bellunopress.it\/#\/schema\/person\/79bb06722b37ece1c03d3e94beb30d73"},"headline":"Maltempo, aggiornamento ore 17.30 del 16.11.2019 Bortoluzzi: &#8220;Peggioramento, precipitazioni concentrate nella notte dalle 03 alle 15 di domenica. Maltempo, aggiornamento ore 17.30 del 16.11.2019 vento in quota e nevicate oltre i 2mila metri&#8221;","datePublished":"2019-11-16T16:51:30+00:00","dateModified":"2019-11-16T17:04:21+00:00","mainEntityOfPage":{"@id":"https:\/\/www.bellunopress.it\/2019\/11\/16\/maltempo-aggiornamento-ore-17-30-del-16-11-2019-bortoluzzi-peggioramento-precipitazioni-concentrate-nella-notte-dalle-03-alle-15-di-domenica-maltempo-aggiornamento-ore-17-30-del-16-11-2019-ve\/"},"wordCount":605,"publisher":{"@id":"https:\/\/www.bellunopress.it\/#organization"},"image":{"@id":"https:\/\/www.bellunopress.it\/2019\/11\/16\/maltempo-aggiornamento-ore-17-30-del-16-11-2019-bortoluzzi-peggioramento-precipitazioni-concentrate-nella-notte-dalle-03-alle-15-di-domenica-maltempo-aggiornamento-ore-17-30-del-16-11-2019-ve\/#primaryimage"},"thumbnailUrl":"http:\/\/www.bellunopress.it\/wp-content\/uploads\/2019\/01\/Massimo-Bortoluzzi-consigliere-provinciale.jpg","articleSection":["Cronaca\/Politica","Meteo, natura, ambiente, animali","Societ\u00e0, Associazioni, Istituzioni"],"inLanguage":"fr-FR"},{"@type":"WebPage","@id":"https:\/\/www.bellunopress.it\/2019\/11\/16\/maltempo-aggiornamento-ore-17-30-del-16-11-2019-bortoluzzi-peggioramento-precipitazioni-concentrate-nella-notte-dalle-03-alle-15-di-domenica-maltempo-aggiornamento-ore-17-30-del-16-11-2019-ve\/","url":"https:\/\/www.bellunopress.it\/2019\/11\/16\/maltempo-aggiornamento-ore-17-30-del-16-11-2019-bortoluzzi-peggioramento-precipitazioni-concentrate-nella-notte-dalle-03-alle-15-di-domenica-maltempo-aggiornamento-ore-17-30-del-16-11-2019-ve\/","name":"Maltempo, aggiornamento ore 17.30 del 16.11.2019 Bortoluzzi: \"Peggioramento, precipitazioni concentrate nella notte dalle 03 alle 15 di domenica. Maltempo, aggiornamento ore 17.30 del 16.11.2019 vento in quota e nevicate oltre i 2mila metri\" - Bellunopress - Dolomiti","isPartOf":{"@id":"https:\/\/www.bellunopress.it\/#website"},"primaryImageOfPage":{"@id":"https:\/\/www.bellunopress.it\/2019\/11\/16\/maltempo-aggiornamento-ore-17-30-del-16-11-2019-bortoluzzi-peggioramento-precipitazioni-concentrate-nella-notte-dalle-03-alle-15-di-domenica-maltempo-aggiornamento-ore-17-30-del-16-11-2019-ve\/#primaryimage"},"image":{"@id":"https:\/\/www.bellunopress.it\/2019\/11\/16\/maltempo-aggiornamento-ore-17-30-del-16-11-2019-bortoluzzi-peggioramento-precipitazioni-concentrate-nella-notte-dalle-03-alle-15-di-domenica-maltempo-aggiornamento-ore-17-30-del-16-11-2019-ve\/#primaryimage"},"thumbnailUrl":"http:\/\/www.bellunopress.it\/wp-content\/uploads\/2019\/01\/Massimo-Bortoluzzi-consigliere-provinciale.jpg","datePublished":"2019-11-16T16:51:30+00:00","dateModified":"2019-11-16T17:04:21+00:00","breadcrumb":{"@id":"https:\/\/www.bellunopress.it\/2019\/11\/16\/maltempo-aggiornamento-ore-17-30-del-16-11-2019-bortoluzzi-peggioramento-precipitazioni-concentrate-nella-notte-dalle-03-alle-15-di-domenica-maltempo-aggiornamento-ore-17-30-del-16-11-2019-ve\/#breadcrumb"},"inLanguage":"fr-FR","potentialAction":[{"@type":"ReadAction","target":["https:\/\/www.bellunopress.it\/2019\/11\/16\/maltempo-aggiornamento-ore-17-30-del-16-11-2019-bortoluzzi-peggioramento-precipitazioni-concentrate-nella-notte-dalle-03-alle-15-di-domenica-maltempo-aggiornamento-ore-17-30-del-16-11-2019-ve\/"]}]},{"@type":"ImageObject","inLanguage":"fr-FR","@id":"https:\/\/www.bellunopress.it\/2019\/11\/16\/maltempo-aggiornamento-ore-17-30-del-16-11-2019-bortoluzzi-peggioramento-precipitazioni-concentrate-nella-notte-dalle-03-alle-15-di-domenica-maltempo-aggiornamento-ore-17-30-del-16-11-2019-ve\/#primaryimage","url":"http:\/\/www.bellunopress.it\/wp-content\/uploads\/2019\/01\/Massimo-Bortoluzzi-consigliere-provinciale.jpg","contentUrl":"http:\/\/www.bellunopress.it\/wp-content\/uploads\/2019\/01\/Massimo-Bortoluzzi-consigliere-provinciale.jpg"},{"@type":"BreadcrumbList","@id":"https:\/\/www.bellunopress.it\/2019\/11\/16\/maltempo-aggiornamento-ore-17-30-del-16-11-2019-bortoluzzi-peggioramento-precipitazioni-concentrate-nella-notte-dalle-03-alle-15-di-domenica-maltempo-aggiornamento-ore-17-30-del-16-11-2019-ve\/#breadcrumb","itemListElement":[{"@type":"ListItem","position":1,"name":"Home","item":"https:\/\/www.bellunopress.it\/"},{"@type":"ListItem","position":2,"name":"Maltempo, aggiornamento ore 17.30 del 16.11.2019 Bortoluzzi: &#8220;Peggioramento, precipitazioni concentrate nella notte dalle 03 alle 15 di domenica. Maltempo, aggiornamento ore 17.30 del 16.11.2019 vento in quota e nevicate oltre i 2mila metri&#8221;"}]},{"@type":"WebSite","@id":"https:\/\/www.bellunopress.it\/#website","url":"https:\/\/www.bellunopress.it\/","name":"Bellunopress - Dolomiti","description":"e-mail: redazione@bellunopress.it","publisher":{"@id":"https:\/\/www.bellunopress.it\/#organization"},"potentialAction":[{"@type":"SearchAction","target":{"@type":"EntryPoint","urlTemplate":"https:\/\/www.bellunopress.it\/?s={search_term_string}"},"query-input":{"@type":"PropertyValueSpecification","valueRequired":true,"valueName":"search_term_string"}}],"inLanguage":"fr-FR"},{"@type":"Organization","@id":"https:\/\/www.bellunopress.it\/#organization","name":"Bellunopress","url":"https:\/\/www.bellunopress.it\/","logo":{"@type":"ImageObject","inLanguage":"fr-FR","@id":"https:\/\/www.bellunopress.it\/#\/schema\/logo\/image\/","url":"https:\/\/www.bellunopress.it\/wp-content\/uploads\/2011\/05\/cropped-logo-bellunopress-.jpg","contentUrl":"https:\/\/www.bellunopress.it\/wp-content\/uploads\/2011\/05\/cropped-logo-bellunopress-.jpg","width":512,"height":512,"caption":"Bellunopress"},"image":{"@id":"https:\/\/www.bellunopress.it\/#\/schema\/logo\/image\/"},"sameAs":["https:\/\/www.facebook.com\/profile.php?id=100008943462799","https:\/\/x.com\/bellunopress","https:\/\/www.linkedin.com\/hp\/?dnr=JBzUWaJfMUw8vbXJJ2tVW5-I3jZKvC4wsoxE&amp;amp;amp;amp;amp;amp;trk=nav_responsive_tab_home","https:\/\/www.youtube.com\/channel\/UCxL0wu1uN0_3_7hGG0306cw"]},{"@type":"Person","@id":"https:\/\/www.bellunopress.it\/#\/schema\/person\/79bb06722b37ece1c03d3e94beb30d73","name":"r\u00e9daction","image":{"@type":"ImageObject","inLanguage":"fr-FR","@id":"https:\/\/secure.gravatar.com\/avatar\/37d968a2e67a6fd04c169c4bdef102d0bc5d31b2546345219e348575eb80e9a0?s=96&d=mm&r=g","url":"https:\/\/secure.gravatar.com\/avatar\/37d968a2e67a6fd04c169c4bdef102d0bc5d31b2546345219e348575eb80e9a0?s=96&d=mm&r=g","contentUrl":"https:\/\/secure.gravatar.com\/avatar\/37d968a2e67a6fd04c169c4bdef102d0bc5d31b2546345219e348575eb80e9a0?s=96&d=mm&r=g","caption":"redazione"},"sameAs":["http:\/\/www.bellunopress.it","https:\/\/x.com\/bellunopress"],"url":"https:\/\/www.bellunopress.it\/fr\/author\/redazione\/"}]}},"_links":{"self":[{"href":"https:\/\/www.bellunopress.it\/fr\/wp-json\/wp\/v2\/posts\/109662","targetHints":{"allow":["GET"]}}],"collection":[{"href":"https:\/\/www.bellunopress.it\/fr\/wp-json\/wp\/v2\/posts"}],"about":[{"href":"https:\/\/www.bellunopress.it\/fr\/wp-json\/wp\/v2\/types\/post"}],"author":[{"embeddable":true,"href":"https:\/\/www.bellunopress.it\/fr\/wp-json\/wp\/v2\/users\/2"}],"replies":[{"embeddable":true,"href":"https:\/\/www.bellunopress.it\/fr\/wp-json\/wp\/v2\/comments?post=109662"}],"version-history":[{"count":2,"href":"https:\/\/www.bellunopress.it\/fr\/wp-json\/wp\/v2\/posts\/109662\/revisions"}],"predecessor-version":[{"id":109666,"href":"https:\/\/www.bellunopress.it\/fr\/wp-json\/wp\/v2\/posts\/109662\/revisions\/109666"}],"wp:attachment":[{"href":"https:\/\/www.bellunopress.it\/fr\/wp-json\/wp\/v2\/media?parent=109662"}],"wp:term":[{"taxonomy":"category","embeddable":true,"href":"https:\/\/www.bellunopress.it\/fr\/wp-json\/wp\/v2\/categories?post=109662"},{"taxonomy":"post_tag","embeddable":true,"href":"https:\/\/www.bellunopress.it\/fr\/wp-json\/wp\/v2\/tags?post=109662"}],"curies":[{"name":"wp","href":"https:\/\/api.w.org\/{rel}","templated":true}]}}