{"id":109657,"date":"2019-11-16T16:49:41","date_gmt":"2019-11-16T15:49:41","guid":{"rendered":"http:\/\/www.bellunopress.it\/?p=109657"},"modified":"2019-11-16T16:49:42","modified_gmt":"2019-11-16T15:49:42","slug":"autonomia-bellunese-ed-elettivita-provincia-la-segretaria-provinciale-del-pd-monica-lotto-ha-incontrato-il-ministro-boccia","status":"publish","type":"post","link":"https:\/\/www.bellunopress.it\/fr\/2019\/11\/16\/autonomia-bellunese-ed-elettivita-provincia-la-segretaria-provinciale-del-pd-monica-lotto-ha-incontrato-il-ministro-boccia\/","title":{"rendered":"Autonomia bellunese ed elettivit\u00e0 Provincia.\u00a0La segretaria provinciale del Pd Monica Lotto ha incontrato il ministro Boccia"},"content":{"rendered":"<p><a href=\"http:\/\/www.bellunopress.it\/fr\/2019\/11\/16\/autonomia-bellunese-ed-elettivita-provincia-la-segretaria-provinciale-del-pd-monica-lotto-ha-incontrato-il-ministro-boccia\/ministro-boccia-segretaria-pd-monica-lotto\/\" rel=\"attachment wp-att-109658\"><img loading=\"lazy\" decoding=\"async\" class=\"alignleft size-full wp-image-109658\" src=\"http:\/\/www.bellunopress.it\/wp-content\/uploads\/2019\/11\/ministro-boccia-segretaria-pd-monica-lotto.jpg\" alt=\"\" width=\"300\" height=\"187\" \/><\/a>Roma, 16 novembre 2019\u00a0 &#8211;\u00a0\u00a0La mai realizzata autonomia di Belluno dalla Regione Veneto e l&#8217;elettivit\u00e0 della Provincia sono stati gli argomenti della riunione di ieri mattina a Roma tra la segretaria provinciale del Partito democratico bellunese Monica Lotto e il ministro per gli Affari regionali e le Autonomie, Francesco Boccia.<\/p>\n<p>\u00abNel momento in cui si comincia a concretizzare il percorso per l&#8217;applicazione dell&#8217;autonomia differenziata prevista dall&#8217;articolo 116 comma 3 della Costituzione\u00bb, riferisce Lotto al termine dell&#8217;incontro, \u00abho voluto sottolineare al ministro i rischi del centralismo regionale. Da anni la Regione Veneto disattende il proprio Statuto e una propria legge, la 25 che se applicati darebbero strumenti concreti al Bellunese e alla montagna per governarsi secondo le proprie peculiarit\u00e0. Invece, nonostante un referendum popolare &#8211; tenuto lo stesso giorno del referendum regionale \u2013 abbia ribadito la volont\u00e0 dei bellunesi di autogovernarsi, tutti i provvedimenti presi dalla Regione Veneto tendono a sottrarre competenze e a depauperare il Bellunese e la montagna\u00bb.<\/p>\n<p>Il ministro Boccia ha spiegato come l&#8217;impostazione della riforma e della legge quadro sull&#8217;autonomia differenziata che la sostiene sia in realt\u00e0 proprio rivolta \u00aba superare gli squilibri tra i territori, tutti, perch\u00e9 non c&#8217;\u00e8 solo un differenziale tra nord e sud, ma \u00e8 crescente il divario tra aree densamente urbanizzate e zone interne, anche nelle regioni del nord. Diventa vitale in questo contesto definire principi e dotarsi di strumenti che garantiscano l&#8217;accesso ai servizi a tutti i cittadini\u00bb.<\/p>\n<p>La segretaria provinciale ha consegnato al ministro una copia dello Statuto regionale del Veneto e una copia della legge 25 del 2014, votata praticamente all&#8217;unanimit\u00e0 (con un astenuto) dall&#8217;allora Consiglio regionale, i documenti approvati dalla direzione provinciale del PD unitamente a tutte le proposte di legge depositate che riguardano il governo del territorio bellunese.<\/p>\n<p>\u00abLa debolezza del nostro territorio nel confronto con la Regione\u00bb, ha spiegato Monica Lotto, \u00abderiva anche dalla ridotta agibilit\u00e0 politica dell&#8217;amministrazione provinciale. Abbiamo quindi chiesto di rinnovare l&#8217;impegno per riportare l&#8217;elettivit\u00e0 del Consiglio provinciale. La riforma del 2014 ha lasciato il nostro territorio privo di una guida politica espressione diretta della volont\u00e0 popolare e ha agevolato lo svuotamento di competenze, professionalit\u00e0 e risorse dell&#8217;amministrazione provinciale da parte della Regione\u00bb.<\/p>","protected":false},"excerpt":{"rendered":"<p>Roma, 16 novembre 2019\u00a0 &#8211;\u00a0\u00a0La mai realizzata autonomia di Belluno dalla Regione Veneto e l&#8217;elettivit\u00e0 della Provincia sono stati gli argomenti della riunione di ieri mattina a Roma tra la segretaria provinciale del Partito democratico bellunese Monica Lotto e il ministro per gli Affari regionali e le Autonomie, Francesco Boccia. \u00abNel momento in cui si [&hellip;]<\/p>\n","protected":false},"author":2,"featured_media":0,"comment_status":"closed","ping_status":"open","sticky":false,"template":"","format":"standard","meta":{"footnotes":""},"categories":[5,26],"tags":[],"class_list":["post-109657","post","type-post","status-publish","format-standard","category-cronaca","category-prima-pagina"],"yoast_head":"<!-- This site is optimized with the Yoast SEO plugin v28.4 - https:\/\/yoast.com\/product\/yoast-seo-wordpress\/ -->\n<title>Autonomia bellunese ed elettivit\u00e0 Provincia.\u00a0La segretaria provinciale del Pd Monica Lotto ha incontrato il ministro Boccia - Bellunopress - Dolomiti<\/title>\n<meta name=\"robots\" content=\"index, follow, max-snippet:-1, max-image-preview:large, max-video-preview:-1\" \/>\n<link rel=\"canonical\" href=\"https:\/\/www.bellunopress.it\/fr\/2019\/11\/16\/autonomia-bellunese-ed-elettivita-provincia-la-segretaria-provinciale-del-pd-monica-lotto-ha-incontrato-il-ministro-boccia\/\" \/>\n<meta property=\"og:locale\" content=\"fr_FR\" \/>\n<meta property=\"og:type\" content=\"article\" \/>\n<meta property=\"og:title\" content=\"Autonomia bellunese ed elettivit\u00e0 Provincia.\u00a0La segretaria provinciale del Pd Monica Lotto ha incontrato il ministro Boccia - Bellunopress - Dolomiti\" \/>\n<meta property=\"og:description\" content=\"Roma, 16 novembre 2019\u00a0 &#8211;\u00a0\u00a0La mai realizzata autonomia di Belluno dalla Regione Veneto e l&#8217;elettivit\u00e0 della Provincia sono stati gli argomenti della riunione di ieri mattina a Roma tra la segretaria provinciale del Partito democratico bellunese Monica Lotto e il ministro per gli Affari regionali e le Autonomie, Francesco Boccia. \u00abNel momento in cui si [&hellip;]\" \/>\n<meta property=\"og:url\" content=\"https:\/\/www.bellunopress.it\/fr\/2019\/11\/16\/autonomia-bellunese-ed-elettivita-provincia-la-segretaria-provinciale-del-pd-monica-lotto-ha-incontrato-il-ministro-boccia\/\" \/>\n<meta property=\"og:site_name\" content=\"Bellunopress - Dolomiti\" \/>\n<meta property=\"article:publisher\" content=\"https:\/\/www.facebook.com\/profile.php?id=100008943462799\" \/>\n<meta property=\"article:published_time\" content=\"2019-11-16T15:49:41+00:00\" \/>\n<meta property=\"article:modified_time\" content=\"2019-11-16T15:49:42+00:00\" \/>\n<meta property=\"og:image\" content=\"http:\/\/www.bellunopress.it\/wp-content\/uploads\/2019\/11\/ministro-boccia-segretaria-pd-monica-lotto.jpg\" \/>\n<meta name=\"author\" content=\"redazione\" \/>\n<meta name=\"twitter:card\" content=\"summary_large_image\" \/>\n<meta name=\"twitter:creator\" content=\"@bellunopress\" \/>\n<meta name=\"twitter:site\" content=\"@bellunopress\" \/>\n<meta name=\"twitter:label1\" content=\"Written by\" \/>\n\t<meta name=\"twitter:data1\" content=\"redazione\" \/>\n\t<meta name=\"twitter:label2\" content=\"Est. reading time\" \/>\n\t<meta name=\"twitter:data2\" content=\"2 minutes\" \/>\n<script type=\"application\/ld+json\" class=\"yoast-schema-graph\">{\"@context\":\"https:\\\/\\\/schema.org\",\"@graph\":[{\"@type\":\"Article\",\"@id\":\"https:\\\/\\\/www.bellunopress.it\\\/2019\\\/11\\\/16\\\/autonomia-bellunese-ed-elettivita-provincia-la-segretaria-provinciale-del-pd-monica-lotto-ha-incontrato-il-ministro-boccia\\\/#article\",\"isPartOf\":{\"@id\":\"https:\\\/\\\/www.bellunopress.it\\\/2019\\\/11\\\/16\\\/autonomia-bellunese-ed-elettivita-provincia-la-segretaria-provinciale-del-pd-monica-lotto-ha-incontrato-il-ministro-boccia\\\/\"},\"author\":{\"name\":\"redazione\",\"@id\":\"https:\\\/\\\/www.bellunopress.it\\\/#\\\/schema\\\/person\\\/79bb06722b37ece1c03d3e94beb30d73\"},\"headline\":\"Autonomia bellunese ed elettivit\u00e0 Provincia.\u00a0La segretaria provinciale del Pd Monica Lotto ha incontrato il ministro Boccia\",\"datePublished\":\"2019-11-16T15:49:41+00:00\",\"dateModified\":\"2019-11-16T15:49:42+00:00\",\"mainEntityOfPage\":{\"@id\":\"https:\\\/\\\/www.bellunopress.it\\\/2019\\\/11\\\/16\\\/autonomia-bellunese-ed-elettivita-provincia-la-segretaria-provinciale-del-pd-monica-lotto-ha-incontrato-il-ministro-boccia\\\/\"},\"wordCount\":382,\"publisher\":{\"@id\":\"https:\\\/\\\/www.bellunopress.it\\\/#organization\"},\"image\":{\"@id\":\"https:\\\/\\\/www.bellunopress.it\\\/2019\\\/11\\\/16\\\/autonomia-bellunese-ed-elettivita-provincia-la-segretaria-provinciale-del-pd-monica-lotto-ha-incontrato-il-ministro-boccia\\\/#primaryimage\"},\"thumbnailUrl\":\"http:\\\/\\\/www.bellunopress.it\\\/wp-content\\\/uploads\\\/2019\\\/11\\\/ministro-boccia-segretaria-pd-monica-lotto.jpg\",\"articleSection\":[\"Cronaca\\\/Politica\",\"Prima Pagina\"],\"inLanguage\":\"fr-FR\"},{\"@type\":\"WebPage\",\"@id\":\"https:\\\/\\\/www.bellunopress.it\\\/2019\\\/11\\\/16\\\/autonomia-bellunese-ed-elettivita-provincia-la-segretaria-provinciale-del-pd-monica-lotto-ha-incontrato-il-ministro-boccia\\\/\",\"url\":\"https:\\\/\\\/www.bellunopress.it\\\/2019\\\/11\\\/16\\\/autonomia-bellunese-ed-elettivita-provincia-la-segretaria-provinciale-del-pd-monica-lotto-ha-incontrato-il-ministro-boccia\\\/\",\"name\":\"Autonomia bellunese ed elettivit\u00e0 Provincia.\u00a0La segretaria provinciale del Pd Monica Lotto ha incontrato il ministro Boccia - Bellunopress - Dolomiti\",\"isPartOf\":{\"@id\":\"https:\\\/\\\/www.bellunopress.it\\\/#website\"},\"primaryImageOfPage\":{\"@id\":\"https:\\\/\\\/www.bellunopress.it\\\/2019\\\/11\\\/16\\\/autonomia-bellunese-ed-elettivita-provincia-la-segretaria-provinciale-del-pd-monica-lotto-ha-incontrato-il-ministro-boccia\\\/#primaryimage\"},\"image\":{\"@id\":\"https:\\\/\\\/www.bellunopress.it\\\/2019\\\/11\\\/16\\\/autonomia-bellunese-ed-elettivita-provincia-la-segretaria-provinciale-del-pd-monica-lotto-ha-incontrato-il-ministro-boccia\\\/#primaryimage\"},\"thumbnailUrl\":\"http:\\\/\\\/www.bellunopress.it\\\/wp-content\\\/uploads\\\/2019\\\/11\\\/ministro-boccia-segretaria-pd-monica-lotto.jpg\",\"datePublished\":\"2019-11-16T15:49:41+00:00\",\"dateModified\":\"2019-11-16T15:49:42+00:00\",\"breadcrumb\":{\"@id\":\"https:\\\/\\\/www.bellunopress.it\\\/2019\\\/11\\\/16\\\/autonomia-bellunese-ed-elettivita-provincia-la-segretaria-provinciale-del-pd-monica-lotto-ha-incontrato-il-ministro-boccia\\\/#breadcrumb\"},\"inLanguage\":\"fr-FR\",\"potentialAction\":[{\"@type\":\"ReadAction\",\"target\":[\"https:\\\/\\\/www.bellunopress.it\\\/2019\\\/11\\\/16\\\/autonomia-bellunese-ed-elettivita-provincia-la-segretaria-provinciale-del-pd-monica-lotto-ha-incontrato-il-ministro-boccia\\\/\"]}]},{\"@type\":\"ImageObject\",\"inLanguage\":\"fr-FR\",\"@id\":\"https:\\\/\\\/www.bellunopress.it\\\/2019\\\/11\\\/16\\\/autonomia-bellunese-ed-elettivita-provincia-la-segretaria-provinciale-del-pd-monica-lotto-ha-incontrato-il-ministro-boccia\\\/#primaryimage\",\"url\":\"http:\\\/\\\/www.bellunopress.it\\\/wp-content\\\/uploads\\\/2019\\\/11\\\/ministro-boccia-segretaria-pd-monica-lotto.jpg\",\"contentUrl\":\"http:\\\/\\\/www.bellunopress.it\\\/wp-content\\\/uploads\\\/2019\\\/11\\\/ministro-boccia-segretaria-pd-monica-lotto.jpg\"},{\"@type\":\"BreadcrumbList\",\"@id\":\"https:\\\/\\\/www.bellunopress.it\\\/2019\\\/11\\\/16\\\/autonomia-bellunese-ed-elettivita-provincia-la-segretaria-provinciale-del-pd-monica-lotto-ha-incontrato-il-ministro-boccia\\\/#breadcrumb\",\"itemListElement\":[{\"@type\":\"ListItem\",\"position\":1,\"name\":\"Home\",\"item\":\"https:\\\/\\\/www.bellunopress.it\\\/\"},{\"@type\":\"ListItem\",\"position\":2,\"name\":\"Autonomia bellunese ed elettivit\u00e0 Provincia.\u00a0La segretaria provinciale del Pd Monica Lotto ha incontrato il ministro Boccia\"}]},{\"@type\":\"WebSite\",\"@id\":\"https:\\\/\\\/www.bellunopress.it\\\/#website\",\"url\":\"https:\\\/\\\/www.bellunopress.it\\\/\",\"name\":\"Bellunopress - Dolomiti\",\"description\":\"e-mail: redazione@bellunopress.it\",\"publisher\":{\"@id\":\"https:\\\/\\\/www.bellunopress.it\\\/#organization\"},\"potentialAction\":[{\"@type\":\"SearchAction\",\"target\":{\"@type\":\"EntryPoint\",\"urlTemplate\":\"https:\\\/\\\/www.bellunopress.it\\\/?s={search_term_string}\"},\"query-input\":{\"@type\":\"PropertyValueSpecification\",\"valueRequired\":true,\"valueName\":\"search_term_string\"}}],\"inLanguage\":\"fr-FR\"},{\"@type\":\"Organization\",\"@id\":\"https:\\\/\\\/www.bellunopress.it\\\/#organization\",\"name\":\"Bellunopress\",\"url\":\"https:\\\/\\\/www.bellunopress.it\\\/\",\"logo\":{\"@type\":\"ImageObject\",\"inLanguage\":\"fr-FR\",\"@id\":\"https:\\\/\\\/www.bellunopress.it\\\/#\\\/schema\\\/logo\\\/image\\\/\",\"url\":\"https:\\\/\\\/www.bellunopress.it\\\/wp-content\\\/uploads\\\/2011\\\/05\\\/cropped-logo-bellunopress-.jpg\",\"contentUrl\":\"https:\\\/\\\/www.bellunopress.it\\\/wp-content\\\/uploads\\\/2011\\\/05\\\/cropped-logo-bellunopress-.jpg\",\"width\":512,\"height\":512,\"caption\":\"Bellunopress\"},\"image\":{\"@id\":\"https:\\\/\\\/www.bellunopress.it\\\/#\\\/schema\\\/logo\\\/image\\\/\"},\"sameAs\":[\"https:\\\/\\\/www.facebook.com\\\/profile.php?id=100008943462799\",\"https:\\\/\\\/x.com\\\/bellunopress\",\"https:\\\/\\\/www.linkedin.com\\\/hp\\\/?dnr=JBzUWaJfMUw8vbXJJ2tVW5-I3jZKvC4wsoxE&amp;amp;amp;amp;amp;amp;trk=nav_responsive_tab_home\",\"https:\\\/\\\/www.youtube.com\\\/channel\\\/UCxL0wu1uN0_3_7hGG0306cw\"]},{\"@type\":\"Person\",\"@id\":\"https:\\\/\\\/www.bellunopress.it\\\/#\\\/schema\\\/person\\\/79bb06722b37ece1c03d3e94beb30d73\",\"name\":\"redazione\",\"image\":{\"@type\":\"ImageObject\",\"inLanguage\":\"fr-FR\",\"@id\":\"https:\\\/\\\/secure.gravatar.com\\\/avatar\\\/37d968a2e67a6fd04c169c4bdef102d0bc5d31b2546345219e348575eb80e9a0?s=96&d=mm&r=g\",\"url\":\"https:\\\/\\\/secure.gravatar.com\\\/avatar\\\/37d968a2e67a6fd04c169c4bdef102d0bc5d31b2546345219e348575eb80e9a0?s=96&d=mm&r=g\",\"contentUrl\":\"https:\\\/\\\/secure.gravatar.com\\\/avatar\\\/37d968a2e67a6fd04c169c4bdef102d0bc5d31b2546345219e348575eb80e9a0?s=96&d=mm&r=g\",\"caption\":\"redazione\"},\"sameAs\":[\"http:\\\/\\\/www.bellunopress.it\",\"https:\\\/\\\/x.com\\\/bellunopress\"],\"url\":\"https:\\\/\\\/www.bellunopress.it\\\/fr\\\/author\\\/redazione\\\/\"}]}<\/script>\n<!-- \/ Yoast SEO plugin. -->","yoast_head_json":{"title":"Autonomia bellunese ed elettivit\u00e0 Provincia.\u00a0La segretaria provinciale del Pd Monica Lotto ha incontrato il ministro Boccia - Bellunopress - Dolomiti","robots":{"index":"index","follow":"follow","max-snippet":"max-snippet:-1","max-image-preview":"max-image-preview:large","max-video-preview":"max-video-preview:-1"},"canonical":"https:\/\/www.bellunopress.it\/fr\/2019\/11\/16\/autonomia-bellunese-ed-elettivita-provincia-la-segretaria-provinciale-del-pd-monica-lotto-ha-incontrato-il-ministro-boccia\/","og_locale":"fr_FR","og_type":"article","og_title":"Autonomia bellunese ed elettivit\u00e0 Provincia.\u00a0La segretaria provinciale del Pd Monica Lotto ha incontrato il ministro Boccia - Bellunopress - Dolomiti","og_description":"Roma, 16 novembre 2019\u00a0 &#8211;\u00a0\u00a0La mai realizzata autonomia di Belluno dalla Regione Veneto e l&#8217;elettivit\u00e0 della Provincia sono stati gli argomenti della riunione di ieri mattina a Roma tra la segretaria provinciale del Partito democratico bellunese Monica Lotto e il ministro per gli Affari regionali e le Autonomie, Francesco Boccia. \u00abNel momento in cui si [&hellip;]","og_url":"https:\/\/www.bellunopress.it\/fr\/2019\/11\/16\/autonomia-bellunese-ed-elettivita-provincia-la-segretaria-provinciale-del-pd-monica-lotto-ha-incontrato-il-ministro-boccia\/","og_site_name":"Bellunopress - Dolomiti","article_publisher":"https:\/\/www.facebook.com\/profile.php?id=100008943462799","article_published_time":"2019-11-16T15:49:41+00:00","article_modified_time":"2019-11-16T15:49:42+00:00","og_image":[{"url":"http:\/\/www.bellunopress.it\/wp-content\/uploads\/2019\/11\/ministro-boccia-segretaria-pd-monica-lotto.jpg","type":"","width":"","height":""}],"author":"redazione","twitter_card":"summary_large_image","twitter_creator":"@bellunopress","twitter_site":"@bellunopress","twitter_misc":{"Written by":"redazione","Est. reading time":"2 minutes"},"schema":{"@context":"https:\/\/schema.org","@graph":[{"@type":"Article","@id":"https:\/\/www.bellunopress.it\/2019\/11\/16\/autonomia-bellunese-ed-elettivita-provincia-la-segretaria-provinciale-del-pd-monica-lotto-ha-incontrato-il-ministro-boccia\/#article","isPartOf":{"@id":"https:\/\/www.bellunopress.it\/2019\/11\/16\/autonomia-bellunese-ed-elettivita-provincia-la-segretaria-provinciale-del-pd-monica-lotto-ha-incontrato-il-ministro-boccia\/"},"author":{"name":"redazione","@id":"https:\/\/www.bellunopress.it\/#\/schema\/person\/79bb06722b37ece1c03d3e94beb30d73"},"headline":"Autonomia bellunese ed elettivit\u00e0 Provincia.\u00a0La segretaria provinciale del Pd Monica Lotto ha incontrato il ministro Boccia","datePublished":"2019-11-16T15:49:41+00:00","dateModified":"2019-11-16T15:49:42+00:00","mainEntityOfPage":{"@id":"https:\/\/www.bellunopress.it\/2019\/11\/16\/autonomia-bellunese-ed-elettivita-provincia-la-segretaria-provinciale-del-pd-monica-lotto-ha-incontrato-il-ministro-boccia\/"},"wordCount":382,"publisher":{"@id":"https:\/\/www.bellunopress.it\/#organization"},"image":{"@id":"https:\/\/www.bellunopress.it\/2019\/11\/16\/autonomia-bellunese-ed-elettivita-provincia-la-segretaria-provinciale-del-pd-monica-lotto-ha-incontrato-il-ministro-boccia\/#primaryimage"},"thumbnailUrl":"http:\/\/www.bellunopress.it\/wp-content\/uploads\/2019\/11\/ministro-boccia-segretaria-pd-monica-lotto.jpg","articleSection":["Cronaca\/Politica","Prima Pagina"],"inLanguage":"fr-FR"},{"@type":"WebPage","@id":"https:\/\/www.bellunopress.it\/2019\/11\/16\/autonomia-bellunese-ed-elettivita-provincia-la-segretaria-provinciale-del-pd-monica-lotto-ha-incontrato-il-ministro-boccia\/","url":"https:\/\/www.bellunopress.it\/2019\/11\/16\/autonomia-bellunese-ed-elettivita-provincia-la-segretaria-provinciale-del-pd-monica-lotto-ha-incontrato-il-ministro-boccia\/","name":"Autonomia bellunese ed elettivit\u00e0 Provincia.\u00a0La segretaria provinciale del Pd Monica Lotto ha incontrato il ministro Boccia - Bellunopress - Dolomiti","isPartOf":{"@id":"https:\/\/www.bellunopress.it\/#website"},"primaryImageOfPage":{"@id":"https:\/\/www.bellunopress.it\/2019\/11\/16\/autonomia-bellunese-ed-elettivita-provincia-la-segretaria-provinciale-del-pd-monica-lotto-ha-incontrato-il-ministro-boccia\/#primaryimage"},"image":{"@id":"https:\/\/www.bellunopress.it\/2019\/11\/16\/autonomia-bellunese-ed-elettivita-provincia-la-segretaria-provinciale-del-pd-monica-lotto-ha-incontrato-il-ministro-boccia\/#primaryimage"},"thumbnailUrl":"http:\/\/www.bellunopress.it\/wp-content\/uploads\/2019\/11\/ministro-boccia-segretaria-pd-monica-lotto.jpg","datePublished":"2019-11-16T15:49:41+00:00","dateModified":"2019-11-16T15:49:42+00:00","breadcrumb":{"@id":"https:\/\/www.bellunopress.it\/2019\/11\/16\/autonomia-bellunese-ed-elettivita-provincia-la-segretaria-provinciale-del-pd-monica-lotto-ha-incontrato-il-ministro-boccia\/#breadcrumb"},"inLanguage":"fr-FR","potentialAction":[{"@type":"ReadAction","target":["https:\/\/www.bellunopress.it\/2019\/11\/16\/autonomia-bellunese-ed-elettivita-provincia-la-segretaria-provinciale-del-pd-monica-lotto-ha-incontrato-il-ministro-boccia\/"]}]},{"@type":"ImageObject","inLanguage":"fr-FR","@id":"https:\/\/www.bellunopress.it\/2019\/11\/16\/autonomia-bellunese-ed-elettivita-provincia-la-segretaria-provinciale-del-pd-monica-lotto-ha-incontrato-il-ministro-boccia\/#primaryimage","url":"http:\/\/www.bellunopress.it\/wp-content\/uploads\/2019\/11\/ministro-boccia-segretaria-pd-monica-lotto.jpg","contentUrl":"http:\/\/www.bellunopress.it\/wp-content\/uploads\/2019\/11\/ministro-boccia-segretaria-pd-monica-lotto.jpg"},{"@type":"BreadcrumbList","@id":"https:\/\/www.bellunopress.it\/2019\/11\/16\/autonomia-bellunese-ed-elettivita-provincia-la-segretaria-provinciale-del-pd-monica-lotto-ha-incontrato-il-ministro-boccia\/#breadcrumb","itemListElement":[{"@type":"ListItem","position":1,"name":"Home","item":"https:\/\/www.bellunopress.it\/"},{"@type":"ListItem","position":2,"name":"Autonomia bellunese ed elettivit\u00e0 Provincia.\u00a0La segretaria provinciale del Pd Monica Lotto ha incontrato il ministro Boccia"}]},{"@type":"WebSite","@id":"https:\/\/www.bellunopress.it\/#website","url":"https:\/\/www.bellunopress.it\/","name":"Bellunopress - Dolomiti","description":"e-mail: redazione@bellunopress.it","publisher":{"@id":"https:\/\/www.bellunopress.it\/#organization"},"potentialAction":[{"@type":"SearchAction","target":{"@type":"EntryPoint","urlTemplate":"https:\/\/www.bellunopress.it\/?s={search_term_string}"},"query-input":{"@type":"PropertyValueSpecification","valueRequired":true,"valueName":"search_term_string"}}],"inLanguage":"fr-FR"},{"@type":"Organization","@id":"https:\/\/www.bellunopress.it\/#organization","name":"Bellunopress","url":"https:\/\/www.bellunopress.it\/","logo":{"@type":"ImageObject","inLanguage":"fr-FR","@id":"https:\/\/www.bellunopress.it\/#\/schema\/logo\/image\/","url":"https:\/\/www.bellunopress.it\/wp-content\/uploads\/2011\/05\/cropped-logo-bellunopress-.jpg","contentUrl":"https:\/\/www.bellunopress.it\/wp-content\/uploads\/2011\/05\/cropped-logo-bellunopress-.jpg","width":512,"height":512,"caption":"Bellunopress"},"image":{"@id":"https:\/\/www.bellunopress.it\/#\/schema\/logo\/image\/"},"sameAs":["https:\/\/www.facebook.com\/profile.php?id=100008943462799","https:\/\/x.com\/bellunopress","https:\/\/www.linkedin.com\/hp\/?dnr=JBzUWaJfMUw8vbXJJ2tVW5-I3jZKvC4wsoxE&amp;amp;amp;amp;amp;amp;trk=nav_responsive_tab_home","https:\/\/www.youtube.com\/channel\/UCxL0wu1uN0_3_7hGG0306cw"]},{"@type":"Person","@id":"https:\/\/www.bellunopress.it\/#\/schema\/person\/79bb06722b37ece1c03d3e94beb30d73","name":"r\u00e9daction","image":{"@type":"ImageObject","inLanguage":"fr-FR","@id":"https:\/\/secure.gravatar.com\/avatar\/37d968a2e67a6fd04c169c4bdef102d0bc5d31b2546345219e348575eb80e9a0?s=96&d=mm&r=g","url":"https:\/\/secure.gravatar.com\/avatar\/37d968a2e67a6fd04c169c4bdef102d0bc5d31b2546345219e348575eb80e9a0?s=96&d=mm&r=g","contentUrl":"https:\/\/secure.gravatar.com\/avatar\/37d968a2e67a6fd04c169c4bdef102d0bc5d31b2546345219e348575eb80e9a0?s=96&d=mm&r=g","caption":"redazione"},"sameAs":["http:\/\/www.bellunopress.it","https:\/\/x.com\/bellunopress"],"url":"https:\/\/www.bellunopress.it\/fr\/author\/redazione\/"}]}},"_links":{"self":[{"href":"https:\/\/www.bellunopress.it\/fr\/wp-json\/wp\/v2\/posts\/109657","targetHints":{"allow":["GET"]}}],"collection":[{"href":"https:\/\/www.bellunopress.it\/fr\/wp-json\/wp\/v2\/posts"}],"about":[{"href":"https:\/\/www.bellunopress.it\/fr\/wp-json\/wp\/v2\/types\/post"}],"author":[{"embeddable":true,"href":"https:\/\/www.bellunopress.it\/fr\/wp-json\/wp\/v2\/users\/2"}],"replies":[{"embeddable":true,"href":"https:\/\/www.bellunopress.it\/fr\/wp-json\/wp\/v2\/comments?post=109657"}],"version-history":[{"count":2,"href":"https:\/\/www.bellunopress.it\/fr\/wp-json\/wp\/v2\/posts\/109657\/revisions"}],"predecessor-version":[{"id":109660,"href":"https:\/\/www.bellunopress.it\/fr\/wp-json\/wp\/v2\/posts\/109657\/revisions\/109660"}],"wp:attachment":[{"href":"https:\/\/www.bellunopress.it\/fr\/wp-json\/wp\/v2\/media?parent=109657"}],"wp:term":[{"taxonomy":"category","embeddable":true,"href":"https:\/\/www.bellunopress.it\/fr\/wp-json\/wp\/v2\/categories?post=109657"},{"taxonomy":"post_tag","embeddable":true,"href":"https:\/\/www.bellunopress.it\/fr\/wp-json\/wp\/v2\/tags?post=109657"}],"curies":[{"name":"wp","href":"https:\/\/api.w.org\/{rel}","templated":true}]}}