{"id":109645,"date":"2019-11-16T12:26:47","date_gmt":"2019-11-16T11:26:47","guid":{"rendered":"http:\/\/www.bellunopress.it\/?p=109645"},"modified":"2019-11-16T12:29:46","modified_gmt":"2019-11-16T11:29:46","slug":"maltempo-aggiornamento-del-16-11-2019-ore-12-massimo-bortoluzzi-lallerta-e-scesa-da-rossa-ad-arancione-su-tutto-il-territorio","status":"publish","type":"post","link":"https:\/\/www.bellunopress.it\/fr\/2019\/11\/16\/maltempo-aggiornamento-del-16-11-2019-ore-12-massimo-bortoluzzi-lallerta-e-scesa-da-rossa-ad-arancione-su-tutto-il-territorio\/","title":{"rendered":"Maltempo. Aggiornamento del 16.11.2019 ore 12 Massimo Bortoluzzi: &#8220;L&#8217;allerta \u00e8 scesa da rossa ad arancione su tutto il territorio&#8221;"},"content":{"rendered":"<p>Belluno, 16 novembre 2019 &#8211; Aggiornamento delle ore 12.00 &#8211; Dopo il passaggio della perturbazione di ieri, la situazione \u00e8 sotto controllo.<\/p>\n<figure id=\"attachment_109650\" aria-describedby=\"caption-attachment-109650\" style=\"width: 234px\" class=\"wp-caption alignleft\"><a href=\"http:\/\/www.bellunopress.it\/fr\/2019\/11\/16\/maltempo-aggiornamento-del-16-11-2019-ore-12-massimo-bortoluzzi-lallerta-e-scesa-da-rossa-ad-arancione-su-tutto-il-territorio\/massimo-bortoluzzi-consigliere-provinciale-3\/\" rel=\"attachment wp-att-109650\"><img loading=\"lazy\" decoding=\"async\" class=\"size-full wp-image-109650\" src=\"http:\/\/www.bellunopress.it\/wp-content\/uploads\/2019\/11\/Massimo-Bortoluzzi-consigliere-provinciale-1.jpg\" alt=\"\" width=\"234\" height=\"300\" \/><\/a><figcaption id=\"caption-attachment-109650\" class=\"wp-caption-text\">Massimo Bortoluzzi &#8211; consigliere provinciale<\/figcaption><\/figure>\n<p>\u00abI tecnici e la Protezione Civile stanno perlustrando il territorio provinciale per verificare eventuali danni e programmare interventi laddove \u00e8 necessario &#8211; afferma il consigliere provinciale delegato Massimo Bortoluzzi -. Stamattina alle 10 la sala operativa della Prefettura ha deciso di rimanere attiva a ranghi ridotti, visto che al momento non ci sono necessit\u00e0 particolari. L\u2019allerta da rossa \u00e8 scesa ad arancione, su tutto il territorio. Stiamo aspettando le prossime previsioni meteo per capire l\u2019evoluzione per la giornata di domani. L\u2019attenzione resta alta soprattutto nel caso in cui dovesse essere confermato l\u2019ultimo quadro previsionale. Infatti ci aspettiamo nuove precipitazioni, che potrebbero essere abbondanti e superare i 110 millimetri nell\u2019arco delle 12-18 ore. La quota neve viene data in innalzamento, con rinforzo dei venti di Scirocco, per cui non sono esclusi alcuni problemi su fiumi e torrenti\u00bb.<\/p>\n<p>Quanto ai danni provocati nella giornata di venerd\u00ec, \u00ababbiamo registrato qualche problema per il vento forte a Feltre e presenza di acqua dalla volta della galleria dei Castei in Agordino &#8211; prosegue Bortoluzzi -. Risultano alcuni piccoli smottamenti in varie zone della provincia, dove stanno intervenendo la Protezione Civile e i tecnici della Difesa del Suolo. In particolare a Carfon (Canale d\u2019Agordo), dove si \u00e8 verificata una frana sulla strada comunale, e dove \u00e8 gi\u00e0 partita la somma urgenza. I nostri tecnici sono presenti anche in altre aree dove si sono verificati smottamenti e frane. Per quanto riguarda Misurina, la strada \u00e8 stata liberata dalle piante gi\u00e0 durante la notte e quindi l\u2019abitato non risulta pi\u00f9 isolato. Adesso attendiamo gli aggiornamenti meteo della prossima riunione in Prefettura, alle 15\u00bb.<\/p>","protected":false},"excerpt":{"rendered":"<p>Belluno, 16 novembre 2019 &#8211; Aggiornamento delle ore 12.00 &#8211; Dopo il passaggio della perturbazione di ieri, la situazione \u00e8 sotto controllo. \u00abI tecnici e la Protezione Civile stanno perlustrando il territorio provinciale per verificare eventuali danni e programmare interventi laddove \u00e8 necessario &#8211; afferma il consigliere provinciale delegato Massimo Bortoluzzi -. Stamattina alle 10 [&hellip;]<\/p>\n","protected":false},"author":2,"featured_media":0,"comment_status":"closed","ping_status":"open","sticky":false,"template":"","format":"standard","meta":{"footnotes":""},"categories":[5,8],"tags":[],"class_list":["post-109645","post","type-post","status-publish","format-standard","category-cronaca","category-societa-istituzioni"],"yoast_head":"<!-- This site is optimized with the Yoast SEO plugin v28.4 - https:\/\/yoast.com\/product\/yoast-seo-wordpress\/ -->\n<title>Maltempo. Aggiornamento del 16.11.2019 ore 12 Massimo Bortoluzzi: &quot;L&#039;allerta \u00e8 scesa da rossa ad arancione su tutto il territorio&quot; - Bellunopress - Dolomiti<\/title>\n<meta name=\"robots\" content=\"index, follow, max-snippet:-1, max-image-preview:large, max-video-preview:-1\" \/>\n<link rel=\"canonical\" href=\"https:\/\/www.bellunopress.it\/fr\/2019\/11\/16\/maltempo-aggiornamento-del-16-11-2019-ore-12-massimo-bortoluzzi-lallerta-e-scesa-da-rossa-ad-arancione-su-tutto-il-territorio\/\" \/>\n<meta property=\"og:locale\" content=\"fr_FR\" \/>\n<meta property=\"og:type\" content=\"article\" \/>\n<meta property=\"og:title\" content=\"Maltempo. Aggiornamento del 16.11.2019 ore 12 Massimo Bortoluzzi: &quot;L&#039;allerta \u00e8 scesa da rossa ad arancione su tutto il territorio&quot; - Bellunopress - Dolomiti\" \/>\n<meta property=\"og:description\" content=\"Belluno, 16 novembre 2019 &#8211; Aggiornamento delle ore 12.00 &#8211; Dopo il passaggio della perturbazione di ieri, la situazione \u00e8 sotto controllo. \u00abI tecnici e la Protezione Civile stanno perlustrando il territorio provinciale per verificare eventuali danni e programmare interventi laddove \u00e8 necessario &#8211; afferma il consigliere provinciale delegato Massimo Bortoluzzi -. Stamattina alle 10 [&hellip;]\" \/>\n<meta property=\"og:url\" content=\"https:\/\/www.bellunopress.it\/fr\/2019\/11\/16\/maltempo-aggiornamento-del-16-11-2019-ore-12-massimo-bortoluzzi-lallerta-e-scesa-da-rossa-ad-arancione-su-tutto-il-territorio\/\" \/>\n<meta property=\"og:site_name\" content=\"Bellunopress - Dolomiti\" \/>\n<meta property=\"article:publisher\" content=\"https:\/\/www.facebook.com\/profile.php?id=100008943462799\" \/>\n<meta property=\"article:published_time\" content=\"2019-11-16T11:26:47+00:00\" \/>\n<meta property=\"article:modified_time\" content=\"2019-11-16T11:29:46+00:00\" \/>\n<meta property=\"og:image\" content=\"http:\/\/www.bellunopress.it\/wp-content\/uploads\/2019\/11\/Massimo-Bortoluzzi-consigliere-provinciale-1.jpg\" \/>\n<meta name=\"author\" content=\"redazione\" \/>\n<meta name=\"twitter:card\" content=\"summary_large_image\" \/>\n<meta name=\"twitter:creator\" content=\"@bellunopress\" \/>\n<meta name=\"twitter:site\" content=\"@bellunopress\" \/>\n<meta name=\"twitter:label1\" content=\"\u00c9crit par\" \/>\n\t<meta name=\"twitter:data1\" content=\"redazione\" \/>\n\t<meta name=\"twitter:label2\" content=\"Dur\u00e9e de lecture estim\u00e9e\" \/>\n\t<meta name=\"twitter:data2\" content=\"1 minute\" \/>\n<script type=\"application\/ld+json\" class=\"yoast-schema-graph\">{\"@context\":\"https:\\\/\\\/schema.org\",\"@graph\":[{\"@type\":\"Article\",\"@id\":\"https:\\\/\\\/www.bellunopress.it\\\/2019\\\/11\\\/16\\\/maltempo-aggiornamento-del-16-11-2019-ore-12-massimo-bortoluzzi-lallerta-e-scesa-da-rossa-ad-arancione-su-tutto-il-territorio\\\/#article\",\"isPartOf\":{\"@id\":\"https:\\\/\\\/www.bellunopress.it\\\/2019\\\/11\\\/16\\\/maltempo-aggiornamento-del-16-11-2019-ore-12-massimo-bortoluzzi-lallerta-e-scesa-da-rossa-ad-arancione-su-tutto-il-territorio\\\/\"},\"author\":{\"name\":\"redazione\",\"@id\":\"https:\\\/\\\/www.bellunopress.it\\\/#\\\/schema\\\/person\\\/79bb06722b37ece1c03d3e94beb30d73\"},\"headline\":\"Maltempo. Aggiornamento del 16.11.2019 ore 12 Massimo Bortoluzzi: &#8220;L&#8217;allerta \u00e8 scesa da rossa ad arancione su tutto il territorio&#8221;\",\"datePublished\":\"2019-11-16T11:26:47+00:00\",\"dateModified\":\"2019-11-16T11:29:46+00:00\",\"mainEntityOfPage\":{\"@id\":\"https:\\\/\\\/www.bellunopress.it\\\/2019\\\/11\\\/16\\\/maltempo-aggiornamento-del-16-11-2019-ore-12-massimo-bortoluzzi-lallerta-e-scesa-da-rossa-ad-arancione-su-tutto-il-territorio\\\/\"},\"wordCount\":311,\"publisher\":{\"@id\":\"https:\\\/\\\/www.bellunopress.it\\\/#organization\"},\"image\":{\"@id\":\"https:\\\/\\\/www.bellunopress.it\\\/2019\\\/11\\\/16\\\/maltempo-aggiornamento-del-16-11-2019-ore-12-massimo-bortoluzzi-lallerta-e-scesa-da-rossa-ad-arancione-su-tutto-il-territorio\\\/#primaryimage\"},\"thumbnailUrl\":\"http:\\\/\\\/www.bellunopress.it\\\/wp-content\\\/uploads\\\/2019\\\/11\\\/Massimo-Bortoluzzi-consigliere-provinciale-1.jpg\",\"articleSection\":[\"Cronaca\\\/Politica\",\"Societ\u00e0, Associazioni, Istituzioni\"],\"inLanguage\":\"fr-FR\"},{\"@type\":\"WebPage\",\"@id\":\"https:\\\/\\\/www.bellunopress.it\\\/2019\\\/11\\\/16\\\/maltempo-aggiornamento-del-16-11-2019-ore-12-massimo-bortoluzzi-lallerta-e-scesa-da-rossa-ad-arancione-su-tutto-il-territorio\\\/\",\"url\":\"https:\\\/\\\/www.bellunopress.it\\\/2019\\\/11\\\/16\\\/maltempo-aggiornamento-del-16-11-2019-ore-12-massimo-bortoluzzi-lallerta-e-scesa-da-rossa-ad-arancione-su-tutto-il-territorio\\\/\",\"name\":\"Maltempo. Aggiornamento del 16.11.2019 ore 12 Massimo Bortoluzzi: \\\"L'allerta \u00e8 scesa da rossa ad arancione su tutto il territorio\\\" - Bellunopress - Dolomiti\",\"isPartOf\":{\"@id\":\"https:\\\/\\\/www.bellunopress.it\\\/#website\"},\"primaryImageOfPage\":{\"@id\":\"https:\\\/\\\/www.bellunopress.it\\\/2019\\\/11\\\/16\\\/maltempo-aggiornamento-del-16-11-2019-ore-12-massimo-bortoluzzi-lallerta-e-scesa-da-rossa-ad-arancione-su-tutto-il-territorio\\\/#primaryimage\"},\"image\":{\"@id\":\"https:\\\/\\\/www.bellunopress.it\\\/2019\\\/11\\\/16\\\/maltempo-aggiornamento-del-16-11-2019-ore-12-massimo-bortoluzzi-lallerta-e-scesa-da-rossa-ad-arancione-su-tutto-il-territorio\\\/#primaryimage\"},\"thumbnailUrl\":\"http:\\\/\\\/www.bellunopress.it\\\/wp-content\\\/uploads\\\/2019\\\/11\\\/Massimo-Bortoluzzi-consigliere-provinciale-1.jpg\",\"datePublished\":\"2019-11-16T11:26:47+00:00\",\"dateModified\":\"2019-11-16T11:29:46+00:00\",\"breadcrumb\":{\"@id\":\"https:\\\/\\\/www.bellunopress.it\\\/2019\\\/11\\\/16\\\/maltempo-aggiornamento-del-16-11-2019-ore-12-massimo-bortoluzzi-lallerta-e-scesa-da-rossa-ad-arancione-su-tutto-il-territorio\\\/#breadcrumb\"},\"inLanguage\":\"fr-FR\",\"potentialAction\":[{\"@type\":\"ReadAction\",\"target\":[\"https:\\\/\\\/www.bellunopress.it\\\/2019\\\/11\\\/16\\\/maltempo-aggiornamento-del-16-11-2019-ore-12-massimo-bortoluzzi-lallerta-e-scesa-da-rossa-ad-arancione-su-tutto-il-territorio\\\/\"]}]},{\"@type\":\"ImageObject\",\"inLanguage\":\"fr-FR\",\"@id\":\"https:\\\/\\\/www.bellunopress.it\\\/2019\\\/11\\\/16\\\/maltempo-aggiornamento-del-16-11-2019-ore-12-massimo-bortoluzzi-lallerta-e-scesa-da-rossa-ad-arancione-su-tutto-il-territorio\\\/#primaryimage\",\"url\":\"http:\\\/\\\/www.bellunopress.it\\\/wp-content\\\/uploads\\\/2019\\\/11\\\/Massimo-Bortoluzzi-consigliere-provinciale-1.jpg\",\"contentUrl\":\"http:\\\/\\\/www.bellunopress.it\\\/wp-content\\\/uploads\\\/2019\\\/11\\\/Massimo-Bortoluzzi-consigliere-provinciale-1.jpg\"},{\"@type\":\"BreadcrumbList\",\"@id\":\"https:\\\/\\\/www.bellunopress.it\\\/2019\\\/11\\\/16\\\/maltempo-aggiornamento-del-16-11-2019-ore-12-massimo-bortoluzzi-lallerta-e-scesa-da-rossa-ad-arancione-su-tutto-il-territorio\\\/#breadcrumb\",\"itemListElement\":[{\"@type\":\"ListItem\",\"position\":1,\"name\":\"Home\",\"item\":\"https:\\\/\\\/www.bellunopress.it\\\/\"},{\"@type\":\"ListItem\",\"position\":2,\"name\":\"Maltempo. Aggiornamento del 16.11.2019 ore 12 Massimo Bortoluzzi: &#8220;L&#8217;allerta \u00e8 scesa da rossa ad arancione su tutto il territorio&#8221;\"}]},{\"@type\":\"WebSite\",\"@id\":\"https:\\\/\\\/www.bellunopress.it\\\/#website\",\"url\":\"https:\\\/\\\/www.bellunopress.it\\\/\",\"name\":\"Bellunopress - Dolomiti\",\"description\":\"e-mail: redazione@bellunopress.it\",\"publisher\":{\"@id\":\"https:\\\/\\\/www.bellunopress.it\\\/#organization\"},\"potentialAction\":[{\"@type\":\"SearchAction\",\"target\":{\"@type\":\"EntryPoint\",\"urlTemplate\":\"https:\\\/\\\/www.bellunopress.it\\\/?s={search_term_string}\"},\"query-input\":{\"@type\":\"PropertyValueSpecification\",\"valueRequired\":true,\"valueName\":\"search_term_string\"}}],\"inLanguage\":\"fr-FR\"},{\"@type\":\"Organization\",\"@id\":\"https:\\\/\\\/www.bellunopress.it\\\/#organization\",\"name\":\"Bellunopress\",\"url\":\"https:\\\/\\\/www.bellunopress.it\\\/\",\"logo\":{\"@type\":\"ImageObject\",\"inLanguage\":\"fr-FR\",\"@id\":\"https:\\\/\\\/www.bellunopress.it\\\/#\\\/schema\\\/logo\\\/image\\\/\",\"url\":\"https:\\\/\\\/www.bellunopress.it\\\/wp-content\\\/uploads\\\/2011\\\/05\\\/cropped-logo-bellunopress-.jpg\",\"contentUrl\":\"https:\\\/\\\/www.bellunopress.it\\\/wp-content\\\/uploads\\\/2011\\\/05\\\/cropped-logo-bellunopress-.jpg\",\"width\":512,\"height\":512,\"caption\":\"Bellunopress\"},\"image\":{\"@id\":\"https:\\\/\\\/www.bellunopress.it\\\/#\\\/schema\\\/logo\\\/image\\\/\"},\"sameAs\":[\"https:\\\/\\\/www.facebook.com\\\/profile.php?id=100008943462799\",\"https:\\\/\\\/x.com\\\/bellunopress\",\"https:\\\/\\\/www.linkedin.com\\\/hp\\\/?dnr=JBzUWaJfMUw8vbXJJ2tVW5-I3jZKvC4wsoxE&amp;amp;amp;amp;amp;amp;trk=nav_responsive_tab_home\",\"https:\\\/\\\/www.youtube.com\\\/channel\\\/UCxL0wu1uN0_3_7hGG0306cw\"]},{\"@type\":\"Person\",\"@id\":\"https:\\\/\\\/www.bellunopress.it\\\/#\\\/schema\\\/person\\\/79bb06722b37ece1c03d3e94beb30d73\",\"name\":\"redazione\",\"image\":{\"@type\":\"ImageObject\",\"inLanguage\":\"fr-FR\",\"@id\":\"https:\\\/\\\/secure.gravatar.com\\\/avatar\\\/37d968a2e67a6fd04c169c4bdef102d0bc5d31b2546345219e348575eb80e9a0?s=96&d=mm&r=g\",\"url\":\"https:\\\/\\\/secure.gravatar.com\\\/avatar\\\/37d968a2e67a6fd04c169c4bdef102d0bc5d31b2546345219e348575eb80e9a0?s=96&d=mm&r=g\",\"contentUrl\":\"https:\\\/\\\/secure.gravatar.com\\\/avatar\\\/37d968a2e67a6fd04c169c4bdef102d0bc5d31b2546345219e348575eb80e9a0?s=96&d=mm&r=g\",\"caption\":\"redazione\"},\"sameAs\":[\"http:\\\/\\\/www.bellunopress.it\",\"https:\\\/\\\/x.com\\\/bellunopress\"],\"url\":\"https:\\\/\\\/www.bellunopress.it\\\/fr\\\/author\\\/redazione\\\/\"}]}<\/script>\n<!-- \/ Yoast SEO plugin. -->","yoast_head_json":{"title":"Maltempo. Aggiornamento del 16.11.2019 ore 12 Massimo Bortoluzzi: \"L'allerta \u00e8 scesa da rossa ad arancione su tutto il territorio\" - Bellunopress - Dolomiti","robots":{"index":"index","follow":"follow","max-snippet":"max-snippet:-1","max-image-preview":"max-image-preview:large","max-video-preview":"max-video-preview:-1"},"canonical":"https:\/\/www.bellunopress.it\/fr\/2019\/11\/16\/maltempo-aggiornamento-del-16-11-2019-ore-12-massimo-bortoluzzi-lallerta-e-scesa-da-rossa-ad-arancione-su-tutto-il-territorio\/","og_locale":"fr_FR","og_type":"article","og_title":"Maltempo. Aggiornamento del 16.11.2019 ore 12 Massimo Bortoluzzi: \"L'allerta \u00e8 scesa da rossa ad arancione su tutto il territorio\" - Bellunopress - Dolomiti","og_description":"Belluno, 16 novembre 2019 &#8211; Aggiornamento delle ore 12.00 &#8211; Dopo il passaggio della perturbazione di ieri, la situazione \u00e8 sotto controllo. \u00abI tecnici e la Protezione Civile stanno perlustrando il territorio provinciale per verificare eventuali danni e programmare interventi laddove \u00e8 necessario &#8211; afferma il consigliere provinciale delegato Massimo Bortoluzzi -. Stamattina alle 10 [&hellip;]","og_url":"https:\/\/www.bellunopress.it\/fr\/2019\/11\/16\/maltempo-aggiornamento-del-16-11-2019-ore-12-massimo-bortoluzzi-lallerta-e-scesa-da-rossa-ad-arancione-su-tutto-il-territorio\/","og_site_name":"Bellunopress - Dolomiti","article_publisher":"https:\/\/www.facebook.com\/profile.php?id=100008943462799","article_published_time":"2019-11-16T11:26:47+00:00","article_modified_time":"2019-11-16T11:29:46+00:00","og_image":[{"url":"http:\/\/www.bellunopress.it\/wp-content\/uploads\/2019\/11\/Massimo-Bortoluzzi-consigliere-provinciale-1.jpg","type":"","width":"","height":""}],"author":"redazione","twitter_card":"summary_large_image","twitter_creator":"@bellunopress","twitter_site":"@bellunopress","twitter_misc":{"\u00c9crit par":"redazione","Dur\u00e9e de lecture estim\u00e9e":"1 minute"},"schema":{"@context":"https:\/\/schema.org","@graph":[{"@type":"Article","@id":"https:\/\/www.bellunopress.it\/2019\/11\/16\/maltempo-aggiornamento-del-16-11-2019-ore-12-massimo-bortoluzzi-lallerta-e-scesa-da-rossa-ad-arancione-su-tutto-il-territorio\/#article","isPartOf":{"@id":"https:\/\/www.bellunopress.it\/2019\/11\/16\/maltempo-aggiornamento-del-16-11-2019-ore-12-massimo-bortoluzzi-lallerta-e-scesa-da-rossa-ad-arancione-su-tutto-il-territorio\/"},"author":{"name":"redazione","@id":"https:\/\/www.bellunopress.it\/#\/schema\/person\/79bb06722b37ece1c03d3e94beb30d73"},"headline":"Maltempo. Aggiornamento del 16.11.2019 ore 12 Massimo Bortoluzzi: &#8220;L&#8217;allerta \u00e8 scesa da rossa ad arancione su tutto il territorio&#8221;","datePublished":"2019-11-16T11:26:47+00:00","dateModified":"2019-11-16T11:29:46+00:00","mainEntityOfPage":{"@id":"https:\/\/www.bellunopress.it\/2019\/11\/16\/maltempo-aggiornamento-del-16-11-2019-ore-12-massimo-bortoluzzi-lallerta-e-scesa-da-rossa-ad-arancione-su-tutto-il-territorio\/"},"wordCount":311,"publisher":{"@id":"https:\/\/www.bellunopress.it\/#organization"},"image":{"@id":"https:\/\/www.bellunopress.it\/2019\/11\/16\/maltempo-aggiornamento-del-16-11-2019-ore-12-massimo-bortoluzzi-lallerta-e-scesa-da-rossa-ad-arancione-su-tutto-il-territorio\/#primaryimage"},"thumbnailUrl":"http:\/\/www.bellunopress.it\/wp-content\/uploads\/2019\/11\/Massimo-Bortoluzzi-consigliere-provinciale-1.jpg","articleSection":["Cronaca\/Politica","Societ\u00e0, Associazioni, Istituzioni"],"inLanguage":"fr-FR"},{"@type":"WebPage","@id":"https:\/\/www.bellunopress.it\/2019\/11\/16\/maltempo-aggiornamento-del-16-11-2019-ore-12-massimo-bortoluzzi-lallerta-e-scesa-da-rossa-ad-arancione-su-tutto-il-territorio\/","url":"https:\/\/www.bellunopress.it\/2019\/11\/16\/maltempo-aggiornamento-del-16-11-2019-ore-12-massimo-bortoluzzi-lallerta-e-scesa-da-rossa-ad-arancione-su-tutto-il-territorio\/","name":"Maltempo. Aggiornamento del 16.11.2019 ore 12 Massimo Bortoluzzi: \"L'allerta \u00e8 scesa da rossa ad arancione su tutto il territorio\" - Bellunopress - Dolomiti","isPartOf":{"@id":"https:\/\/www.bellunopress.it\/#website"},"primaryImageOfPage":{"@id":"https:\/\/www.bellunopress.it\/2019\/11\/16\/maltempo-aggiornamento-del-16-11-2019-ore-12-massimo-bortoluzzi-lallerta-e-scesa-da-rossa-ad-arancione-su-tutto-il-territorio\/#primaryimage"},"image":{"@id":"https:\/\/www.bellunopress.it\/2019\/11\/16\/maltempo-aggiornamento-del-16-11-2019-ore-12-massimo-bortoluzzi-lallerta-e-scesa-da-rossa-ad-arancione-su-tutto-il-territorio\/#primaryimage"},"thumbnailUrl":"http:\/\/www.bellunopress.it\/wp-content\/uploads\/2019\/11\/Massimo-Bortoluzzi-consigliere-provinciale-1.jpg","datePublished":"2019-11-16T11:26:47+00:00","dateModified":"2019-11-16T11:29:46+00:00","breadcrumb":{"@id":"https:\/\/www.bellunopress.it\/2019\/11\/16\/maltempo-aggiornamento-del-16-11-2019-ore-12-massimo-bortoluzzi-lallerta-e-scesa-da-rossa-ad-arancione-su-tutto-il-territorio\/#breadcrumb"},"inLanguage":"fr-FR","potentialAction":[{"@type":"ReadAction","target":["https:\/\/www.bellunopress.it\/2019\/11\/16\/maltempo-aggiornamento-del-16-11-2019-ore-12-massimo-bortoluzzi-lallerta-e-scesa-da-rossa-ad-arancione-su-tutto-il-territorio\/"]}]},{"@type":"ImageObject","inLanguage":"fr-FR","@id":"https:\/\/www.bellunopress.it\/2019\/11\/16\/maltempo-aggiornamento-del-16-11-2019-ore-12-massimo-bortoluzzi-lallerta-e-scesa-da-rossa-ad-arancione-su-tutto-il-territorio\/#primaryimage","url":"http:\/\/www.bellunopress.it\/wp-content\/uploads\/2019\/11\/Massimo-Bortoluzzi-consigliere-provinciale-1.jpg","contentUrl":"http:\/\/www.bellunopress.it\/wp-content\/uploads\/2019\/11\/Massimo-Bortoluzzi-consigliere-provinciale-1.jpg"},{"@type":"BreadcrumbList","@id":"https:\/\/www.bellunopress.it\/2019\/11\/16\/maltempo-aggiornamento-del-16-11-2019-ore-12-massimo-bortoluzzi-lallerta-e-scesa-da-rossa-ad-arancione-su-tutto-il-territorio\/#breadcrumb","itemListElement":[{"@type":"ListItem","position":1,"name":"Home","item":"https:\/\/www.bellunopress.it\/"},{"@type":"ListItem","position":2,"name":"Maltempo. Aggiornamento del 16.11.2019 ore 12 Massimo Bortoluzzi: &#8220;L&#8217;allerta \u00e8 scesa da rossa ad arancione su tutto il territorio&#8221;"}]},{"@type":"WebSite","@id":"https:\/\/www.bellunopress.it\/#website","url":"https:\/\/www.bellunopress.it\/","name":"Bellunopress - Dolomiti","description":"e-mail: redazione@bellunopress.it","publisher":{"@id":"https:\/\/www.bellunopress.it\/#organization"},"potentialAction":[{"@type":"SearchAction","target":{"@type":"EntryPoint","urlTemplate":"https:\/\/www.bellunopress.it\/?s={search_term_string}"},"query-input":{"@type":"PropertyValueSpecification","valueRequired":true,"valueName":"search_term_string"}}],"inLanguage":"fr-FR"},{"@type":"Organization","@id":"https:\/\/www.bellunopress.it\/#organization","name":"Bellunopress","url":"https:\/\/www.bellunopress.it\/","logo":{"@type":"ImageObject","inLanguage":"fr-FR","@id":"https:\/\/www.bellunopress.it\/#\/schema\/logo\/image\/","url":"https:\/\/www.bellunopress.it\/wp-content\/uploads\/2011\/05\/cropped-logo-bellunopress-.jpg","contentUrl":"https:\/\/www.bellunopress.it\/wp-content\/uploads\/2011\/05\/cropped-logo-bellunopress-.jpg","width":512,"height":512,"caption":"Bellunopress"},"image":{"@id":"https:\/\/www.bellunopress.it\/#\/schema\/logo\/image\/"},"sameAs":["https:\/\/www.facebook.com\/profile.php?id=100008943462799","https:\/\/x.com\/bellunopress","https:\/\/www.linkedin.com\/hp\/?dnr=JBzUWaJfMUw8vbXJJ2tVW5-I3jZKvC4wsoxE&amp;amp;amp;amp;amp;amp;trk=nav_responsive_tab_home","https:\/\/www.youtube.com\/channel\/UCxL0wu1uN0_3_7hGG0306cw"]},{"@type":"Person","@id":"https:\/\/www.bellunopress.it\/#\/schema\/person\/79bb06722b37ece1c03d3e94beb30d73","name":"r\u00e9daction","image":{"@type":"ImageObject","inLanguage":"fr-FR","@id":"https:\/\/secure.gravatar.com\/avatar\/37d968a2e67a6fd04c169c4bdef102d0bc5d31b2546345219e348575eb80e9a0?s=96&d=mm&r=g","url":"https:\/\/secure.gravatar.com\/avatar\/37d968a2e67a6fd04c169c4bdef102d0bc5d31b2546345219e348575eb80e9a0?s=96&d=mm&r=g","contentUrl":"https:\/\/secure.gravatar.com\/avatar\/37d968a2e67a6fd04c169c4bdef102d0bc5d31b2546345219e348575eb80e9a0?s=96&d=mm&r=g","caption":"redazione"},"sameAs":["http:\/\/www.bellunopress.it","https:\/\/x.com\/bellunopress"],"url":"https:\/\/www.bellunopress.it\/fr\/author\/redazione\/"}]}},"_links":{"self":[{"href":"https:\/\/www.bellunopress.it\/fr\/wp-json\/wp\/v2\/posts\/109645","targetHints":{"allow":["GET"]}}],"collection":[{"href":"https:\/\/www.bellunopress.it\/fr\/wp-json\/wp\/v2\/posts"}],"about":[{"href":"https:\/\/www.bellunopress.it\/fr\/wp-json\/wp\/v2\/types\/post"}],"author":[{"embeddable":true,"href":"https:\/\/www.bellunopress.it\/fr\/wp-json\/wp\/v2\/users\/2"}],"replies":[{"embeddable":true,"href":"https:\/\/www.bellunopress.it\/fr\/wp-json\/wp\/v2\/comments?post=109645"}],"version-history":[{"count":4,"href":"https:\/\/www.bellunopress.it\/fr\/wp-json\/wp\/v2\/posts\/109645\/revisions"}],"predecessor-version":[{"id":109651,"href":"https:\/\/www.bellunopress.it\/fr\/wp-json\/wp\/v2\/posts\/109645\/revisions\/109651"}],"wp:attachment":[{"href":"https:\/\/www.bellunopress.it\/fr\/wp-json\/wp\/v2\/media?parent=109645"}],"wp:term":[{"taxonomy":"category","embeddable":true,"href":"https:\/\/www.bellunopress.it\/fr\/wp-json\/wp\/v2\/categories?post=109645"},{"taxonomy":"post_tag","embeddable":true,"href":"https:\/\/www.bellunopress.it\/fr\/wp-json\/wp\/v2\/tags?post=109645"}],"curies":[{"name":"wp","href":"https:\/\/api.w.org\/{rel}","templated":true}]}}