{"id":109641,"date":"2019-11-16T11:12:21","date_gmt":"2019-11-16T10:12:21","guid":{"rendered":"http:\/\/www.bellunopress.it\/?p=109641"},"modified":"2019-11-16T11:12:22","modified_gmt":"2019-11-16T10:12:22","slug":"tematiche-limportanza-di-ogni-singola-parola-benedetta-barzini-femminista-anni-70-giornalista-e-scrittrice-a-ponte-nelle-alpi","status":"publish","type":"post","link":"https:\/\/www.bellunopress.it\/fr\/2019\/11\/16\/tematiche-limportanza-di-ogni-singola-parola-benedetta-barzini-femminista-anni-70-giornalista-e-scrittrice-a-ponte-nelle-alpi\/","title":{"rendered":"&#8220;Tematiche&#8221;, l&#8217;importanza di ogni singola parola. Benedetta Barzini, femminista anni &#8217;70, giornalista e scrittrice a Ponte nelle Alpi"},"content":{"rendered":"<p>Un elogio al poco, all\u2019essenziale. Questo \u00e8 il significato di \u201cTematiche\u201d: un libro bianco dove ogni parola si presta a riflessioni brevi che non lasciano troppo spazio all\u2019opinione della scrivente per permettere al lettore di apporre le proprie considerazioni nella parte bianca al fine di rendere personale e unica ogni copia.<\/p>\n<p><a href=\"http:\/\/www.bellunopress.it\/fr\/2019\/11\/16\/tematiche-limportanza-di-ogni-singola-parola-benedetta-barzini-femminista-anni-70-giornalista-e-scrittrice-a-ponte-nelle-alpi\/benedetta-barzini-gianluca-de-col\/\" rel=\"attachment wp-att-109642\"><img loading=\"lazy\" decoding=\"async\" class=\"alignleft size-full wp-image-109642\" src=\"http:\/\/www.bellunopress.it\/wp-content\/uploads\/2019\/11\/Benedetta-Barzini-Gianluca-De-Col.jpg\" alt=\"\" width=\"300\" height=\"203\" \/><\/a>Benedetta Barzini \u2013 modella iconica nella New York degli anni \u201960, musa di Andy Warhol, Salvador Dal\u00ed, Richard Avedon e Irving Penn, femminista militante in Italia negli anni \u201970, madre sola di quattro figli, giornalista, scrittrice e poi docente universitaria di Antropologia della Moda \u2013 ha intrattenuto il numeroso pubblico della Biblioteca Civica di Ponte nelle Alpi in compagnia di Gianluca De Col e di Marilena Poncato.<\/p>\n<p>Dopo il successo della prima di \u201cLa scomparsa di mia madre\u201d di Beniamino Barrese al cinema Italia di Belluno \u2013 film girato dal figlio per tramandare la memoria ed insieme trattenere la madre a s\u00e9 il pi\u00f9 a lungo possibile, turbato dalla decisione di mamma Benedetta di lasciare tutto per scomparire in un luogo lontano &#8211; e le repliche a grande richiesta proiettate durante il mese di novembre, i bellunesi hanno potuto conoscere di persona questa 75enne carica di energia e di ironia. Gianluca De Col \u2013 preparato ed apprezzato attore ed autore per la televisione ed il teatro \u2013 e Marilena Poncato \u2013 rappresentante di rilievo de \u201cI Lettori per Caso\u201d \u2013 hanno contribuito a mettere in luce tutte le sfumature di Benedetta Barzini: aneddoti legati al mondo della moda, al ruolo di donna e madre, al ruolo di insegnante e di scrittrice.<\/p>\n<p>La lettura espressiva di Marilena Poncato ha chiarito il senso di questa originale pubblicazione: Abito, voce del verbo abitare. Opulenza, di pi\u00f9. Parole che creano riflessioni e che permettono di giocare e sorridere sfruttando l\u2019ironia.<br \/>\n\u00abIl mio sogno \u2013 conclude Benedetta Barzini \u2013 arrivata a questo punto della vita \u00e8 incamminarmi verso l\u2019ignoto: mi intriga il passaggio dal noto all\u2019ignoto\u00bb.<br \/>\nLarissa Roncaglia<\/p>\n<p>Nelle foto: Gianluca De Col e Benedetta Barzini\u00a0 (ph Larissa Roncaglia)<\/p>","protected":false},"excerpt":{"rendered":"<p>Un elogio al poco, all\u2019essenziale. Questo \u00e8 il significato di \u201cTematiche\u201d: un libro bianco dove ogni parola si presta a riflessioni brevi che non lasciano troppo spazio all\u2019opinione della scrivente per permettere al lettore di apporre le proprie considerazioni nella parte bianca al fine di rendere personale e unica ogni copia. Benedetta Barzini \u2013 modella [&hellip;]<\/p>\n","protected":false},"author":2,"featured_media":0,"comment_status":"closed","ping_status":"open","sticky":false,"template":"","format":"standard","meta":{"footnotes":""},"categories":[3,25],"tags":[],"class_list":["post-109641","post","type-post","status-publish","format-standard","category-arte-cultura-spettacoli-scienza-archivi","category-pausa-caffe"],"yoast_head":"<!-- This site is optimized with the Yoast SEO plugin v28.4 - https:\/\/yoast.com\/product\/yoast-seo-wordpress\/ -->\n<title>&quot;Tematiche&quot;, l&#039;importanza di ogni singola parola. Benedetta Barzini, femminista anni &#039;70, giornalista e scrittrice a Ponte nelle Alpi - Bellunopress - Dolomiti<\/title>\n<meta name=\"robots\" content=\"index, follow, max-snippet:-1, max-image-preview:large, max-video-preview:-1\" \/>\n<link rel=\"canonical\" href=\"https:\/\/www.bellunopress.it\/fr\/2019\/11\/16\/tematiche-limportanza-di-ogni-singola-parola-benedetta-barzini-femminista-anni-70-giornalista-e-scrittrice-a-ponte-nelle-alpi\/\" \/>\n<meta property=\"og:locale\" content=\"fr_FR\" \/>\n<meta property=\"og:type\" content=\"article\" \/>\n<meta property=\"og:title\" content=\"&quot;Tematiche&quot;, l&#039;importanza di ogni singola parola. Benedetta Barzini, femminista anni &#039;70, giornalista e scrittrice a Ponte nelle Alpi - Bellunopress - Dolomiti\" \/>\n<meta property=\"og:description\" content=\"Un elogio al poco, all\u2019essenziale. Questo \u00e8 il significato di \u201cTematiche\u201d: un libro bianco dove ogni parola si presta a riflessioni brevi che non lasciano troppo spazio all\u2019opinione della scrivente per permettere al lettore di apporre le proprie considerazioni nella parte bianca al fine di rendere personale e unica ogni copia. Benedetta Barzini \u2013 modella [&hellip;]\" \/>\n<meta property=\"og:url\" content=\"https:\/\/www.bellunopress.it\/fr\/2019\/11\/16\/tematiche-limportanza-di-ogni-singola-parola-benedetta-barzini-femminista-anni-70-giornalista-e-scrittrice-a-ponte-nelle-alpi\/\" \/>\n<meta property=\"og:site_name\" content=\"Bellunopress - Dolomiti\" \/>\n<meta property=\"article:publisher\" content=\"https:\/\/www.facebook.com\/profile.php?id=100008943462799\" \/>\n<meta property=\"article:published_time\" content=\"2019-11-16T10:12:21+00:00\" \/>\n<meta property=\"article:modified_time\" content=\"2019-11-16T10:12:22+00:00\" \/>\n<meta property=\"og:image\" content=\"http:\/\/www.bellunopress.it\/wp-content\/uploads\/2019\/11\/Benedetta-Barzini-Gianluca-De-Col.jpg\" \/>\n<meta name=\"author\" content=\"redazione\" \/>\n<meta name=\"twitter:card\" content=\"summary_large_image\" \/>\n<meta name=\"twitter:creator\" content=\"@bellunopress\" \/>\n<meta name=\"twitter:site\" content=\"@bellunopress\" \/>\n<meta name=\"twitter:label1\" content=\"\u00c9crit par\" \/>\n\t<meta name=\"twitter:data1\" content=\"redazione\" \/>\n\t<meta name=\"twitter:label2\" content=\"Dur\u00e9e de lecture estim\u00e9e\" \/>\n\t<meta name=\"twitter:data2\" content=\"2 minutes\" \/>\n<script type=\"application\/ld+json\" class=\"yoast-schema-graph\">{\"@context\":\"https:\\\/\\\/schema.org\",\"@graph\":[{\"@type\":\"Article\",\"@id\":\"https:\\\/\\\/www.bellunopress.it\\\/2019\\\/11\\\/16\\\/tematiche-limportanza-di-ogni-singola-parola-benedetta-barzini-femminista-anni-70-giornalista-e-scrittrice-a-ponte-nelle-alpi\\\/#article\",\"isPartOf\":{\"@id\":\"https:\\\/\\\/www.bellunopress.it\\\/2019\\\/11\\\/16\\\/tematiche-limportanza-di-ogni-singola-parola-benedetta-barzini-femminista-anni-70-giornalista-e-scrittrice-a-ponte-nelle-alpi\\\/\"},\"author\":{\"name\":\"redazione\",\"@id\":\"https:\\\/\\\/www.bellunopress.it\\\/#\\\/schema\\\/person\\\/79bb06722b37ece1c03d3e94beb30d73\"},\"headline\":\"&#8220;Tematiche&#8221;, l&#8217;importanza di ogni singola parola. Benedetta Barzini, femminista anni &#8217;70, giornalista e scrittrice a Ponte nelle Alpi\",\"datePublished\":\"2019-11-16T10:12:21+00:00\",\"dateModified\":\"2019-11-16T10:12:22+00:00\",\"mainEntityOfPage\":{\"@id\":\"https:\\\/\\\/www.bellunopress.it\\\/2019\\\/11\\\/16\\\/tematiche-limportanza-di-ogni-singola-parola-benedetta-barzini-femminista-anni-70-giornalista-e-scrittrice-a-ponte-nelle-alpi\\\/\"},\"wordCount\":345,\"publisher\":{\"@id\":\"https:\\\/\\\/www.bellunopress.it\\\/#organization\"},\"image\":{\"@id\":\"https:\\\/\\\/www.bellunopress.it\\\/2019\\\/11\\\/16\\\/tematiche-limportanza-di-ogni-singola-parola-benedetta-barzini-femminista-anni-70-giornalista-e-scrittrice-a-ponte-nelle-alpi\\\/#primaryimage\"},\"thumbnailUrl\":\"http:\\\/\\\/www.bellunopress.it\\\/wp-content\\\/uploads\\\/2019\\\/11\\\/Benedetta-Barzini-Gianluca-De-Col.jpg\",\"articleSection\":[\"Arte, Cultura, Spettacoli, Scienza\",\"Pausa Caff\u00e8\"],\"inLanguage\":\"fr-FR\"},{\"@type\":\"WebPage\",\"@id\":\"https:\\\/\\\/www.bellunopress.it\\\/2019\\\/11\\\/16\\\/tematiche-limportanza-di-ogni-singola-parola-benedetta-barzini-femminista-anni-70-giornalista-e-scrittrice-a-ponte-nelle-alpi\\\/\",\"url\":\"https:\\\/\\\/www.bellunopress.it\\\/2019\\\/11\\\/16\\\/tematiche-limportanza-di-ogni-singola-parola-benedetta-barzini-femminista-anni-70-giornalista-e-scrittrice-a-ponte-nelle-alpi\\\/\",\"name\":\"\\\"Tematiche\\\", l'importanza di ogni singola parola. Benedetta Barzini, femminista anni '70, giornalista e scrittrice a Ponte nelle Alpi - Bellunopress - Dolomiti\",\"isPartOf\":{\"@id\":\"https:\\\/\\\/www.bellunopress.it\\\/#website\"},\"primaryImageOfPage\":{\"@id\":\"https:\\\/\\\/www.bellunopress.it\\\/2019\\\/11\\\/16\\\/tematiche-limportanza-di-ogni-singola-parola-benedetta-barzini-femminista-anni-70-giornalista-e-scrittrice-a-ponte-nelle-alpi\\\/#primaryimage\"},\"image\":{\"@id\":\"https:\\\/\\\/www.bellunopress.it\\\/2019\\\/11\\\/16\\\/tematiche-limportanza-di-ogni-singola-parola-benedetta-barzini-femminista-anni-70-giornalista-e-scrittrice-a-ponte-nelle-alpi\\\/#primaryimage\"},\"thumbnailUrl\":\"http:\\\/\\\/www.bellunopress.it\\\/wp-content\\\/uploads\\\/2019\\\/11\\\/Benedetta-Barzini-Gianluca-De-Col.jpg\",\"datePublished\":\"2019-11-16T10:12:21+00:00\",\"dateModified\":\"2019-11-16T10:12:22+00:00\",\"breadcrumb\":{\"@id\":\"https:\\\/\\\/www.bellunopress.it\\\/2019\\\/11\\\/16\\\/tematiche-limportanza-di-ogni-singola-parola-benedetta-barzini-femminista-anni-70-giornalista-e-scrittrice-a-ponte-nelle-alpi\\\/#breadcrumb\"},\"inLanguage\":\"fr-FR\",\"potentialAction\":[{\"@type\":\"ReadAction\",\"target\":[\"https:\\\/\\\/www.bellunopress.it\\\/2019\\\/11\\\/16\\\/tematiche-limportanza-di-ogni-singola-parola-benedetta-barzini-femminista-anni-70-giornalista-e-scrittrice-a-ponte-nelle-alpi\\\/\"]}]},{\"@type\":\"ImageObject\",\"inLanguage\":\"fr-FR\",\"@id\":\"https:\\\/\\\/www.bellunopress.it\\\/2019\\\/11\\\/16\\\/tematiche-limportanza-di-ogni-singola-parola-benedetta-barzini-femminista-anni-70-giornalista-e-scrittrice-a-ponte-nelle-alpi\\\/#primaryimage\",\"url\":\"http:\\\/\\\/www.bellunopress.it\\\/wp-content\\\/uploads\\\/2019\\\/11\\\/Benedetta-Barzini-Gianluca-De-Col.jpg\",\"contentUrl\":\"http:\\\/\\\/www.bellunopress.it\\\/wp-content\\\/uploads\\\/2019\\\/11\\\/Benedetta-Barzini-Gianluca-De-Col.jpg\"},{\"@type\":\"BreadcrumbList\",\"@id\":\"https:\\\/\\\/www.bellunopress.it\\\/2019\\\/11\\\/16\\\/tematiche-limportanza-di-ogni-singola-parola-benedetta-barzini-femminista-anni-70-giornalista-e-scrittrice-a-ponte-nelle-alpi\\\/#breadcrumb\",\"itemListElement\":[{\"@type\":\"ListItem\",\"position\":1,\"name\":\"Home\",\"item\":\"https:\\\/\\\/www.bellunopress.it\\\/\"},{\"@type\":\"ListItem\",\"position\":2,\"name\":\"&#8220;Tematiche&#8221;, l&#8217;importanza di ogni singola parola. Benedetta Barzini, femminista anni &#8217;70, giornalista e scrittrice a Ponte nelle Alpi\"}]},{\"@type\":\"WebSite\",\"@id\":\"https:\\\/\\\/www.bellunopress.it\\\/#website\",\"url\":\"https:\\\/\\\/www.bellunopress.it\\\/\",\"name\":\"Bellunopress - Dolomiti\",\"description\":\"e-mail: redazione@bellunopress.it\",\"publisher\":{\"@id\":\"https:\\\/\\\/www.bellunopress.it\\\/#organization\"},\"potentialAction\":[{\"@type\":\"SearchAction\",\"target\":{\"@type\":\"EntryPoint\",\"urlTemplate\":\"https:\\\/\\\/www.bellunopress.it\\\/?s={search_term_string}\"},\"query-input\":{\"@type\":\"PropertyValueSpecification\",\"valueRequired\":true,\"valueName\":\"search_term_string\"}}],\"inLanguage\":\"fr-FR\"},{\"@type\":\"Organization\",\"@id\":\"https:\\\/\\\/www.bellunopress.it\\\/#organization\",\"name\":\"Bellunopress\",\"url\":\"https:\\\/\\\/www.bellunopress.it\\\/\",\"logo\":{\"@type\":\"ImageObject\",\"inLanguage\":\"fr-FR\",\"@id\":\"https:\\\/\\\/www.bellunopress.it\\\/#\\\/schema\\\/logo\\\/image\\\/\",\"url\":\"https:\\\/\\\/www.bellunopress.it\\\/wp-content\\\/uploads\\\/2011\\\/05\\\/cropped-logo-bellunopress-.jpg\",\"contentUrl\":\"https:\\\/\\\/www.bellunopress.it\\\/wp-content\\\/uploads\\\/2011\\\/05\\\/cropped-logo-bellunopress-.jpg\",\"width\":512,\"height\":512,\"caption\":\"Bellunopress\"},\"image\":{\"@id\":\"https:\\\/\\\/www.bellunopress.it\\\/#\\\/schema\\\/logo\\\/image\\\/\"},\"sameAs\":[\"https:\\\/\\\/www.facebook.com\\\/profile.php?id=100008943462799\",\"https:\\\/\\\/x.com\\\/bellunopress\",\"https:\\\/\\\/www.linkedin.com\\\/hp\\\/?dnr=JBzUWaJfMUw8vbXJJ2tVW5-I3jZKvC4wsoxE&amp;amp;amp;amp;amp;amp;trk=nav_responsive_tab_home\",\"https:\\\/\\\/www.youtube.com\\\/channel\\\/UCxL0wu1uN0_3_7hGG0306cw\"]},{\"@type\":\"Person\",\"@id\":\"https:\\\/\\\/www.bellunopress.it\\\/#\\\/schema\\\/person\\\/79bb06722b37ece1c03d3e94beb30d73\",\"name\":\"redazione\",\"image\":{\"@type\":\"ImageObject\",\"inLanguage\":\"fr-FR\",\"@id\":\"https:\\\/\\\/secure.gravatar.com\\\/avatar\\\/37d968a2e67a6fd04c169c4bdef102d0bc5d31b2546345219e348575eb80e9a0?s=96&d=mm&r=g\",\"url\":\"https:\\\/\\\/secure.gravatar.com\\\/avatar\\\/37d968a2e67a6fd04c169c4bdef102d0bc5d31b2546345219e348575eb80e9a0?s=96&d=mm&r=g\",\"contentUrl\":\"https:\\\/\\\/secure.gravatar.com\\\/avatar\\\/37d968a2e67a6fd04c169c4bdef102d0bc5d31b2546345219e348575eb80e9a0?s=96&d=mm&r=g\",\"caption\":\"redazione\"},\"sameAs\":[\"http:\\\/\\\/www.bellunopress.it\",\"https:\\\/\\\/x.com\\\/bellunopress\"],\"url\":\"https:\\\/\\\/www.bellunopress.it\\\/fr\\\/author\\\/redazione\\\/\"}]}<\/script>\n<!-- \/ Yoast SEO plugin. -->","yoast_head_json":{"title":"\"Tematiche\", l'importanza di ogni singola parola. Benedetta Barzini, femminista anni '70, giornalista e scrittrice a Ponte nelle Alpi - Bellunopress - Dolomiti","robots":{"index":"index","follow":"follow","max-snippet":"max-snippet:-1","max-image-preview":"max-image-preview:large","max-video-preview":"max-video-preview:-1"},"canonical":"https:\/\/www.bellunopress.it\/fr\/2019\/11\/16\/tematiche-limportanza-di-ogni-singola-parola-benedetta-barzini-femminista-anni-70-giornalista-e-scrittrice-a-ponte-nelle-alpi\/","og_locale":"fr_FR","og_type":"article","og_title":"\"Tematiche\", l'importanza di ogni singola parola. Benedetta Barzini, femminista anni '70, giornalista e scrittrice a Ponte nelle Alpi - Bellunopress - Dolomiti","og_description":"Un elogio al poco, all\u2019essenziale. Questo \u00e8 il significato di \u201cTematiche\u201d: un libro bianco dove ogni parola si presta a riflessioni brevi che non lasciano troppo spazio all\u2019opinione della scrivente per permettere al lettore di apporre le proprie considerazioni nella parte bianca al fine di rendere personale e unica ogni copia. Benedetta Barzini \u2013 modella [&hellip;]","og_url":"https:\/\/www.bellunopress.it\/fr\/2019\/11\/16\/tematiche-limportanza-di-ogni-singola-parola-benedetta-barzini-femminista-anni-70-giornalista-e-scrittrice-a-ponte-nelle-alpi\/","og_site_name":"Bellunopress - Dolomiti","article_publisher":"https:\/\/www.facebook.com\/profile.php?id=100008943462799","article_published_time":"2019-11-16T10:12:21+00:00","article_modified_time":"2019-11-16T10:12:22+00:00","og_image":[{"url":"http:\/\/www.bellunopress.it\/wp-content\/uploads\/2019\/11\/Benedetta-Barzini-Gianluca-De-Col.jpg","type":"","width":"","height":""}],"author":"redazione","twitter_card":"summary_large_image","twitter_creator":"@bellunopress","twitter_site":"@bellunopress","twitter_misc":{"\u00c9crit par":"redazione","Dur\u00e9e de lecture estim\u00e9e":"2 minutes"},"schema":{"@context":"https:\/\/schema.org","@graph":[{"@type":"Article","@id":"https:\/\/www.bellunopress.it\/2019\/11\/16\/tematiche-limportanza-di-ogni-singola-parola-benedetta-barzini-femminista-anni-70-giornalista-e-scrittrice-a-ponte-nelle-alpi\/#article","isPartOf":{"@id":"https:\/\/www.bellunopress.it\/2019\/11\/16\/tematiche-limportanza-di-ogni-singola-parola-benedetta-barzini-femminista-anni-70-giornalista-e-scrittrice-a-ponte-nelle-alpi\/"},"author":{"name":"redazione","@id":"https:\/\/www.bellunopress.it\/#\/schema\/person\/79bb06722b37ece1c03d3e94beb30d73"},"headline":"&#8220;Tematiche&#8221;, l&#8217;importanza di ogni singola parola. Benedetta Barzini, femminista anni &#8217;70, giornalista e scrittrice a Ponte nelle Alpi","datePublished":"2019-11-16T10:12:21+00:00","dateModified":"2019-11-16T10:12:22+00:00","mainEntityOfPage":{"@id":"https:\/\/www.bellunopress.it\/2019\/11\/16\/tematiche-limportanza-di-ogni-singola-parola-benedetta-barzini-femminista-anni-70-giornalista-e-scrittrice-a-ponte-nelle-alpi\/"},"wordCount":345,"publisher":{"@id":"https:\/\/www.bellunopress.it\/#organization"},"image":{"@id":"https:\/\/www.bellunopress.it\/2019\/11\/16\/tematiche-limportanza-di-ogni-singola-parola-benedetta-barzini-femminista-anni-70-giornalista-e-scrittrice-a-ponte-nelle-alpi\/#primaryimage"},"thumbnailUrl":"http:\/\/www.bellunopress.it\/wp-content\/uploads\/2019\/11\/Benedetta-Barzini-Gianluca-De-Col.jpg","articleSection":["Arte, Cultura, Spettacoli, Scienza","Pausa Caff\u00e8"],"inLanguage":"fr-FR"},{"@type":"WebPage","@id":"https:\/\/www.bellunopress.it\/2019\/11\/16\/tematiche-limportanza-di-ogni-singola-parola-benedetta-barzini-femminista-anni-70-giornalista-e-scrittrice-a-ponte-nelle-alpi\/","url":"https:\/\/www.bellunopress.it\/2019\/11\/16\/tematiche-limportanza-di-ogni-singola-parola-benedetta-barzini-femminista-anni-70-giornalista-e-scrittrice-a-ponte-nelle-alpi\/","name":"\"Tematiche\", l'importanza di ogni singola parola. Benedetta Barzini, femminista anni '70, giornalista e scrittrice a Ponte nelle Alpi - Bellunopress - Dolomiti","isPartOf":{"@id":"https:\/\/www.bellunopress.it\/#website"},"primaryImageOfPage":{"@id":"https:\/\/www.bellunopress.it\/2019\/11\/16\/tematiche-limportanza-di-ogni-singola-parola-benedetta-barzini-femminista-anni-70-giornalista-e-scrittrice-a-ponte-nelle-alpi\/#primaryimage"},"image":{"@id":"https:\/\/www.bellunopress.it\/2019\/11\/16\/tematiche-limportanza-di-ogni-singola-parola-benedetta-barzini-femminista-anni-70-giornalista-e-scrittrice-a-ponte-nelle-alpi\/#primaryimage"},"thumbnailUrl":"http:\/\/www.bellunopress.it\/wp-content\/uploads\/2019\/11\/Benedetta-Barzini-Gianluca-De-Col.jpg","datePublished":"2019-11-16T10:12:21+00:00","dateModified":"2019-11-16T10:12:22+00:00","breadcrumb":{"@id":"https:\/\/www.bellunopress.it\/2019\/11\/16\/tematiche-limportanza-di-ogni-singola-parola-benedetta-barzini-femminista-anni-70-giornalista-e-scrittrice-a-ponte-nelle-alpi\/#breadcrumb"},"inLanguage":"fr-FR","potentialAction":[{"@type":"ReadAction","target":["https:\/\/www.bellunopress.it\/2019\/11\/16\/tematiche-limportanza-di-ogni-singola-parola-benedetta-barzini-femminista-anni-70-giornalista-e-scrittrice-a-ponte-nelle-alpi\/"]}]},{"@type":"ImageObject","inLanguage":"fr-FR","@id":"https:\/\/www.bellunopress.it\/2019\/11\/16\/tematiche-limportanza-di-ogni-singola-parola-benedetta-barzini-femminista-anni-70-giornalista-e-scrittrice-a-ponte-nelle-alpi\/#primaryimage","url":"http:\/\/www.bellunopress.it\/wp-content\/uploads\/2019\/11\/Benedetta-Barzini-Gianluca-De-Col.jpg","contentUrl":"http:\/\/www.bellunopress.it\/wp-content\/uploads\/2019\/11\/Benedetta-Barzini-Gianluca-De-Col.jpg"},{"@type":"BreadcrumbList","@id":"https:\/\/www.bellunopress.it\/2019\/11\/16\/tematiche-limportanza-di-ogni-singola-parola-benedetta-barzini-femminista-anni-70-giornalista-e-scrittrice-a-ponte-nelle-alpi\/#breadcrumb","itemListElement":[{"@type":"ListItem","position":1,"name":"Home","item":"https:\/\/www.bellunopress.it\/"},{"@type":"ListItem","position":2,"name":"&#8220;Tematiche&#8221;, l&#8217;importanza di ogni singola parola. Benedetta Barzini, femminista anni &#8217;70, giornalista e scrittrice a Ponte nelle Alpi"}]},{"@type":"WebSite","@id":"https:\/\/www.bellunopress.it\/#website","url":"https:\/\/www.bellunopress.it\/","name":"Bellunopress - Dolomiti","description":"e-mail: redazione@bellunopress.it","publisher":{"@id":"https:\/\/www.bellunopress.it\/#organization"},"potentialAction":[{"@type":"SearchAction","target":{"@type":"EntryPoint","urlTemplate":"https:\/\/www.bellunopress.it\/?s={search_term_string}"},"query-input":{"@type":"PropertyValueSpecification","valueRequired":true,"valueName":"search_term_string"}}],"inLanguage":"fr-FR"},{"@type":"Organization","@id":"https:\/\/www.bellunopress.it\/#organization","name":"Bellunopress","url":"https:\/\/www.bellunopress.it\/","logo":{"@type":"ImageObject","inLanguage":"fr-FR","@id":"https:\/\/www.bellunopress.it\/#\/schema\/logo\/image\/","url":"https:\/\/www.bellunopress.it\/wp-content\/uploads\/2011\/05\/cropped-logo-bellunopress-.jpg","contentUrl":"https:\/\/www.bellunopress.it\/wp-content\/uploads\/2011\/05\/cropped-logo-bellunopress-.jpg","width":512,"height":512,"caption":"Bellunopress"},"image":{"@id":"https:\/\/www.bellunopress.it\/#\/schema\/logo\/image\/"},"sameAs":["https:\/\/www.facebook.com\/profile.php?id=100008943462799","https:\/\/x.com\/bellunopress","https:\/\/www.linkedin.com\/hp\/?dnr=JBzUWaJfMUw8vbXJJ2tVW5-I3jZKvC4wsoxE&amp;amp;amp;amp;amp;amp;trk=nav_responsive_tab_home","https:\/\/www.youtube.com\/channel\/UCxL0wu1uN0_3_7hGG0306cw"]},{"@type":"Person","@id":"https:\/\/www.bellunopress.it\/#\/schema\/person\/79bb06722b37ece1c03d3e94beb30d73","name":"r\u00e9daction","image":{"@type":"ImageObject","inLanguage":"fr-FR","@id":"https:\/\/secure.gravatar.com\/avatar\/37d968a2e67a6fd04c169c4bdef102d0bc5d31b2546345219e348575eb80e9a0?s=96&d=mm&r=g","url":"https:\/\/secure.gravatar.com\/avatar\/37d968a2e67a6fd04c169c4bdef102d0bc5d31b2546345219e348575eb80e9a0?s=96&d=mm&r=g","contentUrl":"https:\/\/secure.gravatar.com\/avatar\/37d968a2e67a6fd04c169c4bdef102d0bc5d31b2546345219e348575eb80e9a0?s=96&d=mm&r=g","caption":"redazione"},"sameAs":["http:\/\/www.bellunopress.it","https:\/\/x.com\/bellunopress"],"url":"https:\/\/www.bellunopress.it\/fr\/author\/redazione\/"}]}},"_links":{"self":[{"href":"https:\/\/www.bellunopress.it\/fr\/wp-json\/wp\/v2\/posts\/109641","targetHints":{"allow":["GET"]}}],"collection":[{"href":"https:\/\/www.bellunopress.it\/fr\/wp-json\/wp\/v2\/posts"}],"about":[{"href":"https:\/\/www.bellunopress.it\/fr\/wp-json\/wp\/v2\/types\/post"}],"author":[{"embeddable":true,"href":"https:\/\/www.bellunopress.it\/fr\/wp-json\/wp\/v2\/users\/2"}],"replies":[{"embeddable":true,"href":"https:\/\/www.bellunopress.it\/fr\/wp-json\/wp\/v2\/comments?post=109641"}],"version-history":[{"count":2,"href":"https:\/\/www.bellunopress.it\/fr\/wp-json\/wp\/v2\/posts\/109641\/revisions"}],"predecessor-version":[{"id":109644,"href":"https:\/\/www.bellunopress.it\/fr\/wp-json\/wp\/v2\/posts\/109641\/revisions\/109644"}],"wp:attachment":[{"href":"https:\/\/www.bellunopress.it\/fr\/wp-json\/wp\/v2\/media?parent=109641"}],"wp:term":[{"taxonomy":"category","embeddable":true,"href":"https:\/\/www.bellunopress.it\/fr\/wp-json\/wp\/v2\/categories?post=109641"},{"taxonomy":"post_tag","embeddable":true,"href":"https:\/\/www.bellunopress.it\/fr\/wp-json\/wp\/v2\/tags?post=109641"}],"curies":[{"name":"wp","href":"https:\/\/api.w.org\/{rel}","templated":true}]}}