{"id":109635,"date":"2019-11-16T10:41:27","date_gmt":"2019-11-16T09:41:27","guid":{"rendered":"http:\/\/www.bellunopress.it\/?p=109635"},"modified":"2019-11-16T10:41:27","modified_gmt":"2019-11-16T09:41:27","slug":"meteo-leggero-miglioramento-attese-nuove-precipitazioni-con-venti-dalla-serata-di-sabato","status":"publish","type":"post","link":"https:\/\/www.bellunopress.it\/fr\/2019\/11\/16\/meteo-leggero-miglioramento-attese-nuove-precipitazioni-con-venti-dalla-serata-di-sabato\/","title":{"rendered":"Meteo. Leggero miglioramento. Attese nuove precipitazioni con venti dalla serata di sabato"},"content":{"rendered":"<p><a href=\"http:\/\/www.bellunopress.it\/fr\/2012\/02\/09\/meteo-veneto-stato-di-attenzione-per-probabili-nevicate-fino-a-domenica-mattina\/protezione-civile-veneto\/\" rel=\"attachment wp-att-34952\"><img loading=\"lazy\" decoding=\"async\" class=\"alignleft size-full wp-image-34952\" src=\"http:\/\/www.bellunopress.it\/wp-content\/uploads\/2012\/02\/protezione-civile-veneto.jpg\" alt=\"\" width=\"140\" height=\"140\" \/><\/a>Venezia, 16 novembre 2019\u00a0 &#8211; Alla luce di un leggero miglioramento in corso in queste ore, il Centro Funzionale Decentrato della Protezione Civile del Veneto ha emesso nella notte un aggiornamento del bollettino meteo che, fino alle ore 20.00 di questa sera, riduce da rossa (stato di allarme) ad arancione (stato di preallarme) la situazione in alcuni bacini idrografici del Veneto. In altri bacini idrografici della Regione, l\u2019allerta rimane gialla (stato di attenzione). Una nuova fase notevolmente perturbata \u00e8 attesa dalla sera di oggi al pomeriggio di domani, domenica.<\/p>\n<p>Il bollettino indica che si \u00e8 completato nelle ultime ore di venerd\u00ec 15 l\u2019esaurimento della fase principale delle precipitazioni. E&#8217; possibile qualche locale ripresa dei fenomeni nelle prime ore di sabato 16, ma con apporti generalmente modesti, eventualmente nevosi da 1000-1300 m circa ove le quote pi\u00f9 elevate sono riferite alle Prealpi.<\/p>\n<p>Le precipitazioni fino al primo pomeriggio di sabato 16 saranno perlopi\u00f9 deboli, intermittenti e sparse. Giunger\u00e0 poi un\u2019ulteriore ondata di precipitazioni anche diffuse: dal tardo pomeriggio\/sera di sabato 16 al pomeriggio di domenica 17, precipitazioni diffuse, a tratti intense, con possibili quantitativi abbondanti sulle zone montane e pedemontane centro orientali e localmente sulla pianura nord-orientale. Limite della neve in innalzamento tra sabato notte e domenica mattina probabilmente fino circa 1500-1800 m.<\/p>\n<p>Venti forti sui rilievi, a tratti molto forti, dai quadranti meridionali. Fase pi\u00f9 intensa probabilmente tra la sera di sabato e la mattina di domenica.<\/p>","protected":false},"excerpt":{"rendered":"<p>Venezia, 16 novembre 2019\u00a0 &#8211; Alla luce di un leggero miglioramento in corso in queste ore, il Centro Funzionale Decentrato della Protezione Civile del Veneto ha emesso nella notte un aggiornamento del bollettino meteo che, fino alle ore 20.00 di questa sera, riduce da rossa (stato di allarme) ad arancione (stato di preallarme) la situazione [&hellip;]<\/p>\n","protected":false},"author":2,"featured_media":0,"comment_status":"closed","ping_status":"open","sticky":false,"template":"","format":"standard","meta":{"footnotes":""},"categories":[38,26],"tags":[],"class_list":["post-109635","post","type-post","status-publish","format-standard","category-natura-ambiente","category-prima-pagina"],"yoast_head":"<!-- This site is optimized with the Yoast SEO plugin v28.4 - https:\/\/yoast.com\/product\/yoast-seo-wordpress\/ -->\n<title>Meteo. Leggero miglioramento. Attese nuove precipitazioni con venti dalla serata di sabato - Bellunopress - Dolomiti<\/title>\n<meta name=\"robots\" content=\"index, follow, max-snippet:-1, max-image-preview:large, max-video-preview:-1\" \/>\n<link rel=\"canonical\" href=\"https:\/\/www.bellunopress.it\/fr\/2019\/11\/16\/meteo-leggero-miglioramento-attese-nuove-precipitazioni-con-venti-dalla-serata-di-sabato\/\" \/>\n<meta property=\"og:locale\" content=\"fr_FR\" \/>\n<meta property=\"og:type\" content=\"article\" \/>\n<meta property=\"og:title\" content=\"Meteo. Leggero miglioramento. Attese nuove precipitazioni con venti dalla serata di sabato - Bellunopress - Dolomiti\" \/>\n<meta property=\"og:description\" content=\"Venezia, 16 novembre 2019\u00a0 &#8211; Alla luce di un leggero miglioramento in corso in queste ore, il Centro Funzionale Decentrato della Protezione Civile del Veneto ha emesso nella notte un aggiornamento del bollettino meteo che, fino alle ore 20.00 di questa sera, riduce da rossa (stato di allarme) ad arancione (stato di preallarme) la situazione [&hellip;]\" \/>\n<meta property=\"og:url\" content=\"https:\/\/www.bellunopress.it\/fr\/2019\/11\/16\/meteo-leggero-miglioramento-attese-nuove-precipitazioni-con-venti-dalla-serata-di-sabato\/\" \/>\n<meta property=\"og:site_name\" content=\"Bellunopress - Dolomiti\" \/>\n<meta property=\"article:publisher\" content=\"https:\/\/www.facebook.com\/profile.php?id=100008943462799\" \/>\n<meta property=\"article:published_time\" content=\"2019-11-16T09:41:27+00:00\" \/>\n<meta property=\"og:image\" content=\"http:\/\/www.bellunopress.it\/wp-content\/uploads\/2012\/02\/protezione-civile-veneto.jpg\" \/>\n<meta name=\"author\" content=\"redazione\" \/>\n<meta name=\"twitter:card\" content=\"summary_large_image\" \/>\n<meta name=\"twitter:creator\" content=\"@bellunopress\" \/>\n<meta name=\"twitter:site\" content=\"@bellunopress\" \/>\n<meta name=\"twitter:label1\" content=\"\u00c9crit par\" \/>\n\t<meta name=\"twitter:data1\" content=\"redazione\" \/>\n\t<meta name=\"twitter:label2\" content=\"Dur\u00e9e de lecture estim\u00e9e\" \/>\n\t<meta name=\"twitter:data2\" content=\"1 minute\" \/>\n<script type=\"application\/ld+json\" class=\"yoast-schema-graph\">{\"@context\":\"https:\\\/\\\/schema.org\",\"@graph\":[{\"@type\":\"Article\",\"@id\":\"https:\\\/\\\/www.bellunopress.it\\\/2019\\\/11\\\/16\\\/meteo-leggero-miglioramento-attese-nuove-precipitazioni-con-venti-dalla-serata-di-sabato\\\/#article\",\"isPartOf\":{\"@id\":\"https:\\\/\\\/www.bellunopress.it\\\/2019\\\/11\\\/16\\\/meteo-leggero-miglioramento-attese-nuove-precipitazioni-con-venti-dalla-serata-di-sabato\\\/\"},\"author\":{\"name\":\"redazione\",\"@id\":\"https:\\\/\\\/www.bellunopress.it\\\/#\\\/schema\\\/person\\\/79bb06722b37ece1c03d3e94beb30d73\"},\"headline\":\"Meteo. Leggero miglioramento. Attese nuove precipitazioni con venti dalla serata di sabato\",\"datePublished\":\"2019-11-16T09:41:27+00:00\",\"mainEntityOfPage\":{\"@id\":\"https:\\\/\\\/www.bellunopress.it\\\/2019\\\/11\\\/16\\\/meteo-leggero-miglioramento-attese-nuove-precipitazioni-con-venti-dalla-serata-di-sabato\\\/\"},\"wordCount\":243,\"publisher\":{\"@id\":\"https:\\\/\\\/www.bellunopress.it\\\/#organization\"},\"image\":{\"@id\":\"https:\\\/\\\/www.bellunopress.it\\\/2019\\\/11\\\/16\\\/meteo-leggero-miglioramento-attese-nuove-precipitazioni-con-venti-dalla-serata-di-sabato\\\/#primaryimage\"},\"thumbnailUrl\":\"http:\\\/\\\/www.bellunopress.it\\\/wp-content\\\/uploads\\\/2012\\\/02\\\/protezione-civile-veneto.jpg\",\"articleSection\":[\"Meteo, natura, ambiente, animali\",\"Prima Pagina\"],\"inLanguage\":\"fr-FR\"},{\"@type\":\"WebPage\",\"@id\":\"https:\\\/\\\/www.bellunopress.it\\\/2019\\\/11\\\/16\\\/meteo-leggero-miglioramento-attese-nuove-precipitazioni-con-venti-dalla-serata-di-sabato\\\/\",\"url\":\"https:\\\/\\\/www.bellunopress.it\\\/2019\\\/11\\\/16\\\/meteo-leggero-miglioramento-attese-nuove-precipitazioni-con-venti-dalla-serata-di-sabato\\\/\",\"name\":\"Meteo. Leggero miglioramento. Attese nuove precipitazioni con venti dalla serata di sabato - Bellunopress - Dolomiti\",\"isPartOf\":{\"@id\":\"https:\\\/\\\/www.bellunopress.it\\\/#website\"},\"primaryImageOfPage\":{\"@id\":\"https:\\\/\\\/www.bellunopress.it\\\/2019\\\/11\\\/16\\\/meteo-leggero-miglioramento-attese-nuove-precipitazioni-con-venti-dalla-serata-di-sabato\\\/#primaryimage\"},\"image\":{\"@id\":\"https:\\\/\\\/www.bellunopress.it\\\/2019\\\/11\\\/16\\\/meteo-leggero-miglioramento-attese-nuove-precipitazioni-con-venti-dalla-serata-di-sabato\\\/#primaryimage\"},\"thumbnailUrl\":\"http:\\\/\\\/www.bellunopress.it\\\/wp-content\\\/uploads\\\/2012\\\/02\\\/protezione-civile-veneto.jpg\",\"datePublished\":\"2019-11-16T09:41:27+00:00\",\"breadcrumb\":{\"@id\":\"https:\\\/\\\/www.bellunopress.it\\\/2019\\\/11\\\/16\\\/meteo-leggero-miglioramento-attese-nuove-precipitazioni-con-venti-dalla-serata-di-sabato\\\/#breadcrumb\"},\"inLanguage\":\"fr-FR\",\"potentialAction\":[{\"@type\":\"ReadAction\",\"target\":[\"https:\\\/\\\/www.bellunopress.it\\\/2019\\\/11\\\/16\\\/meteo-leggero-miglioramento-attese-nuove-precipitazioni-con-venti-dalla-serata-di-sabato\\\/\"]}]},{\"@type\":\"ImageObject\",\"inLanguage\":\"fr-FR\",\"@id\":\"https:\\\/\\\/www.bellunopress.it\\\/2019\\\/11\\\/16\\\/meteo-leggero-miglioramento-attese-nuove-precipitazioni-con-venti-dalla-serata-di-sabato\\\/#primaryimage\",\"url\":\"http:\\\/\\\/www.bellunopress.it\\\/wp-content\\\/uploads\\\/2012\\\/02\\\/protezione-civile-veneto.jpg\",\"contentUrl\":\"http:\\\/\\\/www.bellunopress.it\\\/wp-content\\\/uploads\\\/2012\\\/02\\\/protezione-civile-veneto.jpg\"},{\"@type\":\"BreadcrumbList\",\"@id\":\"https:\\\/\\\/www.bellunopress.it\\\/2019\\\/11\\\/16\\\/meteo-leggero-miglioramento-attese-nuove-precipitazioni-con-venti-dalla-serata-di-sabato\\\/#breadcrumb\",\"itemListElement\":[{\"@type\":\"ListItem\",\"position\":1,\"name\":\"Home\",\"item\":\"https:\\\/\\\/www.bellunopress.it\\\/\"},{\"@type\":\"ListItem\",\"position\":2,\"name\":\"Meteo. Leggero miglioramento. Attese nuove precipitazioni con venti dalla serata di sabato\"}]},{\"@type\":\"WebSite\",\"@id\":\"https:\\\/\\\/www.bellunopress.it\\\/#website\",\"url\":\"https:\\\/\\\/www.bellunopress.it\\\/\",\"name\":\"Bellunopress - Dolomiti\",\"description\":\"e-mail: redazione@bellunopress.it\",\"publisher\":{\"@id\":\"https:\\\/\\\/www.bellunopress.it\\\/#organization\"},\"potentialAction\":[{\"@type\":\"SearchAction\",\"target\":{\"@type\":\"EntryPoint\",\"urlTemplate\":\"https:\\\/\\\/www.bellunopress.it\\\/?s={search_term_string}\"},\"query-input\":{\"@type\":\"PropertyValueSpecification\",\"valueRequired\":true,\"valueName\":\"search_term_string\"}}],\"inLanguage\":\"fr-FR\"},{\"@type\":\"Organization\",\"@id\":\"https:\\\/\\\/www.bellunopress.it\\\/#organization\",\"name\":\"Bellunopress\",\"url\":\"https:\\\/\\\/www.bellunopress.it\\\/\",\"logo\":{\"@type\":\"ImageObject\",\"inLanguage\":\"fr-FR\",\"@id\":\"https:\\\/\\\/www.bellunopress.it\\\/#\\\/schema\\\/logo\\\/image\\\/\",\"url\":\"https:\\\/\\\/www.bellunopress.it\\\/wp-content\\\/uploads\\\/2011\\\/05\\\/cropped-logo-bellunopress-.jpg\",\"contentUrl\":\"https:\\\/\\\/www.bellunopress.it\\\/wp-content\\\/uploads\\\/2011\\\/05\\\/cropped-logo-bellunopress-.jpg\",\"width\":512,\"height\":512,\"caption\":\"Bellunopress\"},\"image\":{\"@id\":\"https:\\\/\\\/www.bellunopress.it\\\/#\\\/schema\\\/logo\\\/image\\\/\"},\"sameAs\":[\"https:\\\/\\\/www.facebook.com\\\/profile.php?id=100008943462799\",\"https:\\\/\\\/x.com\\\/bellunopress\",\"https:\\\/\\\/www.linkedin.com\\\/hp\\\/?dnr=JBzUWaJfMUw8vbXJJ2tVW5-I3jZKvC4wsoxE&amp;amp;amp;amp;amp;amp;trk=nav_responsive_tab_home\",\"https:\\\/\\\/www.youtube.com\\\/channel\\\/UCxL0wu1uN0_3_7hGG0306cw\"]},{\"@type\":\"Person\",\"@id\":\"https:\\\/\\\/www.bellunopress.it\\\/#\\\/schema\\\/person\\\/79bb06722b37ece1c03d3e94beb30d73\",\"name\":\"redazione\",\"image\":{\"@type\":\"ImageObject\",\"inLanguage\":\"fr-FR\",\"@id\":\"https:\\\/\\\/secure.gravatar.com\\\/avatar\\\/37d968a2e67a6fd04c169c4bdef102d0bc5d31b2546345219e348575eb80e9a0?s=96&d=mm&r=g\",\"url\":\"https:\\\/\\\/secure.gravatar.com\\\/avatar\\\/37d968a2e67a6fd04c169c4bdef102d0bc5d31b2546345219e348575eb80e9a0?s=96&d=mm&r=g\",\"contentUrl\":\"https:\\\/\\\/secure.gravatar.com\\\/avatar\\\/37d968a2e67a6fd04c169c4bdef102d0bc5d31b2546345219e348575eb80e9a0?s=96&d=mm&r=g\",\"caption\":\"redazione\"},\"sameAs\":[\"http:\\\/\\\/www.bellunopress.it\",\"https:\\\/\\\/x.com\\\/bellunopress\"],\"url\":\"https:\\\/\\\/www.bellunopress.it\\\/fr\\\/author\\\/redazione\\\/\"}]}<\/script>\n<!-- \/ Yoast SEO plugin. -->","yoast_head_json":{"title":"Meteo. Leggero miglioramento. Attese nuove precipitazioni con venti dalla serata di sabato - Bellunopress - Dolomiti","robots":{"index":"index","follow":"follow","max-snippet":"max-snippet:-1","max-image-preview":"max-image-preview:large","max-video-preview":"max-video-preview:-1"},"canonical":"https:\/\/www.bellunopress.it\/fr\/2019\/11\/16\/meteo-leggero-miglioramento-attese-nuove-precipitazioni-con-venti-dalla-serata-di-sabato\/","og_locale":"fr_FR","og_type":"article","og_title":"Meteo. Leggero miglioramento. Attese nuove precipitazioni con venti dalla serata di sabato - Bellunopress - Dolomiti","og_description":"Venezia, 16 novembre 2019\u00a0 &#8211; Alla luce di un leggero miglioramento in corso in queste ore, il Centro Funzionale Decentrato della Protezione Civile del Veneto ha emesso nella notte un aggiornamento del bollettino meteo che, fino alle ore 20.00 di questa sera, riduce da rossa (stato di allarme) ad arancione (stato di preallarme) la situazione [&hellip;]","og_url":"https:\/\/www.bellunopress.it\/fr\/2019\/11\/16\/meteo-leggero-miglioramento-attese-nuove-precipitazioni-con-venti-dalla-serata-di-sabato\/","og_site_name":"Bellunopress - Dolomiti","article_publisher":"https:\/\/www.facebook.com\/profile.php?id=100008943462799","article_published_time":"2019-11-16T09:41:27+00:00","og_image":[{"url":"http:\/\/www.bellunopress.it\/wp-content\/uploads\/2012\/02\/protezione-civile-veneto.jpg","type":"","width":"","height":""}],"author":"redazione","twitter_card":"summary_large_image","twitter_creator":"@bellunopress","twitter_site":"@bellunopress","twitter_misc":{"\u00c9crit par":"redazione","Dur\u00e9e de lecture estim\u00e9e":"1 minute"},"schema":{"@context":"https:\/\/schema.org","@graph":[{"@type":"Article","@id":"https:\/\/www.bellunopress.it\/2019\/11\/16\/meteo-leggero-miglioramento-attese-nuove-precipitazioni-con-venti-dalla-serata-di-sabato\/#article","isPartOf":{"@id":"https:\/\/www.bellunopress.it\/2019\/11\/16\/meteo-leggero-miglioramento-attese-nuove-precipitazioni-con-venti-dalla-serata-di-sabato\/"},"author":{"name":"redazione","@id":"https:\/\/www.bellunopress.it\/#\/schema\/person\/79bb06722b37ece1c03d3e94beb30d73"},"headline":"Meteo. Leggero miglioramento. Attese nuove precipitazioni con venti dalla serata di sabato","datePublished":"2019-11-16T09:41:27+00:00","mainEntityOfPage":{"@id":"https:\/\/www.bellunopress.it\/2019\/11\/16\/meteo-leggero-miglioramento-attese-nuove-precipitazioni-con-venti-dalla-serata-di-sabato\/"},"wordCount":243,"publisher":{"@id":"https:\/\/www.bellunopress.it\/#organization"},"image":{"@id":"https:\/\/www.bellunopress.it\/2019\/11\/16\/meteo-leggero-miglioramento-attese-nuove-precipitazioni-con-venti-dalla-serata-di-sabato\/#primaryimage"},"thumbnailUrl":"http:\/\/www.bellunopress.it\/wp-content\/uploads\/2012\/02\/protezione-civile-veneto.jpg","articleSection":["Meteo, natura, ambiente, animali","Prima Pagina"],"inLanguage":"fr-FR"},{"@type":"WebPage","@id":"https:\/\/www.bellunopress.it\/2019\/11\/16\/meteo-leggero-miglioramento-attese-nuove-precipitazioni-con-venti-dalla-serata-di-sabato\/","url":"https:\/\/www.bellunopress.it\/2019\/11\/16\/meteo-leggero-miglioramento-attese-nuove-precipitazioni-con-venti-dalla-serata-di-sabato\/","name":"Meteo. Leggero miglioramento. Attese nuove precipitazioni con venti dalla serata di sabato - Bellunopress - Dolomiti","isPartOf":{"@id":"https:\/\/www.bellunopress.it\/#website"},"primaryImageOfPage":{"@id":"https:\/\/www.bellunopress.it\/2019\/11\/16\/meteo-leggero-miglioramento-attese-nuove-precipitazioni-con-venti-dalla-serata-di-sabato\/#primaryimage"},"image":{"@id":"https:\/\/www.bellunopress.it\/2019\/11\/16\/meteo-leggero-miglioramento-attese-nuove-precipitazioni-con-venti-dalla-serata-di-sabato\/#primaryimage"},"thumbnailUrl":"http:\/\/www.bellunopress.it\/wp-content\/uploads\/2012\/02\/protezione-civile-veneto.jpg","datePublished":"2019-11-16T09:41:27+00:00","breadcrumb":{"@id":"https:\/\/www.bellunopress.it\/2019\/11\/16\/meteo-leggero-miglioramento-attese-nuove-precipitazioni-con-venti-dalla-serata-di-sabato\/#breadcrumb"},"inLanguage":"fr-FR","potentialAction":[{"@type":"ReadAction","target":["https:\/\/www.bellunopress.it\/2019\/11\/16\/meteo-leggero-miglioramento-attese-nuove-precipitazioni-con-venti-dalla-serata-di-sabato\/"]}]},{"@type":"ImageObject","inLanguage":"fr-FR","@id":"https:\/\/www.bellunopress.it\/2019\/11\/16\/meteo-leggero-miglioramento-attese-nuove-precipitazioni-con-venti-dalla-serata-di-sabato\/#primaryimage","url":"http:\/\/www.bellunopress.it\/wp-content\/uploads\/2012\/02\/protezione-civile-veneto.jpg","contentUrl":"http:\/\/www.bellunopress.it\/wp-content\/uploads\/2012\/02\/protezione-civile-veneto.jpg"},{"@type":"BreadcrumbList","@id":"https:\/\/www.bellunopress.it\/2019\/11\/16\/meteo-leggero-miglioramento-attese-nuove-precipitazioni-con-venti-dalla-serata-di-sabato\/#breadcrumb","itemListElement":[{"@type":"ListItem","position":1,"name":"Home","item":"https:\/\/www.bellunopress.it\/"},{"@type":"ListItem","position":2,"name":"Meteo. Leggero miglioramento. Attese nuove precipitazioni con venti dalla serata di sabato"}]},{"@type":"WebSite","@id":"https:\/\/www.bellunopress.it\/#website","url":"https:\/\/www.bellunopress.it\/","name":"Bellunopress - Dolomiti","description":"e-mail: redazione@bellunopress.it","publisher":{"@id":"https:\/\/www.bellunopress.it\/#organization"},"potentialAction":[{"@type":"SearchAction","target":{"@type":"EntryPoint","urlTemplate":"https:\/\/www.bellunopress.it\/?s={search_term_string}"},"query-input":{"@type":"PropertyValueSpecification","valueRequired":true,"valueName":"search_term_string"}}],"inLanguage":"fr-FR"},{"@type":"Organization","@id":"https:\/\/www.bellunopress.it\/#organization","name":"Bellunopress","url":"https:\/\/www.bellunopress.it\/","logo":{"@type":"ImageObject","inLanguage":"fr-FR","@id":"https:\/\/www.bellunopress.it\/#\/schema\/logo\/image\/","url":"https:\/\/www.bellunopress.it\/wp-content\/uploads\/2011\/05\/cropped-logo-bellunopress-.jpg","contentUrl":"https:\/\/www.bellunopress.it\/wp-content\/uploads\/2011\/05\/cropped-logo-bellunopress-.jpg","width":512,"height":512,"caption":"Bellunopress"},"image":{"@id":"https:\/\/www.bellunopress.it\/#\/schema\/logo\/image\/"},"sameAs":["https:\/\/www.facebook.com\/profile.php?id=100008943462799","https:\/\/x.com\/bellunopress","https:\/\/www.linkedin.com\/hp\/?dnr=JBzUWaJfMUw8vbXJJ2tVW5-I3jZKvC4wsoxE&amp;amp;amp;amp;amp;amp;trk=nav_responsive_tab_home","https:\/\/www.youtube.com\/channel\/UCxL0wu1uN0_3_7hGG0306cw"]},{"@type":"Person","@id":"https:\/\/www.bellunopress.it\/#\/schema\/person\/79bb06722b37ece1c03d3e94beb30d73","name":"r\u00e9daction","image":{"@type":"ImageObject","inLanguage":"fr-FR","@id":"https:\/\/secure.gravatar.com\/avatar\/37d968a2e67a6fd04c169c4bdef102d0bc5d31b2546345219e348575eb80e9a0?s=96&d=mm&r=g","url":"https:\/\/secure.gravatar.com\/avatar\/37d968a2e67a6fd04c169c4bdef102d0bc5d31b2546345219e348575eb80e9a0?s=96&d=mm&r=g","contentUrl":"https:\/\/secure.gravatar.com\/avatar\/37d968a2e67a6fd04c169c4bdef102d0bc5d31b2546345219e348575eb80e9a0?s=96&d=mm&r=g","caption":"redazione"},"sameAs":["http:\/\/www.bellunopress.it","https:\/\/x.com\/bellunopress"],"url":"https:\/\/www.bellunopress.it\/fr\/author\/redazione\/"}]}},"_links":{"self":[{"href":"https:\/\/www.bellunopress.it\/fr\/wp-json\/wp\/v2\/posts\/109635","targetHints":{"allow":["GET"]}}],"collection":[{"href":"https:\/\/www.bellunopress.it\/fr\/wp-json\/wp\/v2\/posts"}],"about":[{"href":"https:\/\/www.bellunopress.it\/fr\/wp-json\/wp\/v2\/types\/post"}],"author":[{"embeddable":true,"href":"https:\/\/www.bellunopress.it\/fr\/wp-json\/wp\/v2\/users\/2"}],"replies":[{"embeddable":true,"href":"https:\/\/www.bellunopress.it\/fr\/wp-json\/wp\/v2\/comments?post=109635"}],"version-history":[{"count":1,"href":"https:\/\/www.bellunopress.it\/fr\/wp-json\/wp\/v2\/posts\/109635\/revisions"}],"predecessor-version":[{"id":109636,"href":"https:\/\/www.bellunopress.it\/fr\/wp-json\/wp\/v2\/posts\/109635\/revisions\/109636"}],"wp:attachment":[{"href":"https:\/\/www.bellunopress.it\/fr\/wp-json\/wp\/v2\/media?parent=109635"}],"wp:term":[{"taxonomy":"category","embeddable":true,"href":"https:\/\/www.bellunopress.it\/fr\/wp-json\/wp\/v2\/categories?post=109635"},{"taxonomy":"post_tag","embeddable":true,"href":"https:\/\/www.bellunopress.it\/fr\/wp-json\/wp\/v2\/tags?post=109635"}],"curies":[{"name":"wp","href":"https:\/\/api.w.org\/{rel}","templated":true}]}}