{"id":109631,"date":"2019-11-15T20:39:42","date_gmt":"2019-11-15T19:39:42","guid":{"rendered":"http:\/\/www.bellunopress.it\/?p=109631"},"modified":"2019-11-15T20:39:53","modified_gmt":"2019-11-15T19:39:53","slug":"vento-forte-a-feltre-scoperchiata-una-casa-coinvolte-due-auto-scoperchiato-listituto-dal-piaz","status":"publish","type":"post","link":"https:\/\/www.bellunopress.it\/fr\/2019\/11\/15\/vento-forte-a-feltre-scoperchiata-una-casa-coinvolte-due-auto-scoperchiato-listituto-dal-piaz\/","title":{"rendered":"Vento forte a Feltre scoperchiata una casa, coinvolte due auto. Scoperchiato l&#8217;Istituto Dal Piaz"},"content":{"rendered":"<p><a href=\"http:\/\/www.bellunopress.it\/fr\/2019\/11\/15\/vento-forte-a-feltre-scoperchiata-una-casa-coinvolte-due-auto-scoperchiato-listituto-dal-piaz\/feltre-via-panoramica-tetto-vola-sullauto\/\" rel=\"attachment wp-att-109632\"><img loading=\"lazy\" decoding=\"async\" class=\"alignleft size-full wp-image-109632\" src=\"http:\/\/www.bellunopress.it\/wp-content\/uploads\/2019\/11\/feltre-via-panoramica-tetto-vola-sullauto.jpg\" alt=\"\" width=\"289\" height=\"219\" \/><\/a>In via Panoramica a Feltre, il forte vento ha scoperchiato una casa facendo cadere il materiale su due auto che in quel momento transitavano. I conducenti sono rimasti feriti e sono stati trasportati al pronto soccorso. Sul posto sono intervenuti i carabinieri di Santa Giustina e i vigili del fuoco.<\/p>\n<p>Scoperchiato anche il tetto dell&#8217;Istituto Dal Piaz.<\/p>\n<p>Una pattuglia dei carabinieri di Quero \u00e8 intervenuta in localit\u00e0 Scalon di Vas, per la caduta di alberi sulla carreggiata stradale. Sul posto il personale di Veneto Strade per la rimozione delle piante.<\/p>\n<p>Il Comando provinciale dei vigili del fuoco di Belluno \u00e8 stato impegnato in 21 interventi a causa del maltempo.\u00a0Le squadre sono intervenute soprattutto per liberare le strade dalla caduta di alberi (15 interventi) e per prosciugamenti di abitazioni (6 interventi).<\/p>","protected":false},"excerpt":{"rendered":"<p>In via Panoramica a Feltre, il forte vento ha scoperchiato una casa facendo cadere il materiale su due auto che in quel momento transitavano. I conducenti sono rimasti feriti e sono stati trasportati al pronto soccorso. Sul posto sono intervenuti i carabinieri di Santa Giustina e i vigili del fuoco. Scoperchiato anche il tetto dell&#8217;Istituto [&hellip;]<\/p>\n","protected":false},"author":2,"featured_media":0,"comment_status":"closed","ping_status":"open","sticky":false,"template":"","format":"standard","meta":{"footnotes":""},"categories":[5,26],"tags":[],"class_list":["post-109631","post","type-post","status-publish","format-standard","category-cronaca","category-prima-pagina"],"yoast_head":"<!-- This site is optimized with the Yoast SEO plugin v28.4 - https:\/\/yoast.com\/product\/yoast-seo-wordpress\/ -->\n<title>Vento forte a Feltre scoperchiata una casa, coinvolte due auto. Scoperchiato l&#039;Istituto Dal Piaz - Bellunopress - Dolomiti<\/title>\n<meta name=\"robots\" content=\"index, follow, max-snippet:-1, max-image-preview:large, max-video-preview:-1\" \/>\n<link rel=\"canonical\" href=\"https:\/\/www.bellunopress.it\/fr\/2019\/11\/15\/vento-forte-a-feltre-scoperchiata-una-casa-coinvolte-due-auto-scoperchiato-listituto-dal-piaz\/\" \/>\n<meta property=\"og:locale\" content=\"fr_FR\" \/>\n<meta property=\"og:type\" content=\"article\" \/>\n<meta property=\"og:title\" content=\"Vento forte a Feltre scoperchiata una casa, coinvolte due auto. Scoperchiato l&#039;Istituto Dal Piaz - Bellunopress - Dolomiti\" \/>\n<meta property=\"og:description\" content=\"In via Panoramica a Feltre, il forte vento ha scoperchiato una casa facendo cadere il materiale su due auto che in quel momento transitavano. I conducenti sono rimasti feriti e sono stati trasportati al pronto soccorso. Sul posto sono intervenuti i carabinieri di Santa Giustina e i vigili del fuoco. Scoperchiato anche il tetto dell&#8217;Istituto [&hellip;]\" \/>\n<meta property=\"og:url\" content=\"https:\/\/www.bellunopress.it\/fr\/2019\/11\/15\/vento-forte-a-feltre-scoperchiata-una-casa-coinvolte-due-auto-scoperchiato-listituto-dal-piaz\/\" \/>\n<meta property=\"og:site_name\" content=\"Bellunopress - Dolomiti\" \/>\n<meta property=\"article:publisher\" content=\"https:\/\/www.facebook.com\/profile.php?id=100008943462799\" \/>\n<meta property=\"article:published_time\" content=\"2019-11-15T19:39:42+00:00\" \/>\n<meta property=\"article:modified_time\" content=\"2019-11-15T19:39:53+00:00\" \/>\n<meta property=\"og:image\" content=\"http:\/\/www.bellunopress.it\/wp-content\/uploads\/2019\/11\/feltre-via-panoramica-tetto-vola-sullauto.jpg\" \/>\n<meta name=\"author\" content=\"redazione\" \/>\n<meta name=\"twitter:card\" content=\"summary_large_image\" \/>\n<meta name=\"twitter:creator\" content=\"@bellunopress\" \/>\n<meta name=\"twitter:site\" content=\"@bellunopress\" \/>\n<meta name=\"twitter:label1\" content=\"\u00c9crit par\" \/>\n\t<meta name=\"twitter:data1\" content=\"redazione\" \/>\n\t<meta name=\"twitter:label2\" content=\"Dur\u00e9e de lecture estim\u00e9e\" \/>\n\t<meta name=\"twitter:data2\" content=\"1 minute\" \/>\n<script type=\"application\/ld+json\" class=\"yoast-schema-graph\">{\"@context\":\"https:\\\/\\\/schema.org\",\"@graph\":[{\"@type\":\"Article\",\"@id\":\"https:\\\/\\\/www.bellunopress.it\\\/2019\\\/11\\\/15\\\/vento-forte-a-feltre-scoperchiata-una-casa-coinvolte-due-auto-scoperchiato-listituto-dal-piaz\\\/#article\",\"isPartOf\":{\"@id\":\"https:\\\/\\\/www.bellunopress.it\\\/2019\\\/11\\\/15\\\/vento-forte-a-feltre-scoperchiata-una-casa-coinvolte-due-auto-scoperchiato-listituto-dal-piaz\\\/\"},\"author\":{\"name\":\"redazione\",\"@id\":\"https:\\\/\\\/www.bellunopress.it\\\/#\\\/schema\\\/person\\\/79bb06722b37ece1c03d3e94beb30d73\"},\"headline\":\"Vento forte a Feltre scoperchiata una casa, coinvolte due auto. Scoperchiato l&#8217;Istituto Dal Piaz\",\"datePublished\":\"2019-11-15T19:39:42+00:00\",\"dateModified\":\"2019-11-15T19:39:53+00:00\",\"mainEntityOfPage\":{\"@id\":\"https:\\\/\\\/www.bellunopress.it\\\/2019\\\/11\\\/15\\\/vento-forte-a-feltre-scoperchiata-una-casa-coinvolte-due-auto-scoperchiato-listituto-dal-piaz\\\/\"},\"wordCount\":142,\"publisher\":{\"@id\":\"https:\\\/\\\/www.bellunopress.it\\\/#organization\"},\"image\":{\"@id\":\"https:\\\/\\\/www.bellunopress.it\\\/2019\\\/11\\\/15\\\/vento-forte-a-feltre-scoperchiata-una-casa-coinvolte-due-auto-scoperchiato-listituto-dal-piaz\\\/#primaryimage\"},\"thumbnailUrl\":\"http:\\\/\\\/www.bellunopress.it\\\/wp-content\\\/uploads\\\/2019\\\/11\\\/feltre-via-panoramica-tetto-vola-sullauto.jpg\",\"articleSection\":[\"Cronaca\\\/Politica\",\"Prima Pagina\"],\"inLanguage\":\"fr-FR\"},{\"@type\":\"WebPage\",\"@id\":\"https:\\\/\\\/www.bellunopress.it\\\/2019\\\/11\\\/15\\\/vento-forte-a-feltre-scoperchiata-una-casa-coinvolte-due-auto-scoperchiato-listituto-dal-piaz\\\/\",\"url\":\"https:\\\/\\\/www.bellunopress.it\\\/2019\\\/11\\\/15\\\/vento-forte-a-feltre-scoperchiata-una-casa-coinvolte-due-auto-scoperchiato-listituto-dal-piaz\\\/\",\"name\":\"Vento forte a Feltre scoperchiata una casa, coinvolte due auto. Scoperchiato l'Istituto Dal Piaz - Bellunopress - Dolomiti\",\"isPartOf\":{\"@id\":\"https:\\\/\\\/www.bellunopress.it\\\/#website\"},\"primaryImageOfPage\":{\"@id\":\"https:\\\/\\\/www.bellunopress.it\\\/2019\\\/11\\\/15\\\/vento-forte-a-feltre-scoperchiata-una-casa-coinvolte-due-auto-scoperchiato-listituto-dal-piaz\\\/#primaryimage\"},\"image\":{\"@id\":\"https:\\\/\\\/www.bellunopress.it\\\/2019\\\/11\\\/15\\\/vento-forte-a-feltre-scoperchiata-una-casa-coinvolte-due-auto-scoperchiato-listituto-dal-piaz\\\/#primaryimage\"},\"thumbnailUrl\":\"http:\\\/\\\/www.bellunopress.it\\\/wp-content\\\/uploads\\\/2019\\\/11\\\/feltre-via-panoramica-tetto-vola-sullauto.jpg\",\"datePublished\":\"2019-11-15T19:39:42+00:00\",\"dateModified\":\"2019-11-15T19:39:53+00:00\",\"breadcrumb\":{\"@id\":\"https:\\\/\\\/www.bellunopress.it\\\/2019\\\/11\\\/15\\\/vento-forte-a-feltre-scoperchiata-una-casa-coinvolte-due-auto-scoperchiato-listituto-dal-piaz\\\/#breadcrumb\"},\"inLanguage\":\"fr-FR\",\"potentialAction\":[{\"@type\":\"ReadAction\",\"target\":[\"https:\\\/\\\/www.bellunopress.it\\\/2019\\\/11\\\/15\\\/vento-forte-a-feltre-scoperchiata-una-casa-coinvolte-due-auto-scoperchiato-listituto-dal-piaz\\\/\"]}]},{\"@type\":\"ImageObject\",\"inLanguage\":\"fr-FR\",\"@id\":\"https:\\\/\\\/www.bellunopress.it\\\/2019\\\/11\\\/15\\\/vento-forte-a-feltre-scoperchiata-una-casa-coinvolte-due-auto-scoperchiato-listituto-dal-piaz\\\/#primaryimage\",\"url\":\"http:\\\/\\\/www.bellunopress.it\\\/wp-content\\\/uploads\\\/2019\\\/11\\\/feltre-via-panoramica-tetto-vola-sullauto.jpg\",\"contentUrl\":\"http:\\\/\\\/www.bellunopress.it\\\/wp-content\\\/uploads\\\/2019\\\/11\\\/feltre-via-panoramica-tetto-vola-sullauto.jpg\"},{\"@type\":\"BreadcrumbList\",\"@id\":\"https:\\\/\\\/www.bellunopress.it\\\/2019\\\/11\\\/15\\\/vento-forte-a-feltre-scoperchiata-una-casa-coinvolte-due-auto-scoperchiato-listituto-dal-piaz\\\/#breadcrumb\",\"itemListElement\":[{\"@type\":\"ListItem\",\"position\":1,\"name\":\"Home\",\"item\":\"https:\\\/\\\/www.bellunopress.it\\\/\"},{\"@type\":\"ListItem\",\"position\":2,\"name\":\"Vento forte a Feltre scoperchiata una casa, coinvolte due auto. Scoperchiato l&#8217;Istituto Dal Piaz\"}]},{\"@type\":\"WebSite\",\"@id\":\"https:\\\/\\\/www.bellunopress.it\\\/#website\",\"url\":\"https:\\\/\\\/www.bellunopress.it\\\/\",\"name\":\"Bellunopress - Dolomiti\",\"description\":\"e-mail: redazione@bellunopress.it\",\"publisher\":{\"@id\":\"https:\\\/\\\/www.bellunopress.it\\\/#organization\"},\"potentialAction\":[{\"@type\":\"SearchAction\",\"target\":{\"@type\":\"EntryPoint\",\"urlTemplate\":\"https:\\\/\\\/www.bellunopress.it\\\/?s={search_term_string}\"},\"query-input\":{\"@type\":\"PropertyValueSpecification\",\"valueRequired\":true,\"valueName\":\"search_term_string\"}}],\"inLanguage\":\"fr-FR\"},{\"@type\":\"Organization\",\"@id\":\"https:\\\/\\\/www.bellunopress.it\\\/#organization\",\"name\":\"Bellunopress\",\"url\":\"https:\\\/\\\/www.bellunopress.it\\\/\",\"logo\":{\"@type\":\"ImageObject\",\"inLanguage\":\"fr-FR\",\"@id\":\"https:\\\/\\\/www.bellunopress.it\\\/#\\\/schema\\\/logo\\\/image\\\/\",\"url\":\"https:\\\/\\\/www.bellunopress.it\\\/wp-content\\\/uploads\\\/2011\\\/05\\\/cropped-logo-bellunopress-.jpg\",\"contentUrl\":\"https:\\\/\\\/www.bellunopress.it\\\/wp-content\\\/uploads\\\/2011\\\/05\\\/cropped-logo-bellunopress-.jpg\",\"width\":512,\"height\":512,\"caption\":\"Bellunopress\"},\"image\":{\"@id\":\"https:\\\/\\\/www.bellunopress.it\\\/#\\\/schema\\\/logo\\\/image\\\/\"},\"sameAs\":[\"https:\\\/\\\/www.facebook.com\\\/profile.php?id=100008943462799\",\"https:\\\/\\\/x.com\\\/bellunopress\",\"https:\\\/\\\/www.linkedin.com\\\/hp\\\/?dnr=JBzUWaJfMUw8vbXJJ2tVW5-I3jZKvC4wsoxE&amp;amp;amp;amp;amp;amp;trk=nav_responsive_tab_home\",\"https:\\\/\\\/www.youtube.com\\\/channel\\\/UCxL0wu1uN0_3_7hGG0306cw\"]},{\"@type\":\"Person\",\"@id\":\"https:\\\/\\\/www.bellunopress.it\\\/#\\\/schema\\\/person\\\/79bb06722b37ece1c03d3e94beb30d73\",\"name\":\"redazione\",\"image\":{\"@type\":\"ImageObject\",\"inLanguage\":\"fr-FR\",\"@id\":\"https:\\\/\\\/secure.gravatar.com\\\/avatar\\\/37d968a2e67a6fd04c169c4bdef102d0bc5d31b2546345219e348575eb80e9a0?s=96&d=mm&r=g\",\"url\":\"https:\\\/\\\/secure.gravatar.com\\\/avatar\\\/37d968a2e67a6fd04c169c4bdef102d0bc5d31b2546345219e348575eb80e9a0?s=96&d=mm&r=g\",\"contentUrl\":\"https:\\\/\\\/secure.gravatar.com\\\/avatar\\\/37d968a2e67a6fd04c169c4bdef102d0bc5d31b2546345219e348575eb80e9a0?s=96&d=mm&r=g\",\"caption\":\"redazione\"},\"sameAs\":[\"http:\\\/\\\/www.bellunopress.it\",\"https:\\\/\\\/x.com\\\/bellunopress\"],\"url\":\"https:\\\/\\\/www.bellunopress.it\\\/fr\\\/author\\\/redazione\\\/\"}]}<\/script>\n<!-- \/ Yoast SEO plugin. -->","yoast_head_json":{"title":"Vento forte a Feltre scoperchiata una casa, coinvolte due auto. Scoperchiato l'Istituto Dal Piaz - Bellunopress - Dolomiti","robots":{"index":"index","follow":"follow","max-snippet":"max-snippet:-1","max-image-preview":"max-image-preview:large","max-video-preview":"max-video-preview:-1"},"canonical":"https:\/\/www.bellunopress.it\/fr\/2019\/11\/15\/vento-forte-a-feltre-scoperchiata-una-casa-coinvolte-due-auto-scoperchiato-listituto-dal-piaz\/","og_locale":"fr_FR","og_type":"article","og_title":"Vento forte a Feltre scoperchiata una casa, coinvolte due auto. Scoperchiato l'Istituto Dal Piaz - Bellunopress - Dolomiti","og_description":"In via Panoramica a Feltre, il forte vento ha scoperchiato una casa facendo cadere il materiale su due auto che in quel momento transitavano. I conducenti sono rimasti feriti e sono stati trasportati al pronto soccorso. Sul posto sono intervenuti i carabinieri di Santa Giustina e i vigili del fuoco. Scoperchiato anche il tetto dell&#8217;Istituto [&hellip;]","og_url":"https:\/\/www.bellunopress.it\/fr\/2019\/11\/15\/vento-forte-a-feltre-scoperchiata-una-casa-coinvolte-due-auto-scoperchiato-listituto-dal-piaz\/","og_site_name":"Bellunopress - Dolomiti","article_publisher":"https:\/\/www.facebook.com\/profile.php?id=100008943462799","article_published_time":"2019-11-15T19:39:42+00:00","article_modified_time":"2019-11-15T19:39:53+00:00","og_image":[{"url":"http:\/\/www.bellunopress.it\/wp-content\/uploads\/2019\/11\/feltre-via-panoramica-tetto-vola-sullauto.jpg","type":"","width":"","height":""}],"author":"redazione","twitter_card":"summary_large_image","twitter_creator":"@bellunopress","twitter_site":"@bellunopress","twitter_misc":{"\u00c9crit par":"redazione","Dur\u00e9e de lecture estim\u00e9e":"1 minute"},"schema":{"@context":"https:\/\/schema.org","@graph":[{"@type":"Article","@id":"https:\/\/www.bellunopress.it\/2019\/11\/15\/vento-forte-a-feltre-scoperchiata-una-casa-coinvolte-due-auto-scoperchiato-listituto-dal-piaz\/#article","isPartOf":{"@id":"https:\/\/www.bellunopress.it\/2019\/11\/15\/vento-forte-a-feltre-scoperchiata-una-casa-coinvolte-due-auto-scoperchiato-listituto-dal-piaz\/"},"author":{"name":"redazione","@id":"https:\/\/www.bellunopress.it\/#\/schema\/person\/79bb06722b37ece1c03d3e94beb30d73"},"headline":"Vento forte a Feltre scoperchiata una casa, coinvolte due auto. Scoperchiato l&#8217;Istituto Dal Piaz","datePublished":"2019-11-15T19:39:42+00:00","dateModified":"2019-11-15T19:39:53+00:00","mainEntityOfPage":{"@id":"https:\/\/www.bellunopress.it\/2019\/11\/15\/vento-forte-a-feltre-scoperchiata-una-casa-coinvolte-due-auto-scoperchiato-listituto-dal-piaz\/"},"wordCount":142,"publisher":{"@id":"https:\/\/www.bellunopress.it\/#organization"},"image":{"@id":"https:\/\/www.bellunopress.it\/2019\/11\/15\/vento-forte-a-feltre-scoperchiata-una-casa-coinvolte-due-auto-scoperchiato-listituto-dal-piaz\/#primaryimage"},"thumbnailUrl":"http:\/\/www.bellunopress.it\/wp-content\/uploads\/2019\/11\/feltre-via-panoramica-tetto-vola-sullauto.jpg","articleSection":["Cronaca\/Politica","Prima Pagina"],"inLanguage":"fr-FR"},{"@type":"WebPage","@id":"https:\/\/www.bellunopress.it\/2019\/11\/15\/vento-forte-a-feltre-scoperchiata-una-casa-coinvolte-due-auto-scoperchiato-listituto-dal-piaz\/","url":"https:\/\/www.bellunopress.it\/2019\/11\/15\/vento-forte-a-feltre-scoperchiata-una-casa-coinvolte-due-auto-scoperchiato-listituto-dal-piaz\/","name":"Vento forte a Feltre scoperchiata una casa, coinvolte due auto. Scoperchiato l'Istituto Dal Piaz - Bellunopress - Dolomiti","isPartOf":{"@id":"https:\/\/www.bellunopress.it\/#website"},"primaryImageOfPage":{"@id":"https:\/\/www.bellunopress.it\/2019\/11\/15\/vento-forte-a-feltre-scoperchiata-una-casa-coinvolte-due-auto-scoperchiato-listituto-dal-piaz\/#primaryimage"},"image":{"@id":"https:\/\/www.bellunopress.it\/2019\/11\/15\/vento-forte-a-feltre-scoperchiata-una-casa-coinvolte-due-auto-scoperchiato-listituto-dal-piaz\/#primaryimage"},"thumbnailUrl":"http:\/\/www.bellunopress.it\/wp-content\/uploads\/2019\/11\/feltre-via-panoramica-tetto-vola-sullauto.jpg","datePublished":"2019-11-15T19:39:42+00:00","dateModified":"2019-11-15T19:39:53+00:00","breadcrumb":{"@id":"https:\/\/www.bellunopress.it\/2019\/11\/15\/vento-forte-a-feltre-scoperchiata-una-casa-coinvolte-due-auto-scoperchiato-listituto-dal-piaz\/#breadcrumb"},"inLanguage":"fr-FR","potentialAction":[{"@type":"ReadAction","target":["https:\/\/www.bellunopress.it\/2019\/11\/15\/vento-forte-a-feltre-scoperchiata-una-casa-coinvolte-due-auto-scoperchiato-listituto-dal-piaz\/"]}]},{"@type":"ImageObject","inLanguage":"fr-FR","@id":"https:\/\/www.bellunopress.it\/2019\/11\/15\/vento-forte-a-feltre-scoperchiata-una-casa-coinvolte-due-auto-scoperchiato-listituto-dal-piaz\/#primaryimage","url":"http:\/\/www.bellunopress.it\/wp-content\/uploads\/2019\/11\/feltre-via-panoramica-tetto-vola-sullauto.jpg","contentUrl":"http:\/\/www.bellunopress.it\/wp-content\/uploads\/2019\/11\/feltre-via-panoramica-tetto-vola-sullauto.jpg"},{"@type":"BreadcrumbList","@id":"https:\/\/www.bellunopress.it\/2019\/11\/15\/vento-forte-a-feltre-scoperchiata-una-casa-coinvolte-due-auto-scoperchiato-listituto-dal-piaz\/#breadcrumb","itemListElement":[{"@type":"ListItem","position":1,"name":"Home","item":"https:\/\/www.bellunopress.it\/"},{"@type":"ListItem","position":2,"name":"Vento forte a Feltre scoperchiata una casa, coinvolte due auto. Scoperchiato l&#8217;Istituto Dal Piaz"}]},{"@type":"WebSite","@id":"https:\/\/www.bellunopress.it\/#website","url":"https:\/\/www.bellunopress.it\/","name":"Bellunopress - Dolomiti","description":"e-mail: redazione@bellunopress.it","publisher":{"@id":"https:\/\/www.bellunopress.it\/#organization"},"potentialAction":[{"@type":"SearchAction","target":{"@type":"EntryPoint","urlTemplate":"https:\/\/www.bellunopress.it\/?s={search_term_string}"},"query-input":{"@type":"PropertyValueSpecification","valueRequired":true,"valueName":"search_term_string"}}],"inLanguage":"fr-FR"},{"@type":"Organization","@id":"https:\/\/www.bellunopress.it\/#organization","name":"Bellunopress","url":"https:\/\/www.bellunopress.it\/","logo":{"@type":"ImageObject","inLanguage":"fr-FR","@id":"https:\/\/www.bellunopress.it\/#\/schema\/logo\/image\/","url":"https:\/\/www.bellunopress.it\/wp-content\/uploads\/2011\/05\/cropped-logo-bellunopress-.jpg","contentUrl":"https:\/\/www.bellunopress.it\/wp-content\/uploads\/2011\/05\/cropped-logo-bellunopress-.jpg","width":512,"height":512,"caption":"Bellunopress"},"image":{"@id":"https:\/\/www.bellunopress.it\/#\/schema\/logo\/image\/"},"sameAs":["https:\/\/www.facebook.com\/profile.php?id=100008943462799","https:\/\/x.com\/bellunopress","https:\/\/www.linkedin.com\/hp\/?dnr=JBzUWaJfMUw8vbXJJ2tVW5-I3jZKvC4wsoxE&amp;amp;amp;amp;amp;amp;trk=nav_responsive_tab_home","https:\/\/www.youtube.com\/channel\/UCxL0wu1uN0_3_7hGG0306cw"]},{"@type":"Person","@id":"https:\/\/www.bellunopress.it\/#\/schema\/person\/79bb06722b37ece1c03d3e94beb30d73","name":"r\u00e9daction","image":{"@type":"ImageObject","inLanguage":"fr-FR","@id":"https:\/\/secure.gravatar.com\/avatar\/37d968a2e67a6fd04c169c4bdef102d0bc5d31b2546345219e348575eb80e9a0?s=96&d=mm&r=g","url":"https:\/\/secure.gravatar.com\/avatar\/37d968a2e67a6fd04c169c4bdef102d0bc5d31b2546345219e348575eb80e9a0?s=96&d=mm&r=g","contentUrl":"https:\/\/secure.gravatar.com\/avatar\/37d968a2e67a6fd04c169c4bdef102d0bc5d31b2546345219e348575eb80e9a0?s=96&d=mm&r=g","caption":"redazione"},"sameAs":["http:\/\/www.bellunopress.it","https:\/\/x.com\/bellunopress"],"url":"https:\/\/www.bellunopress.it\/fr\/author\/redazione\/"}]}},"_links":{"self":[{"href":"https:\/\/www.bellunopress.it\/fr\/wp-json\/wp\/v2\/posts\/109631","targetHints":{"allow":["GET"]}}],"collection":[{"href":"https:\/\/www.bellunopress.it\/fr\/wp-json\/wp\/v2\/posts"}],"about":[{"href":"https:\/\/www.bellunopress.it\/fr\/wp-json\/wp\/v2\/types\/post"}],"author":[{"embeddable":true,"href":"https:\/\/www.bellunopress.it\/fr\/wp-json\/wp\/v2\/users\/2"}],"replies":[{"embeddable":true,"href":"https:\/\/www.bellunopress.it\/fr\/wp-json\/wp\/v2\/comments?post=109631"}],"version-history":[{"count":2,"href":"https:\/\/www.bellunopress.it\/fr\/wp-json\/wp\/v2\/posts\/109631\/revisions"}],"predecessor-version":[{"id":109634,"href":"https:\/\/www.bellunopress.it\/fr\/wp-json\/wp\/v2\/posts\/109631\/revisions\/109634"}],"wp:attachment":[{"href":"https:\/\/www.bellunopress.it\/fr\/wp-json\/wp\/v2\/media?parent=109631"}],"wp:term":[{"taxonomy":"category","embeddable":true,"href":"https:\/\/www.bellunopress.it\/fr\/wp-json\/wp\/v2\/categories?post=109631"},{"taxonomy":"post_tag","embeddable":true,"href":"https:\/\/www.bellunopress.it\/fr\/wp-json\/wp\/v2\/tags?post=109631"}],"curies":[{"name":"wp","href":"https:\/\/api.w.org\/{rel}","templated":true}]}}