{"id":109571,"date":"2019-11-14T17:07:18","date_gmt":"2019-11-14T16:07:18","guid":{"rendered":"http:\/\/www.bellunopress.it\/?p=109571"},"modified":"2019-11-14T17:07:18","modified_gmt":"2019-11-14T16:07:18","slug":"meteo-in-arrivo-ondata-di-maltempo-con-precipitazioni-intense-allarme-da-venerdi-codice-rosso","status":"publish","type":"post","link":"https:\/\/www.bellunopress.it\/fr\/2019\/11\/14\/meteo-in-arrivo-ondata-di-maltempo-con-precipitazioni-intense-allarme-da-venerdi-codice-rosso\/","title":{"rendered":"Meteo. In arrivo ondata di maltempo con precipitazioni intense. Allarme da venerd\u00ec codice rosso"},"content":{"rendered":"<p><a href=\"http:\/\/www.bellunopress.it\/fr\/2019\/07\/27\/meteo-allerta-gialla-e-arancione-in-veneto-fino-a-lunedi\/scala-allerta-meteo\/\" rel=\"attachment wp-att-106641\"><img loading=\"lazy\" decoding=\"async\" class=\"alignleft size-full wp-image-106641\" src=\"http:\/\/www.bellunopress.it\/wp-content\/uploads\/2019\/07\/scala-allerta-meteo.jpg\" alt=\"\" width=\"358\" height=\"209\" \/><\/a>Venezia, 14 novembre 2019\u00a0 &#8211;\u00a0\u00a0Le previsioni di ARPAV indicato che dalla serata di gioved\u00ec 14 novembre sono previste le prime deboli precipitazioni sparse in successiva estensione e intensificazione nella notte. Venerd\u00ec 15 novembre tempo in prevalenza perturbato, precipitazioni diffuse, a tratti forti anche con rovesci o occasionali temporali. Fenomeni pi\u00f9 persistenti e con quantitativi abbondanti su zone montane\/pedemontane localmente anche molto abbondanti specie su Prealpi, in pianura in genere contenute localmente abbondanti su alta pianura. Limite nevicate in rialzo a 1500\/1600 m circa su Prealpi e a 1300\/1600 m su Dolomiti dove potr\u00e0 risultare assai irregolare con quota neve anche pi\u00f9 bassa nelle valli pi\u00f9 chiuse (700-1000 m). Venti tesi a tratti forti di Scirocco su costa e pianura limitrofa, in genere da tesi a forti in quota e sulle dorsali prealpine dai quadranti meridionali, temporaneamente anche molto forti con possibili raffiche forti anche nelle valli. Dalla sera probabile attenuazione dei venti e diradamento delle precipitazioni a partire da ovest.<\/p>\n<p>Per quanto riguarda le precipitazioni nevose, gioved\u00ec nuove deboli nevicate alla sera sopra i 900\/1200 m. Venerd\u00ec forte maltempo con abbondanti nevicate oltre i 1200\/1400 m su Dolomiti e 1400\/1700 m su Prealpi. Sabato riprender\u00e0 a nevicare in mattinata con nuovi diffusi apporti al pomeriggio sera oltre i 1300\/1600 m.<\/p>\n<p>In considerazione delle previsioni meteo il Centro Funzionale Decentrato della Protezione Civile Regionale ha decretato lo stato di criticit\u00e0 idraulica arancione (fase operativa di preallarme) su Alto Brenta-Bacchiglione-Alpone (VI, BL, TV, VR), la criticit\u00e0 idrogeologica arancione su Alto Piave Belluno e Adige-Garda e Monti Lessini e rossa (fase operativa di allarme) su Piave Pedemontano (Treviso-Belluno) e Alto Brenta-Bacchiglione-Alpone sono valide dalle ore 6.00 del 15\/11\/2019. Prima sono da considerarsi di colore giallo (fase operativa di attenzione).<\/p>","protected":false},"excerpt":{"rendered":"<p>Venezia, 14 novembre 2019\u00a0 &#8211;\u00a0\u00a0Le previsioni di ARPAV indicato che dalla serata di gioved\u00ec 14 novembre sono previste le prime deboli precipitazioni sparse in successiva estensione e intensificazione nella notte. Venerd\u00ec 15 novembre tempo in prevalenza perturbato, precipitazioni diffuse, a tratti forti anche con rovesci o occasionali temporali. Fenomeni pi\u00f9 persistenti e con quantitativi abbondanti [&hellip;]<\/p>\n","protected":false},"author":2,"featured_media":0,"comment_status":"closed","ping_status":"open","sticky":false,"template":"","format":"standard","meta":{"footnotes":""},"categories":[38,26],"tags":[],"class_list":["post-109571","post","type-post","status-publish","format-standard","category-natura-ambiente","category-prima-pagina"],"yoast_head":"<!-- This site is optimized with the Yoast SEO plugin v28.4 - https:\/\/yoast.com\/product\/yoast-seo-wordpress\/ -->\n<title>Meteo. In arrivo ondata di maltempo con precipitazioni intense. Allarme da venerd\u00ec codice rosso - Bellunopress - Dolomiti<\/title>\n<meta name=\"robots\" content=\"index, follow, max-snippet:-1, max-image-preview:large, max-video-preview:-1\" \/>\n<link rel=\"canonical\" href=\"https:\/\/www.bellunopress.it\/fr\/2019\/11\/14\/meteo-in-arrivo-ondata-di-maltempo-con-precipitazioni-intense-allarme-da-venerdi-codice-rosso\/\" \/>\n<meta property=\"og:locale\" content=\"fr_FR\" \/>\n<meta property=\"og:type\" content=\"article\" \/>\n<meta property=\"og:title\" content=\"Meteo. In arrivo ondata di maltempo con precipitazioni intense. Allarme da venerd\u00ec codice rosso - Bellunopress - Dolomiti\" \/>\n<meta property=\"og:description\" content=\"Venezia, 14 novembre 2019\u00a0 &#8211;\u00a0\u00a0Le previsioni di ARPAV indicato che dalla serata di gioved\u00ec 14 novembre sono previste le prime deboli precipitazioni sparse in successiva estensione e intensificazione nella notte. Venerd\u00ec 15 novembre tempo in prevalenza perturbato, precipitazioni diffuse, a tratti forti anche con rovesci o occasionali temporali. Fenomeni pi\u00f9 persistenti e con quantitativi abbondanti [&hellip;]\" \/>\n<meta property=\"og:url\" content=\"https:\/\/www.bellunopress.it\/fr\/2019\/11\/14\/meteo-in-arrivo-ondata-di-maltempo-con-precipitazioni-intense-allarme-da-venerdi-codice-rosso\/\" \/>\n<meta property=\"og:site_name\" content=\"Bellunopress - Dolomiti\" \/>\n<meta property=\"article:publisher\" content=\"https:\/\/www.facebook.com\/profile.php?id=100008943462799\" \/>\n<meta property=\"article:published_time\" content=\"2019-11-14T16:07:18+00:00\" \/>\n<meta property=\"og:image\" content=\"http:\/\/www.bellunopress.it\/wp-content\/uploads\/2019\/07\/scala-allerta-meteo.jpg\" \/>\n<meta name=\"author\" content=\"redazione\" \/>\n<meta name=\"twitter:card\" content=\"summary_large_image\" \/>\n<meta name=\"twitter:creator\" content=\"@bellunopress\" \/>\n<meta name=\"twitter:site\" content=\"@bellunopress\" \/>\n<meta name=\"twitter:label1\" content=\"\u00c9crit par\" \/>\n\t<meta name=\"twitter:data1\" content=\"redazione\" \/>\n\t<meta name=\"twitter:label2\" content=\"Dur\u00e9e de lecture estim\u00e9e\" \/>\n\t<meta name=\"twitter:data2\" content=\"1 minute\" \/>\n<script type=\"application\/ld+json\" class=\"yoast-schema-graph\">{\"@context\":\"https:\\\/\\\/schema.org\",\"@graph\":[{\"@type\":\"Article\",\"@id\":\"https:\\\/\\\/www.bellunopress.it\\\/2019\\\/11\\\/14\\\/meteo-in-arrivo-ondata-di-maltempo-con-precipitazioni-intense-allarme-da-venerdi-codice-rosso\\\/#article\",\"isPartOf\":{\"@id\":\"https:\\\/\\\/www.bellunopress.it\\\/2019\\\/11\\\/14\\\/meteo-in-arrivo-ondata-di-maltempo-con-precipitazioni-intense-allarme-da-venerdi-codice-rosso\\\/\"},\"author\":{\"name\":\"redazione\",\"@id\":\"https:\\\/\\\/www.bellunopress.it\\\/#\\\/schema\\\/person\\\/79bb06722b37ece1c03d3e94beb30d73\"},\"headline\":\"Meteo. In arrivo ondata di maltempo con precipitazioni intense. Allarme da venerd\u00ec codice rosso\",\"datePublished\":\"2019-11-14T16:07:18+00:00\",\"mainEntityOfPage\":{\"@id\":\"https:\\\/\\\/www.bellunopress.it\\\/2019\\\/11\\\/14\\\/meteo-in-arrivo-ondata-di-maltempo-con-precipitazioni-intense-allarme-da-venerdi-codice-rosso\\\/\"},\"wordCount\":290,\"publisher\":{\"@id\":\"https:\\\/\\\/www.bellunopress.it\\\/#organization\"},\"image\":{\"@id\":\"https:\\\/\\\/www.bellunopress.it\\\/2019\\\/11\\\/14\\\/meteo-in-arrivo-ondata-di-maltempo-con-precipitazioni-intense-allarme-da-venerdi-codice-rosso\\\/#primaryimage\"},\"thumbnailUrl\":\"http:\\\/\\\/www.bellunopress.it\\\/wp-content\\\/uploads\\\/2019\\\/07\\\/scala-allerta-meteo.jpg\",\"articleSection\":[\"Meteo, natura, ambiente, animali\",\"Prima Pagina\"],\"inLanguage\":\"fr-FR\"},{\"@type\":\"WebPage\",\"@id\":\"https:\\\/\\\/www.bellunopress.it\\\/2019\\\/11\\\/14\\\/meteo-in-arrivo-ondata-di-maltempo-con-precipitazioni-intense-allarme-da-venerdi-codice-rosso\\\/\",\"url\":\"https:\\\/\\\/www.bellunopress.it\\\/2019\\\/11\\\/14\\\/meteo-in-arrivo-ondata-di-maltempo-con-precipitazioni-intense-allarme-da-venerdi-codice-rosso\\\/\",\"name\":\"Meteo. In arrivo ondata di maltempo con precipitazioni intense. Allarme da venerd\u00ec codice rosso - Bellunopress - Dolomiti\",\"isPartOf\":{\"@id\":\"https:\\\/\\\/www.bellunopress.it\\\/#website\"},\"primaryImageOfPage\":{\"@id\":\"https:\\\/\\\/www.bellunopress.it\\\/2019\\\/11\\\/14\\\/meteo-in-arrivo-ondata-di-maltempo-con-precipitazioni-intense-allarme-da-venerdi-codice-rosso\\\/#primaryimage\"},\"image\":{\"@id\":\"https:\\\/\\\/www.bellunopress.it\\\/2019\\\/11\\\/14\\\/meteo-in-arrivo-ondata-di-maltempo-con-precipitazioni-intense-allarme-da-venerdi-codice-rosso\\\/#primaryimage\"},\"thumbnailUrl\":\"http:\\\/\\\/www.bellunopress.it\\\/wp-content\\\/uploads\\\/2019\\\/07\\\/scala-allerta-meteo.jpg\",\"datePublished\":\"2019-11-14T16:07:18+00:00\",\"breadcrumb\":{\"@id\":\"https:\\\/\\\/www.bellunopress.it\\\/2019\\\/11\\\/14\\\/meteo-in-arrivo-ondata-di-maltempo-con-precipitazioni-intense-allarme-da-venerdi-codice-rosso\\\/#breadcrumb\"},\"inLanguage\":\"fr-FR\",\"potentialAction\":[{\"@type\":\"ReadAction\",\"target\":[\"https:\\\/\\\/www.bellunopress.it\\\/2019\\\/11\\\/14\\\/meteo-in-arrivo-ondata-di-maltempo-con-precipitazioni-intense-allarme-da-venerdi-codice-rosso\\\/\"]}]},{\"@type\":\"ImageObject\",\"inLanguage\":\"fr-FR\",\"@id\":\"https:\\\/\\\/www.bellunopress.it\\\/2019\\\/11\\\/14\\\/meteo-in-arrivo-ondata-di-maltempo-con-precipitazioni-intense-allarme-da-venerdi-codice-rosso\\\/#primaryimage\",\"url\":\"http:\\\/\\\/www.bellunopress.it\\\/wp-content\\\/uploads\\\/2019\\\/07\\\/scala-allerta-meteo.jpg\",\"contentUrl\":\"http:\\\/\\\/www.bellunopress.it\\\/wp-content\\\/uploads\\\/2019\\\/07\\\/scala-allerta-meteo.jpg\"},{\"@type\":\"BreadcrumbList\",\"@id\":\"https:\\\/\\\/www.bellunopress.it\\\/2019\\\/11\\\/14\\\/meteo-in-arrivo-ondata-di-maltempo-con-precipitazioni-intense-allarme-da-venerdi-codice-rosso\\\/#breadcrumb\",\"itemListElement\":[{\"@type\":\"ListItem\",\"position\":1,\"name\":\"Home\",\"item\":\"https:\\\/\\\/www.bellunopress.it\\\/\"},{\"@type\":\"ListItem\",\"position\":2,\"name\":\"Meteo. In arrivo ondata di maltempo con precipitazioni intense. Allarme da venerd\u00ec codice rosso\"}]},{\"@type\":\"WebSite\",\"@id\":\"https:\\\/\\\/www.bellunopress.it\\\/#website\",\"url\":\"https:\\\/\\\/www.bellunopress.it\\\/\",\"name\":\"Bellunopress - Dolomiti\",\"description\":\"e-mail: redazione@bellunopress.it\",\"publisher\":{\"@id\":\"https:\\\/\\\/www.bellunopress.it\\\/#organization\"},\"potentialAction\":[{\"@type\":\"SearchAction\",\"target\":{\"@type\":\"EntryPoint\",\"urlTemplate\":\"https:\\\/\\\/www.bellunopress.it\\\/?s={search_term_string}\"},\"query-input\":{\"@type\":\"PropertyValueSpecification\",\"valueRequired\":true,\"valueName\":\"search_term_string\"}}],\"inLanguage\":\"fr-FR\"},{\"@type\":\"Organization\",\"@id\":\"https:\\\/\\\/www.bellunopress.it\\\/#organization\",\"name\":\"Bellunopress\",\"url\":\"https:\\\/\\\/www.bellunopress.it\\\/\",\"logo\":{\"@type\":\"ImageObject\",\"inLanguage\":\"fr-FR\",\"@id\":\"https:\\\/\\\/www.bellunopress.it\\\/#\\\/schema\\\/logo\\\/image\\\/\",\"url\":\"https:\\\/\\\/www.bellunopress.it\\\/wp-content\\\/uploads\\\/2011\\\/05\\\/cropped-logo-bellunopress-.jpg\",\"contentUrl\":\"https:\\\/\\\/www.bellunopress.it\\\/wp-content\\\/uploads\\\/2011\\\/05\\\/cropped-logo-bellunopress-.jpg\",\"width\":512,\"height\":512,\"caption\":\"Bellunopress\"},\"image\":{\"@id\":\"https:\\\/\\\/www.bellunopress.it\\\/#\\\/schema\\\/logo\\\/image\\\/\"},\"sameAs\":[\"https:\\\/\\\/www.facebook.com\\\/profile.php?id=100008943462799\",\"https:\\\/\\\/x.com\\\/bellunopress\",\"https:\\\/\\\/www.linkedin.com\\\/hp\\\/?dnr=JBzUWaJfMUw8vbXJJ2tVW5-I3jZKvC4wsoxE&amp;amp;amp;amp;amp;amp;trk=nav_responsive_tab_home\",\"https:\\\/\\\/www.youtube.com\\\/channel\\\/UCxL0wu1uN0_3_7hGG0306cw\"]},{\"@type\":\"Person\",\"@id\":\"https:\\\/\\\/www.bellunopress.it\\\/#\\\/schema\\\/person\\\/79bb06722b37ece1c03d3e94beb30d73\",\"name\":\"redazione\",\"image\":{\"@type\":\"ImageObject\",\"inLanguage\":\"fr-FR\",\"@id\":\"https:\\\/\\\/secure.gravatar.com\\\/avatar\\\/37d968a2e67a6fd04c169c4bdef102d0bc5d31b2546345219e348575eb80e9a0?s=96&d=mm&r=g\",\"url\":\"https:\\\/\\\/secure.gravatar.com\\\/avatar\\\/37d968a2e67a6fd04c169c4bdef102d0bc5d31b2546345219e348575eb80e9a0?s=96&d=mm&r=g\",\"contentUrl\":\"https:\\\/\\\/secure.gravatar.com\\\/avatar\\\/37d968a2e67a6fd04c169c4bdef102d0bc5d31b2546345219e348575eb80e9a0?s=96&d=mm&r=g\",\"caption\":\"redazione\"},\"sameAs\":[\"http:\\\/\\\/www.bellunopress.it\",\"https:\\\/\\\/x.com\\\/bellunopress\"],\"url\":\"https:\\\/\\\/www.bellunopress.it\\\/fr\\\/author\\\/redazione\\\/\"}]}<\/script>\n<!-- \/ Yoast SEO plugin. -->","yoast_head_json":{"title":"Meteo. In arrivo ondata di maltempo con precipitazioni intense. Allarme da venerd\u00ec codice rosso - Bellunopress - Dolomiti","robots":{"index":"index","follow":"follow","max-snippet":"max-snippet:-1","max-image-preview":"max-image-preview:large","max-video-preview":"max-video-preview:-1"},"canonical":"https:\/\/www.bellunopress.it\/fr\/2019\/11\/14\/meteo-in-arrivo-ondata-di-maltempo-con-precipitazioni-intense-allarme-da-venerdi-codice-rosso\/","og_locale":"fr_FR","og_type":"article","og_title":"Meteo. In arrivo ondata di maltempo con precipitazioni intense. Allarme da venerd\u00ec codice rosso - Bellunopress - Dolomiti","og_description":"Venezia, 14 novembre 2019\u00a0 &#8211;\u00a0\u00a0Le previsioni di ARPAV indicato che dalla serata di gioved\u00ec 14 novembre sono previste le prime deboli precipitazioni sparse in successiva estensione e intensificazione nella notte. Venerd\u00ec 15 novembre tempo in prevalenza perturbato, precipitazioni diffuse, a tratti forti anche con rovesci o occasionali temporali. Fenomeni pi\u00f9 persistenti e con quantitativi abbondanti [&hellip;]","og_url":"https:\/\/www.bellunopress.it\/fr\/2019\/11\/14\/meteo-in-arrivo-ondata-di-maltempo-con-precipitazioni-intense-allarme-da-venerdi-codice-rosso\/","og_site_name":"Bellunopress - Dolomiti","article_publisher":"https:\/\/www.facebook.com\/profile.php?id=100008943462799","article_published_time":"2019-11-14T16:07:18+00:00","og_image":[{"url":"http:\/\/www.bellunopress.it\/wp-content\/uploads\/2019\/07\/scala-allerta-meteo.jpg","type":"","width":"","height":""}],"author":"redazione","twitter_card":"summary_large_image","twitter_creator":"@bellunopress","twitter_site":"@bellunopress","twitter_misc":{"\u00c9crit par":"redazione","Dur\u00e9e de lecture estim\u00e9e":"1 minute"},"schema":{"@context":"https:\/\/schema.org","@graph":[{"@type":"Article","@id":"https:\/\/www.bellunopress.it\/2019\/11\/14\/meteo-in-arrivo-ondata-di-maltempo-con-precipitazioni-intense-allarme-da-venerdi-codice-rosso\/#article","isPartOf":{"@id":"https:\/\/www.bellunopress.it\/2019\/11\/14\/meteo-in-arrivo-ondata-di-maltempo-con-precipitazioni-intense-allarme-da-venerdi-codice-rosso\/"},"author":{"name":"redazione","@id":"https:\/\/www.bellunopress.it\/#\/schema\/person\/79bb06722b37ece1c03d3e94beb30d73"},"headline":"Meteo. In arrivo ondata di maltempo con precipitazioni intense. Allarme da venerd\u00ec codice rosso","datePublished":"2019-11-14T16:07:18+00:00","mainEntityOfPage":{"@id":"https:\/\/www.bellunopress.it\/2019\/11\/14\/meteo-in-arrivo-ondata-di-maltempo-con-precipitazioni-intense-allarme-da-venerdi-codice-rosso\/"},"wordCount":290,"publisher":{"@id":"https:\/\/www.bellunopress.it\/#organization"},"image":{"@id":"https:\/\/www.bellunopress.it\/2019\/11\/14\/meteo-in-arrivo-ondata-di-maltempo-con-precipitazioni-intense-allarme-da-venerdi-codice-rosso\/#primaryimage"},"thumbnailUrl":"http:\/\/www.bellunopress.it\/wp-content\/uploads\/2019\/07\/scala-allerta-meteo.jpg","articleSection":["Meteo, natura, ambiente, animali","Prima Pagina"],"inLanguage":"fr-FR"},{"@type":"WebPage","@id":"https:\/\/www.bellunopress.it\/2019\/11\/14\/meteo-in-arrivo-ondata-di-maltempo-con-precipitazioni-intense-allarme-da-venerdi-codice-rosso\/","url":"https:\/\/www.bellunopress.it\/2019\/11\/14\/meteo-in-arrivo-ondata-di-maltempo-con-precipitazioni-intense-allarme-da-venerdi-codice-rosso\/","name":"Meteo. In arrivo ondata di maltempo con precipitazioni intense. Allarme da venerd\u00ec codice rosso - Bellunopress - Dolomiti","isPartOf":{"@id":"https:\/\/www.bellunopress.it\/#website"},"primaryImageOfPage":{"@id":"https:\/\/www.bellunopress.it\/2019\/11\/14\/meteo-in-arrivo-ondata-di-maltempo-con-precipitazioni-intense-allarme-da-venerdi-codice-rosso\/#primaryimage"},"image":{"@id":"https:\/\/www.bellunopress.it\/2019\/11\/14\/meteo-in-arrivo-ondata-di-maltempo-con-precipitazioni-intense-allarme-da-venerdi-codice-rosso\/#primaryimage"},"thumbnailUrl":"http:\/\/www.bellunopress.it\/wp-content\/uploads\/2019\/07\/scala-allerta-meteo.jpg","datePublished":"2019-11-14T16:07:18+00:00","breadcrumb":{"@id":"https:\/\/www.bellunopress.it\/2019\/11\/14\/meteo-in-arrivo-ondata-di-maltempo-con-precipitazioni-intense-allarme-da-venerdi-codice-rosso\/#breadcrumb"},"inLanguage":"fr-FR","potentialAction":[{"@type":"ReadAction","target":["https:\/\/www.bellunopress.it\/2019\/11\/14\/meteo-in-arrivo-ondata-di-maltempo-con-precipitazioni-intense-allarme-da-venerdi-codice-rosso\/"]}]},{"@type":"ImageObject","inLanguage":"fr-FR","@id":"https:\/\/www.bellunopress.it\/2019\/11\/14\/meteo-in-arrivo-ondata-di-maltempo-con-precipitazioni-intense-allarme-da-venerdi-codice-rosso\/#primaryimage","url":"http:\/\/www.bellunopress.it\/wp-content\/uploads\/2019\/07\/scala-allerta-meteo.jpg","contentUrl":"http:\/\/www.bellunopress.it\/wp-content\/uploads\/2019\/07\/scala-allerta-meteo.jpg"},{"@type":"BreadcrumbList","@id":"https:\/\/www.bellunopress.it\/2019\/11\/14\/meteo-in-arrivo-ondata-di-maltempo-con-precipitazioni-intense-allarme-da-venerdi-codice-rosso\/#breadcrumb","itemListElement":[{"@type":"ListItem","position":1,"name":"Home","item":"https:\/\/www.bellunopress.it\/"},{"@type":"ListItem","position":2,"name":"Meteo. In arrivo ondata di maltempo con precipitazioni intense. Allarme da venerd\u00ec codice rosso"}]},{"@type":"WebSite","@id":"https:\/\/www.bellunopress.it\/#website","url":"https:\/\/www.bellunopress.it\/","name":"Bellunopress - Dolomiti","description":"e-mail: redazione@bellunopress.it","publisher":{"@id":"https:\/\/www.bellunopress.it\/#organization"},"potentialAction":[{"@type":"SearchAction","target":{"@type":"EntryPoint","urlTemplate":"https:\/\/www.bellunopress.it\/?s={search_term_string}"},"query-input":{"@type":"PropertyValueSpecification","valueRequired":true,"valueName":"search_term_string"}}],"inLanguage":"fr-FR"},{"@type":"Organization","@id":"https:\/\/www.bellunopress.it\/#organization","name":"Bellunopress","url":"https:\/\/www.bellunopress.it\/","logo":{"@type":"ImageObject","inLanguage":"fr-FR","@id":"https:\/\/www.bellunopress.it\/#\/schema\/logo\/image\/","url":"https:\/\/www.bellunopress.it\/wp-content\/uploads\/2011\/05\/cropped-logo-bellunopress-.jpg","contentUrl":"https:\/\/www.bellunopress.it\/wp-content\/uploads\/2011\/05\/cropped-logo-bellunopress-.jpg","width":512,"height":512,"caption":"Bellunopress"},"image":{"@id":"https:\/\/www.bellunopress.it\/#\/schema\/logo\/image\/"},"sameAs":["https:\/\/www.facebook.com\/profile.php?id=100008943462799","https:\/\/x.com\/bellunopress","https:\/\/www.linkedin.com\/hp\/?dnr=JBzUWaJfMUw8vbXJJ2tVW5-I3jZKvC4wsoxE&amp;amp;amp;amp;amp;amp;trk=nav_responsive_tab_home","https:\/\/www.youtube.com\/channel\/UCxL0wu1uN0_3_7hGG0306cw"]},{"@type":"Person","@id":"https:\/\/www.bellunopress.it\/#\/schema\/person\/79bb06722b37ece1c03d3e94beb30d73","name":"r\u00e9daction","image":{"@type":"ImageObject","inLanguage":"fr-FR","@id":"https:\/\/secure.gravatar.com\/avatar\/37d968a2e67a6fd04c169c4bdef102d0bc5d31b2546345219e348575eb80e9a0?s=96&d=mm&r=g","url":"https:\/\/secure.gravatar.com\/avatar\/37d968a2e67a6fd04c169c4bdef102d0bc5d31b2546345219e348575eb80e9a0?s=96&d=mm&r=g","contentUrl":"https:\/\/secure.gravatar.com\/avatar\/37d968a2e67a6fd04c169c4bdef102d0bc5d31b2546345219e348575eb80e9a0?s=96&d=mm&r=g","caption":"redazione"},"sameAs":["http:\/\/www.bellunopress.it","https:\/\/x.com\/bellunopress"],"url":"https:\/\/www.bellunopress.it\/fr\/author\/redazione\/"}]}},"_links":{"self":[{"href":"https:\/\/www.bellunopress.it\/fr\/wp-json\/wp\/v2\/posts\/109571","targetHints":{"allow":["GET"]}}],"collection":[{"href":"https:\/\/www.bellunopress.it\/fr\/wp-json\/wp\/v2\/posts"}],"about":[{"href":"https:\/\/www.bellunopress.it\/fr\/wp-json\/wp\/v2\/types\/post"}],"author":[{"embeddable":true,"href":"https:\/\/www.bellunopress.it\/fr\/wp-json\/wp\/v2\/users\/2"}],"replies":[{"embeddable":true,"href":"https:\/\/www.bellunopress.it\/fr\/wp-json\/wp\/v2\/comments?post=109571"}],"version-history":[{"count":1,"href":"https:\/\/www.bellunopress.it\/fr\/wp-json\/wp\/v2\/posts\/109571\/revisions"}],"predecessor-version":[{"id":109572,"href":"https:\/\/www.bellunopress.it\/fr\/wp-json\/wp\/v2\/posts\/109571\/revisions\/109572"}],"wp:attachment":[{"href":"https:\/\/www.bellunopress.it\/fr\/wp-json\/wp\/v2\/media?parent=109571"}],"wp:term":[{"taxonomy":"category","embeddable":true,"href":"https:\/\/www.bellunopress.it\/fr\/wp-json\/wp\/v2\/categories?post=109571"},{"taxonomy":"post_tag","embeddable":true,"href":"https:\/\/www.bellunopress.it\/fr\/wp-json\/wp\/v2\/tags?post=109571"}],"curies":[{"name":"wp","href":"https:\/\/api.w.org\/{rel}","templated":true}]}}