{"id":109560,"date":"2019-11-14T14:55:16","date_gmt":"2019-11-14T13:55:16","guid":{"rendered":"http:\/\/www.bellunopress.it\/?p=109560"},"modified":"2019-11-14T14:56:57","modified_gmt":"2019-11-14T13:56:57","slug":"definito-un-piano-dintervento-a-difesa-dei-cittadini-vertice-in-prefettura-questa-mattina","status":"publish","type":"post","link":"https:\/\/www.bellunopress.it\/fr\/2019\/11\/14\/definito-un-piano-dintervento-a-difesa-dei-cittadini-vertice-in-prefettura-questa-mattina\/","title":{"rendered":"Contrasto alle truffe: definito un piano d\u2019intervento a difesa dei cittadini. Vertice in Prefettura questa mattina\u00a0"},"content":{"rendered":"<p><a href=\"http:\/\/www.bellunopress.it\/fr\/2019\/11\/14\/definito-un-piano-dintervento-a-difesa-dei-cittadini-vertice-in-prefettura-questa-mattina\/prefettura-protocollo-antitruffa\/\" rel=\"attachment wp-att-109561\"><img loading=\"lazy\" decoding=\"async\" class=\"alignleft size-full wp-image-109561\" src=\"http:\/\/www.bellunopress.it\/wp-content\/uploads\/2019\/11\/prefettura-protocollo-antitruffa.jpg\" alt=\"\" width=\"300\" height=\"225\" \/><\/a>Belluno, 14 novembre 2019 &#8211; Saper riconoscere un truffatore \u00e8 lo strumento pi\u00f9 efficace per difendersi dai raggiri. E\u2019 questo l\u2019obiettivo del piano multilivello per il contrasto alle truffe, elaborato dalla Prefettura in collaborazione con Forze dell\u2019Ordine, Provincia di Belluno, Camera di Commercio, ANAP, Ispettorato Territoriale del Lavoro, Inail, Agenzia delle Entrate, ULSS n. 1 Dolomiti, BIM\u2013 GSP, BIM Belluno Infrastrutture, E-Distribuzione, Enel Energia, Ascotrade. Il protocollo \u00e8 stato presentato questa mattina in Prefettura.<\/p>\n<p>L\u2019iniziativa si propone di integrare, rafforzandolo, l\u2019eccellente lavoro svolto dalle Forze di Polizia che sono sempre pi\u00f9 specializzate nella prevenzione e contrasto di un fenomeno che, anche attraverso le moderne tecnologie informatiche, pu\u00f2 subdolamente colpire ciascuno di noi.<\/p>\n<p>Due le linee di intervento proposte: maggiore informazione sul tema ed un impegno rafforzato a supporto della comunit\u00e0.<\/p>\n<p>Per quanto riguarda il primo aspetto, saranno avviati tre progetti:<\/p>\n<p>\u00b7 Il primo, con il supporto di Provincia e Camera di Commercio, prevede la capillare diffusione, attraverso la rete dei negozi di vicinato, del vademecum antitruffa elaborato dalla Prefettura e dalle Forze di Polizia.<\/p>\n<p>\u00b7 In collaborazione con ANAP sar\u00e0 pubblicata, sul periodico dell\u2019associazione, una rubrica nella quale saranno illustrati i casi pi\u00f9 particolari di truffa avvenuti in provincia e forniti alcuni consigli per difendersi.<\/p>\n<p>\u00b7 Sar\u00e0 creata sul sito web della Prefettura di Belluno una sezione dedicata alle truffe nella quale, oltre al vademecum \u201cTr\u2026uffa Basta con le truffe combattiamole insieme\u201d, saranno disponibili alcune informazioni utili su come riconoscere un truffatore, grazie ai contributi offerti da Ispettorato Territoriale del Lavoro, INAIL, Agenzia delle Entrate, ULSS n. 1 Dolomiti, BIM \u2013 GSP, BIM Belluno Infrastrutture, E-Distribuzione, Enel Energia, Ascotrade.<\/p>\n<p>Spesso, infatti, il truffatore finge di essere un pubblico ufficiale o un incaricato delle societ\u00e0 erogatrici di servizi pubblici. La migliore difesa, anche in questi casi, \u00e8 la conoscenza. Ed \u00e8 per questo che, nel portale, saranno illustrate anche le modalit\u00e0 con le quali operano sul territorio gli incaricati delle istituzioni e delle societ\u00e0 partner del progetto.<\/p>\n<p>Accanto a ci\u00f2, sar\u00e0 istituito un canale diretto di comunicazione tra le Forze di Polizia e l\u2019Ispettorato Territoriale del Lavoro, l\u2019INAIL, l\u2019Agenzia delle Entrate, l\u2019ULSS n. 1 Dolomiti, il BIM \u2013 GSP, il BIM Belluno Infrastrutture, E-Distribuzione, Enel Energia, Ascotrade grazie al quale le Forze dell\u2019Ordine saranno costantemente informate sulle attivit\u00e0 programmate nel territorio e sui nominativi degli operatori dei partner del progetto.<\/p>\n<p>In questo modo potranno essere raggiunti tre importanti obiettivi:<\/p>\n<p>&#8211; rafforzare e semplificare il controllo dei cittadini che potranno rivolgersi ai numeri 112 e 113 per verificare, in tempo reale, se coloro che si sono presentati presso il proprio domicilio o la sede legale dell\u2019azienda siano effettivamente incaricati dei suddetti enti;<\/p>\n<p>&#8211; agevolare l\u2019attivit\u00e0 delle Forze di Polizia che grazie alle segnalazioni potranno acquisire con immediatezza informazioni su situazioni sospette;<\/p>\n<p>&#8211; migliorare la sicurezza nei rapporti tra cittadini\/utenti e tutte le istituzioni e le societ\u00e0 coinvolte.<\/p>\n<p>\u201cGrazie a questo piano \u2013 ha evidenziato il Prefetto \u2013 contiamo di arginare un fenomeno che in provincia ha un\u2019incidenza significativa ed \u00e8 in costante crescita negli ultimi anni. I truffatori sono come virus che si insinuano nel corpo sociale con un\u2019alta carica nociva e quando vengono scoperti si modificano geneticamente affinando le proprie tecniche di approccio. Per combatterli efficacemente bisogna far crescere la nostra capacit\u00e0 di vigilanza e riuscire a cogliere in alcuni comportamenti i sintomi di un pericolo di truffa. Questo piano, che nasce da una collaborazione multilivello ed \u00e8 frutto del lavoro portato avanti negli ultimi tre anni, si propone l\u2019obiettivo di fornire alla comunit\u00e0 bellunese gli strumenti per intercettare e smascherare i truffatori, nella consapevolezza che solo con la collaborazione di tutti si possono ottenere risultati soddisfacenti e rendere la nostra provincia pi\u00f9 sicura anche sotto questo aspetto\u201d.<\/p>\n<p>Alla presentazione hanno partecipato, oltre al Prefetto, Francesco Esposito, il Presidente della Camera di Commercio, Mario Pozza, la Presidente Anap Belluno, Antinesca De Pol, il Questore, Lilia Fredella, il Comandante Provinciale della Guardia di Finanza, Gaetano Giacchi, il Comandante della Compagnia Carabinieri di Belluno, Emanuela Cervellera ed i rappresentanti di Ispettorato Territoriale del Lavoro, INAIL, Agenzia delle Entrate, ULSS n. 1 Dolomiti, BIM \u2013 GSP, BIM Belluno Infrastrutture, E-Distribuzione, Enel Energia, Ascotrade.<\/p>","protected":false},"excerpt":{"rendered":"<p>Belluno, 14 novembre 2019 &#8211; Saper riconoscere un truffatore \u00e8 lo strumento pi\u00f9 efficace per difendersi dai raggiri. E\u2019 questo l\u2019obiettivo del piano multilivello per il contrasto alle truffe, elaborato dalla Prefettura in collaborazione con Forze dell\u2019Ordine, Provincia di Belluno, Camera di Commercio, ANAP, Ispettorato Territoriale del Lavoro, Inail, Agenzia delle Entrate, ULSS n. 1 [&hellip;]<\/p>\n","protected":false},"author":2,"featured_media":0,"comment_status":"closed","ping_status":"open","sticky":false,"template":"","format":"standard","meta":{"footnotes":""},"categories":[1],"tags":[],"class_list":["post-109560","post","type-post","status-publish","format-standard","category-leo"],"yoast_head":"<!-- This site is optimized with the Yoast SEO plugin v28.4 - https:\/\/yoast.com\/product\/yoast-seo-wordpress\/ -->\n<title>Contrasto alle truffe: definito un piano d\u2019intervento a difesa dei cittadini. Vertice in Prefettura questa mattina\u00a0 - Bellunopress - Dolomiti<\/title>\n<meta name=\"robots\" content=\"index, follow, max-snippet:-1, max-image-preview:large, max-video-preview:-1\" \/>\n<link rel=\"canonical\" href=\"https:\/\/www.bellunopress.it\/fr\/2019\/11\/14\/definito-un-piano-dintervento-a-difesa-dei-cittadini-vertice-in-prefettura-questa-mattina\/\" \/>\n<meta property=\"og:locale\" content=\"fr_FR\" \/>\n<meta property=\"og:type\" content=\"article\" \/>\n<meta property=\"og:title\" content=\"Contrasto alle truffe: definito un piano d\u2019intervento a difesa dei cittadini. Vertice in Prefettura questa mattina\u00a0 - Bellunopress - Dolomiti\" \/>\n<meta property=\"og:description\" content=\"Belluno, 14 novembre 2019 &#8211; Saper riconoscere un truffatore \u00e8 lo strumento pi\u00f9 efficace per difendersi dai raggiri. E\u2019 questo l\u2019obiettivo del piano multilivello per il contrasto alle truffe, elaborato dalla Prefettura in collaborazione con Forze dell\u2019Ordine, Provincia di Belluno, Camera di Commercio, ANAP, Ispettorato Territoriale del Lavoro, Inail, Agenzia delle Entrate, ULSS n. 1 [&hellip;]\" \/>\n<meta property=\"og:url\" content=\"https:\/\/www.bellunopress.it\/fr\/2019\/11\/14\/definito-un-piano-dintervento-a-difesa-dei-cittadini-vertice-in-prefettura-questa-mattina\/\" \/>\n<meta property=\"og:site_name\" content=\"Bellunopress - Dolomiti\" \/>\n<meta property=\"article:publisher\" content=\"https:\/\/www.facebook.com\/profile.php?id=100008943462799\" \/>\n<meta property=\"article:published_time\" content=\"2019-11-14T13:55:16+00:00\" \/>\n<meta property=\"article:modified_time\" content=\"2019-11-14T13:56:57+00:00\" \/>\n<meta property=\"og:image\" content=\"http:\/\/www.bellunopress.it\/wp-content\/uploads\/2019\/11\/prefettura-protocollo-antitruffa.jpg\" \/>\n<meta name=\"author\" content=\"redazione\" \/>\n<meta name=\"twitter:card\" content=\"summary_large_image\" \/>\n<meta name=\"twitter:creator\" content=\"@bellunopress\" \/>\n<meta name=\"twitter:site\" content=\"@bellunopress\" \/>\n<meta name=\"twitter:label1\" content=\"Written by\" \/>\n\t<meta name=\"twitter:data1\" content=\"redazione\" \/>\n\t<meta name=\"twitter:label2\" content=\"Est. reading time\" \/>\n\t<meta name=\"twitter:data2\" content=\"3 minutes\" \/>\n<script type=\"application\/ld+json\" class=\"yoast-schema-graph\">{\"@context\":\"https:\\\/\\\/schema.org\",\"@graph\":[{\"@type\":\"Article\",\"@id\":\"https:\\\/\\\/www.bellunopress.it\\\/2019\\\/11\\\/14\\\/definito-un-piano-dintervento-a-difesa-dei-cittadini-vertice-in-prefettura-questa-mattina\\\/#article\",\"isPartOf\":{\"@id\":\"https:\\\/\\\/www.bellunopress.it\\\/2019\\\/11\\\/14\\\/definito-un-piano-dintervento-a-difesa-dei-cittadini-vertice-in-prefettura-questa-mattina\\\/\"},\"author\":{\"name\":\"redazione\",\"@id\":\"https:\\\/\\\/www.bellunopress.it\\\/#\\\/schema\\\/person\\\/79bb06722b37ece1c03d3e94beb30d73\"},\"headline\":\"Contrasto alle truffe: definito un piano d\u2019intervento a difesa dei cittadini. Vertice in Prefettura questa mattina\u00a0\",\"datePublished\":\"2019-11-14T13:55:16+00:00\",\"dateModified\":\"2019-11-14T13:56:57+00:00\",\"mainEntityOfPage\":{\"@id\":\"https:\\\/\\\/www.bellunopress.it\\\/2019\\\/11\\\/14\\\/definito-un-piano-dintervento-a-difesa-dei-cittadini-vertice-in-prefettura-questa-mattina\\\/\"},\"wordCount\":701,\"publisher\":{\"@id\":\"https:\\\/\\\/www.bellunopress.it\\\/#organization\"},\"image\":{\"@id\":\"https:\\\/\\\/www.bellunopress.it\\\/2019\\\/11\\\/14\\\/definito-un-piano-dintervento-a-difesa-dei-cittadini-vertice-in-prefettura-questa-mattina\\\/#primaryimage\"},\"thumbnailUrl\":\"http:\\\/\\\/www.bellunopress.it\\\/wp-content\\\/uploads\\\/2019\\\/11\\\/prefettura-protocollo-antitruffa.jpg\",\"articleSection\":[\"Lettere Opinioni\"],\"inLanguage\":\"fr-FR\"},{\"@type\":\"WebPage\",\"@id\":\"https:\\\/\\\/www.bellunopress.it\\\/2019\\\/11\\\/14\\\/definito-un-piano-dintervento-a-difesa-dei-cittadini-vertice-in-prefettura-questa-mattina\\\/\",\"url\":\"https:\\\/\\\/www.bellunopress.it\\\/2019\\\/11\\\/14\\\/definito-un-piano-dintervento-a-difesa-dei-cittadini-vertice-in-prefettura-questa-mattina\\\/\",\"name\":\"Contrasto alle truffe: definito un piano d\u2019intervento a difesa dei cittadini. Vertice in Prefettura questa mattina\u00a0 - Bellunopress - Dolomiti\",\"isPartOf\":{\"@id\":\"https:\\\/\\\/www.bellunopress.it\\\/#website\"},\"primaryImageOfPage\":{\"@id\":\"https:\\\/\\\/www.bellunopress.it\\\/2019\\\/11\\\/14\\\/definito-un-piano-dintervento-a-difesa-dei-cittadini-vertice-in-prefettura-questa-mattina\\\/#primaryimage\"},\"image\":{\"@id\":\"https:\\\/\\\/www.bellunopress.it\\\/2019\\\/11\\\/14\\\/definito-un-piano-dintervento-a-difesa-dei-cittadini-vertice-in-prefettura-questa-mattina\\\/#primaryimage\"},\"thumbnailUrl\":\"http:\\\/\\\/www.bellunopress.it\\\/wp-content\\\/uploads\\\/2019\\\/11\\\/prefettura-protocollo-antitruffa.jpg\",\"datePublished\":\"2019-11-14T13:55:16+00:00\",\"dateModified\":\"2019-11-14T13:56:57+00:00\",\"breadcrumb\":{\"@id\":\"https:\\\/\\\/www.bellunopress.it\\\/2019\\\/11\\\/14\\\/definito-un-piano-dintervento-a-difesa-dei-cittadini-vertice-in-prefettura-questa-mattina\\\/#breadcrumb\"},\"inLanguage\":\"fr-FR\",\"potentialAction\":[{\"@type\":\"ReadAction\",\"target\":[\"https:\\\/\\\/www.bellunopress.it\\\/2019\\\/11\\\/14\\\/definito-un-piano-dintervento-a-difesa-dei-cittadini-vertice-in-prefettura-questa-mattina\\\/\"]}]},{\"@type\":\"ImageObject\",\"inLanguage\":\"fr-FR\",\"@id\":\"https:\\\/\\\/www.bellunopress.it\\\/2019\\\/11\\\/14\\\/definito-un-piano-dintervento-a-difesa-dei-cittadini-vertice-in-prefettura-questa-mattina\\\/#primaryimage\",\"url\":\"http:\\\/\\\/www.bellunopress.it\\\/wp-content\\\/uploads\\\/2019\\\/11\\\/prefettura-protocollo-antitruffa.jpg\",\"contentUrl\":\"http:\\\/\\\/www.bellunopress.it\\\/wp-content\\\/uploads\\\/2019\\\/11\\\/prefettura-protocollo-antitruffa.jpg\"},{\"@type\":\"BreadcrumbList\",\"@id\":\"https:\\\/\\\/www.bellunopress.it\\\/2019\\\/11\\\/14\\\/definito-un-piano-dintervento-a-difesa-dei-cittadini-vertice-in-prefettura-questa-mattina\\\/#breadcrumb\",\"itemListElement\":[{\"@type\":\"ListItem\",\"position\":1,\"name\":\"Home\",\"item\":\"https:\\\/\\\/www.bellunopress.it\\\/\"},{\"@type\":\"ListItem\",\"position\":2,\"name\":\"Contrasto alle truffe: definito un piano d\u2019intervento a difesa dei cittadini. Vertice in Prefettura questa mattina\u00a0\"}]},{\"@type\":\"WebSite\",\"@id\":\"https:\\\/\\\/www.bellunopress.it\\\/#website\",\"url\":\"https:\\\/\\\/www.bellunopress.it\\\/\",\"name\":\"Bellunopress - Dolomiti\",\"description\":\"e-mail: redazione@bellunopress.it\",\"publisher\":{\"@id\":\"https:\\\/\\\/www.bellunopress.it\\\/#organization\"},\"potentialAction\":[{\"@type\":\"SearchAction\",\"target\":{\"@type\":\"EntryPoint\",\"urlTemplate\":\"https:\\\/\\\/www.bellunopress.it\\\/?s={search_term_string}\"},\"query-input\":{\"@type\":\"PropertyValueSpecification\",\"valueRequired\":true,\"valueName\":\"search_term_string\"}}],\"inLanguage\":\"fr-FR\"},{\"@type\":\"Organization\",\"@id\":\"https:\\\/\\\/www.bellunopress.it\\\/#organization\",\"name\":\"Bellunopress\",\"url\":\"https:\\\/\\\/www.bellunopress.it\\\/\",\"logo\":{\"@type\":\"ImageObject\",\"inLanguage\":\"fr-FR\",\"@id\":\"https:\\\/\\\/www.bellunopress.it\\\/#\\\/schema\\\/logo\\\/image\\\/\",\"url\":\"https:\\\/\\\/www.bellunopress.it\\\/wp-content\\\/uploads\\\/2011\\\/05\\\/cropped-logo-bellunopress-.jpg\",\"contentUrl\":\"https:\\\/\\\/www.bellunopress.it\\\/wp-content\\\/uploads\\\/2011\\\/05\\\/cropped-logo-bellunopress-.jpg\",\"width\":512,\"height\":512,\"caption\":\"Bellunopress\"},\"image\":{\"@id\":\"https:\\\/\\\/www.bellunopress.it\\\/#\\\/schema\\\/logo\\\/image\\\/\"},\"sameAs\":[\"https:\\\/\\\/www.facebook.com\\\/profile.php?id=100008943462799\",\"https:\\\/\\\/x.com\\\/bellunopress\",\"https:\\\/\\\/www.linkedin.com\\\/hp\\\/?dnr=JBzUWaJfMUw8vbXJJ2tVW5-I3jZKvC4wsoxE&amp;amp;amp;amp;amp;amp;trk=nav_responsive_tab_home\",\"https:\\\/\\\/www.youtube.com\\\/channel\\\/UCxL0wu1uN0_3_7hGG0306cw\"]},{\"@type\":\"Person\",\"@id\":\"https:\\\/\\\/www.bellunopress.it\\\/#\\\/schema\\\/person\\\/79bb06722b37ece1c03d3e94beb30d73\",\"name\":\"redazione\",\"image\":{\"@type\":\"ImageObject\",\"inLanguage\":\"fr-FR\",\"@id\":\"https:\\\/\\\/secure.gravatar.com\\\/avatar\\\/37d968a2e67a6fd04c169c4bdef102d0bc5d31b2546345219e348575eb80e9a0?s=96&d=mm&r=g\",\"url\":\"https:\\\/\\\/secure.gravatar.com\\\/avatar\\\/37d968a2e67a6fd04c169c4bdef102d0bc5d31b2546345219e348575eb80e9a0?s=96&d=mm&r=g\",\"contentUrl\":\"https:\\\/\\\/secure.gravatar.com\\\/avatar\\\/37d968a2e67a6fd04c169c4bdef102d0bc5d31b2546345219e348575eb80e9a0?s=96&d=mm&r=g\",\"caption\":\"redazione\"},\"sameAs\":[\"http:\\\/\\\/www.bellunopress.it\",\"https:\\\/\\\/x.com\\\/bellunopress\"],\"url\":\"https:\\\/\\\/www.bellunopress.it\\\/fr\\\/author\\\/redazione\\\/\"}]}<\/script>\n<!-- \/ Yoast SEO plugin. -->","yoast_head_json":{"title":"Contrasto alle truffe: definito un piano d\u2019intervento a difesa dei cittadini. Vertice in Prefettura questa mattina\u00a0 - Bellunopress - Dolomiti","robots":{"index":"index","follow":"follow","max-snippet":"max-snippet:-1","max-image-preview":"max-image-preview:large","max-video-preview":"max-video-preview:-1"},"canonical":"https:\/\/www.bellunopress.it\/fr\/2019\/11\/14\/definito-un-piano-dintervento-a-difesa-dei-cittadini-vertice-in-prefettura-questa-mattina\/","og_locale":"fr_FR","og_type":"article","og_title":"Contrasto alle truffe: definito un piano d\u2019intervento a difesa dei cittadini. Vertice in Prefettura questa mattina\u00a0 - Bellunopress - Dolomiti","og_description":"Belluno, 14 novembre 2019 &#8211; Saper riconoscere un truffatore \u00e8 lo strumento pi\u00f9 efficace per difendersi dai raggiri. E\u2019 questo l\u2019obiettivo del piano multilivello per il contrasto alle truffe, elaborato dalla Prefettura in collaborazione con Forze dell\u2019Ordine, Provincia di Belluno, Camera di Commercio, ANAP, Ispettorato Territoriale del Lavoro, Inail, Agenzia delle Entrate, ULSS n. 1 [&hellip;]","og_url":"https:\/\/www.bellunopress.it\/fr\/2019\/11\/14\/definito-un-piano-dintervento-a-difesa-dei-cittadini-vertice-in-prefettura-questa-mattina\/","og_site_name":"Bellunopress - Dolomiti","article_publisher":"https:\/\/www.facebook.com\/profile.php?id=100008943462799","article_published_time":"2019-11-14T13:55:16+00:00","article_modified_time":"2019-11-14T13:56:57+00:00","og_image":[{"url":"http:\/\/www.bellunopress.it\/wp-content\/uploads\/2019\/11\/prefettura-protocollo-antitruffa.jpg","type":"","width":"","height":""}],"author":"redazione","twitter_card":"summary_large_image","twitter_creator":"@bellunopress","twitter_site":"@bellunopress","twitter_misc":{"Written by":"redazione","Est. reading time":"3 minutes"},"schema":{"@context":"https:\/\/schema.org","@graph":[{"@type":"Article","@id":"https:\/\/www.bellunopress.it\/2019\/11\/14\/definito-un-piano-dintervento-a-difesa-dei-cittadini-vertice-in-prefettura-questa-mattina\/#article","isPartOf":{"@id":"https:\/\/www.bellunopress.it\/2019\/11\/14\/definito-un-piano-dintervento-a-difesa-dei-cittadini-vertice-in-prefettura-questa-mattina\/"},"author":{"name":"redazione","@id":"https:\/\/www.bellunopress.it\/#\/schema\/person\/79bb06722b37ece1c03d3e94beb30d73"},"headline":"Contrasto alle truffe: definito un piano d\u2019intervento a difesa dei cittadini. Vertice in Prefettura questa mattina\u00a0","datePublished":"2019-11-14T13:55:16+00:00","dateModified":"2019-11-14T13:56:57+00:00","mainEntityOfPage":{"@id":"https:\/\/www.bellunopress.it\/2019\/11\/14\/definito-un-piano-dintervento-a-difesa-dei-cittadini-vertice-in-prefettura-questa-mattina\/"},"wordCount":701,"publisher":{"@id":"https:\/\/www.bellunopress.it\/#organization"},"image":{"@id":"https:\/\/www.bellunopress.it\/2019\/11\/14\/definito-un-piano-dintervento-a-difesa-dei-cittadini-vertice-in-prefettura-questa-mattina\/#primaryimage"},"thumbnailUrl":"http:\/\/www.bellunopress.it\/wp-content\/uploads\/2019\/11\/prefettura-protocollo-antitruffa.jpg","articleSection":["Lettere Opinioni"],"inLanguage":"fr-FR"},{"@type":"WebPage","@id":"https:\/\/www.bellunopress.it\/2019\/11\/14\/definito-un-piano-dintervento-a-difesa-dei-cittadini-vertice-in-prefettura-questa-mattina\/","url":"https:\/\/www.bellunopress.it\/2019\/11\/14\/definito-un-piano-dintervento-a-difesa-dei-cittadini-vertice-in-prefettura-questa-mattina\/","name":"Contrasto alle truffe: definito un piano d\u2019intervento a difesa dei cittadini. Vertice in Prefettura questa mattina\u00a0 - Bellunopress - Dolomiti","isPartOf":{"@id":"https:\/\/www.bellunopress.it\/#website"},"primaryImageOfPage":{"@id":"https:\/\/www.bellunopress.it\/2019\/11\/14\/definito-un-piano-dintervento-a-difesa-dei-cittadini-vertice-in-prefettura-questa-mattina\/#primaryimage"},"image":{"@id":"https:\/\/www.bellunopress.it\/2019\/11\/14\/definito-un-piano-dintervento-a-difesa-dei-cittadini-vertice-in-prefettura-questa-mattina\/#primaryimage"},"thumbnailUrl":"http:\/\/www.bellunopress.it\/wp-content\/uploads\/2019\/11\/prefettura-protocollo-antitruffa.jpg","datePublished":"2019-11-14T13:55:16+00:00","dateModified":"2019-11-14T13:56:57+00:00","breadcrumb":{"@id":"https:\/\/www.bellunopress.it\/2019\/11\/14\/definito-un-piano-dintervento-a-difesa-dei-cittadini-vertice-in-prefettura-questa-mattina\/#breadcrumb"},"inLanguage":"fr-FR","potentialAction":[{"@type":"ReadAction","target":["https:\/\/www.bellunopress.it\/2019\/11\/14\/definito-un-piano-dintervento-a-difesa-dei-cittadini-vertice-in-prefettura-questa-mattina\/"]}]},{"@type":"ImageObject","inLanguage":"fr-FR","@id":"https:\/\/www.bellunopress.it\/2019\/11\/14\/definito-un-piano-dintervento-a-difesa-dei-cittadini-vertice-in-prefettura-questa-mattina\/#primaryimage","url":"http:\/\/www.bellunopress.it\/wp-content\/uploads\/2019\/11\/prefettura-protocollo-antitruffa.jpg","contentUrl":"http:\/\/www.bellunopress.it\/wp-content\/uploads\/2019\/11\/prefettura-protocollo-antitruffa.jpg"},{"@type":"BreadcrumbList","@id":"https:\/\/www.bellunopress.it\/2019\/11\/14\/definito-un-piano-dintervento-a-difesa-dei-cittadini-vertice-in-prefettura-questa-mattina\/#breadcrumb","itemListElement":[{"@type":"ListItem","position":1,"name":"Home","item":"https:\/\/www.bellunopress.it\/"},{"@type":"ListItem","position":2,"name":"Contrasto alle truffe: definito un piano d\u2019intervento a difesa dei cittadini. Vertice in Prefettura questa mattina\u00a0"}]},{"@type":"WebSite","@id":"https:\/\/www.bellunopress.it\/#website","url":"https:\/\/www.bellunopress.it\/","name":"Bellunopress - Dolomiti","description":"e-mail: redazione@bellunopress.it","publisher":{"@id":"https:\/\/www.bellunopress.it\/#organization"},"potentialAction":[{"@type":"SearchAction","target":{"@type":"EntryPoint","urlTemplate":"https:\/\/www.bellunopress.it\/?s={search_term_string}"},"query-input":{"@type":"PropertyValueSpecification","valueRequired":true,"valueName":"search_term_string"}}],"inLanguage":"fr-FR"},{"@type":"Organization","@id":"https:\/\/www.bellunopress.it\/#organization","name":"Bellunopress","url":"https:\/\/www.bellunopress.it\/","logo":{"@type":"ImageObject","inLanguage":"fr-FR","@id":"https:\/\/www.bellunopress.it\/#\/schema\/logo\/image\/","url":"https:\/\/www.bellunopress.it\/wp-content\/uploads\/2011\/05\/cropped-logo-bellunopress-.jpg","contentUrl":"https:\/\/www.bellunopress.it\/wp-content\/uploads\/2011\/05\/cropped-logo-bellunopress-.jpg","width":512,"height":512,"caption":"Bellunopress"},"image":{"@id":"https:\/\/www.bellunopress.it\/#\/schema\/logo\/image\/"},"sameAs":["https:\/\/www.facebook.com\/profile.php?id=100008943462799","https:\/\/x.com\/bellunopress","https:\/\/www.linkedin.com\/hp\/?dnr=JBzUWaJfMUw8vbXJJ2tVW5-I3jZKvC4wsoxE&amp;amp;amp;amp;amp;amp;trk=nav_responsive_tab_home","https:\/\/www.youtube.com\/channel\/UCxL0wu1uN0_3_7hGG0306cw"]},{"@type":"Person","@id":"https:\/\/www.bellunopress.it\/#\/schema\/person\/79bb06722b37ece1c03d3e94beb30d73","name":"r\u00e9daction","image":{"@type":"ImageObject","inLanguage":"fr-FR","@id":"https:\/\/secure.gravatar.com\/avatar\/37d968a2e67a6fd04c169c4bdef102d0bc5d31b2546345219e348575eb80e9a0?s=96&d=mm&r=g","url":"https:\/\/secure.gravatar.com\/avatar\/37d968a2e67a6fd04c169c4bdef102d0bc5d31b2546345219e348575eb80e9a0?s=96&d=mm&r=g","contentUrl":"https:\/\/secure.gravatar.com\/avatar\/37d968a2e67a6fd04c169c4bdef102d0bc5d31b2546345219e348575eb80e9a0?s=96&d=mm&r=g","caption":"redazione"},"sameAs":["http:\/\/www.bellunopress.it","https:\/\/x.com\/bellunopress"],"url":"https:\/\/www.bellunopress.it\/fr\/author\/redazione\/"}]}},"_links":{"self":[{"href":"https:\/\/www.bellunopress.it\/fr\/wp-json\/wp\/v2\/posts\/109560","targetHints":{"allow":["GET"]}}],"collection":[{"href":"https:\/\/www.bellunopress.it\/fr\/wp-json\/wp\/v2\/posts"}],"about":[{"href":"https:\/\/www.bellunopress.it\/fr\/wp-json\/wp\/v2\/types\/post"}],"author":[{"embeddable":true,"href":"https:\/\/www.bellunopress.it\/fr\/wp-json\/wp\/v2\/users\/2"}],"replies":[{"embeddable":true,"href":"https:\/\/www.bellunopress.it\/fr\/wp-json\/wp\/v2\/comments?post=109560"}],"version-history":[{"count":3,"href":"https:\/\/www.bellunopress.it\/fr\/wp-json\/wp\/v2\/posts\/109560\/revisions"}],"predecessor-version":[{"id":109564,"href":"https:\/\/www.bellunopress.it\/fr\/wp-json\/wp\/v2\/posts\/109560\/revisions\/109564"}],"wp:attachment":[{"href":"https:\/\/www.bellunopress.it\/fr\/wp-json\/wp\/v2\/media?parent=109560"}],"wp:term":[{"taxonomy":"category","embeddable":true,"href":"https:\/\/www.bellunopress.it\/fr\/wp-json\/wp\/v2\/categories?post=109560"},{"taxonomy":"post_tag","embeddable":true,"href":"https:\/\/www.bellunopress.it\/fr\/wp-json\/wp\/v2\/tags?post=109560"}],"curies":[{"name":"wp","href":"https:\/\/api.w.org\/{rel}","templated":true}]}}