{"id":109556,"date":"2019-11-14T14:42:12","date_gmt":"2019-11-14T13:42:12","guid":{"rendered":"http:\/\/www.bellunopress.it\/?p=109556"},"modified":"2019-11-14T14:58:28","modified_gmt":"2019-11-14T13:58:28","slug":"il-mose-e-unopera-superata-che-avra-un-impatto-controproducente-sara-il-colpo-di-grazia-per-venezia-cosi-silvia-benedetti-alla-camera-dei-deputati-insieme-a-sara-cunial","status":"publish","type":"post","link":"https:\/\/www.bellunopress.it\/fr\/2019\/11\/14\/il-mose-e-unopera-superata-che-avra-un-impatto-controproducente-sara-il-colpo-di-grazia-per-venezia-cosi-silvia-benedetti-alla-camera-dei-deputati-insieme-a-sara-cunial\/","title":{"rendered":"&#8220;Il Mose \u00e8 un&#8217;opera superata che avr\u00e0 un impatto controproducente: sar\u00e0 il colpo di grazia per Venezia&#8221; cos\u00ec Silvia Benedetti alla Camera dei deputati insieme a Sara Cunial"},"content":{"rendered":"<figure id=\"attachment_88036\" aria-describedby=\"caption-attachment-88036\" style=\"width: 165px\" class=\"wp-caption alignleft\"><a href=\"http:\/\/www.bellunopress.it\/fr\/2017\/07\/27\/vitalizi-silvia-benedetti-un-passo-avanti-per-rivedere-privilegi-antistorici-e-anacronistici\/silvia-benedetti-2\/\" rel=\"attachment wp-att-88036\"><img loading=\"lazy\" decoding=\"async\" class=\"size-full wp-image-88036\" src=\"http:\/\/www.bellunopress.it\/wp-content\/uploads\/2017\/07\/silvia-benedetti.jpg\" alt=\"\" width=\"165\" height=\"228\" \/><\/a><figcaption id=\"caption-attachment-88036\" class=\"wp-caption-text\">Silvia Benedetti, deputato<\/figcaption><\/figure>\n<p>&#8220;innanzitutto esprimo la mia vicinanza a tutti i veneziani che la notte passata ed oggi hanno avuto a che fare con un&#8217;acqua alta eccezionale, penso che ciascuno di noi abbia visto le immagini. In secondo luogo, mi stupisco di sentire colleghi di tutti gli schieramenti politici che ancora sostengono che bisogna completare il Mose, con un atteggiamento irresponsabile.&#8221;<\/p>\n<p>Inizia in questo modo l&#8217;intervento del 13 novembre alla Camera dei deputati della portavoce Silvia Benedetti. La Deputata, assieme alla collega Sara Cunial, non \u00e8 solo preoccupata del fattore corruzione, che ha portato alla lievitazione dei costi dell&#8217;opera, passati dai 2 miliardi preventivati ai quasi 7 miliardi una volta ultimata, ma anche dagli effetti nefasti del Mose sulla laguna.<\/p>\n<p>&#8220;\u00c8 incredibile come l&#8217;impatto biologico fosse gi\u00e0 intuibile quando frequentavo l&#8217;Universit\u00e0: stavo preparando la mia tesi di laurea in biologia marina e gi\u00e0 era evidente che l&#8217;opera avrebbe causato problemi a fauna e flora della laguna di Venezia&#8221;.<\/p>\n<figure id=\"attachment_109557\" aria-describedby=\"caption-attachment-109557\" style=\"width: 165px\" class=\"wp-caption alignleft\"><a href=\"http:\/\/www.bellunopress.it\/fr\/2019\/11\/14\/il-mose-e-unopera-superata-che-avra-un-impatto-controproducente-sara-il-colpo-di-grazia-per-venezia-cosi-silvia-benedetti-alla-camera-dei-deputati-insieme-a-sara-cunial\/sara-cunial\/\" rel=\"attachment wp-att-109557\"><img loading=\"lazy\" decoding=\"async\" class=\"size-full wp-image-109557\" src=\"http:\/\/www.bellunopress.it\/wp-content\/uploads\/2019\/11\/Sara-Cunial.jpg\" alt=\"\" width=\"165\" height=\"228\" \/><\/a><figcaption id=\"caption-attachment-109557\" class=\"wp-caption-text\">Sara Cunial, deputato<\/figcaption><\/figure>\n<p>Le deputate Benedetti e Cunial continuano: &#8220;In seguito \u00e8 divenuto evidente l&#8217;impatto idraulico ed idrodinamico dell&#8217;opera. Questo perch\u00e9 il Mose, invece che proteggere la laguna di Venezia, la svuota dei sedimenti e la rende ancora di pi\u00f9 dominio delle acque marine. Assieme ai canali navigabili ed all&#8217;eccessiva navigazione, il Mose quindi fa affondare ancora di pi\u00f9 la laguna. Gli interventi cui si dovrebbe pensare senza ulteriori ritardi sono quelli che vanno a favorire la risedimentazione della Laguna.<\/p>\n<p>Il Mose inoltre \u00e8 un&#8217;opera superata in quanto prevista per i livelli di acqua alta di 30 anni fa, ma che potr\u00e0 fare ben poco contro le maree come quella di marted\u00ec. Occorre comprendere che eventi come quelli di marted\u00ec sono purtroppo destinati a diventare la normalit\u00e0 e potrebbero rendere Venezia la nuova Atlantide. Rinnegare i cambiamenti climatici sempre pi\u00f9 evidenti come fa Zaia, oppure chiedere di scavare i canali per far passare le grandi navi per la laguna come Brugnaro e poi parlare di tragedia sono evidenti sintomi di distacco dalla realt\u00e0, quasi al limite della dissonanza cognitiva&#8221;, termina Benedetti.<\/p>\n<p>&#8220;Occorrono politiche ambientali incisive ed immediate, perch\u00e9 il pianeta \u00e8 sull&#8217;orlo del collasso e se non si interverr\u00e0 tra le prime citt\u00e0 mondiali a soccombere vi sar\u00e0 proprio Venezia&#8221;.<\/p>","protected":false},"excerpt":{"rendered":"<p>&#8220;innanzitutto esprimo la mia vicinanza a tutti i veneziani che la notte passata ed oggi hanno avuto a che fare con un&#8217;acqua alta eccezionale, penso che ciascuno di noi abbia visto le immagini. In secondo luogo, mi stupisco di sentire colleghi di tutti gli schieramenti politici che ancora sostengono che bisogna completare il Mose, con [&hellip;]<\/p>\n","protected":false},"author":2,"featured_media":0,"comment_status":"closed","ping_status":"open","sticky":false,"template":"","format":"standard","meta":{"footnotes":""},"categories":[5,26],"tags":[],"class_list":["post-109556","post","type-post","status-publish","format-standard","category-cronaca","category-prima-pagina"],"yoast_head":"<!-- This site is optimized with the Yoast SEO plugin v28.4 - https:\/\/yoast.com\/product\/yoast-seo-wordpress\/ -->\n<title>&quot;Il Mose \u00e8 un&#039;opera superata che avr\u00e0 un impatto controproducente: sar\u00e0 il colpo di grazia per Venezia&quot; cos\u00ec Silvia Benedetti alla Camera dei deputati insieme a Sara Cunial - Bellunopress - Dolomiti<\/title>\n<meta name=\"robots\" content=\"index, follow, max-snippet:-1, max-image-preview:large, max-video-preview:-1\" \/>\n<link rel=\"canonical\" href=\"https:\/\/www.bellunopress.it\/fr\/2019\/11\/14\/il-mose-e-unopera-superata-che-avra-un-impatto-controproducente-sara-il-colpo-di-grazia-per-venezia-cosi-silvia-benedetti-alla-camera-dei-deputati-insieme-a-sara-cunial\/\" \/>\n<meta property=\"og:locale\" content=\"fr_FR\" \/>\n<meta property=\"og:type\" content=\"article\" \/>\n<meta property=\"og:title\" content=\"&quot;Il Mose \u00e8 un&#039;opera superata che avr\u00e0 un impatto controproducente: sar\u00e0 il colpo di grazia per Venezia&quot; cos\u00ec Silvia Benedetti alla Camera dei deputati insieme a Sara Cunial - Bellunopress - Dolomiti\" \/>\n<meta property=\"og:description\" content=\"&#8220;innanzitutto esprimo la mia vicinanza a tutti i veneziani che la notte passata ed oggi hanno avuto a che fare con un&#8217;acqua alta eccezionale, penso che ciascuno di noi abbia visto le immagini. In secondo luogo, mi stupisco di sentire colleghi di tutti gli schieramenti politici che ancora sostengono che bisogna completare il Mose, con [&hellip;]\" \/>\n<meta property=\"og:url\" content=\"https:\/\/www.bellunopress.it\/fr\/2019\/11\/14\/il-mose-e-unopera-superata-che-avra-un-impatto-controproducente-sara-il-colpo-di-grazia-per-venezia-cosi-silvia-benedetti-alla-camera-dei-deputati-insieme-a-sara-cunial\/\" \/>\n<meta property=\"og:site_name\" content=\"Bellunopress - Dolomiti\" \/>\n<meta property=\"article:publisher\" content=\"https:\/\/www.facebook.com\/profile.php?id=100008943462799\" \/>\n<meta property=\"article:published_time\" content=\"2019-11-14T13:42:12+00:00\" \/>\n<meta property=\"article:modified_time\" content=\"2019-11-14T13:58:28+00:00\" \/>\n<meta property=\"og:image\" content=\"http:\/\/www.bellunopress.it\/wp-content\/uploads\/2017\/07\/silvia-benedetti.jpg\" \/>\n<meta name=\"author\" content=\"redazione\" \/>\n<meta name=\"twitter:card\" content=\"summary_large_image\" \/>\n<meta name=\"twitter:creator\" content=\"@bellunopress\" \/>\n<meta name=\"twitter:site\" content=\"@bellunopress\" \/>\n<meta name=\"twitter:label1\" content=\"Written by\" \/>\n\t<meta name=\"twitter:data1\" content=\"redazione\" \/>\n\t<meta name=\"twitter:label2\" content=\"Est. reading time\" \/>\n\t<meta name=\"twitter:data2\" content=\"2 minutes\" \/>\n<script type=\"application\/ld+json\" class=\"yoast-schema-graph\">{\"@context\":\"https:\\\/\\\/schema.org\",\"@graph\":[{\"@type\":\"Article\",\"@id\":\"https:\\\/\\\/www.bellunopress.it\\\/2019\\\/11\\\/14\\\/il-mose-e-unopera-superata-che-avra-un-impatto-controproducente-sara-il-colpo-di-grazia-per-venezia-cosi-silvia-benedetti-alla-camera-dei-deputati-insieme-a-sara-cunial\\\/#article\",\"isPartOf\":{\"@id\":\"https:\\\/\\\/www.bellunopress.it\\\/2019\\\/11\\\/14\\\/il-mose-e-unopera-superata-che-avra-un-impatto-controproducente-sara-il-colpo-di-grazia-per-venezia-cosi-silvia-benedetti-alla-camera-dei-deputati-insieme-a-sara-cunial\\\/\"},\"author\":{\"name\":\"redazione\",\"@id\":\"https:\\\/\\\/www.bellunopress.it\\\/#\\\/schema\\\/person\\\/79bb06722b37ece1c03d3e94beb30d73\"},\"headline\":\"&#8220;Il Mose \u00e8 un&#8217;opera superata che avr\u00e0 un impatto controproducente: sar\u00e0 il colpo di grazia per Venezia&#8221; cos\u00ec Silvia Benedetti alla Camera dei deputati insieme a Sara Cunial\",\"datePublished\":\"2019-11-14T13:42:12+00:00\",\"dateModified\":\"2019-11-14T13:58:28+00:00\",\"mainEntityOfPage\":{\"@id\":\"https:\\\/\\\/www.bellunopress.it\\\/2019\\\/11\\\/14\\\/il-mose-e-unopera-superata-che-avra-un-impatto-controproducente-sara-il-colpo-di-grazia-per-venezia-cosi-silvia-benedetti-alla-camera-dei-deputati-insieme-a-sara-cunial\\\/\"},\"wordCount\":412,\"publisher\":{\"@id\":\"https:\\\/\\\/www.bellunopress.it\\\/#organization\"},\"image\":{\"@id\":\"https:\\\/\\\/www.bellunopress.it\\\/2019\\\/11\\\/14\\\/il-mose-e-unopera-superata-che-avra-un-impatto-controproducente-sara-il-colpo-di-grazia-per-venezia-cosi-silvia-benedetti-alla-camera-dei-deputati-insieme-a-sara-cunial\\\/#primaryimage\"},\"thumbnailUrl\":\"http:\\\/\\\/www.bellunopress.it\\\/wp-content\\\/uploads\\\/2017\\\/07\\\/silvia-benedetti.jpg\",\"articleSection\":[\"Cronaca\\\/Politica\",\"Prima Pagina\"],\"inLanguage\":\"fr-FR\"},{\"@type\":\"WebPage\",\"@id\":\"https:\\\/\\\/www.bellunopress.it\\\/2019\\\/11\\\/14\\\/il-mose-e-unopera-superata-che-avra-un-impatto-controproducente-sara-il-colpo-di-grazia-per-venezia-cosi-silvia-benedetti-alla-camera-dei-deputati-insieme-a-sara-cunial\\\/\",\"url\":\"https:\\\/\\\/www.bellunopress.it\\\/2019\\\/11\\\/14\\\/il-mose-e-unopera-superata-che-avra-un-impatto-controproducente-sara-il-colpo-di-grazia-per-venezia-cosi-silvia-benedetti-alla-camera-dei-deputati-insieme-a-sara-cunial\\\/\",\"name\":\"\\\"Il Mose \u00e8 un'opera superata che avr\u00e0 un impatto controproducente: sar\u00e0 il colpo di grazia per Venezia\\\" cos\u00ec Silvia Benedetti alla Camera dei deputati insieme a Sara Cunial - Bellunopress - Dolomiti\",\"isPartOf\":{\"@id\":\"https:\\\/\\\/www.bellunopress.it\\\/#website\"},\"primaryImageOfPage\":{\"@id\":\"https:\\\/\\\/www.bellunopress.it\\\/2019\\\/11\\\/14\\\/il-mose-e-unopera-superata-che-avra-un-impatto-controproducente-sara-il-colpo-di-grazia-per-venezia-cosi-silvia-benedetti-alla-camera-dei-deputati-insieme-a-sara-cunial\\\/#primaryimage\"},\"image\":{\"@id\":\"https:\\\/\\\/www.bellunopress.it\\\/2019\\\/11\\\/14\\\/il-mose-e-unopera-superata-che-avra-un-impatto-controproducente-sara-il-colpo-di-grazia-per-venezia-cosi-silvia-benedetti-alla-camera-dei-deputati-insieme-a-sara-cunial\\\/#primaryimage\"},\"thumbnailUrl\":\"http:\\\/\\\/www.bellunopress.it\\\/wp-content\\\/uploads\\\/2017\\\/07\\\/silvia-benedetti.jpg\",\"datePublished\":\"2019-11-14T13:42:12+00:00\",\"dateModified\":\"2019-11-14T13:58:28+00:00\",\"breadcrumb\":{\"@id\":\"https:\\\/\\\/www.bellunopress.it\\\/2019\\\/11\\\/14\\\/il-mose-e-unopera-superata-che-avra-un-impatto-controproducente-sara-il-colpo-di-grazia-per-venezia-cosi-silvia-benedetti-alla-camera-dei-deputati-insieme-a-sara-cunial\\\/#breadcrumb\"},\"inLanguage\":\"fr-FR\",\"potentialAction\":[{\"@type\":\"ReadAction\",\"target\":[\"https:\\\/\\\/www.bellunopress.it\\\/2019\\\/11\\\/14\\\/il-mose-e-unopera-superata-che-avra-un-impatto-controproducente-sara-il-colpo-di-grazia-per-venezia-cosi-silvia-benedetti-alla-camera-dei-deputati-insieme-a-sara-cunial\\\/\"]}]},{\"@type\":\"ImageObject\",\"inLanguage\":\"fr-FR\",\"@id\":\"https:\\\/\\\/www.bellunopress.it\\\/2019\\\/11\\\/14\\\/il-mose-e-unopera-superata-che-avra-un-impatto-controproducente-sara-il-colpo-di-grazia-per-venezia-cosi-silvia-benedetti-alla-camera-dei-deputati-insieme-a-sara-cunial\\\/#primaryimage\",\"url\":\"http:\\\/\\\/www.bellunopress.it\\\/wp-content\\\/uploads\\\/2017\\\/07\\\/silvia-benedetti.jpg\",\"contentUrl\":\"http:\\\/\\\/www.bellunopress.it\\\/wp-content\\\/uploads\\\/2017\\\/07\\\/silvia-benedetti.jpg\"},{\"@type\":\"BreadcrumbList\",\"@id\":\"https:\\\/\\\/www.bellunopress.it\\\/2019\\\/11\\\/14\\\/il-mose-e-unopera-superata-che-avra-un-impatto-controproducente-sara-il-colpo-di-grazia-per-venezia-cosi-silvia-benedetti-alla-camera-dei-deputati-insieme-a-sara-cunial\\\/#breadcrumb\",\"itemListElement\":[{\"@type\":\"ListItem\",\"position\":1,\"name\":\"Home\",\"item\":\"https:\\\/\\\/www.bellunopress.it\\\/\"},{\"@type\":\"ListItem\",\"position\":2,\"name\":\"&#8220;Il Mose \u00e8 un&#8217;opera superata che avr\u00e0 un impatto controproducente: sar\u00e0 il colpo di grazia per Venezia&#8221; cos\u00ec Silvia Benedetti alla Camera dei deputati insieme a Sara Cunial\"}]},{\"@type\":\"WebSite\",\"@id\":\"https:\\\/\\\/www.bellunopress.it\\\/#website\",\"url\":\"https:\\\/\\\/www.bellunopress.it\\\/\",\"name\":\"Bellunopress - Dolomiti\",\"description\":\"e-mail: redazione@bellunopress.it\",\"publisher\":{\"@id\":\"https:\\\/\\\/www.bellunopress.it\\\/#organization\"},\"potentialAction\":[{\"@type\":\"SearchAction\",\"target\":{\"@type\":\"EntryPoint\",\"urlTemplate\":\"https:\\\/\\\/www.bellunopress.it\\\/?s={search_term_string}\"},\"query-input\":{\"@type\":\"PropertyValueSpecification\",\"valueRequired\":true,\"valueName\":\"search_term_string\"}}],\"inLanguage\":\"fr-FR\"},{\"@type\":\"Organization\",\"@id\":\"https:\\\/\\\/www.bellunopress.it\\\/#organization\",\"name\":\"Bellunopress\",\"url\":\"https:\\\/\\\/www.bellunopress.it\\\/\",\"logo\":{\"@type\":\"ImageObject\",\"inLanguage\":\"fr-FR\",\"@id\":\"https:\\\/\\\/www.bellunopress.it\\\/#\\\/schema\\\/logo\\\/image\\\/\",\"url\":\"https:\\\/\\\/www.bellunopress.it\\\/wp-content\\\/uploads\\\/2011\\\/05\\\/cropped-logo-bellunopress-.jpg\",\"contentUrl\":\"https:\\\/\\\/www.bellunopress.it\\\/wp-content\\\/uploads\\\/2011\\\/05\\\/cropped-logo-bellunopress-.jpg\",\"width\":512,\"height\":512,\"caption\":\"Bellunopress\"},\"image\":{\"@id\":\"https:\\\/\\\/www.bellunopress.it\\\/#\\\/schema\\\/logo\\\/image\\\/\"},\"sameAs\":[\"https:\\\/\\\/www.facebook.com\\\/profile.php?id=100008943462799\",\"https:\\\/\\\/x.com\\\/bellunopress\",\"https:\\\/\\\/www.linkedin.com\\\/hp\\\/?dnr=JBzUWaJfMUw8vbXJJ2tVW5-I3jZKvC4wsoxE&amp;amp;amp;amp;amp;amp;trk=nav_responsive_tab_home\",\"https:\\\/\\\/www.youtube.com\\\/channel\\\/UCxL0wu1uN0_3_7hGG0306cw\"]},{\"@type\":\"Person\",\"@id\":\"https:\\\/\\\/www.bellunopress.it\\\/#\\\/schema\\\/person\\\/79bb06722b37ece1c03d3e94beb30d73\",\"name\":\"redazione\",\"image\":{\"@type\":\"ImageObject\",\"inLanguage\":\"fr-FR\",\"@id\":\"https:\\\/\\\/secure.gravatar.com\\\/avatar\\\/37d968a2e67a6fd04c169c4bdef102d0bc5d31b2546345219e348575eb80e9a0?s=96&d=mm&r=g\",\"url\":\"https:\\\/\\\/secure.gravatar.com\\\/avatar\\\/37d968a2e67a6fd04c169c4bdef102d0bc5d31b2546345219e348575eb80e9a0?s=96&d=mm&r=g\",\"contentUrl\":\"https:\\\/\\\/secure.gravatar.com\\\/avatar\\\/37d968a2e67a6fd04c169c4bdef102d0bc5d31b2546345219e348575eb80e9a0?s=96&d=mm&r=g\",\"caption\":\"redazione\"},\"sameAs\":[\"http:\\\/\\\/www.bellunopress.it\",\"https:\\\/\\\/x.com\\\/bellunopress\"],\"url\":\"https:\\\/\\\/www.bellunopress.it\\\/fr\\\/author\\\/redazione\\\/\"}]}<\/script>\n<!-- \/ Yoast SEO plugin. -->","yoast_head_json":{"title":"\"Il Mose \u00e8 un'opera superata che avr\u00e0 un impatto controproducente: sar\u00e0 il colpo di grazia per Venezia\" cos\u00ec Silvia Benedetti alla Camera dei deputati insieme a Sara Cunial - Bellunopress - Dolomiti","robots":{"index":"index","follow":"follow","max-snippet":"max-snippet:-1","max-image-preview":"max-image-preview:large","max-video-preview":"max-video-preview:-1"},"canonical":"https:\/\/www.bellunopress.it\/fr\/2019\/11\/14\/il-mose-e-unopera-superata-che-avra-un-impatto-controproducente-sara-il-colpo-di-grazia-per-venezia-cosi-silvia-benedetti-alla-camera-dei-deputati-insieme-a-sara-cunial\/","og_locale":"fr_FR","og_type":"article","og_title":"\"Il Mose \u00e8 un'opera superata che avr\u00e0 un impatto controproducente: sar\u00e0 il colpo di grazia per Venezia\" cos\u00ec Silvia Benedetti alla Camera dei deputati insieme a Sara Cunial - Bellunopress - Dolomiti","og_description":"&#8220;innanzitutto esprimo la mia vicinanza a tutti i veneziani che la notte passata ed oggi hanno avuto a che fare con un&#8217;acqua alta eccezionale, penso che ciascuno di noi abbia visto le immagini. In secondo luogo, mi stupisco di sentire colleghi di tutti gli schieramenti politici che ancora sostengono che bisogna completare il Mose, con [&hellip;]","og_url":"https:\/\/www.bellunopress.it\/fr\/2019\/11\/14\/il-mose-e-unopera-superata-che-avra-un-impatto-controproducente-sara-il-colpo-di-grazia-per-venezia-cosi-silvia-benedetti-alla-camera-dei-deputati-insieme-a-sara-cunial\/","og_site_name":"Bellunopress - Dolomiti","article_publisher":"https:\/\/www.facebook.com\/profile.php?id=100008943462799","article_published_time":"2019-11-14T13:42:12+00:00","article_modified_time":"2019-11-14T13:58:28+00:00","og_image":[{"url":"http:\/\/www.bellunopress.it\/wp-content\/uploads\/2017\/07\/silvia-benedetti.jpg","type":"","width":"","height":""}],"author":"redazione","twitter_card":"summary_large_image","twitter_creator":"@bellunopress","twitter_site":"@bellunopress","twitter_misc":{"Written by":"redazione","Est. reading time":"2 minutes"},"schema":{"@context":"https:\/\/schema.org","@graph":[{"@type":"Article","@id":"https:\/\/www.bellunopress.it\/2019\/11\/14\/il-mose-e-unopera-superata-che-avra-un-impatto-controproducente-sara-il-colpo-di-grazia-per-venezia-cosi-silvia-benedetti-alla-camera-dei-deputati-insieme-a-sara-cunial\/#article","isPartOf":{"@id":"https:\/\/www.bellunopress.it\/2019\/11\/14\/il-mose-e-unopera-superata-che-avra-un-impatto-controproducente-sara-il-colpo-di-grazia-per-venezia-cosi-silvia-benedetti-alla-camera-dei-deputati-insieme-a-sara-cunial\/"},"author":{"name":"redazione","@id":"https:\/\/www.bellunopress.it\/#\/schema\/person\/79bb06722b37ece1c03d3e94beb30d73"},"headline":"&#8220;Il Mose \u00e8 un&#8217;opera superata che avr\u00e0 un impatto controproducente: sar\u00e0 il colpo di grazia per Venezia&#8221; cos\u00ec Silvia Benedetti alla Camera dei deputati insieme a Sara Cunial","datePublished":"2019-11-14T13:42:12+00:00","dateModified":"2019-11-14T13:58:28+00:00","mainEntityOfPage":{"@id":"https:\/\/www.bellunopress.it\/2019\/11\/14\/il-mose-e-unopera-superata-che-avra-un-impatto-controproducente-sara-il-colpo-di-grazia-per-venezia-cosi-silvia-benedetti-alla-camera-dei-deputati-insieme-a-sara-cunial\/"},"wordCount":412,"publisher":{"@id":"https:\/\/www.bellunopress.it\/#organization"},"image":{"@id":"https:\/\/www.bellunopress.it\/2019\/11\/14\/il-mose-e-unopera-superata-che-avra-un-impatto-controproducente-sara-il-colpo-di-grazia-per-venezia-cosi-silvia-benedetti-alla-camera-dei-deputati-insieme-a-sara-cunial\/#primaryimage"},"thumbnailUrl":"http:\/\/www.bellunopress.it\/wp-content\/uploads\/2017\/07\/silvia-benedetti.jpg","articleSection":["Cronaca\/Politica","Prima Pagina"],"inLanguage":"fr-FR"},{"@type":"WebPage","@id":"https:\/\/www.bellunopress.it\/2019\/11\/14\/il-mose-e-unopera-superata-che-avra-un-impatto-controproducente-sara-il-colpo-di-grazia-per-venezia-cosi-silvia-benedetti-alla-camera-dei-deputati-insieme-a-sara-cunial\/","url":"https:\/\/www.bellunopress.it\/2019\/11\/14\/il-mose-e-unopera-superata-che-avra-un-impatto-controproducente-sara-il-colpo-di-grazia-per-venezia-cosi-silvia-benedetti-alla-camera-dei-deputati-insieme-a-sara-cunial\/","name":"\"Il Mose \u00e8 un'opera superata che avr\u00e0 un impatto controproducente: sar\u00e0 il colpo di grazia per Venezia\" cos\u00ec Silvia Benedetti alla Camera dei deputati insieme a Sara Cunial - Bellunopress - Dolomiti","isPartOf":{"@id":"https:\/\/www.bellunopress.it\/#website"},"primaryImageOfPage":{"@id":"https:\/\/www.bellunopress.it\/2019\/11\/14\/il-mose-e-unopera-superata-che-avra-un-impatto-controproducente-sara-il-colpo-di-grazia-per-venezia-cosi-silvia-benedetti-alla-camera-dei-deputati-insieme-a-sara-cunial\/#primaryimage"},"image":{"@id":"https:\/\/www.bellunopress.it\/2019\/11\/14\/il-mose-e-unopera-superata-che-avra-un-impatto-controproducente-sara-il-colpo-di-grazia-per-venezia-cosi-silvia-benedetti-alla-camera-dei-deputati-insieme-a-sara-cunial\/#primaryimage"},"thumbnailUrl":"http:\/\/www.bellunopress.it\/wp-content\/uploads\/2017\/07\/silvia-benedetti.jpg","datePublished":"2019-11-14T13:42:12+00:00","dateModified":"2019-11-14T13:58:28+00:00","breadcrumb":{"@id":"https:\/\/www.bellunopress.it\/2019\/11\/14\/il-mose-e-unopera-superata-che-avra-un-impatto-controproducente-sara-il-colpo-di-grazia-per-venezia-cosi-silvia-benedetti-alla-camera-dei-deputati-insieme-a-sara-cunial\/#breadcrumb"},"inLanguage":"fr-FR","potentialAction":[{"@type":"ReadAction","target":["https:\/\/www.bellunopress.it\/2019\/11\/14\/il-mose-e-unopera-superata-che-avra-un-impatto-controproducente-sara-il-colpo-di-grazia-per-venezia-cosi-silvia-benedetti-alla-camera-dei-deputati-insieme-a-sara-cunial\/"]}]},{"@type":"ImageObject","inLanguage":"fr-FR","@id":"https:\/\/www.bellunopress.it\/2019\/11\/14\/il-mose-e-unopera-superata-che-avra-un-impatto-controproducente-sara-il-colpo-di-grazia-per-venezia-cosi-silvia-benedetti-alla-camera-dei-deputati-insieme-a-sara-cunial\/#primaryimage","url":"http:\/\/www.bellunopress.it\/wp-content\/uploads\/2017\/07\/silvia-benedetti.jpg","contentUrl":"http:\/\/www.bellunopress.it\/wp-content\/uploads\/2017\/07\/silvia-benedetti.jpg"},{"@type":"BreadcrumbList","@id":"https:\/\/www.bellunopress.it\/2019\/11\/14\/il-mose-e-unopera-superata-che-avra-un-impatto-controproducente-sara-il-colpo-di-grazia-per-venezia-cosi-silvia-benedetti-alla-camera-dei-deputati-insieme-a-sara-cunial\/#breadcrumb","itemListElement":[{"@type":"ListItem","position":1,"name":"Home","item":"https:\/\/www.bellunopress.it\/"},{"@type":"ListItem","position":2,"name":"&#8220;Il Mose \u00e8 un&#8217;opera superata che avr\u00e0 un impatto controproducente: sar\u00e0 il colpo di grazia per Venezia&#8221; cos\u00ec Silvia Benedetti alla Camera dei deputati insieme a Sara Cunial"}]},{"@type":"WebSite","@id":"https:\/\/www.bellunopress.it\/#website","url":"https:\/\/www.bellunopress.it\/","name":"Bellunopress - Dolomiti","description":"e-mail: redazione@bellunopress.it","publisher":{"@id":"https:\/\/www.bellunopress.it\/#organization"},"potentialAction":[{"@type":"SearchAction","target":{"@type":"EntryPoint","urlTemplate":"https:\/\/www.bellunopress.it\/?s={search_term_string}"},"query-input":{"@type":"PropertyValueSpecification","valueRequired":true,"valueName":"search_term_string"}}],"inLanguage":"fr-FR"},{"@type":"Organization","@id":"https:\/\/www.bellunopress.it\/#organization","name":"Bellunopress","url":"https:\/\/www.bellunopress.it\/","logo":{"@type":"ImageObject","inLanguage":"fr-FR","@id":"https:\/\/www.bellunopress.it\/#\/schema\/logo\/image\/","url":"https:\/\/www.bellunopress.it\/wp-content\/uploads\/2011\/05\/cropped-logo-bellunopress-.jpg","contentUrl":"https:\/\/www.bellunopress.it\/wp-content\/uploads\/2011\/05\/cropped-logo-bellunopress-.jpg","width":512,"height":512,"caption":"Bellunopress"},"image":{"@id":"https:\/\/www.bellunopress.it\/#\/schema\/logo\/image\/"},"sameAs":["https:\/\/www.facebook.com\/profile.php?id=100008943462799","https:\/\/x.com\/bellunopress","https:\/\/www.linkedin.com\/hp\/?dnr=JBzUWaJfMUw8vbXJJ2tVW5-I3jZKvC4wsoxE&amp;amp;amp;amp;amp;amp;trk=nav_responsive_tab_home","https:\/\/www.youtube.com\/channel\/UCxL0wu1uN0_3_7hGG0306cw"]},{"@type":"Person","@id":"https:\/\/www.bellunopress.it\/#\/schema\/person\/79bb06722b37ece1c03d3e94beb30d73","name":"r\u00e9daction","image":{"@type":"ImageObject","inLanguage":"fr-FR","@id":"https:\/\/secure.gravatar.com\/avatar\/37d968a2e67a6fd04c169c4bdef102d0bc5d31b2546345219e348575eb80e9a0?s=96&d=mm&r=g","url":"https:\/\/secure.gravatar.com\/avatar\/37d968a2e67a6fd04c169c4bdef102d0bc5d31b2546345219e348575eb80e9a0?s=96&d=mm&r=g","contentUrl":"https:\/\/secure.gravatar.com\/avatar\/37d968a2e67a6fd04c169c4bdef102d0bc5d31b2546345219e348575eb80e9a0?s=96&d=mm&r=g","caption":"redazione"},"sameAs":["http:\/\/www.bellunopress.it","https:\/\/x.com\/bellunopress"],"url":"https:\/\/www.bellunopress.it\/fr\/author\/redazione\/"}]}},"_links":{"self":[{"href":"https:\/\/www.bellunopress.it\/fr\/wp-json\/wp\/v2\/posts\/109556","targetHints":{"allow":["GET"]}}],"collection":[{"href":"https:\/\/www.bellunopress.it\/fr\/wp-json\/wp\/v2\/posts"}],"about":[{"href":"https:\/\/www.bellunopress.it\/fr\/wp-json\/wp\/v2\/types\/post"}],"author":[{"embeddable":true,"href":"https:\/\/www.bellunopress.it\/fr\/wp-json\/wp\/v2\/users\/2"}],"replies":[{"embeddable":true,"href":"https:\/\/www.bellunopress.it\/fr\/wp-json\/wp\/v2\/comments?post=109556"}],"version-history":[{"count":2,"href":"https:\/\/www.bellunopress.it\/fr\/wp-json\/wp\/v2\/posts\/109556\/revisions"}],"predecessor-version":[{"id":109559,"href":"https:\/\/www.bellunopress.it\/fr\/wp-json\/wp\/v2\/posts\/109556\/revisions\/109559"}],"wp:attachment":[{"href":"https:\/\/www.bellunopress.it\/fr\/wp-json\/wp\/v2\/media?parent=109556"}],"wp:term":[{"taxonomy":"category","embeddable":true,"href":"https:\/\/www.bellunopress.it\/fr\/wp-json\/wp\/v2\/categories?post=109556"},{"taxonomy":"post_tag","embeddable":true,"href":"https:\/\/www.bellunopress.it\/fr\/wp-json\/wp\/v2\/tags?post=109556"}],"curies":[{"name":"wp","href":"https:\/\/api.w.org\/{rel}","templated":true}]}}