{"id":109554,"date":"2019-11-14T14:32:34","date_gmt":"2019-11-14T13:32:34","guid":{"rendered":"http:\/\/www.bellunopress.it\/?p=109554"},"modified":"2019-11-16T22:36:12","modified_gmt":"2019-11-16T21:36:12","slug":"sabato-al-centro-giovanni-23mo-giordano-bruno-guerri-e-federico-ramaioli-per-i-grandi-incontri-di-liberal-belluno","status":"publish","type":"post","link":"https:\/\/www.bellunopress.it\/fr\/2019\/11\/14\/sabato-al-centro-giovanni-23mo-giordano-bruno-guerri-e-federico-ramaioli-per-i-grandi-incontri-di-liberal-belluno\/","title":{"rendered":"Sabato al Centro Giovanni 23mo Giordano Bruno Guerri e Federico Ramaioli per i Grandi incontri di Liberal Belluno"},"content":{"rendered":"<p>Fiume citt\u00e0 di vita 1919 -1920 Tra utopia e realt\u00e0&#8221;, \u00e8 il titolo della conferenza che si terr\u00e0 sabato 16 novembre alle 17.30 in sala &#8220;Teatro&#8221; del Centro Congressi in piazza Piloni a Belluno, per I Grandi incontri di Liberal Belluno.<\/p>\n<p>Interverranno come relatori Giordano Bruno Guerri, giornalista e scrittore, presidente della Fondazione Il Vittoriale degli Italiani e Federico Ramaioli avvocato e saggista.\u00a0Conduce l&#8217;incontro Andrea Basile, docente.<\/p>\n<p><a href=\"http:\/\/www.bellunopress.it\/fr\/2015\/01\/19\/sabato-a-belluno-davide-giacalone-presenta-senza-paura-per-non-perdere-il-bello-di-un-mondo-migliore-intervista-allautore\/liberal-belluno\/\" rel=\"attachment wp-att-65534\"><img loading=\"lazy\" decoding=\"async\" class=\"alignleft size-full wp-image-65534\" src=\"http:\/\/www.bellunopress.it\/wp-content\/uploads\/2015\/01\/liberal-belluno.jpg\" alt=\"\" width=\"200\" height=\"50\" \/><\/a>(&#8230; D&#8217; Annunzio voleva gi\u00e0 dal 1914 che l&#8217; Italia intervenisse al fianco della Francia, in nome di<br \/>\n&#8220;un patto latino&#8221;, contro l&#8217;imperialismo germanico. Patriota e libertario, cultore del passato<br \/>\ne celebratore della modernit\u00e0, seppe cogliere e comprendere la profonda ansia di rinnovamento<br \/>\ndella nuova generazione. &#8230;. Nel 1914 Gabriele &#8211; ammirato o deprecato &#8211; \u00e8 uno degli italiani pi\u00f9<br \/>\ncelebri nel mondo. Ha 51 anni e da trenta ha scalato le vette della societ\u00e0. &#8230;.<br \/>\nda &#8221; Disobbedisco cinquecento giorni di rivoluzione Fiume 1919-1920 &#8221; di G.B. Guerri<\/p>\n<p>( Era il 1918 e il verso e l&#8217;azione, nel pi\u00f9 vasto teatro bellico che il mondo avesse sino ad allora<br \/>\nconosciuto, erano un tutt&#8217;uno nell&#8217;esaltare le vittorie di un&#8217;Italia da pochi decenni divenuta Stato<br \/>\ne Nazione, e desiderosa di farsi grande tra i grandi attori della politica internazionale. Il verso e<br \/>\nl&#8217;azione, attraverso la stessa vita di futuristi e interventisti, di maestri d&#8217;arte e di spada, tornati<br \/>\nquasi da un passato remoto sulla scena della guerra, per ritemprare lo spirito di un popolo di<br \/>\nfronte agli sconvolgimenti della Storia. &#8230;.<br \/>\nda &#8221; Quis contra nos? Storia della Reggenza del Carnaro da D&#8217;Annunzio alla Costituzione<br \/>\ndi Fiume &#8221; di F.L. Ramaioli<\/p>\n<p>&nbsp;<\/p>","protected":false},"excerpt":{"rendered":"<p>Fiume citt\u00e0 di vita 1919 -1920 Tra utopia e realt\u00e0&#8221;, \u00e8 il titolo della conferenza che si terr\u00e0 sabato 16 novembre alle 17.30 in sala &#8220;Teatro&#8221; del Centro Congressi in piazza Piloni a Belluno, per I Grandi incontri di Liberal Belluno. Interverranno come relatori Giordano Bruno Guerri, giornalista e scrittore, presidente della Fondazione Il Vittoriale [&hellip;]<\/p>\n","protected":false},"author":2,"featured_media":0,"comment_status":"closed","ping_status":"open","sticky":false,"template":"","format":"standard","meta":{"footnotes":""},"categories":[27,3],"tags":[],"class_list":["post-109554","post","type-post","status-publish","format-standard","category-appuntamenti","category-arte-cultura-spettacoli-scienza-archivi"],"yoast_head":"<!-- This site is optimized with the Yoast SEO plugin v28.4 - https:\/\/yoast.com\/product\/yoast-seo-wordpress\/ -->\n<title>Sabato al Centro Giovanni 23mo Giordano Bruno Guerri e Federico Ramaioli per i Grandi incontri di Liberal Belluno - Bellunopress - Dolomiti<\/title>\n<meta name=\"robots\" content=\"index, follow, max-snippet:-1, max-image-preview:large, max-video-preview:-1\" \/>\n<link rel=\"canonical\" href=\"https:\/\/www.bellunopress.it\/fr\/2019\/11\/14\/sabato-al-centro-giovanni-23mo-giordano-bruno-guerri-e-federico-ramaioli-per-i-grandi-incontri-di-liberal-belluno\/\" \/>\n<meta property=\"og:locale\" content=\"fr_FR\" \/>\n<meta property=\"og:type\" content=\"article\" \/>\n<meta property=\"og:title\" content=\"Sabato al Centro Giovanni 23mo Giordano Bruno Guerri e Federico Ramaioli per i Grandi incontri di Liberal Belluno - Bellunopress - Dolomiti\" \/>\n<meta property=\"og:description\" content=\"Fiume citt\u00e0 di vita 1919 -1920 Tra utopia e realt\u00e0&#8221;, \u00e8 il titolo della conferenza che si terr\u00e0 sabato 16 novembre alle 17.30 in sala &#8220;Teatro&#8221; del Centro Congressi in piazza Piloni a Belluno, per I Grandi incontri di Liberal Belluno. Interverranno come relatori Giordano Bruno Guerri, giornalista e scrittore, presidente della Fondazione Il Vittoriale [&hellip;]\" \/>\n<meta property=\"og:url\" content=\"https:\/\/www.bellunopress.it\/fr\/2019\/11\/14\/sabato-al-centro-giovanni-23mo-giordano-bruno-guerri-e-federico-ramaioli-per-i-grandi-incontri-di-liberal-belluno\/\" \/>\n<meta property=\"og:site_name\" content=\"Bellunopress - Dolomiti\" \/>\n<meta property=\"article:publisher\" content=\"https:\/\/www.facebook.com\/profile.php?id=100008943462799\" \/>\n<meta property=\"article:published_time\" content=\"2019-11-14T13:32:34+00:00\" \/>\n<meta property=\"article:modified_time\" content=\"2019-11-16T21:36:12+00:00\" \/>\n<meta property=\"og:image\" content=\"http:\/\/www.bellunopress.it\/wp-content\/uploads\/2015\/01\/liberal-belluno.jpg\" \/>\n<meta name=\"author\" content=\"redazione\" \/>\n<meta name=\"twitter:card\" content=\"summary_large_image\" \/>\n<meta name=\"twitter:creator\" content=\"@bellunopress\" \/>\n<meta name=\"twitter:site\" content=\"@bellunopress\" \/>\n<meta name=\"twitter:label1\" content=\"Written by\" \/>\n\t<meta name=\"twitter:data1\" content=\"redazione\" \/>\n\t<meta name=\"twitter:label2\" content=\"Est. reading time\" \/>\n\t<meta name=\"twitter:data2\" content=\"1 minute\" \/>\n<script type=\"application\/ld+json\" class=\"yoast-schema-graph\">{\"@context\":\"https:\\\/\\\/schema.org\",\"@graph\":[{\"@type\":\"Article\",\"@id\":\"https:\\\/\\\/www.bellunopress.it\\\/2019\\\/11\\\/14\\\/sabato-al-centro-giovanni-23mo-giordano-bruno-guerri-e-federico-ramaioli-per-i-grandi-incontri-di-liberal-belluno\\\/#article\",\"isPartOf\":{\"@id\":\"https:\\\/\\\/www.bellunopress.it\\\/2019\\\/11\\\/14\\\/sabato-al-centro-giovanni-23mo-giordano-bruno-guerri-e-federico-ramaioli-per-i-grandi-incontri-di-liberal-belluno\\\/\"},\"author\":{\"name\":\"redazione\",\"@id\":\"https:\\\/\\\/www.bellunopress.it\\\/#\\\/schema\\\/person\\\/79bb06722b37ece1c03d3e94beb30d73\"},\"headline\":\"Sabato al Centro Giovanni 23mo Giordano Bruno Guerri e Federico Ramaioli per i Grandi incontri di Liberal Belluno\",\"datePublished\":\"2019-11-14T13:32:34+00:00\",\"dateModified\":\"2019-11-16T21:36:12+00:00\",\"mainEntityOfPage\":{\"@id\":\"https:\\\/\\\/www.bellunopress.it\\\/2019\\\/11\\\/14\\\/sabato-al-centro-giovanni-23mo-giordano-bruno-guerri-e-federico-ramaioli-per-i-grandi-incontri-di-liberal-belluno\\\/\"},\"wordCount\":280,\"publisher\":{\"@id\":\"https:\\\/\\\/www.bellunopress.it\\\/#organization\"},\"image\":{\"@id\":\"https:\\\/\\\/www.bellunopress.it\\\/2019\\\/11\\\/14\\\/sabato-al-centro-giovanni-23mo-giordano-bruno-guerri-e-federico-ramaioli-per-i-grandi-incontri-di-liberal-belluno\\\/#primaryimage\"},\"thumbnailUrl\":\"http:\\\/\\\/www.bellunopress.it\\\/wp-content\\\/uploads\\\/2015\\\/01\\\/liberal-belluno.jpg\",\"articleSection\":[\"Appuntamenti, Eventi\",\"Arte, Cultura, Spettacoli, Scienza\"],\"inLanguage\":\"fr-FR\"},{\"@type\":\"WebPage\",\"@id\":\"https:\\\/\\\/www.bellunopress.it\\\/2019\\\/11\\\/14\\\/sabato-al-centro-giovanni-23mo-giordano-bruno-guerri-e-federico-ramaioli-per-i-grandi-incontri-di-liberal-belluno\\\/\",\"url\":\"https:\\\/\\\/www.bellunopress.it\\\/2019\\\/11\\\/14\\\/sabato-al-centro-giovanni-23mo-giordano-bruno-guerri-e-federico-ramaioli-per-i-grandi-incontri-di-liberal-belluno\\\/\",\"name\":\"Sabato al Centro Giovanni 23mo Giordano Bruno Guerri e Federico Ramaioli per i Grandi incontri di Liberal Belluno - Bellunopress - Dolomiti\",\"isPartOf\":{\"@id\":\"https:\\\/\\\/www.bellunopress.it\\\/#website\"},\"primaryImageOfPage\":{\"@id\":\"https:\\\/\\\/www.bellunopress.it\\\/2019\\\/11\\\/14\\\/sabato-al-centro-giovanni-23mo-giordano-bruno-guerri-e-federico-ramaioli-per-i-grandi-incontri-di-liberal-belluno\\\/#primaryimage\"},\"image\":{\"@id\":\"https:\\\/\\\/www.bellunopress.it\\\/2019\\\/11\\\/14\\\/sabato-al-centro-giovanni-23mo-giordano-bruno-guerri-e-federico-ramaioli-per-i-grandi-incontri-di-liberal-belluno\\\/#primaryimage\"},\"thumbnailUrl\":\"http:\\\/\\\/www.bellunopress.it\\\/wp-content\\\/uploads\\\/2015\\\/01\\\/liberal-belluno.jpg\",\"datePublished\":\"2019-11-14T13:32:34+00:00\",\"dateModified\":\"2019-11-16T21:36:12+00:00\",\"breadcrumb\":{\"@id\":\"https:\\\/\\\/www.bellunopress.it\\\/2019\\\/11\\\/14\\\/sabato-al-centro-giovanni-23mo-giordano-bruno-guerri-e-federico-ramaioli-per-i-grandi-incontri-di-liberal-belluno\\\/#breadcrumb\"},\"inLanguage\":\"fr-FR\",\"potentialAction\":[{\"@type\":\"ReadAction\",\"target\":[\"https:\\\/\\\/www.bellunopress.it\\\/2019\\\/11\\\/14\\\/sabato-al-centro-giovanni-23mo-giordano-bruno-guerri-e-federico-ramaioli-per-i-grandi-incontri-di-liberal-belluno\\\/\"]}]},{\"@type\":\"ImageObject\",\"inLanguage\":\"fr-FR\",\"@id\":\"https:\\\/\\\/www.bellunopress.it\\\/2019\\\/11\\\/14\\\/sabato-al-centro-giovanni-23mo-giordano-bruno-guerri-e-federico-ramaioli-per-i-grandi-incontri-di-liberal-belluno\\\/#primaryimage\",\"url\":\"http:\\\/\\\/www.bellunopress.it\\\/wp-content\\\/uploads\\\/2015\\\/01\\\/liberal-belluno.jpg\",\"contentUrl\":\"http:\\\/\\\/www.bellunopress.it\\\/wp-content\\\/uploads\\\/2015\\\/01\\\/liberal-belluno.jpg\"},{\"@type\":\"BreadcrumbList\",\"@id\":\"https:\\\/\\\/www.bellunopress.it\\\/2019\\\/11\\\/14\\\/sabato-al-centro-giovanni-23mo-giordano-bruno-guerri-e-federico-ramaioli-per-i-grandi-incontri-di-liberal-belluno\\\/#breadcrumb\",\"itemListElement\":[{\"@type\":\"ListItem\",\"position\":1,\"name\":\"Home\",\"item\":\"https:\\\/\\\/www.bellunopress.it\\\/\"},{\"@type\":\"ListItem\",\"position\":2,\"name\":\"Sabato al Centro Giovanni 23mo Giordano Bruno Guerri e Federico Ramaioli per i Grandi incontri di Liberal Belluno\"}]},{\"@type\":\"WebSite\",\"@id\":\"https:\\\/\\\/www.bellunopress.it\\\/#website\",\"url\":\"https:\\\/\\\/www.bellunopress.it\\\/\",\"name\":\"Bellunopress - Dolomiti\",\"description\":\"e-mail: redazione@bellunopress.it\",\"publisher\":{\"@id\":\"https:\\\/\\\/www.bellunopress.it\\\/#organization\"},\"potentialAction\":[{\"@type\":\"SearchAction\",\"target\":{\"@type\":\"EntryPoint\",\"urlTemplate\":\"https:\\\/\\\/www.bellunopress.it\\\/?s={search_term_string}\"},\"query-input\":{\"@type\":\"PropertyValueSpecification\",\"valueRequired\":true,\"valueName\":\"search_term_string\"}}],\"inLanguage\":\"fr-FR\"},{\"@type\":\"Organization\",\"@id\":\"https:\\\/\\\/www.bellunopress.it\\\/#organization\",\"name\":\"Bellunopress\",\"url\":\"https:\\\/\\\/www.bellunopress.it\\\/\",\"logo\":{\"@type\":\"ImageObject\",\"inLanguage\":\"fr-FR\",\"@id\":\"https:\\\/\\\/www.bellunopress.it\\\/#\\\/schema\\\/logo\\\/image\\\/\",\"url\":\"https:\\\/\\\/www.bellunopress.it\\\/wp-content\\\/uploads\\\/2011\\\/05\\\/cropped-logo-bellunopress-.jpg\",\"contentUrl\":\"https:\\\/\\\/www.bellunopress.it\\\/wp-content\\\/uploads\\\/2011\\\/05\\\/cropped-logo-bellunopress-.jpg\",\"width\":512,\"height\":512,\"caption\":\"Bellunopress\"},\"image\":{\"@id\":\"https:\\\/\\\/www.bellunopress.it\\\/#\\\/schema\\\/logo\\\/image\\\/\"},\"sameAs\":[\"https:\\\/\\\/www.facebook.com\\\/profile.php?id=100008943462799\",\"https:\\\/\\\/x.com\\\/bellunopress\",\"https:\\\/\\\/www.linkedin.com\\\/hp\\\/?dnr=JBzUWaJfMUw8vbXJJ2tVW5-I3jZKvC4wsoxE&amp;amp;amp;amp;amp;amp;trk=nav_responsive_tab_home\",\"https:\\\/\\\/www.youtube.com\\\/channel\\\/UCxL0wu1uN0_3_7hGG0306cw\"]},{\"@type\":\"Person\",\"@id\":\"https:\\\/\\\/www.bellunopress.it\\\/#\\\/schema\\\/person\\\/79bb06722b37ece1c03d3e94beb30d73\",\"name\":\"redazione\",\"image\":{\"@type\":\"ImageObject\",\"inLanguage\":\"fr-FR\",\"@id\":\"https:\\\/\\\/secure.gravatar.com\\\/avatar\\\/37d968a2e67a6fd04c169c4bdef102d0bc5d31b2546345219e348575eb80e9a0?s=96&d=mm&r=g\",\"url\":\"https:\\\/\\\/secure.gravatar.com\\\/avatar\\\/37d968a2e67a6fd04c169c4bdef102d0bc5d31b2546345219e348575eb80e9a0?s=96&d=mm&r=g\",\"contentUrl\":\"https:\\\/\\\/secure.gravatar.com\\\/avatar\\\/37d968a2e67a6fd04c169c4bdef102d0bc5d31b2546345219e348575eb80e9a0?s=96&d=mm&r=g\",\"caption\":\"redazione\"},\"sameAs\":[\"http:\\\/\\\/www.bellunopress.it\",\"https:\\\/\\\/x.com\\\/bellunopress\"],\"url\":\"https:\\\/\\\/www.bellunopress.it\\\/fr\\\/author\\\/redazione\\\/\"}]}<\/script>\n<!-- \/ Yoast SEO plugin. -->","yoast_head_json":{"title":"Sabato al Centro Giovanni 23mo Giordano Bruno Guerri e Federico Ramaioli per i Grandi incontri di Liberal Belluno - Bellunopress - Dolomiti","robots":{"index":"index","follow":"follow","max-snippet":"max-snippet:-1","max-image-preview":"max-image-preview:large","max-video-preview":"max-video-preview:-1"},"canonical":"https:\/\/www.bellunopress.it\/fr\/2019\/11\/14\/sabato-al-centro-giovanni-23mo-giordano-bruno-guerri-e-federico-ramaioli-per-i-grandi-incontri-di-liberal-belluno\/","og_locale":"fr_FR","og_type":"article","og_title":"Sabato al Centro Giovanni 23mo Giordano Bruno Guerri e Federico Ramaioli per i Grandi incontri di Liberal Belluno - Bellunopress - Dolomiti","og_description":"Fiume citt\u00e0 di vita 1919 -1920 Tra utopia e realt\u00e0&#8221;, \u00e8 il titolo della conferenza che si terr\u00e0 sabato 16 novembre alle 17.30 in sala &#8220;Teatro&#8221; del Centro Congressi in piazza Piloni a Belluno, per I Grandi incontri di Liberal Belluno. Interverranno come relatori Giordano Bruno Guerri, giornalista e scrittore, presidente della Fondazione Il Vittoriale [&hellip;]","og_url":"https:\/\/www.bellunopress.it\/fr\/2019\/11\/14\/sabato-al-centro-giovanni-23mo-giordano-bruno-guerri-e-federico-ramaioli-per-i-grandi-incontri-di-liberal-belluno\/","og_site_name":"Bellunopress - Dolomiti","article_publisher":"https:\/\/www.facebook.com\/profile.php?id=100008943462799","article_published_time":"2019-11-14T13:32:34+00:00","article_modified_time":"2019-11-16T21:36:12+00:00","og_image":[{"url":"http:\/\/www.bellunopress.it\/wp-content\/uploads\/2015\/01\/liberal-belluno.jpg","type":"","width":"","height":""}],"author":"redazione","twitter_card":"summary_large_image","twitter_creator":"@bellunopress","twitter_site":"@bellunopress","twitter_misc":{"Written by":"redazione","Est. reading time":"1 minute"},"schema":{"@context":"https:\/\/schema.org","@graph":[{"@type":"Article","@id":"https:\/\/www.bellunopress.it\/2019\/11\/14\/sabato-al-centro-giovanni-23mo-giordano-bruno-guerri-e-federico-ramaioli-per-i-grandi-incontri-di-liberal-belluno\/#article","isPartOf":{"@id":"https:\/\/www.bellunopress.it\/2019\/11\/14\/sabato-al-centro-giovanni-23mo-giordano-bruno-guerri-e-federico-ramaioli-per-i-grandi-incontri-di-liberal-belluno\/"},"author":{"name":"redazione","@id":"https:\/\/www.bellunopress.it\/#\/schema\/person\/79bb06722b37ece1c03d3e94beb30d73"},"headline":"Sabato al Centro Giovanni 23mo Giordano Bruno Guerri e Federico Ramaioli per i Grandi incontri di Liberal Belluno","datePublished":"2019-11-14T13:32:34+00:00","dateModified":"2019-11-16T21:36:12+00:00","mainEntityOfPage":{"@id":"https:\/\/www.bellunopress.it\/2019\/11\/14\/sabato-al-centro-giovanni-23mo-giordano-bruno-guerri-e-federico-ramaioli-per-i-grandi-incontri-di-liberal-belluno\/"},"wordCount":280,"publisher":{"@id":"https:\/\/www.bellunopress.it\/#organization"},"image":{"@id":"https:\/\/www.bellunopress.it\/2019\/11\/14\/sabato-al-centro-giovanni-23mo-giordano-bruno-guerri-e-federico-ramaioli-per-i-grandi-incontri-di-liberal-belluno\/#primaryimage"},"thumbnailUrl":"http:\/\/www.bellunopress.it\/wp-content\/uploads\/2015\/01\/liberal-belluno.jpg","articleSection":["Appuntamenti, Eventi","Arte, Cultura, Spettacoli, Scienza"],"inLanguage":"fr-FR"},{"@type":"WebPage","@id":"https:\/\/www.bellunopress.it\/2019\/11\/14\/sabato-al-centro-giovanni-23mo-giordano-bruno-guerri-e-federico-ramaioli-per-i-grandi-incontri-di-liberal-belluno\/","url":"https:\/\/www.bellunopress.it\/2019\/11\/14\/sabato-al-centro-giovanni-23mo-giordano-bruno-guerri-e-federico-ramaioli-per-i-grandi-incontri-di-liberal-belluno\/","name":"Sabato al Centro Giovanni 23mo Giordano Bruno Guerri e Federico Ramaioli per i Grandi incontri di Liberal Belluno - Bellunopress - Dolomiti","isPartOf":{"@id":"https:\/\/www.bellunopress.it\/#website"},"primaryImageOfPage":{"@id":"https:\/\/www.bellunopress.it\/2019\/11\/14\/sabato-al-centro-giovanni-23mo-giordano-bruno-guerri-e-federico-ramaioli-per-i-grandi-incontri-di-liberal-belluno\/#primaryimage"},"image":{"@id":"https:\/\/www.bellunopress.it\/2019\/11\/14\/sabato-al-centro-giovanni-23mo-giordano-bruno-guerri-e-federico-ramaioli-per-i-grandi-incontri-di-liberal-belluno\/#primaryimage"},"thumbnailUrl":"http:\/\/www.bellunopress.it\/wp-content\/uploads\/2015\/01\/liberal-belluno.jpg","datePublished":"2019-11-14T13:32:34+00:00","dateModified":"2019-11-16T21:36:12+00:00","breadcrumb":{"@id":"https:\/\/www.bellunopress.it\/2019\/11\/14\/sabato-al-centro-giovanni-23mo-giordano-bruno-guerri-e-federico-ramaioli-per-i-grandi-incontri-di-liberal-belluno\/#breadcrumb"},"inLanguage":"fr-FR","potentialAction":[{"@type":"ReadAction","target":["https:\/\/www.bellunopress.it\/2019\/11\/14\/sabato-al-centro-giovanni-23mo-giordano-bruno-guerri-e-federico-ramaioli-per-i-grandi-incontri-di-liberal-belluno\/"]}]},{"@type":"ImageObject","inLanguage":"fr-FR","@id":"https:\/\/www.bellunopress.it\/2019\/11\/14\/sabato-al-centro-giovanni-23mo-giordano-bruno-guerri-e-federico-ramaioli-per-i-grandi-incontri-di-liberal-belluno\/#primaryimage","url":"http:\/\/www.bellunopress.it\/wp-content\/uploads\/2015\/01\/liberal-belluno.jpg","contentUrl":"http:\/\/www.bellunopress.it\/wp-content\/uploads\/2015\/01\/liberal-belluno.jpg"},{"@type":"BreadcrumbList","@id":"https:\/\/www.bellunopress.it\/2019\/11\/14\/sabato-al-centro-giovanni-23mo-giordano-bruno-guerri-e-federico-ramaioli-per-i-grandi-incontri-di-liberal-belluno\/#breadcrumb","itemListElement":[{"@type":"ListItem","position":1,"name":"Home","item":"https:\/\/www.bellunopress.it\/"},{"@type":"ListItem","position":2,"name":"Sabato al Centro Giovanni 23mo Giordano Bruno Guerri e Federico Ramaioli per i Grandi incontri di Liberal Belluno"}]},{"@type":"WebSite","@id":"https:\/\/www.bellunopress.it\/#website","url":"https:\/\/www.bellunopress.it\/","name":"Bellunopress - Dolomiti","description":"e-mail: redazione@bellunopress.it","publisher":{"@id":"https:\/\/www.bellunopress.it\/#organization"},"potentialAction":[{"@type":"SearchAction","target":{"@type":"EntryPoint","urlTemplate":"https:\/\/www.bellunopress.it\/?s={search_term_string}"},"query-input":{"@type":"PropertyValueSpecification","valueRequired":true,"valueName":"search_term_string"}}],"inLanguage":"fr-FR"},{"@type":"Organization","@id":"https:\/\/www.bellunopress.it\/#organization","name":"Bellunopress","url":"https:\/\/www.bellunopress.it\/","logo":{"@type":"ImageObject","inLanguage":"fr-FR","@id":"https:\/\/www.bellunopress.it\/#\/schema\/logo\/image\/","url":"https:\/\/www.bellunopress.it\/wp-content\/uploads\/2011\/05\/cropped-logo-bellunopress-.jpg","contentUrl":"https:\/\/www.bellunopress.it\/wp-content\/uploads\/2011\/05\/cropped-logo-bellunopress-.jpg","width":512,"height":512,"caption":"Bellunopress"},"image":{"@id":"https:\/\/www.bellunopress.it\/#\/schema\/logo\/image\/"},"sameAs":["https:\/\/www.facebook.com\/profile.php?id=100008943462799","https:\/\/x.com\/bellunopress","https:\/\/www.linkedin.com\/hp\/?dnr=JBzUWaJfMUw8vbXJJ2tVW5-I3jZKvC4wsoxE&amp;amp;amp;amp;amp;amp;trk=nav_responsive_tab_home","https:\/\/www.youtube.com\/channel\/UCxL0wu1uN0_3_7hGG0306cw"]},{"@type":"Person","@id":"https:\/\/www.bellunopress.it\/#\/schema\/person\/79bb06722b37ece1c03d3e94beb30d73","name":"r\u00e9daction","image":{"@type":"ImageObject","inLanguage":"fr-FR","@id":"https:\/\/secure.gravatar.com\/avatar\/37d968a2e67a6fd04c169c4bdef102d0bc5d31b2546345219e348575eb80e9a0?s=96&d=mm&r=g","url":"https:\/\/secure.gravatar.com\/avatar\/37d968a2e67a6fd04c169c4bdef102d0bc5d31b2546345219e348575eb80e9a0?s=96&d=mm&r=g","contentUrl":"https:\/\/secure.gravatar.com\/avatar\/37d968a2e67a6fd04c169c4bdef102d0bc5d31b2546345219e348575eb80e9a0?s=96&d=mm&r=g","caption":"redazione"},"sameAs":["http:\/\/www.bellunopress.it","https:\/\/x.com\/bellunopress"],"url":"https:\/\/www.bellunopress.it\/fr\/author\/redazione\/"}]}},"_links":{"self":[{"href":"https:\/\/www.bellunopress.it\/fr\/wp-json\/wp\/v2\/posts\/109554","targetHints":{"allow":["GET"]}}],"collection":[{"href":"https:\/\/www.bellunopress.it\/fr\/wp-json\/wp\/v2\/posts"}],"about":[{"href":"https:\/\/www.bellunopress.it\/fr\/wp-json\/wp\/v2\/types\/post"}],"author":[{"embeddable":true,"href":"https:\/\/www.bellunopress.it\/fr\/wp-json\/wp\/v2\/users\/2"}],"replies":[{"embeddable":true,"href":"https:\/\/www.bellunopress.it\/fr\/wp-json\/wp\/v2\/comments?post=109554"}],"version-history":[{"count":1,"href":"https:\/\/www.bellunopress.it\/fr\/wp-json\/wp\/v2\/posts\/109554\/revisions"}],"predecessor-version":[{"id":109555,"href":"https:\/\/www.bellunopress.it\/fr\/wp-json\/wp\/v2\/posts\/109554\/revisions\/109555"}],"wp:attachment":[{"href":"https:\/\/www.bellunopress.it\/fr\/wp-json\/wp\/v2\/media?parent=109554"}],"wp:term":[{"taxonomy":"category","embeddable":true,"href":"https:\/\/www.bellunopress.it\/fr\/wp-json\/wp\/v2\/categories?post=109554"},{"taxonomy":"post_tag","embeddable":true,"href":"https:\/\/www.bellunopress.it\/fr\/wp-json\/wp\/v2\/tags?post=109554"}],"curies":[{"name":"wp","href":"https:\/\/api.w.org\/{rel}","templated":true}]}}