{"id":109546,"date":"2019-11-13T21:58:16","date_gmt":"2019-11-13T20:58:16","guid":{"rendered":"http:\/\/www.bellunopress.it\/?p=109546"},"modified":"2019-11-13T22:01:05","modified_gmt":"2019-11-13T21:01:05","slug":"il-cantiere-a-cancia-raddoppia-i-turni","status":"publish","type":"post","link":"https:\/\/www.bellunopress.it\/fr\/2019\/11\/13\/il-cantiere-a-cancia-raddoppia-i-turni\/","title":{"rendered":"Il cantiere a Cancia raddoppia i turni"},"content":{"rendered":"<p>Il cantiere di Borca di Cadore anticipa i tempi. Nonostante la neve e le condizioni meteo spiccatamente autunnali, la messa in sicurezza del canalone di Cancia prosegue senza intoppi. Le maestranze stanno continuando a lavorare. E proprio in questi giorni raddoppiano i turni. L\u2019obiettivo \u00e8 di terminare le opere di fondazione prima della chiusura invernale del cantiere.<\/p>\n<figure id=\"attachment_101096\" aria-describedby=\"caption-attachment-101096\" style=\"width: 247px\" class=\"wp-caption alignleft\"><a href=\"http:\/\/www.bellunopress.it\/fr\/2019\/01\/11\/viabilita-in-valle-del-mis-massimo-bortoluzzi-il-ripristino-completo-a-partire-dalla-prossima-primavera\/massimo-bortoluzzi-consigliere-provinciale\/\" rel=\"attachment wp-att-101096\"><img loading=\"lazy\" decoding=\"async\" class=\"size-full wp-image-101096\" src=\"http:\/\/www.bellunopress.it\/wp-content\/uploads\/2019\/01\/Massimo-Bortoluzzi-consigliere-provinciale.jpg\" alt=\"\" width=\"247\" height=\"300\" \/><\/a><figcaption id=\"caption-attachment-101096\" class=\"wp-caption-text\">Massimo Bortoluzzi, consigliere provinciale<\/figcaption><\/figure>\n<p>\u00abLa Provincia, con il settore Difesa del Suolo, sta seguendo con particolare attenzione e collaborazione la ditta incaricata di portare avanti i lavori di Cancia &#8211; afferma il consigliere provinciale delegato Massimo Bortoluzzi -. Il problema del canalone dell\u2019Antelao e delle colate detritiche \u00e8 annoso, ma grazie alla professionalit\u00e0 dei tecnici forniti dalla Regione, stiamo proseguendo senza intoppi e con grande celerit\u00e0 nella messa in sicurezza\u00bb.<br \/>\nA tutt\u2019oggi sono concluse le lavorazioni relative ai due salti di fondo intermedi del canalone, mentre la costruzione delle sponde della deviazione del canale del Bus del Diau \u00e8 in fase di evoluzione. Nella parte bassa, dalla posizione della futura briglia al primo salto di fondo \u00e8 stata ultimata la sponda sud del canale. La sponda lato nord in questo tratto sar\u00e0 l\u2019ultima ad essere costruita in quanto vincola l\u2019accesso intermedio principale dalla pista di cantiere. Inoltre, nel tratto superiore, \u00e8 in fase di costruzione e cementazione la sponda sud tra i due salti di fondo (allo stato attuale \u00e8 ultimato circa met\u00e0 del tratto). In corrispondenza della briglia e del relativo manufatto di dissipazione laterale, sono stati eseguiti scavi in pendenza, con protezione superficiale in rete, in modo da impedire l\u2019erosione superficiale, per potere raggiungere il piano di lavoro su cui eseguire le fondazioni della briglia che sono previste con colonne di consolidamento in jet grouting.<\/p>\n<p><a href=\"http:\/\/www.bellunopress.it\/fr\/2019\/11\/13\/il-cantiere-a-cancia-raddoppia-i-turni\/cancia-borca-di-cadore\/\" rel=\"attachment wp-att-109549\"><img loading=\"lazy\" decoding=\"async\" class=\"alignleft size-full wp-image-109549\" src=\"http:\/\/www.bellunopress.it\/wp-content\/uploads\/2019\/11\/Cancia-Borca-di-Cadore.jpg\" alt=\"\" width=\"300\" height=\"193\" \/><\/a>\u00abLa realizzazione delle opere in jet grouting \u00e8 in corso e al momento \u00e8 stato completato il 25% delle colonne &#8211; spiega Massimo Bortoluzzi -. Per i prossimi giorni, sicuramente sino a fine mese, salvo interruzioni dovute al meteo, si prevede l\u2019ultimazione delle fondazioni della briglia con l\u2019esecuzione di tutte le colonne jet grouting, oltre alla probabile ultimazione della sponda nord del canale di deviazione del Bus del Diau. Infatti, allo stato attuale, nonostante le nevicate degli ultimi giorni, l\u2019accesso al cantiere \u00e8 garantito dall\u2019impresa appaltatrice grazie alla stesa di sale e ghiaino. L\u2019attivit\u00e0 di costruzione della briglia selettiva, del manufatto idraulico di dissipazione e l\u2019ultimazione della deviazione del canale Bus del Diau, oltre alla riprofilatura dei versanti, sono tutte lavorazioni previste per il 2020\u00bb.<\/p>","protected":false},"excerpt":{"rendered":"<p>Il cantiere di Borca di Cadore anticipa i tempi. Nonostante la neve e le condizioni meteo spiccatamente autunnali, la messa in sicurezza del canalone di Cancia prosegue senza intoppi. Le maestranze stanno continuando a lavorare. E proprio in questi giorni raddoppiano i turni. L\u2019obiettivo \u00e8 di terminare le opere di fondazione prima della chiusura invernale [&hellip;]<\/p>\n","protected":false},"author":2,"featured_media":0,"comment_status":"closed","ping_status":"open","sticky":false,"template":"","format":"standard","meta":{"footnotes":""},"categories":[5,26],"tags":[],"class_list":["post-109546","post","type-post","status-publish","format-standard","category-cronaca","category-prima-pagina"],"yoast_head":"<!-- This site is optimized with the Yoast SEO plugin v28.4 - https:\/\/yoast.com\/product\/yoast-seo-wordpress\/ -->\n<title>Il cantiere a Cancia raddoppia i turni - Bellunopress - Dolomiti<\/title>\n<meta name=\"robots\" content=\"index, follow, max-snippet:-1, max-image-preview:large, max-video-preview:-1\" \/>\n<link rel=\"canonical\" href=\"https:\/\/www.bellunopress.it\/fr\/2019\/11\/13\/il-cantiere-a-cancia-raddoppia-i-turni\/\" \/>\n<meta property=\"og:locale\" content=\"fr_FR\" \/>\n<meta property=\"og:type\" content=\"article\" \/>\n<meta property=\"og:title\" content=\"Il cantiere a Cancia raddoppia i turni - Bellunopress - Dolomiti\" \/>\n<meta property=\"og:description\" content=\"Il cantiere di Borca di Cadore anticipa i tempi. Nonostante la neve e le condizioni meteo spiccatamente autunnali, la messa in sicurezza del canalone di Cancia prosegue senza intoppi. Le maestranze stanno continuando a lavorare. E proprio in questi giorni raddoppiano i turni. L\u2019obiettivo \u00e8 di terminare le opere di fondazione prima della chiusura invernale [&hellip;]\" \/>\n<meta property=\"og:url\" content=\"https:\/\/www.bellunopress.it\/fr\/2019\/11\/13\/il-cantiere-a-cancia-raddoppia-i-turni\/\" \/>\n<meta property=\"og:site_name\" content=\"Bellunopress - Dolomiti\" \/>\n<meta property=\"article:publisher\" content=\"https:\/\/www.facebook.com\/profile.php?id=100008943462799\" \/>\n<meta property=\"article:published_time\" content=\"2019-11-13T20:58:16+00:00\" \/>\n<meta property=\"article:modified_time\" content=\"2019-11-13T21:01:05+00:00\" \/>\n<meta property=\"og:image\" content=\"http:\/\/www.bellunopress.it\/wp-content\/uploads\/2019\/01\/Massimo-Bortoluzzi-consigliere-provinciale.jpg\" \/>\n<meta name=\"author\" content=\"redazione\" \/>\n<meta name=\"twitter:card\" content=\"summary_large_image\" \/>\n<meta name=\"twitter:creator\" content=\"@bellunopress\" \/>\n<meta name=\"twitter:site\" content=\"@bellunopress\" \/>\n<meta name=\"twitter:label1\" content=\"Written by\" \/>\n\t<meta name=\"twitter:data1\" content=\"redazione\" \/>\n\t<meta name=\"twitter:label2\" content=\"Est. reading time\" \/>\n\t<meta name=\"twitter:data2\" content=\"2 minutes\" \/>\n<script type=\"application\/ld+json\" class=\"yoast-schema-graph\">{\"@context\":\"https:\\\/\\\/schema.org\",\"@graph\":[{\"@type\":\"Article\",\"@id\":\"https:\\\/\\\/www.bellunopress.it\\\/2019\\\/11\\\/13\\\/il-cantiere-a-cancia-raddoppia-i-turni\\\/#article\",\"isPartOf\":{\"@id\":\"https:\\\/\\\/www.bellunopress.it\\\/2019\\\/11\\\/13\\\/il-cantiere-a-cancia-raddoppia-i-turni\\\/\"},\"author\":{\"name\":\"redazione\",\"@id\":\"https:\\\/\\\/www.bellunopress.it\\\/#\\\/schema\\\/person\\\/79bb06722b37ece1c03d3e94beb30d73\"},\"headline\":\"Il cantiere a Cancia raddoppia i turni\",\"datePublished\":\"2019-11-13T20:58:16+00:00\",\"dateModified\":\"2019-11-13T21:01:05+00:00\",\"mainEntityOfPage\":{\"@id\":\"https:\\\/\\\/www.bellunopress.it\\\/2019\\\/11\\\/13\\\/il-cantiere-a-cancia-raddoppia-i-turni\\\/\"},\"wordCount\":424,\"publisher\":{\"@id\":\"https:\\\/\\\/www.bellunopress.it\\\/#organization\"},\"image\":{\"@id\":\"https:\\\/\\\/www.bellunopress.it\\\/2019\\\/11\\\/13\\\/il-cantiere-a-cancia-raddoppia-i-turni\\\/#primaryimage\"},\"thumbnailUrl\":\"http:\\\/\\\/www.bellunopress.it\\\/wp-content\\\/uploads\\\/2019\\\/01\\\/Massimo-Bortoluzzi-consigliere-provinciale.jpg\",\"articleSection\":[\"Cronaca\\\/Politica\",\"Prima Pagina\"],\"inLanguage\":\"fr-FR\"},{\"@type\":\"WebPage\",\"@id\":\"https:\\\/\\\/www.bellunopress.it\\\/2019\\\/11\\\/13\\\/il-cantiere-a-cancia-raddoppia-i-turni\\\/\",\"url\":\"https:\\\/\\\/www.bellunopress.it\\\/2019\\\/11\\\/13\\\/il-cantiere-a-cancia-raddoppia-i-turni\\\/\",\"name\":\"Il cantiere a Cancia raddoppia i turni - Bellunopress - Dolomiti\",\"isPartOf\":{\"@id\":\"https:\\\/\\\/www.bellunopress.it\\\/#website\"},\"primaryImageOfPage\":{\"@id\":\"https:\\\/\\\/www.bellunopress.it\\\/2019\\\/11\\\/13\\\/il-cantiere-a-cancia-raddoppia-i-turni\\\/#primaryimage\"},\"image\":{\"@id\":\"https:\\\/\\\/www.bellunopress.it\\\/2019\\\/11\\\/13\\\/il-cantiere-a-cancia-raddoppia-i-turni\\\/#primaryimage\"},\"thumbnailUrl\":\"http:\\\/\\\/www.bellunopress.it\\\/wp-content\\\/uploads\\\/2019\\\/01\\\/Massimo-Bortoluzzi-consigliere-provinciale.jpg\",\"datePublished\":\"2019-11-13T20:58:16+00:00\",\"dateModified\":\"2019-11-13T21:01:05+00:00\",\"breadcrumb\":{\"@id\":\"https:\\\/\\\/www.bellunopress.it\\\/2019\\\/11\\\/13\\\/il-cantiere-a-cancia-raddoppia-i-turni\\\/#breadcrumb\"},\"inLanguage\":\"fr-FR\",\"potentialAction\":[{\"@type\":\"ReadAction\",\"target\":[\"https:\\\/\\\/www.bellunopress.it\\\/2019\\\/11\\\/13\\\/il-cantiere-a-cancia-raddoppia-i-turni\\\/\"]}]},{\"@type\":\"ImageObject\",\"inLanguage\":\"fr-FR\",\"@id\":\"https:\\\/\\\/www.bellunopress.it\\\/2019\\\/11\\\/13\\\/il-cantiere-a-cancia-raddoppia-i-turni\\\/#primaryimage\",\"url\":\"http:\\\/\\\/www.bellunopress.it\\\/wp-content\\\/uploads\\\/2019\\\/01\\\/Massimo-Bortoluzzi-consigliere-provinciale.jpg\",\"contentUrl\":\"http:\\\/\\\/www.bellunopress.it\\\/wp-content\\\/uploads\\\/2019\\\/01\\\/Massimo-Bortoluzzi-consigliere-provinciale.jpg\"},{\"@type\":\"BreadcrumbList\",\"@id\":\"https:\\\/\\\/www.bellunopress.it\\\/2019\\\/11\\\/13\\\/il-cantiere-a-cancia-raddoppia-i-turni\\\/#breadcrumb\",\"itemListElement\":[{\"@type\":\"ListItem\",\"position\":1,\"name\":\"Home\",\"item\":\"https:\\\/\\\/www.bellunopress.it\\\/\"},{\"@type\":\"ListItem\",\"position\":2,\"name\":\"Il cantiere a Cancia raddoppia i turni\"}]},{\"@type\":\"WebSite\",\"@id\":\"https:\\\/\\\/www.bellunopress.it\\\/#website\",\"url\":\"https:\\\/\\\/www.bellunopress.it\\\/\",\"name\":\"Bellunopress - Dolomiti\",\"description\":\"e-mail: redazione@bellunopress.it\",\"publisher\":{\"@id\":\"https:\\\/\\\/www.bellunopress.it\\\/#organization\"},\"potentialAction\":[{\"@type\":\"SearchAction\",\"target\":{\"@type\":\"EntryPoint\",\"urlTemplate\":\"https:\\\/\\\/www.bellunopress.it\\\/?s={search_term_string}\"},\"query-input\":{\"@type\":\"PropertyValueSpecification\",\"valueRequired\":true,\"valueName\":\"search_term_string\"}}],\"inLanguage\":\"fr-FR\"},{\"@type\":\"Organization\",\"@id\":\"https:\\\/\\\/www.bellunopress.it\\\/#organization\",\"name\":\"Bellunopress\",\"url\":\"https:\\\/\\\/www.bellunopress.it\\\/\",\"logo\":{\"@type\":\"ImageObject\",\"inLanguage\":\"fr-FR\",\"@id\":\"https:\\\/\\\/www.bellunopress.it\\\/#\\\/schema\\\/logo\\\/image\\\/\",\"url\":\"https:\\\/\\\/www.bellunopress.it\\\/wp-content\\\/uploads\\\/2011\\\/05\\\/cropped-logo-bellunopress-.jpg\",\"contentUrl\":\"https:\\\/\\\/www.bellunopress.it\\\/wp-content\\\/uploads\\\/2011\\\/05\\\/cropped-logo-bellunopress-.jpg\",\"width\":512,\"height\":512,\"caption\":\"Bellunopress\"},\"image\":{\"@id\":\"https:\\\/\\\/www.bellunopress.it\\\/#\\\/schema\\\/logo\\\/image\\\/\"},\"sameAs\":[\"https:\\\/\\\/www.facebook.com\\\/profile.php?id=100008943462799\",\"https:\\\/\\\/x.com\\\/bellunopress\",\"https:\\\/\\\/www.linkedin.com\\\/hp\\\/?dnr=JBzUWaJfMUw8vbXJJ2tVW5-I3jZKvC4wsoxE&amp;amp;amp;amp;amp;amp;trk=nav_responsive_tab_home\",\"https:\\\/\\\/www.youtube.com\\\/channel\\\/UCxL0wu1uN0_3_7hGG0306cw\"]},{\"@type\":\"Person\",\"@id\":\"https:\\\/\\\/www.bellunopress.it\\\/#\\\/schema\\\/person\\\/79bb06722b37ece1c03d3e94beb30d73\",\"name\":\"redazione\",\"image\":{\"@type\":\"ImageObject\",\"inLanguage\":\"fr-FR\",\"@id\":\"https:\\\/\\\/secure.gravatar.com\\\/avatar\\\/37d968a2e67a6fd04c169c4bdef102d0bc5d31b2546345219e348575eb80e9a0?s=96&d=mm&r=g\",\"url\":\"https:\\\/\\\/secure.gravatar.com\\\/avatar\\\/37d968a2e67a6fd04c169c4bdef102d0bc5d31b2546345219e348575eb80e9a0?s=96&d=mm&r=g\",\"contentUrl\":\"https:\\\/\\\/secure.gravatar.com\\\/avatar\\\/37d968a2e67a6fd04c169c4bdef102d0bc5d31b2546345219e348575eb80e9a0?s=96&d=mm&r=g\",\"caption\":\"redazione\"},\"sameAs\":[\"http:\\\/\\\/www.bellunopress.it\",\"https:\\\/\\\/x.com\\\/bellunopress\"],\"url\":\"https:\\\/\\\/www.bellunopress.it\\\/fr\\\/author\\\/redazione\\\/\"}]}<\/script>\n<!-- \/ Yoast SEO plugin. -->","yoast_head_json":{"title":"Il cantiere a Cancia raddoppia i turni - Bellunopress - Dolomiti","robots":{"index":"index","follow":"follow","max-snippet":"max-snippet:-1","max-image-preview":"max-image-preview:large","max-video-preview":"max-video-preview:-1"},"canonical":"https:\/\/www.bellunopress.it\/fr\/2019\/11\/13\/il-cantiere-a-cancia-raddoppia-i-turni\/","og_locale":"fr_FR","og_type":"article","og_title":"Il cantiere a Cancia raddoppia i turni - Bellunopress - Dolomiti","og_description":"Il cantiere di Borca di Cadore anticipa i tempi. Nonostante la neve e le condizioni meteo spiccatamente autunnali, la messa in sicurezza del canalone di Cancia prosegue senza intoppi. Le maestranze stanno continuando a lavorare. E proprio in questi giorni raddoppiano i turni. L\u2019obiettivo \u00e8 di terminare le opere di fondazione prima della chiusura invernale [&hellip;]","og_url":"https:\/\/www.bellunopress.it\/fr\/2019\/11\/13\/il-cantiere-a-cancia-raddoppia-i-turni\/","og_site_name":"Bellunopress - Dolomiti","article_publisher":"https:\/\/www.facebook.com\/profile.php?id=100008943462799","article_published_time":"2019-11-13T20:58:16+00:00","article_modified_time":"2019-11-13T21:01:05+00:00","og_image":[{"url":"http:\/\/www.bellunopress.it\/wp-content\/uploads\/2019\/01\/Massimo-Bortoluzzi-consigliere-provinciale.jpg","type":"","width":"","height":""}],"author":"redazione","twitter_card":"summary_large_image","twitter_creator":"@bellunopress","twitter_site":"@bellunopress","twitter_misc":{"Written by":"redazione","Est. reading time":"2 minutes"},"schema":{"@context":"https:\/\/schema.org","@graph":[{"@type":"Article","@id":"https:\/\/www.bellunopress.it\/2019\/11\/13\/il-cantiere-a-cancia-raddoppia-i-turni\/#article","isPartOf":{"@id":"https:\/\/www.bellunopress.it\/2019\/11\/13\/il-cantiere-a-cancia-raddoppia-i-turni\/"},"author":{"name":"redazione","@id":"https:\/\/www.bellunopress.it\/#\/schema\/person\/79bb06722b37ece1c03d3e94beb30d73"},"headline":"Il cantiere a Cancia raddoppia i turni","datePublished":"2019-11-13T20:58:16+00:00","dateModified":"2019-11-13T21:01:05+00:00","mainEntityOfPage":{"@id":"https:\/\/www.bellunopress.it\/2019\/11\/13\/il-cantiere-a-cancia-raddoppia-i-turni\/"},"wordCount":424,"publisher":{"@id":"https:\/\/www.bellunopress.it\/#organization"},"image":{"@id":"https:\/\/www.bellunopress.it\/2019\/11\/13\/il-cantiere-a-cancia-raddoppia-i-turni\/#primaryimage"},"thumbnailUrl":"http:\/\/www.bellunopress.it\/wp-content\/uploads\/2019\/01\/Massimo-Bortoluzzi-consigliere-provinciale.jpg","articleSection":["Cronaca\/Politica","Prima Pagina"],"inLanguage":"fr-FR"},{"@type":"WebPage","@id":"https:\/\/www.bellunopress.it\/2019\/11\/13\/il-cantiere-a-cancia-raddoppia-i-turni\/","url":"https:\/\/www.bellunopress.it\/2019\/11\/13\/il-cantiere-a-cancia-raddoppia-i-turni\/","name":"Il cantiere a Cancia raddoppia i turni - Bellunopress - Dolomiti","isPartOf":{"@id":"https:\/\/www.bellunopress.it\/#website"},"primaryImageOfPage":{"@id":"https:\/\/www.bellunopress.it\/2019\/11\/13\/il-cantiere-a-cancia-raddoppia-i-turni\/#primaryimage"},"image":{"@id":"https:\/\/www.bellunopress.it\/2019\/11\/13\/il-cantiere-a-cancia-raddoppia-i-turni\/#primaryimage"},"thumbnailUrl":"http:\/\/www.bellunopress.it\/wp-content\/uploads\/2019\/01\/Massimo-Bortoluzzi-consigliere-provinciale.jpg","datePublished":"2019-11-13T20:58:16+00:00","dateModified":"2019-11-13T21:01:05+00:00","breadcrumb":{"@id":"https:\/\/www.bellunopress.it\/2019\/11\/13\/il-cantiere-a-cancia-raddoppia-i-turni\/#breadcrumb"},"inLanguage":"fr-FR","potentialAction":[{"@type":"ReadAction","target":["https:\/\/www.bellunopress.it\/2019\/11\/13\/il-cantiere-a-cancia-raddoppia-i-turni\/"]}]},{"@type":"ImageObject","inLanguage":"fr-FR","@id":"https:\/\/www.bellunopress.it\/2019\/11\/13\/il-cantiere-a-cancia-raddoppia-i-turni\/#primaryimage","url":"http:\/\/www.bellunopress.it\/wp-content\/uploads\/2019\/01\/Massimo-Bortoluzzi-consigliere-provinciale.jpg","contentUrl":"http:\/\/www.bellunopress.it\/wp-content\/uploads\/2019\/01\/Massimo-Bortoluzzi-consigliere-provinciale.jpg"},{"@type":"BreadcrumbList","@id":"https:\/\/www.bellunopress.it\/2019\/11\/13\/il-cantiere-a-cancia-raddoppia-i-turni\/#breadcrumb","itemListElement":[{"@type":"ListItem","position":1,"name":"Home","item":"https:\/\/www.bellunopress.it\/"},{"@type":"ListItem","position":2,"name":"Il cantiere a Cancia raddoppia i turni"}]},{"@type":"WebSite","@id":"https:\/\/www.bellunopress.it\/#website","url":"https:\/\/www.bellunopress.it\/","name":"Bellunopress - Dolomiti","description":"e-mail: redazione@bellunopress.it","publisher":{"@id":"https:\/\/www.bellunopress.it\/#organization"},"potentialAction":[{"@type":"SearchAction","target":{"@type":"EntryPoint","urlTemplate":"https:\/\/www.bellunopress.it\/?s={search_term_string}"},"query-input":{"@type":"PropertyValueSpecification","valueRequired":true,"valueName":"search_term_string"}}],"inLanguage":"fr-FR"},{"@type":"Organization","@id":"https:\/\/www.bellunopress.it\/#organization","name":"Bellunopress","url":"https:\/\/www.bellunopress.it\/","logo":{"@type":"ImageObject","inLanguage":"fr-FR","@id":"https:\/\/www.bellunopress.it\/#\/schema\/logo\/image\/","url":"https:\/\/www.bellunopress.it\/wp-content\/uploads\/2011\/05\/cropped-logo-bellunopress-.jpg","contentUrl":"https:\/\/www.bellunopress.it\/wp-content\/uploads\/2011\/05\/cropped-logo-bellunopress-.jpg","width":512,"height":512,"caption":"Bellunopress"},"image":{"@id":"https:\/\/www.bellunopress.it\/#\/schema\/logo\/image\/"},"sameAs":["https:\/\/www.facebook.com\/profile.php?id=100008943462799","https:\/\/x.com\/bellunopress","https:\/\/www.linkedin.com\/hp\/?dnr=JBzUWaJfMUw8vbXJJ2tVW5-I3jZKvC4wsoxE&amp;amp;amp;amp;amp;amp;trk=nav_responsive_tab_home","https:\/\/www.youtube.com\/channel\/UCxL0wu1uN0_3_7hGG0306cw"]},{"@type":"Person","@id":"https:\/\/www.bellunopress.it\/#\/schema\/person\/79bb06722b37ece1c03d3e94beb30d73","name":"r\u00e9daction","image":{"@type":"ImageObject","inLanguage":"fr-FR","@id":"https:\/\/secure.gravatar.com\/avatar\/37d968a2e67a6fd04c169c4bdef102d0bc5d31b2546345219e348575eb80e9a0?s=96&d=mm&r=g","url":"https:\/\/secure.gravatar.com\/avatar\/37d968a2e67a6fd04c169c4bdef102d0bc5d31b2546345219e348575eb80e9a0?s=96&d=mm&r=g","contentUrl":"https:\/\/secure.gravatar.com\/avatar\/37d968a2e67a6fd04c169c4bdef102d0bc5d31b2546345219e348575eb80e9a0?s=96&d=mm&r=g","caption":"redazione"},"sameAs":["http:\/\/www.bellunopress.it","https:\/\/x.com\/bellunopress"],"url":"https:\/\/www.bellunopress.it\/fr\/author\/redazione\/"}]}},"_links":{"self":[{"href":"https:\/\/www.bellunopress.it\/fr\/wp-json\/wp\/v2\/posts\/109546","targetHints":{"allow":["GET"]}}],"collection":[{"href":"https:\/\/www.bellunopress.it\/fr\/wp-json\/wp\/v2\/posts"}],"about":[{"href":"https:\/\/www.bellunopress.it\/fr\/wp-json\/wp\/v2\/types\/post"}],"author":[{"embeddable":true,"href":"https:\/\/www.bellunopress.it\/fr\/wp-json\/wp\/v2\/users\/2"}],"replies":[{"embeddable":true,"href":"https:\/\/www.bellunopress.it\/fr\/wp-json\/wp\/v2\/comments?post=109546"}],"version-history":[{"count":3,"href":"https:\/\/www.bellunopress.it\/fr\/wp-json\/wp\/v2\/posts\/109546\/revisions"}],"predecessor-version":[{"id":109550,"href":"https:\/\/www.bellunopress.it\/fr\/wp-json\/wp\/v2\/posts\/109546\/revisions\/109550"}],"wp:attachment":[{"href":"https:\/\/www.bellunopress.it\/fr\/wp-json\/wp\/v2\/media?parent=109546"}],"wp:term":[{"taxonomy":"category","embeddable":true,"href":"https:\/\/www.bellunopress.it\/fr\/wp-json\/wp\/v2\/categories?post=109546"},{"taxonomy":"post_tag","embeddable":true,"href":"https:\/\/www.bellunopress.it\/fr\/wp-json\/wp\/v2\/tags?post=109546"}],"curies":[{"name":"wp","href":"https:\/\/api.w.org\/{rel}","templated":true}]}}