{"id":109537,"date":"2019-11-13T14:54:56","date_gmt":"2019-11-13T13:54:56","guid":{"rendered":"http:\/\/www.bellunopress.it\/?p=109537"},"modified":"2019-11-13T14:54:56","modified_gmt":"2019-11-13T13:54:56","slug":"autonomia-rendere-obbligatori-i-provvedimenti-per-colmare-il-divario-tra-le-aree-del-paese-lo-chiede-de-menech-al-ministro-boccia-in-commissione-federalismo","status":"publish","type":"post","link":"https:\/\/www.bellunopress.it\/fr\/2019\/11\/13\/autonomia-rendere-obbligatori-i-provvedimenti-per-colmare-il-divario-tra-le-aree-del-paese-lo-chiede-de-menech-al-ministro-boccia-in-commissione-federalismo\/","title":{"rendered":"Autonomia.\u00a0Rendere obbligatori i provvedimenti per colmare il divario tra le aree del Paese.\u00a0Lo chiede De Menech al ministro Boccia in commissione federalismo"},"content":{"rendered":"<figure id=\"attachment_46179\" aria-describedby=\"caption-attachment-46179\" style=\"width: 193px\" class=\"wp-caption alignleft\"><a href=\"http:\/\/www.bellunopress.it\/fr\/2013\/01\/29\/via-al-tour-di-roger-de-menech-pd-il-5-febbraio-appuntamento-anche-con-laura-puppato-capolista-al-senato\/roger-de-menech-1\/\" rel=\"attachment wp-att-46179\"><img loading=\"lazy\" decoding=\"async\" class=\"size-full wp-image-46179\" src=\"http:\/\/www.bellunopress.it\/wp-content\/uploads\/2013\/01\/roger-de-menech-1.jpg\" alt=\"\" width=\"193\" height=\"290\" \/><\/a><figcaption id=\"caption-attachment-46179\" class=\"wp-caption-text\">Roger De Menech, deputato Pd<\/figcaption><\/figure>\n<p>Roma, 13 Novembre 2019\u00a0 &#8211;\u00a0\u00a0\u00abMantenere una visione generale, far partecipare al processo in corso tutte le Regioni e rendere operativi i provvedimenti per colmare il divario tra le aree in ritardo di sviluppo e le zone pi\u00f9 ricche, non solo tra nord e sud, ma anche all&#8217;interno delle medesime regioni\u00bb. L&#8217;intervento del deputato veneto Roger De Menech in Commissione per l&#8217;attuazione del federalismo fiscale durante l&#8217;audizione del ministro Francesco Boccia sottolinea la necessit\u00e0 di proseguire nel percorso tracciato con la bozza di legge quadro presentata nei giorni scorsi e assicurare che tutte le Regioni diano un proprio contributo, \u00abaltrimenti \u00e8 chiaro che non otterremo alcun risultato\u00bb.<\/p>\n<p>De Menech ha apprezzato la trasparenza del ministro e la capacit\u00e0 di trasformare le parole in atti giuridici: \u00absiamo di fronte a un cambio radicale rispetto al passato, ricordo che abbiamo atteso inutilmente per 18 mesi la trasmissione di bozze mai arrivate ufficialmente. Non \u00e8 solo una questione formale perch\u00e9 una delle riforme pi\u00f9 importanti degli ultimi 30 anni non pu\u00f2 essere basata sulle parole o animare discussioni astratte su atti giuridici che non ci sono\u00bb.<\/p>\n<p>\u00abTengo a ribadire la necessit\u00e0 della visione generale\u00bb, ha affermato De Menech, \u00abche dovr\u00e0 consentire al Parlamento prima e alle Regioni poi di raggiungere il risultato finale, cio\u00e8 l&#8217;applicazione dell&#8217;articolo 116 della Costituzione. Il ministro ha spiegato che gli obiettivi dell&#8217;autonomia sono la riduzione del contenzioso tra Stato e Regioni e una nuova regolazione dei rapporti tra regioni, province e comuni anche per rendere cogente il rapporto di sussidiariet\u00e0 tra le varie articolazioni dello Stato. \u00c8 un punto fondamentale della riforma, perch\u00e9 l&#8217;autonomia vera non \u00e8 spostare centralismi, ma dare responsabilit\u00e0 ai territori in base alle competenze e ho chiesto al ministro come fare per rendere cogente questo aspetto\u00bb.<\/p>\n<p>\u00c8 l&#8217;unica strada per evitare gli squilibri nella spesa pubblica che si sono determinati negli ultimi decenni dove, ha ricordato Boccia, sono le citt\u00e0 e le aree metropolitane a drenare la maggior parte degli investimenti e della spesa, aggravando cos\u00ec il ritardo delle aree meno sviluppate e innescando fenomeni di spopolamento e carenza di servizi.<\/p>\n<p>Sulle infrastrutture, ha fatto l&#8217;esempio De Menech, \u00abfinora c&#8217;\u00e8 stata la buona volont\u00e0 del Parlamento di investire qualcosa nelle zone a fallimento di mercato, dalla Sicilia al Veneto. Ma ora chiediamo che ci siano dei criteri per cui tutti i territori e soprattutto ogni cittadino venga trattato in maniera eguale e si possano cos\u00ec ridurre i divari\u00bb.<\/p>","protected":false},"excerpt":{"rendered":"<p>Roma, 13 Novembre 2019\u00a0 &#8211;\u00a0\u00a0\u00abMantenere una visione generale, far partecipare al processo in corso tutte le Regioni e rendere operativi i provvedimenti per colmare il divario tra le aree in ritardo di sviluppo e le zone pi\u00f9 ricche, non solo tra nord e sud, ma anche all&#8217;interno delle medesime regioni\u00bb. L&#8217;intervento del deputato veneto Roger [&hellip;]<\/p>\n","protected":false},"author":2,"featured_media":0,"comment_status":"closed","ping_status":"open","sticky":false,"template":"","format":"standard","meta":{"footnotes":""},"categories":[5,26],"tags":[],"class_list":["post-109537","post","type-post","status-publish","format-standard","category-cronaca","category-prima-pagina"],"yoast_head":"<!-- This site is optimized with the Yoast SEO plugin v28.4 - https:\/\/yoast.com\/product\/yoast-seo-wordpress\/ -->\n<title>Autonomia.\u00a0Rendere obbligatori i provvedimenti per colmare il divario tra le aree del Paese.\u00a0Lo chiede De Menech al ministro Boccia in commissione federalismo - Bellunopress - Dolomiti<\/title>\n<meta name=\"robots\" content=\"index, follow, max-snippet:-1, max-image-preview:large, max-video-preview:-1\" \/>\n<link rel=\"canonical\" href=\"https:\/\/www.bellunopress.it\/fr\/2019\/11\/13\/autonomia-rendere-obbligatori-i-provvedimenti-per-colmare-il-divario-tra-le-aree-del-paese-lo-chiede-de-menech-al-ministro-boccia-in-commissione-federalismo\/\" \/>\n<meta property=\"og:locale\" content=\"fr_FR\" \/>\n<meta property=\"og:type\" content=\"article\" \/>\n<meta property=\"og:title\" content=\"Autonomia.\u00a0Rendere obbligatori i provvedimenti per colmare il divario tra le aree del Paese.\u00a0Lo chiede De Menech al ministro Boccia in commissione federalismo - Bellunopress - Dolomiti\" \/>\n<meta property=\"og:description\" content=\"Roma, 13 Novembre 2019\u00a0 &#8211;\u00a0\u00a0\u00abMantenere una visione generale, far partecipare al processo in corso tutte le Regioni e rendere operativi i provvedimenti per colmare il divario tra le aree in ritardo di sviluppo e le zone pi\u00f9 ricche, non solo tra nord e sud, ma anche all&#8217;interno delle medesime regioni\u00bb. L&#8217;intervento del deputato veneto Roger [&hellip;]\" \/>\n<meta property=\"og:url\" content=\"https:\/\/www.bellunopress.it\/fr\/2019\/11\/13\/autonomia-rendere-obbligatori-i-provvedimenti-per-colmare-il-divario-tra-le-aree-del-paese-lo-chiede-de-menech-al-ministro-boccia-in-commissione-federalismo\/\" \/>\n<meta property=\"og:site_name\" content=\"Bellunopress - Dolomiti\" \/>\n<meta property=\"article:publisher\" content=\"https:\/\/www.facebook.com\/profile.php?id=100008943462799\" \/>\n<meta property=\"article:published_time\" content=\"2019-11-13T13:54:56+00:00\" \/>\n<meta property=\"og:image\" content=\"http:\/\/www.bellunopress.it\/wp-content\/uploads\/2013\/01\/roger-de-menech-1.jpg\" \/>\n<meta name=\"author\" content=\"redazione\" \/>\n<meta name=\"twitter:card\" content=\"summary_large_image\" \/>\n<meta name=\"twitter:creator\" content=\"@bellunopress\" \/>\n<meta name=\"twitter:site\" content=\"@bellunopress\" \/>\n<meta name=\"twitter:label1\" content=\"Written by\" \/>\n\t<meta name=\"twitter:data1\" content=\"redazione\" \/>\n\t<meta name=\"twitter:label2\" content=\"Est. reading time\" \/>\n\t<meta name=\"twitter:data2\" content=\"2 minutes\" \/>\n<script type=\"application\/ld+json\" class=\"yoast-schema-graph\">{\"@context\":\"https:\\\/\\\/schema.org\",\"@graph\":[{\"@type\":\"Article\",\"@id\":\"https:\\\/\\\/www.bellunopress.it\\\/2019\\\/11\\\/13\\\/autonomia-rendere-obbligatori-i-provvedimenti-per-colmare-il-divario-tra-le-aree-del-paese-lo-chiede-de-menech-al-ministro-boccia-in-commissione-federalismo\\\/#article\",\"isPartOf\":{\"@id\":\"https:\\\/\\\/www.bellunopress.it\\\/2019\\\/11\\\/13\\\/autonomia-rendere-obbligatori-i-provvedimenti-per-colmare-il-divario-tra-le-aree-del-paese-lo-chiede-de-menech-al-ministro-boccia-in-commissione-federalismo\\\/\"},\"author\":{\"name\":\"redazione\",\"@id\":\"https:\\\/\\\/www.bellunopress.it\\\/#\\\/schema\\\/person\\\/79bb06722b37ece1c03d3e94beb30d73\"},\"headline\":\"Autonomia.\u00a0Rendere obbligatori i provvedimenti per colmare il divario tra le aree del Paese.\u00a0Lo chiede De Menech al ministro Boccia in commissione federalismo\",\"datePublished\":\"2019-11-13T13:54:56+00:00\",\"mainEntityOfPage\":{\"@id\":\"https:\\\/\\\/www.bellunopress.it\\\/2019\\\/11\\\/13\\\/autonomia-rendere-obbligatori-i-provvedimenti-per-colmare-il-divario-tra-le-aree-del-paese-lo-chiede-de-menech-al-ministro-boccia-in-commissione-federalismo\\\/\"},\"wordCount\":440,\"publisher\":{\"@id\":\"https:\\\/\\\/www.bellunopress.it\\\/#organization\"},\"image\":{\"@id\":\"https:\\\/\\\/www.bellunopress.it\\\/2019\\\/11\\\/13\\\/autonomia-rendere-obbligatori-i-provvedimenti-per-colmare-il-divario-tra-le-aree-del-paese-lo-chiede-de-menech-al-ministro-boccia-in-commissione-federalismo\\\/#primaryimage\"},\"thumbnailUrl\":\"http:\\\/\\\/www.bellunopress.it\\\/wp-content\\\/uploads\\\/2013\\\/01\\\/roger-de-menech-1.jpg\",\"articleSection\":[\"Cronaca\\\/Politica\",\"Prima Pagina\"],\"inLanguage\":\"fr-FR\"},{\"@type\":\"WebPage\",\"@id\":\"https:\\\/\\\/www.bellunopress.it\\\/2019\\\/11\\\/13\\\/autonomia-rendere-obbligatori-i-provvedimenti-per-colmare-il-divario-tra-le-aree-del-paese-lo-chiede-de-menech-al-ministro-boccia-in-commissione-federalismo\\\/\",\"url\":\"https:\\\/\\\/www.bellunopress.it\\\/2019\\\/11\\\/13\\\/autonomia-rendere-obbligatori-i-provvedimenti-per-colmare-il-divario-tra-le-aree-del-paese-lo-chiede-de-menech-al-ministro-boccia-in-commissione-federalismo\\\/\",\"name\":\"Autonomia.\u00a0Rendere obbligatori i provvedimenti per colmare il divario tra le aree del Paese.\u00a0Lo chiede De Menech al ministro Boccia in commissione federalismo - Bellunopress - Dolomiti\",\"isPartOf\":{\"@id\":\"https:\\\/\\\/www.bellunopress.it\\\/#website\"},\"primaryImageOfPage\":{\"@id\":\"https:\\\/\\\/www.bellunopress.it\\\/2019\\\/11\\\/13\\\/autonomia-rendere-obbligatori-i-provvedimenti-per-colmare-il-divario-tra-le-aree-del-paese-lo-chiede-de-menech-al-ministro-boccia-in-commissione-federalismo\\\/#primaryimage\"},\"image\":{\"@id\":\"https:\\\/\\\/www.bellunopress.it\\\/2019\\\/11\\\/13\\\/autonomia-rendere-obbligatori-i-provvedimenti-per-colmare-il-divario-tra-le-aree-del-paese-lo-chiede-de-menech-al-ministro-boccia-in-commissione-federalismo\\\/#primaryimage\"},\"thumbnailUrl\":\"http:\\\/\\\/www.bellunopress.it\\\/wp-content\\\/uploads\\\/2013\\\/01\\\/roger-de-menech-1.jpg\",\"datePublished\":\"2019-11-13T13:54:56+00:00\",\"breadcrumb\":{\"@id\":\"https:\\\/\\\/www.bellunopress.it\\\/2019\\\/11\\\/13\\\/autonomia-rendere-obbligatori-i-provvedimenti-per-colmare-il-divario-tra-le-aree-del-paese-lo-chiede-de-menech-al-ministro-boccia-in-commissione-federalismo\\\/#breadcrumb\"},\"inLanguage\":\"fr-FR\",\"potentialAction\":[{\"@type\":\"ReadAction\",\"target\":[\"https:\\\/\\\/www.bellunopress.it\\\/2019\\\/11\\\/13\\\/autonomia-rendere-obbligatori-i-provvedimenti-per-colmare-il-divario-tra-le-aree-del-paese-lo-chiede-de-menech-al-ministro-boccia-in-commissione-federalismo\\\/\"]}]},{\"@type\":\"ImageObject\",\"inLanguage\":\"fr-FR\",\"@id\":\"https:\\\/\\\/www.bellunopress.it\\\/2019\\\/11\\\/13\\\/autonomia-rendere-obbligatori-i-provvedimenti-per-colmare-il-divario-tra-le-aree-del-paese-lo-chiede-de-menech-al-ministro-boccia-in-commissione-federalismo\\\/#primaryimage\",\"url\":\"http:\\\/\\\/www.bellunopress.it\\\/wp-content\\\/uploads\\\/2013\\\/01\\\/roger-de-menech-1.jpg\",\"contentUrl\":\"http:\\\/\\\/www.bellunopress.it\\\/wp-content\\\/uploads\\\/2013\\\/01\\\/roger-de-menech-1.jpg\"},{\"@type\":\"BreadcrumbList\",\"@id\":\"https:\\\/\\\/www.bellunopress.it\\\/2019\\\/11\\\/13\\\/autonomia-rendere-obbligatori-i-provvedimenti-per-colmare-il-divario-tra-le-aree-del-paese-lo-chiede-de-menech-al-ministro-boccia-in-commissione-federalismo\\\/#breadcrumb\",\"itemListElement\":[{\"@type\":\"ListItem\",\"position\":1,\"name\":\"Home\",\"item\":\"https:\\\/\\\/www.bellunopress.it\\\/\"},{\"@type\":\"ListItem\",\"position\":2,\"name\":\"Autonomia.\u00a0Rendere obbligatori i provvedimenti per colmare il divario tra le aree del Paese.\u00a0Lo chiede De Menech al ministro Boccia in commissione federalismo\"}]},{\"@type\":\"WebSite\",\"@id\":\"https:\\\/\\\/www.bellunopress.it\\\/#website\",\"url\":\"https:\\\/\\\/www.bellunopress.it\\\/\",\"name\":\"Bellunopress - Dolomiti\",\"description\":\"e-mail: redazione@bellunopress.it\",\"publisher\":{\"@id\":\"https:\\\/\\\/www.bellunopress.it\\\/#organization\"},\"potentialAction\":[{\"@type\":\"SearchAction\",\"target\":{\"@type\":\"EntryPoint\",\"urlTemplate\":\"https:\\\/\\\/www.bellunopress.it\\\/?s={search_term_string}\"},\"query-input\":{\"@type\":\"PropertyValueSpecification\",\"valueRequired\":true,\"valueName\":\"search_term_string\"}}],\"inLanguage\":\"fr-FR\"},{\"@type\":\"Organization\",\"@id\":\"https:\\\/\\\/www.bellunopress.it\\\/#organization\",\"name\":\"Bellunopress\",\"url\":\"https:\\\/\\\/www.bellunopress.it\\\/\",\"logo\":{\"@type\":\"ImageObject\",\"inLanguage\":\"fr-FR\",\"@id\":\"https:\\\/\\\/www.bellunopress.it\\\/#\\\/schema\\\/logo\\\/image\\\/\",\"url\":\"https:\\\/\\\/www.bellunopress.it\\\/wp-content\\\/uploads\\\/2011\\\/05\\\/cropped-logo-bellunopress-.jpg\",\"contentUrl\":\"https:\\\/\\\/www.bellunopress.it\\\/wp-content\\\/uploads\\\/2011\\\/05\\\/cropped-logo-bellunopress-.jpg\",\"width\":512,\"height\":512,\"caption\":\"Bellunopress\"},\"image\":{\"@id\":\"https:\\\/\\\/www.bellunopress.it\\\/#\\\/schema\\\/logo\\\/image\\\/\"},\"sameAs\":[\"https:\\\/\\\/www.facebook.com\\\/profile.php?id=100008943462799\",\"https:\\\/\\\/x.com\\\/bellunopress\",\"https:\\\/\\\/www.linkedin.com\\\/hp\\\/?dnr=JBzUWaJfMUw8vbXJJ2tVW5-I3jZKvC4wsoxE&amp;amp;amp;amp;amp;amp;trk=nav_responsive_tab_home\",\"https:\\\/\\\/www.youtube.com\\\/channel\\\/UCxL0wu1uN0_3_7hGG0306cw\"]},{\"@type\":\"Person\",\"@id\":\"https:\\\/\\\/www.bellunopress.it\\\/#\\\/schema\\\/person\\\/79bb06722b37ece1c03d3e94beb30d73\",\"name\":\"redazione\",\"image\":{\"@type\":\"ImageObject\",\"inLanguage\":\"fr-FR\",\"@id\":\"https:\\\/\\\/secure.gravatar.com\\\/avatar\\\/37d968a2e67a6fd04c169c4bdef102d0bc5d31b2546345219e348575eb80e9a0?s=96&d=mm&r=g\",\"url\":\"https:\\\/\\\/secure.gravatar.com\\\/avatar\\\/37d968a2e67a6fd04c169c4bdef102d0bc5d31b2546345219e348575eb80e9a0?s=96&d=mm&r=g\",\"contentUrl\":\"https:\\\/\\\/secure.gravatar.com\\\/avatar\\\/37d968a2e67a6fd04c169c4bdef102d0bc5d31b2546345219e348575eb80e9a0?s=96&d=mm&r=g\",\"caption\":\"redazione\"},\"sameAs\":[\"http:\\\/\\\/www.bellunopress.it\",\"https:\\\/\\\/x.com\\\/bellunopress\"],\"url\":\"https:\\\/\\\/www.bellunopress.it\\\/fr\\\/author\\\/redazione\\\/\"}]}<\/script>\n<!-- \/ Yoast SEO plugin. -->","yoast_head_json":{"title":"Autonomia.\u00a0Rendere obbligatori i provvedimenti per colmare il divario tra le aree del Paese.\u00a0Lo chiede De Menech al ministro Boccia in commissione federalismo - Bellunopress - Dolomiti","robots":{"index":"index","follow":"follow","max-snippet":"max-snippet:-1","max-image-preview":"max-image-preview:large","max-video-preview":"max-video-preview:-1"},"canonical":"https:\/\/www.bellunopress.it\/fr\/2019\/11\/13\/autonomia-rendere-obbligatori-i-provvedimenti-per-colmare-il-divario-tra-le-aree-del-paese-lo-chiede-de-menech-al-ministro-boccia-in-commissione-federalismo\/","og_locale":"fr_FR","og_type":"article","og_title":"Autonomia.\u00a0Rendere obbligatori i provvedimenti per colmare il divario tra le aree del Paese.\u00a0Lo chiede De Menech al ministro Boccia in commissione federalismo - Bellunopress - Dolomiti","og_description":"Roma, 13 Novembre 2019\u00a0 &#8211;\u00a0\u00a0\u00abMantenere una visione generale, far partecipare al processo in corso tutte le Regioni e rendere operativi i provvedimenti per colmare il divario tra le aree in ritardo di sviluppo e le zone pi\u00f9 ricche, non solo tra nord e sud, ma anche all&#8217;interno delle medesime regioni\u00bb. L&#8217;intervento del deputato veneto Roger [&hellip;]","og_url":"https:\/\/www.bellunopress.it\/fr\/2019\/11\/13\/autonomia-rendere-obbligatori-i-provvedimenti-per-colmare-il-divario-tra-le-aree-del-paese-lo-chiede-de-menech-al-ministro-boccia-in-commissione-federalismo\/","og_site_name":"Bellunopress - Dolomiti","article_publisher":"https:\/\/www.facebook.com\/profile.php?id=100008943462799","article_published_time":"2019-11-13T13:54:56+00:00","og_image":[{"url":"http:\/\/www.bellunopress.it\/wp-content\/uploads\/2013\/01\/roger-de-menech-1.jpg","type":"","width":"","height":""}],"author":"redazione","twitter_card":"summary_large_image","twitter_creator":"@bellunopress","twitter_site":"@bellunopress","twitter_misc":{"Written by":"redazione","Est. reading time":"2 minutes"},"schema":{"@context":"https:\/\/schema.org","@graph":[{"@type":"Article","@id":"https:\/\/www.bellunopress.it\/2019\/11\/13\/autonomia-rendere-obbligatori-i-provvedimenti-per-colmare-il-divario-tra-le-aree-del-paese-lo-chiede-de-menech-al-ministro-boccia-in-commissione-federalismo\/#article","isPartOf":{"@id":"https:\/\/www.bellunopress.it\/2019\/11\/13\/autonomia-rendere-obbligatori-i-provvedimenti-per-colmare-il-divario-tra-le-aree-del-paese-lo-chiede-de-menech-al-ministro-boccia-in-commissione-federalismo\/"},"author":{"name":"redazione","@id":"https:\/\/www.bellunopress.it\/#\/schema\/person\/79bb06722b37ece1c03d3e94beb30d73"},"headline":"Autonomia.\u00a0Rendere obbligatori i provvedimenti per colmare il divario tra le aree del Paese.\u00a0Lo chiede De Menech al ministro Boccia in commissione federalismo","datePublished":"2019-11-13T13:54:56+00:00","mainEntityOfPage":{"@id":"https:\/\/www.bellunopress.it\/2019\/11\/13\/autonomia-rendere-obbligatori-i-provvedimenti-per-colmare-il-divario-tra-le-aree-del-paese-lo-chiede-de-menech-al-ministro-boccia-in-commissione-federalismo\/"},"wordCount":440,"publisher":{"@id":"https:\/\/www.bellunopress.it\/#organization"},"image":{"@id":"https:\/\/www.bellunopress.it\/2019\/11\/13\/autonomia-rendere-obbligatori-i-provvedimenti-per-colmare-il-divario-tra-le-aree-del-paese-lo-chiede-de-menech-al-ministro-boccia-in-commissione-federalismo\/#primaryimage"},"thumbnailUrl":"http:\/\/www.bellunopress.it\/wp-content\/uploads\/2013\/01\/roger-de-menech-1.jpg","articleSection":["Cronaca\/Politica","Prima Pagina"],"inLanguage":"fr-FR"},{"@type":"WebPage","@id":"https:\/\/www.bellunopress.it\/2019\/11\/13\/autonomia-rendere-obbligatori-i-provvedimenti-per-colmare-il-divario-tra-le-aree-del-paese-lo-chiede-de-menech-al-ministro-boccia-in-commissione-federalismo\/","url":"https:\/\/www.bellunopress.it\/2019\/11\/13\/autonomia-rendere-obbligatori-i-provvedimenti-per-colmare-il-divario-tra-le-aree-del-paese-lo-chiede-de-menech-al-ministro-boccia-in-commissione-federalismo\/","name":"Autonomia.\u00a0Rendere obbligatori i provvedimenti per colmare il divario tra le aree del Paese.\u00a0Lo chiede De Menech al ministro Boccia in commissione federalismo - Bellunopress - Dolomiti","isPartOf":{"@id":"https:\/\/www.bellunopress.it\/#website"},"primaryImageOfPage":{"@id":"https:\/\/www.bellunopress.it\/2019\/11\/13\/autonomia-rendere-obbligatori-i-provvedimenti-per-colmare-il-divario-tra-le-aree-del-paese-lo-chiede-de-menech-al-ministro-boccia-in-commissione-federalismo\/#primaryimage"},"image":{"@id":"https:\/\/www.bellunopress.it\/2019\/11\/13\/autonomia-rendere-obbligatori-i-provvedimenti-per-colmare-il-divario-tra-le-aree-del-paese-lo-chiede-de-menech-al-ministro-boccia-in-commissione-federalismo\/#primaryimage"},"thumbnailUrl":"http:\/\/www.bellunopress.it\/wp-content\/uploads\/2013\/01\/roger-de-menech-1.jpg","datePublished":"2019-11-13T13:54:56+00:00","breadcrumb":{"@id":"https:\/\/www.bellunopress.it\/2019\/11\/13\/autonomia-rendere-obbligatori-i-provvedimenti-per-colmare-il-divario-tra-le-aree-del-paese-lo-chiede-de-menech-al-ministro-boccia-in-commissione-federalismo\/#breadcrumb"},"inLanguage":"fr-FR","potentialAction":[{"@type":"ReadAction","target":["https:\/\/www.bellunopress.it\/2019\/11\/13\/autonomia-rendere-obbligatori-i-provvedimenti-per-colmare-il-divario-tra-le-aree-del-paese-lo-chiede-de-menech-al-ministro-boccia-in-commissione-federalismo\/"]}]},{"@type":"ImageObject","inLanguage":"fr-FR","@id":"https:\/\/www.bellunopress.it\/2019\/11\/13\/autonomia-rendere-obbligatori-i-provvedimenti-per-colmare-il-divario-tra-le-aree-del-paese-lo-chiede-de-menech-al-ministro-boccia-in-commissione-federalismo\/#primaryimage","url":"http:\/\/www.bellunopress.it\/wp-content\/uploads\/2013\/01\/roger-de-menech-1.jpg","contentUrl":"http:\/\/www.bellunopress.it\/wp-content\/uploads\/2013\/01\/roger-de-menech-1.jpg"},{"@type":"BreadcrumbList","@id":"https:\/\/www.bellunopress.it\/2019\/11\/13\/autonomia-rendere-obbligatori-i-provvedimenti-per-colmare-il-divario-tra-le-aree-del-paese-lo-chiede-de-menech-al-ministro-boccia-in-commissione-federalismo\/#breadcrumb","itemListElement":[{"@type":"ListItem","position":1,"name":"Home","item":"https:\/\/www.bellunopress.it\/"},{"@type":"ListItem","position":2,"name":"Autonomia.\u00a0Rendere obbligatori i provvedimenti per colmare il divario tra le aree del Paese.\u00a0Lo chiede De Menech al ministro Boccia in commissione federalismo"}]},{"@type":"WebSite","@id":"https:\/\/www.bellunopress.it\/#website","url":"https:\/\/www.bellunopress.it\/","name":"Bellunopress - Dolomiti","description":"e-mail: redazione@bellunopress.it","publisher":{"@id":"https:\/\/www.bellunopress.it\/#organization"},"potentialAction":[{"@type":"SearchAction","target":{"@type":"EntryPoint","urlTemplate":"https:\/\/www.bellunopress.it\/?s={search_term_string}"},"query-input":{"@type":"PropertyValueSpecification","valueRequired":true,"valueName":"search_term_string"}}],"inLanguage":"fr-FR"},{"@type":"Organization","@id":"https:\/\/www.bellunopress.it\/#organization","name":"Bellunopress","url":"https:\/\/www.bellunopress.it\/","logo":{"@type":"ImageObject","inLanguage":"fr-FR","@id":"https:\/\/www.bellunopress.it\/#\/schema\/logo\/image\/","url":"https:\/\/www.bellunopress.it\/wp-content\/uploads\/2011\/05\/cropped-logo-bellunopress-.jpg","contentUrl":"https:\/\/www.bellunopress.it\/wp-content\/uploads\/2011\/05\/cropped-logo-bellunopress-.jpg","width":512,"height":512,"caption":"Bellunopress"},"image":{"@id":"https:\/\/www.bellunopress.it\/#\/schema\/logo\/image\/"},"sameAs":["https:\/\/www.facebook.com\/profile.php?id=100008943462799","https:\/\/x.com\/bellunopress","https:\/\/www.linkedin.com\/hp\/?dnr=JBzUWaJfMUw8vbXJJ2tVW5-I3jZKvC4wsoxE&amp;amp;amp;amp;amp;amp;trk=nav_responsive_tab_home","https:\/\/www.youtube.com\/channel\/UCxL0wu1uN0_3_7hGG0306cw"]},{"@type":"Person","@id":"https:\/\/www.bellunopress.it\/#\/schema\/person\/79bb06722b37ece1c03d3e94beb30d73","name":"r\u00e9daction","image":{"@type":"ImageObject","inLanguage":"fr-FR","@id":"https:\/\/secure.gravatar.com\/avatar\/37d968a2e67a6fd04c169c4bdef102d0bc5d31b2546345219e348575eb80e9a0?s=96&d=mm&r=g","url":"https:\/\/secure.gravatar.com\/avatar\/37d968a2e67a6fd04c169c4bdef102d0bc5d31b2546345219e348575eb80e9a0?s=96&d=mm&r=g","contentUrl":"https:\/\/secure.gravatar.com\/avatar\/37d968a2e67a6fd04c169c4bdef102d0bc5d31b2546345219e348575eb80e9a0?s=96&d=mm&r=g","caption":"redazione"},"sameAs":["http:\/\/www.bellunopress.it","https:\/\/x.com\/bellunopress"],"url":"https:\/\/www.bellunopress.it\/fr\/author\/redazione\/"}]}},"_links":{"self":[{"href":"https:\/\/www.bellunopress.it\/fr\/wp-json\/wp\/v2\/posts\/109537","targetHints":{"allow":["GET"]}}],"collection":[{"href":"https:\/\/www.bellunopress.it\/fr\/wp-json\/wp\/v2\/posts"}],"about":[{"href":"https:\/\/www.bellunopress.it\/fr\/wp-json\/wp\/v2\/types\/post"}],"author":[{"embeddable":true,"href":"https:\/\/www.bellunopress.it\/fr\/wp-json\/wp\/v2\/users\/2"}],"replies":[{"embeddable":true,"href":"https:\/\/www.bellunopress.it\/fr\/wp-json\/wp\/v2\/comments?post=109537"}],"version-history":[{"count":1,"href":"https:\/\/www.bellunopress.it\/fr\/wp-json\/wp\/v2\/posts\/109537\/revisions"}],"predecessor-version":[{"id":109538,"href":"https:\/\/www.bellunopress.it\/fr\/wp-json\/wp\/v2\/posts\/109537\/revisions\/109538"}],"wp:attachment":[{"href":"https:\/\/www.bellunopress.it\/fr\/wp-json\/wp\/v2\/media?parent=109537"}],"wp:term":[{"taxonomy":"category","embeddable":true,"href":"https:\/\/www.bellunopress.it\/fr\/wp-json\/wp\/v2\/categories?post=109537"},{"taxonomy":"post_tag","embeddable":true,"href":"https:\/\/www.bellunopress.it\/fr\/wp-json\/wp\/v2\/tags?post=109537"}],"curies":[{"name":"wp","href":"https:\/\/api.w.org\/{rel}","templated":true}]}}