{"id":109535,"date":"2019-11-17T14:48:33","date_gmt":"2019-11-17T13:48:33","guid":{"rendered":"http:\/\/www.bellunopress.it\/?p=109535"},"modified":"2019-11-13T14:52:13","modified_gmt":"2019-11-13T13:52:13","slug":"bassano-wine-festival-due-serate-allinsegna-dellabbinamento-vino-cibo","status":"publish","type":"post","link":"https:\/\/www.bellunopress.it\/fr\/2019\/11\/17\/bassano-wine-festival-due-serate-allinsegna-dellabbinamento-vino-cibo\/","title":{"rendered":"Bassano Wine Festival: due serate all&#8217;insegna dell&#8217;abbinamento vino cibo"},"content":{"rendered":"<p><em><strong>A Villa Morosini Cappello il 5 dicembre con Champagne e il 6 con Vespaiolo e bacal\u00e0. Il 7 e 8 dicembre la terza edizione del Bassano Wine Festival<\/strong><\/em><\/p>\n<p><a href=\"http:\/\/www.bellunopress.it\/fr\/2018\/10\/21\/bassano-wine-festival-tre-giorni-di-degustazioni-tra-800-vini-e-prodotti-tipici-con-possibilita-di-acquisto\/bassano-wine-festival-2\/\" rel=\"attachment wp-att-98796\"><img loading=\"lazy\" decoding=\"async\" class=\"alignleft size-full wp-image-98796\" src=\"http:\/\/www.bellunopress.it\/wp-content\/uploads\/2018\/10\/Bassano-Wine-Festival.jpg\" alt=\"\" width=\"300\" height=\"266\" \/><\/a>Un lungo fine settimana di gusto all&#8217;insegna della grande tradizione vinicola italiana e non solo. Gioved\u00ec 5 e venerd\u00ec 6 dicembre far\u00e0 il suo esordio Aspettando il Bassano Wine Festival, due serate di degustazioni a tema che anticiperanno l&#8217;avvio della terza edizione del Bassano Wine Festival. La mostra mercato, con 70 cantine provenienti da tutta Italia, si terr\u00e0 infatti sabato 7 e domenica 8 dicembre nella nuova location di Villa Morosini Cappello, a Cartigliano (Vicenza). Qui avranno luogo anche le serate di degustazione, una prima assoluta per il Festival, durante le quali verranno proposti abbinamenti di vino e cibo.<\/p>\n<p>Lo Champagne sar\u00e0 il protagonista della serata di gioved\u00ec 5 dicembre. A partire dalle 20.30 i presenti potranno degustare una selezione di bollicine d&#8217;Oltralpe in una masterclass condotta da Gianpaolo Giacobbo.<br \/>\nVenerd\u00ec 6 dicembre, sempre alle 20.30, si terr\u00e0 invece la serata Vespaiolo &amp; Baccal\u00e0, con i piatti a base di bacal\u00e0 alla vicentina preparati da Antonio Chemello del Ristorante Da Palmerino di Sandrigo (VI) abbinati ai vini della cantina IoMazzucato.<\/p>\n<p>Grande spazio alla promozione dei vini regionali e nazionali verr\u00e0 dato anche nel corso del Bassano Wine Festival. Novit\u00e0 di questa edizione sar\u00e0 la partnership con AIS Veneto, che condurr\u00e0 alcune masterclass di approfondimento durante i due giorni di Fiera, alle 14.30 e alle 17.00, dedicate a regioni vinicole di grande tradizione come la Champagne, la Borgogna e il Friuli.<\/p>\n<p>Il Bassano Wine Festival si presenta come un vero e proprio mercato del vino. I visitatori potranno dunque non solo degustare ma anche acquistare direttamente le etichette delle piccole realt\u00e0 del mondo del vino, cos\u00ec come i prodotti degli artigiani della gastronomia che parteciperanno al Festival.<br \/>\nPer info e prenotazioni alle masterclass di Aspettando il Bassano Wine Festival: <a href=\"http:\/\/www.bassanowinefestival.it\/aspettando-il-bwf\/\">www.bassanowinefestival.it\/aspettando-il-bwf\/<\/a><\/p>\n<p><strong>Bassano Wine Festival:<\/strong><br \/>\nQuando: sabato 7 e domenica 8 dicembre 2019<br \/>\nDove: Villa Morosini Cappello, Cartigliano (VI)<br \/>\nOrario di apertura al pubblico: sabato dalle 14.00 alle 22.00 e domenica dalle 11.00 alle 20.00<br \/>\nIngresso: \u20ac 20,00 ingresso per un giorno al Bassano Wine Festival comprensivo di accesso ai banchi d\u2019assaggio e degustazione di un piatto tipico<br \/>\nIngresso ridotto: \u20ac 15,00 in prevendita online fino al 1 dicembre<br \/>\nParcheggio: gratuito<br \/>\nI minorenni non pagano l\u2019ingresso e non possono effettuare degustazioni.<\/p>","protected":false},"excerpt":{"rendered":"<p>A Villa Morosini Cappello il 5 dicembre con Champagne e il 6 con Vespaiolo e bacal\u00e0. Il 7 e 8 dicembre la terza edizione del Bassano Wine Festival Un lungo fine settimana di gusto all&#8217;insegna della grande tradizione vinicola italiana e non solo. Gioved\u00ec 5 e venerd\u00ec 6 dicembre far\u00e0 il suo esordio Aspettando il [&hellip;]<\/p>\n","protected":false},"author":2,"featured_media":0,"comment_status":"closed","ping_status":"open","sticky":false,"template":"","format":"standard","meta":{"footnotes":""},"categories":[27,3393,25],"tags":[],"class_list":["post-109535","post","type-post","status-publish","format-standard","category-appuntamenti","category-eventi-enogastronomici","category-pausa-caffe"],"yoast_head":"<!-- This site is optimized with the Yoast SEO plugin v28.4 - https:\/\/yoast.com\/product\/yoast-seo-wordpress\/ -->\n<title>Bassano Wine Festival: due serate all&#039;insegna dell&#039;abbinamento vino cibo - Bellunopress - Dolomiti<\/title>\n<meta name=\"robots\" content=\"index, follow, max-snippet:-1, max-image-preview:large, max-video-preview:-1\" \/>\n<link rel=\"canonical\" href=\"https:\/\/www.bellunopress.it\/fr\/2019\/11\/17\/bassano-wine-festival-due-serate-allinsegna-dellabbinamento-vino-cibo\/\" \/>\n<meta property=\"og:locale\" content=\"fr_FR\" \/>\n<meta property=\"og:type\" content=\"article\" \/>\n<meta property=\"og:title\" content=\"Bassano Wine Festival: due serate all&#039;insegna dell&#039;abbinamento vino cibo - Bellunopress - Dolomiti\" \/>\n<meta property=\"og:description\" content=\"A Villa Morosini Cappello il 5 dicembre con Champagne e il 6 con Vespaiolo e bacal\u00e0. Il 7 e 8 dicembre la terza edizione del Bassano Wine Festival Un lungo fine settimana di gusto all&#8217;insegna della grande tradizione vinicola italiana e non solo. Gioved\u00ec 5 e venerd\u00ec 6 dicembre far\u00e0 il suo esordio Aspettando il [&hellip;]\" \/>\n<meta property=\"og:url\" content=\"https:\/\/www.bellunopress.it\/fr\/2019\/11\/17\/bassano-wine-festival-due-serate-allinsegna-dellabbinamento-vino-cibo\/\" \/>\n<meta property=\"og:site_name\" content=\"Bellunopress - Dolomiti\" \/>\n<meta property=\"article:publisher\" content=\"https:\/\/www.facebook.com\/profile.php?id=100008943462799\" \/>\n<meta property=\"article:published_time\" content=\"2019-11-17T13:48:33+00:00\" \/>\n<meta property=\"og:image\" content=\"http:\/\/www.bellunopress.it\/wp-content\/uploads\/2018\/10\/Bassano-Wine-Festival.jpg\" \/>\n<meta name=\"author\" content=\"redazione\" \/>\n<meta name=\"twitter:card\" content=\"summary_large_image\" \/>\n<meta name=\"twitter:creator\" content=\"@bellunopress\" \/>\n<meta name=\"twitter:site\" content=\"@bellunopress\" \/>\n<meta name=\"twitter:label1\" content=\"Written by\" \/>\n\t<meta name=\"twitter:data1\" content=\"redazione\" \/>\n\t<meta name=\"twitter:label2\" content=\"Est. reading time\" \/>\n\t<meta name=\"twitter:data2\" content=\"2 minutes\" \/>\n<script type=\"application\/ld+json\" class=\"yoast-schema-graph\">{\"@context\":\"https:\\\/\\\/schema.org\",\"@graph\":[{\"@type\":\"Article\",\"@id\":\"https:\\\/\\\/www.bellunopress.it\\\/2019\\\/11\\\/17\\\/bassano-wine-festival-due-serate-allinsegna-dellabbinamento-vino-cibo\\\/#article\",\"isPartOf\":{\"@id\":\"https:\\\/\\\/www.bellunopress.it\\\/2019\\\/11\\\/17\\\/bassano-wine-festival-due-serate-allinsegna-dellabbinamento-vino-cibo\\\/\"},\"author\":{\"name\":\"redazione\",\"@id\":\"https:\\\/\\\/www.bellunopress.it\\\/#\\\/schema\\\/person\\\/79bb06722b37ece1c03d3e94beb30d73\"},\"headline\":\"Bassano Wine Festival: due serate all&#8217;insegna dell&#8217;abbinamento vino cibo\",\"datePublished\":\"2019-11-17T13:48:33+00:00\",\"mainEntityOfPage\":{\"@id\":\"https:\\\/\\\/www.bellunopress.it\\\/2019\\\/11\\\/17\\\/bassano-wine-festival-due-serate-allinsegna-dellabbinamento-vino-cibo\\\/\"},\"wordCount\":388,\"publisher\":{\"@id\":\"https:\\\/\\\/www.bellunopress.it\\\/#organization\"},\"image\":{\"@id\":\"https:\\\/\\\/www.bellunopress.it\\\/2019\\\/11\\\/17\\\/bassano-wine-festival-due-serate-allinsegna-dellabbinamento-vino-cibo\\\/#primaryimage\"},\"thumbnailUrl\":\"http:\\\/\\\/www.bellunopress.it\\\/wp-content\\\/uploads\\\/2018\\\/10\\\/Bassano-Wine-Festival.jpg\",\"articleSection\":[\"Appuntamenti, Eventi\",\"Eventi enogastronomici\",\"Pausa Caff\u00e8\"],\"inLanguage\":\"fr-FR\"},{\"@type\":\"WebPage\",\"@id\":\"https:\\\/\\\/www.bellunopress.it\\\/2019\\\/11\\\/17\\\/bassano-wine-festival-due-serate-allinsegna-dellabbinamento-vino-cibo\\\/\",\"url\":\"https:\\\/\\\/www.bellunopress.it\\\/2019\\\/11\\\/17\\\/bassano-wine-festival-due-serate-allinsegna-dellabbinamento-vino-cibo\\\/\",\"name\":\"Bassano Wine Festival: due serate all'insegna dell'abbinamento vino cibo - Bellunopress - Dolomiti\",\"isPartOf\":{\"@id\":\"https:\\\/\\\/www.bellunopress.it\\\/#website\"},\"primaryImageOfPage\":{\"@id\":\"https:\\\/\\\/www.bellunopress.it\\\/2019\\\/11\\\/17\\\/bassano-wine-festival-due-serate-allinsegna-dellabbinamento-vino-cibo\\\/#primaryimage\"},\"image\":{\"@id\":\"https:\\\/\\\/www.bellunopress.it\\\/2019\\\/11\\\/17\\\/bassano-wine-festival-due-serate-allinsegna-dellabbinamento-vino-cibo\\\/#primaryimage\"},\"thumbnailUrl\":\"http:\\\/\\\/www.bellunopress.it\\\/wp-content\\\/uploads\\\/2018\\\/10\\\/Bassano-Wine-Festival.jpg\",\"datePublished\":\"2019-11-17T13:48:33+00:00\",\"breadcrumb\":{\"@id\":\"https:\\\/\\\/www.bellunopress.it\\\/2019\\\/11\\\/17\\\/bassano-wine-festival-due-serate-allinsegna-dellabbinamento-vino-cibo\\\/#breadcrumb\"},\"inLanguage\":\"fr-FR\",\"potentialAction\":[{\"@type\":\"ReadAction\",\"target\":[\"https:\\\/\\\/www.bellunopress.it\\\/2019\\\/11\\\/17\\\/bassano-wine-festival-due-serate-allinsegna-dellabbinamento-vino-cibo\\\/\"]}]},{\"@type\":\"ImageObject\",\"inLanguage\":\"fr-FR\",\"@id\":\"https:\\\/\\\/www.bellunopress.it\\\/2019\\\/11\\\/17\\\/bassano-wine-festival-due-serate-allinsegna-dellabbinamento-vino-cibo\\\/#primaryimage\",\"url\":\"http:\\\/\\\/www.bellunopress.it\\\/wp-content\\\/uploads\\\/2018\\\/10\\\/Bassano-Wine-Festival.jpg\",\"contentUrl\":\"http:\\\/\\\/www.bellunopress.it\\\/wp-content\\\/uploads\\\/2018\\\/10\\\/Bassano-Wine-Festival.jpg\"},{\"@type\":\"BreadcrumbList\",\"@id\":\"https:\\\/\\\/www.bellunopress.it\\\/2019\\\/11\\\/17\\\/bassano-wine-festival-due-serate-allinsegna-dellabbinamento-vino-cibo\\\/#breadcrumb\",\"itemListElement\":[{\"@type\":\"ListItem\",\"position\":1,\"name\":\"Home\",\"item\":\"https:\\\/\\\/www.bellunopress.it\\\/\"},{\"@type\":\"ListItem\",\"position\":2,\"name\":\"Bassano Wine Festival: due serate all&#8217;insegna dell&#8217;abbinamento vino cibo\"}]},{\"@type\":\"WebSite\",\"@id\":\"https:\\\/\\\/www.bellunopress.it\\\/#website\",\"url\":\"https:\\\/\\\/www.bellunopress.it\\\/\",\"name\":\"Bellunopress - Dolomiti\",\"description\":\"e-mail: redazione@bellunopress.it\",\"publisher\":{\"@id\":\"https:\\\/\\\/www.bellunopress.it\\\/#organization\"},\"potentialAction\":[{\"@type\":\"SearchAction\",\"target\":{\"@type\":\"EntryPoint\",\"urlTemplate\":\"https:\\\/\\\/www.bellunopress.it\\\/?s={search_term_string}\"},\"query-input\":{\"@type\":\"PropertyValueSpecification\",\"valueRequired\":true,\"valueName\":\"search_term_string\"}}],\"inLanguage\":\"fr-FR\"},{\"@type\":\"Organization\",\"@id\":\"https:\\\/\\\/www.bellunopress.it\\\/#organization\",\"name\":\"Bellunopress\",\"url\":\"https:\\\/\\\/www.bellunopress.it\\\/\",\"logo\":{\"@type\":\"ImageObject\",\"inLanguage\":\"fr-FR\",\"@id\":\"https:\\\/\\\/www.bellunopress.it\\\/#\\\/schema\\\/logo\\\/image\\\/\",\"url\":\"https:\\\/\\\/www.bellunopress.it\\\/wp-content\\\/uploads\\\/2011\\\/05\\\/cropped-logo-bellunopress-.jpg\",\"contentUrl\":\"https:\\\/\\\/www.bellunopress.it\\\/wp-content\\\/uploads\\\/2011\\\/05\\\/cropped-logo-bellunopress-.jpg\",\"width\":512,\"height\":512,\"caption\":\"Bellunopress\"},\"image\":{\"@id\":\"https:\\\/\\\/www.bellunopress.it\\\/#\\\/schema\\\/logo\\\/image\\\/\"},\"sameAs\":[\"https:\\\/\\\/www.facebook.com\\\/profile.php?id=100008943462799\",\"https:\\\/\\\/x.com\\\/bellunopress\",\"https:\\\/\\\/www.linkedin.com\\\/hp\\\/?dnr=JBzUWaJfMUw8vbXJJ2tVW5-I3jZKvC4wsoxE&amp;amp;amp;amp;amp;amp;trk=nav_responsive_tab_home\",\"https:\\\/\\\/www.youtube.com\\\/channel\\\/UCxL0wu1uN0_3_7hGG0306cw\"]},{\"@type\":\"Person\",\"@id\":\"https:\\\/\\\/www.bellunopress.it\\\/#\\\/schema\\\/person\\\/79bb06722b37ece1c03d3e94beb30d73\",\"name\":\"redazione\",\"image\":{\"@type\":\"ImageObject\",\"inLanguage\":\"fr-FR\",\"@id\":\"https:\\\/\\\/secure.gravatar.com\\\/avatar\\\/37d968a2e67a6fd04c169c4bdef102d0bc5d31b2546345219e348575eb80e9a0?s=96&d=mm&r=g\",\"url\":\"https:\\\/\\\/secure.gravatar.com\\\/avatar\\\/37d968a2e67a6fd04c169c4bdef102d0bc5d31b2546345219e348575eb80e9a0?s=96&d=mm&r=g\",\"contentUrl\":\"https:\\\/\\\/secure.gravatar.com\\\/avatar\\\/37d968a2e67a6fd04c169c4bdef102d0bc5d31b2546345219e348575eb80e9a0?s=96&d=mm&r=g\",\"caption\":\"redazione\"},\"sameAs\":[\"http:\\\/\\\/www.bellunopress.it\",\"https:\\\/\\\/x.com\\\/bellunopress\"],\"url\":\"https:\\\/\\\/www.bellunopress.it\\\/fr\\\/author\\\/redazione\\\/\"}]}<\/script>\n<!-- \/ Yoast SEO plugin. -->","yoast_head_json":{"title":"Bassano Wine Festival: due serate all'insegna dell'abbinamento vino cibo - Bellunopress - Dolomiti","robots":{"index":"index","follow":"follow","max-snippet":"max-snippet:-1","max-image-preview":"max-image-preview:large","max-video-preview":"max-video-preview:-1"},"canonical":"https:\/\/www.bellunopress.it\/fr\/2019\/11\/17\/bassano-wine-festival-due-serate-allinsegna-dellabbinamento-vino-cibo\/","og_locale":"fr_FR","og_type":"article","og_title":"Bassano Wine Festival: due serate all'insegna dell'abbinamento vino cibo - Bellunopress - Dolomiti","og_description":"A Villa Morosini Cappello il 5 dicembre con Champagne e il 6 con Vespaiolo e bacal\u00e0. Il 7 e 8 dicembre la terza edizione del Bassano Wine Festival Un lungo fine settimana di gusto all&#8217;insegna della grande tradizione vinicola italiana e non solo. Gioved\u00ec 5 e venerd\u00ec 6 dicembre far\u00e0 il suo esordio Aspettando il [&hellip;]","og_url":"https:\/\/www.bellunopress.it\/fr\/2019\/11\/17\/bassano-wine-festival-due-serate-allinsegna-dellabbinamento-vino-cibo\/","og_site_name":"Bellunopress - Dolomiti","article_publisher":"https:\/\/www.facebook.com\/profile.php?id=100008943462799","article_published_time":"2019-11-17T13:48:33+00:00","og_image":[{"url":"http:\/\/www.bellunopress.it\/wp-content\/uploads\/2018\/10\/Bassano-Wine-Festival.jpg","type":"","width":"","height":""}],"author":"redazione","twitter_card":"summary_large_image","twitter_creator":"@bellunopress","twitter_site":"@bellunopress","twitter_misc":{"Written by":"redazione","Est. reading time":"2 minutes"},"schema":{"@context":"https:\/\/schema.org","@graph":[{"@type":"Article","@id":"https:\/\/www.bellunopress.it\/2019\/11\/17\/bassano-wine-festival-due-serate-allinsegna-dellabbinamento-vino-cibo\/#article","isPartOf":{"@id":"https:\/\/www.bellunopress.it\/2019\/11\/17\/bassano-wine-festival-due-serate-allinsegna-dellabbinamento-vino-cibo\/"},"author":{"name":"redazione","@id":"https:\/\/www.bellunopress.it\/#\/schema\/person\/79bb06722b37ece1c03d3e94beb30d73"},"headline":"Bassano Wine Festival: due serate all&#8217;insegna dell&#8217;abbinamento vino cibo","datePublished":"2019-11-17T13:48:33+00:00","mainEntityOfPage":{"@id":"https:\/\/www.bellunopress.it\/2019\/11\/17\/bassano-wine-festival-due-serate-allinsegna-dellabbinamento-vino-cibo\/"},"wordCount":388,"publisher":{"@id":"https:\/\/www.bellunopress.it\/#organization"},"image":{"@id":"https:\/\/www.bellunopress.it\/2019\/11\/17\/bassano-wine-festival-due-serate-allinsegna-dellabbinamento-vino-cibo\/#primaryimage"},"thumbnailUrl":"http:\/\/www.bellunopress.it\/wp-content\/uploads\/2018\/10\/Bassano-Wine-Festival.jpg","articleSection":["Appuntamenti, Eventi","Eventi enogastronomici","Pausa Caff\u00e8"],"inLanguage":"fr-FR"},{"@type":"WebPage","@id":"https:\/\/www.bellunopress.it\/2019\/11\/17\/bassano-wine-festival-due-serate-allinsegna-dellabbinamento-vino-cibo\/","url":"https:\/\/www.bellunopress.it\/2019\/11\/17\/bassano-wine-festival-due-serate-allinsegna-dellabbinamento-vino-cibo\/","name":"Bassano Wine Festival: due serate all'insegna dell'abbinamento vino cibo - Bellunopress - Dolomiti","isPartOf":{"@id":"https:\/\/www.bellunopress.it\/#website"},"primaryImageOfPage":{"@id":"https:\/\/www.bellunopress.it\/2019\/11\/17\/bassano-wine-festival-due-serate-allinsegna-dellabbinamento-vino-cibo\/#primaryimage"},"image":{"@id":"https:\/\/www.bellunopress.it\/2019\/11\/17\/bassano-wine-festival-due-serate-allinsegna-dellabbinamento-vino-cibo\/#primaryimage"},"thumbnailUrl":"http:\/\/www.bellunopress.it\/wp-content\/uploads\/2018\/10\/Bassano-Wine-Festival.jpg","datePublished":"2019-11-17T13:48:33+00:00","breadcrumb":{"@id":"https:\/\/www.bellunopress.it\/2019\/11\/17\/bassano-wine-festival-due-serate-allinsegna-dellabbinamento-vino-cibo\/#breadcrumb"},"inLanguage":"fr-FR","potentialAction":[{"@type":"ReadAction","target":["https:\/\/www.bellunopress.it\/2019\/11\/17\/bassano-wine-festival-due-serate-allinsegna-dellabbinamento-vino-cibo\/"]}]},{"@type":"ImageObject","inLanguage":"fr-FR","@id":"https:\/\/www.bellunopress.it\/2019\/11\/17\/bassano-wine-festival-due-serate-allinsegna-dellabbinamento-vino-cibo\/#primaryimage","url":"http:\/\/www.bellunopress.it\/wp-content\/uploads\/2018\/10\/Bassano-Wine-Festival.jpg","contentUrl":"http:\/\/www.bellunopress.it\/wp-content\/uploads\/2018\/10\/Bassano-Wine-Festival.jpg"},{"@type":"BreadcrumbList","@id":"https:\/\/www.bellunopress.it\/2019\/11\/17\/bassano-wine-festival-due-serate-allinsegna-dellabbinamento-vino-cibo\/#breadcrumb","itemListElement":[{"@type":"ListItem","position":1,"name":"Home","item":"https:\/\/www.bellunopress.it\/"},{"@type":"ListItem","position":2,"name":"Bassano Wine Festival: due serate all&#8217;insegna dell&#8217;abbinamento vino cibo"}]},{"@type":"WebSite","@id":"https:\/\/www.bellunopress.it\/#website","url":"https:\/\/www.bellunopress.it\/","name":"Bellunopress - Dolomiti","description":"e-mail: redazione@bellunopress.it","publisher":{"@id":"https:\/\/www.bellunopress.it\/#organization"},"potentialAction":[{"@type":"SearchAction","target":{"@type":"EntryPoint","urlTemplate":"https:\/\/www.bellunopress.it\/?s={search_term_string}"},"query-input":{"@type":"PropertyValueSpecification","valueRequired":true,"valueName":"search_term_string"}}],"inLanguage":"fr-FR"},{"@type":"Organization","@id":"https:\/\/www.bellunopress.it\/#organization","name":"Bellunopress","url":"https:\/\/www.bellunopress.it\/","logo":{"@type":"ImageObject","inLanguage":"fr-FR","@id":"https:\/\/www.bellunopress.it\/#\/schema\/logo\/image\/","url":"https:\/\/www.bellunopress.it\/wp-content\/uploads\/2011\/05\/cropped-logo-bellunopress-.jpg","contentUrl":"https:\/\/www.bellunopress.it\/wp-content\/uploads\/2011\/05\/cropped-logo-bellunopress-.jpg","width":512,"height":512,"caption":"Bellunopress"},"image":{"@id":"https:\/\/www.bellunopress.it\/#\/schema\/logo\/image\/"},"sameAs":["https:\/\/www.facebook.com\/profile.php?id=100008943462799","https:\/\/x.com\/bellunopress","https:\/\/www.linkedin.com\/hp\/?dnr=JBzUWaJfMUw8vbXJJ2tVW5-I3jZKvC4wsoxE&amp;amp;amp;amp;amp;amp;trk=nav_responsive_tab_home","https:\/\/www.youtube.com\/channel\/UCxL0wu1uN0_3_7hGG0306cw"]},{"@type":"Person","@id":"https:\/\/www.bellunopress.it\/#\/schema\/person\/79bb06722b37ece1c03d3e94beb30d73","name":"r\u00e9daction","image":{"@type":"ImageObject","inLanguage":"fr-FR","@id":"https:\/\/secure.gravatar.com\/avatar\/37d968a2e67a6fd04c169c4bdef102d0bc5d31b2546345219e348575eb80e9a0?s=96&d=mm&r=g","url":"https:\/\/secure.gravatar.com\/avatar\/37d968a2e67a6fd04c169c4bdef102d0bc5d31b2546345219e348575eb80e9a0?s=96&d=mm&r=g","contentUrl":"https:\/\/secure.gravatar.com\/avatar\/37d968a2e67a6fd04c169c4bdef102d0bc5d31b2546345219e348575eb80e9a0?s=96&d=mm&r=g","caption":"redazione"},"sameAs":["http:\/\/www.bellunopress.it","https:\/\/x.com\/bellunopress"],"url":"https:\/\/www.bellunopress.it\/fr\/author\/redazione\/"}]}},"_links":{"self":[{"href":"https:\/\/www.bellunopress.it\/fr\/wp-json\/wp\/v2\/posts\/109535","targetHints":{"allow":["GET"]}}],"collection":[{"href":"https:\/\/www.bellunopress.it\/fr\/wp-json\/wp\/v2\/posts"}],"about":[{"href":"https:\/\/www.bellunopress.it\/fr\/wp-json\/wp\/v2\/types\/post"}],"author":[{"embeddable":true,"href":"https:\/\/www.bellunopress.it\/fr\/wp-json\/wp\/v2\/users\/2"}],"replies":[{"embeddable":true,"href":"https:\/\/www.bellunopress.it\/fr\/wp-json\/wp\/v2\/comments?post=109535"}],"version-history":[{"count":1,"href":"https:\/\/www.bellunopress.it\/fr\/wp-json\/wp\/v2\/posts\/109535\/revisions"}],"predecessor-version":[{"id":109536,"href":"https:\/\/www.bellunopress.it\/fr\/wp-json\/wp\/v2\/posts\/109535\/revisions\/109536"}],"wp:attachment":[{"href":"https:\/\/www.bellunopress.it\/fr\/wp-json\/wp\/v2\/media?parent=109535"}],"wp:term":[{"taxonomy":"category","embeddable":true,"href":"https:\/\/www.bellunopress.it\/fr\/wp-json\/wp\/v2\/categories?post=109535"},{"taxonomy":"post_tag","embeddable":true,"href":"https:\/\/www.bellunopress.it\/fr\/wp-json\/wp\/v2\/tags?post=109535"}],"curies":[{"name":"wp","href":"https:\/\/api.w.org\/{rel}","templated":true}]}}