{"id":109525,"date":"2019-11-13T12:54:09","date_gmt":"2019-11-13T11:54:09","guid":{"rendered":"http:\/\/www.bellunopress.it\/?p=109525"},"modified":"2019-11-13T12:54:09","modified_gmt":"2019-11-13T11:54:09","slug":"acqua-alta-a-venezia-de-carlo-chiede-lattivazione-del-mose-solidarieta-ai-veneziani-fdi-chiedera-risorse-immediate-per-ristorare-i-danni","status":"publish","type":"post","link":"https:\/\/www.bellunopress.it\/fr\/2019\/11\/13\/acqua-alta-a-venezia-de-carlo-chiede-lattivazione-del-mose-solidarieta-ai-veneziani-fdi-chiedera-risorse-immediate-per-ristorare-i-danni\/","title":{"rendered":"Acqua alta a Venezia. De Carlo chiede l&#8217;attivazione del Mose: \u201cSolidariet\u00e0 ai veneziani. FdI chieder\u00e0 risorse immediate per ristorare i danni\u201d"},"content":{"rendered":"<p><a href=\"http:\/\/www.bellunopress.it\/fr\/2019\/10\/10\/sabato-laperitivo-agordino-con-lonorevole-luca-de-carlo\/luca-de-carlo-4\/\" rel=\"attachment wp-att-108654\"><img loading=\"lazy\" decoding=\"async\" class=\"alignleft size-full wp-image-108654\" src=\"http:\/\/www.bellunopress.it\/wp-content\/uploads\/2019\/10\/Luca-De-Carlo.jpg\" alt=\"\" width=\"239\" height=\"303\" \/><\/a>\u201cA poco pi\u00f9 di un anno dalla tempesta Vaia, una nuova calamit\u00e0 si \u00e8 abbattuta sul Veneto, e in particolare su Venezia: da sindaco di un comune che ha sofferto il passaggio di Vaia, che ancora oggi ci vede impegnati nelle operazioni di ripristino, esprimo tutta la mia solidariet\u00e0 al Sindaco di Venezia, a tutti i sindaci del litorale e a<br \/>\ntutti i cittadini per quanto hanno vissuto nelle ultime ore.<\/p>\n<p>Fratelli d&#8217;Italia chieder\u00e0 al Governo di stanziare le risorse per rimediare il prima possibile ai danni causati dal maltempo di questa notte\u201d: cos\u00ec il deputato di Fratelli d&#8217;Italia e sindaco di Calalzo di Cadore, Luca De Carlo.<br \/>\n\u201cQuello che io mi chiedo, e che molti cittadini mi stanno chiedendo, \u00e8: perch\u00e9? Come \u00e8 potuto accadere? Come si sono potuti spendere miliardi in un&#8217;opera come il Mose, che doveva evitare queste calamit\u00e0, e assistere<br \/>\nancora a queste scene drammatiche? I cittadini vogliono risposte concrete\u201d, continua De Carlo. \u201cPer questo, porteremo i bisogni di Venezia e dei veneziani in Parlamento, per chiedere che vengano stanziate le risorse per sanare i danni causati dall&#8217;alta marea e dal maltempo che ha colpito l&#8217;intero litorale veneto. Stiamo parlando di un<br \/>\npatrimonio storico, culturale, artistico e turistico unico al mondo, conosciuto in tutto il pianeta; non parliamo solo di Venezia, citt\u00e0 meravigliosa e unica, ma di tutte quelle localit\u00e0, da Chioggia a Bibione passando per Jesolo, che sono tra le protagoniste principali dell&#8217;economia turistica regionale. Dobbiamo difenderle a tutti i costi, attivando il Mose, ma anche realizzando progetti di tutela delle spiagge e di pulizia dei canali\u201d.<\/p>","protected":false},"excerpt":{"rendered":"<p>\u201cA poco pi\u00f9 di un anno dalla tempesta Vaia, una nuova calamit\u00e0 si \u00e8 abbattuta sul Veneto, e in particolare su Venezia: da sindaco di un comune che ha sofferto il passaggio di Vaia, che ancora oggi ci vede impegnati nelle operazioni di ripristino, esprimo tutta la mia solidariet\u00e0 al Sindaco di Venezia, a tutti [&hellip;]<\/p>\n","protected":false},"author":2,"featured_media":0,"comment_status":"closed","ping_status":"open","sticky":false,"template":"","format":"standard","meta":{"footnotes":""},"categories":[5,26],"tags":[],"class_list":["post-109525","post","type-post","status-publish","format-standard","category-cronaca","category-prima-pagina"],"yoast_head":"<!-- This site is optimized with the Yoast SEO plugin v28.4 - https:\/\/yoast.com\/product\/yoast-seo-wordpress\/ -->\n<title>Acqua alta a Venezia. De Carlo chiede l&#039;attivazione del Mose: \u201cSolidariet\u00e0 ai veneziani. FdI chieder\u00e0 risorse immediate per ristorare i danni\u201d - Bellunopress - Dolomiti<\/title>\n<meta name=\"robots\" content=\"index, follow, max-snippet:-1, max-image-preview:large, max-video-preview:-1\" \/>\n<link rel=\"canonical\" href=\"https:\/\/www.bellunopress.it\/fr\/2019\/11\/13\/acqua-alta-a-venezia-de-carlo-chiede-lattivazione-del-mose-solidarieta-ai-veneziani-fdi-chiedera-risorse-immediate-per-ristorare-i-danni\/\" \/>\n<meta property=\"og:locale\" content=\"fr_FR\" \/>\n<meta property=\"og:type\" content=\"article\" \/>\n<meta property=\"og:title\" content=\"Acqua alta a Venezia. De Carlo chiede l&#039;attivazione del Mose: \u201cSolidariet\u00e0 ai veneziani. FdI chieder\u00e0 risorse immediate per ristorare i danni\u201d - Bellunopress - Dolomiti\" \/>\n<meta property=\"og:description\" content=\"\u201cA poco pi\u00f9 di un anno dalla tempesta Vaia, una nuova calamit\u00e0 si \u00e8 abbattuta sul Veneto, e in particolare su Venezia: da sindaco di un comune che ha sofferto il passaggio di Vaia, che ancora oggi ci vede impegnati nelle operazioni di ripristino, esprimo tutta la mia solidariet\u00e0 al Sindaco di Venezia, a tutti [&hellip;]\" \/>\n<meta property=\"og:url\" content=\"https:\/\/www.bellunopress.it\/fr\/2019\/11\/13\/acqua-alta-a-venezia-de-carlo-chiede-lattivazione-del-mose-solidarieta-ai-veneziani-fdi-chiedera-risorse-immediate-per-ristorare-i-danni\/\" \/>\n<meta property=\"og:site_name\" content=\"Bellunopress - Dolomiti\" \/>\n<meta property=\"article:publisher\" content=\"https:\/\/www.facebook.com\/profile.php?id=100008943462799\" \/>\n<meta property=\"article:published_time\" content=\"2019-11-13T11:54:09+00:00\" \/>\n<meta property=\"og:image\" content=\"http:\/\/www.bellunopress.it\/wp-content\/uploads\/2019\/10\/Luca-De-Carlo.jpg\" \/>\n<meta name=\"author\" content=\"redazione\" \/>\n<meta name=\"twitter:card\" content=\"summary_large_image\" \/>\n<meta name=\"twitter:creator\" content=\"@bellunopress\" \/>\n<meta name=\"twitter:site\" content=\"@bellunopress\" \/>\n<meta name=\"twitter:label1\" content=\"Written by\" \/>\n\t<meta name=\"twitter:data1\" content=\"redazione\" \/>\n\t<meta name=\"twitter:label2\" content=\"Est. reading time\" \/>\n\t<meta name=\"twitter:data2\" content=\"1 minute\" \/>\n<script type=\"application\/ld+json\" class=\"yoast-schema-graph\">{\"@context\":\"https:\\\/\\\/schema.org\",\"@graph\":[{\"@type\":\"Article\",\"@id\":\"https:\\\/\\\/www.bellunopress.it\\\/2019\\\/11\\\/13\\\/acqua-alta-a-venezia-de-carlo-chiede-lattivazione-del-mose-solidarieta-ai-veneziani-fdi-chiedera-risorse-immediate-per-ristorare-i-danni\\\/#article\",\"isPartOf\":{\"@id\":\"https:\\\/\\\/www.bellunopress.it\\\/2019\\\/11\\\/13\\\/acqua-alta-a-venezia-de-carlo-chiede-lattivazione-del-mose-solidarieta-ai-veneziani-fdi-chiedera-risorse-immediate-per-ristorare-i-danni\\\/\"},\"author\":{\"name\":\"redazione\",\"@id\":\"https:\\\/\\\/www.bellunopress.it\\\/#\\\/schema\\\/person\\\/79bb06722b37ece1c03d3e94beb30d73\"},\"headline\":\"Acqua alta a Venezia. De Carlo chiede l&#8217;attivazione del Mose: \u201cSolidariet\u00e0 ai veneziani. FdI chieder\u00e0 risorse immediate per ristorare i danni\u201d\",\"datePublished\":\"2019-11-13T11:54:09+00:00\",\"mainEntityOfPage\":{\"@id\":\"https:\\\/\\\/www.bellunopress.it\\\/2019\\\/11\\\/13\\\/acqua-alta-a-venezia-de-carlo-chiede-lattivazione-del-mose-solidarieta-ai-veneziani-fdi-chiedera-risorse-immediate-per-ristorare-i-danni\\\/\"},\"wordCount\":287,\"publisher\":{\"@id\":\"https:\\\/\\\/www.bellunopress.it\\\/#organization\"},\"image\":{\"@id\":\"https:\\\/\\\/www.bellunopress.it\\\/2019\\\/11\\\/13\\\/acqua-alta-a-venezia-de-carlo-chiede-lattivazione-del-mose-solidarieta-ai-veneziani-fdi-chiedera-risorse-immediate-per-ristorare-i-danni\\\/#primaryimage\"},\"thumbnailUrl\":\"http:\\\/\\\/www.bellunopress.it\\\/wp-content\\\/uploads\\\/2019\\\/10\\\/Luca-De-Carlo.jpg\",\"articleSection\":[\"Cronaca\\\/Politica\",\"Prima Pagina\"],\"inLanguage\":\"fr-FR\"},{\"@type\":\"WebPage\",\"@id\":\"https:\\\/\\\/www.bellunopress.it\\\/2019\\\/11\\\/13\\\/acqua-alta-a-venezia-de-carlo-chiede-lattivazione-del-mose-solidarieta-ai-veneziani-fdi-chiedera-risorse-immediate-per-ristorare-i-danni\\\/\",\"url\":\"https:\\\/\\\/www.bellunopress.it\\\/2019\\\/11\\\/13\\\/acqua-alta-a-venezia-de-carlo-chiede-lattivazione-del-mose-solidarieta-ai-veneziani-fdi-chiedera-risorse-immediate-per-ristorare-i-danni\\\/\",\"name\":\"Acqua alta a Venezia. De Carlo chiede l'attivazione del Mose: \u201cSolidariet\u00e0 ai veneziani. FdI chieder\u00e0 risorse immediate per ristorare i danni\u201d - Bellunopress - Dolomiti\",\"isPartOf\":{\"@id\":\"https:\\\/\\\/www.bellunopress.it\\\/#website\"},\"primaryImageOfPage\":{\"@id\":\"https:\\\/\\\/www.bellunopress.it\\\/2019\\\/11\\\/13\\\/acqua-alta-a-venezia-de-carlo-chiede-lattivazione-del-mose-solidarieta-ai-veneziani-fdi-chiedera-risorse-immediate-per-ristorare-i-danni\\\/#primaryimage\"},\"image\":{\"@id\":\"https:\\\/\\\/www.bellunopress.it\\\/2019\\\/11\\\/13\\\/acqua-alta-a-venezia-de-carlo-chiede-lattivazione-del-mose-solidarieta-ai-veneziani-fdi-chiedera-risorse-immediate-per-ristorare-i-danni\\\/#primaryimage\"},\"thumbnailUrl\":\"http:\\\/\\\/www.bellunopress.it\\\/wp-content\\\/uploads\\\/2019\\\/10\\\/Luca-De-Carlo.jpg\",\"datePublished\":\"2019-11-13T11:54:09+00:00\",\"breadcrumb\":{\"@id\":\"https:\\\/\\\/www.bellunopress.it\\\/2019\\\/11\\\/13\\\/acqua-alta-a-venezia-de-carlo-chiede-lattivazione-del-mose-solidarieta-ai-veneziani-fdi-chiedera-risorse-immediate-per-ristorare-i-danni\\\/#breadcrumb\"},\"inLanguage\":\"fr-FR\",\"potentialAction\":[{\"@type\":\"ReadAction\",\"target\":[\"https:\\\/\\\/www.bellunopress.it\\\/2019\\\/11\\\/13\\\/acqua-alta-a-venezia-de-carlo-chiede-lattivazione-del-mose-solidarieta-ai-veneziani-fdi-chiedera-risorse-immediate-per-ristorare-i-danni\\\/\"]}]},{\"@type\":\"ImageObject\",\"inLanguage\":\"fr-FR\",\"@id\":\"https:\\\/\\\/www.bellunopress.it\\\/2019\\\/11\\\/13\\\/acqua-alta-a-venezia-de-carlo-chiede-lattivazione-del-mose-solidarieta-ai-veneziani-fdi-chiedera-risorse-immediate-per-ristorare-i-danni\\\/#primaryimage\",\"url\":\"http:\\\/\\\/www.bellunopress.it\\\/wp-content\\\/uploads\\\/2019\\\/10\\\/Luca-De-Carlo.jpg\",\"contentUrl\":\"http:\\\/\\\/www.bellunopress.it\\\/wp-content\\\/uploads\\\/2019\\\/10\\\/Luca-De-Carlo.jpg\"},{\"@type\":\"BreadcrumbList\",\"@id\":\"https:\\\/\\\/www.bellunopress.it\\\/2019\\\/11\\\/13\\\/acqua-alta-a-venezia-de-carlo-chiede-lattivazione-del-mose-solidarieta-ai-veneziani-fdi-chiedera-risorse-immediate-per-ristorare-i-danni\\\/#breadcrumb\",\"itemListElement\":[{\"@type\":\"ListItem\",\"position\":1,\"name\":\"Home\",\"item\":\"https:\\\/\\\/www.bellunopress.it\\\/\"},{\"@type\":\"ListItem\",\"position\":2,\"name\":\"Acqua alta a Venezia. De Carlo chiede l&#8217;attivazione del Mose: \u201cSolidariet\u00e0 ai veneziani. FdI chieder\u00e0 risorse immediate per ristorare i danni\u201d\"}]},{\"@type\":\"WebSite\",\"@id\":\"https:\\\/\\\/www.bellunopress.it\\\/#website\",\"url\":\"https:\\\/\\\/www.bellunopress.it\\\/\",\"name\":\"Bellunopress - Dolomiti\",\"description\":\"e-mail: redazione@bellunopress.it\",\"publisher\":{\"@id\":\"https:\\\/\\\/www.bellunopress.it\\\/#organization\"},\"potentialAction\":[{\"@type\":\"SearchAction\",\"target\":{\"@type\":\"EntryPoint\",\"urlTemplate\":\"https:\\\/\\\/www.bellunopress.it\\\/?s={search_term_string}\"},\"query-input\":{\"@type\":\"PropertyValueSpecification\",\"valueRequired\":true,\"valueName\":\"search_term_string\"}}],\"inLanguage\":\"fr-FR\"},{\"@type\":\"Organization\",\"@id\":\"https:\\\/\\\/www.bellunopress.it\\\/#organization\",\"name\":\"Bellunopress\",\"url\":\"https:\\\/\\\/www.bellunopress.it\\\/\",\"logo\":{\"@type\":\"ImageObject\",\"inLanguage\":\"fr-FR\",\"@id\":\"https:\\\/\\\/www.bellunopress.it\\\/#\\\/schema\\\/logo\\\/image\\\/\",\"url\":\"https:\\\/\\\/www.bellunopress.it\\\/wp-content\\\/uploads\\\/2011\\\/05\\\/cropped-logo-bellunopress-.jpg\",\"contentUrl\":\"https:\\\/\\\/www.bellunopress.it\\\/wp-content\\\/uploads\\\/2011\\\/05\\\/cropped-logo-bellunopress-.jpg\",\"width\":512,\"height\":512,\"caption\":\"Bellunopress\"},\"image\":{\"@id\":\"https:\\\/\\\/www.bellunopress.it\\\/#\\\/schema\\\/logo\\\/image\\\/\"},\"sameAs\":[\"https:\\\/\\\/www.facebook.com\\\/profile.php?id=100008943462799\",\"https:\\\/\\\/x.com\\\/bellunopress\",\"https:\\\/\\\/www.linkedin.com\\\/hp\\\/?dnr=JBzUWaJfMUw8vbXJJ2tVW5-I3jZKvC4wsoxE&amp;amp;amp;amp;amp;amp;trk=nav_responsive_tab_home\",\"https:\\\/\\\/www.youtube.com\\\/channel\\\/UCxL0wu1uN0_3_7hGG0306cw\"]},{\"@type\":\"Person\",\"@id\":\"https:\\\/\\\/www.bellunopress.it\\\/#\\\/schema\\\/person\\\/79bb06722b37ece1c03d3e94beb30d73\",\"name\":\"redazione\",\"image\":{\"@type\":\"ImageObject\",\"inLanguage\":\"fr-FR\",\"@id\":\"https:\\\/\\\/secure.gravatar.com\\\/avatar\\\/37d968a2e67a6fd04c169c4bdef102d0bc5d31b2546345219e348575eb80e9a0?s=96&d=mm&r=g\",\"url\":\"https:\\\/\\\/secure.gravatar.com\\\/avatar\\\/37d968a2e67a6fd04c169c4bdef102d0bc5d31b2546345219e348575eb80e9a0?s=96&d=mm&r=g\",\"contentUrl\":\"https:\\\/\\\/secure.gravatar.com\\\/avatar\\\/37d968a2e67a6fd04c169c4bdef102d0bc5d31b2546345219e348575eb80e9a0?s=96&d=mm&r=g\",\"caption\":\"redazione\"},\"sameAs\":[\"http:\\\/\\\/www.bellunopress.it\",\"https:\\\/\\\/x.com\\\/bellunopress\"],\"url\":\"https:\\\/\\\/www.bellunopress.it\\\/fr\\\/author\\\/redazione\\\/\"}]}<\/script>\n<!-- \/ Yoast SEO plugin. -->","yoast_head_json":{"title":"Acqua alta a Venezia. De Carlo chiede l'attivazione del Mose: \u201cSolidariet\u00e0 ai veneziani. FdI chieder\u00e0 risorse immediate per ristorare i danni\u201d - Bellunopress - Dolomiti","robots":{"index":"index","follow":"follow","max-snippet":"max-snippet:-1","max-image-preview":"max-image-preview:large","max-video-preview":"max-video-preview:-1"},"canonical":"https:\/\/www.bellunopress.it\/fr\/2019\/11\/13\/acqua-alta-a-venezia-de-carlo-chiede-lattivazione-del-mose-solidarieta-ai-veneziani-fdi-chiedera-risorse-immediate-per-ristorare-i-danni\/","og_locale":"fr_FR","og_type":"article","og_title":"Acqua alta a Venezia. De Carlo chiede l'attivazione del Mose: \u201cSolidariet\u00e0 ai veneziani. FdI chieder\u00e0 risorse immediate per ristorare i danni\u201d - Bellunopress - Dolomiti","og_description":"\u201cA poco pi\u00f9 di un anno dalla tempesta Vaia, una nuova calamit\u00e0 si \u00e8 abbattuta sul Veneto, e in particolare su Venezia: da sindaco di un comune che ha sofferto il passaggio di Vaia, che ancora oggi ci vede impegnati nelle operazioni di ripristino, esprimo tutta la mia solidariet\u00e0 al Sindaco di Venezia, a tutti [&hellip;]","og_url":"https:\/\/www.bellunopress.it\/fr\/2019\/11\/13\/acqua-alta-a-venezia-de-carlo-chiede-lattivazione-del-mose-solidarieta-ai-veneziani-fdi-chiedera-risorse-immediate-per-ristorare-i-danni\/","og_site_name":"Bellunopress - Dolomiti","article_publisher":"https:\/\/www.facebook.com\/profile.php?id=100008943462799","article_published_time":"2019-11-13T11:54:09+00:00","og_image":[{"url":"http:\/\/www.bellunopress.it\/wp-content\/uploads\/2019\/10\/Luca-De-Carlo.jpg","type":"","width":"","height":""}],"author":"redazione","twitter_card":"summary_large_image","twitter_creator":"@bellunopress","twitter_site":"@bellunopress","twitter_misc":{"Written by":"redazione","Est. reading time":"1 minute"},"schema":{"@context":"https:\/\/schema.org","@graph":[{"@type":"Article","@id":"https:\/\/www.bellunopress.it\/2019\/11\/13\/acqua-alta-a-venezia-de-carlo-chiede-lattivazione-del-mose-solidarieta-ai-veneziani-fdi-chiedera-risorse-immediate-per-ristorare-i-danni\/#article","isPartOf":{"@id":"https:\/\/www.bellunopress.it\/2019\/11\/13\/acqua-alta-a-venezia-de-carlo-chiede-lattivazione-del-mose-solidarieta-ai-veneziani-fdi-chiedera-risorse-immediate-per-ristorare-i-danni\/"},"author":{"name":"redazione","@id":"https:\/\/www.bellunopress.it\/#\/schema\/person\/79bb06722b37ece1c03d3e94beb30d73"},"headline":"Acqua alta a Venezia. De Carlo chiede l&#8217;attivazione del Mose: \u201cSolidariet\u00e0 ai veneziani. FdI chieder\u00e0 risorse immediate per ristorare i danni\u201d","datePublished":"2019-11-13T11:54:09+00:00","mainEntityOfPage":{"@id":"https:\/\/www.bellunopress.it\/2019\/11\/13\/acqua-alta-a-venezia-de-carlo-chiede-lattivazione-del-mose-solidarieta-ai-veneziani-fdi-chiedera-risorse-immediate-per-ristorare-i-danni\/"},"wordCount":287,"publisher":{"@id":"https:\/\/www.bellunopress.it\/#organization"},"image":{"@id":"https:\/\/www.bellunopress.it\/2019\/11\/13\/acqua-alta-a-venezia-de-carlo-chiede-lattivazione-del-mose-solidarieta-ai-veneziani-fdi-chiedera-risorse-immediate-per-ristorare-i-danni\/#primaryimage"},"thumbnailUrl":"http:\/\/www.bellunopress.it\/wp-content\/uploads\/2019\/10\/Luca-De-Carlo.jpg","articleSection":["Cronaca\/Politica","Prima Pagina"],"inLanguage":"fr-FR"},{"@type":"WebPage","@id":"https:\/\/www.bellunopress.it\/2019\/11\/13\/acqua-alta-a-venezia-de-carlo-chiede-lattivazione-del-mose-solidarieta-ai-veneziani-fdi-chiedera-risorse-immediate-per-ristorare-i-danni\/","url":"https:\/\/www.bellunopress.it\/2019\/11\/13\/acqua-alta-a-venezia-de-carlo-chiede-lattivazione-del-mose-solidarieta-ai-veneziani-fdi-chiedera-risorse-immediate-per-ristorare-i-danni\/","name":"Acqua alta a Venezia. De Carlo chiede l'attivazione del Mose: \u201cSolidariet\u00e0 ai veneziani. FdI chieder\u00e0 risorse immediate per ristorare i danni\u201d - Bellunopress - Dolomiti","isPartOf":{"@id":"https:\/\/www.bellunopress.it\/#website"},"primaryImageOfPage":{"@id":"https:\/\/www.bellunopress.it\/2019\/11\/13\/acqua-alta-a-venezia-de-carlo-chiede-lattivazione-del-mose-solidarieta-ai-veneziani-fdi-chiedera-risorse-immediate-per-ristorare-i-danni\/#primaryimage"},"image":{"@id":"https:\/\/www.bellunopress.it\/2019\/11\/13\/acqua-alta-a-venezia-de-carlo-chiede-lattivazione-del-mose-solidarieta-ai-veneziani-fdi-chiedera-risorse-immediate-per-ristorare-i-danni\/#primaryimage"},"thumbnailUrl":"http:\/\/www.bellunopress.it\/wp-content\/uploads\/2019\/10\/Luca-De-Carlo.jpg","datePublished":"2019-11-13T11:54:09+00:00","breadcrumb":{"@id":"https:\/\/www.bellunopress.it\/2019\/11\/13\/acqua-alta-a-venezia-de-carlo-chiede-lattivazione-del-mose-solidarieta-ai-veneziani-fdi-chiedera-risorse-immediate-per-ristorare-i-danni\/#breadcrumb"},"inLanguage":"fr-FR","potentialAction":[{"@type":"ReadAction","target":["https:\/\/www.bellunopress.it\/2019\/11\/13\/acqua-alta-a-venezia-de-carlo-chiede-lattivazione-del-mose-solidarieta-ai-veneziani-fdi-chiedera-risorse-immediate-per-ristorare-i-danni\/"]}]},{"@type":"ImageObject","inLanguage":"fr-FR","@id":"https:\/\/www.bellunopress.it\/2019\/11\/13\/acqua-alta-a-venezia-de-carlo-chiede-lattivazione-del-mose-solidarieta-ai-veneziani-fdi-chiedera-risorse-immediate-per-ristorare-i-danni\/#primaryimage","url":"http:\/\/www.bellunopress.it\/wp-content\/uploads\/2019\/10\/Luca-De-Carlo.jpg","contentUrl":"http:\/\/www.bellunopress.it\/wp-content\/uploads\/2019\/10\/Luca-De-Carlo.jpg"},{"@type":"BreadcrumbList","@id":"https:\/\/www.bellunopress.it\/2019\/11\/13\/acqua-alta-a-venezia-de-carlo-chiede-lattivazione-del-mose-solidarieta-ai-veneziani-fdi-chiedera-risorse-immediate-per-ristorare-i-danni\/#breadcrumb","itemListElement":[{"@type":"ListItem","position":1,"name":"Home","item":"https:\/\/www.bellunopress.it\/"},{"@type":"ListItem","position":2,"name":"Acqua alta a Venezia. De Carlo chiede l&#8217;attivazione del Mose: \u201cSolidariet\u00e0 ai veneziani. FdI chieder\u00e0 risorse immediate per ristorare i danni\u201d"}]},{"@type":"WebSite","@id":"https:\/\/www.bellunopress.it\/#website","url":"https:\/\/www.bellunopress.it\/","name":"Bellunopress - Dolomiti","description":"e-mail: redazione@bellunopress.it","publisher":{"@id":"https:\/\/www.bellunopress.it\/#organization"},"potentialAction":[{"@type":"SearchAction","target":{"@type":"EntryPoint","urlTemplate":"https:\/\/www.bellunopress.it\/?s={search_term_string}"},"query-input":{"@type":"PropertyValueSpecification","valueRequired":true,"valueName":"search_term_string"}}],"inLanguage":"fr-FR"},{"@type":"Organization","@id":"https:\/\/www.bellunopress.it\/#organization","name":"Bellunopress","url":"https:\/\/www.bellunopress.it\/","logo":{"@type":"ImageObject","inLanguage":"fr-FR","@id":"https:\/\/www.bellunopress.it\/#\/schema\/logo\/image\/","url":"https:\/\/www.bellunopress.it\/wp-content\/uploads\/2011\/05\/cropped-logo-bellunopress-.jpg","contentUrl":"https:\/\/www.bellunopress.it\/wp-content\/uploads\/2011\/05\/cropped-logo-bellunopress-.jpg","width":512,"height":512,"caption":"Bellunopress"},"image":{"@id":"https:\/\/www.bellunopress.it\/#\/schema\/logo\/image\/"},"sameAs":["https:\/\/www.facebook.com\/profile.php?id=100008943462799","https:\/\/x.com\/bellunopress","https:\/\/www.linkedin.com\/hp\/?dnr=JBzUWaJfMUw8vbXJJ2tVW5-I3jZKvC4wsoxE&amp;amp;amp;amp;amp;amp;trk=nav_responsive_tab_home","https:\/\/www.youtube.com\/channel\/UCxL0wu1uN0_3_7hGG0306cw"]},{"@type":"Person","@id":"https:\/\/www.bellunopress.it\/#\/schema\/person\/79bb06722b37ece1c03d3e94beb30d73","name":"r\u00e9daction","image":{"@type":"ImageObject","inLanguage":"fr-FR","@id":"https:\/\/secure.gravatar.com\/avatar\/37d968a2e67a6fd04c169c4bdef102d0bc5d31b2546345219e348575eb80e9a0?s=96&d=mm&r=g","url":"https:\/\/secure.gravatar.com\/avatar\/37d968a2e67a6fd04c169c4bdef102d0bc5d31b2546345219e348575eb80e9a0?s=96&d=mm&r=g","contentUrl":"https:\/\/secure.gravatar.com\/avatar\/37d968a2e67a6fd04c169c4bdef102d0bc5d31b2546345219e348575eb80e9a0?s=96&d=mm&r=g","caption":"redazione"},"sameAs":["http:\/\/www.bellunopress.it","https:\/\/x.com\/bellunopress"],"url":"https:\/\/www.bellunopress.it\/fr\/author\/redazione\/"}]}},"_links":{"self":[{"href":"https:\/\/www.bellunopress.it\/fr\/wp-json\/wp\/v2\/posts\/109525","targetHints":{"allow":["GET"]}}],"collection":[{"href":"https:\/\/www.bellunopress.it\/fr\/wp-json\/wp\/v2\/posts"}],"about":[{"href":"https:\/\/www.bellunopress.it\/fr\/wp-json\/wp\/v2\/types\/post"}],"author":[{"embeddable":true,"href":"https:\/\/www.bellunopress.it\/fr\/wp-json\/wp\/v2\/users\/2"}],"replies":[{"embeddable":true,"href":"https:\/\/www.bellunopress.it\/fr\/wp-json\/wp\/v2\/comments?post=109525"}],"version-history":[{"count":1,"href":"https:\/\/www.bellunopress.it\/fr\/wp-json\/wp\/v2\/posts\/109525\/revisions"}],"predecessor-version":[{"id":109526,"href":"https:\/\/www.bellunopress.it\/fr\/wp-json\/wp\/v2\/posts\/109525\/revisions\/109526"}],"wp:attachment":[{"href":"https:\/\/www.bellunopress.it\/fr\/wp-json\/wp\/v2\/media?parent=109525"}],"wp:term":[{"taxonomy":"category","embeddable":true,"href":"https:\/\/www.bellunopress.it\/fr\/wp-json\/wp\/v2\/categories?post=109525"},{"taxonomy":"post_tag","embeddable":true,"href":"https:\/\/www.bellunopress.it\/fr\/wp-json\/wp\/v2\/tags?post=109525"}],"curies":[{"name":"wp","href":"https:\/\/api.w.org\/{rel}","templated":true}]}}