{"id":109523,"date":"2019-11-13T12:30:02","date_gmt":"2019-11-13T11:30:02","guid":{"rendered":"http:\/\/www.bellunopress.it\/?p=109523"},"modified":"2019-11-13T13:38:56","modified_gmt":"2019-11-13T12:38:56","slug":"winterace-2020-11-passi-di-montagna-da-valicare-cortina-dampezzo-5-6-7-marzo-2020-aperte-le-iscrizioni","status":"publish","type":"post","link":"https:\/\/www.bellunopress.it\/fr\/2019\/11\/13\/winterace-2020-11-passi-di-montagna-da-valicare-cortina-dampezzo-5-6-7-marzo-2020-aperte-le-iscrizioni\/","title":{"rendered":"WinteRace 2020: 11 passi di montagna da valicare. Cortina d\u2019Ampezzo 5-6-7 marzo 2020. Aperte le iscrizioni"},"content":{"rendered":"<figure id=\"attachment_93226\" aria-describedby=\"caption-attachment-93226\" style=\"width: 300px\" class=\"wp-caption alignleft\"><a href=\"http:\/\/www.bellunopress.it\/fr\/2018\/03\/03\/winterace-2018-seconda-tappa-sfide-sui-passi-oltre-i-2000-metri\/winterace-2018-pini-pietropaolo-su-porsche-356-speedster-del-1956\/\" rel=\"attachment wp-att-93226\"><img loading=\"lazy\" decoding=\"async\" class=\"size-full wp-image-93226\" src=\"http:\/\/www.bellunopress.it\/wp-content\/uploads\/2018\/03\/Winterace-2018-Pini-Pietropaolo-su-Porsche-356-Speedster-del-1956.jpg\" alt=\"\" width=\"300\" height=\"274\" \/><\/a><figcaption id=\"caption-attachment-93226\" class=\"wp-caption-text\">Pini-Pietropaolo su Porsche 356 Speedster del 1956<\/figcaption><\/figure>\n<p>L\u2019Ottava edizione della WinteRace, Super Classica AciSport la cui partecipazione \u00e8 riservata a 70 vetture costruite entro il 1976, si preannuncia emozionante e piena di novit\u00e0. Una delle pi\u00f9 particolari \u00e8 il numero di passi da valicare, ben 11 di cui 8 sopra i 2000 metri. Ma non \u00e8 tutto. Lungo i 400 chilometri di percorso, tutti in territorio italiano, divisi in due tappe di circa 200 km l\u2019una, quest\u2019anno si svolgeranno prove su strade chiuse come quello dell\u2019incantevole villaggio di Siror, a poco pi\u00f9 di 1 km da Fiera di Primiero, dove \u00e8 prevista una sosta nel centro della citt\u00e0 con una calorosa accoglienza di figuranti in costumi locali.<\/p>\n<p>Rossella Labate, organizzatrice dell\u2019evento, racconta: \u201cQuest\u2019anno abbiamo studiato un percorso che non solo esalti le abilit\u00e0 di guida dei nostri equipaggi, ma che regali loro \u201cemozioni\u201d, perch\u00e9 \u00e8 questa una delle peculiarit\u00e0 della nostra manifestazione. Da qui la scelta di portarli, ad esempio a Siror, una vera perla alpina dov\u2019\u00e8 nato il mercatino di Natale pi\u00f9 antico del Trentino o farli sostare nel centro di Fiera di Primiero. La scelta di far valicare 11 passi di montagna \u00e8 legata al fascino di questi paesaggi innevati mentre quella di far attraversare localit\u00e0 come Corvara, Arabba, Dobbiaco \u00e8 legata all\u2019importanza della loro storia.\u201d<\/p>\n<p>La WinteRace \u00e8 l\u2019unica competizione di regolarit\u00e0 classica invernale sinonimo di glamour: \u00e8 infatti prevista un\u2019ospitalit\u00e0 a cinque stelle nel cuore della \u201cRegina delle Dolomiti\u201d dove le vetture sfileranno anche nel centro della citt\u00e0, il \u201clussuoso\u201d Corso Italia. Inoltre, gli equipaggi attraverseranno paesaggi dolomitici famosi nel mondo, patrimonio UNESCO.<br \/>\nTante le novit\u00e0, quindi, ma anche importanti certezze: la pi\u00f9 importante \u00e8 la V^ edizione della Porsche WinteRace. La gara \u00e8 dedicata ad un massimo di 30 vetture Porsche che verranno selezionate dall\u2019organizzazione e che per partecipare dovranno essere costruite dal 1977 fino ai giorni nostri. Partiranno, come sempre, in coda alle vetture storiche e avranno una loro classifica e premi dedicati; prestigiosi e importanti i premi e gli omaggi degli sponsor.<\/p>\n<p>L\u2019aspetto sportivo prevede invece 66 prove cronometrate e 6 prove di media\u00a0per un totale di 72 rilevamenti.<\/p>\n<p>Le iscrizioni si sono aperte il 1\u00b0 ottobre e si chiuderanno il 4 febbraio 2020.<\/p>","protected":false},"excerpt":{"rendered":"<p>L\u2019Ottava edizione della WinteRace, Super Classica AciSport la cui partecipazione \u00e8 riservata a 70 vetture costruite entro il 1976, si preannuncia emozionante e piena di novit\u00e0. Una delle pi\u00f9 particolari \u00e8 il numero di passi da valicare, ben 11 di cui 8 sopra i 2000 metri. Ma non \u00e8 tutto. Lungo i 400 chilometri di [&hellip;]<\/p>\n","protected":false},"author":2,"featured_media":0,"comment_status":"closed","ping_status":"open","sticky":false,"template":"","format":"standard","meta":{"footnotes":""},"categories":[5,4],"tags":[],"class_list":["post-109523","post","type-post","status-publish","format-standard","category-cronaca","category-sport"],"yoast_head":"<!-- This site is optimized with the Yoast SEO plugin v28.4 - https:\/\/yoast.com\/product\/yoast-seo-wordpress\/ -->\n<title>WinteRace 2020: 11 passi di montagna da valicare. Cortina d\u2019Ampezzo 5-6-7 marzo 2020. Aperte le iscrizioni - Bellunopress - Dolomiti<\/title>\n<meta name=\"robots\" content=\"index, follow, max-snippet:-1, max-image-preview:large, max-video-preview:-1\" \/>\n<link rel=\"canonical\" href=\"https:\/\/www.bellunopress.it\/fr\/2019\/11\/13\/winterace-2020-11-passi-di-montagna-da-valicare-cortina-dampezzo-5-6-7-marzo-2020-aperte-le-iscrizioni\/\" \/>\n<meta property=\"og:locale\" content=\"fr_FR\" \/>\n<meta property=\"og:type\" content=\"article\" \/>\n<meta property=\"og:title\" content=\"WinteRace 2020: 11 passi di montagna da valicare. Cortina d\u2019Ampezzo 5-6-7 marzo 2020. Aperte le iscrizioni - Bellunopress - Dolomiti\" \/>\n<meta property=\"og:description\" content=\"L\u2019Ottava edizione della WinteRace, Super Classica AciSport la cui partecipazione \u00e8 riservata a 70 vetture costruite entro il 1976, si preannuncia emozionante e piena di novit\u00e0. Una delle pi\u00f9 particolari \u00e8 il numero di passi da valicare, ben 11 di cui 8 sopra i 2000 metri. Ma non \u00e8 tutto. Lungo i 400 chilometri di [&hellip;]\" \/>\n<meta property=\"og:url\" content=\"https:\/\/www.bellunopress.it\/fr\/2019\/11\/13\/winterace-2020-11-passi-di-montagna-da-valicare-cortina-dampezzo-5-6-7-marzo-2020-aperte-le-iscrizioni\/\" \/>\n<meta property=\"og:site_name\" content=\"Bellunopress - Dolomiti\" \/>\n<meta property=\"article:publisher\" content=\"https:\/\/www.facebook.com\/profile.php?id=100008943462799\" \/>\n<meta property=\"article:published_time\" content=\"2019-11-13T11:30:02+00:00\" \/>\n<meta property=\"article:modified_time\" content=\"2019-11-13T12:38:56+00:00\" \/>\n<meta property=\"og:image\" content=\"http:\/\/www.bellunopress.it\/wp-content\/uploads\/2018\/03\/Winterace-2018-Pini-Pietropaolo-su-Porsche-356-Speedster-del-1956.jpg\" \/>\n<meta name=\"author\" content=\"redazione\" \/>\n<meta name=\"twitter:card\" content=\"summary_large_image\" \/>\n<meta name=\"twitter:creator\" content=\"@bellunopress\" \/>\n<meta name=\"twitter:site\" content=\"@bellunopress\" \/>\n<meta name=\"twitter:label1\" content=\"Written by\" \/>\n\t<meta name=\"twitter:data1\" content=\"redazione\" \/>\n\t<meta name=\"twitter:label2\" content=\"Est. reading time\" \/>\n\t<meta name=\"twitter:data2\" content=\"2 minutes\" \/>\n<script type=\"application\/ld+json\" class=\"yoast-schema-graph\">{\"@context\":\"https:\\\/\\\/schema.org\",\"@graph\":[{\"@type\":\"Article\",\"@id\":\"https:\\\/\\\/www.bellunopress.it\\\/2019\\\/11\\\/13\\\/winterace-2020-11-passi-di-montagna-da-valicare-cortina-dampezzo-5-6-7-marzo-2020-aperte-le-iscrizioni\\\/#article\",\"isPartOf\":{\"@id\":\"https:\\\/\\\/www.bellunopress.it\\\/2019\\\/11\\\/13\\\/winterace-2020-11-passi-di-montagna-da-valicare-cortina-dampezzo-5-6-7-marzo-2020-aperte-le-iscrizioni\\\/\"},\"author\":{\"name\":\"redazione\",\"@id\":\"https:\\\/\\\/www.bellunopress.it\\\/#\\\/schema\\\/person\\\/79bb06722b37ece1c03d3e94beb30d73\"},\"headline\":\"WinteRace 2020: 11 passi di montagna da valicare. Cortina d\u2019Ampezzo 5-6-7 marzo 2020. Aperte le iscrizioni\",\"datePublished\":\"2019-11-13T11:30:02+00:00\",\"dateModified\":\"2019-11-13T12:38:56+00:00\",\"mainEntityOfPage\":{\"@id\":\"https:\\\/\\\/www.bellunopress.it\\\/2019\\\/11\\\/13\\\/winterace-2020-11-passi-di-montagna-da-valicare-cortina-dampezzo-5-6-7-marzo-2020-aperte-le-iscrizioni\\\/\"},\"wordCount\":375,\"publisher\":{\"@id\":\"https:\\\/\\\/www.bellunopress.it\\\/#organization\"},\"image\":{\"@id\":\"https:\\\/\\\/www.bellunopress.it\\\/2019\\\/11\\\/13\\\/winterace-2020-11-passi-di-montagna-da-valicare-cortina-dampezzo-5-6-7-marzo-2020-aperte-le-iscrizioni\\\/#primaryimage\"},\"thumbnailUrl\":\"http:\\\/\\\/www.bellunopress.it\\\/wp-content\\\/uploads\\\/2018\\\/03\\\/Winterace-2018-Pini-Pietropaolo-su-Porsche-356-Speedster-del-1956.jpg\",\"articleSection\":[\"Cronaca\\\/Politica\",\"Sport, tempo libero\"],\"inLanguage\":\"fr-FR\"},{\"@type\":\"WebPage\",\"@id\":\"https:\\\/\\\/www.bellunopress.it\\\/2019\\\/11\\\/13\\\/winterace-2020-11-passi-di-montagna-da-valicare-cortina-dampezzo-5-6-7-marzo-2020-aperte-le-iscrizioni\\\/\",\"url\":\"https:\\\/\\\/www.bellunopress.it\\\/2019\\\/11\\\/13\\\/winterace-2020-11-passi-di-montagna-da-valicare-cortina-dampezzo-5-6-7-marzo-2020-aperte-le-iscrizioni\\\/\",\"name\":\"WinteRace 2020: 11 passi di montagna da valicare. Cortina d\u2019Ampezzo 5-6-7 marzo 2020. Aperte le iscrizioni - Bellunopress - Dolomiti\",\"isPartOf\":{\"@id\":\"https:\\\/\\\/www.bellunopress.it\\\/#website\"},\"primaryImageOfPage\":{\"@id\":\"https:\\\/\\\/www.bellunopress.it\\\/2019\\\/11\\\/13\\\/winterace-2020-11-passi-di-montagna-da-valicare-cortina-dampezzo-5-6-7-marzo-2020-aperte-le-iscrizioni\\\/#primaryimage\"},\"image\":{\"@id\":\"https:\\\/\\\/www.bellunopress.it\\\/2019\\\/11\\\/13\\\/winterace-2020-11-passi-di-montagna-da-valicare-cortina-dampezzo-5-6-7-marzo-2020-aperte-le-iscrizioni\\\/#primaryimage\"},\"thumbnailUrl\":\"http:\\\/\\\/www.bellunopress.it\\\/wp-content\\\/uploads\\\/2018\\\/03\\\/Winterace-2018-Pini-Pietropaolo-su-Porsche-356-Speedster-del-1956.jpg\",\"datePublished\":\"2019-11-13T11:30:02+00:00\",\"dateModified\":\"2019-11-13T12:38:56+00:00\",\"breadcrumb\":{\"@id\":\"https:\\\/\\\/www.bellunopress.it\\\/2019\\\/11\\\/13\\\/winterace-2020-11-passi-di-montagna-da-valicare-cortina-dampezzo-5-6-7-marzo-2020-aperte-le-iscrizioni\\\/#breadcrumb\"},\"inLanguage\":\"fr-FR\",\"potentialAction\":[{\"@type\":\"ReadAction\",\"target\":[\"https:\\\/\\\/www.bellunopress.it\\\/2019\\\/11\\\/13\\\/winterace-2020-11-passi-di-montagna-da-valicare-cortina-dampezzo-5-6-7-marzo-2020-aperte-le-iscrizioni\\\/\"]}]},{\"@type\":\"ImageObject\",\"inLanguage\":\"fr-FR\",\"@id\":\"https:\\\/\\\/www.bellunopress.it\\\/2019\\\/11\\\/13\\\/winterace-2020-11-passi-di-montagna-da-valicare-cortina-dampezzo-5-6-7-marzo-2020-aperte-le-iscrizioni\\\/#primaryimage\",\"url\":\"http:\\\/\\\/www.bellunopress.it\\\/wp-content\\\/uploads\\\/2018\\\/03\\\/Winterace-2018-Pini-Pietropaolo-su-Porsche-356-Speedster-del-1956.jpg\",\"contentUrl\":\"http:\\\/\\\/www.bellunopress.it\\\/wp-content\\\/uploads\\\/2018\\\/03\\\/Winterace-2018-Pini-Pietropaolo-su-Porsche-356-Speedster-del-1956.jpg\"},{\"@type\":\"BreadcrumbList\",\"@id\":\"https:\\\/\\\/www.bellunopress.it\\\/2019\\\/11\\\/13\\\/winterace-2020-11-passi-di-montagna-da-valicare-cortina-dampezzo-5-6-7-marzo-2020-aperte-le-iscrizioni\\\/#breadcrumb\",\"itemListElement\":[{\"@type\":\"ListItem\",\"position\":1,\"name\":\"Home\",\"item\":\"https:\\\/\\\/www.bellunopress.it\\\/\"},{\"@type\":\"ListItem\",\"position\":2,\"name\":\"WinteRace 2020: 11 passi di montagna da valicare. Cortina d\u2019Ampezzo 5-6-7 marzo 2020. Aperte le iscrizioni\"}]},{\"@type\":\"WebSite\",\"@id\":\"https:\\\/\\\/www.bellunopress.it\\\/#website\",\"url\":\"https:\\\/\\\/www.bellunopress.it\\\/\",\"name\":\"Bellunopress - Dolomiti\",\"description\":\"e-mail: redazione@bellunopress.it\",\"publisher\":{\"@id\":\"https:\\\/\\\/www.bellunopress.it\\\/#organization\"},\"potentialAction\":[{\"@type\":\"SearchAction\",\"target\":{\"@type\":\"EntryPoint\",\"urlTemplate\":\"https:\\\/\\\/www.bellunopress.it\\\/?s={search_term_string}\"},\"query-input\":{\"@type\":\"PropertyValueSpecification\",\"valueRequired\":true,\"valueName\":\"search_term_string\"}}],\"inLanguage\":\"fr-FR\"},{\"@type\":\"Organization\",\"@id\":\"https:\\\/\\\/www.bellunopress.it\\\/#organization\",\"name\":\"Bellunopress\",\"url\":\"https:\\\/\\\/www.bellunopress.it\\\/\",\"logo\":{\"@type\":\"ImageObject\",\"inLanguage\":\"fr-FR\",\"@id\":\"https:\\\/\\\/www.bellunopress.it\\\/#\\\/schema\\\/logo\\\/image\\\/\",\"url\":\"https:\\\/\\\/www.bellunopress.it\\\/wp-content\\\/uploads\\\/2011\\\/05\\\/cropped-logo-bellunopress-.jpg\",\"contentUrl\":\"https:\\\/\\\/www.bellunopress.it\\\/wp-content\\\/uploads\\\/2011\\\/05\\\/cropped-logo-bellunopress-.jpg\",\"width\":512,\"height\":512,\"caption\":\"Bellunopress\"},\"image\":{\"@id\":\"https:\\\/\\\/www.bellunopress.it\\\/#\\\/schema\\\/logo\\\/image\\\/\"},\"sameAs\":[\"https:\\\/\\\/www.facebook.com\\\/profile.php?id=100008943462799\",\"https:\\\/\\\/x.com\\\/bellunopress\",\"https:\\\/\\\/www.linkedin.com\\\/hp\\\/?dnr=JBzUWaJfMUw8vbXJJ2tVW5-I3jZKvC4wsoxE&amp;amp;amp;amp;amp;amp;trk=nav_responsive_tab_home\",\"https:\\\/\\\/www.youtube.com\\\/channel\\\/UCxL0wu1uN0_3_7hGG0306cw\"]},{\"@type\":\"Person\",\"@id\":\"https:\\\/\\\/www.bellunopress.it\\\/#\\\/schema\\\/person\\\/79bb06722b37ece1c03d3e94beb30d73\",\"name\":\"redazione\",\"image\":{\"@type\":\"ImageObject\",\"inLanguage\":\"fr-FR\",\"@id\":\"https:\\\/\\\/secure.gravatar.com\\\/avatar\\\/37d968a2e67a6fd04c169c4bdef102d0bc5d31b2546345219e348575eb80e9a0?s=96&d=mm&r=g\",\"url\":\"https:\\\/\\\/secure.gravatar.com\\\/avatar\\\/37d968a2e67a6fd04c169c4bdef102d0bc5d31b2546345219e348575eb80e9a0?s=96&d=mm&r=g\",\"contentUrl\":\"https:\\\/\\\/secure.gravatar.com\\\/avatar\\\/37d968a2e67a6fd04c169c4bdef102d0bc5d31b2546345219e348575eb80e9a0?s=96&d=mm&r=g\",\"caption\":\"redazione\"},\"sameAs\":[\"http:\\\/\\\/www.bellunopress.it\",\"https:\\\/\\\/x.com\\\/bellunopress\"],\"url\":\"https:\\\/\\\/www.bellunopress.it\\\/fr\\\/author\\\/redazione\\\/\"}]}<\/script>\n<!-- \/ Yoast SEO plugin. -->","yoast_head_json":{"title":"WinteRace 2020: 11 passi di montagna da valicare. Cortina d\u2019Ampezzo 5-6-7 marzo 2020. Aperte le iscrizioni - Bellunopress - Dolomiti","robots":{"index":"index","follow":"follow","max-snippet":"max-snippet:-1","max-image-preview":"max-image-preview:large","max-video-preview":"max-video-preview:-1"},"canonical":"https:\/\/www.bellunopress.it\/fr\/2019\/11\/13\/winterace-2020-11-passi-di-montagna-da-valicare-cortina-dampezzo-5-6-7-marzo-2020-aperte-le-iscrizioni\/","og_locale":"fr_FR","og_type":"article","og_title":"WinteRace 2020: 11 passi di montagna da valicare. Cortina d\u2019Ampezzo 5-6-7 marzo 2020. Aperte le iscrizioni - Bellunopress - Dolomiti","og_description":"L\u2019Ottava edizione della WinteRace, Super Classica AciSport la cui partecipazione \u00e8 riservata a 70 vetture costruite entro il 1976, si preannuncia emozionante e piena di novit\u00e0. Una delle pi\u00f9 particolari \u00e8 il numero di passi da valicare, ben 11 di cui 8 sopra i 2000 metri. Ma non \u00e8 tutto. Lungo i 400 chilometri di [&hellip;]","og_url":"https:\/\/www.bellunopress.it\/fr\/2019\/11\/13\/winterace-2020-11-passi-di-montagna-da-valicare-cortina-dampezzo-5-6-7-marzo-2020-aperte-le-iscrizioni\/","og_site_name":"Bellunopress - Dolomiti","article_publisher":"https:\/\/www.facebook.com\/profile.php?id=100008943462799","article_published_time":"2019-11-13T11:30:02+00:00","article_modified_time":"2019-11-13T12:38:56+00:00","og_image":[{"url":"http:\/\/www.bellunopress.it\/wp-content\/uploads\/2018\/03\/Winterace-2018-Pini-Pietropaolo-su-Porsche-356-Speedster-del-1956.jpg","type":"","width":"","height":""}],"author":"redazione","twitter_card":"summary_large_image","twitter_creator":"@bellunopress","twitter_site":"@bellunopress","twitter_misc":{"Written by":"redazione","Est. reading time":"2 minutes"},"schema":{"@context":"https:\/\/schema.org","@graph":[{"@type":"Article","@id":"https:\/\/www.bellunopress.it\/2019\/11\/13\/winterace-2020-11-passi-di-montagna-da-valicare-cortina-dampezzo-5-6-7-marzo-2020-aperte-le-iscrizioni\/#article","isPartOf":{"@id":"https:\/\/www.bellunopress.it\/2019\/11\/13\/winterace-2020-11-passi-di-montagna-da-valicare-cortina-dampezzo-5-6-7-marzo-2020-aperte-le-iscrizioni\/"},"author":{"name":"redazione","@id":"https:\/\/www.bellunopress.it\/#\/schema\/person\/79bb06722b37ece1c03d3e94beb30d73"},"headline":"WinteRace 2020: 11 passi di montagna da valicare. Cortina d\u2019Ampezzo 5-6-7 marzo 2020. Aperte le iscrizioni","datePublished":"2019-11-13T11:30:02+00:00","dateModified":"2019-11-13T12:38:56+00:00","mainEntityOfPage":{"@id":"https:\/\/www.bellunopress.it\/2019\/11\/13\/winterace-2020-11-passi-di-montagna-da-valicare-cortina-dampezzo-5-6-7-marzo-2020-aperte-le-iscrizioni\/"},"wordCount":375,"publisher":{"@id":"https:\/\/www.bellunopress.it\/#organization"},"image":{"@id":"https:\/\/www.bellunopress.it\/2019\/11\/13\/winterace-2020-11-passi-di-montagna-da-valicare-cortina-dampezzo-5-6-7-marzo-2020-aperte-le-iscrizioni\/#primaryimage"},"thumbnailUrl":"http:\/\/www.bellunopress.it\/wp-content\/uploads\/2018\/03\/Winterace-2018-Pini-Pietropaolo-su-Porsche-356-Speedster-del-1956.jpg","articleSection":["Cronaca\/Politica","Sport, tempo libero"],"inLanguage":"fr-FR"},{"@type":"WebPage","@id":"https:\/\/www.bellunopress.it\/2019\/11\/13\/winterace-2020-11-passi-di-montagna-da-valicare-cortina-dampezzo-5-6-7-marzo-2020-aperte-le-iscrizioni\/","url":"https:\/\/www.bellunopress.it\/2019\/11\/13\/winterace-2020-11-passi-di-montagna-da-valicare-cortina-dampezzo-5-6-7-marzo-2020-aperte-le-iscrizioni\/","name":"WinteRace 2020: 11 passi di montagna da valicare. Cortina d\u2019Ampezzo 5-6-7 marzo 2020. Aperte le iscrizioni - Bellunopress - Dolomiti","isPartOf":{"@id":"https:\/\/www.bellunopress.it\/#website"},"primaryImageOfPage":{"@id":"https:\/\/www.bellunopress.it\/2019\/11\/13\/winterace-2020-11-passi-di-montagna-da-valicare-cortina-dampezzo-5-6-7-marzo-2020-aperte-le-iscrizioni\/#primaryimage"},"image":{"@id":"https:\/\/www.bellunopress.it\/2019\/11\/13\/winterace-2020-11-passi-di-montagna-da-valicare-cortina-dampezzo-5-6-7-marzo-2020-aperte-le-iscrizioni\/#primaryimage"},"thumbnailUrl":"http:\/\/www.bellunopress.it\/wp-content\/uploads\/2018\/03\/Winterace-2018-Pini-Pietropaolo-su-Porsche-356-Speedster-del-1956.jpg","datePublished":"2019-11-13T11:30:02+00:00","dateModified":"2019-11-13T12:38:56+00:00","breadcrumb":{"@id":"https:\/\/www.bellunopress.it\/2019\/11\/13\/winterace-2020-11-passi-di-montagna-da-valicare-cortina-dampezzo-5-6-7-marzo-2020-aperte-le-iscrizioni\/#breadcrumb"},"inLanguage":"fr-FR","potentialAction":[{"@type":"ReadAction","target":["https:\/\/www.bellunopress.it\/2019\/11\/13\/winterace-2020-11-passi-di-montagna-da-valicare-cortina-dampezzo-5-6-7-marzo-2020-aperte-le-iscrizioni\/"]}]},{"@type":"ImageObject","inLanguage":"fr-FR","@id":"https:\/\/www.bellunopress.it\/2019\/11\/13\/winterace-2020-11-passi-di-montagna-da-valicare-cortina-dampezzo-5-6-7-marzo-2020-aperte-le-iscrizioni\/#primaryimage","url":"http:\/\/www.bellunopress.it\/wp-content\/uploads\/2018\/03\/Winterace-2018-Pini-Pietropaolo-su-Porsche-356-Speedster-del-1956.jpg","contentUrl":"http:\/\/www.bellunopress.it\/wp-content\/uploads\/2018\/03\/Winterace-2018-Pini-Pietropaolo-su-Porsche-356-Speedster-del-1956.jpg"},{"@type":"BreadcrumbList","@id":"https:\/\/www.bellunopress.it\/2019\/11\/13\/winterace-2020-11-passi-di-montagna-da-valicare-cortina-dampezzo-5-6-7-marzo-2020-aperte-le-iscrizioni\/#breadcrumb","itemListElement":[{"@type":"ListItem","position":1,"name":"Home","item":"https:\/\/www.bellunopress.it\/"},{"@type":"ListItem","position":2,"name":"WinteRace 2020: 11 passi di montagna da valicare. Cortina d\u2019Ampezzo 5-6-7 marzo 2020. Aperte le iscrizioni"}]},{"@type":"WebSite","@id":"https:\/\/www.bellunopress.it\/#website","url":"https:\/\/www.bellunopress.it\/","name":"Bellunopress - Dolomiti","description":"e-mail: redazione@bellunopress.it","publisher":{"@id":"https:\/\/www.bellunopress.it\/#organization"},"potentialAction":[{"@type":"SearchAction","target":{"@type":"EntryPoint","urlTemplate":"https:\/\/www.bellunopress.it\/?s={search_term_string}"},"query-input":{"@type":"PropertyValueSpecification","valueRequired":true,"valueName":"search_term_string"}}],"inLanguage":"fr-FR"},{"@type":"Organization","@id":"https:\/\/www.bellunopress.it\/#organization","name":"Bellunopress","url":"https:\/\/www.bellunopress.it\/","logo":{"@type":"ImageObject","inLanguage":"fr-FR","@id":"https:\/\/www.bellunopress.it\/#\/schema\/logo\/image\/","url":"https:\/\/www.bellunopress.it\/wp-content\/uploads\/2011\/05\/cropped-logo-bellunopress-.jpg","contentUrl":"https:\/\/www.bellunopress.it\/wp-content\/uploads\/2011\/05\/cropped-logo-bellunopress-.jpg","width":512,"height":512,"caption":"Bellunopress"},"image":{"@id":"https:\/\/www.bellunopress.it\/#\/schema\/logo\/image\/"},"sameAs":["https:\/\/www.facebook.com\/profile.php?id=100008943462799","https:\/\/x.com\/bellunopress","https:\/\/www.linkedin.com\/hp\/?dnr=JBzUWaJfMUw8vbXJJ2tVW5-I3jZKvC4wsoxE&amp;amp;amp;amp;amp;amp;trk=nav_responsive_tab_home","https:\/\/www.youtube.com\/channel\/UCxL0wu1uN0_3_7hGG0306cw"]},{"@type":"Person","@id":"https:\/\/www.bellunopress.it\/#\/schema\/person\/79bb06722b37ece1c03d3e94beb30d73","name":"r\u00e9daction","image":{"@type":"ImageObject","inLanguage":"fr-FR","@id":"https:\/\/secure.gravatar.com\/avatar\/37d968a2e67a6fd04c169c4bdef102d0bc5d31b2546345219e348575eb80e9a0?s=96&d=mm&r=g","url":"https:\/\/secure.gravatar.com\/avatar\/37d968a2e67a6fd04c169c4bdef102d0bc5d31b2546345219e348575eb80e9a0?s=96&d=mm&r=g","contentUrl":"https:\/\/secure.gravatar.com\/avatar\/37d968a2e67a6fd04c169c4bdef102d0bc5d31b2546345219e348575eb80e9a0?s=96&d=mm&r=g","caption":"redazione"},"sameAs":["http:\/\/www.bellunopress.it","https:\/\/x.com\/bellunopress"],"url":"https:\/\/www.bellunopress.it\/fr\/author\/redazione\/"}]}},"_links":{"self":[{"href":"https:\/\/www.bellunopress.it\/fr\/wp-json\/wp\/v2\/posts\/109523","targetHints":{"allow":["GET"]}}],"collection":[{"href":"https:\/\/www.bellunopress.it\/fr\/wp-json\/wp\/v2\/posts"}],"about":[{"href":"https:\/\/www.bellunopress.it\/fr\/wp-json\/wp\/v2\/types\/post"}],"author":[{"embeddable":true,"href":"https:\/\/www.bellunopress.it\/fr\/wp-json\/wp\/v2\/users\/2"}],"replies":[{"embeddable":true,"href":"https:\/\/www.bellunopress.it\/fr\/wp-json\/wp\/v2\/comments?post=109523"}],"version-history":[{"count":1,"href":"https:\/\/www.bellunopress.it\/fr\/wp-json\/wp\/v2\/posts\/109523\/revisions"}],"predecessor-version":[{"id":109524,"href":"https:\/\/www.bellunopress.it\/fr\/wp-json\/wp\/v2\/posts\/109523\/revisions\/109524"}],"wp:attachment":[{"href":"https:\/\/www.bellunopress.it\/fr\/wp-json\/wp\/v2\/media?parent=109523"}],"wp:term":[{"taxonomy":"category","embeddable":true,"href":"https:\/\/www.bellunopress.it\/fr\/wp-json\/wp\/v2\/categories?post=109523"},{"taxonomy":"post_tag","embeddable":true,"href":"https:\/\/www.bellunopress.it\/fr\/wp-json\/wp\/v2\/tags?post=109523"}],"curies":[{"name":"wp","href":"https:\/\/api.w.org\/{rel}","templated":true}]}}