{"id":109518,"date":"2019-11-13T10:37:06","date_gmt":"2019-11-13T09:37:06","guid":{"rendered":"http:\/\/www.bellunopress.it\/?p=109518"},"modified":"2019-11-13T10:37:07","modified_gmt":"2019-11-13T09:37:07","slug":"diritto-allacqua-ryan-hreljac-giovane-attivista-canadese-a-belluno-con-insieme-si-puo-testimone-della-fondazione-il-pozzo-di-ryan","status":"publish","type":"post","link":"https:\/\/www.bellunopress.it\/fr\/2019\/11\/13\/diritto-allacqua-ryan-hreljac-giovane-attivista-canadese-a-belluno-con-insieme-si-puo-testimone-della-fondazione-il-pozzo-di-ryan\/","title":{"rendered":"Diritto all&#8217;acqua. Ryan Hreljac, giovane attivista canadese, a Belluno con Insieme si pu\u00f2, testimone della Fondazione &#8220;Il pozzo di Ryan&#8221;"},"content":{"rendered":"<p>Dal 17 al 23 novembre l\u2019Associazione Gruppi \u201cInsieme si pu\u00f2\u2026\u201d onlus-ong organizza un ciclo di incontri itineranti aperti alla cittadinanza dal titolo \u201cIl coraggio di essere contagiosi\u201d.<br \/>\nL\u2019iniziativa nasce dalla convinzione che l\u2019impegno attivo in favore degli ultimi sia il motore pi\u00f9 potente che pu\u00f2 cambiare le cose e generare un \u201ccontagio positivo\u201d, ovvero la condivisione di quell\u2019impegno tra pi\u00f9 persone che insieme operano per rendere ancora pi\u00f9 incisivo il cambiamento. L\u2019agire concreto richiede coraggio, e se quel coraggio riesce ad essere contagioso l\u2019impatto sulla societ\u00e0 sar\u00e0 sempre maggiore.<\/p>\n<p><a href=\"http:\/\/www.bellunopress.it\/fr\/2019\/11\/13\/diritto-allacqua-ryan-hreljac-giovane-attivista-canadese-a-belluno-con-insieme-si-puo-testimone-della-fondazione-il-pozzo-di-ryan\/ryan-hreljac_1\/\" rel=\"attachment wp-att-109519\"><img loading=\"lazy\" decoding=\"async\" class=\"alignleft size-full wp-image-109519\" src=\"http:\/\/www.bellunopress.it\/wp-content\/uploads\/2019\/11\/ryan-hreljac_1.jpg\" alt=\"\" width=\"257\" height=\"300\" \/><\/a>Ospite d\u2019eccezione degli incontri sar\u00e0 Ryan Hreljac, giovane attivista canadese di fama internazionale divenuto famoso per il suo impegno, iniziato a 6 anni, per il Diritto all\u2019Acqua di tutti: dopo essersi impegnato da bambino per costruire un pozzo in Uganda, negli anni ha dato vita alla Ryan&#8217;s Well Foundation \u2013 Fondazione \u201cIl pozzo di Ryan\u201d (https:\/\/www.ryanswell.ca), grazie alla quale sono stati realizzati oltre 1.000 pozzi a beneficio di oltre un milione di persone nei Paesi pi\u00f9 poveri del mondo.<br \/>\nProprio il racconto dell\u2019esperienza di Ryan, avvenuto durante gli incontri di formazione tenuti abitualmente da \u201cInsieme si pu\u00f2\u2026\u201d nelle scuole della Provincia di Belluno, \u00e8 stato il motore \u201ccontagioso\u201d che ha generato a suo tempo in Zaira, una bambina di Agordo, la voglia di mettersi in gioco e realizzare un pozzo, costruito nel 2015 in Uganda. Quanto fatto da Zaira ha a sua volta contagiato Sara, una bambina di Sedico, che si \u00e8 data da fare nel raccogliere il necessario per perforare un ulteriore pozzo, inaugurato nel 2018 in una scuola ugandese. Da queste esperienze sono nati progetti e percorsi che hanno contagiato centinaia di altri bambini e ragazzi della nostra provincia.<br \/>\nNegli ultimi 4 anni sono spontaneamente stati raccolti i fondi per la realizzazione e riabilitazione di 9 pozzi d\u2019acqua potabile in scuole e villaggi molto poveri in Uganda. Sono nate esperienze di estremo coinvolgimento, come la mostra itinerante \u201cWater is Life\u201d*, visitata in due anni da migliaia di persone, sulla dimensione vitale della pi\u00f9 preziosa e fragile risorsa del Pianeta. A maggio di quest\u2019anno ha preso vita il progetto \u201cAmbasciatori dell\u2019Acqua\u201d**, con 300 bambini impegnati in prima persona a conoscere ed approfondire il tema, modificare il proprio atteggiamento nei confronti dell\u2019uso dell\u2019acqua, promuovere questa loro consapevolezza tra le persone (anche adulte) che li circondano e risparmiare qualche soldo in un salvadanaio solidale per contribuire alla costruzione di un pozzo nella scuola di Kotirwae, in Karamoja, regione del nord dell\u2019Uganda tra le pi\u00f9 povere al mondo.<\/p>\n<p>Questo il calendario degli incontri aperti alla cittadinanza, tutti con la partecipazione di Ryan Hreljac:<br \/>\ndomenica 17 novembre dalle ore 15 al teatro del Centro Giovanni XXIII in piazza Piloni ci sar\u00e0 la festa finale degli Ambasciatori dell\u2019Acqua, in collaborazione con l\u2019associazione Pomi d\u2019ottone &#8211; Belluno citt\u00e0 dei bambini, co-ideatrice del progetto Ambasciatori dell\u2019Acqua. I bambini e ragazzi si ritroveranno per raccontare la loro voglia di cambiare il mondo partendo dai piccoli gesti, dalle cose semplici che molte volte, purtroppo, sembrano scontate ma non lo sono, e il loro impegno concreto in favore di altri bambini del mondo che non hanno i loro stessi privilegi;<br \/>\nluned\u00ec 18 novembre alle ore 20.30 presso la Sala Guarnieri a Pedavena serata-evento \u201cIl coraggio di essere contagiosi\u201d, con l\u2019intervento, oltre che di Ryan, anche di Piergiorgio Da Rold (fondatore di \u201cInsieme si pu\u00f2\u2026\u201d), realizzata in collaborazione con Istituto Canossiano di Feltre, Ondablu e Pomi d\u2019Ottone-Belluno Citt\u00e0 dei Bambini e il patrocinio dell\u2019Unione Montana Feltrina, del Comune di Pedavena e delle Scuole in rete per un mondo di solidariet\u00e0 e pace;<br \/>\nmarted\u00ec 19 novembre alle ore 11 presso l\u2019Alexander Hall di Cortina incontro con gli studenti delle scuole medie e superiori di Cortina e del Cadore;<br \/>\ngioved\u00ec 21 novembre alle ore 18.30 a Belluno presso le Sale \u201cMaria Bambina\u201d in via Flavio Ostilio, 6 (vicino Piazza Piloni) aperitivo-cena e chiacchierata con Ryan a cura dei Gruppi ISP di Belluno;<br \/>\nsabato 23 novembre a Ciri\u00e8 (Torino) serata missionaria con i bambini del locale Gruppo Colibr\u00ec.<br \/>\nL\u2019impatto eccezionale e la forza del \u201ccontagio positivo\u201d di chi si impegna per cambiare il mondo vicino e lontano \u00e8 prezioso per singoli cittadini, associazioni, movimenti, rappresentanti delle istituzioni ed \u00e8 il motore del cambiamento e del protagonismo positivo nella societ\u00e0.<br \/>\nL\u2019associazione \u201cInsieme si pu\u00f2\u2026\u201d \u00e8 riuscita negli anni a far nascere diversi progetti in collaborazione con varie realt\u00e0 che nel mondo si battono per il diritto all\u2019acqua pulita e sicura per tutti. L\u2019impegno attuale si concentra, oltre che nella perforazione di nuovi pozzi comunitari (per scuole, orfanotrofi, ospedali, villaggi), anche nella costruzione e\/o nella riparazione di sistemi di raccolta dell\u2019acqua piovana; in interventi di riparazione di pozzi gi\u00e0 esistenti, anche di altre organizzazioni partner; nella meccanizzazione di pozzi, ove possibile, attraverso la costruzione di pompe alimentate ad energia solare.<\/p>","protected":false},"excerpt":{"rendered":"<p>Dal 17 al 23 novembre l\u2019Associazione Gruppi \u201cInsieme si pu\u00f2\u2026\u201d onlus-ong organizza un ciclo di incontri itineranti aperti alla cittadinanza dal titolo \u201cIl coraggio di essere contagiosi\u201d. L\u2019iniziativa nasce dalla convinzione che l\u2019impegno attivo in favore degli ultimi sia il motore pi\u00f9 potente che pu\u00f2 cambiare le cose e generare un \u201ccontagio positivo\u201d, ovvero la [&hellip;]<\/p>\n","protected":false},"author":2,"featured_media":0,"comment_status":"closed","ping_status":"open","sticky":false,"template":"","format":"standard","meta":{"footnotes":""},"categories":[27,26,8],"tags":[],"class_list":["post-109518","post","type-post","status-publish","format-standard","category-appuntamenti","category-prima-pagina","category-societa-istituzioni"],"yoast_head":"<!-- This site is optimized with the Yoast SEO plugin v28.4 - https:\/\/yoast.com\/product\/yoast-seo-wordpress\/ -->\n<title>Diritto all&#039;acqua. Ryan Hreljac, giovane attivista canadese, a Belluno con Insieme si pu\u00f2, testimone della Fondazione &quot;Il pozzo di Ryan&quot; - Bellunopress - Dolomiti<\/title>\n<meta name=\"robots\" content=\"index, follow, max-snippet:-1, max-image-preview:large, max-video-preview:-1\" \/>\n<link rel=\"canonical\" href=\"https:\/\/www.bellunopress.it\/fr\/2019\/11\/13\/diritto-allacqua-ryan-hreljac-giovane-attivista-canadese-a-belluno-con-insieme-si-puo-testimone-della-fondazione-il-pozzo-di-ryan\/\" \/>\n<meta property=\"og:locale\" content=\"fr_FR\" \/>\n<meta property=\"og:type\" content=\"article\" \/>\n<meta property=\"og:title\" content=\"Diritto all&#039;acqua. Ryan Hreljac, giovane attivista canadese, a Belluno con Insieme si pu\u00f2, testimone della Fondazione &quot;Il pozzo di Ryan&quot; - Bellunopress - Dolomiti\" \/>\n<meta property=\"og:description\" content=\"Dal 17 al 23 novembre l\u2019Associazione Gruppi \u201cInsieme si pu\u00f2\u2026\u201d onlus-ong organizza un ciclo di incontri itineranti aperti alla cittadinanza dal titolo \u201cIl coraggio di essere contagiosi\u201d. L\u2019iniziativa nasce dalla convinzione che l\u2019impegno attivo in favore degli ultimi sia il motore pi\u00f9 potente che pu\u00f2 cambiare le cose e generare un \u201ccontagio positivo\u201d, ovvero la [&hellip;]\" \/>\n<meta property=\"og:url\" content=\"https:\/\/www.bellunopress.it\/fr\/2019\/11\/13\/diritto-allacqua-ryan-hreljac-giovane-attivista-canadese-a-belluno-con-insieme-si-puo-testimone-della-fondazione-il-pozzo-di-ryan\/\" \/>\n<meta property=\"og:site_name\" content=\"Bellunopress - Dolomiti\" \/>\n<meta property=\"article:publisher\" content=\"https:\/\/www.facebook.com\/profile.php?id=100008943462799\" \/>\n<meta property=\"article:published_time\" content=\"2019-11-13T09:37:06+00:00\" \/>\n<meta property=\"article:modified_time\" content=\"2019-11-13T09:37:07+00:00\" \/>\n<meta property=\"og:image\" content=\"http:\/\/www.bellunopress.it\/wp-content\/uploads\/2019\/11\/ryan-hreljac_1.jpg\" \/>\n<meta name=\"author\" content=\"redazione\" \/>\n<meta name=\"twitter:card\" content=\"summary_large_image\" \/>\n<meta name=\"twitter:creator\" content=\"@bellunopress\" \/>\n<meta name=\"twitter:site\" content=\"@bellunopress\" \/>\n<meta name=\"twitter:label1\" content=\"Written by\" \/>\n\t<meta name=\"twitter:data1\" content=\"redazione\" \/>\n\t<meta name=\"twitter:label2\" content=\"Est. reading time\" \/>\n\t<meta name=\"twitter:data2\" content=\"4 minutes\" \/>\n<script type=\"application\/ld+json\" class=\"yoast-schema-graph\">{\"@context\":\"https:\\\/\\\/schema.org\",\"@graph\":[{\"@type\":\"Article\",\"@id\":\"https:\\\/\\\/www.bellunopress.it\\\/2019\\\/11\\\/13\\\/diritto-allacqua-ryan-hreljac-giovane-attivista-canadese-a-belluno-con-insieme-si-puo-testimone-della-fondazione-il-pozzo-di-ryan\\\/#article\",\"isPartOf\":{\"@id\":\"https:\\\/\\\/www.bellunopress.it\\\/2019\\\/11\\\/13\\\/diritto-allacqua-ryan-hreljac-giovane-attivista-canadese-a-belluno-con-insieme-si-puo-testimone-della-fondazione-il-pozzo-di-ryan\\\/\"},\"author\":{\"name\":\"redazione\",\"@id\":\"https:\\\/\\\/www.bellunopress.it\\\/#\\\/schema\\\/person\\\/79bb06722b37ece1c03d3e94beb30d73\"},\"headline\":\"Diritto all&#8217;acqua. Ryan Hreljac, giovane attivista canadese, a Belluno con Insieme si pu\u00f2, testimone della Fondazione &#8220;Il pozzo di Ryan&#8221;\",\"datePublished\":\"2019-11-13T09:37:06+00:00\",\"dateModified\":\"2019-11-13T09:37:07+00:00\",\"mainEntityOfPage\":{\"@id\":\"https:\\\/\\\/www.bellunopress.it\\\/2019\\\/11\\\/13\\\/diritto-allacqua-ryan-hreljac-giovane-attivista-canadese-a-belluno-con-insieme-si-puo-testimone-della-fondazione-il-pozzo-di-ryan\\\/\"},\"wordCount\":823,\"publisher\":{\"@id\":\"https:\\\/\\\/www.bellunopress.it\\\/#organization\"},\"image\":{\"@id\":\"https:\\\/\\\/www.bellunopress.it\\\/2019\\\/11\\\/13\\\/diritto-allacqua-ryan-hreljac-giovane-attivista-canadese-a-belluno-con-insieme-si-puo-testimone-della-fondazione-il-pozzo-di-ryan\\\/#primaryimage\"},\"thumbnailUrl\":\"http:\\\/\\\/www.bellunopress.it\\\/wp-content\\\/uploads\\\/2019\\\/11\\\/ryan-hreljac_1.jpg\",\"articleSection\":[\"Appuntamenti, Eventi\",\"Prima Pagina\",\"Societ\u00e0, Associazioni, Istituzioni\"],\"inLanguage\":\"fr-FR\"},{\"@type\":\"WebPage\",\"@id\":\"https:\\\/\\\/www.bellunopress.it\\\/2019\\\/11\\\/13\\\/diritto-allacqua-ryan-hreljac-giovane-attivista-canadese-a-belluno-con-insieme-si-puo-testimone-della-fondazione-il-pozzo-di-ryan\\\/\",\"url\":\"https:\\\/\\\/www.bellunopress.it\\\/2019\\\/11\\\/13\\\/diritto-allacqua-ryan-hreljac-giovane-attivista-canadese-a-belluno-con-insieme-si-puo-testimone-della-fondazione-il-pozzo-di-ryan\\\/\",\"name\":\"Diritto all'acqua. Ryan Hreljac, giovane attivista canadese, a Belluno con Insieme si pu\u00f2, testimone della Fondazione \\\"Il pozzo di Ryan\\\" - Bellunopress - Dolomiti\",\"isPartOf\":{\"@id\":\"https:\\\/\\\/www.bellunopress.it\\\/#website\"},\"primaryImageOfPage\":{\"@id\":\"https:\\\/\\\/www.bellunopress.it\\\/2019\\\/11\\\/13\\\/diritto-allacqua-ryan-hreljac-giovane-attivista-canadese-a-belluno-con-insieme-si-puo-testimone-della-fondazione-il-pozzo-di-ryan\\\/#primaryimage\"},\"image\":{\"@id\":\"https:\\\/\\\/www.bellunopress.it\\\/2019\\\/11\\\/13\\\/diritto-allacqua-ryan-hreljac-giovane-attivista-canadese-a-belluno-con-insieme-si-puo-testimone-della-fondazione-il-pozzo-di-ryan\\\/#primaryimage\"},\"thumbnailUrl\":\"http:\\\/\\\/www.bellunopress.it\\\/wp-content\\\/uploads\\\/2019\\\/11\\\/ryan-hreljac_1.jpg\",\"datePublished\":\"2019-11-13T09:37:06+00:00\",\"dateModified\":\"2019-11-13T09:37:07+00:00\",\"breadcrumb\":{\"@id\":\"https:\\\/\\\/www.bellunopress.it\\\/2019\\\/11\\\/13\\\/diritto-allacqua-ryan-hreljac-giovane-attivista-canadese-a-belluno-con-insieme-si-puo-testimone-della-fondazione-il-pozzo-di-ryan\\\/#breadcrumb\"},\"inLanguage\":\"fr-FR\",\"potentialAction\":[{\"@type\":\"ReadAction\",\"target\":[\"https:\\\/\\\/www.bellunopress.it\\\/2019\\\/11\\\/13\\\/diritto-allacqua-ryan-hreljac-giovane-attivista-canadese-a-belluno-con-insieme-si-puo-testimone-della-fondazione-il-pozzo-di-ryan\\\/\"]}]},{\"@type\":\"ImageObject\",\"inLanguage\":\"fr-FR\",\"@id\":\"https:\\\/\\\/www.bellunopress.it\\\/2019\\\/11\\\/13\\\/diritto-allacqua-ryan-hreljac-giovane-attivista-canadese-a-belluno-con-insieme-si-puo-testimone-della-fondazione-il-pozzo-di-ryan\\\/#primaryimage\",\"url\":\"http:\\\/\\\/www.bellunopress.it\\\/wp-content\\\/uploads\\\/2019\\\/11\\\/ryan-hreljac_1.jpg\",\"contentUrl\":\"http:\\\/\\\/www.bellunopress.it\\\/wp-content\\\/uploads\\\/2019\\\/11\\\/ryan-hreljac_1.jpg\"},{\"@type\":\"BreadcrumbList\",\"@id\":\"https:\\\/\\\/www.bellunopress.it\\\/2019\\\/11\\\/13\\\/diritto-allacqua-ryan-hreljac-giovane-attivista-canadese-a-belluno-con-insieme-si-puo-testimone-della-fondazione-il-pozzo-di-ryan\\\/#breadcrumb\",\"itemListElement\":[{\"@type\":\"ListItem\",\"position\":1,\"name\":\"Home\",\"item\":\"https:\\\/\\\/www.bellunopress.it\\\/\"},{\"@type\":\"ListItem\",\"position\":2,\"name\":\"Diritto all&#8217;acqua. Ryan Hreljac, giovane attivista canadese, a Belluno con Insieme si pu\u00f2, testimone della Fondazione &#8220;Il pozzo di Ryan&#8221;\"}]},{\"@type\":\"WebSite\",\"@id\":\"https:\\\/\\\/www.bellunopress.it\\\/#website\",\"url\":\"https:\\\/\\\/www.bellunopress.it\\\/\",\"name\":\"Bellunopress - Dolomiti\",\"description\":\"e-mail: redazione@bellunopress.it\",\"publisher\":{\"@id\":\"https:\\\/\\\/www.bellunopress.it\\\/#organization\"},\"potentialAction\":[{\"@type\":\"SearchAction\",\"target\":{\"@type\":\"EntryPoint\",\"urlTemplate\":\"https:\\\/\\\/www.bellunopress.it\\\/?s={search_term_string}\"},\"query-input\":{\"@type\":\"PropertyValueSpecification\",\"valueRequired\":true,\"valueName\":\"search_term_string\"}}],\"inLanguage\":\"fr-FR\"},{\"@type\":\"Organization\",\"@id\":\"https:\\\/\\\/www.bellunopress.it\\\/#organization\",\"name\":\"Bellunopress\",\"url\":\"https:\\\/\\\/www.bellunopress.it\\\/\",\"logo\":{\"@type\":\"ImageObject\",\"inLanguage\":\"fr-FR\",\"@id\":\"https:\\\/\\\/www.bellunopress.it\\\/#\\\/schema\\\/logo\\\/image\\\/\",\"url\":\"https:\\\/\\\/www.bellunopress.it\\\/wp-content\\\/uploads\\\/2011\\\/05\\\/cropped-logo-bellunopress-.jpg\",\"contentUrl\":\"https:\\\/\\\/www.bellunopress.it\\\/wp-content\\\/uploads\\\/2011\\\/05\\\/cropped-logo-bellunopress-.jpg\",\"width\":512,\"height\":512,\"caption\":\"Bellunopress\"},\"image\":{\"@id\":\"https:\\\/\\\/www.bellunopress.it\\\/#\\\/schema\\\/logo\\\/image\\\/\"},\"sameAs\":[\"https:\\\/\\\/www.facebook.com\\\/profile.php?id=100008943462799\",\"https:\\\/\\\/x.com\\\/bellunopress\",\"https:\\\/\\\/www.linkedin.com\\\/hp\\\/?dnr=JBzUWaJfMUw8vbXJJ2tVW5-I3jZKvC4wsoxE&amp;amp;amp;amp;amp;amp;trk=nav_responsive_tab_home\",\"https:\\\/\\\/www.youtube.com\\\/channel\\\/UCxL0wu1uN0_3_7hGG0306cw\"]},{\"@type\":\"Person\",\"@id\":\"https:\\\/\\\/www.bellunopress.it\\\/#\\\/schema\\\/person\\\/79bb06722b37ece1c03d3e94beb30d73\",\"name\":\"redazione\",\"image\":{\"@type\":\"ImageObject\",\"inLanguage\":\"fr-FR\",\"@id\":\"https:\\\/\\\/secure.gravatar.com\\\/avatar\\\/37d968a2e67a6fd04c169c4bdef102d0bc5d31b2546345219e348575eb80e9a0?s=96&d=mm&r=g\",\"url\":\"https:\\\/\\\/secure.gravatar.com\\\/avatar\\\/37d968a2e67a6fd04c169c4bdef102d0bc5d31b2546345219e348575eb80e9a0?s=96&d=mm&r=g\",\"contentUrl\":\"https:\\\/\\\/secure.gravatar.com\\\/avatar\\\/37d968a2e67a6fd04c169c4bdef102d0bc5d31b2546345219e348575eb80e9a0?s=96&d=mm&r=g\",\"caption\":\"redazione\"},\"sameAs\":[\"http:\\\/\\\/www.bellunopress.it\",\"https:\\\/\\\/x.com\\\/bellunopress\"],\"url\":\"https:\\\/\\\/www.bellunopress.it\\\/fr\\\/author\\\/redazione\\\/\"}]}<\/script>\n<!-- \/ Yoast SEO plugin. -->","yoast_head_json":{"title":"Diritto all'acqua. Ryan Hreljac, giovane attivista canadese, a Belluno con Insieme si pu\u00f2, testimone della Fondazione \"Il pozzo di Ryan\" - Bellunopress - Dolomiti","robots":{"index":"index","follow":"follow","max-snippet":"max-snippet:-1","max-image-preview":"max-image-preview:large","max-video-preview":"max-video-preview:-1"},"canonical":"https:\/\/www.bellunopress.it\/fr\/2019\/11\/13\/diritto-allacqua-ryan-hreljac-giovane-attivista-canadese-a-belluno-con-insieme-si-puo-testimone-della-fondazione-il-pozzo-di-ryan\/","og_locale":"fr_FR","og_type":"article","og_title":"Diritto all'acqua. Ryan Hreljac, giovane attivista canadese, a Belluno con Insieme si pu\u00f2, testimone della Fondazione \"Il pozzo di Ryan\" - Bellunopress - Dolomiti","og_description":"Dal 17 al 23 novembre l\u2019Associazione Gruppi \u201cInsieme si pu\u00f2\u2026\u201d onlus-ong organizza un ciclo di incontri itineranti aperti alla cittadinanza dal titolo \u201cIl coraggio di essere contagiosi\u201d. L\u2019iniziativa nasce dalla convinzione che l\u2019impegno attivo in favore degli ultimi sia il motore pi\u00f9 potente che pu\u00f2 cambiare le cose e generare un \u201ccontagio positivo\u201d, ovvero la [&hellip;]","og_url":"https:\/\/www.bellunopress.it\/fr\/2019\/11\/13\/diritto-allacqua-ryan-hreljac-giovane-attivista-canadese-a-belluno-con-insieme-si-puo-testimone-della-fondazione-il-pozzo-di-ryan\/","og_site_name":"Bellunopress - Dolomiti","article_publisher":"https:\/\/www.facebook.com\/profile.php?id=100008943462799","article_published_time":"2019-11-13T09:37:06+00:00","article_modified_time":"2019-11-13T09:37:07+00:00","og_image":[{"url":"http:\/\/www.bellunopress.it\/wp-content\/uploads\/2019\/11\/ryan-hreljac_1.jpg","type":"","width":"","height":""}],"author":"redazione","twitter_card":"summary_large_image","twitter_creator":"@bellunopress","twitter_site":"@bellunopress","twitter_misc":{"Written by":"redazione","Est. reading time":"4 minutes"},"schema":{"@context":"https:\/\/schema.org","@graph":[{"@type":"Article","@id":"https:\/\/www.bellunopress.it\/2019\/11\/13\/diritto-allacqua-ryan-hreljac-giovane-attivista-canadese-a-belluno-con-insieme-si-puo-testimone-della-fondazione-il-pozzo-di-ryan\/#article","isPartOf":{"@id":"https:\/\/www.bellunopress.it\/2019\/11\/13\/diritto-allacqua-ryan-hreljac-giovane-attivista-canadese-a-belluno-con-insieme-si-puo-testimone-della-fondazione-il-pozzo-di-ryan\/"},"author":{"name":"redazione","@id":"https:\/\/www.bellunopress.it\/#\/schema\/person\/79bb06722b37ece1c03d3e94beb30d73"},"headline":"Diritto all&#8217;acqua. Ryan Hreljac, giovane attivista canadese, a Belluno con Insieme si pu\u00f2, testimone della Fondazione &#8220;Il pozzo di Ryan&#8221;","datePublished":"2019-11-13T09:37:06+00:00","dateModified":"2019-11-13T09:37:07+00:00","mainEntityOfPage":{"@id":"https:\/\/www.bellunopress.it\/2019\/11\/13\/diritto-allacqua-ryan-hreljac-giovane-attivista-canadese-a-belluno-con-insieme-si-puo-testimone-della-fondazione-il-pozzo-di-ryan\/"},"wordCount":823,"publisher":{"@id":"https:\/\/www.bellunopress.it\/#organization"},"image":{"@id":"https:\/\/www.bellunopress.it\/2019\/11\/13\/diritto-allacqua-ryan-hreljac-giovane-attivista-canadese-a-belluno-con-insieme-si-puo-testimone-della-fondazione-il-pozzo-di-ryan\/#primaryimage"},"thumbnailUrl":"http:\/\/www.bellunopress.it\/wp-content\/uploads\/2019\/11\/ryan-hreljac_1.jpg","articleSection":["Appuntamenti, Eventi","Prima Pagina","Societ\u00e0, Associazioni, Istituzioni"],"inLanguage":"fr-FR"},{"@type":"WebPage","@id":"https:\/\/www.bellunopress.it\/2019\/11\/13\/diritto-allacqua-ryan-hreljac-giovane-attivista-canadese-a-belluno-con-insieme-si-puo-testimone-della-fondazione-il-pozzo-di-ryan\/","url":"https:\/\/www.bellunopress.it\/2019\/11\/13\/diritto-allacqua-ryan-hreljac-giovane-attivista-canadese-a-belluno-con-insieme-si-puo-testimone-della-fondazione-il-pozzo-di-ryan\/","name":"Diritto all'acqua. Ryan Hreljac, giovane attivista canadese, a Belluno con Insieme si pu\u00f2, testimone della Fondazione \"Il pozzo di Ryan\" - Bellunopress - Dolomiti","isPartOf":{"@id":"https:\/\/www.bellunopress.it\/#website"},"primaryImageOfPage":{"@id":"https:\/\/www.bellunopress.it\/2019\/11\/13\/diritto-allacqua-ryan-hreljac-giovane-attivista-canadese-a-belluno-con-insieme-si-puo-testimone-della-fondazione-il-pozzo-di-ryan\/#primaryimage"},"image":{"@id":"https:\/\/www.bellunopress.it\/2019\/11\/13\/diritto-allacqua-ryan-hreljac-giovane-attivista-canadese-a-belluno-con-insieme-si-puo-testimone-della-fondazione-il-pozzo-di-ryan\/#primaryimage"},"thumbnailUrl":"http:\/\/www.bellunopress.it\/wp-content\/uploads\/2019\/11\/ryan-hreljac_1.jpg","datePublished":"2019-11-13T09:37:06+00:00","dateModified":"2019-11-13T09:37:07+00:00","breadcrumb":{"@id":"https:\/\/www.bellunopress.it\/2019\/11\/13\/diritto-allacqua-ryan-hreljac-giovane-attivista-canadese-a-belluno-con-insieme-si-puo-testimone-della-fondazione-il-pozzo-di-ryan\/#breadcrumb"},"inLanguage":"fr-FR","potentialAction":[{"@type":"ReadAction","target":["https:\/\/www.bellunopress.it\/2019\/11\/13\/diritto-allacqua-ryan-hreljac-giovane-attivista-canadese-a-belluno-con-insieme-si-puo-testimone-della-fondazione-il-pozzo-di-ryan\/"]}]},{"@type":"ImageObject","inLanguage":"fr-FR","@id":"https:\/\/www.bellunopress.it\/2019\/11\/13\/diritto-allacqua-ryan-hreljac-giovane-attivista-canadese-a-belluno-con-insieme-si-puo-testimone-della-fondazione-il-pozzo-di-ryan\/#primaryimage","url":"http:\/\/www.bellunopress.it\/wp-content\/uploads\/2019\/11\/ryan-hreljac_1.jpg","contentUrl":"http:\/\/www.bellunopress.it\/wp-content\/uploads\/2019\/11\/ryan-hreljac_1.jpg"},{"@type":"BreadcrumbList","@id":"https:\/\/www.bellunopress.it\/2019\/11\/13\/diritto-allacqua-ryan-hreljac-giovane-attivista-canadese-a-belluno-con-insieme-si-puo-testimone-della-fondazione-il-pozzo-di-ryan\/#breadcrumb","itemListElement":[{"@type":"ListItem","position":1,"name":"Home","item":"https:\/\/www.bellunopress.it\/"},{"@type":"ListItem","position":2,"name":"Diritto all&#8217;acqua. Ryan Hreljac, giovane attivista canadese, a Belluno con Insieme si pu\u00f2, testimone della Fondazione &#8220;Il pozzo di Ryan&#8221;"}]},{"@type":"WebSite","@id":"https:\/\/www.bellunopress.it\/#website","url":"https:\/\/www.bellunopress.it\/","name":"Bellunopress - Dolomiti","description":"e-mail: redazione@bellunopress.it","publisher":{"@id":"https:\/\/www.bellunopress.it\/#organization"},"potentialAction":[{"@type":"SearchAction","target":{"@type":"EntryPoint","urlTemplate":"https:\/\/www.bellunopress.it\/?s={search_term_string}"},"query-input":{"@type":"PropertyValueSpecification","valueRequired":true,"valueName":"search_term_string"}}],"inLanguage":"fr-FR"},{"@type":"Organization","@id":"https:\/\/www.bellunopress.it\/#organization","name":"Bellunopress","url":"https:\/\/www.bellunopress.it\/","logo":{"@type":"ImageObject","inLanguage":"fr-FR","@id":"https:\/\/www.bellunopress.it\/#\/schema\/logo\/image\/","url":"https:\/\/www.bellunopress.it\/wp-content\/uploads\/2011\/05\/cropped-logo-bellunopress-.jpg","contentUrl":"https:\/\/www.bellunopress.it\/wp-content\/uploads\/2011\/05\/cropped-logo-bellunopress-.jpg","width":512,"height":512,"caption":"Bellunopress"},"image":{"@id":"https:\/\/www.bellunopress.it\/#\/schema\/logo\/image\/"},"sameAs":["https:\/\/www.facebook.com\/profile.php?id=100008943462799","https:\/\/x.com\/bellunopress","https:\/\/www.linkedin.com\/hp\/?dnr=JBzUWaJfMUw8vbXJJ2tVW5-I3jZKvC4wsoxE&amp;amp;amp;amp;amp;amp;trk=nav_responsive_tab_home","https:\/\/www.youtube.com\/channel\/UCxL0wu1uN0_3_7hGG0306cw"]},{"@type":"Person","@id":"https:\/\/www.bellunopress.it\/#\/schema\/person\/79bb06722b37ece1c03d3e94beb30d73","name":"r\u00e9daction","image":{"@type":"ImageObject","inLanguage":"fr-FR","@id":"https:\/\/secure.gravatar.com\/avatar\/37d968a2e67a6fd04c169c4bdef102d0bc5d31b2546345219e348575eb80e9a0?s=96&d=mm&r=g","url":"https:\/\/secure.gravatar.com\/avatar\/37d968a2e67a6fd04c169c4bdef102d0bc5d31b2546345219e348575eb80e9a0?s=96&d=mm&r=g","contentUrl":"https:\/\/secure.gravatar.com\/avatar\/37d968a2e67a6fd04c169c4bdef102d0bc5d31b2546345219e348575eb80e9a0?s=96&d=mm&r=g","caption":"redazione"},"sameAs":["http:\/\/www.bellunopress.it","https:\/\/x.com\/bellunopress"],"url":"https:\/\/www.bellunopress.it\/fr\/author\/redazione\/"}]}},"_links":{"self":[{"href":"https:\/\/www.bellunopress.it\/fr\/wp-json\/wp\/v2\/posts\/109518","targetHints":{"allow":["GET"]}}],"collection":[{"href":"https:\/\/www.bellunopress.it\/fr\/wp-json\/wp\/v2\/posts"}],"about":[{"href":"https:\/\/www.bellunopress.it\/fr\/wp-json\/wp\/v2\/types\/post"}],"author":[{"embeddable":true,"href":"https:\/\/www.bellunopress.it\/fr\/wp-json\/wp\/v2\/users\/2"}],"replies":[{"embeddable":true,"href":"https:\/\/www.bellunopress.it\/fr\/wp-json\/wp\/v2\/comments?post=109518"}],"version-history":[{"count":2,"href":"https:\/\/www.bellunopress.it\/fr\/wp-json\/wp\/v2\/posts\/109518\/revisions"}],"predecessor-version":[{"id":109521,"href":"https:\/\/www.bellunopress.it\/fr\/wp-json\/wp\/v2\/posts\/109518\/revisions\/109521"}],"wp:attachment":[{"href":"https:\/\/www.bellunopress.it\/fr\/wp-json\/wp\/v2\/media?parent=109518"}],"wp:term":[{"taxonomy":"category","embeddable":true,"href":"https:\/\/www.bellunopress.it\/fr\/wp-json\/wp\/v2\/categories?post=109518"},{"taxonomy":"post_tag","embeddable":true,"href":"https:\/\/www.bellunopress.it\/fr\/wp-json\/wp\/v2\/tags?post=109518"}],"curies":[{"name":"wp","href":"https:\/\/api.w.org\/{rel}","templated":true}]}}