{"id":109514,"date":"2019-11-12T17:55:07","date_gmt":"2019-11-12T16:55:07","guid":{"rendered":"http:\/\/www.bellunopress.it\/?p=109514"},"modified":"2019-11-12T17:55:07","modified_gmt":"2019-11-12T16:55:07","slug":"autonomia-non-pervenuta-ma-la-giunta-zaia-dara-la-bandiera-veneta-in-tutti-gli-uffici-pubblici","status":"publish","type":"post","link":"https:\/\/www.bellunopress.it\/fr\/2019\/11\/12\/autonomia-non-pervenuta-ma-la-giunta-zaia-dara-la-bandiera-veneta-in-tutti-gli-uffici-pubblici\/","title":{"rendered":"Autonomia non pervenuta. Ma la giunta Zaia dar\u00e0 la bandiera veneta in tutti gli uffici pubblici"},"content":{"rendered":"<figure id=\"attachment_107382\" aria-describedby=\"caption-attachment-107382\" style=\"width: 241px\" class=\"wp-caption alignleft\"><a href=\"http:\/\/www.bellunopress.it\/fr\/2019\/08\/27\/edilizia-popolare-zaia-14mila-famiglie-in-stato-di-bisogno-attendono-casa\/luca-zaia-4\/\" rel=\"attachment wp-att-107382\"><img loading=\"lazy\" decoding=\"async\" class=\"size-full wp-image-107382\" src=\"http:\/\/www.bellunopress.it\/wp-content\/uploads\/2019\/08\/Luca-Zaia.jpg\" alt=\"\" width=\"241\" height=\"300\" \/><\/a><figcaption id=\"caption-attachment-107382\" class=\"wp-caption-text\">Luca Zaia &#8211; Presidente della Regione del Veneto<\/figcaption><\/figure>\n<p>Venezia, 12 novembre 2019\u00a0 &#8211; Se l&#8217;autonomia, quella vera come Trento e Bolzano, non arriver\u00e0 mai n\u00e9 al Veneto n\u00e9 alla Lombardia che ne hanno fatto richiesta allo Stato, perch\u00e9 trattenere pi\u00f9 tasse in loco nelle due regioni leader vorrebbe dire mettere in pericolo il bilancio dello Stato, ebbene, potremo per\u00f2 accontentarci di un simbolo, la bandiera del Veneto.\u00a0 Che allo Stato non costa nulla e fa campare la politica dei comunicati stampa. La Giunta Regionale del Veneto, su proposta del presidente Luca Zaia, ha approvato oggi all\u2019unanimit\u00e0 un nuovo progetto di legge che prevede che la bandiera della Regione del Veneto debba essere esposta dagli edifici pubblici sia statali sia facenti capo ad amministrazioni locali. Il progetto di legge ora proseguir\u00e0 il suo iter e sar\u00e0 sottoposta al voto del Consiglio.<\/p>\n<p>\u201cLa bandiera del Veneto \u00e8 il simbolo dell\u2019identit\u00e0 e della storia di un popolo \u2013 sottolinea il presidente Zaia \u2013 farla sventolare dalle sedi degli uffici pubblici \u00e8 esclusivamente un atto di rispetto per la nostra comunit\u00e0. Oggi riproponiamo questa legge che, ricordo, un anno fa \u00e8 stata bocciata dalla Corte Costituzionale. Lo facciamo perch\u00e9 abbiamo la certezza che contiene un principio sacrosanto che merita di essere difeso. Mi auguro che questa volta non venga impugnata dal Governo; se fosse ancora cos\u00ec tuteleremo, fino in fondo e in tutte le sedi possibili, il diritto di esporre la nostra bandiera\u201d.<\/p>\n<p>\u201cL\u2019attaccamento alla bandiera della propria regione \u2013 conclude Zaia \u2013 non toglie nulla ad alcun cittadino italiano. Chi pensa il contrario, si ricordi dei funerali a Sassari di un presidente emerito della Repubblica come Francesco Cossiga, che fu anche un grande giurista. Sulla sua bara, infatti, ha voluto fosse stesa anche la bandiera sarda con i quattro mori, un simbolo di storia e attaccamento ad una terra come lo \u00e8 quella veneta con il leone marciano\u201d.<\/p>","protected":false},"excerpt":{"rendered":"<p>Venezia, 12 novembre 2019\u00a0 &#8211; Se l&#8217;autonomia, quella vera come Trento e Bolzano, non arriver\u00e0 mai n\u00e9 al Veneto n\u00e9 alla Lombardia che ne hanno fatto richiesta allo Stato, perch\u00e9 trattenere pi\u00f9 tasse in loco nelle due regioni leader vorrebbe dire mettere in pericolo il bilancio dello Stato, ebbene, potremo per\u00f2 accontentarci di un simbolo, [&hellip;]<\/p>\n","protected":false},"author":2,"featured_media":0,"comment_status":"closed","ping_status":"open","sticky":false,"template":"","format":"standard","meta":{"footnotes":""},"categories":[5,26],"tags":[],"class_list":["post-109514","post","type-post","status-publish","format-standard","category-cronaca","category-prima-pagina"],"yoast_head":"<!-- This site is optimized with the Yoast SEO plugin v28.4 - https:\/\/yoast.com\/product\/yoast-seo-wordpress\/ -->\n<title>Autonomia non pervenuta. Ma la giunta Zaia dar\u00e0 la bandiera veneta in tutti gli uffici pubblici - Bellunopress - Dolomiti<\/title>\n<meta name=\"robots\" content=\"index, follow, max-snippet:-1, max-image-preview:large, max-video-preview:-1\" \/>\n<link rel=\"canonical\" href=\"https:\/\/www.bellunopress.it\/fr\/2019\/11\/12\/autonomia-non-pervenuta-ma-la-giunta-zaia-dara-la-bandiera-veneta-in-tutti-gli-uffici-pubblici\/\" \/>\n<meta property=\"og:locale\" content=\"fr_FR\" \/>\n<meta property=\"og:type\" content=\"article\" \/>\n<meta property=\"og:title\" content=\"Autonomia non pervenuta. Ma la giunta Zaia dar\u00e0 la bandiera veneta in tutti gli uffici pubblici - Bellunopress - Dolomiti\" \/>\n<meta property=\"og:description\" content=\"Venezia, 12 novembre 2019\u00a0 &#8211; Se l&#8217;autonomia, quella vera come Trento e Bolzano, non arriver\u00e0 mai n\u00e9 al Veneto n\u00e9 alla Lombardia che ne hanno fatto richiesta allo Stato, perch\u00e9 trattenere pi\u00f9 tasse in loco nelle due regioni leader vorrebbe dire mettere in pericolo il bilancio dello Stato, ebbene, potremo per\u00f2 accontentarci di un simbolo, [&hellip;]\" \/>\n<meta property=\"og:url\" content=\"https:\/\/www.bellunopress.it\/fr\/2019\/11\/12\/autonomia-non-pervenuta-ma-la-giunta-zaia-dara-la-bandiera-veneta-in-tutti-gli-uffici-pubblici\/\" \/>\n<meta property=\"og:site_name\" content=\"Bellunopress - Dolomiti\" \/>\n<meta property=\"article:publisher\" content=\"https:\/\/www.facebook.com\/profile.php?id=100008943462799\" \/>\n<meta property=\"article:published_time\" content=\"2019-11-12T16:55:07+00:00\" \/>\n<meta property=\"og:image\" content=\"http:\/\/www.bellunopress.it\/wp-content\/uploads\/2019\/08\/Luca-Zaia.jpg\" \/>\n<meta name=\"author\" content=\"redazione\" \/>\n<meta name=\"twitter:card\" content=\"summary_large_image\" \/>\n<meta name=\"twitter:creator\" content=\"@bellunopress\" \/>\n<meta name=\"twitter:site\" content=\"@bellunopress\" \/>\n<meta name=\"twitter:label1\" content=\"Written by\" \/>\n\t<meta name=\"twitter:data1\" content=\"redazione\" \/>\n\t<meta name=\"twitter:label2\" content=\"Est. reading time\" \/>\n\t<meta name=\"twitter:data2\" content=\"2 minutes\" \/>\n<script type=\"application\/ld+json\" class=\"yoast-schema-graph\">{\"@context\":\"https:\\\/\\\/schema.org\",\"@graph\":[{\"@type\":\"Article\",\"@id\":\"https:\\\/\\\/www.bellunopress.it\\\/2019\\\/11\\\/12\\\/autonomia-non-pervenuta-ma-la-giunta-zaia-dara-la-bandiera-veneta-in-tutti-gli-uffici-pubblici\\\/#article\",\"isPartOf\":{\"@id\":\"https:\\\/\\\/www.bellunopress.it\\\/2019\\\/11\\\/12\\\/autonomia-non-pervenuta-ma-la-giunta-zaia-dara-la-bandiera-veneta-in-tutti-gli-uffici-pubblici\\\/\"},\"author\":{\"name\":\"redazione\",\"@id\":\"https:\\\/\\\/www.bellunopress.it\\\/#\\\/schema\\\/person\\\/79bb06722b37ece1c03d3e94beb30d73\"},\"headline\":\"Autonomia non pervenuta. Ma la giunta Zaia dar\u00e0 la bandiera veneta in tutti gli uffici pubblici\",\"datePublished\":\"2019-11-12T16:55:07+00:00\",\"mainEntityOfPage\":{\"@id\":\"https:\\\/\\\/www.bellunopress.it\\\/2019\\\/11\\\/12\\\/autonomia-non-pervenuta-ma-la-giunta-zaia-dara-la-bandiera-veneta-in-tutti-gli-uffici-pubblici\\\/\"},\"wordCount\":332,\"publisher\":{\"@id\":\"https:\\\/\\\/www.bellunopress.it\\\/#organization\"},\"image\":{\"@id\":\"https:\\\/\\\/www.bellunopress.it\\\/2019\\\/11\\\/12\\\/autonomia-non-pervenuta-ma-la-giunta-zaia-dara-la-bandiera-veneta-in-tutti-gli-uffici-pubblici\\\/#primaryimage\"},\"thumbnailUrl\":\"http:\\\/\\\/www.bellunopress.it\\\/wp-content\\\/uploads\\\/2019\\\/08\\\/Luca-Zaia.jpg\",\"articleSection\":[\"Cronaca\\\/Politica\",\"Prima Pagina\"],\"inLanguage\":\"fr-FR\"},{\"@type\":\"WebPage\",\"@id\":\"https:\\\/\\\/www.bellunopress.it\\\/2019\\\/11\\\/12\\\/autonomia-non-pervenuta-ma-la-giunta-zaia-dara-la-bandiera-veneta-in-tutti-gli-uffici-pubblici\\\/\",\"url\":\"https:\\\/\\\/www.bellunopress.it\\\/2019\\\/11\\\/12\\\/autonomia-non-pervenuta-ma-la-giunta-zaia-dara-la-bandiera-veneta-in-tutti-gli-uffici-pubblici\\\/\",\"name\":\"Autonomia non pervenuta. Ma la giunta Zaia dar\u00e0 la bandiera veneta in tutti gli uffici pubblici - Bellunopress - Dolomiti\",\"isPartOf\":{\"@id\":\"https:\\\/\\\/www.bellunopress.it\\\/#website\"},\"primaryImageOfPage\":{\"@id\":\"https:\\\/\\\/www.bellunopress.it\\\/2019\\\/11\\\/12\\\/autonomia-non-pervenuta-ma-la-giunta-zaia-dara-la-bandiera-veneta-in-tutti-gli-uffici-pubblici\\\/#primaryimage\"},\"image\":{\"@id\":\"https:\\\/\\\/www.bellunopress.it\\\/2019\\\/11\\\/12\\\/autonomia-non-pervenuta-ma-la-giunta-zaia-dara-la-bandiera-veneta-in-tutti-gli-uffici-pubblici\\\/#primaryimage\"},\"thumbnailUrl\":\"http:\\\/\\\/www.bellunopress.it\\\/wp-content\\\/uploads\\\/2019\\\/08\\\/Luca-Zaia.jpg\",\"datePublished\":\"2019-11-12T16:55:07+00:00\",\"breadcrumb\":{\"@id\":\"https:\\\/\\\/www.bellunopress.it\\\/2019\\\/11\\\/12\\\/autonomia-non-pervenuta-ma-la-giunta-zaia-dara-la-bandiera-veneta-in-tutti-gli-uffici-pubblici\\\/#breadcrumb\"},\"inLanguage\":\"fr-FR\",\"potentialAction\":[{\"@type\":\"ReadAction\",\"target\":[\"https:\\\/\\\/www.bellunopress.it\\\/2019\\\/11\\\/12\\\/autonomia-non-pervenuta-ma-la-giunta-zaia-dara-la-bandiera-veneta-in-tutti-gli-uffici-pubblici\\\/\"]}]},{\"@type\":\"ImageObject\",\"inLanguage\":\"fr-FR\",\"@id\":\"https:\\\/\\\/www.bellunopress.it\\\/2019\\\/11\\\/12\\\/autonomia-non-pervenuta-ma-la-giunta-zaia-dara-la-bandiera-veneta-in-tutti-gli-uffici-pubblici\\\/#primaryimage\",\"url\":\"http:\\\/\\\/www.bellunopress.it\\\/wp-content\\\/uploads\\\/2019\\\/08\\\/Luca-Zaia.jpg\",\"contentUrl\":\"http:\\\/\\\/www.bellunopress.it\\\/wp-content\\\/uploads\\\/2019\\\/08\\\/Luca-Zaia.jpg\"},{\"@type\":\"BreadcrumbList\",\"@id\":\"https:\\\/\\\/www.bellunopress.it\\\/2019\\\/11\\\/12\\\/autonomia-non-pervenuta-ma-la-giunta-zaia-dara-la-bandiera-veneta-in-tutti-gli-uffici-pubblici\\\/#breadcrumb\",\"itemListElement\":[{\"@type\":\"ListItem\",\"position\":1,\"name\":\"Home\",\"item\":\"https:\\\/\\\/www.bellunopress.it\\\/\"},{\"@type\":\"ListItem\",\"position\":2,\"name\":\"Autonomia non pervenuta. Ma la giunta Zaia dar\u00e0 la bandiera veneta in tutti gli uffici pubblici\"}]},{\"@type\":\"WebSite\",\"@id\":\"https:\\\/\\\/www.bellunopress.it\\\/#website\",\"url\":\"https:\\\/\\\/www.bellunopress.it\\\/\",\"name\":\"Bellunopress - Dolomiti\",\"description\":\"e-mail: redazione@bellunopress.it\",\"publisher\":{\"@id\":\"https:\\\/\\\/www.bellunopress.it\\\/#organization\"},\"potentialAction\":[{\"@type\":\"SearchAction\",\"target\":{\"@type\":\"EntryPoint\",\"urlTemplate\":\"https:\\\/\\\/www.bellunopress.it\\\/?s={search_term_string}\"},\"query-input\":{\"@type\":\"PropertyValueSpecification\",\"valueRequired\":true,\"valueName\":\"search_term_string\"}}],\"inLanguage\":\"fr-FR\"},{\"@type\":\"Organization\",\"@id\":\"https:\\\/\\\/www.bellunopress.it\\\/#organization\",\"name\":\"Bellunopress\",\"url\":\"https:\\\/\\\/www.bellunopress.it\\\/\",\"logo\":{\"@type\":\"ImageObject\",\"inLanguage\":\"fr-FR\",\"@id\":\"https:\\\/\\\/www.bellunopress.it\\\/#\\\/schema\\\/logo\\\/image\\\/\",\"url\":\"https:\\\/\\\/www.bellunopress.it\\\/wp-content\\\/uploads\\\/2011\\\/05\\\/cropped-logo-bellunopress-.jpg\",\"contentUrl\":\"https:\\\/\\\/www.bellunopress.it\\\/wp-content\\\/uploads\\\/2011\\\/05\\\/cropped-logo-bellunopress-.jpg\",\"width\":512,\"height\":512,\"caption\":\"Bellunopress\"},\"image\":{\"@id\":\"https:\\\/\\\/www.bellunopress.it\\\/#\\\/schema\\\/logo\\\/image\\\/\"},\"sameAs\":[\"https:\\\/\\\/www.facebook.com\\\/profile.php?id=100008943462799\",\"https:\\\/\\\/x.com\\\/bellunopress\",\"https:\\\/\\\/www.linkedin.com\\\/hp\\\/?dnr=JBzUWaJfMUw8vbXJJ2tVW5-I3jZKvC4wsoxE&amp;amp;amp;amp;amp;amp;trk=nav_responsive_tab_home\",\"https:\\\/\\\/www.youtube.com\\\/channel\\\/UCxL0wu1uN0_3_7hGG0306cw\"]},{\"@type\":\"Person\",\"@id\":\"https:\\\/\\\/www.bellunopress.it\\\/#\\\/schema\\\/person\\\/79bb06722b37ece1c03d3e94beb30d73\",\"name\":\"redazione\",\"image\":{\"@type\":\"ImageObject\",\"inLanguage\":\"fr-FR\",\"@id\":\"https:\\\/\\\/secure.gravatar.com\\\/avatar\\\/37d968a2e67a6fd04c169c4bdef102d0bc5d31b2546345219e348575eb80e9a0?s=96&d=mm&r=g\",\"url\":\"https:\\\/\\\/secure.gravatar.com\\\/avatar\\\/37d968a2e67a6fd04c169c4bdef102d0bc5d31b2546345219e348575eb80e9a0?s=96&d=mm&r=g\",\"contentUrl\":\"https:\\\/\\\/secure.gravatar.com\\\/avatar\\\/37d968a2e67a6fd04c169c4bdef102d0bc5d31b2546345219e348575eb80e9a0?s=96&d=mm&r=g\",\"caption\":\"redazione\"},\"sameAs\":[\"http:\\\/\\\/www.bellunopress.it\",\"https:\\\/\\\/x.com\\\/bellunopress\"],\"url\":\"https:\\\/\\\/www.bellunopress.it\\\/fr\\\/author\\\/redazione\\\/\"}]}<\/script>\n<!-- \/ Yoast SEO plugin. -->","yoast_head_json":{"title":"Autonomia non pervenuta. Ma la giunta Zaia dar\u00e0 la bandiera veneta in tutti gli uffici pubblici - Bellunopress - Dolomiti","robots":{"index":"index","follow":"follow","max-snippet":"max-snippet:-1","max-image-preview":"max-image-preview:large","max-video-preview":"max-video-preview:-1"},"canonical":"https:\/\/www.bellunopress.it\/fr\/2019\/11\/12\/autonomia-non-pervenuta-ma-la-giunta-zaia-dara-la-bandiera-veneta-in-tutti-gli-uffici-pubblici\/","og_locale":"fr_FR","og_type":"article","og_title":"Autonomia non pervenuta. Ma la giunta Zaia dar\u00e0 la bandiera veneta in tutti gli uffici pubblici - Bellunopress - Dolomiti","og_description":"Venezia, 12 novembre 2019\u00a0 &#8211; Se l&#8217;autonomia, quella vera come Trento e Bolzano, non arriver\u00e0 mai n\u00e9 al Veneto n\u00e9 alla Lombardia che ne hanno fatto richiesta allo Stato, perch\u00e9 trattenere pi\u00f9 tasse in loco nelle due regioni leader vorrebbe dire mettere in pericolo il bilancio dello Stato, ebbene, potremo per\u00f2 accontentarci di un simbolo, [&hellip;]","og_url":"https:\/\/www.bellunopress.it\/fr\/2019\/11\/12\/autonomia-non-pervenuta-ma-la-giunta-zaia-dara-la-bandiera-veneta-in-tutti-gli-uffici-pubblici\/","og_site_name":"Bellunopress - Dolomiti","article_publisher":"https:\/\/www.facebook.com\/profile.php?id=100008943462799","article_published_time":"2019-11-12T16:55:07+00:00","og_image":[{"url":"http:\/\/www.bellunopress.it\/wp-content\/uploads\/2019\/08\/Luca-Zaia.jpg","type":"","width":"","height":""}],"author":"redazione","twitter_card":"summary_large_image","twitter_creator":"@bellunopress","twitter_site":"@bellunopress","twitter_misc":{"Written by":"redazione","Est. reading time":"2 minutes"},"schema":{"@context":"https:\/\/schema.org","@graph":[{"@type":"Article","@id":"https:\/\/www.bellunopress.it\/2019\/11\/12\/autonomia-non-pervenuta-ma-la-giunta-zaia-dara-la-bandiera-veneta-in-tutti-gli-uffici-pubblici\/#article","isPartOf":{"@id":"https:\/\/www.bellunopress.it\/2019\/11\/12\/autonomia-non-pervenuta-ma-la-giunta-zaia-dara-la-bandiera-veneta-in-tutti-gli-uffici-pubblici\/"},"author":{"name":"redazione","@id":"https:\/\/www.bellunopress.it\/#\/schema\/person\/79bb06722b37ece1c03d3e94beb30d73"},"headline":"Autonomia non pervenuta. Ma la giunta Zaia dar\u00e0 la bandiera veneta in tutti gli uffici pubblici","datePublished":"2019-11-12T16:55:07+00:00","mainEntityOfPage":{"@id":"https:\/\/www.bellunopress.it\/2019\/11\/12\/autonomia-non-pervenuta-ma-la-giunta-zaia-dara-la-bandiera-veneta-in-tutti-gli-uffici-pubblici\/"},"wordCount":332,"publisher":{"@id":"https:\/\/www.bellunopress.it\/#organization"},"image":{"@id":"https:\/\/www.bellunopress.it\/2019\/11\/12\/autonomia-non-pervenuta-ma-la-giunta-zaia-dara-la-bandiera-veneta-in-tutti-gli-uffici-pubblici\/#primaryimage"},"thumbnailUrl":"http:\/\/www.bellunopress.it\/wp-content\/uploads\/2019\/08\/Luca-Zaia.jpg","articleSection":["Cronaca\/Politica","Prima Pagina"],"inLanguage":"fr-FR"},{"@type":"WebPage","@id":"https:\/\/www.bellunopress.it\/2019\/11\/12\/autonomia-non-pervenuta-ma-la-giunta-zaia-dara-la-bandiera-veneta-in-tutti-gli-uffici-pubblici\/","url":"https:\/\/www.bellunopress.it\/2019\/11\/12\/autonomia-non-pervenuta-ma-la-giunta-zaia-dara-la-bandiera-veneta-in-tutti-gli-uffici-pubblici\/","name":"Autonomia non pervenuta. Ma la giunta Zaia dar\u00e0 la bandiera veneta in tutti gli uffici pubblici - Bellunopress - Dolomiti","isPartOf":{"@id":"https:\/\/www.bellunopress.it\/#website"},"primaryImageOfPage":{"@id":"https:\/\/www.bellunopress.it\/2019\/11\/12\/autonomia-non-pervenuta-ma-la-giunta-zaia-dara-la-bandiera-veneta-in-tutti-gli-uffici-pubblici\/#primaryimage"},"image":{"@id":"https:\/\/www.bellunopress.it\/2019\/11\/12\/autonomia-non-pervenuta-ma-la-giunta-zaia-dara-la-bandiera-veneta-in-tutti-gli-uffici-pubblici\/#primaryimage"},"thumbnailUrl":"http:\/\/www.bellunopress.it\/wp-content\/uploads\/2019\/08\/Luca-Zaia.jpg","datePublished":"2019-11-12T16:55:07+00:00","breadcrumb":{"@id":"https:\/\/www.bellunopress.it\/2019\/11\/12\/autonomia-non-pervenuta-ma-la-giunta-zaia-dara-la-bandiera-veneta-in-tutti-gli-uffici-pubblici\/#breadcrumb"},"inLanguage":"fr-FR","potentialAction":[{"@type":"ReadAction","target":["https:\/\/www.bellunopress.it\/2019\/11\/12\/autonomia-non-pervenuta-ma-la-giunta-zaia-dara-la-bandiera-veneta-in-tutti-gli-uffici-pubblici\/"]}]},{"@type":"ImageObject","inLanguage":"fr-FR","@id":"https:\/\/www.bellunopress.it\/2019\/11\/12\/autonomia-non-pervenuta-ma-la-giunta-zaia-dara-la-bandiera-veneta-in-tutti-gli-uffici-pubblici\/#primaryimage","url":"http:\/\/www.bellunopress.it\/wp-content\/uploads\/2019\/08\/Luca-Zaia.jpg","contentUrl":"http:\/\/www.bellunopress.it\/wp-content\/uploads\/2019\/08\/Luca-Zaia.jpg"},{"@type":"BreadcrumbList","@id":"https:\/\/www.bellunopress.it\/2019\/11\/12\/autonomia-non-pervenuta-ma-la-giunta-zaia-dara-la-bandiera-veneta-in-tutti-gli-uffici-pubblici\/#breadcrumb","itemListElement":[{"@type":"ListItem","position":1,"name":"Home","item":"https:\/\/www.bellunopress.it\/"},{"@type":"ListItem","position":2,"name":"Autonomia non pervenuta. Ma la giunta Zaia dar\u00e0 la bandiera veneta in tutti gli uffici pubblici"}]},{"@type":"WebSite","@id":"https:\/\/www.bellunopress.it\/#website","url":"https:\/\/www.bellunopress.it\/","name":"Bellunopress - Dolomiti","description":"e-mail: redazione@bellunopress.it","publisher":{"@id":"https:\/\/www.bellunopress.it\/#organization"},"potentialAction":[{"@type":"SearchAction","target":{"@type":"EntryPoint","urlTemplate":"https:\/\/www.bellunopress.it\/?s={search_term_string}"},"query-input":{"@type":"PropertyValueSpecification","valueRequired":true,"valueName":"search_term_string"}}],"inLanguage":"fr-FR"},{"@type":"Organization","@id":"https:\/\/www.bellunopress.it\/#organization","name":"Bellunopress","url":"https:\/\/www.bellunopress.it\/","logo":{"@type":"ImageObject","inLanguage":"fr-FR","@id":"https:\/\/www.bellunopress.it\/#\/schema\/logo\/image\/","url":"https:\/\/www.bellunopress.it\/wp-content\/uploads\/2011\/05\/cropped-logo-bellunopress-.jpg","contentUrl":"https:\/\/www.bellunopress.it\/wp-content\/uploads\/2011\/05\/cropped-logo-bellunopress-.jpg","width":512,"height":512,"caption":"Bellunopress"},"image":{"@id":"https:\/\/www.bellunopress.it\/#\/schema\/logo\/image\/"},"sameAs":["https:\/\/www.facebook.com\/profile.php?id=100008943462799","https:\/\/x.com\/bellunopress","https:\/\/www.linkedin.com\/hp\/?dnr=JBzUWaJfMUw8vbXJJ2tVW5-I3jZKvC4wsoxE&amp;amp;amp;amp;amp;amp;trk=nav_responsive_tab_home","https:\/\/www.youtube.com\/channel\/UCxL0wu1uN0_3_7hGG0306cw"]},{"@type":"Person","@id":"https:\/\/www.bellunopress.it\/#\/schema\/person\/79bb06722b37ece1c03d3e94beb30d73","name":"r\u00e9daction","image":{"@type":"ImageObject","inLanguage":"fr-FR","@id":"https:\/\/secure.gravatar.com\/avatar\/37d968a2e67a6fd04c169c4bdef102d0bc5d31b2546345219e348575eb80e9a0?s=96&d=mm&r=g","url":"https:\/\/secure.gravatar.com\/avatar\/37d968a2e67a6fd04c169c4bdef102d0bc5d31b2546345219e348575eb80e9a0?s=96&d=mm&r=g","contentUrl":"https:\/\/secure.gravatar.com\/avatar\/37d968a2e67a6fd04c169c4bdef102d0bc5d31b2546345219e348575eb80e9a0?s=96&d=mm&r=g","caption":"redazione"},"sameAs":["http:\/\/www.bellunopress.it","https:\/\/x.com\/bellunopress"],"url":"https:\/\/www.bellunopress.it\/fr\/author\/redazione\/"}]}},"_links":{"self":[{"href":"https:\/\/www.bellunopress.it\/fr\/wp-json\/wp\/v2\/posts\/109514","targetHints":{"allow":["GET"]}}],"collection":[{"href":"https:\/\/www.bellunopress.it\/fr\/wp-json\/wp\/v2\/posts"}],"about":[{"href":"https:\/\/www.bellunopress.it\/fr\/wp-json\/wp\/v2\/types\/post"}],"author":[{"embeddable":true,"href":"https:\/\/www.bellunopress.it\/fr\/wp-json\/wp\/v2\/users\/2"}],"replies":[{"embeddable":true,"href":"https:\/\/www.bellunopress.it\/fr\/wp-json\/wp\/v2\/comments?post=109514"}],"version-history":[{"count":1,"href":"https:\/\/www.bellunopress.it\/fr\/wp-json\/wp\/v2\/posts\/109514\/revisions"}],"predecessor-version":[{"id":109515,"href":"https:\/\/www.bellunopress.it\/fr\/wp-json\/wp\/v2\/posts\/109514\/revisions\/109515"}],"wp:attachment":[{"href":"https:\/\/www.bellunopress.it\/fr\/wp-json\/wp\/v2\/media?parent=109514"}],"wp:term":[{"taxonomy":"category","embeddable":true,"href":"https:\/\/www.bellunopress.it\/fr\/wp-json\/wp\/v2\/categories?post=109514"},{"taxonomy":"post_tag","embeddable":true,"href":"https:\/\/www.bellunopress.it\/fr\/wp-json\/wp\/v2\/tags?post=109514"}],"curies":[{"name":"wp","href":"https:\/\/api.w.org\/{rel}","templated":true}]}}