{"id":109502,"date":"2019-11-12T14:46:40","date_gmt":"2019-11-12T13:46:40","guid":{"rendered":"http:\/\/www.bellunopress.it\/?p=109502"},"modified":"2019-11-12T14:47:02","modified_gmt":"2019-11-12T13:47:02","slug":"martedi-nella-sede-dellex-banca-ditalia-linaugurazione-della-mostra-fotografica-frammenti-di-storia-litalia-attraverso-le-impronte-le-immagini-e-i-sopralluoghi-della-polizia-scienti","status":"publish","type":"post","link":"https:\/\/www.bellunopress.it\/fr\/2019\/11\/12\/martedi-nella-sede-dellex-banca-ditalia-linaugurazione-della-mostra-fotografica-frammenti-di-storia-litalia-attraverso-le-impronte-le-immagini-e-i-sopralluoghi-della-polizia-scienti\/","title":{"rendered":"Mercoled\u00ec nella sede dell&#8217;ex Banca d&#8217;Italia l&#8217;inaugurazione della mostra fotografica &#8220;Frammenti di storia. L\u2019Italia attraverso le impronte, le immagini e i sopralluoghi della Polizia Scientifica\u201d"},"content":{"rendered":"<p>La mostra fotografica \u201cFrammenti di Storia. L\u2019Italia attraverso le impronte, le immagini e i sopralluoghi della Polizia Scientifica\u201d approda a Belluno.<\/p>\n<p><a href=\"http:\/\/www.bellunopress.it\/fr\/2019\/11\/12\/martedi-nella-sede-dellex-banca-ditalia-linaugurazione-della-mostra-fotografica-frammenti-di-storia-litalia-attraverso-le-impronte-le-immagini-e-i-sopralluoghi-della-polizia-scienti\/banca-ditalia\/\" rel=\"attachment wp-att-109504\"><img loading=\"lazy\" decoding=\"async\" class=\"alignleft size-full wp-image-109504\" src=\"http:\/\/www.bellunopress.it\/wp-content\/uploads\/2019\/11\/banca-ditalia.jpg\" alt=\"\" width=\"300\" height=\"200\" \/><\/a>Domani, mercoled\u00ec 13 novembre alle ore 16.00, alla presenza del Direttore Centrale Anticrimine prefetto Francesco Messina, l\u2019inaugurazione nella cornice del palazzo ex Banca d\u2019Italia che riapre al pubblico dopo anni di chiusura proprio per l\u2019occasione, fornendo la possibilit\u00e0, a chi decider\u00e0 di visitare la mostra, di ammirare nel contempo uno dei pi\u00f9 bei palazzi storici del centro di Belluno.<\/p>\n<p>L\u2019iniziativa ripercorre alcuni dei momenti pi\u00f9 drammatici e significativi della storia del novecento e dell\u2019inizio del nuovo millennio, attraverso il lavoro ultracentenario della Polizia Scientifica, un\u2019eccellenza del panorama mondiale, da sempre al servizio del cittadino.<br \/>\nNegli spazi espositivi, allestiti con numerosi pannelli fotografici e teche, sono mostrate immagini esclusive relative a fatti che hanno segnato la storia del nostro Paese, come l\u2019arresto di Sandro Pertini, il futuro Presidente della Repubblica, fermato dai fascisti, l\u2019omicidio di Giacomo Matteotti avvenuto nel 1924 e poi risalendo la corrente del tempo, le stragi di mafia e quelle dell\u2019eversione nera.<br \/>\nFar\u00e0 parte del materiale esposto anche la documentazione dei rilievi effettuati dalla Polizia Scientifica dopo la tragedia del Vajont, che cos\u00ec duramente colp\u00ec la provincia di Belluno: nel verbale di sopralluogo e nelle foto una testimonianza storica eccezionale che restituisce un\u2019istantanea sui luoghi, sui feriti e purtroppo sull\u2019incessante e doloroso lavoro di recupero delle numerose vittime a poche ore dai fatti.<\/p>\n<p>La mostra sar\u00e0 aperta al pubblico da sabato 16 al successivo sabato 23 novembre per dare la possibilit\u00e0 alle scuole della provincia e ai tanti curiosi di approfittare di una panoramica completa e stimolante sulla storia contemporanea del nostro paese.<\/p>","protected":false},"excerpt":{"rendered":"<p>La mostra fotografica \u201cFrammenti di Storia. L\u2019Italia attraverso le impronte, le immagini e i sopralluoghi della Polizia Scientifica\u201d approda a Belluno. Domani, mercoled\u00ec 13 novembre alle ore 16.00, alla presenza del Direttore Centrale Anticrimine prefetto Francesco Messina, l\u2019inaugurazione nella cornice del palazzo ex Banca d\u2019Italia che riapre al pubblico dopo anni di chiusura proprio per [&hellip;]<\/p>\n","protected":false},"author":2,"featured_media":0,"comment_status":"closed","ping_status":"open","sticky":false,"template":"","format":"standard","meta":{"footnotes":""},"categories":[27,3,26],"tags":[],"class_list":["post-109502","post","type-post","status-publish","format-standard","category-appuntamenti","category-arte-cultura-spettacoli-scienza-archivi","category-prima-pagina"],"yoast_head":"<!-- This site is optimized with the Yoast SEO plugin v28.4 - https:\/\/yoast.com\/product\/yoast-seo-wordpress\/ -->\n<title>Mercoled\u00ec nella sede dell&#039;ex Banca d&#039;Italia l&#039;inaugurazione della mostra fotografica &quot;Frammenti di storia. L\u2019Italia attraverso le impronte, le immagini e i sopralluoghi della Polizia Scientifica\u201d - Bellunopress - Dolomiti<\/title>\n<meta name=\"robots\" content=\"index, follow, max-snippet:-1, max-image-preview:large, max-video-preview:-1\" \/>\n<link rel=\"canonical\" href=\"https:\/\/www.bellunopress.it\/fr\/2019\/11\/12\/martedi-nella-sede-dellex-banca-ditalia-linaugurazione-della-mostra-fotografica-frammenti-di-storia-litalia-attraverso-le-impronte-le-immagini-e-i-sopralluoghi-della-polizia-scienti\/\" \/>\n<meta property=\"og:locale\" content=\"fr_FR\" \/>\n<meta property=\"og:type\" content=\"article\" \/>\n<meta property=\"og:title\" content=\"Mercoled\u00ec nella sede dell&#039;ex Banca d&#039;Italia l&#039;inaugurazione della mostra fotografica &quot;Frammenti di storia. L\u2019Italia attraverso le impronte, le immagini e i sopralluoghi della Polizia Scientifica\u201d - Bellunopress - Dolomiti\" \/>\n<meta property=\"og:description\" content=\"La mostra fotografica \u201cFrammenti di Storia. L\u2019Italia attraverso le impronte, le immagini e i sopralluoghi della Polizia Scientifica\u201d approda a Belluno. Domani, mercoled\u00ec 13 novembre alle ore 16.00, alla presenza del Direttore Centrale Anticrimine prefetto Francesco Messina, l\u2019inaugurazione nella cornice del palazzo ex Banca d\u2019Italia che riapre al pubblico dopo anni di chiusura proprio per [&hellip;]\" \/>\n<meta property=\"og:url\" content=\"https:\/\/www.bellunopress.it\/fr\/2019\/11\/12\/martedi-nella-sede-dellex-banca-ditalia-linaugurazione-della-mostra-fotografica-frammenti-di-storia-litalia-attraverso-le-impronte-le-immagini-e-i-sopralluoghi-della-polizia-scienti\/\" \/>\n<meta property=\"og:site_name\" content=\"Bellunopress - Dolomiti\" \/>\n<meta property=\"article:publisher\" content=\"https:\/\/www.facebook.com\/profile.php?id=100008943462799\" \/>\n<meta property=\"article:published_time\" content=\"2019-11-12T13:46:40+00:00\" \/>\n<meta property=\"article:modified_time\" content=\"2019-11-12T13:47:02+00:00\" \/>\n<meta property=\"og:image\" content=\"http:\/\/www.bellunopress.it\/wp-content\/uploads\/2019\/11\/banca-ditalia.jpg\" \/>\n<meta name=\"author\" content=\"redazione\" \/>\n<meta name=\"twitter:card\" content=\"summary_large_image\" \/>\n<meta name=\"twitter:creator\" content=\"@bellunopress\" \/>\n<meta name=\"twitter:site\" content=\"@bellunopress\" \/>\n<meta name=\"twitter:label1\" content=\"\u00c9crit par\" \/>\n\t<meta name=\"twitter:data1\" content=\"redazione\" \/>\n\t<meta name=\"twitter:label2\" content=\"Dur\u00e9e de lecture estim\u00e9e\" \/>\n\t<meta name=\"twitter:data2\" content=\"1 minute\" \/>\n<script type=\"application\/ld+json\" class=\"yoast-schema-graph\">{\"@context\":\"https:\\\/\\\/schema.org\",\"@graph\":[{\"@type\":\"Article\",\"@id\":\"https:\\\/\\\/www.bellunopress.it\\\/2019\\\/11\\\/12\\\/martedi-nella-sede-dellex-banca-ditalia-linaugurazione-della-mostra-fotografica-frammenti-di-storia-litalia-attraverso-le-impronte-le-immagini-e-i-sopralluoghi-della-polizia-scienti\\\/#article\",\"isPartOf\":{\"@id\":\"https:\\\/\\\/www.bellunopress.it\\\/2019\\\/11\\\/12\\\/martedi-nella-sede-dellex-banca-ditalia-linaugurazione-della-mostra-fotografica-frammenti-di-storia-litalia-attraverso-le-impronte-le-immagini-e-i-sopralluoghi-della-polizia-scienti\\\/\"},\"author\":{\"name\":\"redazione\",\"@id\":\"https:\\\/\\\/www.bellunopress.it\\\/#\\\/schema\\\/person\\\/79bb06722b37ece1c03d3e94beb30d73\"},\"headline\":\"Mercoled\u00ec nella sede dell&#8217;ex Banca d&#8217;Italia l&#8217;inaugurazione della mostra fotografica &#8220;Frammenti di storia. L\u2019Italia attraverso le impronte, le immagini e i sopralluoghi della Polizia Scientifica\u201d\",\"datePublished\":\"2019-11-12T13:46:40+00:00\",\"dateModified\":\"2019-11-12T13:47:02+00:00\",\"mainEntityOfPage\":{\"@id\":\"https:\\\/\\\/www.bellunopress.it\\\/2019\\\/11\\\/12\\\/martedi-nella-sede-dellex-banca-ditalia-linaugurazione-della-mostra-fotografica-frammenti-di-storia-litalia-attraverso-le-impronte-le-immagini-e-i-sopralluoghi-della-polizia-scienti\\\/\"},\"wordCount\":312,\"publisher\":{\"@id\":\"https:\\\/\\\/www.bellunopress.it\\\/#organization\"},\"image\":{\"@id\":\"https:\\\/\\\/www.bellunopress.it\\\/2019\\\/11\\\/12\\\/martedi-nella-sede-dellex-banca-ditalia-linaugurazione-della-mostra-fotografica-frammenti-di-storia-litalia-attraverso-le-impronte-le-immagini-e-i-sopralluoghi-della-polizia-scienti\\\/#primaryimage\"},\"thumbnailUrl\":\"http:\\\/\\\/www.bellunopress.it\\\/wp-content\\\/uploads\\\/2019\\\/11\\\/banca-ditalia.jpg\",\"articleSection\":[\"Appuntamenti, Eventi\",\"Arte, Cultura, Spettacoli, Scienza\",\"Prima Pagina\"],\"inLanguage\":\"fr-FR\"},{\"@type\":\"WebPage\",\"@id\":\"https:\\\/\\\/www.bellunopress.it\\\/2019\\\/11\\\/12\\\/martedi-nella-sede-dellex-banca-ditalia-linaugurazione-della-mostra-fotografica-frammenti-di-storia-litalia-attraverso-le-impronte-le-immagini-e-i-sopralluoghi-della-polizia-scienti\\\/\",\"url\":\"https:\\\/\\\/www.bellunopress.it\\\/2019\\\/11\\\/12\\\/martedi-nella-sede-dellex-banca-ditalia-linaugurazione-della-mostra-fotografica-frammenti-di-storia-litalia-attraverso-le-impronte-le-immagini-e-i-sopralluoghi-della-polizia-scienti\\\/\",\"name\":\"Mercoled\u00ec nella sede dell'ex Banca d'Italia l'inaugurazione della mostra fotografica \\\"Frammenti di storia. L\u2019Italia attraverso le impronte, le immagini e i sopralluoghi della Polizia Scientifica\u201d - Bellunopress - Dolomiti\",\"isPartOf\":{\"@id\":\"https:\\\/\\\/www.bellunopress.it\\\/#website\"},\"primaryImageOfPage\":{\"@id\":\"https:\\\/\\\/www.bellunopress.it\\\/2019\\\/11\\\/12\\\/martedi-nella-sede-dellex-banca-ditalia-linaugurazione-della-mostra-fotografica-frammenti-di-storia-litalia-attraverso-le-impronte-le-immagini-e-i-sopralluoghi-della-polizia-scienti\\\/#primaryimage\"},\"image\":{\"@id\":\"https:\\\/\\\/www.bellunopress.it\\\/2019\\\/11\\\/12\\\/martedi-nella-sede-dellex-banca-ditalia-linaugurazione-della-mostra-fotografica-frammenti-di-storia-litalia-attraverso-le-impronte-le-immagini-e-i-sopralluoghi-della-polizia-scienti\\\/#primaryimage\"},\"thumbnailUrl\":\"http:\\\/\\\/www.bellunopress.it\\\/wp-content\\\/uploads\\\/2019\\\/11\\\/banca-ditalia.jpg\",\"datePublished\":\"2019-11-12T13:46:40+00:00\",\"dateModified\":\"2019-11-12T13:47:02+00:00\",\"breadcrumb\":{\"@id\":\"https:\\\/\\\/www.bellunopress.it\\\/2019\\\/11\\\/12\\\/martedi-nella-sede-dellex-banca-ditalia-linaugurazione-della-mostra-fotografica-frammenti-di-storia-litalia-attraverso-le-impronte-le-immagini-e-i-sopralluoghi-della-polizia-scienti\\\/#breadcrumb\"},\"inLanguage\":\"fr-FR\",\"potentialAction\":[{\"@type\":\"ReadAction\",\"target\":[\"https:\\\/\\\/www.bellunopress.it\\\/2019\\\/11\\\/12\\\/martedi-nella-sede-dellex-banca-ditalia-linaugurazione-della-mostra-fotografica-frammenti-di-storia-litalia-attraverso-le-impronte-le-immagini-e-i-sopralluoghi-della-polizia-scienti\\\/\"]}]},{\"@type\":\"ImageObject\",\"inLanguage\":\"fr-FR\",\"@id\":\"https:\\\/\\\/www.bellunopress.it\\\/2019\\\/11\\\/12\\\/martedi-nella-sede-dellex-banca-ditalia-linaugurazione-della-mostra-fotografica-frammenti-di-storia-litalia-attraverso-le-impronte-le-immagini-e-i-sopralluoghi-della-polizia-scienti\\\/#primaryimage\",\"url\":\"http:\\\/\\\/www.bellunopress.it\\\/wp-content\\\/uploads\\\/2019\\\/11\\\/banca-ditalia.jpg\",\"contentUrl\":\"http:\\\/\\\/www.bellunopress.it\\\/wp-content\\\/uploads\\\/2019\\\/11\\\/banca-ditalia.jpg\"},{\"@type\":\"BreadcrumbList\",\"@id\":\"https:\\\/\\\/www.bellunopress.it\\\/2019\\\/11\\\/12\\\/martedi-nella-sede-dellex-banca-ditalia-linaugurazione-della-mostra-fotografica-frammenti-di-storia-litalia-attraverso-le-impronte-le-immagini-e-i-sopralluoghi-della-polizia-scienti\\\/#breadcrumb\",\"itemListElement\":[{\"@type\":\"ListItem\",\"position\":1,\"name\":\"Home\",\"item\":\"https:\\\/\\\/www.bellunopress.it\\\/\"},{\"@type\":\"ListItem\",\"position\":2,\"name\":\"Mercoled\u00ec nella sede dell&#8217;ex Banca d&#8217;Italia l&#8217;inaugurazione della mostra fotografica &#8220;Frammenti di storia. L\u2019Italia attraverso le impronte, le immagini e i sopralluoghi della Polizia Scientifica\u201d\"}]},{\"@type\":\"WebSite\",\"@id\":\"https:\\\/\\\/www.bellunopress.it\\\/#website\",\"url\":\"https:\\\/\\\/www.bellunopress.it\\\/\",\"name\":\"Bellunopress - Dolomiti\",\"description\":\"e-mail: redazione@bellunopress.it\",\"publisher\":{\"@id\":\"https:\\\/\\\/www.bellunopress.it\\\/#organization\"},\"potentialAction\":[{\"@type\":\"SearchAction\",\"target\":{\"@type\":\"EntryPoint\",\"urlTemplate\":\"https:\\\/\\\/www.bellunopress.it\\\/?s={search_term_string}\"},\"query-input\":{\"@type\":\"PropertyValueSpecification\",\"valueRequired\":true,\"valueName\":\"search_term_string\"}}],\"inLanguage\":\"fr-FR\"},{\"@type\":\"Organization\",\"@id\":\"https:\\\/\\\/www.bellunopress.it\\\/#organization\",\"name\":\"Bellunopress\",\"url\":\"https:\\\/\\\/www.bellunopress.it\\\/\",\"logo\":{\"@type\":\"ImageObject\",\"inLanguage\":\"fr-FR\",\"@id\":\"https:\\\/\\\/www.bellunopress.it\\\/#\\\/schema\\\/logo\\\/image\\\/\",\"url\":\"https:\\\/\\\/www.bellunopress.it\\\/wp-content\\\/uploads\\\/2011\\\/05\\\/cropped-logo-bellunopress-.jpg\",\"contentUrl\":\"https:\\\/\\\/www.bellunopress.it\\\/wp-content\\\/uploads\\\/2011\\\/05\\\/cropped-logo-bellunopress-.jpg\",\"width\":512,\"height\":512,\"caption\":\"Bellunopress\"},\"image\":{\"@id\":\"https:\\\/\\\/www.bellunopress.it\\\/#\\\/schema\\\/logo\\\/image\\\/\"},\"sameAs\":[\"https:\\\/\\\/www.facebook.com\\\/profile.php?id=100008943462799\",\"https:\\\/\\\/x.com\\\/bellunopress\",\"https:\\\/\\\/www.linkedin.com\\\/hp\\\/?dnr=JBzUWaJfMUw8vbXJJ2tVW5-I3jZKvC4wsoxE&amp;amp;amp;amp;amp;amp;trk=nav_responsive_tab_home\",\"https:\\\/\\\/www.youtube.com\\\/channel\\\/UCxL0wu1uN0_3_7hGG0306cw\"]},{\"@type\":\"Person\",\"@id\":\"https:\\\/\\\/www.bellunopress.it\\\/#\\\/schema\\\/person\\\/79bb06722b37ece1c03d3e94beb30d73\",\"name\":\"redazione\",\"image\":{\"@type\":\"ImageObject\",\"inLanguage\":\"fr-FR\",\"@id\":\"https:\\\/\\\/secure.gravatar.com\\\/avatar\\\/37d968a2e67a6fd04c169c4bdef102d0bc5d31b2546345219e348575eb80e9a0?s=96&d=mm&r=g\",\"url\":\"https:\\\/\\\/secure.gravatar.com\\\/avatar\\\/37d968a2e67a6fd04c169c4bdef102d0bc5d31b2546345219e348575eb80e9a0?s=96&d=mm&r=g\",\"contentUrl\":\"https:\\\/\\\/secure.gravatar.com\\\/avatar\\\/37d968a2e67a6fd04c169c4bdef102d0bc5d31b2546345219e348575eb80e9a0?s=96&d=mm&r=g\",\"caption\":\"redazione\"},\"sameAs\":[\"http:\\\/\\\/www.bellunopress.it\",\"https:\\\/\\\/x.com\\\/bellunopress\"],\"url\":\"https:\\\/\\\/www.bellunopress.it\\\/fr\\\/author\\\/redazione\\\/\"}]}<\/script>\n<!-- \/ Yoast SEO plugin. -->","yoast_head_json":{"title":"Mercoled\u00ec nella sede dell'ex Banca d'Italia l'inaugurazione della mostra fotografica \"Frammenti di storia. L\u2019Italia attraverso le impronte, le immagini e i sopralluoghi della Polizia Scientifica\u201d - Bellunopress - Dolomiti","robots":{"index":"index","follow":"follow","max-snippet":"max-snippet:-1","max-image-preview":"max-image-preview:large","max-video-preview":"max-video-preview:-1"},"canonical":"https:\/\/www.bellunopress.it\/fr\/2019\/11\/12\/martedi-nella-sede-dellex-banca-ditalia-linaugurazione-della-mostra-fotografica-frammenti-di-storia-litalia-attraverso-le-impronte-le-immagini-e-i-sopralluoghi-della-polizia-scienti\/","og_locale":"fr_FR","og_type":"article","og_title":"Mercoled\u00ec nella sede dell'ex Banca d'Italia l'inaugurazione della mostra fotografica \"Frammenti di storia. L\u2019Italia attraverso le impronte, le immagini e i sopralluoghi della Polizia Scientifica\u201d - Bellunopress - Dolomiti","og_description":"La mostra fotografica \u201cFrammenti di Storia. L\u2019Italia attraverso le impronte, le immagini e i sopralluoghi della Polizia Scientifica\u201d approda a Belluno. Domani, mercoled\u00ec 13 novembre alle ore 16.00, alla presenza del Direttore Centrale Anticrimine prefetto Francesco Messina, l\u2019inaugurazione nella cornice del palazzo ex Banca d\u2019Italia che riapre al pubblico dopo anni di chiusura proprio per [&hellip;]","og_url":"https:\/\/www.bellunopress.it\/fr\/2019\/11\/12\/martedi-nella-sede-dellex-banca-ditalia-linaugurazione-della-mostra-fotografica-frammenti-di-storia-litalia-attraverso-le-impronte-le-immagini-e-i-sopralluoghi-della-polizia-scienti\/","og_site_name":"Bellunopress - Dolomiti","article_publisher":"https:\/\/www.facebook.com\/profile.php?id=100008943462799","article_published_time":"2019-11-12T13:46:40+00:00","article_modified_time":"2019-11-12T13:47:02+00:00","og_image":[{"url":"http:\/\/www.bellunopress.it\/wp-content\/uploads\/2019\/11\/banca-ditalia.jpg","type":"","width":"","height":""}],"author":"redazione","twitter_card":"summary_large_image","twitter_creator":"@bellunopress","twitter_site":"@bellunopress","twitter_misc":{"\u00c9crit par":"redazione","Dur\u00e9e de lecture estim\u00e9e":"1 minute"},"schema":{"@context":"https:\/\/schema.org","@graph":[{"@type":"Article","@id":"https:\/\/www.bellunopress.it\/2019\/11\/12\/martedi-nella-sede-dellex-banca-ditalia-linaugurazione-della-mostra-fotografica-frammenti-di-storia-litalia-attraverso-le-impronte-le-immagini-e-i-sopralluoghi-della-polizia-scienti\/#article","isPartOf":{"@id":"https:\/\/www.bellunopress.it\/2019\/11\/12\/martedi-nella-sede-dellex-banca-ditalia-linaugurazione-della-mostra-fotografica-frammenti-di-storia-litalia-attraverso-le-impronte-le-immagini-e-i-sopralluoghi-della-polizia-scienti\/"},"author":{"name":"redazione","@id":"https:\/\/www.bellunopress.it\/#\/schema\/person\/79bb06722b37ece1c03d3e94beb30d73"},"headline":"Mercoled\u00ec nella sede dell&#8217;ex Banca d&#8217;Italia l&#8217;inaugurazione della mostra fotografica &#8220;Frammenti di storia. L\u2019Italia attraverso le impronte, le immagini e i sopralluoghi della Polizia Scientifica\u201d","datePublished":"2019-11-12T13:46:40+00:00","dateModified":"2019-11-12T13:47:02+00:00","mainEntityOfPage":{"@id":"https:\/\/www.bellunopress.it\/2019\/11\/12\/martedi-nella-sede-dellex-banca-ditalia-linaugurazione-della-mostra-fotografica-frammenti-di-storia-litalia-attraverso-le-impronte-le-immagini-e-i-sopralluoghi-della-polizia-scienti\/"},"wordCount":312,"publisher":{"@id":"https:\/\/www.bellunopress.it\/#organization"},"image":{"@id":"https:\/\/www.bellunopress.it\/2019\/11\/12\/martedi-nella-sede-dellex-banca-ditalia-linaugurazione-della-mostra-fotografica-frammenti-di-storia-litalia-attraverso-le-impronte-le-immagini-e-i-sopralluoghi-della-polizia-scienti\/#primaryimage"},"thumbnailUrl":"http:\/\/www.bellunopress.it\/wp-content\/uploads\/2019\/11\/banca-ditalia.jpg","articleSection":["Appuntamenti, Eventi","Arte, Cultura, Spettacoli, Scienza","Prima Pagina"],"inLanguage":"fr-FR"},{"@type":"WebPage","@id":"https:\/\/www.bellunopress.it\/2019\/11\/12\/martedi-nella-sede-dellex-banca-ditalia-linaugurazione-della-mostra-fotografica-frammenti-di-storia-litalia-attraverso-le-impronte-le-immagini-e-i-sopralluoghi-della-polizia-scienti\/","url":"https:\/\/www.bellunopress.it\/2019\/11\/12\/martedi-nella-sede-dellex-banca-ditalia-linaugurazione-della-mostra-fotografica-frammenti-di-storia-litalia-attraverso-le-impronte-le-immagini-e-i-sopralluoghi-della-polizia-scienti\/","name":"Mercoled\u00ec nella sede dell'ex Banca d'Italia l'inaugurazione della mostra fotografica \"Frammenti di storia. L\u2019Italia attraverso le impronte, le immagini e i sopralluoghi della Polizia Scientifica\u201d - Bellunopress - Dolomiti","isPartOf":{"@id":"https:\/\/www.bellunopress.it\/#website"},"primaryImageOfPage":{"@id":"https:\/\/www.bellunopress.it\/2019\/11\/12\/martedi-nella-sede-dellex-banca-ditalia-linaugurazione-della-mostra-fotografica-frammenti-di-storia-litalia-attraverso-le-impronte-le-immagini-e-i-sopralluoghi-della-polizia-scienti\/#primaryimage"},"image":{"@id":"https:\/\/www.bellunopress.it\/2019\/11\/12\/martedi-nella-sede-dellex-banca-ditalia-linaugurazione-della-mostra-fotografica-frammenti-di-storia-litalia-attraverso-le-impronte-le-immagini-e-i-sopralluoghi-della-polizia-scienti\/#primaryimage"},"thumbnailUrl":"http:\/\/www.bellunopress.it\/wp-content\/uploads\/2019\/11\/banca-ditalia.jpg","datePublished":"2019-11-12T13:46:40+00:00","dateModified":"2019-11-12T13:47:02+00:00","breadcrumb":{"@id":"https:\/\/www.bellunopress.it\/2019\/11\/12\/martedi-nella-sede-dellex-banca-ditalia-linaugurazione-della-mostra-fotografica-frammenti-di-storia-litalia-attraverso-le-impronte-le-immagini-e-i-sopralluoghi-della-polizia-scienti\/#breadcrumb"},"inLanguage":"fr-FR","potentialAction":[{"@type":"ReadAction","target":["https:\/\/www.bellunopress.it\/2019\/11\/12\/martedi-nella-sede-dellex-banca-ditalia-linaugurazione-della-mostra-fotografica-frammenti-di-storia-litalia-attraverso-le-impronte-le-immagini-e-i-sopralluoghi-della-polizia-scienti\/"]}]},{"@type":"ImageObject","inLanguage":"fr-FR","@id":"https:\/\/www.bellunopress.it\/2019\/11\/12\/martedi-nella-sede-dellex-banca-ditalia-linaugurazione-della-mostra-fotografica-frammenti-di-storia-litalia-attraverso-le-impronte-le-immagini-e-i-sopralluoghi-della-polizia-scienti\/#primaryimage","url":"http:\/\/www.bellunopress.it\/wp-content\/uploads\/2019\/11\/banca-ditalia.jpg","contentUrl":"http:\/\/www.bellunopress.it\/wp-content\/uploads\/2019\/11\/banca-ditalia.jpg"},{"@type":"BreadcrumbList","@id":"https:\/\/www.bellunopress.it\/2019\/11\/12\/martedi-nella-sede-dellex-banca-ditalia-linaugurazione-della-mostra-fotografica-frammenti-di-storia-litalia-attraverso-le-impronte-le-immagini-e-i-sopralluoghi-della-polizia-scienti\/#breadcrumb","itemListElement":[{"@type":"ListItem","position":1,"name":"Home","item":"https:\/\/www.bellunopress.it\/"},{"@type":"ListItem","position":2,"name":"Mercoled\u00ec nella sede dell&#8217;ex Banca d&#8217;Italia l&#8217;inaugurazione della mostra fotografica &#8220;Frammenti di storia. L\u2019Italia attraverso le impronte, le immagini e i sopralluoghi della Polizia Scientifica\u201d"}]},{"@type":"WebSite","@id":"https:\/\/www.bellunopress.it\/#website","url":"https:\/\/www.bellunopress.it\/","name":"Bellunopress - Dolomiti","description":"e-mail: redazione@bellunopress.it","publisher":{"@id":"https:\/\/www.bellunopress.it\/#organization"},"potentialAction":[{"@type":"SearchAction","target":{"@type":"EntryPoint","urlTemplate":"https:\/\/www.bellunopress.it\/?s={search_term_string}"},"query-input":{"@type":"PropertyValueSpecification","valueRequired":true,"valueName":"search_term_string"}}],"inLanguage":"fr-FR"},{"@type":"Organization","@id":"https:\/\/www.bellunopress.it\/#organization","name":"Bellunopress","url":"https:\/\/www.bellunopress.it\/","logo":{"@type":"ImageObject","inLanguage":"fr-FR","@id":"https:\/\/www.bellunopress.it\/#\/schema\/logo\/image\/","url":"https:\/\/www.bellunopress.it\/wp-content\/uploads\/2011\/05\/cropped-logo-bellunopress-.jpg","contentUrl":"https:\/\/www.bellunopress.it\/wp-content\/uploads\/2011\/05\/cropped-logo-bellunopress-.jpg","width":512,"height":512,"caption":"Bellunopress"},"image":{"@id":"https:\/\/www.bellunopress.it\/#\/schema\/logo\/image\/"},"sameAs":["https:\/\/www.facebook.com\/profile.php?id=100008943462799","https:\/\/x.com\/bellunopress","https:\/\/www.linkedin.com\/hp\/?dnr=JBzUWaJfMUw8vbXJJ2tVW5-I3jZKvC4wsoxE&amp;amp;amp;amp;amp;amp;trk=nav_responsive_tab_home","https:\/\/www.youtube.com\/channel\/UCxL0wu1uN0_3_7hGG0306cw"]},{"@type":"Person","@id":"https:\/\/www.bellunopress.it\/#\/schema\/person\/79bb06722b37ece1c03d3e94beb30d73","name":"r\u00e9daction","image":{"@type":"ImageObject","inLanguage":"fr-FR","@id":"https:\/\/secure.gravatar.com\/avatar\/37d968a2e67a6fd04c169c4bdef102d0bc5d31b2546345219e348575eb80e9a0?s=96&d=mm&r=g","url":"https:\/\/secure.gravatar.com\/avatar\/37d968a2e67a6fd04c169c4bdef102d0bc5d31b2546345219e348575eb80e9a0?s=96&d=mm&r=g","contentUrl":"https:\/\/secure.gravatar.com\/avatar\/37d968a2e67a6fd04c169c4bdef102d0bc5d31b2546345219e348575eb80e9a0?s=96&d=mm&r=g","caption":"redazione"},"sameAs":["http:\/\/www.bellunopress.it","https:\/\/x.com\/bellunopress"],"url":"https:\/\/www.bellunopress.it\/fr\/author\/redazione\/"}]}},"_links":{"self":[{"href":"https:\/\/www.bellunopress.it\/fr\/wp-json\/wp\/v2\/posts\/109502","targetHints":{"allow":["GET"]}}],"collection":[{"href":"https:\/\/www.bellunopress.it\/fr\/wp-json\/wp\/v2\/posts"}],"about":[{"href":"https:\/\/www.bellunopress.it\/fr\/wp-json\/wp\/v2\/types\/post"}],"author":[{"embeddable":true,"href":"https:\/\/www.bellunopress.it\/fr\/wp-json\/wp\/v2\/users\/2"}],"replies":[{"embeddable":true,"href":"https:\/\/www.bellunopress.it\/fr\/wp-json\/wp\/v2\/comments?post=109502"}],"version-history":[{"count":3,"href":"https:\/\/www.bellunopress.it\/fr\/wp-json\/wp\/v2\/posts\/109502\/revisions"}],"predecessor-version":[{"id":109507,"href":"https:\/\/www.bellunopress.it\/fr\/wp-json\/wp\/v2\/posts\/109502\/revisions\/109507"}],"wp:attachment":[{"href":"https:\/\/www.bellunopress.it\/fr\/wp-json\/wp\/v2\/media?parent=109502"}],"wp:term":[{"taxonomy":"category","embeddable":true,"href":"https:\/\/www.bellunopress.it\/fr\/wp-json\/wp\/v2\/categories?post=109502"},{"taxonomy":"post_tag","embeddable":true,"href":"https:\/\/www.bellunopress.it\/fr\/wp-json\/wp\/v2\/tags?post=109502"}],"curies":[{"name":"wp","href":"https:\/\/api.w.org\/{rel}","templated":true}]}}