{"id":109498,"date":"2019-11-12T14:27:19","date_gmt":"2019-11-12T13:27:19","guid":{"rendered":"http:\/\/www.bellunopress.it\/?p=109498"},"modified":"2019-11-12T14:27:19","modified_gmt":"2019-11-12T13:27:19","slug":"area-sciistica-padon-marmolada-padrin-nessun-ritardo-imputabile-alla-provincia","status":"publish","type":"post","link":"https:\/\/www.bellunopress.it\/fr\/2019\/11\/12\/area-sciistica-padon-marmolada-padrin-nessun-ritardo-imputabile-alla-provincia\/","title":{"rendered":"Area sciistica Padon-Marmolada. Padrin: &#8220;Nessun ritardo imputabile alla Provincia&#8221;"},"content":{"rendered":"<figure id=\"attachment_104145\" aria-describedby=\"caption-attachment-104145\" style=\"width: 245px\" class=\"wp-caption alignleft\"><a href=\"http:\/\/www.bellunopress.it\/fr\/2019\/04\/30\/amministrative-longarone-roberto-padrin-presenta-squadra-e-programma-prima-uscita-giovedi-a-castellavazzo-nella-gia-sede-municipale\/roberto-padrin-5\/\" rel=\"attachment wp-att-104145\"><img loading=\"lazy\" decoding=\"async\" class=\"size-full wp-image-104145\" src=\"http:\/\/www.bellunopress.it\/wp-content\/uploads\/2019\/04\/Roberto-Padrin.jpg\" alt=\"\" width=\"245\" height=\"300\" \/><\/a><figcaption id=\"caption-attachment-104145\" class=\"wp-caption-text\">Roberto Padrin, presidente della Provincia<\/figcaption><\/figure>\n<p>Belluno, 12 novembre 2019 &#8211; \u00abNessun ritardo imputabile alla Provincia. Stiamo ancora aspettando la comunicazione di inizio lavori da parte della Societ\u00e0 Padon Marmolada srl. Per quanto compete agli uffici provinciali, ringrazio tutti i tecnici che stanno portando avanti con grande professionalit\u00e0 e competenza attivit\u00e0 importantissime per lo sviluppo del nostro territorio. Un esempio? I progetti relativi a Cortina 2021\u00bb.<\/p>\n<p>Lo afferma il presidente della Provincia Roberto Padrin, relativamente al progetto dell\u2019area sciistica Padon-Marmolada (in Comune di Rocca Pietore), per il quale \u00e8 in essere un piano di messa in sicurezza dal<br \/>\npericolo di caduta valanghe.<\/p>\n<p>Il Comune di Rocca Pietore insieme alla Societ\u00e0 Padon Marmolada srl ha presentato il progetto, ai sensi della legge regionale 21\/2008 il 19 aprile 2019. Il progetto presentato \u00e8 il completamento delle opere realizzate nel 2014 con alcune varianti sostanziali. In sintesi, le varianti riguardano l\u2019installazione di 5 nuovi esploditori O\u2019Belix<br \/>\ncompleti di sostegno e relative opere fondazionali, e di 2 nuovi esploditori su sostegni esistenti; il riposizionamento di 2 esploditori esistenti e la costruzione di un argine di guida in terra rinforzata, alto circa 7 metri, per il contenimento della massa movimentata dal distacco delle valanghe; infine, la presentazione di un piano di distacco valanghivo (POCT) per la gestione complessiva della sicurezza del comprensorio sciistico oltre che la messa in<br \/>\nsicurezza della strada, del rifugio Capanna Bill e di Tabi\u00e0 Palazza.<br \/>\nIl progetto \u00e8 stato valutato dalla Provincia nella conferenza di servizi istruttoria del 16 maggio 2019, nella quale sono state richieste alcune integrazioni ai fini dell\u2019approvazione: la disponibilit\u00e0 dei terreni parte privati e parte demaniali, alcuni particolari costruttivi e infine una integrazione della relazione Vinca (Valutazione Incidenza Ambientale). Quest\u2019ultimo elaborato risulta necessario e richiesto dalla normativa nazionale e dalla D.G.R.V. 1400\/2017 qualora gli interventi da approvare risultino in prossimit\u00e0 di un sito appartenente alla Rete Natura 2000: l\u2019area della<br \/>\nMarmolada \u00e8 un Sito di Importanza Comunitaria (SIC) denominato IT 3230005 \u201cGruppo Marmolada\u201d. Gli interventi relativi al vallo e ai nuovi 5 O\u2019Belix, pur esterni al sito della Marmolada, risultano molto prossimi; in pi\u00f9, trattandosi di interventi non previsti nel 2014, \u00e8 stato necessario richiedere una integrazione della documentazione<br \/>\nprogettuale depositata per allineare il progetto alla normativa vigente.<\/p>\n<p>\u00abA quanto mi risulta, la societ\u00e0 Padon Marmolada ha inviato le integrazioni richieste dalla conferenza di servizio solo il 22 agosto, quindi ben tre mesi dopo la data delle conferenza di servizi e questo tempo non \u00e8 imputabile quale ritardo alla Provincia di Belluno &#8211; afferma il presidente Padrin -. Capisco le motivazioni del sindaco De<br \/>\nBernardin e comprendo quando in maniera semplicistica dice che non si pu\u00f2 bloccare tutto per la pernice bianca. Ma questo dipende dalla normativa vigente. E un amministratore locale, ben conscio della burocrazia imperante, lo sa. Quanto al lavoro degli uffici provinciali, una volta ricevute le integrazioni, hanno mandato avanti la procedura in massima celerit\u00e0. La conferenza di servizio decisoria si \u00e8 svolta il 10 settembre e con provvedimento della Provincia di Belluno n. 1142 del 17 settembre \u00e8 stata determinata la chiusura dei lavori della conferenza di servizi con approvazione del progetto, quindi solo sette giorni dopo, senza perdita di tempo, in modo da permettere l\u2019avvio del cantiere il prima possibile. Agli atti degli uffici provinciali, per\u00f2, non pare ci sia ancora nessuna comunicazione<br \/>\ndi inizio lavori da parte della societ\u00e0 Padon Marmolada srl\u00bb.<\/p>","protected":false},"excerpt":{"rendered":"<p>Belluno, 12 novembre 2019 &#8211; \u00abNessun ritardo imputabile alla Provincia. Stiamo ancora aspettando la comunicazione di inizio lavori da parte della Societ\u00e0 Padon Marmolada srl. Per quanto compete agli uffici provinciali, ringrazio tutti i tecnici che stanno portando avanti con grande professionalit\u00e0 e competenza attivit\u00e0 importantissime per lo sviluppo del nostro territorio. Un esempio? I [&hellip;]<\/p>\n","protected":false},"author":2,"featured_media":0,"comment_status":"closed","ping_status":"open","sticky":false,"template":"","format":"standard","meta":{"footnotes":""},"categories":[5,26,4],"tags":[],"class_list":["post-109498","post","type-post","status-publish","format-standard","category-cronaca","category-prima-pagina","category-sport"],"yoast_head":"<!-- This site is optimized with the Yoast SEO plugin v28.4 - https:\/\/yoast.com\/product\/yoast-seo-wordpress\/ -->\n<title>Area sciistica Padon-Marmolada. Padrin: &quot;Nessun ritardo imputabile alla Provincia&quot; - Bellunopress - Dolomiti<\/title>\n<meta name=\"robots\" content=\"index, follow, max-snippet:-1, max-image-preview:large, max-video-preview:-1\" \/>\n<link rel=\"canonical\" href=\"https:\/\/www.bellunopress.it\/fr\/2019\/11\/12\/area-sciistica-padon-marmolada-padrin-nessun-ritardo-imputabile-alla-provincia\/\" \/>\n<meta property=\"og:locale\" content=\"fr_FR\" \/>\n<meta property=\"og:type\" content=\"article\" \/>\n<meta property=\"og:title\" content=\"Area sciistica Padon-Marmolada. Padrin: &quot;Nessun ritardo imputabile alla Provincia&quot; - Bellunopress - Dolomiti\" \/>\n<meta property=\"og:description\" content=\"Belluno, 12 novembre 2019 &#8211; \u00abNessun ritardo imputabile alla Provincia. Stiamo ancora aspettando la comunicazione di inizio lavori da parte della Societ\u00e0 Padon Marmolada srl. Per quanto compete agli uffici provinciali, ringrazio tutti i tecnici che stanno portando avanti con grande professionalit\u00e0 e competenza attivit\u00e0 importantissime per lo sviluppo del nostro territorio. Un esempio? I [&hellip;]\" \/>\n<meta property=\"og:url\" content=\"https:\/\/www.bellunopress.it\/fr\/2019\/11\/12\/area-sciistica-padon-marmolada-padrin-nessun-ritardo-imputabile-alla-provincia\/\" \/>\n<meta property=\"og:site_name\" content=\"Bellunopress - Dolomiti\" \/>\n<meta property=\"article:publisher\" content=\"https:\/\/www.facebook.com\/profile.php?id=100008943462799\" \/>\n<meta property=\"article:published_time\" content=\"2019-11-12T13:27:19+00:00\" \/>\n<meta property=\"og:image\" content=\"http:\/\/www.bellunopress.it\/wp-content\/uploads\/2019\/04\/Roberto-Padrin.jpg\" \/>\n<meta name=\"author\" content=\"redazione\" \/>\n<meta name=\"twitter:card\" content=\"summary_large_image\" \/>\n<meta name=\"twitter:creator\" content=\"@bellunopress\" \/>\n<meta name=\"twitter:site\" content=\"@bellunopress\" \/>\n<meta name=\"twitter:label1\" content=\"\u00c9crit par\" \/>\n\t<meta name=\"twitter:data1\" content=\"redazione\" \/>\n\t<meta name=\"twitter:label2\" content=\"Dur\u00e9e de lecture estim\u00e9e\" \/>\n\t<meta name=\"twitter:data2\" content=\"3 minutes\" \/>\n<script type=\"application\/ld+json\" class=\"yoast-schema-graph\">{\"@context\":\"https:\\\/\\\/schema.org\",\"@graph\":[{\"@type\":\"Article\",\"@id\":\"https:\\\/\\\/www.bellunopress.it\\\/2019\\\/11\\\/12\\\/area-sciistica-padon-marmolada-padrin-nessun-ritardo-imputabile-alla-provincia\\\/#article\",\"isPartOf\":{\"@id\":\"https:\\\/\\\/www.bellunopress.it\\\/2019\\\/11\\\/12\\\/area-sciistica-padon-marmolada-padrin-nessun-ritardo-imputabile-alla-provincia\\\/\"},\"author\":{\"name\":\"redazione\",\"@id\":\"https:\\\/\\\/www.bellunopress.it\\\/#\\\/schema\\\/person\\\/79bb06722b37ece1c03d3e94beb30d73\"},\"headline\":\"Area sciistica Padon-Marmolada. Padrin: &#8220;Nessun ritardo imputabile alla Provincia&#8221;\",\"datePublished\":\"2019-11-12T13:27:19+00:00\",\"mainEntityOfPage\":{\"@id\":\"https:\\\/\\\/www.bellunopress.it\\\/2019\\\/11\\\/12\\\/area-sciistica-padon-marmolada-padrin-nessun-ritardo-imputabile-alla-provincia\\\/\"},\"wordCount\":557,\"publisher\":{\"@id\":\"https:\\\/\\\/www.bellunopress.it\\\/#organization\"},\"image\":{\"@id\":\"https:\\\/\\\/www.bellunopress.it\\\/2019\\\/11\\\/12\\\/area-sciistica-padon-marmolada-padrin-nessun-ritardo-imputabile-alla-provincia\\\/#primaryimage\"},\"thumbnailUrl\":\"http:\\\/\\\/www.bellunopress.it\\\/wp-content\\\/uploads\\\/2019\\\/04\\\/Roberto-Padrin.jpg\",\"articleSection\":[\"Cronaca\\\/Politica\",\"Prima Pagina\",\"Sport, tempo libero\"],\"inLanguage\":\"fr-FR\"},{\"@type\":\"WebPage\",\"@id\":\"https:\\\/\\\/www.bellunopress.it\\\/2019\\\/11\\\/12\\\/area-sciistica-padon-marmolada-padrin-nessun-ritardo-imputabile-alla-provincia\\\/\",\"url\":\"https:\\\/\\\/www.bellunopress.it\\\/2019\\\/11\\\/12\\\/area-sciistica-padon-marmolada-padrin-nessun-ritardo-imputabile-alla-provincia\\\/\",\"name\":\"Area sciistica Padon-Marmolada. Padrin: \\\"Nessun ritardo imputabile alla Provincia\\\" - Bellunopress - Dolomiti\",\"isPartOf\":{\"@id\":\"https:\\\/\\\/www.bellunopress.it\\\/#website\"},\"primaryImageOfPage\":{\"@id\":\"https:\\\/\\\/www.bellunopress.it\\\/2019\\\/11\\\/12\\\/area-sciistica-padon-marmolada-padrin-nessun-ritardo-imputabile-alla-provincia\\\/#primaryimage\"},\"image\":{\"@id\":\"https:\\\/\\\/www.bellunopress.it\\\/2019\\\/11\\\/12\\\/area-sciistica-padon-marmolada-padrin-nessun-ritardo-imputabile-alla-provincia\\\/#primaryimage\"},\"thumbnailUrl\":\"http:\\\/\\\/www.bellunopress.it\\\/wp-content\\\/uploads\\\/2019\\\/04\\\/Roberto-Padrin.jpg\",\"datePublished\":\"2019-11-12T13:27:19+00:00\",\"breadcrumb\":{\"@id\":\"https:\\\/\\\/www.bellunopress.it\\\/2019\\\/11\\\/12\\\/area-sciistica-padon-marmolada-padrin-nessun-ritardo-imputabile-alla-provincia\\\/#breadcrumb\"},\"inLanguage\":\"fr-FR\",\"potentialAction\":[{\"@type\":\"ReadAction\",\"target\":[\"https:\\\/\\\/www.bellunopress.it\\\/2019\\\/11\\\/12\\\/area-sciistica-padon-marmolada-padrin-nessun-ritardo-imputabile-alla-provincia\\\/\"]}]},{\"@type\":\"ImageObject\",\"inLanguage\":\"fr-FR\",\"@id\":\"https:\\\/\\\/www.bellunopress.it\\\/2019\\\/11\\\/12\\\/area-sciistica-padon-marmolada-padrin-nessun-ritardo-imputabile-alla-provincia\\\/#primaryimage\",\"url\":\"http:\\\/\\\/www.bellunopress.it\\\/wp-content\\\/uploads\\\/2019\\\/04\\\/Roberto-Padrin.jpg\",\"contentUrl\":\"http:\\\/\\\/www.bellunopress.it\\\/wp-content\\\/uploads\\\/2019\\\/04\\\/Roberto-Padrin.jpg\"},{\"@type\":\"BreadcrumbList\",\"@id\":\"https:\\\/\\\/www.bellunopress.it\\\/2019\\\/11\\\/12\\\/area-sciistica-padon-marmolada-padrin-nessun-ritardo-imputabile-alla-provincia\\\/#breadcrumb\",\"itemListElement\":[{\"@type\":\"ListItem\",\"position\":1,\"name\":\"Home\",\"item\":\"https:\\\/\\\/www.bellunopress.it\\\/\"},{\"@type\":\"ListItem\",\"position\":2,\"name\":\"Area sciistica Padon-Marmolada. Padrin: &#8220;Nessun ritardo imputabile alla Provincia&#8221;\"}]},{\"@type\":\"WebSite\",\"@id\":\"https:\\\/\\\/www.bellunopress.it\\\/#website\",\"url\":\"https:\\\/\\\/www.bellunopress.it\\\/\",\"name\":\"Bellunopress - Dolomiti\",\"description\":\"e-mail: redazione@bellunopress.it\",\"publisher\":{\"@id\":\"https:\\\/\\\/www.bellunopress.it\\\/#organization\"},\"potentialAction\":[{\"@type\":\"SearchAction\",\"target\":{\"@type\":\"EntryPoint\",\"urlTemplate\":\"https:\\\/\\\/www.bellunopress.it\\\/?s={search_term_string}\"},\"query-input\":{\"@type\":\"PropertyValueSpecification\",\"valueRequired\":true,\"valueName\":\"search_term_string\"}}],\"inLanguage\":\"fr-FR\"},{\"@type\":\"Organization\",\"@id\":\"https:\\\/\\\/www.bellunopress.it\\\/#organization\",\"name\":\"Bellunopress\",\"url\":\"https:\\\/\\\/www.bellunopress.it\\\/\",\"logo\":{\"@type\":\"ImageObject\",\"inLanguage\":\"fr-FR\",\"@id\":\"https:\\\/\\\/www.bellunopress.it\\\/#\\\/schema\\\/logo\\\/image\\\/\",\"url\":\"https:\\\/\\\/www.bellunopress.it\\\/wp-content\\\/uploads\\\/2011\\\/05\\\/cropped-logo-bellunopress-.jpg\",\"contentUrl\":\"https:\\\/\\\/www.bellunopress.it\\\/wp-content\\\/uploads\\\/2011\\\/05\\\/cropped-logo-bellunopress-.jpg\",\"width\":512,\"height\":512,\"caption\":\"Bellunopress\"},\"image\":{\"@id\":\"https:\\\/\\\/www.bellunopress.it\\\/#\\\/schema\\\/logo\\\/image\\\/\"},\"sameAs\":[\"https:\\\/\\\/www.facebook.com\\\/profile.php?id=100008943462799\",\"https:\\\/\\\/x.com\\\/bellunopress\",\"https:\\\/\\\/www.linkedin.com\\\/hp\\\/?dnr=JBzUWaJfMUw8vbXJJ2tVW5-I3jZKvC4wsoxE&amp;amp;amp;amp;amp;amp;trk=nav_responsive_tab_home\",\"https:\\\/\\\/www.youtube.com\\\/channel\\\/UCxL0wu1uN0_3_7hGG0306cw\"]},{\"@type\":\"Person\",\"@id\":\"https:\\\/\\\/www.bellunopress.it\\\/#\\\/schema\\\/person\\\/79bb06722b37ece1c03d3e94beb30d73\",\"name\":\"redazione\",\"image\":{\"@type\":\"ImageObject\",\"inLanguage\":\"fr-FR\",\"@id\":\"https:\\\/\\\/secure.gravatar.com\\\/avatar\\\/37d968a2e67a6fd04c169c4bdef102d0bc5d31b2546345219e348575eb80e9a0?s=96&d=mm&r=g\",\"url\":\"https:\\\/\\\/secure.gravatar.com\\\/avatar\\\/37d968a2e67a6fd04c169c4bdef102d0bc5d31b2546345219e348575eb80e9a0?s=96&d=mm&r=g\",\"contentUrl\":\"https:\\\/\\\/secure.gravatar.com\\\/avatar\\\/37d968a2e67a6fd04c169c4bdef102d0bc5d31b2546345219e348575eb80e9a0?s=96&d=mm&r=g\",\"caption\":\"redazione\"},\"sameAs\":[\"http:\\\/\\\/www.bellunopress.it\",\"https:\\\/\\\/x.com\\\/bellunopress\"],\"url\":\"https:\\\/\\\/www.bellunopress.it\\\/fr\\\/author\\\/redazione\\\/\"}]}<\/script>\n<!-- \/ Yoast SEO plugin. -->","yoast_head_json":{"title":"Area sciistica Padon-Marmolada. Padrin: \"Nessun ritardo imputabile alla Provincia\" - Bellunopress - Dolomiti","robots":{"index":"index","follow":"follow","max-snippet":"max-snippet:-1","max-image-preview":"max-image-preview:large","max-video-preview":"max-video-preview:-1"},"canonical":"https:\/\/www.bellunopress.it\/fr\/2019\/11\/12\/area-sciistica-padon-marmolada-padrin-nessun-ritardo-imputabile-alla-provincia\/","og_locale":"fr_FR","og_type":"article","og_title":"Area sciistica Padon-Marmolada. Padrin: \"Nessun ritardo imputabile alla Provincia\" - Bellunopress - Dolomiti","og_description":"Belluno, 12 novembre 2019 &#8211; \u00abNessun ritardo imputabile alla Provincia. Stiamo ancora aspettando la comunicazione di inizio lavori da parte della Societ\u00e0 Padon Marmolada srl. Per quanto compete agli uffici provinciali, ringrazio tutti i tecnici che stanno portando avanti con grande professionalit\u00e0 e competenza attivit\u00e0 importantissime per lo sviluppo del nostro territorio. Un esempio? I [&hellip;]","og_url":"https:\/\/www.bellunopress.it\/fr\/2019\/11\/12\/area-sciistica-padon-marmolada-padrin-nessun-ritardo-imputabile-alla-provincia\/","og_site_name":"Bellunopress - Dolomiti","article_publisher":"https:\/\/www.facebook.com\/profile.php?id=100008943462799","article_published_time":"2019-11-12T13:27:19+00:00","og_image":[{"url":"http:\/\/www.bellunopress.it\/wp-content\/uploads\/2019\/04\/Roberto-Padrin.jpg","type":"","width":"","height":""}],"author":"redazione","twitter_card":"summary_large_image","twitter_creator":"@bellunopress","twitter_site":"@bellunopress","twitter_misc":{"\u00c9crit par":"redazione","Dur\u00e9e de lecture estim\u00e9e":"3 minutes"},"schema":{"@context":"https:\/\/schema.org","@graph":[{"@type":"Article","@id":"https:\/\/www.bellunopress.it\/2019\/11\/12\/area-sciistica-padon-marmolada-padrin-nessun-ritardo-imputabile-alla-provincia\/#article","isPartOf":{"@id":"https:\/\/www.bellunopress.it\/2019\/11\/12\/area-sciistica-padon-marmolada-padrin-nessun-ritardo-imputabile-alla-provincia\/"},"author":{"name":"redazione","@id":"https:\/\/www.bellunopress.it\/#\/schema\/person\/79bb06722b37ece1c03d3e94beb30d73"},"headline":"Area sciistica Padon-Marmolada. Padrin: &#8220;Nessun ritardo imputabile alla Provincia&#8221;","datePublished":"2019-11-12T13:27:19+00:00","mainEntityOfPage":{"@id":"https:\/\/www.bellunopress.it\/2019\/11\/12\/area-sciistica-padon-marmolada-padrin-nessun-ritardo-imputabile-alla-provincia\/"},"wordCount":557,"publisher":{"@id":"https:\/\/www.bellunopress.it\/#organization"},"image":{"@id":"https:\/\/www.bellunopress.it\/2019\/11\/12\/area-sciistica-padon-marmolada-padrin-nessun-ritardo-imputabile-alla-provincia\/#primaryimage"},"thumbnailUrl":"http:\/\/www.bellunopress.it\/wp-content\/uploads\/2019\/04\/Roberto-Padrin.jpg","articleSection":["Cronaca\/Politica","Prima Pagina","Sport, tempo libero"],"inLanguage":"fr-FR"},{"@type":"WebPage","@id":"https:\/\/www.bellunopress.it\/2019\/11\/12\/area-sciistica-padon-marmolada-padrin-nessun-ritardo-imputabile-alla-provincia\/","url":"https:\/\/www.bellunopress.it\/2019\/11\/12\/area-sciistica-padon-marmolada-padrin-nessun-ritardo-imputabile-alla-provincia\/","name":"Area sciistica Padon-Marmolada. Padrin: \"Nessun ritardo imputabile alla Provincia\" - Bellunopress - Dolomiti","isPartOf":{"@id":"https:\/\/www.bellunopress.it\/#website"},"primaryImageOfPage":{"@id":"https:\/\/www.bellunopress.it\/2019\/11\/12\/area-sciistica-padon-marmolada-padrin-nessun-ritardo-imputabile-alla-provincia\/#primaryimage"},"image":{"@id":"https:\/\/www.bellunopress.it\/2019\/11\/12\/area-sciistica-padon-marmolada-padrin-nessun-ritardo-imputabile-alla-provincia\/#primaryimage"},"thumbnailUrl":"http:\/\/www.bellunopress.it\/wp-content\/uploads\/2019\/04\/Roberto-Padrin.jpg","datePublished":"2019-11-12T13:27:19+00:00","breadcrumb":{"@id":"https:\/\/www.bellunopress.it\/2019\/11\/12\/area-sciistica-padon-marmolada-padrin-nessun-ritardo-imputabile-alla-provincia\/#breadcrumb"},"inLanguage":"fr-FR","potentialAction":[{"@type":"ReadAction","target":["https:\/\/www.bellunopress.it\/2019\/11\/12\/area-sciistica-padon-marmolada-padrin-nessun-ritardo-imputabile-alla-provincia\/"]}]},{"@type":"ImageObject","inLanguage":"fr-FR","@id":"https:\/\/www.bellunopress.it\/2019\/11\/12\/area-sciistica-padon-marmolada-padrin-nessun-ritardo-imputabile-alla-provincia\/#primaryimage","url":"http:\/\/www.bellunopress.it\/wp-content\/uploads\/2019\/04\/Roberto-Padrin.jpg","contentUrl":"http:\/\/www.bellunopress.it\/wp-content\/uploads\/2019\/04\/Roberto-Padrin.jpg"},{"@type":"BreadcrumbList","@id":"https:\/\/www.bellunopress.it\/2019\/11\/12\/area-sciistica-padon-marmolada-padrin-nessun-ritardo-imputabile-alla-provincia\/#breadcrumb","itemListElement":[{"@type":"ListItem","position":1,"name":"Home","item":"https:\/\/www.bellunopress.it\/"},{"@type":"ListItem","position":2,"name":"Area sciistica Padon-Marmolada. Padrin: &#8220;Nessun ritardo imputabile alla Provincia&#8221;"}]},{"@type":"WebSite","@id":"https:\/\/www.bellunopress.it\/#website","url":"https:\/\/www.bellunopress.it\/","name":"Bellunopress - Dolomiti","description":"e-mail: redazione@bellunopress.it","publisher":{"@id":"https:\/\/www.bellunopress.it\/#organization"},"potentialAction":[{"@type":"SearchAction","target":{"@type":"EntryPoint","urlTemplate":"https:\/\/www.bellunopress.it\/?s={search_term_string}"},"query-input":{"@type":"PropertyValueSpecification","valueRequired":true,"valueName":"search_term_string"}}],"inLanguage":"fr-FR"},{"@type":"Organization","@id":"https:\/\/www.bellunopress.it\/#organization","name":"Bellunopress","url":"https:\/\/www.bellunopress.it\/","logo":{"@type":"ImageObject","inLanguage":"fr-FR","@id":"https:\/\/www.bellunopress.it\/#\/schema\/logo\/image\/","url":"https:\/\/www.bellunopress.it\/wp-content\/uploads\/2011\/05\/cropped-logo-bellunopress-.jpg","contentUrl":"https:\/\/www.bellunopress.it\/wp-content\/uploads\/2011\/05\/cropped-logo-bellunopress-.jpg","width":512,"height":512,"caption":"Bellunopress"},"image":{"@id":"https:\/\/www.bellunopress.it\/#\/schema\/logo\/image\/"},"sameAs":["https:\/\/www.facebook.com\/profile.php?id=100008943462799","https:\/\/x.com\/bellunopress","https:\/\/www.linkedin.com\/hp\/?dnr=JBzUWaJfMUw8vbXJJ2tVW5-I3jZKvC4wsoxE&amp;amp;amp;amp;amp;amp;trk=nav_responsive_tab_home","https:\/\/www.youtube.com\/channel\/UCxL0wu1uN0_3_7hGG0306cw"]},{"@type":"Person","@id":"https:\/\/www.bellunopress.it\/#\/schema\/person\/79bb06722b37ece1c03d3e94beb30d73","name":"r\u00e9daction","image":{"@type":"ImageObject","inLanguage":"fr-FR","@id":"https:\/\/secure.gravatar.com\/avatar\/37d968a2e67a6fd04c169c4bdef102d0bc5d31b2546345219e348575eb80e9a0?s=96&d=mm&r=g","url":"https:\/\/secure.gravatar.com\/avatar\/37d968a2e67a6fd04c169c4bdef102d0bc5d31b2546345219e348575eb80e9a0?s=96&d=mm&r=g","contentUrl":"https:\/\/secure.gravatar.com\/avatar\/37d968a2e67a6fd04c169c4bdef102d0bc5d31b2546345219e348575eb80e9a0?s=96&d=mm&r=g","caption":"redazione"},"sameAs":["http:\/\/www.bellunopress.it","https:\/\/x.com\/bellunopress"],"url":"https:\/\/www.bellunopress.it\/fr\/author\/redazione\/"}]}},"_links":{"self":[{"href":"https:\/\/www.bellunopress.it\/fr\/wp-json\/wp\/v2\/posts\/109498","targetHints":{"allow":["GET"]}}],"collection":[{"href":"https:\/\/www.bellunopress.it\/fr\/wp-json\/wp\/v2\/posts"}],"about":[{"href":"https:\/\/www.bellunopress.it\/fr\/wp-json\/wp\/v2\/types\/post"}],"author":[{"embeddable":true,"href":"https:\/\/www.bellunopress.it\/fr\/wp-json\/wp\/v2\/users\/2"}],"replies":[{"embeddable":true,"href":"https:\/\/www.bellunopress.it\/fr\/wp-json\/wp\/v2\/comments?post=109498"}],"version-history":[{"count":1,"href":"https:\/\/www.bellunopress.it\/fr\/wp-json\/wp\/v2\/posts\/109498\/revisions"}],"predecessor-version":[{"id":109499,"href":"https:\/\/www.bellunopress.it\/fr\/wp-json\/wp\/v2\/posts\/109498\/revisions\/109499"}],"wp:attachment":[{"href":"https:\/\/www.bellunopress.it\/fr\/wp-json\/wp\/v2\/media?parent=109498"}],"wp:term":[{"taxonomy":"category","embeddable":true,"href":"https:\/\/www.bellunopress.it\/fr\/wp-json\/wp\/v2\/categories?post=109498"},{"taxonomy":"post_tag","embeddable":true,"href":"https:\/\/www.bellunopress.it\/fr\/wp-json\/wp\/v2\/tags?post=109498"}],"curies":[{"name":"wp","href":"https:\/\/api.w.org\/{rel}","templated":true}]}}