{"id":109496,"date":"2019-11-12T14:20:15","date_gmt":"2019-11-12T13:20:15","guid":{"rendered":"http:\/\/www.bellunopress.it\/?p=109496"},"modified":"2019-11-12T14:20:15","modified_gmt":"2019-11-12T13:20:15","slug":"meteo-ancora-precipitazioni-in-veneto","status":"publish","type":"post","link":"https:\/\/www.bellunopress.it\/fr\/2019\/11\/12\/meteo-ancora-precipitazioni-in-veneto\/","title":{"rendered":"Meteo: ancora precipitazioni in Veneto"},"content":{"rendered":"<p>Venezia, 12 novembre 2019 Prosegue l\u2019ondata di piogge e di maltempo che ha colpito il veneto. Oggi e domani sono previste ancora precipitazioni diffuse e frequenti, con quantitativi anche abbondanti; saranno inoltre possibili rovesci, localmente anche temporaleschi specie in pianura. La fase pi\u00f9 intensa \u00e8 prevista tra questa serata e la mattina di mercoled\u00ec, mentre mercoled\u00ec pomeriggio \u00e8 possibile un diradamento delle precipitazioni. Il limite della neve \u00e8 previsto intorno a 1500-1600 metri sulle Dolomiti e a 1700-1800 sulle Prealpi, in abbassamento da questa sera a partire dalle Dolomiti fino a 800\/1200. Le previsioni Arpav indicano, inoltre, un rinforzo dei venti dai quadranti orientali nel pomeriggio\/sera di oggi: saranno anche forti sui rilievi, in particolare quelli prealpini, tesi e a tratti forti sulla costa e zone.<\/p>\n<p><a href=\"http:\/\/www.bellunopress.it\/fr\/2019\/07\/27\/meteo-allerta-gialla-e-arancione-in-veneto-fino-a-lunedi\/scala-allerta-meteo\/\" rel=\"attachment wp-att-106641\"><img loading=\"lazy\" decoding=\"async\" class=\"alignleft size-full wp-image-106641\" src=\"http:\/\/www.bellunopress.it\/wp-content\/uploads\/2019\/07\/scala-allerta-meteo.jpg\" alt=\"\" width=\"358\" height=\"209\" \/><\/a>In considerazione della situazione metereologica prevista, il Centro funzionale decentrato della Protezione civile del Veneto ha diramato lo stato di attenzione (\u2018allerta gialla\u2019) per criticit\u00e0 idrogeologica sino alla mezzanotte di mercoled\u00ec 13 novembre: sono interessate, in particolare, le aree dell\u2019Alto Piave e del Piave Pedemontano e il bacino idrografico del Po, Fissero-Tartaro-CanalBianco e Basso Adige, al quale afferiscono le acque dei maggiori fiumi veneti. Il possibile verificarsi di rovesci o temporali localmente anche intensi, potrebbe creare disagi al sistema fognario e lungo la rete idrografica minore.<\/p>\n<p>Si segnala, infine, la possibilit\u00e0 d&#8217;innesco di fenomeni franosi superficiali sui versanti e la possibilit\u00e0 di innesco di colate rapide specie nel bacino idrografico dell\u2019Alto Piave e del Piave Pedemontano.<\/p>","protected":false},"excerpt":{"rendered":"<p>Venezia, 12 novembre 2019 Prosegue l\u2019ondata di piogge e di maltempo che ha colpito il veneto. Oggi e domani sono previste ancora precipitazioni diffuse e frequenti, con quantitativi anche abbondanti; saranno inoltre possibili rovesci, localmente anche temporaleschi specie in pianura. La fase pi\u00f9 intensa \u00e8 prevista tra questa serata e la mattina di mercoled\u00ec, mentre [&hellip;]<\/p>\n","protected":false},"author":2,"featured_media":0,"comment_status":"closed","ping_status":"open","sticky":false,"template":"","format":"standard","meta":{"footnotes":""},"categories":[38,26],"tags":[],"class_list":["post-109496","post","type-post","status-publish","format-standard","category-natura-ambiente","category-prima-pagina"],"yoast_head":"<!-- This site is optimized with the Yoast SEO plugin v28.4 - https:\/\/yoast.com\/product\/yoast-seo-wordpress\/ -->\n<title>Meteo: ancora precipitazioni in Veneto - Bellunopress - Dolomiti<\/title>\n<meta name=\"robots\" content=\"index, follow, max-snippet:-1, max-image-preview:large, max-video-preview:-1\" \/>\n<link rel=\"canonical\" href=\"https:\/\/www.bellunopress.it\/fr\/2019\/11\/12\/meteo-ancora-precipitazioni-in-veneto\/\" \/>\n<meta property=\"og:locale\" content=\"fr_FR\" \/>\n<meta property=\"og:type\" content=\"article\" \/>\n<meta property=\"og:title\" content=\"Meteo: ancora precipitazioni in Veneto - Bellunopress - Dolomiti\" \/>\n<meta property=\"og:description\" content=\"Venezia, 12 novembre 2019 Prosegue l\u2019ondata di piogge e di maltempo che ha colpito il veneto. Oggi e domani sono previste ancora precipitazioni diffuse e frequenti, con quantitativi anche abbondanti; saranno inoltre possibili rovesci, localmente anche temporaleschi specie in pianura. La fase pi\u00f9 intensa \u00e8 prevista tra questa serata e la mattina di mercoled\u00ec, mentre [&hellip;]\" \/>\n<meta property=\"og:url\" content=\"https:\/\/www.bellunopress.it\/fr\/2019\/11\/12\/meteo-ancora-precipitazioni-in-veneto\/\" \/>\n<meta property=\"og:site_name\" content=\"Bellunopress - Dolomiti\" \/>\n<meta property=\"article:publisher\" content=\"https:\/\/www.facebook.com\/profile.php?id=100008943462799\" \/>\n<meta property=\"article:published_time\" content=\"2019-11-12T13:20:15+00:00\" \/>\n<meta property=\"og:image\" content=\"http:\/\/www.bellunopress.it\/wp-content\/uploads\/2019\/07\/scala-allerta-meteo.jpg\" \/>\n<meta name=\"author\" content=\"redazione\" \/>\n<meta name=\"twitter:card\" content=\"summary_large_image\" \/>\n<meta name=\"twitter:creator\" content=\"@bellunopress\" \/>\n<meta name=\"twitter:site\" content=\"@bellunopress\" \/>\n<meta name=\"twitter:label1\" content=\"Written by\" \/>\n\t<meta name=\"twitter:data1\" content=\"redazione\" \/>\n\t<meta name=\"twitter:label2\" content=\"Est. reading time\" \/>\n\t<meta name=\"twitter:data2\" content=\"1 minute\" \/>\n<script type=\"application\/ld+json\" class=\"yoast-schema-graph\">{\"@context\":\"https:\\\/\\\/schema.org\",\"@graph\":[{\"@type\":\"Article\",\"@id\":\"https:\\\/\\\/www.bellunopress.it\\\/2019\\\/11\\\/12\\\/meteo-ancora-precipitazioni-in-veneto\\\/#article\",\"isPartOf\":{\"@id\":\"https:\\\/\\\/www.bellunopress.it\\\/2019\\\/11\\\/12\\\/meteo-ancora-precipitazioni-in-veneto\\\/\"},\"author\":{\"name\":\"redazione\",\"@id\":\"https:\\\/\\\/www.bellunopress.it\\\/#\\\/schema\\\/person\\\/79bb06722b37ece1c03d3e94beb30d73\"},\"headline\":\"Meteo: ancora precipitazioni in Veneto\",\"datePublished\":\"2019-11-12T13:20:15+00:00\",\"mainEntityOfPage\":{\"@id\":\"https:\\\/\\\/www.bellunopress.it\\\/2019\\\/11\\\/12\\\/meteo-ancora-precipitazioni-in-veneto\\\/\"},\"wordCount\":245,\"publisher\":{\"@id\":\"https:\\\/\\\/www.bellunopress.it\\\/#organization\"},\"image\":{\"@id\":\"https:\\\/\\\/www.bellunopress.it\\\/2019\\\/11\\\/12\\\/meteo-ancora-precipitazioni-in-veneto\\\/#primaryimage\"},\"thumbnailUrl\":\"http:\\\/\\\/www.bellunopress.it\\\/wp-content\\\/uploads\\\/2019\\\/07\\\/scala-allerta-meteo.jpg\",\"articleSection\":[\"Meteo, natura, ambiente, animali\",\"Prima Pagina\"],\"inLanguage\":\"fr-FR\"},{\"@type\":\"WebPage\",\"@id\":\"https:\\\/\\\/www.bellunopress.it\\\/2019\\\/11\\\/12\\\/meteo-ancora-precipitazioni-in-veneto\\\/\",\"url\":\"https:\\\/\\\/www.bellunopress.it\\\/2019\\\/11\\\/12\\\/meteo-ancora-precipitazioni-in-veneto\\\/\",\"name\":\"Meteo: ancora precipitazioni in Veneto - Bellunopress - Dolomiti\",\"isPartOf\":{\"@id\":\"https:\\\/\\\/www.bellunopress.it\\\/#website\"},\"primaryImageOfPage\":{\"@id\":\"https:\\\/\\\/www.bellunopress.it\\\/2019\\\/11\\\/12\\\/meteo-ancora-precipitazioni-in-veneto\\\/#primaryimage\"},\"image\":{\"@id\":\"https:\\\/\\\/www.bellunopress.it\\\/2019\\\/11\\\/12\\\/meteo-ancora-precipitazioni-in-veneto\\\/#primaryimage\"},\"thumbnailUrl\":\"http:\\\/\\\/www.bellunopress.it\\\/wp-content\\\/uploads\\\/2019\\\/07\\\/scala-allerta-meteo.jpg\",\"datePublished\":\"2019-11-12T13:20:15+00:00\",\"breadcrumb\":{\"@id\":\"https:\\\/\\\/www.bellunopress.it\\\/2019\\\/11\\\/12\\\/meteo-ancora-precipitazioni-in-veneto\\\/#breadcrumb\"},\"inLanguage\":\"fr-FR\",\"potentialAction\":[{\"@type\":\"ReadAction\",\"target\":[\"https:\\\/\\\/www.bellunopress.it\\\/2019\\\/11\\\/12\\\/meteo-ancora-precipitazioni-in-veneto\\\/\"]}]},{\"@type\":\"ImageObject\",\"inLanguage\":\"fr-FR\",\"@id\":\"https:\\\/\\\/www.bellunopress.it\\\/2019\\\/11\\\/12\\\/meteo-ancora-precipitazioni-in-veneto\\\/#primaryimage\",\"url\":\"http:\\\/\\\/www.bellunopress.it\\\/wp-content\\\/uploads\\\/2019\\\/07\\\/scala-allerta-meteo.jpg\",\"contentUrl\":\"http:\\\/\\\/www.bellunopress.it\\\/wp-content\\\/uploads\\\/2019\\\/07\\\/scala-allerta-meteo.jpg\"},{\"@type\":\"BreadcrumbList\",\"@id\":\"https:\\\/\\\/www.bellunopress.it\\\/2019\\\/11\\\/12\\\/meteo-ancora-precipitazioni-in-veneto\\\/#breadcrumb\",\"itemListElement\":[{\"@type\":\"ListItem\",\"position\":1,\"name\":\"Home\",\"item\":\"https:\\\/\\\/www.bellunopress.it\\\/\"},{\"@type\":\"ListItem\",\"position\":2,\"name\":\"Meteo: ancora precipitazioni in Veneto\"}]},{\"@type\":\"WebSite\",\"@id\":\"https:\\\/\\\/www.bellunopress.it\\\/#website\",\"url\":\"https:\\\/\\\/www.bellunopress.it\\\/\",\"name\":\"Bellunopress - Dolomiti\",\"description\":\"e-mail: redazione@bellunopress.it\",\"publisher\":{\"@id\":\"https:\\\/\\\/www.bellunopress.it\\\/#organization\"},\"potentialAction\":[{\"@type\":\"SearchAction\",\"target\":{\"@type\":\"EntryPoint\",\"urlTemplate\":\"https:\\\/\\\/www.bellunopress.it\\\/?s={search_term_string}\"},\"query-input\":{\"@type\":\"PropertyValueSpecification\",\"valueRequired\":true,\"valueName\":\"search_term_string\"}}],\"inLanguage\":\"fr-FR\"},{\"@type\":\"Organization\",\"@id\":\"https:\\\/\\\/www.bellunopress.it\\\/#organization\",\"name\":\"Bellunopress\",\"url\":\"https:\\\/\\\/www.bellunopress.it\\\/\",\"logo\":{\"@type\":\"ImageObject\",\"inLanguage\":\"fr-FR\",\"@id\":\"https:\\\/\\\/www.bellunopress.it\\\/#\\\/schema\\\/logo\\\/image\\\/\",\"url\":\"https:\\\/\\\/www.bellunopress.it\\\/wp-content\\\/uploads\\\/2011\\\/05\\\/cropped-logo-bellunopress-.jpg\",\"contentUrl\":\"https:\\\/\\\/www.bellunopress.it\\\/wp-content\\\/uploads\\\/2011\\\/05\\\/cropped-logo-bellunopress-.jpg\",\"width\":512,\"height\":512,\"caption\":\"Bellunopress\"},\"image\":{\"@id\":\"https:\\\/\\\/www.bellunopress.it\\\/#\\\/schema\\\/logo\\\/image\\\/\"},\"sameAs\":[\"https:\\\/\\\/www.facebook.com\\\/profile.php?id=100008943462799\",\"https:\\\/\\\/x.com\\\/bellunopress\",\"https:\\\/\\\/www.linkedin.com\\\/hp\\\/?dnr=JBzUWaJfMUw8vbXJJ2tVW5-I3jZKvC4wsoxE&amp;amp;amp;amp;amp;amp;trk=nav_responsive_tab_home\",\"https:\\\/\\\/www.youtube.com\\\/channel\\\/UCxL0wu1uN0_3_7hGG0306cw\"]},{\"@type\":\"Person\",\"@id\":\"https:\\\/\\\/www.bellunopress.it\\\/#\\\/schema\\\/person\\\/79bb06722b37ece1c03d3e94beb30d73\",\"name\":\"redazione\",\"image\":{\"@type\":\"ImageObject\",\"inLanguage\":\"fr-FR\",\"@id\":\"https:\\\/\\\/secure.gravatar.com\\\/avatar\\\/37d968a2e67a6fd04c169c4bdef102d0bc5d31b2546345219e348575eb80e9a0?s=96&d=mm&r=g\",\"url\":\"https:\\\/\\\/secure.gravatar.com\\\/avatar\\\/37d968a2e67a6fd04c169c4bdef102d0bc5d31b2546345219e348575eb80e9a0?s=96&d=mm&r=g\",\"contentUrl\":\"https:\\\/\\\/secure.gravatar.com\\\/avatar\\\/37d968a2e67a6fd04c169c4bdef102d0bc5d31b2546345219e348575eb80e9a0?s=96&d=mm&r=g\",\"caption\":\"redazione\"},\"sameAs\":[\"http:\\\/\\\/www.bellunopress.it\",\"https:\\\/\\\/x.com\\\/bellunopress\"],\"url\":\"https:\\\/\\\/www.bellunopress.it\\\/fr\\\/author\\\/redazione\\\/\"}]}<\/script>\n<!-- \/ Yoast SEO plugin. -->","yoast_head_json":{"title":"Meteo: ancora precipitazioni in Veneto - Bellunopress - Dolomiti","robots":{"index":"index","follow":"follow","max-snippet":"max-snippet:-1","max-image-preview":"max-image-preview:large","max-video-preview":"max-video-preview:-1"},"canonical":"https:\/\/www.bellunopress.it\/fr\/2019\/11\/12\/meteo-ancora-precipitazioni-in-veneto\/","og_locale":"fr_FR","og_type":"article","og_title":"Meteo: ancora precipitazioni in Veneto - Bellunopress - Dolomiti","og_description":"Venezia, 12 novembre 2019 Prosegue l\u2019ondata di piogge e di maltempo che ha colpito il veneto. Oggi e domani sono previste ancora precipitazioni diffuse e frequenti, con quantitativi anche abbondanti; saranno inoltre possibili rovesci, localmente anche temporaleschi specie in pianura. La fase pi\u00f9 intensa \u00e8 prevista tra questa serata e la mattina di mercoled\u00ec, mentre [&hellip;]","og_url":"https:\/\/www.bellunopress.it\/fr\/2019\/11\/12\/meteo-ancora-precipitazioni-in-veneto\/","og_site_name":"Bellunopress - Dolomiti","article_publisher":"https:\/\/www.facebook.com\/profile.php?id=100008943462799","article_published_time":"2019-11-12T13:20:15+00:00","og_image":[{"url":"http:\/\/www.bellunopress.it\/wp-content\/uploads\/2019\/07\/scala-allerta-meteo.jpg","type":"","width":"","height":""}],"author":"redazione","twitter_card":"summary_large_image","twitter_creator":"@bellunopress","twitter_site":"@bellunopress","twitter_misc":{"Written by":"redazione","Est. reading time":"1 minute"},"schema":{"@context":"https:\/\/schema.org","@graph":[{"@type":"Article","@id":"https:\/\/www.bellunopress.it\/2019\/11\/12\/meteo-ancora-precipitazioni-in-veneto\/#article","isPartOf":{"@id":"https:\/\/www.bellunopress.it\/2019\/11\/12\/meteo-ancora-precipitazioni-in-veneto\/"},"author":{"name":"redazione","@id":"https:\/\/www.bellunopress.it\/#\/schema\/person\/79bb06722b37ece1c03d3e94beb30d73"},"headline":"Meteo: ancora precipitazioni in Veneto","datePublished":"2019-11-12T13:20:15+00:00","mainEntityOfPage":{"@id":"https:\/\/www.bellunopress.it\/2019\/11\/12\/meteo-ancora-precipitazioni-in-veneto\/"},"wordCount":245,"publisher":{"@id":"https:\/\/www.bellunopress.it\/#organization"},"image":{"@id":"https:\/\/www.bellunopress.it\/2019\/11\/12\/meteo-ancora-precipitazioni-in-veneto\/#primaryimage"},"thumbnailUrl":"http:\/\/www.bellunopress.it\/wp-content\/uploads\/2019\/07\/scala-allerta-meteo.jpg","articleSection":["Meteo, natura, ambiente, animali","Prima Pagina"],"inLanguage":"fr-FR"},{"@type":"WebPage","@id":"https:\/\/www.bellunopress.it\/2019\/11\/12\/meteo-ancora-precipitazioni-in-veneto\/","url":"https:\/\/www.bellunopress.it\/2019\/11\/12\/meteo-ancora-precipitazioni-in-veneto\/","name":"Meteo: ancora precipitazioni in Veneto - Bellunopress - Dolomiti","isPartOf":{"@id":"https:\/\/www.bellunopress.it\/#website"},"primaryImageOfPage":{"@id":"https:\/\/www.bellunopress.it\/2019\/11\/12\/meteo-ancora-precipitazioni-in-veneto\/#primaryimage"},"image":{"@id":"https:\/\/www.bellunopress.it\/2019\/11\/12\/meteo-ancora-precipitazioni-in-veneto\/#primaryimage"},"thumbnailUrl":"http:\/\/www.bellunopress.it\/wp-content\/uploads\/2019\/07\/scala-allerta-meteo.jpg","datePublished":"2019-11-12T13:20:15+00:00","breadcrumb":{"@id":"https:\/\/www.bellunopress.it\/2019\/11\/12\/meteo-ancora-precipitazioni-in-veneto\/#breadcrumb"},"inLanguage":"fr-FR","potentialAction":[{"@type":"ReadAction","target":["https:\/\/www.bellunopress.it\/2019\/11\/12\/meteo-ancora-precipitazioni-in-veneto\/"]}]},{"@type":"ImageObject","inLanguage":"fr-FR","@id":"https:\/\/www.bellunopress.it\/2019\/11\/12\/meteo-ancora-precipitazioni-in-veneto\/#primaryimage","url":"http:\/\/www.bellunopress.it\/wp-content\/uploads\/2019\/07\/scala-allerta-meteo.jpg","contentUrl":"http:\/\/www.bellunopress.it\/wp-content\/uploads\/2019\/07\/scala-allerta-meteo.jpg"},{"@type":"BreadcrumbList","@id":"https:\/\/www.bellunopress.it\/2019\/11\/12\/meteo-ancora-precipitazioni-in-veneto\/#breadcrumb","itemListElement":[{"@type":"ListItem","position":1,"name":"Home","item":"https:\/\/www.bellunopress.it\/"},{"@type":"ListItem","position":2,"name":"Meteo: ancora precipitazioni in Veneto"}]},{"@type":"WebSite","@id":"https:\/\/www.bellunopress.it\/#website","url":"https:\/\/www.bellunopress.it\/","name":"Bellunopress - Dolomiti","description":"e-mail: redazione@bellunopress.it","publisher":{"@id":"https:\/\/www.bellunopress.it\/#organization"},"potentialAction":[{"@type":"SearchAction","target":{"@type":"EntryPoint","urlTemplate":"https:\/\/www.bellunopress.it\/?s={search_term_string}"},"query-input":{"@type":"PropertyValueSpecification","valueRequired":true,"valueName":"search_term_string"}}],"inLanguage":"fr-FR"},{"@type":"Organization","@id":"https:\/\/www.bellunopress.it\/#organization","name":"Bellunopress","url":"https:\/\/www.bellunopress.it\/","logo":{"@type":"ImageObject","inLanguage":"fr-FR","@id":"https:\/\/www.bellunopress.it\/#\/schema\/logo\/image\/","url":"https:\/\/www.bellunopress.it\/wp-content\/uploads\/2011\/05\/cropped-logo-bellunopress-.jpg","contentUrl":"https:\/\/www.bellunopress.it\/wp-content\/uploads\/2011\/05\/cropped-logo-bellunopress-.jpg","width":512,"height":512,"caption":"Bellunopress"},"image":{"@id":"https:\/\/www.bellunopress.it\/#\/schema\/logo\/image\/"},"sameAs":["https:\/\/www.facebook.com\/profile.php?id=100008943462799","https:\/\/x.com\/bellunopress","https:\/\/www.linkedin.com\/hp\/?dnr=JBzUWaJfMUw8vbXJJ2tVW5-I3jZKvC4wsoxE&amp;amp;amp;amp;amp;amp;trk=nav_responsive_tab_home","https:\/\/www.youtube.com\/channel\/UCxL0wu1uN0_3_7hGG0306cw"]},{"@type":"Person","@id":"https:\/\/www.bellunopress.it\/#\/schema\/person\/79bb06722b37ece1c03d3e94beb30d73","name":"r\u00e9daction","image":{"@type":"ImageObject","inLanguage":"fr-FR","@id":"https:\/\/secure.gravatar.com\/avatar\/37d968a2e67a6fd04c169c4bdef102d0bc5d31b2546345219e348575eb80e9a0?s=96&d=mm&r=g","url":"https:\/\/secure.gravatar.com\/avatar\/37d968a2e67a6fd04c169c4bdef102d0bc5d31b2546345219e348575eb80e9a0?s=96&d=mm&r=g","contentUrl":"https:\/\/secure.gravatar.com\/avatar\/37d968a2e67a6fd04c169c4bdef102d0bc5d31b2546345219e348575eb80e9a0?s=96&d=mm&r=g","caption":"redazione"},"sameAs":["http:\/\/www.bellunopress.it","https:\/\/x.com\/bellunopress"],"url":"https:\/\/www.bellunopress.it\/fr\/author\/redazione\/"}]}},"_links":{"self":[{"href":"https:\/\/www.bellunopress.it\/fr\/wp-json\/wp\/v2\/posts\/109496","targetHints":{"allow":["GET"]}}],"collection":[{"href":"https:\/\/www.bellunopress.it\/fr\/wp-json\/wp\/v2\/posts"}],"about":[{"href":"https:\/\/www.bellunopress.it\/fr\/wp-json\/wp\/v2\/types\/post"}],"author":[{"embeddable":true,"href":"https:\/\/www.bellunopress.it\/fr\/wp-json\/wp\/v2\/users\/2"}],"replies":[{"embeddable":true,"href":"https:\/\/www.bellunopress.it\/fr\/wp-json\/wp\/v2\/comments?post=109496"}],"version-history":[{"count":1,"href":"https:\/\/www.bellunopress.it\/fr\/wp-json\/wp\/v2\/posts\/109496\/revisions"}],"predecessor-version":[{"id":109497,"href":"https:\/\/www.bellunopress.it\/fr\/wp-json\/wp\/v2\/posts\/109496\/revisions\/109497"}],"wp:attachment":[{"href":"https:\/\/www.bellunopress.it\/fr\/wp-json\/wp\/v2\/media?parent=109496"}],"wp:term":[{"taxonomy":"category","embeddable":true,"href":"https:\/\/www.bellunopress.it\/fr\/wp-json\/wp\/v2\/categories?post=109496"},{"taxonomy":"post_tag","embeddable":true,"href":"https:\/\/www.bellunopress.it\/fr\/wp-json\/wp\/v2\/tags?post=109496"}],"curies":[{"name":"wp","href":"https:\/\/api.w.org\/{rel}","templated":true}]}}