{"id":109494,"date":"2019-11-12T13:35:32","date_gmt":"2019-11-12T12:35:32","guid":{"rendered":"http:\/\/www.bellunopress.it\/?p=109494"},"modified":"2019-11-12T13:35:32","modified_gmt":"2019-11-12T12:35:32","slug":"%e2%80%8b%e2%80%8b%e2%80%8b%e2%80%8b%e2%80%8bcollegamento-comelico-pusteria-de-carlo-presto-incontro-con-ministero-cultura-se-mountain-wilderness-e-delusa-vuol-dire-che-possiamo-farcela","status":"publish","type":"post","link":"https:\/\/www.bellunopress.it\/fr\/2019\/11\/12\/%e2%80%8b%e2%80%8b%e2%80%8b%e2%80%8b%e2%80%8bcollegamento-comelico-pusteria-de-carlo-presto-incontro-con-ministero-cultura-se-mountain-wilderness-e-delusa-vuol-dire-che-possiamo-farcela\/","title":{"rendered":"\u200b\u200b\u200b\u200b\u200bCollegamento Comelico-Pusteria. De Carlo: &#8220;Presto incontro con Ministero cultura. Se Mountain Wilderness \u00e8 delusa, vuol dire che possiamo farcela&#8221;"},"content":{"rendered":"<figure id=\"attachment_109446\" aria-describedby=\"caption-attachment-109446\" style=\"width: 247px\" class=\"wp-caption alignleft\"><a href=\"http:\/\/www.bellunopress.it\/fr\/2019\/11\/10\/politica-province-solidarieta-ambiente-de-carlo-chiude-lassemblea-provinciale-di-fratelli-ditalia\/luca-de-carlo-5\/\" rel=\"attachment wp-att-109446\"><img loading=\"lazy\" decoding=\"async\" class=\"size-full wp-image-109446\" src=\"http:\/\/www.bellunopress.it\/wp-content\/uploads\/2019\/11\/Luca-De-Carlo.jpg\" alt=\"\" width=\"247\" height=\"300\" \/><\/a><figcaption id=\"caption-attachment-109446\" class=\"wp-caption-text\">Luca De Carlo, deputato e sindaco di Calalzo di Cadore<\/figcaption><\/figure>\n<p>Si terr\u00e0 presto l&#8217;incontro, chiesto a gran voce qualche giorno fa del deputato di Fratelli d&#8217;Italia, Luca De Carlo, al Ministro per i beni e le attivit\u00e0 culturali, Dario Franceschini, che avr\u00e0 come cardine il confronto sui vincoli paesaggistici per Auronzo e il Comelico.\u00a0 \u00a0Ad annunciarlo \u00e8 lo stesso deputato cadorino.<\/p>\n<p>&#8220;Attendiamo di conoscere la data per poi poter portare al tavolo tutte le necessit\u00e0 dei territori interessati da questi vincoli che, se attuati, annullerebbero ogni possibilit\u00e0 di sviluppo e anche di sopravvivenza delle popolazioni&#8221;, spiega De Carlo.<\/p>\n<p>Proprio sul tema dello sviluppo, il deputato lancia una stoccata a Mountain Wilderness: &#8220;Sono delusi perch\u00e9 per loro la partita del collegamento tra il Comelico e la Pusteria \u00e8 persa? \u00c8 un segno importante che indica come la situazione sia in miglioramento&#8221;, commenta ironico. &#8220;Quando non capisci tutto il mondo, il problema non \u00e8 del mondo, \u00e8 tuo. Se tutti gli attori coinvolti, dalla politica in modo trasversale alle associazioni economiche, dai cittadini agli operatori turistici, hanno sempre sostenuto la necessit\u00e0 di quest&#8217;opera, \u00e8 evidente che Mountain Wilderness \u00e8 solo una minoranza che non ascolta e non rispetta le esigenze dei territori&#8221;.<\/p>\n<p>De Carlo ribadisce in conclusione la sua posizione: &#8220;Da una parte, c&#8217;\u00e8 la visione fiabesca dei cittadini delle grandi realt\u00e0, delle Heidi di pianura, che vogliono una montagna spopolata, dove farsi una passeggiata o una visita di dieci giorni senza fastidi; dall&#8217;altra, c&#8217;\u00e8 chi la montagna la cura tutti i giorni, ci vive e vuole continuare a viverci, e vuole che possano restarci anche i figli e i nipoti. Io sto con i montanari&#8221;.<\/p>","protected":false},"excerpt":{"rendered":"<p>Si terr\u00e0 presto l&#8217;incontro, chiesto a gran voce qualche giorno fa del deputato di Fratelli d&#8217;Italia, Luca De Carlo, al Ministro per i beni e le attivit\u00e0 culturali, Dario Franceschini, che avr\u00e0 come cardine il confronto sui vincoli paesaggistici per Auronzo e il Comelico.\u00a0 \u00a0Ad annunciarlo \u00e8 lo stesso deputato cadorino. &#8220;Attendiamo di conoscere la [&hellip;]<\/p>\n","protected":false},"author":2,"featured_media":0,"comment_status":"closed","ping_status":"open","sticky":false,"template":"","format":"standard","meta":{"footnotes":""},"categories":[5,26],"tags":[],"class_list":["post-109494","post","type-post","status-publish","format-standard","category-cronaca","category-prima-pagina"],"yoast_head":"<!-- This site is optimized with the Yoast SEO plugin v28.4 - https:\/\/yoast.com\/product\/yoast-seo-wordpress\/ -->\n<title>\u200b\u200b\u200b\u200b\u200bCollegamento Comelico-Pusteria. De Carlo: &quot;Presto incontro con Ministero cultura. Se Mountain Wilderness \u00e8 delusa, vuol dire che possiamo farcela&quot; - Bellunopress - Dolomiti<\/title>\n<meta name=\"robots\" content=\"index, follow, max-snippet:-1, max-image-preview:large, max-video-preview:-1\" \/>\n<link rel=\"canonical\" href=\"https:\/\/www.bellunopress.it\/fr\/2019\/11\/12\/\u200b\u200b\u200b\u200b\u200bcollegamento-comelico-pusteria-de-carlo-presto-incontro-con-ministero-cultura-se-mountain-wilderness-e-delusa-vuol-dire-che-possiamo-farcela\/\" \/>\n<meta property=\"og:locale\" content=\"fr_FR\" \/>\n<meta property=\"og:type\" content=\"article\" \/>\n<meta property=\"og:title\" content=\"\u200b\u200b\u200b\u200b\u200bCollegamento Comelico-Pusteria. De Carlo: &quot;Presto incontro con Ministero cultura. Se Mountain Wilderness \u00e8 delusa, vuol dire che possiamo farcela&quot; - Bellunopress - Dolomiti\" \/>\n<meta property=\"og:description\" content=\"Si terr\u00e0 presto l&#8217;incontro, chiesto a gran voce qualche giorno fa del deputato di Fratelli d&#8217;Italia, Luca De Carlo, al Ministro per i beni e le attivit\u00e0 culturali, Dario Franceschini, che avr\u00e0 come cardine il confronto sui vincoli paesaggistici per Auronzo e il Comelico.\u00a0 \u00a0Ad annunciarlo \u00e8 lo stesso deputato cadorino. &#8220;Attendiamo di conoscere la [&hellip;]\" \/>\n<meta property=\"og:url\" content=\"https:\/\/www.bellunopress.it\/fr\/2019\/11\/12\/\u200b\u200b\u200b\u200b\u200bcollegamento-comelico-pusteria-de-carlo-presto-incontro-con-ministero-cultura-se-mountain-wilderness-e-delusa-vuol-dire-che-possiamo-farcela\/\" \/>\n<meta property=\"og:site_name\" content=\"Bellunopress - Dolomiti\" \/>\n<meta property=\"article:publisher\" content=\"https:\/\/www.facebook.com\/profile.php?id=100008943462799\" \/>\n<meta property=\"article:published_time\" content=\"2019-11-12T12:35:32+00:00\" \/>\n<meta property=\"og:image\" content=\"http:\/\/www.bellunopress.it\/wp-content\/uploads\/2019\/11\/Luca-De-Carlo.jpg\" \/>\n<meta name=\"author\" content=\"redazione\" \/>\n<meta name=\"twitter:card\" content=\"summary_large_image\" \/>\n<meta name=\"twitter:creator\" content=\"@bellunopress\" \/>\n<meta name=\"twitter:site\" content=\"@bellunopress\" \/>\n<meta name=\"twitter:label1\" content=\"\u00c9crit par\" \/>\n\t<meta name=\"twitter:data1\" content=\"redazione\" \/>\n\t<meta name=\"twitter:label2\" content=\"Dur\u00e9e de lecture estim\u00e9e\" \/>\n\t<meta name=\"twitter:data2\" content=\"1 minute\" \/>\n<script type=\"application\/ld+json\" class=\"yoast-schema-graph\">{\"@context\":\"https:\\\/\\\/schema.org\",\"@graph\":[{\"@type\":\"Article\",\"@id\":\"https:\\\/\\\/www.bellunopress.it\\\/2019\\\/11\\\/12\\\/%e2%80%8b%e2%80%8b%e2%80%8b%e2%80%8b%e2%80%8bcollegamento-comelico-pusteria-de-carlo-presto-incontro-con-ministero-cultura-se-mountain-wilderness-e-delusa-vuol-dire-che-possiamo-farcela\\\/#article\",\"isPartOf\":{\"@id\":\"https:\\\/\\\/www.bellunopress.it\\\/2019\\\/11\\\/12\\\/%e2%80%8b%e2%80%8b%e2%80%8b%e2%80%8b%e2%80%8bcollegamento-comelico-pusteria-de-carlo-presto-incontro-con-ministero-cultura-se-mountain-wilderness-e-delusa-vuol-dire-che-possiamo-farcela\\\/\"},\"author\":{\"name\":\"redazione\",\"@id\":\"https:\\\/\\\/www.bellunopress.it\\\/#\\\/schema\\\/person\\\/79bb06722b37ece1c03d3e94beb30d73\"},\"headline\":\"\u200b\u200b\u200b\u200b\u200bCollegamento Comelico-Pusteria. De Carlo: &#8220;Presto incontro con Ministero cultura. Se Mountain Wilderness \u00e8 delusa, vuol dire che possiamo farcela&#8221;\",\"datePublished\":\"2019-11-12T12:35:32+00:00\",\"mainEntityOfPage\":{\"@id\":\"https:\\\/\\\/www.bellunopress.it\\\/2019\\\/11\\\/12\\\/%e2%80%8b%e2%80%8b%e2%80%8b%e2%80%8b%e2%80%8bcollegamento-comelico-pusteria-de-carlo-presto-incontro-con-ministero-cultura-se-mountain-wilderness-e-delusa-vuol-dire-che-possiamo-farcela\\\/\"},\"wordCount\":296,\"publisher\":{\"@id\":\"https:\\\/\\\/www.bellunopress.it\\\/#organization\"},\"image\":{\"@id\":\"https:\\\/\\\/www.bellunopress.it\\\/2019\\\/11\\\/12\\\/%e2%80%8b%e2%80%8b%e2%80%8b%e2%80%8b%e2%80%8bcollegamento-comelico-pusteria-de-carlo-presto-incontro-con-ministero-cultura-se-mountain-wilderness-e-delusa-vuol-dire-che-possiamo-farcela\\\/#primaryimage\"},\"thumbnailUrl\":\"http:\\\/\\\/www.bellunopress.it\\\/wp-content\\\/uploads\\\/2019\\\/11\\\/Luca-De-Carlo.jpg\",\"articleSection\":[\"Cronaca\\\/Politica\",\"Prima Pagina\"],\"inLanguage\":\"fr-FR\"},{\"@type\":\"WebPage\",\"@id\":\"https:\\\/\\\/www.bellunopress.it\\\/2019\\\/11\\\/12\\\/%e2%80%8b%e2%80%8b%e2%80%8b%e2%80%8b%e2%80%8bcollegamento-comelico-pusteria-de-carlo-presto-incontro-con-ministero-cultura-se-mountain-wilderness-e-delusa-vuol-dire-che-possiamo-farcela\\\/\",\"url\":\"https:\\\/\\\/www.bellunopress.it\\\/2019\\\/11\\\/12\\\/%e2%80%8b%e2%80%8b%e2%80%8b%e2%80%8b%e2%80%8bcollegamento-comelico-pusteria-de-carlo-presto-incontro-con-ministero-cultura-se-mountain-wilderness-e-delusa-vuol-dire-che-possiamo-farcela\\\/\",\"name\":\"\u200b\u200b\u200b\u200b\u200bCollegamento Comelico-Pusteria. De Carlo: \\\"Presto incontro con Ministero cultura. Se Mountain Wilderness \u00e8 delusa, vuol dire che possiamo farcela\\\" - Bellunopress - Dolomiti\",\"isPartOf\":{\"@id\":\"https:\\\/\\\/www.bellunopress.it\\\/#website\"},\"primaryImageOfPage\":{\"@id\":\"https:\\\/\\\/www.bellunopress.it\\\/2019\\\/11\\\/12\\\/%e2%80%8b%e2%80%8b%e2%80%8b%e2%80%8b%e2%80%8bcollegamento-comelico-pusteria-de-carlo-presto-incontro-con-ministero-cultura-se-mountain-wilderness-e-delusa-vuol-dire-che-possiamo-farcela\\\/#primaryimage\"},\"image\":{\"@id\":\"https:\\\/\\\/www.bellunopress.it\\\/2019\\\/11\\\/12\\\/%e2%80%8b%e2%80%8b%e2%80%8b%e2%80%8b%e2%80%8bcollegamento-comelico-pusteria-de-carlo-presto-incontro-con-ministero-cultura-se-mountain-wilderness-e-delusa-vuol-dire-che-possiamo-farcela\\\/#primaryimage\"},\"thumbnailUrl\":\"http:\\\/\\\/www.bellunopress.it\\\/wp-content\\\/uploads\\\/2019\\\/11\\\/Luca-De-Carlo.jpg\",\"datePublished\":\"2019-11-12T12:35:32+00:00\",\"breadcrumb\":{\"@id\":\"https:\\\/\\\/www.bellunopress.it\\\/2019\\\/11\\\/12\\\/%e2%80%8b%e2%80%8b%e2%80%8b%e2%80%8b%e2%80%8bcollegamento-comelico-pusteria-de-carlo-presto-incontro-con-ministero-cultura-se-mountain-wilderness-e-delusa-vuol-dire-che-possiamo-farcela\\\/#breadcrumb\"},\"inLanguage\":\"fr-FR\",\"potentialAction\":[{\"@type\":\"ReadAction\",\"target\":[\"https:\\\/\\\/www.bellunopress.it\\\/2019\\\/11\\\/12\\\/%e2%80%8b%e2%80%8b%e2%80%8b%e2%80%8b%e2%80%8bcollegamento-comelico-pusteria-de-carlo-presto-incontro-con-ministero-cultura-se-mountain-wilderness-e-delusa-vuol-dire-che-possiamo-farcela\\\/\"]}]},{\"@type\":\"ImageObject\",\"inLanguage\":\"fr-FR\",\"@id\":\"https:\\\/\\\/www.bellunopress.it\\\/2019\\\/11\\\/12\\\/%e2%80%8b%e2%80%8b%e2%80%8b%e2%80%8b%e2%80%8bcollegamento-comelico-pusteria-de-carlo-presto-incontro-con-ministero-cultura-se-mountain-wilderness-e-delusa-vuol-dire-che-possiamo-farcela\\\/#primaryimage\",\"url\":\"http:\\\/\\\/www.bellunopress.it\\\/wp-content\\\/uploads\\\/2019\\\/11\\\/Luca-De-Carlo.jpg\",\"contentUrl\":\"http:\\\/\\\/www.bellunopress.it\\\/wp-content\\\/uploads\\\/2019\\\/11\\\/Luca-De-Carlo.jpg\"},{\"@type\":\"BreadcrumbList\",\"@id\":\"https:\\\/\\\/www.bellunopress.it\\\/2019\\\/11\\\/12\\\/%e2%80%8b%e2%80%8b%e2%80%8b%e2%80%8b%e2%80%8bcollegamento-comelico-pusteria-de-carlo-presto-incontro-con-ministero-cultura-se-mountain-wilderness-e-delusa-vuol-dire-che-possiamo-farcela\\\/#breadcrumb\",\"itemListElement\":[{\"@type\":\"ListItem\",\"position\":1,\"name\":\"Home\",\"item\":\"https:\\\/\\\/www.bellunopress.it\\\/\"},{\"@type\":\"ListItem\",\"position\":2,\"name\":\"\u200b\u200b\u200b\u200b\u200bCollegamento Comelico-Pusteria. De Carlo: &#8220;Presto incontro con Ministero cultura. Se Mountain Wilderness \u00e8 delusa, vuol dire che possiamo farcela&#8221;\"}]},{\"@type\":\"WebSite\",\"@id\":\"https:\\\/\\\/www.bellunopress.it\\\/#website\",\"url\":\"https:\\\/\\\/www.bellunopress.it\\\/\",\"name\":\"Bellunopress - Dolomiti\",\"description\":\"e-mail: redazione@bellunopress.it\",\"publisher\":{\"@id\":\"https:\\\/\\\/www.bellunopress.it\\\/#organization\"},\"potentialAction\":[{\"@type\":\"SearchAction\",\"target\":{\"@type\":\"EntryPoint\",\"urlTemplate\":\"https:\\\/\\\/www.bellunopress.it\\\/?s={search_term_string}\"},\"query-input\":{\"@type\":\"PropertyValueSpecification\",\"valueRequired\":true,\"valueName\":\"search_term_string\"}}],\"inLanguage\":\"fr-FR\"},{\"@type\":\"Organization\",\"@id\":\"https:\\\/\\\/www.bellunopress.it\\\/#organization\",\"name\":\"Bellunopress\",\"url\":\"https:\\\/\\\/www.bellunopress.it\\\/\",\"logo\":{\"@type\":\"ImageObject\",\"inLanguage\":\"fr-FR\",\"@id\":\"https:\\\/\\\/www.bellunopress.it\\\/#\\\/schema\\\/logo\\\/image\\\/\",\"url\":\"https:\\\/\\\/www.bellunopress.it\\\/wp-content\\\/uploads\\\/2011\\\/05\\\/cropped-logo-bellunopress-.jpg\",\"contentUrl\":\"https:\\\/\\\/www.bellunopress.it\\\/wp-content\\\/uploads\\\/2011\\\/05\\\/cropped-logo-bellunopress-.jpg\",\"width\":512,\"height\":512,\"caption\":\"Bellunopress\"},\"image\":{\"@id\":\"https:\\\/\\\/www.bellunopress.it\\\/#\\\/schema\\\/logo\\\/image\\\/\"},\"sameAs\":[\"https:\\\/\\\/www.facebook.com\\\/profile.php?id=100008943462799\",\"https:\\\/\\\/x.com\\\/bellunopress\",\"https:\\\/\\\/www.linkedin.com\\\/hp\\\/?dnr=JBzUWaJfMUw8vbXJJ2tVW5-I3jZKvC4wsoxE&amp;amp;amp;amp;amp;amp;trk=nav_responsive_tab_home\",\"https:\\\/\\\/www.youtube.com\\\/channel\\\/UCxL0wu1uN0_3_7hGG0306cw\"]},{\"@type\":\"Person\",\"@id\":\"https:\\\/\\\/www.bellunopress.it\\\/#\\\/schema\\\/person\\\/79bb06722b37ece1c03d3e94beb30d73\",\"name\":\"redazione\",\"image\":{\"@type\":\"ImageObject\",\"inLanguage\":\"fr-FR\",\"@id\":\"https:\\\/\\\/secure.gravatar.com\\\/avatar\\\/37d968a2e67a6fd04c169c4bdef102d0bc5d31b2546345219e348575eb80e9a0?s=96&d=mm&r=g\",\"url\":\"https:\\\/\\\/secure.gravatar.com\\\/avatar\\\/37d968a2e67a6fd04c169c4bdef102d0bc5d31b2546345219e348575eb80e9a0?s=96&d=mm&r=g\",\"contentUrl\":\"https:\\\/\\\/secure.gravatar.com\\\/avatar\\\/37d968a2e67a6fd04c169c4bdef102d0bc5d31b2546345219e348575eb80e9a0?s=96&d=mm&r=g\",\"caption\":\"redazione\"},\"sameAs\":[\"http:\\\/\\\/www.bellunopress.it\",\"https:\\\/\\\/x.com\\\/bellunopress\"],\"url\":\"https:\\\/\\\/www.bellunopress.it\\\/fr\\\/author\\\/redazione\\\/\"}]}<\/script>\n<!-- \/ Yoast SEO plugin. -->","yoast_head_json":{"title":"\u200b\u200b\u200b\u200b\u200bCollegamento Comelico-Pusteria. De Carlo: \"Presto incontro con Ministero cultura. Se Mountain Wilderness \u00e8 delusa, vuol dire che possiamo farcela\" - Bellunopress - Dolomiti","robots":{"index":"index","follow":"follow","max-snippet":"max-snippet:-1","max-image-preview":"max-image-preview:large","max-video-preview":"max-video-preview:-1"},"canonical":"https:\/\/www.bellunopress.it\/fr\/2019\/11\/12\/\u200b\u200b\u200b\u200b\u200bcollegamento-comelico-pusteria-de-carlo-presto-incontro-con-ministero-cultura-se-mountain-wilderness-e-delusa-vuol-dire-che-possiamo-farcela\/","og_locale":"fr_FR","og_type":"article","og_title":"\u200b\u200b\u200b\u200b\u200bCollegamento Comelico-Pusteria. De Carlo: \"Presto incontro con Ministero cultura. Se Mountain Wilderness \u00e8 delusa, vuol dire che possiamo farcela\" - Bellunopress - Dolomiti","og_description":"Si terr\u00e0 presto l&#8217;incontro, chiesto a gran voce qualche giorno fa del deputato di Fratelli d&#8217;Italia, Luca De Carlo, al Ministro per i beni e le attivit\u00e0 culturali, Dario Franceschini, che avr\u00e0 come cardine il confronto sui vincoli paesaggistici per Auronzo e il Comelico.\u00a0 \u00a0Ad annunciarlo \u00e8 lo stesso deputato cadorino. &#8220;Attendiamo di conoscere la [&hellip;]","og_url":"https:\/\/www.bellunopress.it\/fr\/2019\/11\/12\/\u200b\u200b\u200b\u200b\u200bcollegamento-comelico-pusteria-de-carlo-presto-incontro-con-ministero-cultura-se-mountain-wilderness-e-delusa-vuol-dire-che-possiamo-farcela\/","og_site_name":"Bellunopress - Dolomiti","article_publisher":"https:\/\/www.facebook.com\/profile.php?id=100008943462799","article_published_time":"2019-11-12T12:35:32+00:00","og_image":[{"url":"http:\/\/www.bellunopress.it\/wp-content\/uploads\/2019\/11\/Luca-De-Carlo.jpg","type":"","width":"","height":""}],"author":"redazione","twitter_card":"summary_large_image","twitter_creator":"@bellunopress","twitter_site":"@bellunopress","twitter_misc":{"\u00c9crit par":"redazione","Dur\u00e9e de lecture estim\u00e9e":"1 minute"},"schema":{"@context":"https:\/\/schema.org","@graph":[{"@type":"Article","@id":"https:\/\/www.bellunopress.it\/2019\/11\/12\/%e2%80%8b%e2%80%8b%e2%80%8b%e2%80%8b%e2%80%8bcollegamento-comelico-pusteria-de-carlo-presto-incontro-con-ministero-cultura-se-mountain-wilderness-e-delusa-vuol-dire-che-possiamo-farcela\/#article","isPartOf":{"@id":"https:\/\/www.bellunopress.it\/2019\/11\/12\/%e2%80%8b%e2%80%8b%e2%80%8b%e2%80%8b%e2%80%8bcollegamento-comelico-pusteria-de-carlo-presto-incontro-con-ministero-cultura-se-mountain-wilderness-e-delusa-vuol-dire-che-possiamo-farcela\/"},"author":{"name":"redazione","@id":"https:\/\/www.bellunopress.it\/#\/schema\/person\/79bb06722b37ece1c03d3e94beb30d73"},"headline":"\u200b\u200b\u200b\u200b\u200bCollegamento Comelico-Pusteria. De Carlo: &#8220;Presto incontro con Ministero cultura. Se Mountain Wilderness \u00e8 delusa, vuol dire che possiamo farcela&#8221;","datePublished":"2019-11-12T12:35:32+00:00","mainEntityOfPage":{"@id":"https:\/\/www.bellunopress.it\/2019\/11\/12\/%e2%80%8b%e2%80%8b%e2%80%8b%e2%80%8b%e2%80%8bcollegamento-comelico-pusteria-de-carlo-presto-incontro-con-ministero-cultura-se-mountain-wilderness-e-delusa-vuol-dire-che-possiamo-farcela\/"},"wordCount":296,"publisher":{"@id":"https:\/\/www.bellunopress.it\/#organization"},"image":{"@id":"https:\/\/www.bellunopress.it\/2019\/11\/12\/%e2%80%8b%e2%80%8b%e2%80%8b%e2%80%8b%e2%80%8bcollegamento-comelico-pusteria-de-carlo-presto-incontro-con-ministero-cultura-se-mountain-wilderness-e-delusa-vuol-dire-che-possiamo-farcela\/#primaryimage"},"thumbnailUrl":"http:\/\/www.bellunopress.it\/wp-content\/uploads\/2019\/11\/Luca-De-Carlo.jpg","articleSection":["Cronaca\/Politica","Prima Pagina"],"inLanguage":"fr-FR"},{"@type":"WebPage","@id":"https:\/\/www.bellunopress.it\/2019\/11\/12\/%e2%80%8b%e2%80%8b%e2%80%8b%e2%80%8b%e2%80%8bcollegamento-comelico-pusteria-de-carlo-presto-incontro-con-ministero-cultura-se-mountain-wilderness-e-delusa-vuol-dire-che-possiamo-farcela\/","url":"https:\/\/www.bellunopress.it\/2019\/11\/12\/%e2%80%8b%e2%80%8b%e2%80%8b%e2%80%8b%e2%80%8bcollegamento-comelico-pusteria-de-carlo-presto-incontro-con-ministero-cultura-se-mountain-wilderness-e-delusa-vuol-dire-che-possiamo-farcela\/","name":"\u200b\u200b\u200b\u200b\u200bCollegamento Comelico-Pusteria. De Carlo: \"Presto incontro con Ministero cultura. Se Mountain Wilderness \u00e8 delusa, vuol dire che possiamo farcela\" - Bellunopress - Dolomiti","isPartOf":{"@id":"https:\/\/www.bellunopress.it\/#website"},"primaryImageOfPage":{"@id":"https:\/\/www.bellunopress.it\/2019\/11\/12\/%e2%80%8b%e2%80%8b%e2%80%8b%e2%80%8b%e2%80%8bcollegamento-comelico-pusteria-de-carlo-presto-incontro-con-ministero-cultura-se-mountain-wilderness-e-delusa-vuol-dire-che-possiamo-farcela\/#primaryimage"},"image":{"@id":"https:\/\/www.bellunopress.it\/2019\/11\/12\/%e2%80%8b%e2%80%8b%e2%80%8b%e2%80%8b%e2%80%8bcollegamento-comelico-pusteria-de-carlo-presto-incontro-con-ministero-cultura-se-mountain-wilderness-e-delusa-vuol-dire-che-possiamo-farcela\/#primaryimage"},"thumbnailUrl":"http:\/\/www.bellunopress.it\/wp-content\/uploads\/2019\/11\/Luca-De-Carlo.jpg","datePublished":"2019-11-12T12:35:32+00:00","breadcrumb":{"@id":"https:\/\/www.bellunopress.it\/2019\/11\/12\/%e2%80%8b%e2%80%8b%e2%80%8b%e2%80%8b%e2%80%8bcollegamento-comelico-pusteria-de-carlo-presto-incontro-con-ministero-cultura-se-mountain-wilderness-e-delusa-vuol-dire-che-possiamo-farcela\/#breadcrumb"},"inLanguage":"fr-FR","potentialAction":[{"@type":"ReadAction","target":["https:\/\/www.bellunopress.it\/2019\/11\/12\/%e2%80%8b%e2%80%8b%e2%80%8b%e2%80%8b%e2%80%8bcollegamento-comelico-pusteria-de-carlo-presto-incontro-con-ministero-cultura-se-mountain-wilderness-e-delusa-vuol-dire-che-possiamo-farcela\/"]}]},{"@type":"ImageObject","inLanguage":"fr-FR","@id":"https:\/\/www.bellunopress.it\/2019\/11\/12\/%e2%80%8b%e2%80%8b%e2%80%8b%e2%80%8b%e2%80%8bcollegamento-comelico-pusteria-de-carlo-presto-incontro-con-ministero-cultura-se-mountain-wilderness-e-delusa-vuol-dire-che-possiamo-farcela\/#primaryimage","url":"http:\/\/www.bellunopress.it\/wp-content\/uploads\/2019\/11\/Luca-De-Carlo.jpg","contentUrl":"http:\/\/www.bellunopress.it\/wp-content\/uploads\/2019\/11\/Luca-De-Carlo.jpg"},{"@type":"BreadcrumbList","@id":"https:\/\/www.bellunopress.it\/2019\/11\/12\/%e2%80%8b%e2%80%8b%e2%80%8b%e2%80%8b%e2%80%8bcollegamento-comelico-pusteria-de-carlo-presto-incontro-con-ministero-cultura-se-mountain-wilderness-e-delusa-vuol-dire-che-possiamo-farcela\/#breadcrumb","itemListElement":[{"@type":"ListItem","position":1,"name":"Home","item":"https:\/\/www.bellunopress.it\/"},{"@type":"ListItem","position":2,"name":"\u200b\u200b\u200b\u200b\u200bCollegamento Comelico-Pusteria. De Carlo: &#8220;Presto incontro con Ministero cultura. Se Mountain Wilderness \u00e8 delusa, vuol dire che possiamo farcela&#8221;"}]},{"@type":"WebSite","@id":"https:\/\/www.bellunopress.it\/#website","url":"https:\/\/www.bellunopress.it\/","name":"Bellunopress - Dolomiti","description":"e-mail: redazione@bellunopress.it","publisher":{"@id":"https:\/\/www.bellunopress.it\/#organization"},"potentialAction":[{"@type":"SearchAction","target":{"@type":"EntryPoint","urlTemplate":"https:\/\/www.bellunopress.it\/?s={search_term_string}"},"query-input":{"@type":"PropertyValueSpecification","valueRequired":true,"valueName":"search_term_string"}}],"inLanguage":"fr-FR"},{"@type":"Organization","@id":"https:\/\/www.bellunopress.it\/#organization","name":"Bellunopress","url":"https:\/\/www.bellunopress.it\/","logo":{"@type":"ImageObject","inLanguage":"fr-FR","@id":"https:\/\/www.bellunopress.it\/#\/schema\/logo\/image\/","url":"https:\/\/www.bellunopress.it\/wp-content\/uploads\/2011\/05\/cropped-logo-bellunopress-.jpg","contentUrl":"https:\/\/www.bellunopress.it\/wp-content\/uploads\/2011\/05\/cropped-logo-bellunopress-.jpg","width":512,"height":512,"caption":"Bellunopress"},"image":{"@id":"https:\/\/www.bellunopress.it\/#\/schema\/logo\/image\/"},"sameAs":["https:\/\/www.facebook.com\/profile.php?id=100008943462799","https:\/\/x.com\/bellunopress","https:\/\/www.linkedin.com\/hp\/?dnr=JBzUWaJfMUw8vbXJJ2tVW5-I3jZKvC4wsoxE&amp;amp;amp;amp;amp;amp;trk=nav_responsive_tab_home","https:\/\/www.youtube.com\/channel\/UCxL0wu1uN0_3_7hGG0306cw"]},{"@type":"Person","@id":"https:\/\/www.bellunopress.it\/#\/schema\/person\/79bb06722b37ece1c03d3e94beb30d73","name":"r\u00e9daction","image":{"@type":"ImageObject","inLanguage":"fr-FR","@id":"https:\/\/secure.gravatar.com\/avatar\/37d968a2e67a6fd04c169c4bdef102d0bc5d31b2546345219e348575eb80e9a0?s=96&d=mm&r=g","url":"https:\/\/secure.gravatar.com\/avatar\/37d968a2e67a6fd04c169c4bdef102d0bc5d31b2546345219e348575eb80e9a0?s=96&d=mm&r=g","contentUrl":"https:\/\/secure.gravatar.com\/avatar\/37d968a2e67a6fd04c169c4bdef102d0bc5d31b2546345219e348575eb80e9a0?s=96&d=mm&r=g","caption":"redazione"},"sameAs":["http:\/\/www.bellunopress.it","https:\/\/x.com\/bellunopress"],"url":"https:\/\/www.bellunopress.it\/fr\/author\/redazione\/"}]}},"_links":{"self":[{"href":"https:\/\/www.bellunopress.it\/fr\/wp-json\/wp\/v2\/posts\/109494","targetHints":{"allow":["GET"]}}],"collection":[{"href":"https:\/\/www.bellunopress.it\/fr\/wp-json\/wp\/v2\/posts"}],"about":[{"href":"https:\/\/www.bellunopress.it\/fr\/wp-json\/wp\/v2\/types\/post"}],"author":[{"embeddable":true,"href":"https:\/\/www.bellunopress.it\/fr\/wp-json\/wp\/v2\/users\/2"}],"replies":[{"embeddable":true,"href":"https:\/\/www.bellunopress.it\/fr\/wp-json\/wp\/v2\/comments?post=109494"}],"version-history":[{"count":1,"href":"https:\/\/www.bellunopress.it\/fr\/wp-json\/wp\/v2\/posts\/109494\/revisions"}],"predecessor-version":[{"id":109495,"href":"https:\/\/www.bellunopress.it\/fr\/wp-json\/wp\/v2\/posts\/109494\/revisions\/109495"}],"wp:attachment":[{"href":"https:\/\/www.bellunopress.it\/fr\/wp-json\/wp\/v2\/media?parent=109494"}],"wp:term":[{"taxonomy":"category","embeddable":true,"href":"https:\/\/www.bellunopress.it\/fr\/wp-json\/wp\/v2\/categories?post=109494"},{"taxonomy":"post_tag","embeddable":true,"href":"https:\/\/www.bellunopress.it\/fr\/wp-json\/wp\/v2\/tags?post=109494"}],"curies":[{"name":"wp","href":"https:\/\/api.w.org\/{rel}","templated":true}]}}