{"id":109488,"date":"2019-11-12T12:21:32","date_gmt":"2019-11-12T11:21:32","guid":{"rendered":"http:\/\/www.bellunopress.it\/?p=109488"},"modified":"2019-11-12T12:21:32","modified_gmt":"2019-11-12T11:21:32","slug":"inalto-un-nuovo-rifugio-tra-le-dolomiti","status":"publish","type":"post","link":"https:\/\/www.bellunopress.it\/fr\/2019\/11\/12\/inalto-un-nuovo-rifugio-tra-le-dolomiti\/","title":{"rendered":"InAlto, un nuovo rifugio tra le Dolomiti"},"content":{"rendered":"<figure id=\"attachment_109489\" aria-describedby=\"caption-attachment-109489\" style=\"width: 300px\" class=\"wp-caption alignleft\"><a href=\"http:\/\/www.bellunopress.it\/fr\/2019\/11\/12\/inalto-un-nuovo-rifugio-tra-le-dolomiti\/col-margherita\/\" rel=\"attachment wp-att-109489\"><img loading=\"lazy\" decoding=\"async\" class=\"size-full wp-image-109489\" src=\"http:\/\/www.bellunopress.it\/wp-content\/uploads\/2019\/11\/Col-Margherita.jpg\" alt=\"\" width=\"300\" height=\"195\" \/><\/a><figcaption id=\"caption-attachment-109489\" class=\"wp-caption-text\">Vista su Col Margherita<\/figcaption><\/figure>\n<p>Si chiama InAlto il nuovo rifugio che dominer\u00e0 il Col Margherita, straordinaria terrazza naturale situata a quota 2.514 metri, a cavallo fra Trentino e Veneto nella Ski Area San Pellegrino. La location, adiacente alla stazione a monte della funivia, unisce vette incontaminate e proposte per chi cerca una sosta per un pranzo, un aperitivo o uno spuntino con vista in una giornata sulla neve ma anche in piena estate.<\/p>\n<p>Il locale, con ampie vetrate panoramiche, offre un punto di vista sulle principali cime dolomitiche, dichiarate nel 2009 Patrimonio Naturale Unesco per la loro bellezza e conformazione unica al mondo. InAlto \u00e8 il luogo in cui riempirsi gli occhi con scorci spettacolari, dalla parete sud della Marmolada, al monte Pelmo, dalla maestosit\u00e0 del Civetta fino alle Pale di San Martino.<\/p>\n<p>&#8220;InAlto \u00e8 parte del progetto di promozione del nostro territorio che merita di essere visitato e apprezzato tutto l&#8217;anno &#8211; afferma Mauro Vendruscolo, presidente della Ski area San Pellegrino -. InAlto completa il panorama di offerte della Ski Area San Pellegrino, rendendo fruibile a tutti un&#8217;esperienza unica, a 2.514 metri di altitudine. Recuperando la struttura esistente a monte della funivia, l&#8217;abbiamo resa meno impattante e pi\u00f9 integrata con il paesaggio dolomitico che si erge di fronte. La scelta dei materiali e le ampie vetrate creano un tutt&#8217;uno con il paesaggio che la splendida terrazza naturale del Col Margherita offre in ogni stagione&#8221;.<\/p>\n<p>InAlto e il Col Margherita sono il punto di partenza ideale per chi ama sciare. Sui manti nevosi che scendono a valle si snoda per 2.400 metri la pista nera de La VolatA con 630 m di dislivello e muri che sfiorano pendenze del 50%. Altrettanto belle e panoramiche le due rosse, Col Margherita e Col Margherita-Lago Cavia. Meno impegnativo ma non meno affascinante il percorso della pista Le Caviette che scende per 3 km pi\u00f9 dolcemente ed \u00e8 davvero alla portata di tutti.<\/p>\n<p>Chi ama lo slow ski pu\u00f2 invece lasciarsi trasportare dalle magiche atmosfere della pista degli Innamorati che giunge fino a Falcade. Un itinerario che mostra in tutta la sua bellezza la Marmolada e le Cime del Focobon, tra boschi puntinati di caratteristiche baite di legno. Proprio questo romantico percorso sar\u00e0 protagonista il giorno di San Valentino (14 febbraio 2020) di una delle tappe di &#8220;Trentino SkiSunrise&#8221;, l&#8217;evento che permette di sciare all&#8217;alba per ammirare il sole che sorge tra le cime. L&#8217;appuntamento \u00e8 alle ore 6.10 presso la funivia Col Margherita, nella Ski Area San Pellegrino.<\/p>\n<p>InAlto sorge in uno scenario di straordinaria bellezza che si prepara ad accogliere gli sciatori ma anche gli amanti della montagna e coloro che desiderano concedersi un&#8217;evasione sensoriale tra vette incontaminate e pendii rocciosi. Un paradiso alla portata di tutti grazie alla funivia Col Margherita che permette di raggiungere la vetta in tutta sicurezza.<\/p>","protected":false},"excerpt":{"rendered":"<p>Si chiama InAlto il nuovo rifugio che dominer\u00e0 il Col Margherita, straordinaria terrazza naturale situata a quota 2.514 metri, a cavallo fra Trentino e Veneto nella Ski Area San Pellegrino. La location, adiacente alla stazione a monte della funivia, unisce vette incontaminate e proposte per chi cerca una sosta per un pranzo, un aperitivo o [&hellip;]<\/p>\n","protected":false},"author":2,"featured_media":0,"comment_status":"closed","ping_status":"open","sticky":false,"template":"","format":"standard","meta":{"footnotes":""},"categories":[1],"tags":[],"class_list":["post-109488","post","type-post","status-publish","format-standard","category-leo"],"yoast_head":"<!-- This site is optimized with the Yoast SEO plugin v28.4 - https:\/\/yoast.com\/product\/yoast-seo-wordpress\/ -->\n<title>InAlto, un nuovo rifugio tra le Dolomiti - Bellunopress - Dolomiti<\/title>\n<meta name=\"robots\" content=\"index, follow, max-snippet:-1, max-image-preview:large, max-video-preview:-1\" \/>\n<link rel=\"canonical\" href=\"https:\/\/www.bellunopress.it\/fr\/2019\/11\/12\/inalto-un-nuovo-rifugio-tra-le-dolomiti\/\" \/>\n<meta property=\"og:locale\" content=\"fr_FR\" \/>\n<meta property=\"og:type\" content=\"article\" \/>\n<meta property=\"og:title\" content=\"InAlto, un nuovo rifugio tra le Dolomiti - Bellunopress - Dolomiti\" \/>\n<meta property=\"og:description\" content=\"Si chiama InAlto il nuovo rifugio che dominer\u00e0 il Col Margherita, straordinaria terrazza naturale situata a quota 2.514 metri, a cavallo fra Trentino e Veneto nella Ski Area San Pellegrino. La location, adiacente alla stazione a monte della funivia, unisce vette incontaminate e proposte per chi cerca una sosta per un pranzo, un aperitivo o [&hellip;]\" \/>\n<meta property=\"og:url\" content=\"https:\/\/www.bellunopress.it\/fr\/2019\/11\/12\/inalto-un-nuovo-rifugio-tra-le-dolomiti\/\" \/>\n<meta property=\"og:site_name\" content=\"Bellunopress - Dolomiti\" \/>\n<meta property=\"article:publisher\" content=\"https:\/\/www.facebook.com\/profile.php?id=100008943462799\" \/>\n<meta property=\"article:published_time\" content=\"2019-11-12T11:21:32+00:00\" \/>\n<meta property=\"og:image\" content=\"http:\/\/www.bellunopress.it\/wp-content\/uploads\/2019\/11\/Col-Margherita.jpg\" \/>\n<meta name=\"author\" content=\"redazione\" \/>\n<meta name=\"twitter:card\" content=\"summary_large_image\" \/>\n<meta name=\"twitter:creator\" content=\"@bellunopress\" \/>\n<meta name=\"twitter:site\" content=\"@bellunopress\" \/>\n<meta name=\"twitter:label1\" content=\"\u00c9crit par\" \/>\n\t<meta name=\"twitter:data1\" content=\"redazione\" \/>\n\t<meta name=\"twitter:label2\" content=\"Dur\u00e9e de lecture estim\u00e9e\" \/>\n\t<meta name=\"twitter:data2\" content=\"2 minutes\" \/>\n<script type=\"application\/ld+json\" class=\"yoast-schema-graph\">{\"@context\":\"https:\\\/\\\/schema.org\",\"@graph\":[{\"@type\":\"Article\",\"@id\":\"https:\\\/\\\/www.bellunopress.it\\\/2019\\\/11\\\/12\\\/inalto-un-nuovo-rifugio-tra-le-dolomiti\\\/#article\",\"isPartOf\":{\"@id\":\"https:\\\/\\\/www.bellunopress.it\\\/2019\\\/11\\\/12\\\/inalto-un-nuovo-rifugio-tra-le-dolomiti\\\/\"},\"author\":{\"name\":\"redazione\",\"@id\":\"https:\\\/\\\/www.bellunopress.it\\\/#\\\/schema\\\/person\\\/79bb06722b37ece1c03d3e94beb30d73\"},\"headline\":\"InAlto, un nuovo rifugio tra le Dolomiti\",\"datePublished\":\"2019-11-12T11:21:32+00:00\",\"mainEntityOfPage\":{\"@id\":\"https:\\\/\\\/www.bellunopress.it\\\/2019\\\/11\\\/12\\\/inalto-un-nuovo-rifugio-tra-le-dolomiti\\\/\"},\"wordCount\":477,\"publisher\":{\"@id\":\"https:\\\/\\\/www.bellunopress.it\\\/#organization\"},\"image\":{\"@id\":\"https:\\\/\\\/www.bellunopress.it\\\/2019\\\/11\\\/12\\\/inalto-un-nuovo-rifugio-tra-le-dolomiti\\\/#primaryimage\"},\"thumbnailUrl\":\"http:\\\/\\\/www.bellunopress.it\\\/wp-content\\\/uploads\\\/2019\\\/11\\\/Col-Margherita.jpg\",\"articleSection\":[\"Lettere Opinioni\"],\"inLanguage\":\"fr-FR\"},{\"@type\":\"WebPage\",\"@id\":\"https:\\\/\\\/www.bellunopress.it\\\/2019\\\/11\\\/12\\\/inalto-un-nuovo-rifugio-tra-le-dolomiti\\\/\",\"url\":\"https:\\\/\\\/www.bellunopress.it\\\/2019\\\/11\\\/12\\\/inalto-un-nuovo-rifugio-tra-le-dolomiti\\\/\",\"name\":\"InAlto, un nuovo rifugio tra le Dolomiti - Bellunopress - Dolomiti\",\"isPartOf\":{\"@id\":\"https:\\\/\\\/www.bellunopress.it\\\/#website\"},\"primaryImageOfPage\":{\"@id\":\"https:\\\/\\\/www.bellunopress.it\\\/2019\\\/11\\\/12\\\/inalto-un-nuovo-rifugio-tra-le-dolomiti\\\/#primaryimage\"},\"image\":{\"@id\":\"https:\\\/\\\/www.bellunopress.it\\\/2019\\\/11\\\/12\\\/inalto-un-nuovo-rifugio-tra-le-dolomiti\\\/#primaryimage\"},\"thumbnailUrl\":\"http:\\\/\\\/www.bellunopress.it\\\/wp-content\\\/uploads\\\/2019\\\/11\\\/Col-Margherita.jpg\",\"datePublished\":\"2019-11-12T11:21:32+00:00\",\"breadcrumb\":{\"@id\":\"https:\\\/\\\/www.bellunopress.it\\\/2019\\\/11\\\/12\\\/inalto-un-nuovo-rifugio-tra-le-dolomiti\\\/#breadcrumb\"},\"inLanguage\":\"fr-FR\",\"potentialAction\":[{\"@type\":\"ReadAction\",\"target\":[\"https:\\\/\\\/www.bellunopress.it\\\/2019\\\/11\\\/12\\\/inalto-un-nuovo-rifugio-tra-le-dolomiti\\\/\"]}]},{\"@type\":\"ImageObject\",\"inLanguage\":\"fr-FR\",\"@id\":\"https:\\\/\\\/www.bellunopress.it\\\/2019\\\/11\\\/12\\\/inalto-un-nuovo-rifugio-tra-le-dolomiti\\\/#primaryimage\",\"url\":\"http:\\\/\\\/www.bellunopress.it\\\/wp-content\\\/uploads\\\/2019\\\/11\\\/Col-Margherita.jpg\",\"contentUrl\":\"http:\\\/\\\/www.bellunopress.it\\\/wp-content\\\/uploads\\\/2019\\\/11\\\/Col-Margherita.jpg\"},{\"@type\":\"BreadcrumbList\",\"@id\":\"https:\\\/\\\/www.bellunopress.it\\\/2019\\\/11\\\/12\\\/inalto-un-nuovo-rifugio-tra-le-dolomiti\\\/#breadcrumb\",\"itemListElement\":[{\"@type\":\"ListItem\",\"position\":1,\"name\":\"Home\",\"item\":\"https:\\\/\\\/www.bellunopress.it\\\/\"},{\"@type\":\"ListItem\",\"position\":2,\"name\":\"InAlto, un nuovo rifugio tra le Dolomiti\"}]},{\"@type\":\"WebSite\",\"@id\":\"https:\\\/\\\/www.bellunopress.it\\\/#website\",\"url\":\"https:\\\/\\\/www.bellunopress.it\\\/\",\"name\":\"Bellunopress - Dolomiti\",\"description\":\"e-mail: redazione@bellunopress.it\",\"publisher\":{\"@id\":\"https:\\\/\\\/www.bellunopress.it\\\/#organization\"},\"potentialAction\":[{\"@type\":\"SearchAction\",\"target\":{\"@type\":\"EntryPoint\",\"urlTemplate\":\"https:\\\/\\\/www.bellunopress.it\\\/?s={search_term_string}\"},\"query-input\":{\"@type\":\"PropertyValueSpecification\",\"valueRequired\":true,\"valueName\":\"search_term_string\"}}],\"inLanguage\":\"fr-FR\"},{\"@type\":\"Organization\",\"@id\":\"https:\\\/\\\/www.bellunopress.it\\\/#organization\",\"name\":\"Bellunopress\",\"url\":\"https:\\\/\\\/www.bellunopress.it\\\/\",\"logo\":{\"@type\":\"ImageObject\",\"inLanguage\":\"fr-FR\",\"@id\":\"https:\\\/\\\/www.bellunopress.it\\\/#\\\/schema\\\/logo\\\/image\\\/\",\"url\":\"https:\\\/\\\/www.bellunopress.it\\\/wp-content\\\/uploads\\\/2011\\\/05\\\/cropped-logo-bellunopress-.jpg\",\"contentUrl\":\"https:\\\/\\\/www.bellunopress.it\\\/wp-content\\\/uploads\\\/2011\\\/05\\\/cropped-logo-bellunopress-.jpg\",\"width\":512,\"height\":512,\"caption\":\"Bellunopress\"},\"image\":{\"@id\":\"https:\\\/\\\/www.bellunopress.it\\\/#\\\/schema\\\/logo\\\/image\\\/\"},\"sameAs\":[\"https:\\\/\\\/www.facebook.com\\\/profile.php?id=100008943462799\",\"https:\\\/\\\/x.com\\\/bellunopress\",\"https:\\\/\\\/www.linkedin.com\\\/hp\\\/?dnr=JBzUWaJfMUw8vbXJJ2tVW5-I3jZKvC4wsoxE&amp;amp;amp;amp;amp;amp;trk=nav_responsive_tab_home\",\"https:\\\/\\\/www.youtube.com\\\/channel\\\/UCxL0wu1uN0_3_7hGG0306cw\"]},{\"@type\":\"Person\",\"@id\":\"https:\\\/\\\/www.bellunopress.it\\\/#\\\/schema\\\/person\\\/79bb06722b37ece1c03d3e94beb30d73\",\"name\":\"redazione\",\"image\":{\"@type\":\"ImageObject\",\"inLanguage\":\"fr-FR\",\"@id\":\"https:\\\/\\\/secure.gravatar.com\\\/avatar\\\/37d968a2e67a6fd04c169c4bdef102d0bc5d31b2546345219e348575eb80e9a0?s=96&d=mm&r=g\",\"url\":\"https:\\\/\\\/secure.gravatar.com\\\/avatar\\\/37d968a2e67a6fd04c169c4bdef102d0bc5d31b2546345219e348575eb80e9a0?s=96&d=mm&r=g\",\"contentUrl\":\"https:\\\/\\\/secure.gravatar.com\\\/avatar\\\/37d968a2e67a6fd04c169c4bdef102d0bc5d31b2546345219e348575eb80e9a0?s=96&d=mm&r=g\",\"caption\":\"redazione\"},\"sameAs\":[\"http:\\\/\\\/www.bellunopress.it\",\"https:\\\/\\\/x.com\\\/bellunopress\"],\"url\":\"https:\\\/\\\/www.bellunopress.it\\\/fr\\\/author\\\/redazione\\\/\"}]}<\/script>\n<!-- \/ Yoast SEO plugin. -->","yoast_head_json":{"title":"InAlto, un nuovo rifugio tra le Dolomiti - Bellunopress - Dolomiti","robots":{"index":"index","follow":"follow","max-snippet":"max-snippet:-1","max-image-preview":"max-image-preview:large","max-video-preview":"max-video-preview:-1"},"canonical":"https:\/\/www.bellunopress.it\/fr\/2019\/11\/12\/inalto-un-nuovo-rifugio-tra-le-dolomiti\/","og_locale":"fr_FR","og_type":"article","og_title":"InAlto, un nuovo rifugio tra le Dolomiti - Bellunopress - Dolomiti","og_description":"Si chiama InAlto il nuovo rifugio che dominer\u00e0 il Col Margherita, straordinaria terrazza naturale situata a quota 2.514 metri, a cavallo fra Trentino e Veneto nella Ski Area San Pellegrino. La location, adiacente alla stazione a monte della funivia, unisce vette incontaminate e proposte per chi cerca una sosta per un pranzo, un aperitivo o [&hellip;]","og_url":"https:\/\/www.bellunopress.it\/fr\/2019\/11\/12\/inalto-un-nuovo-rifugio-tra-le-dolomiti\/","og_site_name":"Bellunopress - Dolomiti","article_publisher":"https:\/\/www.facebook.com\/profile.php?id=100008943462799","article_published_time":"2019-11-12T11:21:32+00:00","og_image":[{"url":"http:\/\/www.bellunopress.it\/wp-content\/uploads\/2019\/11\/Col-Margherita.jpg","type":"","width":"","height":""}],"author":"redazione","twitter_card":"summary_large_image","twitter_creator":"@bellunopress","twitter_site":"@bellunopress","twitter_misc":{"\u00c9crit par":"redazione","Dur\u00e9e de lecture estim\u00e9e":"2 minutes"},"schema":{"@context":"https:\/\/schema.org","@graph":[{"@type":"Article","@id":"https:\/\/www.bellunopress.it\/2019\/11\/12\/inalto-un-nuovo-rifugio-tra-le-dolomiti\/#article","isPartOf":{"@id":"https:\/\/www.bellunopress.it\/2019\/11\/12\/inalto-un-nuovo-rifugio-tra-le-dolomiti\/"},"author":{"name":"redazione","@id":"https:\/\/www.bellunopress.it\/#\/schema\/person\/79bb06722b37ece1c03d3e94beb30d73"},"headline":"InAlto, un nuovo rifugio tra le Dolomiti","datePublished":"2019-11-12T11:21:32+00:00","mainEntityOfPage":{"@id":"https:\/\/www.bellunopress.it\/2019\/11\/12\/inalto-un-nuovo-rifugio-tra-le-dolomiti\/"},"wordCount":477,"publisher":{"@id":"https:\/\/www.bellunopress.it\/#organization"},"image":{"@id":"https:\/\/www.bellunopress.it\/2019\/11\/12\/inalto-un-nuovo-rifugio-tra-le-dolomiti\/#primaryimage"},"thumbnailUrl":"http:\/\/www.bellunopress.it\/wp-content\/uploads\/2019\/11\/Col-Margherita.jpg","articleSection":["Lettere Opinioni"],"inLanguage":"fr-FR"},{"@type":"WebPage","@id":"https:\/\/www.bellunopress.it\/2019\/11\/12\/inalto-un-nuovo-rifugio-tra-le-dolomiti\/","url":"https:\/\/www.bellunopress.it\/2019\/11\/12\/inalto-un-nuovo-rifugio-tra-le-dolomiti\/","name":"InAlto, un nuovo rifugio tra le Dolomiti - Bellunopress - Dolomiti","isPartOf":{"@id":"https:\/\/www.bellunopress.it\/#website"},"primaryImageOfPage":{"@id":"https:\/\/www.bellunopress.it\/2019\/11\/12\/inalto-un-nuovo-rifugio-tra-le-dolomiti\/#primaryimage"},"image":{"@id":"https:\/\/www.bellunopress.it\/2019\/11\/12\/inalto-un-nuovo-rifugio-tra-le-dolomiti\/#primaryimage"},"thumbnailUrl":"http:\/\/www.bellunopress.it\/wp-content\/uploads\/2019\/11\/Col-Margherita.jpg","datePublished":"2019-11-12T11:21:32+00:00","breadcrumb":{"@id":"https:\/\/www.bellunopress.it\/2019\/11\/12\/inalto-un-nuovo-rifugio-tra-le-dolomiti\/#breadcrumb"},"inLanguage":"fr-FR","potentialAction":[{"@type":"ReadAction","target":["https:\/\/www.bellunopress.it\/2019\/11\/12\/inalto-un-nuovo-rifugio-tra-le-dolomiti\/"]}]},{"@type":"ImageObject","inLanguage":"fr-FR","@id":"https:\/\/www.bellunopress.it\/2019\/11\/12\/inalto-un-nuovo-rifugio-tra-le-dolomiti\/#primaryimage","url":"http:\/\/www.bellunopress.it\/wp-content\/uploads\/2019\/11\/Col-Margherita.jpg","contentUrl":"http:\/\/www.bellunopress.it\/wp-content\/uploads\/2019\/11\/Col-Margherita.jpg"},{"@type":"BreadcrumbList","@id":"https:\/\/www.bellunopress.it\/2019\/11\/12\/inalto-un-nuovo-rifugio-tra-le-dolomiti\/#breadcrumb","itemListElement":[{"@type":"ListItem","position":1,"name":"Home","item":"https:\/\/www.bellunopress.it\/"},{"@type":"ListItem","position":2,"name":"InAlto, un nuovo rifugio tra le Dolomiti"}]},{"@type":"WebSite","@id":"https:\/\/www.bellunopress.it\/#website","url":"https:\/\/www.bellunopress.it\/","name":"Bellunopress - Dolomiti","description":"e-mail: redazione@bellunopress.it","publisher":{"@id":"https:\/\/www.bellunopress.it\/#organization"},"potentialAction":[{"@type":"SearchAction","target":{"@type":"EntryPoint","urlTemplate":"https:\/\/www.bellunopress.it\/?s={search_term_string}"},"query-input":{"@type":"PropertyValueSpecification","valueRequired":true,"valueName":"search_term_string"}}],"inLanguage":"fr-FR"},{"@type":"Organization","@id":"https:\/\/www.bellunopress.it\/#organization","name":"Bellunopress","url":"https:\/\/www.bellunopress.it\/","logo":{"@type":"ImageObject","inLanguage":"fr-FR","@id":"https:\/\/www.bellunopress.it\/#\/schema\/logo\/image\/","url":"https:\/\/www.bellunopress.it\/wp-content\/uploads\/2011\/05\/cropped-logo-bellunopress-.jpg","contentUrl":"https:\/\/www.bellunopress.it\/wp-content\/uploads\/2011\/05\/cropped-logo-bellunopress-.jpg","width":512,"height":512,"caption":"Bellunopress"},"image":{"@id":"https:\/\/www.bellunopress.it\/#\/schema\/logo\/image\/"},"sameAs":["https:\/\/www.facebook.com\/profile.php?id=100008943462799","https:\/\/x.com\/bellunopress","https:\/\/www.linkedin.com\/hp\/?dnr=JBzUWaJfMUw8vbXJJ2tVW5-I3jZKvC4wsoxE&amp;amp;amp;amp;amp;amp;trk=nav_responsive_tab_home","https:\/\/www.youtube.com\/channel\/UCxL0wu1uN0_3_7hGG0306cw"]},{"@type":"Person","@id":"https:\/\/www.bellunopress.it\/#\/schema\/person\/79bb06722b37ece1c03d3e94beb30d73","name":"r\u00e9daction","image":{"@type":"ImageObject","inLanguage":"fr-FR","@id":"https:\/\/secure.gravatar.com\/avatar\/37d968a2e67a6fd04c169c4bdef102d0bc5d31b2546345219e348575eb80e9a0?s=96&d=mm&r=g","url":"https:\/\/secure.gravatar.com\/avatar\/37d968a2e67a6fd04c169c4bdef102d0bc5d31b2546345219e348575eb80e9a0?s=96&d=mm&r=g","contentUrl":"https:\/\/secure.gravatar.com\/avatar\/37d968a2e67a6fd04c169c4bdef102d0bc5d31b2546345219e348575eb80e9a0?s=96&d=mm&r=g","caption":"redazione"},"sameAs":["http:\/\/www.bellunopress.it","https:\/\/x.com\/bellunopress"],"url":"https:\/\/www.bellunopress.it\/fr\/author\/redazione\/"}]}},"_links":{"self":[{"href":"https:\/\/www.bellunopress.it\/fr\/wp-json\/wp\/v2\/posts\/109488","targetHints":{"allow":["GET"]}}],"collection":[{"href":"https:\/\/www.bellunopress.it\/fr\/wp-json\/wp\/v2\/posts"}],"about":[{"href":"https:\/\/www.bellunopress.it\/fr\/wp-json\/wp\/v2\/types\/post"}],"author":[{"embeddable":true,"href":"https:\/\/www.bellunopress.it\/fr\/wp-json\/wp\/v2\/users\/2"}],"replies":[{"embeddable":true,"href":"https:\/\/www.bellunopress.it\/fr\/wp-json\/wp\/v2\/comments?post=109488"}],"version-history":[{"count":2,"href":"https:\/\/www.bellunopress.it\/fr\/wp-json\/wp\/v2\/posts\/109488\/revisions"}],"predecessor-version":[{"id":109491,"href":"https:\/\/www.bellunopress.it\/fr\/wp-json\/wp\/v2\/posts\/109488\/revisions\/109491"}],"wp:attachment":[{"href":"https:\/\/www.bellunopress.it\/fr\/wp-json\/wp\/v2\/media?parent=109488"}],"wp:term":[{"taxonomy":"category","embeddable":true,"href":"https:\/\/www.bellunopress.it\/fr\/wp-json\/wp\/v2\/categories?post=109488"},{"taxonomy":"post_tag","embeddable":true,"href":"https:\/\/www.bellunopress.it\/fr\/wp-json\/wp\/v2\/tags?post=109488"}],"curies":[{"name":"wp","href":"https:\/\/api.w.org\/{rel}","templated":true}]}}