{"id":109486,"date":"2019-11-11T21:00:06","date_gmt":"2019-11-11T20:00:06","guid":{"rendered":"http:\/\/www.bellunopress.it\/?p=109486"},"modified":"2019-11-11T21:00:06","modified_gmt":"2019-11-11T20:00:06","slug":"autonomia-de-menech-bene-legge-quadro-del-ministro-boccia-la-strada-e-quella-giusta-ora-senso-di-responsabilita-di-tutti","status":"publish","type":"post","link":"https:\/\/www.bellunopress.it\/fr\/2019\/11\/11\/autonomia-de-menech-bene-legge-quadro-del-ministro-boccia-la-strada-e-quella-giusta-ora-senso-di-responsabilita-di-tutti\/","title":{"rendered":"Autonomia. De Menech: &#8220;Bene legge quadro del ministro Boccia. La strada \u00e8 quella giusta. Ora senso di responsabilit\u00e0 di tutti&#8221;"},"content":{"rendered":"<figure id=\"attachment_102271\" aria-describedby=\"caption-attachment-102271\" style=\"width: 357px\" class=\"wp-caption alignleft\"><a href=\"http:\/\/www.bellunopress.it\/fr\/2019\/02\/21\/autonomia-il-ministro-stefani-risponde-alle-domande-di-de-menech-non-ce-alcuna-intesa-al-momento-solo-bozze-di-lavoro-autonomia-dovra-rispettare-articolo-81-della-costituzione\/roger-de-menech-357x250\/\" rel=\"attachment wp-att-102271\"><img loading=\"lazy\" decoding=\"async\" class=\"size-full wp-image-102271\" src=\"http:\/\/www.bellunopress.it\/wp-content\/uploads\/2019\/02\/roger-de-menech-357x250.jpg\" alt=\"\" width=\"357\" height=\"250\" \/><\/a><figcaption id=\"caption-attachment-102271\" class=\"wp-caption-text\">Roger De Menech<\/figcaption><\/figure>\n<p>Belluno, 11 Novembre 2019\u00a0 &#8211;\u00a0\u00a0\u00abNemmeno due mesi di lavoro e gi\u00e0 il ministro Francesco Boccia ha prodotto dei primi documenti che rendono concreta la strada dell&#8217;autonomia delle regioni. Credo sia un segnale positivo e, al di l\u00e0 delle impressioni, un passo avanti verso l&#8217;obiettivo\u00bb. Il deputato veneto Roger De Menech accoglie con soddisfazione il testo ufficiale della bozza della legge quadro sull&#8217;Autonomia che sar\u00e0 la base della discussione tra Stato e Regioni in vista dell&#8217;intesa.<\/p>\n<p>Il testo della legge quadro, riferisce De Menech, \u00absi fonda sull&#8217;architrave del principio di sussidiariet\u00e0 tra i territori, ma anche su un ruolo di maggiore protagonismo delle citt\u00e0 metropolitane e dei territori\u00bb.<\/p>\n<p>La bozza della legge quadro sottolinea che le intese tra lo Stato e le Regioni si conformano agli obiettivi e alle modalit\u00e0 di attuazione, per le materie oggetto di attribuzione, dei Livelli essenziali delle prestazioni (Lep), anche se in questa fase il finanziamento delle funzioni verr\u00e0 calcolato sulla base dei fabbisogni standard.<\/p>\n<p>Mercoled\u00ec, \u00abil ministro sar\u00e0 in audizione alla Camera in Conferenza per l&#8217;applicazione del federalismo fiscale e venerd\u00ec ci sar\u00e0 un altro confronto con le Regioni\u00bb, dice De Menech. \u00abOra mi appello al senso di responsabilit\u00e0 di tutti gli attori in gioco. Siamo in un momento forse decisivo per l&#8217;applicazione del Titolo V della Costituzione ed \u00e8 la prima volta che succede in 18 anni. Non vanifichiamo questa opportunit\u00e0\u00bb.<\/p>","protected":false},"excerpt":{"rendered":"<p>Belluno, 11 Novembre 2019\u00a0 &#8211;\u00a0\u00a0\u00abNemmeno due mesi di lavoro e gi\u00e0 il ministro Francesco Boccia ha prodotto dei primi documenti che rendono concreta la strada dell&#8217;autonomia delle regioni. Credo sia un segnale positivo e, al di l\u00e0 delle impressioni, un passo avanti verso l&#8217;obiettivo\u00bb. Il deputato veneto Roger De Menech accoglie con soddisfazione il testo [&hellip;]<\/p>\n","protected":false},"author":2,"featured_media":0,"comment_status":"closed","ping_status":"open","sticky":false,"template":"","format":"standard","meta":{"footnotes":""},"categories":[5,26],"tags":[],"class_list":["post-109486","post","type-post","status-publish","format-standard","category-cronaca","category-prima-pagina"],"yoast_head":"<!-- This site is optimized with the Yoast SEO plugin v28.4 - https:\/\/yoast.com\/product\/yoast-seo-wordpress\/ -->\n<title>Autonomia. De Menech: &quot;Bene legge quadro del ministro Boccia. La strada \u00e8 quella giusta. Ora senso di responsabilit\u00e0 di tutti&quot; - Bellunopress - Dolomiti<\/title>\n<meta name=\"robots\" content=\"index, follow, max-snippet:-1, max-image-preview:large, max-video-preview:-1\" \/>\n<link rel=\"canonical\" href=\"https:\/\/www.bellunopress.it\/fr\/2019\/11\/11\/autonomia-de-menech-bene-legge-quadro-del-ministro-boccia-la-strada-e-quella-giusta-ora-senso-di-responsabilita-di-tutti\/\" \/>\n<meta property=\"og:locale\" content=\"fr_FR\" \/>\n<meta property=\"og:type\" content=\"article\" \/>\n<meta property=\"og:title\" content=\"Autonomia. De Menech: &quot;Bene legge quadro del ministro Boccia. La strada \u00e8 quella giusta. Ora senso di responsabilit\u00e0 di tutti&quot; - Bellunopress - Dolomiti\" \/>\n<meta property=\"og:description\" content=\"Belluno, 11 Novembre 2019\u00a0 &#8211;\u00a0\u00a0\u00abNemmeno due mesi di lavoro e gi\u00e0 il ministro Francesco Boccia ha prodotto dei primi documenti che rendono concreta la strada dell&#8217;autonomia delle regioni. Credo sia un segnale positivo e, al di l\u00e0 delle impressioni, un passo avanti verso l&#8217;obiettivo\u00bb. Il deputato veneto Roger De Menech accoglie con soddisfazione il testo [&hellip;]\" \/>\n<meta property=\"og:url\" content=\"https:\/\/www.bellunopress.it\/fr\/2019\/11\/11\/autonomia-de-menech-bene-legge-quadro-del-ministro-boccia-la-strada-e-quella-giusta-ora-senso-di-responsabilita-di-tutti\/\" \/>\n<meta property=\"og:site_name\" content=\"Bellunopress - Dolomiti\" \/>\n<meta property=\"article:publisher\" content=\"https:\/\/www.facebook.com\/profile.php?id=100008943462799\" \/>\n<meta property=\"article:published_time\" content=\"2019-11-11T20:00:06+00:00\" \/>\n<meta property=\"og:image\" content=\"http:\/\/www.bellunopress.it\/wp-content\/uploads\/2019\/02\/roger-de-menech-357x250.jpg\" \/>\n<meta name=\"author\" content=\"redazione\" \/>\n<meta name=\"twitter:card\" content=\"summary_large_image\" \/>\n<meta name=\"twitter:creator\" content=\"@bellunopress\" \/>\n<meta name=\"twitter:site\" content=\"@bellunopress\" \/>\n<meta name=\"twitter:label1\" content=\"\u00c9crit par\" \/>\n\t<meta name=\"twitter:data1\" content=\"redazione\" \/>\n\t<meta name=\"twitter:label2\" content=\"Dur\u00e9e de lecture estim\u00e9e\" \/>\n\t<meta name=\"twitter:data2\" content=\"1 minute\" \/>\n<script type=\"application\/ld+json\" class=\"yoast-schema-graph\">{\"@context\":\"https:\\\/\\\/schema.org\",\"@graph\":[{\"@type\":\"Article\",\"@id\":\"https:\\\/\\\/www.bellunopress.it\\\/2019\\\/11\\\/11\\\/autonomia-de-menech-bene-legge-quadro-del-ministro-boccia-la-strada-e-quella-giusta-ora-senso-di-responsabilita-di-tutti\\\/#article\",\"isPartOf\":{\"@id\":\"https:\\\/\\\/www.bellunopress.it\\\/2019\\\/11\\\/11\\\/autonomia-de-menech-bene-legge-quadro-del-ministro-boccia-la-strada-e-quella-giusta-ora-senso-di-responsabilita-di-tutti\\\/\"},\"author\":{\"name\":\"redazione\",\"@id\":\"https:\\\/\\\/www.bellunopress.it\\\/#\\\/schema\\\/person\\\/79bb06722b37ece1c03d3e94beb30d73\"},\"headline\":\"Autonomia. De Menech: &#8220;Bene legge quadro del ministro Boccia. La strada \u00e8 quella giusta. Ora senso di responsabilit\u00e0 di tutti&#8221;\",\"datePublished\":\"2019-11-11T20:00:06+00:00\",\"mainEntityOfPage\":{\"@id\":\"https:\\\/\\\/www.bellunopress.it\\\/2019\\\/11\\\/11\\\/autonomia-de-menech-bene-legge-quadro-del-ministro-boccia-la-strada-e-quella-giusta-ora-senso-di-responsabilita-di-tutti\\\/\"},\"wordCount\":260,\"publisher\":{\"@id\":\"https:\\\/\\\/www.bellunopress.it\\\/#organization\"},\"image\":{\"@id\":\"https:\\\/\\\/www.bellunopress.it\\\/2019\\\/11\\\/11\\\/autonomia-de-menech-bene-legge-quadro-del-ministro-boccia-la-strada-e-quella-giusta-ora-senso-di-responsabilita-di-tutti\\\/#primaryimage\"},\"thumbnailUrl\":\"http:\\\/\\\/www.bellunopress.it\\\/wp-content\\\/uploads\\\/2019\\\/02\\\/roger-de-menech-357x250.jpg\",\"articleSection\":[\"Cronaca\\\/Politica\",\"Prima Pagina\"],\"inLanguage\":\"fr-FR\"},{\"@type\":\"WebPage\",\"@id\":\"https:\\\/\\\/www.bellunopress.it\\\/2019\\\/11\\\/11\\\/autonomia-de-menech-bene-legge-quadro-del-ministro-boccia-la-strada-e-quella-giusta-ora-senso-di-responsabilita-di-tutti\\\/\",\"url\":\"https:\\\/\\\/www.bellunopress.it\\\/2019\\\/11\\\/11\\\/autonomia-de-menech-bene-legge-quadro-del-ministro-boccia-la-strada-e-quella-giusta-ora-senso-di-responsabilita-di-tutti\\\/\",\"name\":\"Autonomia. De Menech: \\\"Bene legge quadro del ministro Boccia. La strada \u00e8 quella giusta. Ora senso di responsabilit\u00e0 di tutti\\\" - Bellunopress - Dolomiti\",\"isPartOf\":{\"@id\":\"https:\\\/\\\/www.bellunopress.it\\\/#website\"},\"primaryImageOfPage\":{\"@id\":\"https:\\\/\\\/www.bellunopress.it\\\/2019\\\/11\\\/11\\\/autonomia-de-menech-bene-legge-quadro-del-ministro-boccia-la-strada-e-quella-giusta-ora-senso-di-responsabilita-di-tutti\\\/#primaryimage\"},\"image\":{\"@id\":\"https:\\\/\\\/www.bellunopress.it\\\/2019\\\/11\\\/11\\\/autonomia-de-menech-bene-legge-quadro-del-ministro-boccia-la-strada-e-quella-giusta-ora-senso-di-responsabilita-di-tutti\\\/#primaryimage\"},\"thumbnailUrl\":\"http:\\\/\\\/www.bellunopress.it\\\/wp-content\\\/uploads\\\/2019\\\/02\\\/roger-de-menech-357x250.jpg\",\"datePublished\":\"2019-11-11T20:00:06+00:00\",\"breadcrumb\":{\"@id\":\"https:\\\/\\\/www.bellunopress.it\\\/2019\\\/11\\\/11\\\/autonomia-de-menech-bene-legge-quadro-del-ministro-boccia-la-strada-e-quella-giusta-ora-senso-di-responsabilita-di-tutti\\\/#breadcrumb\"},\"inLanguage\":\"fr-FR\",\"potentialAction\":[{\"@type\":\"ReadAction\",\"target\":[\"https:\\\/\\\/www.bellunopress.it\\\/2019\\\/11\\\/11\\\/autonomia-de-menech-bene-legge-quadro-del-ministro-boccia-la-strada-e-quella-giusta-ora-senso-di-responsabilita-di-tutti\\\/\"]}]},{\"@type\":\"ImageObject\",\"inLanguage\":\"fr-FR\",\"@id\":\"https:\\\/\\\/www.bellunopress.it\\\/2019\\\/11\\\/11\\\/autonomia-de-menech-bene-legge-quadro-del-ministro-boccia-la-strada-e-quella-giusta-ora-senso-di-responsabilita-di-tutti\\\/#primaryimage\",\"url\":\"http:\\\/\\\/www.bellunopress.it\\\/wp-content\\\/uploads\\\/2019\\\/02\\\/roger-de-menech-357x250.jpg\",\"contentUrl\":\"http:\\\/\\\/www.bellunopress.it\\\/wp-content\\\/uploads\\\/2019\\\/02\\\/roger-de-menech-357x250.jpg\"},{\"@type\":\"BreadcrumbList\",\"@id\":\"https:\\\/\\\/www.bellunopress.it\\\/2019\\\/11\\\/11\\\/autonomia-de-menech-bene-legge-quadro-del-ministro-boccia-la-strada-e-quella-giusta-ora-senso-di-responsabilita-di-tutti\\\/#breadcrumb\",\"itemListElement\":[{\"@type\":\"ListItem\",\"position\":1,\"name\":\"Home\",\"item\":\"https:\\\/\\\/www.bellunopress.it\\\/\"},{\"@type\":\"ListItem\",\"position\":2,\"name\":\"Autonomia. De Menech: &#8220;Bene legge quadro del ministro Boccia. La strada \u00e8 quella giusta. Ora senso di responsabilit\u00e0 di tutti&#8221;\"}]},{\"@type\":\"WebSite\",\"@id\":\"https:\\\/\\\/www.bellunopress.it\\\/#website\",\"url\":\"https:\\\/\\\/www.bellunopress.it\\\/\",\"name\":\"Bellunopress - Dolomiti\",\"description\":\"e-mail: redazione@bellunopress.it\",\"publisher\":{\"@id\":\"https:\\\/\\\/www.bellunopress.it\\\/#organization\"},\"potentialAction\":[{\"@type\":\"SearchAction\",\"target\":{\"@type\":\"EntryPoint\",\"urlTemplate\":\"https:\\\/\\\/www.bellunopress.it\\\/?s={search_term_string}\"},\"query-input\":{\"@type\":\"PropertyValueSpecification\",\"valueRequired\":true,\"valueName\":\"search_term_string\"}}],\"inLanguage\":\"fr-FR\"},{\"@type\":\"Organization\",\"@id\":\"https:\\\/\\\/www.bellunopress.it\\\/#organization\",\"name\":\"Bellunopress\",\"url\":\"https:\\\/\\\/www.bellunopress.it\\\/\",\"logo\":{\"@type\":\"ImageObject\",\"inLanguage\":\"fr-FR\",\"@id\":\"https:\\\/\\\/www.bellunopress.it\\\/#\\\/schema\\\/logo\\\/image\\\/\",\"url\":\"https:\\\/\\\/www.bellunopress.it\\\/wp-content\\\/uploads\\\/2011\\\/05\\\/cropped-logo-bellunopress-.jpg\",\"contentUrl\":\"https:\\\/\\\/www.bellunopress.it\\\/wp-content\\\/uploads\\\/2011\\\/05\\\/cropped-logo-bellunopress-.jpg\",\"width\":512,\"height\":512,\"caption\":\"Bellunopress\"},\"image\":{\"@id\":\"https:\\\/\\\/www.bellunopress.it\\\/#\\\/schema\\\/logo\\\/image\\\/\"},\"sameAs\":[\"https:\\\/\\\/www.facebook.com\\\/profile.php?id=100008943462799\",\"https:\\\/\\\/x.com\\\/bellunopress\",\"https:\\\/\\\/www.linkedin.com\\\/hp\\\/?dnr=JBzUWaJfMUw8vbXJJ2tVW5-I3jZKvC4wsoxE&amp;amp;amp;amp;amp;amp;trk=nav_responsive_tab_home\",\"https:\\\/\\\/www.youtube.com\\\/channel\\\/UCxL0wu1uN0_3_7hGG0306cw\"]},{\"@type\":\"Person\",\"@id\":\"https:\\\/\\\/www.bellunopress.it\\\/#\\\/schema\\\/person\\\/79bb06722b37ece1c03d3e94beb30d73\",\"name\":\"redazione\",\"image\":{\"@type\":\"ImageObject\",\"inLanguage\":\"fr-FR\",\"@id\":\"https:\\\/\\\/secure.gravatar.com\\\/avatar\\\/37d968a2e67a6fd04c169c4bdef102d0bc5d31b2546345219e348575eb80e9a0?s=96&d=mm&r=g\",\"url\":\"https:\\\/\\\/secure.gravatar.com\\\/avatar\\\/37d968a2e67a6fd04c169c4bdef102d0bc5d31b2546345219e348575eb80e9a0?s=96&d=mm&r=g\",\"contentUrl\":\"https:\\\/\\\/secure.gravatar.com\\\/avatar\\\/37d968a2e67a6fd04c169c4bdef102d0bc5d31b2546345219e348575eb80e9a0?s=96&d=mm&r=g\",\"caption\":\"redazione\"},\"sameAs\":[\"http:\\\/\\\/www.bellunopress.it\",\"https:\\\/\\\/x.com\\\/bellunopress\"],\"url\":\"https:\\\/\\\/www.bellunopress.it\\\/fr\\\/author\\\/redazione\\\/\"}]}<\/script>\n<!-- \/ Yoast SEO plugin. -->","yoast_head_json":{"title":"Autonomia. De Menech: \"Bene legge quadro del ministro Boccia. La strada \u00e8 quella giusta. Ora senso di responsabilit\u00e0 di tutti\" - Bellunopress - Dolomiti","robots":{"index":"index","follow":"follow","max-snippet":"max-snippet:-1","max-image-preview":"max-image-preview:large","max-video-preview":"max-video-preview:-1"},"canonical":"https:\/\/www.bellunopress.it\/fr\/2019\/11\/11\/autonomia-de-menech-bene-legge-quadro-del-ministro-boccia-la-strada-e-quella-giusta-ora-senso-di-responsabilita-di-tutti\/","og_locale":"fr_FR","og_type":"article","og_title":"Autonomia. De Menech: \"Bene legge quadro del ministro Boccia. La strada \u00e8 quella giusta. Ora senso di responsabilit\u00e0 di tutti\" - Bellunopress - Dolomiti","og_description":"Belluno, 11 Novembre 2019\u00a0 &#8211;\u00a0\u00a0\u00abNemmeno due mesi di lavoro e gi\u00e0 il ministro Francesco Boccia ha prodotto dei primi documenti che rendono concreta la strada dell&#8217;autonomia delle regioni. Credo sia un segnale positivo e, al di l\u00e0 delle impressioni, un passo avanti verso l&#8217;obiettivo\u00bb. Il deputato veneto Roger De Menech accoglie con soddisfazione il testo [&hellip;]","og_url":"https:\/\/www.bellunopress.it\/fr\/2019\/11\/11\/autonomia-de-menech-bene-legge-quadro-del-ministro-boccia-la-strada-e-quella-giusta-ora-senso-di-responsabilita-di-tutti\/","og_site_name":"Bellunopress - Dolomiti","article_publisher":"https:\/\/www.facebook.com\/profile.php?id=100008943462799","article_published_time":"2019-11-11T20:00:06+00:00","og_image":[{"url":"http:\/\/www.bellunopress.it\/wp-content\/uploads\/2019\/02\/roger-de-menech-357x250.jpg","type":"","width":"","height":""}],"author":"redazione","twitter_card":"summary_large_image","twitter_creator":"@bellunopress","twitter_site":"@bellunopress","twitter_misc":{"\u00c9crit par":"redazione","Dur\u00e9e de lecture estim\u00e9e":"1 minute"},"schema":{"@context":"https:\/\/schema.org","@graph":[{"@type":"Article","@id":"https:\/\/www.bellunopress.it\/2019\/11\/11\/autonomia-de-menech-bene-legge-quadro-del-ministro-boccia-la-strada-e-quella-giusta-ora-senso-di-responsabilita-di-tutti\/#article","isPartOf":{"@id":"https:\/\/www.bellunopress.it\/2019\/11\/11\/autonomia-de-menech-bene-legge-quadro-del-ministro-boccia-la-strada-e-quella-giusta-ora-senso-di-responsabilita-di-tutti\/"},"author":{"name":"redazione","@id":"https:\/\/www.bellunopress.it\/#\/schema\/person\/79bb06722b37ece1c03d3e94beb30d73"},"headline":"Autonomia. De Menech: &#8220;Bene legge quadro del ministro Boccia. La strada \u00e8 quella giusta. Ora senso di responsabilit\u00e0 di tutti&#8221;","datePublished":"2019-11-11T20:00:06+00:00","mainEntityOfPage":{"@id":"https:\/\/www.bellunopress.it\/2019\/11\/11\/autonomia-de-menech-bene-legge-quadro-del-ministro-boccia-la-strada-e-quella-giusta-ora-senso-di-responsabilita-di-tutti\/"},"wordCount":260,"publisher":{"@id":"https:\/\/www.bellunopress.it\/#organization"},"image":{"@id":"https:\/\/www.bellunopress.it\/2019\/11\/11\/autonomia-de-menech-bene-legge-quadro-del-ministro-boccia-la-strada-e-quella-giusta-ora-senso-di-responsabilita-di-tutti\/#primaryimage"},"thumbnailUrl":"http:\/\/www.bellunopress.it\/wp-content\/uploads\/2019\/02\/roger-de-menech-357x250.jpg","articleSection":["Cronaca\/Politica","Prima Pagina"],"inLanguage":"fr-FR"},{"@type":"WebPage","@id":"https:\/\/www.bellunopress.it\/2019\/11\/11\/autonomia-de-menech-bene-legge-quadro-del-ministro-boccia-la-strada-e-quella-giusta-ora-senso-di-responsabilita-di-tutti\/","url":"https:\/\/www.bellunopress.it\/2019\/11\/11\/autonomia-de-menech-bene-legge-quadro-del-ministro-boccia-la-strada-e-quella-giusta-ora-senso-di-responsabilita-di-tutti\/","name":"Autonomia. De Menech: \"Bene legge quadro del ministro Boccia. La strada \u00e8 quella giusta. Ora senso di responsabilit\u00e0 di tutti\" - Bellunopress - Dolomiti","isPartOf":{"@id":"https:\/\/www.bellunopress.it\/#website"},"primaryImageOfPage":{"@id":"https:\/\/www.bellunopress.it\/2019\/11\/11\/autonomia-de-menech-bene-legge-quadro-del-ministro-boccia-la-strada-e-quella-giusta-ora-senso-di-responsabilita-di-tutti\/#primaryimage"},"image":{"@id":"https:\/\/www.bellunopress.it\/2019\/11\/11\/autonomia-de-menech-bene-legge-quadro-del-ministro-boccia-la-strada-e-quella-giusta-ora-senso-di-responsabilita-di-tutti\/#primaryimage"},"thumbnailUrl":"http:\/\/www.bellunopress.it\/wp-content\/uploads\/2019\/02\/roger-de-menech-357x250.jpg","datePublished":"2019-11-11T20:00:06+00:00","breadcrumb":{"@id":"https:\/\/www.bellunopress.it\/2019\/11\/11\/autonomia-de-menech-bene-legge-quadro-del-ministro-boccia-la-strada-e-quella-giusta-ora-senso-di-responsabilita-di-tutti\/#breadcrumb"},"inLanguage":"fr-FR","potentialAction":[{"@type":"ReadAction","target":["https:\/\/www.bellunopress.it\/2019\/11\/11\/autonomia-de-menech-bene-legge-quadro-del-ministro-boccia-la-strada-e-quella-giusta-ora-senso-di-responsabilita-di-tutti\/"]}]},{"@type":"ImageObject","inLanguage":"fr-FR","@id":"https:\/\/www.bellunopress.it\/2019\/11\/11\/autonomia-de-menech-bene-legge-quadro-del-ministro-boccia-la-strada-e-quella-giusta-ora-senso-di-responsabilita-di-tutti\/#primaryimage","url":"http:\/\/www.bellunopress.it\/wp-content\/uploads\/2019\/02\/roger-de-menech-357x250.jpg","contentUrl":"http:\/\/www.bellunopress.it\/wp-content\/uploads\/2019\/02\/roger-de-menech-357x250.jpg"},{"@type":"BreadcrumbList","@id":"https:\/\/www.bellunopress.it\/2019\/11\/11\/autonomia-de-menech-bene-legge-quadro-del-ministro-boccia-la-strada-e-quella-giusta-ora-senso-di-responsabilita-di-tutti\/#breadcrumb","itemListElement":[{"@type":"ListItem","position":1,"name":"Home","item":"https:\/\/www.bellunopress.it\/"},{"@type":"ListItem","position":2,"name":"Autonomia. De Menech: &#8220;Bene legge quadro del ministro Boccia. La strada \u00e8 quella giusta. Ora senso di responsabilit\u00e0 di tutti&#8221;"}]},{"@type":"WebSite","@id":"https:\/\/www.bellunopress.it\/#website","url":"https:\/\/www.bellunopress.it\/","name":"Bellunopress - Dolomiti","description":"e-mail: redazione@bellunopress.it","publisher":{"@id":"https:\/\/www.bellunopress.it\/#organization"},"potentialAction":[{"@type":"SearchAction","target":{"@type":"EntryPoint","urlTemplate":"https:\/\/www.bellunopress.it\/?s={search_term_string}"},"query-input":{"@type":"PropertyValueSpecification","valueRequired":true,"valueName":"search_term_string"}}],"inLanguage":"fr-FR"},{"@type":"Organization","@id":"https:\/\/www.bellunopress.it\/#organization","name":"Bellunopress","url":"https:\/\/www.bellunopress.it\/","logo":{"@type":"ImageObject","inLanguage":"fr-FR","@id":"https:\/\/www.bellunopress.it\/#\/schema\/logo\/image\/","url":"https:\/\/www.bellunopress.it\/wp-content\/uploads\/2011\/05\/cropped-logo-bellunopress-.jpg","contentUrl":"https:\/\/www.bellunopress.it\/wp-content\/uploads\/2011\/05\/cropped-logo-bellunopress-.jpg","width":512,"height":512,"caption":"Bellunopress"},"image":{"@id":"https:\/\/www.bellunopress.it\/#\/schema\/logo\/image\/"},"sameAs":["https:\/\/www.facebook.com\/profile.php?id=100008943462799","https:\/\/x.com\/bellunopress","https:\/\/www.linkedin.com\/hp\/?dnr=JBzUWaJfMUw8vbXJJ2tVW5-I3jZKvC4wsoxE&amp;amp;amp;amp;amp;amp;trk=nav_responsive_tab_home","https:\/\/www.youtube.com\/channel\/UCxL0wu1uN0_3_7hGG0306cw"]},{"@type":"Person","@id":"https:\/\/www.bellunopress.it\/#\/schema\/person\/79bb06722b37ece1c03d3e94beb30d73","name":"r\u00e9daction","image":{"@type":"ImageObject","inLanguage":"fr-FR","@id":"https:\/\/secure.gravatar.com\/avatar\/37d968a2e67a6fd04c169c4bdef102d0bc5d31b2546345219e348575eb80e9a0?s=96&d=mm&r=g","url":"https:\/\/secure.gravatar.com\/avatar\/37d968a2e67a6fd04c169c4bdef102d0bc5d31b2546345219e348575eb80e9a0?s=96&d=mm&r=g","contentUrl":"https:\/\/secure.gravatar.com\/avatar\/37d968a2e67a6fd04c169c4bdef102d0bc5d31b2546345219e348575eb80e9a0?s=96&d=mm&r=g","caption":"redazione"},"sameAs":["http:\/\/www.bellunopress.it","https:\/\/x.com\/bellunopress"],"url":"https:\/\/www.bellunopress.it\/fr\/author\/redazione\/"}]}},"_links":{"self":[{"href":"https:\/\/www.bellunopress.it\/fr\/wp-json\/wp\/v2\/posts\/109486","targetHints":{"allow":["GET"]}}],"collection":[{"href":"https:\/\/www.bellunopress.it\/fr\/wp-json\/wp\/v2\/posts"}],"about":[{"href":"https:\/\/www.bellunopress.it\/fr\/wp-json\/wp\/v2\/types\/post"}],"author":[{"embeddable":true,"href":"https:\/\/www.bellunopress.it\/fr\/wp-json\/wp\/v2\/users\/2"}],"replies":[{"embeddable":true,"href":"https:\/\/www.bellunopress.it\/fr\/wp-json\/wp\/v2\/comments?post=109486"}],"version-history":[{"count":1,"href":"https:\/\/www.bellunopress.it\/fr\/wp-json\/wp\/v2\/posts\/109486\/revisions"}],"predecessor-version":[{"id":109487,"href":"https:\/\/www.bellunopress.it\/fr\/wp-json\/wp\/v2\/posts\/109486\/revisions\/109487"}],"wp:attachment":[{"href":"https:\/\/www.bellunopress.it\/fr\/wp-json\/wp\/v2\/media?parent=109486"}],"wp:term":[{"taxonomy":"category","embeddable":true,"href":"https:\/\/www.bellunopress.it\/fr\/wp-json\/wp\/v2\/categories?post=109486"},{"taxonomy":"post_tag","embeddable":true,"href":"https:\/\/www.bellunopress.it\/fr\/wp-json\/wp\/v2\/tags?post=109486"}],"curies":[{"name":"wp","href":"https:\/\/api.w.org\/{rel}","templated":true}]}}