{"id":109481,"date":"2019-11-11T20:18:14","date_gmt":"2019-11-11T19:18:14","guid":{"rendered":"http:\/\/www.bellunopress.it\/?p=109481"},"modified":"2019-11-11T20:18:14","modified_gmt":"2019-11-11T19:18:14","slug":"feltre-area-altanon-lunedi-18-novembre-apre-il-cantiere-con-precedenza-alla-rotatoria-lungo-viale-piave-e-ai-nuovi-parcheggi","status":"publish","type":"post","link":"https:\/\/www.bellunopress.it\/fr\/2019\/11\/11\/feltre-area-altanon-lunedi-18-novembre-apre-il-cantiere-con-precedenza-alla-rotatoria-lungo-viale-piave-e-ai-nuovi-parcheggi\/","title":{"rendered":"Feltre, area \u201cAltanon\u201d: luned\u00ec 18 novembre apre il cantiere, con precedenza alla rotatoria lungo viale Piave e ai nuovi parcheggi"},"content":{"rendered":"<p>Feltre, 11 novembre 2019 &#8211; Ora c\u2019\u00e8 anche la data ufficiale: luned\u00ec 18 novembre prenderanno il via i lavori presso l\u2019area dell\u2019Altanon, per quello che rappresenta &#8211; come noto &#8211; l\u2019ultimo stralcio di interventi per la sistemazione definitiva dell\u2019area.<\/p>\n<figure id=\"attachment_42091\" aria-describedby=\"caption-attachment-42091\" style=\"width: 200px\" class=\"wp-caption alignleft\"><a href=\"http:\/\/www.bellunopress.it\/fr\/2012\/09\/17\/mercoledi-sera-riapre-il-teatro-comunale-con-la-rassegna-sguardi-la-terza-edizione-della-festavetrina-del-teatro-contemporaneo-veneto-il-programma-completo-degli-spettacoli\/paolo_perenzin\/\" rel=\"attachment wp-att-42091\"><img loading=\"lazy\" decoding=\"async\" class=\"size-full wp-image-42091\" src=\"http:\/\/www.bellunopress.it\/wp-content\/uploads\/2012\/09\/Paolo_Perenzin.jpg\" alt=\"\" width=\"200\" height=\"208\" \/><\/a><figcaption id=\"caption-attachment-42091\" class=\"wp-caption-text\">Paolo Perenzin &#8211; sindaco di Feltre<\/figcaption><\/figure>\n<p>\u201cLa notizia ci \u00e8 arrivata in queste ore dalla propriet\u00e0, dopo che sono stati definiti gli ultimi dettagli tecnici per programmare nella maniera pi\u00f9 opportuna possibile il cantiere\u201d, commenta il sindaco di Feltre Paolo Perenzin, a margine della seduta di giunta che oggi ha dato il via libera definitivo all\u2019intervento dell\u2019impresa sul suolo pubblico. \u201cCon la propriet\u00e0, che fa capo alla famiglia Paterno, &#8211; continua Perenzin &#8211; in questi anni abbiamo avuto un confronto a tratti vivace, nell\u2019interesse primario della citt\u00e0, per riuscire ad ottimizzare per quanto possibile l\u2019impatto dell\u2019intervento sul suo tessuto urbanistico e commerciale\u201d.<\/p>\n<p>Con l\u2019avvio del cantiere che dovr\u00e0 porre fine alla pluridecennale questione legata a quell\u2019area, \u00e8 stato definito anche il cronoprogramma, stilato di concerto tra la propriet\u00e0 e gli uffici comunali. \u201cE\u2019 stato concordato, aggiunge Perenzin, che i primi interventi inerenti le opere di ristoro pubblico riguarderanno la nuova rotatoria lungo viale Piave (nella zona del condominio \u201cAl parco\u201d) e la realizzazione dei nuovi parcheggi per le auto nell\u2019area a nord dell\u2019attuale supermercato. Si tratta di lavori che, al di l\u00e0 di qualche inevitabile disagio in fase di realizzazione, porteranno ben presto significative migliorie alla viabilit\u00e0, e non solo, in quella zona nevralgica della citt\u00e0. Si sta avviando a conclusione la lunga vicenda dell\u2019Altanon: la citt\u00e0 potr\u00e0 disporre di un\u2019area completamente riqualificata e dotata di alcuni servizi pubblici fondamentali (uno per tutti la nuova stazione delle autocorriere), mentre la rimodulazione dei volumi edificati, garantir\u00e0 un impatto equilibrato anche in termini urbanistici\u201d. conclude Perenzin.<\/p>\n<p>\u201cEsprimo massima soddisfazione per l\u2019avvio del cantiere dell\u2019Altanon, dove andremo a realizzare interventi che coniugano la nostra iniziativa imprenditoriale privata con gli interventi pubblici a favore della collettivit\u00e0, sia sul piano viabilistico che dei servizi. Il cantiere, che aprir\u00e0 i battenti il prossimo 18 novembre, vedr\u00e0 impegnati operai e tecnici (circa 80 persone a regime) per la realizzazione di lavori del valore complessivo di circa 10 milioni di euro. Il nostro obiettivo, se tutto filer\u00e0 alla perfezione &#8211; \u00e8 concludere tutti i lavori entro il Natale del prossimo anno, anche se \u2013 considerando le variabili legate al meteo e ad altri imprevisti &#8211; \u00e8 pi\u00f9 verosimile pensare ad una conclusione per la primavera del 2021\u201d, commenta il patron del Gruppo Paterno, proprietario dell\u2019area, Domiziano Paterno.<\/p>","protected":false},"excerpt":{"rendered":"<p>Feltre, 11 novembre 2019 &#8211; Ora c\u2019\u00e8 anche la data ufficiale: luned\u00ec 18 novembre prenderanno il via i lavori presso l\u2019area dell\u2019Altanon, per quello che rappresenta &#8211; come noto &#8211; l\u2019ultimo stralcio di interventi per la sistemazione definitiva dell\u2019area. \u201cLa notizia ci \u00e8 arrivata in queste ore dalla propriet\u00e0, dopo che sono stati definiti gli [&hellip;]<\/p>\n","protected":false},"author":2,"featured_media":0,"comment_status":"closed","ping_status":"open","sticky":false,"template":"","format":"standard","meta":{"footnotes":""},"categories":[5,26],"tags":[],"class_list":["post-109481","post","type-post","status-publish","format-standard","category-cronaca","category-prima-pagina"],"yoast_head":"<!-- This site is optimized with the Yoast SEO plugin v28.4 - https:\/\/yoast.com\/product\/yoast-seo-wordpress\/ -->\n<title>Feltre, area \u201cAltanon\u201d: luned\u00ec 18 novembre apre il cantiere, con precedenza alla rotatoria lungo viale Piave e ai nuovi parcheggi - Bellunopress - Dolomiti<\/title>\n<meta name=\"robots\" content=\"index, follow, max-snippet:-1, max-image-preview:large, max-video-preview:-1\" \/>\n<link rel=\"canonical\" href=\"https:\/\/www.bellunopress.it\/fr\/2019\/11\/11\/feltre-area-altanon-lunedi-18-novembre-apre-il-cantiere-con-precedenza-alla-rotatoria-lungo-viale-piave-e-ai-nuovi-parcheggi\/\" \/>\n<meta property=\"og:locale\" content=\"fr_FR\" \/>\n<meta property=\"og:type\" content=\"article\" \/>\n<meta property=\"og:title\" content=\"Feltre, area \u201cAltanon\u201d: luned\u00ec 18 novembre apre il cantiere, con precedenza alla rotatoria lungo viale Piave e ai nuovi parcheggi - Bellunopress - Dolomiti\" \/>\n<meta property=\"og:description\" content=\"Feltre, 11 novembre 2019 &#8211; Ora c\u2019\u00e8 anche la data ufficiale: luned\u00ec 18 novembre prenderanno il via i lavori presso l\u2019area dell\u2019Altanon, per quello che rappresenta &#8211; come noto &#8211; l\u2019ultimo stralcio di interventi per la sistemazione definitiva dell\u2019area. \u201cLa notizia ci \u00e8 arrivata in queste ore dalla propriet\u00e0, dopo che sono stati definiti gli [&hellip;]\" \/>\n<meta property=\"og:url\" content=\"https:\/\/www.bellunopress.it\/fr\/2019\/11\/11\/feltre-area-altanon-lunedi-18-novembre-apre-il-cantiere-con-precedenza-alla-rotatoria-lungo-viale-piave-e-ai-nuovi-parcheggi\/\" \/>\n<meta property=\"og:site_name\" content=\"Bellunopress - Dolomiti\" \/>\n<meta property=\"article:publisher\" content=\"https:\/\/www.facebook.com\/profile.php?id=100008943462799\" \/>\n<meta property=\"article:published_time\" content=\"2019-11-11T19:18:14+00:00\" \/>\n<meta property=\"og:image\" content=\"http:\/\/www.bellunopress.it\/wp-content\/uploads\/2012\/09\/Paolo_Perenzin.jpg\" \/>\n<meta name=\"author\" content=\"redazione\" \/>\n<meta name=\"twitter:card\" content=\"summary_large_image\" \/>\n<meta name=\"twitter:creator\" content=\"@bellunopress\" \/>\n<meta name=\"twitter:site\" content=\"@bellunopress\" \/>\n<meta name=\"twitter:label1\" content=\"Written by\" \/>\n\t<meta name=\"twitter:data1\" content=\"redazione\" \/>\n\t<meta name=\"twitter:label2\" content=\"Est. reading time\" \/>\n\t<meta name=\"twitter:data2\" content=\"2 minutes\" \/>\n<script type=\"application\/ld+json\" class=\"yoast-schema-graph\">{\"@context\":\"https:\\\/\\\/schema.org\",\"@graph\":[{\"@type\":\"Article\",\"@id\":\"https:\\\/\\\/www.bellunopress.it\\\/2019\\\/11\\\/11\\\/feltre-area-altanon-lunedi-18-novembre-apre-il-cantiere-con-precedenza-alla-rotatoria-lungo-viale-piave-e-ai-nuovi-parcheggi\\\/#article\",\"isPartOf\":{\"@id\":\"https:\\\/\\\/www.bellunopress.it\\\/2019\\\/11\\\/11\\\/feltre-area-altanon-lunedi-18-novembre-apre-il-cantiere-con-precedenza-alla-rotatoria-lungo-viale-piave-e-ai-nuovi-parcheggi\\\/\"},\"author\":{\"name\":\"redazione\",\"@id\":\"https:\\\/\\\/www.bellunopress.it\\\/#\\\/schema\\\/person\\\/79bb06722b37ece1c03d3e94beb30d73\"},\"headline\":\"Feltre, area \u201cAltanon\u201d: luned\u00ec 18 novembre apre il cantiere, con precedenza alla rotatoria lungo viale Piave e ai nuovi parcheggi\",\"datePublished\":\"2019-11-11T19:18:14+00:00\",\"mainEntityOfPage\":{\"@id\":\"https:\\\/\\\/www.bellunopress.it\\\/2019\\\/11\\\/11\\\/feltre-area-altanon-lunedi-18-novembre-apre-il-cantiere-con-precedenza-alla-rotatoria-lungo-viale-piave-e-ai-nuovi-parcheggi\\\/\"},\"wordCount\":450,\"publisher\":{\"@id\":\"https:\\\/\\\/www.bellunopress.it\\\/#organization\"},\"image\":{\"@id\":\"https:\\\/\\\/www.bellunopress.it\\\/2019\\\/11\\\/11\\\/feltre-area-altanon-lunedi-18-novembre-apre-il-cantiere-con-precedenza-alla-rotatoria-lungo-viale-piave-e-ai-nuovi-parcheggi\\\/#primaryimage\"},\"thumbnailUrl\":\"http:\\\/\\\/www.bellunopress.it\\\/wp-content\\\/uploads\\\/2012\\\/09\\\/Paolo_Perenzin.jpg\",\"articleSection\":[\"Cronaca\\\/Politica\",\"Prima Pagina\"],\"inLanguage\":\"fr-FR\"},{\"@type\":\"WebPage\",\"@id\":\"https:\\\/\\\/www.bellunopress.it\\\/2019\\\/11\\\/11\\\/feltre-area-altanon-lunedi-18-novembre-apre-il-cantiere-con-precedenza-alla-rotatoria-lungo-viale-piave-e-ai-nuovi-parcheggi\\\/\",\"url\":\"https:\\\/\\\/www.bellunopress.it\\\/2019\\\/11\\\/11\\\/feltre-area-altanon-lunedi-18-novembre-apre-il-cantiere-con-precedenza-alla-rotatoria-lungo-viale-piave-e-ai-nuovi-parcheggi\\\/\",\"name\":\"Feltre, area \u201cAltanon\u201d: luned\u00ec 18 novembre apre il cantiere, con precedenza alla rotatoria lungo viale Piave e ai nuovi parcheggi - Bellunopress - Dolomiti\",\"isPartOf\":{\"@id\":\"https:\\\/\\\/www.bellunopress.it\\\/#website\"},\"primaryImageOfPage\":{\"@id\":\"https:\\\/\\\/www.bellunopress.it\\\/2019\\\/11\\\/11\\\/feltre-area-altanon-lunedi-18-novembre-apre-il-cantiere-con-precedenza-alla-rotatoria-lungo-viale-piave-e-ai-nuovi-parcheggi\\\/#primaryimage\"},\"image\":{\"@id\":\"https:\\\/\\\/www.bellunopress.it\\\/2019\\\/11\\\/11\\\/feltre-area-altanon-lunedi-18-novembre-apre-il-cantiere-con-precedenza-alla-rotatoria-lungo-viale-piave-e-ai-nuovi-parcheggi\\\/#primaryimage\"},\"thumbnailUrl\":\"http:\\\/\\\/www.bellunopress.it\\\/wp-content\\\/uploads\\\/2012\\\/09\\\/Paolo_Perenzin.jpg\",\"datePublished\":\"2019-11-11T19:18:14+00:00\",\"breadcrumb\":{\"@id\":\"https:\\\/\\\/www.bellunopress.it\\\/2019\\\/11\\\/11\\\/feltre-area-altanon-lunedi-18-novembre-apre-il-cantiere-con-precedenza-alla-rotatoria-lungo-viale-piave-e-ai-nuovi-parcheggi\\\/#breadcrumb\"},\"inLanguage\":\"fr-FR\",\"potentialAction\":[{\"@type\":\"ReadAction\",\"target\":[\"https:\\\/\\\/www.bellunopress.it\\\/2019\\\/11\\\/11\\\/feltre-area-altanon-lunedi-18-novembre-apre-il-cantiere-con-precedenza-alla-rotatoria-lungo-viale-piave-e-ai-nuovi-parcheggi\\\/\"]}]},{\"@type\":\"ImageObject\",\"inLanguage\":\"fr-FR\",\"@id\":\"https:\\\/\\\/www.bellunopress.it\\\/2019\\\/11\\\/11\\\/feltre-area-altanon-lunedi-18-novembre-apre-il-cantiere-con-precedenza-alla-rotatoria-lungo-viale-piave-e-ai-nuovi-parcheggi\\\/#primaryimage\",\"url\":\"http:\\\/\\\/www.bellunopress.it\\\/wp-content\\\/uploads\\\/2012\\\/09\\\/Paolo_Perenzin.jpg\",\"contentUrl\":\"http:\\\/\\\/www.bellunopress.it\\\/wp-content\\\/uploads\\\/2012\\\/09\\\/Paolo_Perenzin.jpg\"},{\"@type\":\"BreadcrumbList\",\"@id\":\"https:\\\/\\\/www.bellunopress.it\\\/2019\\\/11\\\/11\\\/feltre-area-altanon-lunedi-18-novembre-apre-il-cantiere-con-precedenza-alla-rotatoria-lungo-viale-piave-e-ai-nuovi-parcheggi\\\/#breadcrumb\",\"itemListElement\":[{\"@type\":\"ListItem\",\"position\":1,\"name\":\"Home\",\"item\":\"https:\\\/\\\/www.bellunopress.it\\\/\"},{\"@type\":\"ListItem\",\"position\":2,\"name\":\"Feltre, area \u201cAltanon\u201d: luned\u00ec 18 novembre apre il cantiere, con precedenza alla rotatoria lungo viale Piave e ai nuovi parcheggi\"}]},{\"@type\":\"WebSite\",\"@id\":\"https:\\\/\\\/www.bellunopress.it\\\/#website\",\"url\":\"https:\\\/\\\/www.bellunopress.it\\\/\",\"name\":\"Bellunopress - Dolomiti\",\"description\":\"e-mail: redazione@bellunopress.it\",\"publisher\":{\"@id\":\"https:\\\/\\\/www.bellunopress.it\\\/#organization\"},\"potentialAction\":[{\"@type\":\"SearchAction\",\"target\":{\"@type\":\"EntryPoint\",\"urlTemplate\":\"https:\\\/\\\/www.bellunopress.it\\\/?s={search_term_string}\"},\"query-input\":{\"@type\":\"PropertyValueSpecification\",\"valueRequired\":true,\"valueName\":\"search_term_string\"}}],\"inLanguage\":\"fr-FR\"},{\"@type\":\"Organization\",\"@id\":\"https:\\\/\\\/www.bellunopress.it\\\/#organization\",\"name\":\"Bellunopress\",\"url\":\"https:\\\/\\\/www.bellunopress.it\\\/\",\"logo\":{\"@type\":\"ImageObject\",\"inLanguage\":\"fr-FR\",\"@id\":\"https:\\\/\\\/www.bellunopress.it\\\/#\\\/schema\\\/logo\\\/image\\\/\",\"url\":\"https:\\\/\\\/www.bellunopress.it\\\/wp-content\\\/uploads\\\/2011\\\/05\\\/cropped-logo-bellunopress-.jpg\",\"contentUrl\":\"https:\\\/\\\/www.bellunopress.it\\\/wp-content\\\/uploads\\\/2011\\\/05\\\/cropped-logo-bellunopress-.jpg\",\"width\":512,\"height\":512,\"caption\":\"Bellunopress\"},\"image\":{\"@id\":\"https:\\\/\\\/www.bellunopress.it\\\/#\\\/schema\\\/logo\\\/image\\\/\"},\"sameAs\":[\"https:\\\/\\\/www.facebook.com\\\/profile.php?id=100008943462799\",\"https:\\\/\\\/x.com\\\/bellunopress\",\"https:\\\/\\\/www.linkedin.com\\\/hp\\\/?dnr=JBzUWaJfMUw8vbXJJ2tVW5-I3jZKvC4wsoxE&amp;amp;amp;amp;amp;amp;trk=nav_responsive_tab_home\",\"https:\\\/\\\/www.youtube.com\\\/channel\\\/UCxL0wu1uN0_3_7hGG0306cw\"]},{\"@type\":\"Person\",\"@id\":\"https:\\\/\\\/www.bellunopress.it\\\/#\\\/schema\\\/person\\\/79bb06722b37ece1c03d3e94beb30d73\",\"name\":\"redazione\",\"image\":{\"@type\":\"ImageObject\",\"inLanguage\":\"fr-FR\",\"@id\":\"https:\\\/\\\/secure.gravatar.com\\\/avatar\\\/37d968a2e67a6fd04c169c4bdef102d0bc5d31b2546345219e348575eb80e9a0?s=96&d=mm&r=g\",\"url\":\"https:\\\/\\\/secure.gravatar.com\\\/avatar\\\/37d968a2e67a6fd04c169c4bdef102d0bc5d31b2546345219e348575eb80e9a0?s=96&d=mm&r=g\",\"contentUrl\":\"https:\\\/\\\/secure.gravatar.com\\\/avatar\\\/37d968a2e67a6fd04c169c4bdef102d0bc5d31b2546345219e348575eb80e9a0?s=96&d=mm&r=g\",\"caption\":\"redazione\"},\"sameAs\":[\"http:\\\/\\\/www.bellunopress.it\",\"https:\\\/\\\/x.com\\\/bellunopress\"],\"url\":\"https:\\\/\\\/www.bellunopress.it\\\/fr\\\/author\\\/redazione\\\/\"}]}<\/script>\n<!-- \/ Yoast SEO plugin. -->","yoast_head_json":{"title":"Feltre, area \u201cAltanon\u201d: luned\u00ec 18 novembre apre il cantiere, con precedenza alla rotatoria lungo viale Piave e ai nuovi parcheggi - Bellunopress - Dolomiti","robots":{"index":"index","follow":"follow","max-snippet":"max-snippet:-1","max-image-preview":"max-image-preview:large","max-video-preview":"max-video-preview:-1"},"canonical":"https:\/\/www.bellunopress.it\/fr\/2019\/11\/11\/feltre-area-altanon-lunedi-18-novembre-apre-il-cantiere-con-precedenza-alla-rotatoria-lungo-viale-piave-e-ai-nuovi-parcheggi\/","og_locale":"fr_FR","og_type":"article","og_title":"Feltre, area \u201cAltanon\u201d: luned\u00ec 18 novembre apre il cantiere, con precedenza alla rotatoria lungo viale Piave e ai nuovi parcheggi - Bellunopress - Dolomiti","og_description":"Feltre, 11 novembre 2019 &#8211; Ora c\u2019\u00e8 anche la data ufficiale: luned\u00ec 18 novembre prenderanno il via i lavori presso l\u2019area dell\u2019Altanon, per quello che rappresenta &#8211; come noto &#8211; l\u2019ultimo stralcio di interventi per la sistemazione definitiva dell\u2019area. \u201cLa notizia ci \u00e8 arrivata in queste ore dalla propriet\u00e0, dopo che sono stati definiti gli [&hellip;]","og_url":"https:\/\/www.bellunopress.it\/fr\/2019\/11\/11\/feltre-area-altanon-lunedi-18-novembre-apre-il-cantiere-con-precedenza-alla-rotatoria-lungo-viale-piave-e-ai-nuovi-parcheggi\/","og_site_name":"Bellunopress - Dolomiti","article_publisher":"https:\/\/www.facebook.com\/profile.php?id=100008943462799","article_published_time":"2019-11-11T19:18:14+00:00","og_image":[{"url":"http:\/\/www.bellunopress.it\/wp-content\/uploads\/2012\/09\/Paolo_Perenzin.jpg","type":"","width":"","height":""}],"author":"redazione","twitter_card":"summary_large_image","twitter_creator":"@bellunopress","twitter_site":"@bellunopress","twitter_misc":{"Written by":"redazione","Est. reading time":"2 minutes"},"schema":{"@context":"https:\/\/schema.org","@graph":[{"@type":"Article","@id":"https:\/\/www.bellunopress.it\/2019\/11\/11\/feltre-area-altanon-lunedi-18-novembre-apre-il-cantiere-con-precedenza-alla-rotatoria-lungo-viale-piave-e-ai-nuovi-parcheggi\/#article","isPartOf":{"@id":"https:\/\/www.bellunopress.it\/2019\/11\/11\/feltre-area-altanon-lunedi-18-novembre-apre-il-cantiere-con-precedenza-alla-rotatoria-lungo-viale-piave-e-ai-nuovi-parcheggi\/"},"author":{"name":"redazione","@id":"https:\/\/www.bellunopress.it\/#\/schema\/person\/79bb06722b37ece1c03d3e94beb30d73"},"headline":"Feltre, area \u201cAltanon\u201d: luned\u00ec 18 novembre apre il cantiere, con precedenza alla rotatoria lungo viale Piave e ai nuovi parcheggi","datePublished":"2019-11-11T19:18:14+00:00","mainEntityOfPage":{"@id":"https:\/\/www.bellunopress.it\/2019\/11\/11\/feltre-area-altanon-lunedi-18-novembre-apre-il-cantiere-con-precedenza-alla-rotatoria-lungo-viale-piave-e-ai-nuovi-parcheggi\/"},"wordCount":450,"publisher":{"@id":"https:\/\/www.bellunopress.it\/#organization"},"image":{"@id":"https:\/\/www.bellunopress.it\/2019\/11\/11\/feltre-area-altanon-lunedi-18-novembre-apre-il-cantiere-con-precedenza-alla-rotatoria-lungo-viale-piave-e-ai-nuovi-parcheggi\/#primaryimage"},"thumbnailUrl":"http:\/\/www.bellunopress.it\/wp-content\/uploads\/2012\/09\/Paolo_Perenzin.jpg","articleSection":["Cronaca\/Politica","Prima Pagina"],"inLanguage":"fr-FR"},{"@type":"WebPage","@id":"https:\/\/www.bellunopress.it\/2019\/11\/11\/feltre-area-altanon-lunedi-18-novembre-apre-il-cantiere-con-precedenza-alla-rotatoria-lungo-viale-piave-e-ai-nuovi-parcheggi\/","url":"https:\/\/www.bellunopress.it\/2019\/11\/11\/feltre-area-altanon-lunedi-18-novembre-apre-il-cantiere-con-precedenza-alla-rotatoria-lungo-viale-piave-e-ai-nuovi-parcheggi\/","name":"Feltre, area \u201cAltanon\u201d: luned\u00ec 18 novembre apre il cantiere, con precedenza alla rotatoria lungo viale Piave e ai nuovi parcheggi - Bellunopress - Dolomiti","isPartOf":{"@id":"https:\/\/www.bellunopress.it\/#website"},"primaryImageOfPage":{"@id":"https:\/\/www.bellunopress.it\/2019\/11\/11\/feltre-area-altanon-lunedi-18-novembre-apre-il-cantiere-con-precedenza-alla-rotatoria-lungo-viale-piave-e-ai-nuovi-parcheggi\/#primaryimage"},"image":{"@id":"https:\/\/www.bellunopress.it\/2019\/11\/11\/feltre-area-altanon-lunedi-18-novembre-apre-il-cantiere-con-precedenza-alla-rotatoria-lungo-viale-piave-e-ai-nuovi-parcheggi\/#primaryimage"},"thumbnailUrl":"http:\/\/www.bellunopress.it\/wp-content\/uploads\/2012\/09\/Paolo_Perenzin.jpg","datePublished":"2019-11-11T19:18:14+00:00","breadcrumb":{"@id":"https:\/\/www.bellunopress.it\/2019\/11\/11\/feltre-area-altanon-lunedi-18-novembre-apre-il-cantiere-con-precedenza-alla-rotatoria-lungo-viale-piave-e-ai-nuovi-parcheggi\/#breadcrumb"},"inLanguage":"fr-FR","potentialAction":[{"@type":"ReadAction","target":["https:\/\/www.bellunopress.it\/2019\/11\/11\/feltre-area-altanon-lunedi-18-novembre-apre-il-cantiere-con-precedenza-alla-rotatoria-lungo-viale-piave-e-ai-nuovi-parcheggi\/"]}]},{"@type":"ImageObject","inLanguage":"fr-FR","@id":"https:\/\/www.bellunopress.it\/2019\/11\/11\/feltre-area-altanon-lunedi-18-novembre-apre-il-cantiere-con-precedenza-alla-rotatoria-lungo-viale-piave-e-ai-nuovi-parcheggi\/#primaryimage","url":"http:\/\/www.bellunopress.it\/wp-content\/uploads\/2012\/09\/Paolo_Perenzin.jpg","contentUrl":"http:\/\/www.bellunopress.it\/wp-content\/uploads\/2012\/09\/Paolo_Perenzin.jpg"},{"@type":"BreadcrumbList","@id":"https:\/\/www.bellunopress.it\/2019\/11\/11\/feltre-area-altanon-lunedi-18-novembre-apre-il-cantiere-con-precedenza-alla-rotatoria-lungo-viale-piave-e-ai-nuovi-parcheggi\/#breadcrumb","itemListElement":[{"@type":"ListItem","position":1,"name":"Home","item":"https:\/\/www.bellunopress.it\/"},{"@type":"ListItem","position":2,"name":"Feltre, area \u201cAltanon\u201d: luned\u00ec 18 novembre apre il cantiere, con precedenza alla rotatoria lungo viale Piave e ai nuovi parcheggi"}]},{"@type":"WebSite","@id":"https:\/\/www.bellunopress.it\/#website","url":"https:\/\/www.bellunopress.it\/","name":"Bellunopress - Dolomiti","description":"e-mail: redazione@bellunopress.it","publisher":{"@id":"https:\/\/www.bellunopress.it\/#organization"},"potentialAction":[{"@type":"SearchAction","target":{"@type":"EntryPoint","urlTemplate":"https:\/\/www.bellunopress.it\/?s={search_term_string}"},"query-input":{"@type":"PropertyValueSpecification","valueRequired":true,"valueName":"search_term_string"}}],"inLanguage":"fr-FR"},{"@type":"Organization","@id":"https:\/\/www.bellunopress.it\/#organization","name":"Bellunopress","url":"https:\/\/www.bellunopress.it\/","logo":{"@type":"ImageObject","inLanguage":"fr-FR","@id":"https:\/\/www.bellunopress.it\/#\/schema\/logo\/image\/","url":"https:\/\/www.bellunopress.it\/wp-content\/uploads\/2011\/05\/cropped-logo-bellunopress-.jpg","contentUrl":"https:\/\/www.bellunopress.it\/wp-content\/uploads\/2011\/05\/cropped-logo-bellunopress-.jpg","width":512,"height":512,"caption":"Bellunopress"},"image":{"@id":"https:\/\/www.bellunopress.it\/#\/schema\/logo\/image\/"},"sameAs":["https:\/\/www.facebook.com\/profile.php?id=100008943462799","https:\/\/x.com\/bellunopress","https:\/\/www.linkedin.com\/hp\/?dnr=JBzUWaJfMUw8vbXJJ2tVW5-I3jZKvC4wsoxE&amp;amp;amp;amp;amp;amp;trk=nav_responsive_tab_home","https:\/\/www.youtube.com\/channel\/UCxL0wu1uN0_3_7hGG0306cw"]},{"@type":"Person","@id":"https:\/\/www.bellunopress.it\/#\/schema\/person\/79bb06722b37ece1c03d3e94beb30d73","name":"r\u00e9daction","image":{"@type":"ImageObject","inLanguage":"fr-FR","@id":"https:\/\/secure.gravatar.com\/avatar\/37d968a2e67a6fd04c169c4bdef102d0bc5d31b2546345219e348575eb80e9a0?s=96&d=mm&r=g","url":"https:\/\/secure.gravatar.com\/avatar\/37d968a2e67a6fd04c169c4bdef102d0bc5d31b2546345219e348575eb80e9a0?s=96&d=mm&r=g","contentUrl":"https:\/\/secure.gravatar.com\/avatar\/37d968a2e67a6fd04c169c4bdef102d0bc5d31b2546345219e348575eb80e9a0?s=96&d=mm&r=g","caption":"redazione"},"sameAs":["http:\/\/www.bellunopress.it","https:\/\/x.com\/bellunopress"],"url":"https:\/\/www.bellunopress.it\/fr\/author\/redazione\/"}]}},"_links":{"self":[{"href":"https:\/\/www.bellunopress.it\/fr\/wp-json\/wp\/v2\/posts\/109481","targetHints":{"allow":["GET"]}}],"collection":[{"href":"https:\/\/www.bellunopress.it\/fr\/wp-json\/wp\/v2\/posts"}],"about":[{"href":"https:\/\/www.bellunopress.it\/fr\/wp-json\/wp\/v2\/types\/post"}],"author":[{"embeddable":true,"href":"https:\/\/www.bellunopress.it\/fr\/wp-json\/wp\/v2\/users\/2"}],"replies":[{"embeddable":true,"href":"https:\/\/www.bellunopress.it\/fr\/wp-json\/wp\/v2\/comments?post=109481"}],"version-history":[{"count":1,"href":"https:\/\/www.bellunopress.it\/fr\/wp-json\/wp\/v2\/posts\/109481\/revisions"}],"predecessor-version":[{"id":109482,"href":"https:\/\/www.bellunopress.it\/fr\/wp-json\/wp\/v2\/posts\/109481\/revisions\/109482"}],"wp:attachment":[{"href":"https:\/\/www.bellunopress.it\/fr\/wp-json\/wp\/v2\/media?parent=109481"}],"wp:term":[{"taxonomy":"category","embeddable":true,"href":"https:\/\/www.bellunopress.it\/fr\/wp-json\/wp\/v2\/categories?post=109481"},{"taxonomy":"post_tag","embeddable":true,"href":"https:\/\/www.bellunopress.it\/fr\/wp-json\/wp\/v2\/tags?post=109481"}],"curies":[{"name":"wp","href":"https:\/\/api.w.org\/{rel}","templated":true}]}}