{"id":109470,"date":"2019-10-25T10:56:12","date_gmt":"2019-10-25T08:56:12","guid":{"rendered":"http:\/\/www.bellunopress.it\/?p=109470"},"modified":"2019-11-11T19:11:30","modified_gmt":"2019-11-11T18:11:30","slug":"109470","status":"publish","type":"post","link":"https:\/\/www.bellunopress.it\/fr\/2019\/10\/25\/109470\/","title":{"rendered":"Turismo: le previsioni per i prossimi mesi. Dati incoraggianti, alberghi aperti anche ad ottobre"},"content":{"rendered":"<p lang=\"fr-FR\" align=\"LEFT\"><span style=\"font-family: Calibri, sans-serif;\"><b>I dati incoraggianti delle presenze turistiche di quest\u2019estate<\/b><\/span><\/p>\n<p align=\"LEFT\"><span style=\"font-family: Calibri, sans-serif;\"><span lang=\"fr-FR\">I primi bilanci sull\u2019afflusso di turisti che <\/span><\/span><span style=\"color: #000000;\"><span style=\"font-family: Tahoma, sans-serif;\"><span style=\"font-size: small;\"><span lang=\"fr-FR\">nella stagione estiva da poco conclusa hanno frequentato la provincia di <\/span><\/span><\/span><\/span><span style=\"color: #000080;\"><u><a href=\"http:\/\/www.provincia.belluno.it\/nqcontent.cfm?a_id=1\"><span style=\"font-family: Calibri, sans-serif;\"><span lang=\"fr-FR\">Belluno<\/span><\/span><\/a><\/u><\/span><span style=\"font-family: Calibri, sans-serif;\"><span lang=\"fr-FR\">, sono piuttosto incoraggianti. Alla preoccupazione seguita alle cifre dei primi di agosto, che facevano pensare a un certo calo delle presenze di turisti, si contrappongono in queste ultime settimane i segnali pi\u00f9 positivi di una stagione che ancora pu\u00f2 riservare pi\u00f9 di una nota positiva. <\/span><\/span><\/p>\n<p lang=\"fr-FR\" align=\"LEFT\"><span style=\"font-family: Calibri, sans-serif;\">Grazie agli stranieri, infatti, presenti in modo pi\u00f9 numeroso quest\u2019estate rispetto agli anni scorsi, i numeri danno un leggero aumento delle presenze in tutto il bellunese, con punte di maggiori presenze nelle localit\u00e0 pi\u00f9 famose: Cortina, Auronzo e anche Falcade guidano la speciale classifica dell\u2019incremento delle presenze nella provincia di Belluno. <\/span><\/p>\n<p lang=\"fr-FR\" align=\"LEFT\"><span style=\"font-family: Calibri, sans-serif;\"><b>Alberghi aperti anche a ottobre<\/b><\/span><\/p>\n<p lang=\"fr-FR\" align=\"LEFT\"><span style=\"font-family: Calibri, sans-serif;\">Presenze che potrebbero ancora crescere, visto che buona parte degli albergatori a Cortina, Arabba e in altri centri turistici hanno ancora numerose prenotazioni, tanto da annunciare che rimarranno aperti fino a tutto il mese di ottobre.<\/span><\/p>\n<figure id=\"attachment_109471\" aria-describedby=\"caption-attachment-109471\" style=\"width: 300px\" class=\"wp-caption alignleft\"><a href=\"http:\/\/www.bellunopress.it\/fr\/2019\/10\/25\/109470\/cortina-8\/\" rel=\"attachment wp-att-109471\"><img loading=\"lazy\" decoding=\"async\" class=\"size-full wp-image-109471\" src=\"http:\/\/www.bellunopress.it\/wp-content\/uploads\/2019\/11\/cortina.jpg\" alt=\"\" width=\"300\" height=\"225\" \/><\/a><figcaption id=\"caption-attachment-109471\" class=\"wp-caption-text\">Cortina d&#8217;Ampezzo<\/figcaption><\/figure>\n<p align=\"LEFT\"><span style=\"font-family: Calibri, sans-serif;\"><span lang=\"fr-FR\">Nonostante il tempo incerto dell\u2019agosto scorso quindi, il bilancio della stagione pu\u00f2 dirsi positivo. Il gran numero di turisti stranieri che ha ripreso a frequentare i centri bellunesi del turismo, sempre stando ai dati sin qui raccolti, fa ben sperare anche per la stagione prossima. Se a marzo o aprile prossimi vedremo confermare le prenotazioni, che come ogni anno arrivano numerose dai <\/span><\/span><span style=\"color: #000080;\"><u><a href=\"https:\/\/eviivo.com\/it\/prodotti\/\"><span style=\"font-family: Calibri, sans-serif;\"><span lang=\"fr-FR\">sistemi di gestione<\/span><\/span><\/a><\/u><\/span><span style=\"font-family: Calibri, sans-serif;\"><span lang=\"fr-FR\"> di prenotazioni online, anche nei circuiti internazionali, allora ci sar\u00e0 da sperare in un\u2019estate 2020 ancora pi\u00f9 ricca di presenze, con benefici per tutto il settore turistico del territorio.<\/span><\/span><\/p>\n<p lang=\"fr-FR\" align=\"LEFT\"><span style=\"font-family: Calibri, sans-serif;\">Il commento del presidente Federalberghi, Walter De Cassan, \u00e8 pi\u00f9 che confortante: i turisti non si sono lasciati intimorire dalle previsioni meteo che indicavano spesso brutto tempo, salvo poi venire smentite da giornate all\u2019insegna del sole. E cos\u00ec \u00e8 accaduto anche che sui passi dolomitici si verificasse di nuovo la mancanza di parcheggi disponibili, a causa delle tante presenze che affollavano le valli delle dolomiti bellunesi.<\/span><\/p>\n<p lang=\"fr-FR\" align=\"LEFT\"><span style=\"font-family: Calibri, sans-serif;\"><b>Le previsioni per i prossimi mesi<\/b><\/span><\/p>\n<p lang=\"fr-FR\" align=\"LEFT\"><span style=\"font-family: Calibri, sans-serif;\">Anche Roberta Alver\u00e0 dell\u2019Associazione Albergatori esprime una certa soddisfazione per le cifre finora confermate delle presenze in aumento quest\u2019estate: c\u2019\u00e8 quindi da ben sperare anche per il prossimo inverno, che grazie al richiamo olimpico potrebbe segnare una stagione all\u2019insegna del tutto esaurito, con presenze da record.<\/span><\/p>\n<p lang=\"fr-FR\" align=\"LEFT\"><span style=\"font-family: Calibri, sans-serif;\">Nelle prossime settimane ci si attende il consueto afflusso di turisti tedeschi, che amano venire nel bellunese in moto, e visitare il territorio in piena libert\u00e0, approfittando del minore affollamento dovuto alla stagione relativamente bassa. <\/span><\/p>\n<p align=\"LEFT\"><span style=\"font-family: Calibri, sans-serif;\"><span lang=\"fr-FR\">Cos\u00ec ci si prepara ad accogliere ancora molti visitatori nei centri pi\u00f9 noti delle Dolomiti, anche grazie all\u2019aumento del <\/span><\/span><span style=\"color: #000080;\"><u><a href=\"http:\/\/www.cicloturismo.com\/\"><span style=\"font-family: Calibri, sans-serif;\"><span lang=\"fr-FR\">cicloturismo<\/span><\/span><\/a><\/u><\/span><span style=\"font-family: Calibri, sans-serif;\"><span lang=\"fr-FR\"> su tutto il territorio nazionale, e quindi anche nel bellunese, ricco di destinazioni da sempre tra le pi\u00f9 apprezzate d\u2019Italia. Cortina, Auronzo, Misurina e tante altre localit\u00e0 bellunesi sono infatti ancora tra le mete preferite di milioni di turisti italiani e stranieri, e il bilancio delle presenze di quest\u2019estate ne \u00e8 la conferma.<\/span><\/span><\/p>","protected":false},"excerpt":{"rendered":"<p>I dati incoraggianti delle presenze turistiche di quest\u2019estate I primi bilanci sull\u2019afflusso di turisti che nella stagione estiva da poco conclusa hanno frequentato la provincia di Belluno, sono piuttosto incoraggianti. Alla preoccupazione seguita alle cifre dei primi di agosto, che facevano pensare a un certo calo delle presenze di turisti, si contrappongono in queste ultime [&hellip;]<\/p>\n","protected":false},"author":2,"featured_media":0,"comment_status":"closed","ping_status":"open","sticky":false,"template":"","format":"standard","meta":{"footnotes":""},"categories":[36,4],"tags":[],"class_list":["post-109470","post","type-post","status-publish","format-standard","category-lavoro-economia","category-sport"],"yoast_head":"<!-- This site is optimized with the Yoast SEO plugin v28.4 - https:\/\/yoast.com\/product\/yoast-seo-wordpress\/ -->\n<title>Turismo: le previsioni per i prossimi mesi. Dati incoraggianti, alberghi aperti anche ad ottobre - Bellunopress - Dolomiti<\/title>\n<meta name=\"robots\" content=\"index, follow, max-snippet:-1, max-image-preview:large, max-video-preview:-1\" \/>\n<link rel=\"canonical\" href=\"https:\/\/www.bellunopress.it\/fr\/2019\/10\/25\/109470\/\" \/>\n<meta property=\"og:locale\" content=\"fr_FR\" \/>\n<meta property=\"og:type\" content=\"article\" \/>\n<meta property=\"og:title\" content=\"Turismo: le previsioni per i prossimi mesi. Dati incoraggianti, alberghi aperti anche ad ottobre - Bellunopress - Dolomiti\" \/>\n<meta property=\"og:description\" content=\"I dati incoraggianti delle presenze turistiche di quest\u2019estate I primi bilanci sull\u2019afflusso di turisti che nella stagione estiva da poco conclusa hanno frequentato la provincia di Belluno, sono piuttosto incoraggianti. Alla preoccupazione seguita alle cifre dei primi di agosto, che facevano pensare a un certo calo delle presenze di turisti, si contrappongono in queste ultime [&hellip;]\" \/>\n<meta property=\"og:url\" content=\"https:\/\/www.bellunopress.it\/fr\/2019\/10\/25\/109470\/\" \/>\n<meta property=\"og:site_name\" content=\"Bellunopress - Dolomiti\" \/>\n<meta property=\"article:publisher\" content=\"https:\/\/www.facebook.com\/profile.php?id=100008943462799\" \/>\n<meta property=\"article:published_time\" content=\"2019-10-25T08:56:12+00:00\" \/>\n<meta property=\"article:modified_time\" content=\"2019-11-11T18:11:30+00:00\" \/>\n<meta property=\"og:image\" content=\"http:\/\/www.bellunopress.it\/wp-content\/uploads\/2019\/11\/cortina.jpg\" \/>\n<meta name=\"author\" content=\"redazione\" \/>\n<meta name=\"twitter:card\" content=\"summary_large_image\" \/>\n<meta name=\"twitter:creator\" content=\"@bellunopress\" \/>\n<meta name=\"twitter:site\" content=\"@bellunopress\" \/>\n<meta name=\"twitter:label1\" content=\"\u00c9crit par\" \/>\n\t<meta name=\"twitter:data1\" content=\"redazione\" \/>\n\t<meta name=\"twitter:label2\" content=\"Dur\u00e9e de lecture estim\u00e9e\" \/>\n\t<meta name=\"twitter:data2\" content=\"3 minutes\" \/>\n<script type=\"application\/ld+json\" class=\"yoast-schema-graph\">{\"@context\":\"https:\\\/\\\/schema.org\",\"@graph\":[{\"@type\":\"Article\",\"@id\":\"https:\\\/\\\/www.bellunopress.it\\\/2019\\\/10\\\/25\\\/109470\\\/#article\",\"isPartOf\":{\"@id\":\"https:\\\/\\\/www.bellunopress.it\\\/2019\\\/10\\\/25\\\/109470\\\/\"},\"author\":{\"name\":\"redazione\",\"@id\":\"https:\\\/\\\/www.bellunopress.it\\\/#\\\/schema\\\/person\\\/79bb06722b37ece1c03d3e94beb30d73\"},\"headline\":\"Turismo: le previsioni per i prossimi mesi. Dati incoraggianti, alberghi aperti anche ad ottobre\",\"datePublished\":\"2019-10-25T08:56:12+00:00\",\"dateModified\":\"2019-11-11T18:11:30+00:00\",\"mainEntityOfPage\":{\"@id\":\"https:\\\/\\\/www.bellunopress.it\\\/2019\\\/10\\\/25\\\/109470\\\/\"},\"wordCount\":517,\"publisher\":{\"@id\":\"https:\\\/\\\/www.bellunopress.it\\\/#organization\"},\"image\":{\"@id\":\"https:\\\/\\\/www.bellunopress.it\\\/2019\\\/10\\\/25\\\/109470\\\/#primaryimage\"},\"thumbnailUrl\":\"http:\\\/\\\/www.bellunopress.it\\\/wp-content\\\/uploads\\\/2019\\\/11\\\/cortina.jpg\",\"articleSection\":[\"Lavoro, Economia, Turismo\",\"Sport, tempo libero\"],\"inLanguage\":\"fr-FR\"},{\"@type\":\"WebPage\",\"@id\":\"https:\\\/\\\/www.bellunopress.it\\\/2019\\\/10\\\/25\\\/109470\\\/\",\"url\":\"https:\\\/\\\/www.bellunopress.it\\\/2019\\\/10\\\/25\\\/109470\\\/\",\"name\":\"Turismo: le previsioni per i prossimi mesi. Dati incoraggianti, alberghi aperti anche ad ottobre - Bellunopress - Dolomiti\",\"isPartOf\":{\"@id\":\"https:\\\/\\\/www.bellunopress.it\\\/#website\"},\"primaryImageOfPage\":{\"@id\":\"https:\\\/\\\/www.bellunopress.it\\\/2019\\\/10\\\/25\\\/109470\\\/#primaryimage\"},\"image\":{\"@id\":\"https:\\\/\\\/www.bellunopress.it\\\/2019\\\/10\\\/25\\\/109470\\\/#primaryimage\"},\"thumbnailUrl\":\"http:\\\/\\\/www.bellunopress.it\\\/wp-content\\\/uploads\\\/2019\\\/11\\\/cortina.jpg\",\"datePublished\":\"2019-10-25T08:56:12+00:00\",\"dateModified\":\"2019-11-11T18:11:30+00:00\",\"breadcrumb\":{\"@id\":\"https:\\\/\\\/www.bellunopress.it\\\/2019\\\/10\\\/25\\\/109470\\\/#breadcrumb\"},\"inLanguage\":\"fr-FR\",\"potentialAction\":[{\"@type\":\"ReadAction\",\"target\":[\"https:\\\/\\\/www.bellunopress.it\\\/2019\\\/10\\\/25\\\/109470\\\/\"]}]},{\"@type\":\"ImageObject\",\"inLanguage\":\"fr-FR\",\"@id\":\"https:\\\/\\\/www.bellunopress.it\\\/2019\\\/10\\\/25\\\/109470\\\/#primaryimage\",\"url\":\"http:\\\/\\\/www.bellunopress.it\\\/wp-content\\\/uploads\\\/2019\\\/11\\\/cortina.jpg\",\"contentUrl\":\"http:\\\/\\\/www.bellunopress.it\\\/wp-content\\\/uploads\\\/2019\\\/11\\\/cortina.jpg\"},{\"@type\":\"BreadcrumbList\",\"@id\":\"https:\\\/\\\/www.bellunopress.it\\\/2019\\\/10\\\/25\\\/109470\\\/#breadcrumb\",\"itemListElement\":[{\"@type\":\"ListItem\",\"position\":1,\"name\":\"Home\",\"item\":\"https:\\\/\\\/www.bellunopress.it\\\/\"},{\"@type\":\"ListItem\",\"position\":2,\"name\":\"Turismo: le previsioni per i prossimi mesi. Dati incoraggianti, alberghi aperti anche ad ottobre\"}]},{\"@type\":\"WebSite\",\"@id\":\"https:\\\/\\\/www.bellunopress.it\\\/#website\",\"url\":\"https:\\\/\\\/www.bellunopress.it\\\/\",\"name\":\"Bellunopress - Dolomiti\",\"description\":\"e-mail: redazione@bellunopress.it\",\"publisher\":{\"@id\":\"https:\\\/\\\/www.bellunopress.it\\\/#organization\"},\"potentialAction\":[{\"@type\":\"SearchAction\",\"target\":{\"@type\":\"EntryPoint\",\"urlTemplate\":\"https:\\\/\\\/www.bellunopress.it\\\/?s={search_term_string}\"},\"query-input\":{\"@type\":\"PropertyValueSpecification\",\"valueRequired\":true,\"valueName\":\"search_term_string\"}}],\"inLanguage\":\"fr-FR\"},{\"@type\":\"Organization\",\"@id\":\"https:\\\/\\\/www.bellunopress.it\\\/#organization\",\"name\":\"Bellunopress\",\"url\":\"https:\\\/\\\/www.bellunopress.it\\\/\",\"logo\":{\"@type\":\"ImageObject\",\"inLanguage\":\"fr-FR\",\"@id\":\"https:\\\/\\\/www.bellunopress.it\\\/#\\\/schema\\\/logo\\\/image\\\/\",\"url\":\"https:\\\/\\\/www.bellunopress.it\\\/wp-content\\\/uploads\\\/2011\\\/05\\\/cropped-logo-bellunopress-.jpg\",\"contentUrl\":\"https:\\\/\\\/www.bellunopress.it\\\/wp-content\\\/uploads\\\/2011\\\/05\\\/cropped-logo-bellunopress-.jpg\",\"width\":512,\"height\":512,\"caption\":\"Bellunopress\"},\"image\":{\"@id\":\"https:\\\/\\\/www.bellunopress.it\\\/#\\\/schema\\\/logo\\\/image\\\/\"},\"sameAs\":[\"https:\\\/\\\/www.facebook.com\\\/profile.php?id=100008943462799\",\"https:\\\/\\\/x.com\\\/bellunopress\",\"https:\\\/\\\/www.linkedin.com\\\/hp\\\/?dnr=JBzUWaJfMUw8vbXJJ2tVW5-I3jZKvC4wsoxE&amp;amp;amp;amp;amp;amp;trk=nav_responsive_tab_home\",\"https:\\\/\\\/www.youtube.com\\\/channel\\\/UCxL0wu1uN0_3_7hGG0306cw\"]},{\"@type\":\"Person\",\"@id\":\"https:\\\/\\\/www.bellunopress.it\\\/#\\\/schema\\\/person\\\/79bb06722b37ece1c03d3e94beb30d73\",\"name\":\"redazione\",\"image\":{\"@type\":\"ImageObject\",\"inLanguage\":\"fr-FR\",\"@id\":\"https:\\\/\\\/secure.gravatar.com\\\/avatar\\\/37d968a2e67a6fd04c169c4bdef102d0bc5d31b2546345219e348575eb80e9a0?s=96&d=mm&r=g\",\"url\":\"https:\\\/\\\/secure.gravatar.com\\\/avatar\\\/37d968a2e67a6fd04c169c4bdef102d0bc5d31b2546345219e348575eb80e9a0?s=96&d=mm&r=g\",\"contentUrl\":\"https:\\\/\\\/secure.gravatar.com\\\/avatar\\\/37d968a2e67a6fd04c169c4bdef102d0bc5d31b2546345219e348575eb80e9a0?s=96&d=mm&r=g\",\"caption\":\"redazione\"},\"sameAs\":[\"http:\\\/\\\/www.bellunopress.it\",\"https:\\\/\\\/x.com\\\/bellunopress\"],\"url\":\"https:\\\/\\\/www.bellunopress.it\\\/fr\\\/author\\\/redazione\\\/\"}]}<\/script>\n<!-- \/ Yoast SEO plugin. -->","yoast_head_json":{"title":"Turismo: le previsioni per i prossimi mesi. Dati incoraggianti, alberghi aperti anche ad ottobre - Bellunopress - Dolomiti","robots":{"index":"index","follow":"follow","max-snippet":"max-snippet:-1","max-image-preview":"max-image-preview:large","max-video-preview":"max-video-preview:-1"},"canonical":"https:\/\/www.bellunopress.it\/fr\/2019\/10\/25\/109470\/","og_locale":"fr_FR","og_type":"article","og_title":"Turismo: le previsioni per i prossimi mesi. Dati incoraggianti, alberghi aperti anche ad ottobre - Bellunopress - Dolomiti","og_description":"I dati incoraggianti delle presenze turistiche di quest\u2019estate I primi bilanci sull\u2019afflusso di turisti che nella stagione estiva da poco conclusa hanno frequentato la provincia di Belluno, sono piuttosto incoraggianti. Alla preoccupazione seguita alle cifre dei primi di agosto, che facevano pensare a un certo calo delle presenze di turisti, si contrappongono in queste ultime [&hellip;]","og_url":"https:\/\/www.bellunopress.it\/fr\/2019\/10\/25\/109470\/","og_site_name":"Bellunopress - Dolomiti","article_publisher":"https:\/\/www.facebook.com\/profile.php?id=100008943462799","article_published_time":"2019-10-25T08:56:12+00:00","article_modified_time":"2019-11-11T18:11:30+00:00","og_image":[{"url":"http:\/\/www.bellunopress.it\/wp-content\/uploads\/2019\/11\/cortina.jpg","type":"","width":"","height":""}],"author":"redazione","twitter_card":"summary_large_image","twitter_creator":"@bellunopress","twitter_site":"@bellunopress","twitter_misc":{"\u00c9crit par":"redazione","Dur\u00e9e de lecture estim\u00e9e":"3 minutes"},"schema":{"@context":"https:\/\/schema.org","@graph":[{"@type":"Article","@id":"https:\/\/www.bellunopress.it\/2019\/10\/25\/109470\/#article","isPartOf":{"@id":"https:\/\/www.bellunopress.it\/2019\/10\/25\/109470\/"},"author":{"name":"redazione","@id":"https:\/\/www.bellunopress.it\/#\/schema\/person\/79bb06722b37ece1c03d3e94beb30d73"},"headline":"Turismo: le previsioni per i prossimi mesi. Dati incoraggianti, alberghi aperti anche ad ottobre","datePublished":"2019-10-25T08:56:12+00:00","dateModified":"2019-11-11T18:11:30+00:00","mainEntityOfPage":{"@id":"https:\/\/www.bellunopress.it\/2019\/10\/25\/109470\/"},"wordCount":517,"publisher":{"@id":"https:\/\/www.bellunopress.it\/#organization"},"image":{"@id":"https:\/\/www.bellunopress.it\/2019\/10\/25\/109470\/#primaryimage"},"thumbnailUrl":"http:\/\/www.bellunopress.it\/wp-content\/uploads\/2019\/11\/cortina.jpg","articleSection":["Lavoro, Economia, Turismo","Sport, tempo libero"],"inLanguage":"fr-FR"},{"@type":"WebPage","@id":"https:\/\/www.bellunopress.it\/2019\/10\/25\/109470\/","url":"https:\/\/www.bellunopress.it\/2019\/10\/25\/109470\/","name":"Turismo: le previsioni per i prossimi mesi. Dati incoraggianti, alberghi aperti anche ad ottobre - Bellunopress - Dolomiti","isPartOf":{"@id":"https:\/\/www.bellunopress.it\/#website"},"primaryImageOfPage":{"@id":"https:\/\/www.bellunopress.it\/2019\/10\/25\/109470\/#primaryimage"},"image":{"@id":"https:\/\/www.bellunopress.it\/2019\/10\/25\/109470\/#primaryimage"},"thumbnailUrl":"http:\/\/www.bellunopress.it\/wp-content\/uploads\/2019\/11\/cortina.jpg","datePublished":"2019-10-25T08:56:12+00:00","dateModified":"2019-11-11T18:11:30+00:00","breadcrumb":{"@id":"https:\/\/www.bellunopress.it\/2019\/10\/25\/109470\/#breadcrumb"},"inLanguage":"fr-FR","potentialAction":[{"@type":"ReadAction","target":["https:\/\/www.bellunopress.it\/2019\/10\/25\/109470\/"]}]},{"@type":"ImageObject","inLanguage":"fr-FR","@id":"https:\/\/www.bellunopress.it\/2019\/10\/25\/109470\/#primaryimage","url":"http:\/\/www.bellunopress.it\/wp-content\/uploads\/2019\/11\/cortina.jpg","contentUrl":"http:\/\/www.bellunopress.it\/wp-content\/uploads\/2019\/11\/cortina.jpg"},{"@type":"BreadcrumbList","@id":"https:\/\/www.bellunopress.it\/2019\/10\/25\/109470\/#breadcrumb","itemListElement":[{"@type":"ListItem","position":1,"name":"Home","item":"https:\/\/www.bellunopress.it\/"},{"@type":"ListItem","position":2,"name":"Turismo: le previsioni per i prossimi mesi. Dati incoraggianti, alberghi aperti anche ad ottobre"}]},{"@type":"WebSite","@id":"https:\/\/www.bellunopress.it\/#website","url":"https:\/\/www.bellunopress.it\/","name":"Bellunopress - Dolomiti","description":"e-mail: redazione@bellunopress.it","publisher":{"@id":"https:\/\/www.bellunopress.it\/#organization"},"potentialAction":[{"@type":"SearchAction","target":{"@type":"EntryPoint","urlTemplate":"https:\/\/www.bellunopress.it\/?s={search_term_string}"},"query-input":{"@type":"PropertyValueSpecification","valueRequired":true,"valueName":"search_term_string"}}],"inLanguage":"fr-FR"},{"@type":"Organization","@id":"https:\/\/www.bellunopress.it\/#organization","name":"Bellunopress","url":"https:\/\/www.bellunopress.it\/","logo":{"@type":"ImageObject","inLanguage":"fr-FR","@id":"https:\/\/www.bellunopress.it\/#\/schema\/logo\/image\/","url":"https:\/\/www.bellunopress.it\/wp-content\/uploads\/2011\/05\/cropped-logo-bellunopress-.jpg","contentUrl":"https:\/\/www.bellunopress.it\/wp-content\/uploads\/2011\/05\/cropped-logo-bellunopress-.jpg","width":512,"height":512,"caption":"Bellunopress"},"image":{"@id":"https:\/\/www.bellunopress.it\/#\/schema\/logo\/image\/"},"sameAs":["https:\/\/www.facebook.com\/profile.php?id=100008943462799","https:\/\/x.com\/bellunopress","https:\/\/www.linkedin.com\/hp\/?dnr=JBzUWaJfMUw8vbXJJ2tVW5-I3jZKvC4wsoxE&amp;amp;amp;amp;amp;amp;trk=nav_responsive_tab_home","https:\/\/www.youtube.com\/channel\/UCxL0wu1uN0_3_7hGG0306cw"]},{"@type":"Person","@id":"https:\/\/www.bellunopress.it\/#\/schema\/person\/79bb06722b37ece1c03d3e94beb30d73","name":"r\u00e9daction","image":{"@type":"ImageObject","inLanguage":"fr-FR","@id":"https:\/\/secure.gravatar.com\/avatar\/37d968a2e67a6fd04c169c4bdef102d0bc5d31b2546345219e348575eb80e9a0?s=96&d=mm&r=g","url":"https:\/\/secure.gravatar.com\/avatar\/37d968a2e67a6fd04c169c4bdef102d0bc5d31b2546345219e348575eb80e9a0?s=96&d=mm&r=g","contentUrl":"https:\/\/secure.gravatar.com\/avatar\/37d968a2e67a6fd04c169c4bdef102d0bc5d31b2546345219e348575eb80e9a0?s=96&d=mm&r=g","caption":"redazione"},"sameAs":["http:\/\/www.bellunopress.it","https:\/\/x.com\/bellunopress"],"url":"https:\/\/www.bellunopress.it\/fr\/author\/redazione\/"}]}},"_links":{"self":[{"href":"https:\/\/www.bellunopress.it\/fr\/wp-json\/wp\/v2\/posts\/109470","targetHints":{"allow":["GET"]}}],"collection":[{"href":"https:\/\/www.bellunopress.it\/fr\/wp-json\/wp\/v2\/posts"}],"about":[{"href":"https:\/\/www.bellunopress.it\/fr\/wp-json\/wp\/v2\/types\/post"}],"author":[{"embeddable":true,"href":"https:\/\/www.bellunopress.it\/fr\/wp-json\/wp\/v2\/users\/2"}],"replies":[{"embeddable":true,"href":"https:\/\/www.bellunopress.it\/fr\/wp-json\/wp\/v2\/comments?post=109470"}],"version-history":[{"count":4,"href":"https:\/\/www.bellunopress.it\/fr\/wp-json\/wp\/v2\/posts\/109470\/revisions"}],"predecessor-version":[{"id":109475,"href":"https:\/\/www.bellunopress.it\/fr\/wp-json\/wp\/v2\/posts\/109470\/revisions\/109475"}],"wp:attachment":[{"href":"https:\/\/www.bellunopress.it\/fr\/wp-json\/wp\/v2\/media?parent=109470"}],"wp:term":[{"taxonomy":"category","embeddable":true,"href":"https:\/\/www.bellunopress.it\/fr\/wp-json\/wp\/v2\/categories?post=109470"},{"taxonomy":"post_tag","embeddable":true,"href":"https:\/\/www.bellunopress.it\/fr\/wp-json\/wp\/v2\/tags?post=109470"}],"curies":[{"name":"wp","href":"https:\/\/api.w.org\/{rel}","templated":true}]}}