{"id":109468,"date":"2019-11-11T16:06:18","date_gmt":"2019-11-11T15:06:18","guid":{"rendered":"http:\/\/www.bellunopress.it\/?p=109468"},"modified":"2019-11-11T16:06:18","modified_gmt":"2019-11-11T15:06:18","slug":"la-gratitudine-di-tutta-la-collettivita-a-umberto-fiabane-premio-san-martino-2019","status":"publish","type":"post","link":"https:\/\/www.bellunopress.it\/fr\/2019\/11\/11\/la-gratitudine-di-tutta-la-collettivita-a-umberto-fiabane-premio-san-martino-2019\/","title":{"rendered":"La gratitudine di tutta la collettivit\u00e0 a Umberto Fiabane, Premio San Martino 2019"},"content":{"rendered":"<figure id=\"attachment_108827\" aria-describedby=\"caption-attachment-108827\" style=\"width: 238px\" class=\"wp-caption alignleft\"><a href=\"http:\/\/www.bellunopress.it\/fr\/2019\/10\/17\/premio-san-martino-2019-a-umberto-fiabane-indiscusso-benefattore-della-citta-la-cerimonia-di-consegna-lunedi-11-novembre-al-teatro-comunale\/umberto-fiabane\/\" rel=\"attachment wp-att-108827\"><img loading=\"lazy\" decoding=\"async\" class=\"size-full wp-image-108827\" src=\"http:\/\/www.bellunopress.it\/wp-content\/uploads\/2019\/10\/Umberto-Fiabane.jpg\" alt=\"\" width=\"238\" height=\"300\" \/><\/a><figcaption id=\"caption-attachment-108827\" class=\"wp-caption-text\">Umberto Fiabane, Premio San Martino 2019<\/figcaption><\/figure>\n<p>Belluno, 11 novembre 2019\u00a0 &#8211;\u00a0 Umberto Fiabane, filantropo bellunese, \u00e8 stato insignito del Premio San Martino 2019. La cerimonia ufficiale si \u00e8 tenuta questa mattina al Teatro comunale di Belluno gremito di pubblico. A consegnare il riconoscimento della Citt\u00e0 di Belluno il sindaco Jacopo Massaro e il presidente del consiglio comunale Francesco Rasera Berna.<\/p>\n<p>&#8220;Quest&#8217;anno &#8211; ha sottolineato Rasera Berna &#8211; , fra i nominativi indicati dai nostri concittadini la conferenza dei capigruppo, con una unanimit\u00e0 tutt&#8217;altro che formale, ha deciso di attribuire il premio al signor Umberto Fiabane. E a dire la verit\u00e0, il vero cruccio dei colleghi non \u00e8 stata tanto la scelta in s\u00e9 quanto piuttosto il timore che un premio essenzialmente pubblico potesse in qualche modo turbare una persona che in tanti anni ha sempre voluto operare con la massima riservatezza e senza ambire ad apparire&#8221;.<\/p>\n<figure id=\"attachment_29460\" aria-describedby=\"caption-attachment-29460\" style=\"width: 270px\" class=\"wp-caption alignleft\"><a href=\"http:\/\/www.bellunopress.it\/fr\/2011\/08\/09\/caso-ser-sa-il-comune-aggiunge-confusione-alla-confusione-rasera-berna-non-esiste-giuridicamente-il-congelamento-di-una-delibera\/francesco-rasera-berna\/\" rel=\"attachment wp-att-29460\"><img loading=\"lazy\" decoding=\"async\" class=\"size-full wp-image-29460\" src=\"http:\/\/www.bellunopress.it\/wp-content\/uploads\/2011\/08\/francesco-rasera-berna.jpg\" alt=\"\" width=\"270\" height=\"270\" srcset=\"https:\/\/www.bellunopress.it\/wp-content\/uploads\/2011\/08\/francesco-rasera-berna.jpg 270w, https:\/\/www.bellunopress.it\/wp-content\/uploads\/2011\/08\/francesco-rasera-berna-150x150.jpg 150w\" sizes=\"auto, (max-width: 270px) 100vw, 270px\" \/><\/a><figcaption id=\"caption-attachment-29460\" class=\"wp-caption-text\">Francesco Rasera Berna<\/figcaption><\/figure>\n<p>&#8220;Tuttavia &#8211; ha proseguito il presidente del consiglio comunale &#8211; questo modo di agire e la persona che se ne \u00e8 fatta concretamente interprete non poteva che essere inteso come perfettamente rispondente allo spirito del premio che dunque non poteva mancare, pena la negazione delle sue stesse premesse. E la discrezione \u00e8 oggi sicuramente &#8211; in tempi di sfacciata ostentazione di qualsiasi cosa &#8211; un valore aggiunto. Umberto Fiabane, operoso e lungimirante imprenditore bellunese, tornato nella sua citt\u00e0 si \u00e8 impegnato in una attivit\u00e0 che non possiamo che definire con termine quasi desueto davvero filantropica, intervenendo a favore dei luoghi di aggregazione dei pi\u00f9 piccoli concittadini, intervenendo a favore della sanit\u00e0 bellunese dotando l&#8217;ospedale cittadino &#8211; ed espressamente questo &#8211; di macchinari importantissimi ed all&#8217;avanguardia&#8221;.<\/p>\n<p>&#8220;A me piace pensare\u00a0 &#8211; ha detto ancora Francesco Rasera Berna &#8211; che invece queste opere stiano ad affermare che esiste una societ\u00e0 che si interroga sui bisogni di tutti e insegue l&#8217;utopia di dare a ciascuno, al di l\u00e0 delle sue possibilit\u00e0, secondo i suoi bisogni fondamentali. E questa prospettiva sempre pi\u00f9 deve basarsi sulla capacit\u00e0 di pubblico e privato (inteso come singoli e come gruppi) di interagire, di lavorare insieme, superando gelosie e burocratismi che spesso nascondono una vera e propria alterigia di parte della pubblica pubblica amministrazione e che nulla ha a che fare con il rispetto delle regole, che devono invece essere osservate. E questo interroga anche noi come Comune, sappiamo che spesso la volont\u00e0 fattiva e concreta d\u00ec tanti si scontra con lacci e laccioli che l&#8217;autoreferenzialit\u00e0 di certa burocrazia non solo non supera ma anzi enfatizza&#8221;.<\/p>\n<p>&nbsp;<\/p>","protected":false},"excerpt":{"rendered":"<p>Belluno, 11 novembre 2019\u00a0 &#8211;\u00a0 Umberto Fiabane, filantropo bellunese, \u00e8 stato insignito del Premio San Martino 2019. La cerimonia ufficiale si \u00e8 tenuta questa mattina al Teatro comunale di Belluno gremito di pubblico. A consegnare il riconoscimento della Citt\u00e0 di Belluno il sindaco Jacopo Massaro e il presidente del consiglio comunale Francesco Rasera Berna. &#8220;Quest&#8217;anno [&hellip;]<\/p>\n","protected":false},"author":2,"featured_media":0,"comment_status":"closed","ping_status":"open","sticky":false,"template":"","format":"standard","meta":{"footnotes":""},"categories":[5,8],"tags":[],"class_list":["post-109468","post","type-post","status-publish","format-standard","category-cronaca","category-societa-istituzioni"],"yoast_head":"<!-- This site is optimized with the Yoast SEO plugin v28.4 - https:\/\/yoast.com\/product\/yoast-seo-wordpress\/ -->\n<title>La gratitudine di tutta la collettivit\u00e0 a Umberto Fiabane, Premio San Martino 2019 - Bellunopress - Dolomiti<\/title>\n<meta name=\"robots\" content=\"index, follow, max-snippet:-1, max-image-preview:large, max-video-preview:-1\" \/>\n<link rel=\"canonical\" href=\"https:\/\/www.bellunopress.it\/fr\/2019\/11\/11\/la-gratitudine-di-tutta-la-collettivita-a-umberto-fiabane-premio-san-martino-2019\/\" \/>\n<meta property=\"og:locale\" content=\"fr_FR\" \/>\n<meta property=\"og:type\" content=\"article\" \/>\n<meta property=\"og:title\" content=\"La gratitudine di tutta la collettivit\u00e0 a Umberto Fiabane, Premio San Martino 2019 - Bellunopress - Dolomiti\" \/>\n<meta property=\"og:description\" content=\"Belluno, 11 novembre 2019\u00a0 &#8211;\u00a0 Umberto Fiabane, filantropo bellunese, \u00e8 stato insignito del Premio San Martino 2019. La cerimonia ufficiale si \u00e8 tenuta questa mattina al Teatro comunale di Belluno gremito di pubblico. A consegnare il riconoscimento della Citt\u00e0 di Belluno il sindaco Jacopo Massaro e il presidente del consiglio comunale Francesco Rasera Berna. &#8220;Quest&#8217;anno [&hellip;]\" \/>\n<meta property=\"og:url\" content=\"https:\/\/www.bellunopress.it\/fr\/2019\/11\/11\/la-gratitudine-di-tutta-la-collettivita-a-umberto-fiabane-premio-san-martino-2019\/\" \/>\n<meta property=\"og:site_name\" content=\"Bellunopress - Dolomiti\" \/>\n<meta property=\"article:publisher\" content=\"https:\/\/www.facebook.com\/profile.php?id=100008943462799\" \/>\n<meta property=\"article:published_time\" content=\"2019-11-11T15:06:18+00:00\" \/>\n<meta property=\"og:image\" content=\"http:\/\/www.bellunopress.it\/wp-content\/uploads\/2019\/10\/Umberto-Fiabane.jpg\" \/>\n<meta name=\"author\" content=\"redazione\" \/>\n<meta name=\"twitter:card\" content=\"summary_large_image\" \/>\n<meta name=\"twitter:creator\" content=\"@bellunopress\" \/>\n<meta name=\"twitter:site\" content=\"@bellunopress\" \/>\n<meta name=\"twitter:label1\" content=\"Written by\" \/>\n\t<meta name=\"twitter:data1\" content=\"redazione\" \/>\n\t<meta name=\"twitter:label2\" content=\"Est. reading time\" \/>\n\t<meta name=\"twitter:data2\" content=\"2 minutes\" \/>\n<script type=\"application\/ld+json\" class=\"yoast-schema-graph\">{\"@context\":\"https:\\\/\\\/schema.org\",\"@graph\":[{\"@type\":\"Article\",\"@id\":\"https:\\\/\\\/www.bellunopress.it\\\/2019\\\/11\\\/11\\\/la-gratitudine-di-tutta-la-collettivita-a-umberto-fiabane-premio-san-martino-2019\\\/#article\",\"isPartOf\":{\"@id\":\"https:\\\/\\\/www.bellunopress.it\\\/2019\\\/11\\\/11\\\/la-gratitudine-di-tutta-la-collettivita-a-umberto-fiabane-premio-san-martino-2019\\\/\"},\"author\":{\"name\":\"redazione\",\"@id\":\"https:\\\/\\\/www.bellunopress.it\\\/#\\\/schema\\\/person\\\/79bb06722b37ece1c03d3e94beb30d73\"},\"headline\":\"La gratitudine di tutta la collettivit\u00e0 a Umberto Fiabane, Premio San Martino 2019\",\"datePublished\":\"2019-11-11T15:06:18+00:00\",\"mainEntityOfPage\":{\"@id\":\"https:\\\/\\\/www.bellunopress.it\\\/2019\\\/11\\\/11\\\/la-gratitudine-di-tutta-la-collettivita-a-umberto-fiabane-premio-san-martino-2019\\\/\"},\"wordCount\":438,\"publisher\":{\"@id\":\"https:\\\/\\\/www.bellunopress.it\\\/#organization\"},\"image\":{\"@id\":\"https:\\\/\\\/www.bellunopress.it\\\/2019\\\/11\\\/11\\\/la-gratitudine-di-tutta-la-collettivita-a-umberto-fiabane-premio-san-martino-2019\\\/#primaryimage\"},\"thumbnailUrl\":\"http:\\\/\\\/www.bellunopress.it\\\/wp-content\\\/uploads\\\/2019\\\/10\\\/Umberto-Fiabane.jpg\",\"articleSection\":[\"Cronaca\\\/Politica\",\"Societ\u00e0, Associazioni, Istituzioni\"],\"inLanguage\":\"fr-FR\"},{\"@type\":\"WebPage\",\"@id\":\"https:\\\/\\\/www.bellunopress.it\\\/2019\\\/11\\\/11\\\/la-gratitudine-di-tutta-la-collettivita-a-umberto-fiabane-premio-san-martino-2019\\\/\",\"url\":\"https:\\\/\\\/www.bellunopress.it\\\/2019\\\/11\\\/11\\\/la-gratitudine-di-tutta-la-collettivita-a-umberto-fiabane-premio-san-martino-2019\\\/\",\"name\":\"La gratitudine di tutta la collettivit\u00e0 a Umberto Fiabane, Premio San Martino 2019 - Bellunopress - Dolomiti\",\"isPartOf\":{\"@id\":\"https:\\\/\\\/www.bellunopress.it\\\/#website\"},\"primaryImageOfPage\":{\"@id\":\"https:\\\/\\\/www.bellunopress.it\\\/2019\\\/11\\\/11\\\/la-gratitudine-di-tutta-la-collettivita-a-umberto-fiabane-premio-san-martino-2019\\\/#primaryimage\"},\"image\":{\"@id\":\"https:\\\/\\\/www.bellunopress.it\\\/2019\\\/11\\\/11\\\/la-gratitudine-di-tutta-la-collettivita-a-umberto-fiabane-premio-san-martino-2019\\\/#primaryimage\"},\"thumbnailUrl\":\"http:\\\/\\\/www.bellunopress.it\\\/wp-content\\\/uploads\\\/2019\\\/10\\\/Umberto-Fiabane.jpg\",\"datePublished\":\"2019-11-11T15:06:18+00:00\",\"breadcrumb\":{\"@id\":\"https:\\\/\\\/www.bellunopress.it\\\/2019\\\/11\\\/11\\\/la-gratitudine-di-tutta-la-collettivita-a-umberto-fiabane-premio-san-martino-2019\\\/#breadcrumb\"},\"inLanguage\":\"fr-FR\",\"potentialAction\":[{\"@type\":\"ReadAction\",\"target\":[\"https:\\\/\\\/www.bellunopress.it\\\/2019\\\/11\\\/11\\\/la-gratitudine-di-tutta-la-collettivita-a-umberto-fiabane-premio-san-martino-2019\\\/\"]}]},{\"@type\":\"ImageObject\",\"inLanguage\":\"fr-FR\",\"@id\":\"https:\\\/\\\/www.bellunopress.it\\\/2019\\\/11\\\/11\\\/la-gratitudine-di-tutta-la-collettivita-a-umberto-fiabane-premio-san-martino-2019\\\/#primaryimage\",\"url\":\"http:\\\/\\\/www.bellunopress.it\\\/wp-content\\\/uploads\\\/2019\\\/10\\\/Umberto-Fiabane.jpg\",\"contentUrl\":\"http:\\\/\\\/www.bellunopress.it\\\/wp-content\\\/uploads\\\/2019\\\/10\\\/Umberto-Fiabane.jpg\"},{\"@type\":\"BreadcrumbList\",\"@id\":\"https:\\\/\\\/www.bellunopress.it\\\/2019\\\/11\\\/11\\\/la-gratitudine-di-tutta-la-collettivita-a-umberto-fiabane-premio-san-martino-2019\\\/#breadcrumb\",\"itemListElement\":[{\"@type\":\"ListItem\",\"position\":1,\"name\":\"Home\",\"item\":\"https:\\\/\\\/www.bellunopress.it\\\/\"},{\"@type\":\"ListItem\",\"position\":2,\"name\":\"La gratitudine di tutta la collettivit\u00e0 a Umberto Fiabane, Premio San Martino 2019\"}]},{\"@type\":\"WebSite\",\"@id\":\"https:\\\/\\\/www.bellunopress.it\\\/#website\",\"url\":\"https:\\\/\\\/www.bellunopress.it\\\/\",\"name\":\"Bellunopress - Dolomiti\",\"description\":\"e-mail: redazione@bellunopress.it\",\"publisher\":{\"@id\":\"https:\\\/\\\/www.bellunopress.it\\\/#organization\"},\"potentialAction\":[{\"@type\":\"SearchAction\",\"target\":{\"@type\":\"EntryPoint\",\"urlTemplate\":\"https:\\\/\\\/www.bellunopress.it\\\/?s={search_term_string}\"},\"query-input\":{\"@type\":\"PropertyValueSpecification\",\"valueRequired\":true,\"valueName\":\"search_term_string\"}}],\"inLanguage\":\"fr-FR\"},{\"@type\":\"Organization\",\"@id\":\"https:\\\/\\\/www.bellunopress.it\\\/#organization\",\"name\":\"Bellunopress\",\"url\":\"https:\\\/\\\/www.bellunopress.it\\\/\",\"logo\":{\"@type\":\"ImageObject\",\"inLanguage\":\"fr-FR\",\"@id\":\"https:\\\/\\\/www.bellunopress.it\\\/#\\\/schema\\\/logo\\\/image\\\/\",\"url\":\"https:\\\/\\\/www.bellunopress.it\\\/wp-content\\\/uploads\\\/2011\\\/05\\\/cropped-logo-bellunopress-.jpg\",\"contentUrl\":\"https:\\\/\\\/www.bellunopress.it\\\/wp-content\\\/uploads\\\/2011\\\/05\\\/cropped-logo-bellunopress-.jpg\",\"width\":512,\"height\":512,\"caption\":\"Bellunopress\"},\"image\":{\"@id\":\"https:\\\/\\\/www.bellunopress.it\\\/#\\\/schema\\\/logo\\\/image\\\/\"},\"sameAs\":[\"https:\\\/\\\/www.facebook.com\\\/profile.php?id=100008943462799\",\"https:\\\/\\\/x.com\\\/bellunopress\",\"https:\\\/\\\/www.linkedin.com\\\/hp\\\/?dnr=JBzUWaJfMUw8vbXJJ2tVW5-I3jZKvC4wsoxE&amp;amp;amp;amp;amp;amp;trk=nav_responsive_tab_home\",\"https:\\\/\\\/www.youtube.com\\\/channel\\\/UCxL0wu1uN0_3_7hGG0306cw\"]},{\"@type\":\"Person\",\"@id\":\"https:\\\/\\\/www.bellunopress.it\\\/#\\\/schema\\\/person\\\/79bb06722b37ece1c03d3e94beb30d73\",\"name\":\"redazione\",\"image\":{\"@type\":\"ImageObject\",\"inLanguage\":\"fr-FR\",\"@id\":\"https:\\\/\\\/secure.gravatar.com\\\/avatar\\\/37d968a2e67a6fd04c169c4bdef102d0bc5d31b2546345219e348575eb80e9a0?s=96&d=mm&r=g\",\"url\":\"https:\\\/\\\/secure.gravatar.com\\\/avatar\\\/37d968a2e67a6fd04c169c4bdef102d0bc5d31b2546345219e348575eb80e9a0?s=96&d=mm&r=g\",\"contentUrl\":\"https:\\\/\\\/secure.gravatar.com\\\/avatar\\\/37d968a2e67a6fd04c169c4bdef102d0bc5d31b2546345219e348575eb80e9a0?s=96&d=mm&r=g\",\"caption\":\"redazione\"},\"sameAs\":[\"http:\\\/\\\/www.bellunopress.it\",\"https:\\\/\\\/x.com\\\/bellunopress\"],\"url\":\"https:\\\/\\\/www.bellunopress.it\\\/fr\\\/author\\\/redazione\\\/\"}]}<\/script>\n<!-- \/ Yoast SEO plugin. -->","yoast_head_json":{"title":"La gratitudine di tutta la collettivit\u00e0 a Umberto Fiabane, Premio San Martino 2019 - Bellunopress - Dolomiti","robots":{"index":"index","follow":"follow","max-snippet":"max-snippet:-1","max-image-preview":"max-image-preview:large","max-video-preview":"max-video-preview:-1"},"canonical":"https:\/\/www.bellunopress.it\/fr\/2019\/11\/11\/la-gratitudine-di-tutta-la-collettivita-a-umberto-fiabane-premio-san-martino-2019\/","og_locale":"fr_FR","og_type":"article","og_title":"La gratitudine di tutta la collettivit\u00e0 a Umberto Fiabane, Premio San Martino 2019 - Bellunopress - Dolomiti","og_description":"Belluno, 11 novembre 2019\u00a0 &#8211;\u00a0 Umberto Fiabane, filantropo bellunese, \u00e8 stato insignito del Premio San Martino 2019. La cerimonia ufficiale si \u00e8 tenuta questa mattina al Teatro comunale di Belluno gremito di pubblico. A consegnare il riconoscimento della Citt\u00e0 di Belluno il sindaco Jacopo Massaro e il presidente del consiglio comunale Francesco Rasera Berna. &#8220;Quest&#8217;anno [&hellip;]","og_url":"https:\/\/www.bellunopress.it\/fr\/2019\/11\/11\/la-gratitudine-di-tutta-la-collettivita-a-umberto-fiabane-premio-san-martino-2019\/","og_site_name":"Bellunopress - Dolomiti","article_publisher":"https:\/\/www.facebook.com\/profile.php?id=100008943462799","article_published_time":"2019-11-11T15:06:18+00:00","og_image":[{"url":"http:\/\/www.bellunopress.it\/wp-content\/uploads\/2019\/10\/Umberto-Fiabane.jpg","type":"","width":"","height":""}],"author":"redazione","twitter_card":"summary_large_image","twitter_creator":"@bellunopress","twitter_site":"@bellunopress","twitter_misc":{"Written by":"redazione","Est. reading time":"2 minutes"},"schema":{"@context":"https:\/\/schema.org","@graph":[{"@type":"Article","@id":"https:\/\/www.bellunopress.it\/2019\/11\/11\/la-gratitudine-di-tutta-la-collettivita-a-umberto-fiabane-premio-san-martino-2019\/#article","isPartOf":{"@id":"https:\/\/www.bellunopress.it\/2019\/11\/11\/la-gratitudine-di-tutta-la-collettivita-a-umberto-fiabane-premio-san-martino-2019\/"},"author":{"name":"redazione","@id":"https:\/\/www.bellunopress.it\/#\/schema\/person\/79bb06722b37ece1c03d3e94beb30d73"},"headline":"La gratitudine di tutta la collettivit\u00e0 a Umberto Fiabane, Premio San Martino 2019","datePublished":"2019-11-11T15:06:18+00:00","mainEntityOfPage":{"@id":"https:\/\/www.bellunopress.it\/2019\/11\/11\/la-gratitudine-di-tutta-la-collettivita-a-umberto-fiabane-premio-san-martino-2019\/"},"wordCount":438,"publisher":{"@id":"https:\/\/www.bellunopress.it\/#organization"},"image":{"@id":"https:\/\/www.bellunopress.it\/2019\/11\/11\/la-gratitudine-di-tutta-la-collettivita-a-umberto-fiabane-premio-san-martino-2019\/#primaryimage"},"thumbnailUrl":"http:\/\/www.bellunopress.it\/wp-content\/uploads\/2019\/10\/Umberto-Fiabane.jpg","articleSection":["Cronaca\/Politica","Societ\u00e0, Associazioni, Istituzioni"],"inLanguage":"fr-FR"},{"@type":"WebPage","@id":"https:\/\/www.bellunopress.it\/2019\/11\/11\/la-gratitudine-di-tutta-la-collettivita-a-umberto-fiabane-premio-san-martino-2019\/","url":"https:\/\/www.bellunopress.it\/2019\/11\/11\/la-gratitudine-di-tutta-la-collettivita-a-umberto-fiabane-premio-san-martino-2019\/","name":"La gratitudine di tutta la collettivit\u00e0 a Umberto Fiabane, Premio San Martino 2019 - Bellunopress - Dolomiti","isPartOf":{"@id":"https:\/\/www.bellunopress.it\/#website"},"primaryImageOfPage":{"@id":"https:\/\/www.bellunopress.it\/2019\/11\/11\/la-gratitudine-di-tutta-la-collettivita-a-umberto-fiabane-premio-san-martino-2019\/#primaryimage"},"image":{"@id":"https:\/\/www.bellunopress.it\/2019\/11\/11\/la-gratitudine-di-tutta-la-collettivita-a-umberto-fiabane-premio-san-martino-2019\/#primaryimage"},"thumbnailUrl":"http:\/\/www.bellunopress.it\/wp-content\/uploads\/2019\/10\/Umberto-Fiabane.jpg","datePublished":"2019-11-11T15:06:18+00:00","breadcrumb":{"@id":"https:\/\/www.bellunopress.it\/2019\/11\/11\/la-gratitudine-di-tutta-la-collettivita-a-umberto-fiabane-premio-san-martino-2019\/#breadcrumb"},"inLanguage":"fr-FR","potentialAction":[{"@type":"ReadAction","target":["https:\/\/www.bellunopress.it\/2019\/11\/11\/la-gratitudine-di-tutta-la-collettivita-a-umberto-fiabane-premio-san-martino-2019\/"]}]},{"@type":"ImageObject","inLanguage":"fr-FR","@id":"https:\/\/www.bellunopress.it\/2019\/11\/11\/la-gratitudine-di-tutta-la-collettivita-a-umberto-fiabane-premio-san-martino-2019\/#primaryimage","url":"http:\/\/www.bellunopress.it\/wp-content\/uploads\/2019\/10\/Umberto-Fiabane.jpg","contentUrl":"http:\/\/www.bellunopress.it\/wp-content\/uploads\/2019\/10\/Umberto-Fiabane.jpg"},{"@type":"BreadcrumbList","@id":"https:\/\/www.bellunopress.it\/2019\/11\/11\/la-gratitudine-di-tutta-la-collettivita-a-umberto-fiabane-premio-san-martino-2019\/#breadcrumb","itemListElement":[{"@type":"ListItem","position":1,"name":"Home","item":"https:\/\/www.bellunopress.it\/"},{"@type":"ListItem","position":2,"name":"La gratitudine di tutta la collettivit\u00e0 a Umberto Fiabane, Premio San Martino 2019"}]},{"@type":"WebSite","@id":"https:\/\/www.bellunopress.it\/#website","url":"https:\/\/www.bellunopress.it\/","name":"Bellunopress - Dolomiti","description":"e-mail: redazione@bellunopress.it","publisher":{"@id":"https:\/\/www.bellunopress.it\/#organization"},"potentialAction":[{"@type":"SearchAction","target":{"@type":"EntryPoint","urlTemplate":"https:\/\/www.bellunopress.it\/?s={search_term_string}"},"query-input":{"@type":"PropertyValueSpecification","valueRequired":true,"valueName":"search_term_string"}}],"inLanguage":"fr-FR"},{"@type":"Organization","@id":"https:\/\/www.bellunopress.it\/#organization","name":"Bellunopress","url":"https:\/\/www.bellunopress.it\/","logo":{"@type":"ImageObject","inLanguage":"fr-FR","@id":"https:\/\/www.bellunopress.it\/#\/schema\/logo\/image\/","url":"https:\/\/www.bellunopress.it\/wp-content\/uploads\/2011\/05\/cropped-logo-bellunopress-.jpg","contentUrl":"https:\/\/www.bellunopress.it\/wp-content\/uploads\/2011\/05\/cropped-logo-bellunopress-.jpg","width":512,"height":512,"caption":"Bellunopress"},"image":{"@id":"https:\/\/www.bellunopress.it\/#\/schema\/logo\/image\/"},"sameAs":["https:\/\/www.facebook.com\/profile.php?id=100008943462799","https:\/\/x.com\/bellunopress","https:\/\/www.linkedin.com\/hp\/?dnr=JBzUWaJfMUw8vbXJJ2tVW5-I3jZKvC4wsoxE&amp;amp;amp;amp;amp;amp;trk=nav_responsive_tab_home","https:\/\/www.youtube.com\/channel\/UCxL0wu1uN0_3_7hGG0306cw"]},{"@type":"Person","@id":"https:\/\/www.bellunopress.it\/#\/schema\/person\/79bb06722b37ece1c03d3e94beb30d73","name":"r\u00e9daction","image":{"@type":"ImageObject","inLanguage":"fr-FR","@id":"https:\/\/secure.gravatar.com\/avatar\/37d968a2e67a6fd04c169c4bdef102d0bc5d31b2546345219e348575eb80e9a0?s=96&d=mm&r=g","url":"https:\/\/secure.gravatar.com\/avatar\/37d968a2e67a6fd04c169c4bdef102d0bc5d31b2546345219e348575eb80e9a0?s=96&d=mm&r=g","contentUrl":"https:\/\/secure.gravatar.com\/avatar\/37d968a2e67a6fd04c169c4bdef102d0bc5d31b2546345219e348575eb80e9a0?s=96&d=mm&r=g","caption":"redazione"},"sameAs":["http:\/\/www.bellunopress.it","https:\/\/x.com\/bellunopress"],"url":"https:\/\/www.bellunopress.it\/fr\/author\/redazione\/"}]}},"_links":{"self":[{"href":"https:\/\/www.bellunopress.it\/fr\/wp-json\/wp\/v2\/posts\/109468","targetHints":{"allow":["GET"]}}],"collection":[{"href":"https:\/\/www.bellunopress.it\/fr\/wp-json\/wp\/v2\/posts"}],"about":[{"href":"https:\/\/www.bellunopress.it\/fr\/wp-json\/wp\/v2\/types\/post"}],"author":[{"embeddable":true,"href":"https:\/\/www.bellunopress.it\/fr\/wp-json\/wp\/v2\/users\/2"}],"replies":[{"embeddable":true,"href":"https:\/\/www.bellunopress.it\/fr\/wp-json\/wp\/v2\/comments?post=109468"}],"version-history":[{"count":1,"href":"https:\/\/www.bellunopress.it\/fr\/wp-json\/wp\/v2\/posts\/109468\/revisions"}],"predecessor-version":[{"id":109469,"href":"https:\/\/www.bellunopress.it\/fr\/wp-json\/wp\/v2\/posts\/109468\/revisions\/109469"}],"wp:attachment":[{"href":"https:\/\/www.bellunopress.it\/fr\/wp-json\/wp\/v2\/media?parent=109468"}],"wp:term":[{"taxonomy":"category","embeddable":true,"href":"https:\/\/www.bellunopress.it\/fr\/wp-json\/wp\/v2\/categories?post=109468"},{"taxonomy":"post_tag","embeddable":true,"href":"https:\/\/www.bellunopress.it\/fr\/wp-json\/wp\/v2\/tags?post=109468"}],"curies":[{"name":"wp","href":"https:\/\/api.w.org\/{rel}","templated":true}]}}