{"id":109462,"date":"2019-11-10T22:31:55","date_gmt":"2019-11-10T21:31:55","guid":{"rendered":"http:\/\/www.bellunopress.it\/?p=109462"},"modified":"2019-11-16T10:54:04","modified_gmt":"2019-11-16T09:54:04","slug":"vito-fusaro-giovedi-allinsolita-storia-di-belluno","status":"publish","type":"post","link":"https:\/\/www.bellunopress.it\/fr\/2019\/11\/10\/vito-fusaro-giovedi-allinsolita-storia-di-belluno\/","title":{"rendered":"Vito Fusaro gioved\u00ec all&#8217;Insolita storia di Belluno"},"content":{"rendered":"<p>Rinviato a mercoled\u00ec 20 novembre ore 19, causa maltempo.<\/p>\n<p>Gioved\u00ec 15 novembre alle ore 19:00\u00a0Vito Fusaro dialoga con Serena Dal Borgo al bar Insolita storia\u00a0 in via Zuppani, 10 a Belluno.<\/p>\n<figure id=\"attachment_45806\" aria-describedby=\"caption-attachment-45806\" style=\"width: 270px\" class=\"wp-caption alignleft\"><a href=\"http:\/\/www.bellunopress.it\/fr\/2013\/01\/18\/furti-nella-notte-colpiti-due-locali-del-centro-il-bar-degli-alpini-e-linsolita-storia-rubano-anche-le-sigarette-tranne-i-pacchetti-di-diana-la-notte-prima-colpiti-il-lollino-e-lagosti\/bar-insolita-storia\/\" rel=\"attachment wp-att-45806\"><img loading=\"lazy\" decoding=\"async\" class=\"size-full wp-image-45806\" src=\"http:\/\/www.bellunopress.it\/wp-content\/uploads\/2013\/01\/bar-insolita-storia.jpg\" alt=\"\" width=\"270\" height=\"202\" \/><\/a><figcaption id=\"caption-attachment-45806\" class=\"wp-caption-text\">Bar Insolita storia<\/figcaption><\/figure>\n<p>Ancora un testo assai ispirato quello del quarto libro di Vito Fusaro, nuovamente dedicato alla \u201csua\u201d Alessandra.\u00a0Alla figlia adorata e persa aveva dedicato la sua opera d&#8217;esordio, \u201cCome prima\u201d, indirizzandole alcune toccanti lettere frammiste ad alcune realmente inviatele quando lei era in vita, e poi nella sua seconda opera, \u201cL&#8217;uomo del lago\u201d, aveva trasposto i suoi sentimenti e dolori di padre in una narrazione trasfigurante fatti reali in uno scenario basato su una per certi versi geniale invenzione.\u00a0Nel terzo libro, \u201cIl viaggio di Marek\u201d, aveva gi\u00e0 spostato la sua visione di vita in un futuro di fantasia in cui raccontava come appartenenti al passato episodi solo immaginati in un futuro appena intravisto. In questo suo quarto libro, utilizza la stessa chiave interpretativa per continuare a raccontarci, come gi\u00e0 avvenuto, un suo \u201cviaggio\u201d oltre la vita, in una \u201csecond life\u201d di l\u00e0 da venire, in cui egli pensa, sogna, spera di poter incontrare di nuovo sua figlia.<\/p>\n<p>Elso Simone Serpentini<\/p>\n<p>&nbsp;<\/p>","protected":false},"excerpt":{"rendered":"<p>Rinviato a mercoled\u00ec 20 novembre ore 19, causa maltempo. Gioved\u00ec 15 novembre alle ore 19:00\u00a0Vito Fusaro dialoga con Serena Dal Borgo al bar Insolita storia\u00a0 in via Zuppani, 10 a Belluno. Ancora un testo assai ispirato quello del quarto libro di Vito Fusaro, nuovamente dedicato alla \u201csua\u201d Alessandra.\u00a0Alla figlia adorata e persa aveva dedicato la [&hellip;]<\/p>\n","protected":false},"author":2,"featured_media":0,"comment_status":"closed","ping_status":"open","sticky":false,"template":"","format":"standard","meta":{"footnotes":""},"categories":[27,3,25],"tags":[],"class_list":["post-109462","post","type-post","status-publish","format-standard","category-appuntamenti","category-arte-cultura-spettacoli-scienza-archivi","category-pausa-caffe"],"yoast_head":"<!-- This site is optimized with the Yoast SEO plugin v28.4 - https:\/\/yoast.com\/product\/yoast-seo-wordpress\/ -->\n<title>Vito Fusaro gioved\u00ec all&#039;Insolita storia di Belluno - Bellunopress - Dolomiti<\/title>\n<meta name=\"robots\" content=\"index, follow, max-snippet:-1, max-image-preview:large, max-video-preview:-1\" \/>\n<link rel=\"canonical\" href=\"https:\/\/www.bellunopress.it\/fr\/2019\/11\/10\/vito-fusaro-giovedi-allinsolita-storia-di-belluno\/\" \/>\n<meta property=\"og:locale\" content=\"fr_FR\" \/>\n<meta property=\"og:type\" content=\"article\" \/>\n<meta property=\"og:title\" content=\"Vito Fusaro gioved\u00ec all&#039;Insolita storia di Belluno - Bellunopress - Dolomiti\" \/>\n<meta property=\"og:description\" content=\"Rinviato a mercoled\u00ec 20 novembre ore 19, causa maltempo. Gioved\u00ec 15 novembre alle ore 19:00\u00a0Vito Fusaro dialoga con Serena Dal Borgo al bar Insolita storia\u00a0 in via Zuppani, 10 a Belluno. Ancora un testo assai ispirato quello del quarto libro di Vito Fusaro, nuovamente dedicato alla \u201csua\u201d Alessandra.\u00a0Alla figlia adorata e persa aveva dedicato la [&hellip;]\" \/>\n<meta property=\"og:url\" content=\"https:\/\/www.bellunopress.it\/fr\/2019\/11\/10\/vito-fusaro-giovedi-allinsolita-storia-di-belluno\/\" \/>\n<meta property=\"og:site_name\" content=\"Bellunopress - Dolomiti\" \/>\n<meta property=\"article:publisher\" content=\"https:\/\/www.facebook.com\/profile.php?id=100008943462799\" \/>\n<meta property=\"article:published_time\" content=\"2019-11-10T21:31:55+00:00\" \/>\n<meta property=\"article:modified_time\" content=\"2019-11-16T09:54:04+00:00\" \/>\n<meta property=\"og:image\" content=\"http:\/\/www.bellunopress.it\/wp-content\/uploads\/2013\/01\/bar-insolita-storia.jpg\" \/>\n<meta name=\"author\" content=\"redazione\" \/>\n<meta name=\"twitter:card\" content=\"summary_large_image\" \/>\n<meta name=\"twitter:creator\" content=\"@bellunopress\" \/>\n<meta name=\"twitter:site\" content=\"@bellunopress\" \/>\n<meta name=\"twitter:label1\" content=\"\u00c9crit par\" \/>\n\t<meta name=\"twitter:data1\" content=\"redazione\" \/>\n\t<meta name=\"twitter:label2\" content=\"Dur\u00e9e de lecture estim\u00e9e\" \/>\n\t<meta name=\"twitter:data2\" content=\"1 minute\" \/>\n<script type=\"application\/ld+json\" class=\"yoast-schema-graph\">{\"@context\":\"https:\\\/\\\/schema.org\",\"@graph\":[{\"@type\":\"Article\",\"@id\":\"https:\\\/\\\/www.bellunopress.it\\\/2019\\\/11\\\/10\\\/vito-fusaro-giovedi-allinsolita-storia-di-belluno\\\/#article\",\"isPartOf\":{\"@id\":\"https:\\\/\\\/www.bellunopress.it\\\/2019\\\/11\\\/10\\\/vito-fusaro-giovedi-allinsolita-storia-di-belluno\\\/\"},\"author\":{\"name\":\"redazione\",\"@id\":\"https:\\\/\\\/www.bellunopress.it\\\/#\\\/schema\\\/person\\\/79bb06722b37ece1c03d3e94beb30d73\"},\"headline\":\"Vito Fusaro gioved\u00ec all&#8217;Insolita storia di Belluno\",\"datePublished\":\"2019-11-10T21:31:55+00:00\",\"dateModified\":\"2019-11-16T09:54:04+00:00\",\"mainEntityOfPage\":{\"@id\":\"https:\\\/\\\/www.bellunopress.it\\\/2019\\\/11\\\/10\\\/vito-fusaro-giovedi-allinsolita-storia-di-belluno\\\/\"},\"wordCount\":209,\"publisher\":{\"@id\":\"https:\\\/\\\/www.bellunopress.it\\\/#organization\"},\"image\":{\"@id\":\"https:\\\/\\\/www.bellunopress.it\\\/2019\\\/11\\\/10\\\/vito-fusaro-giovedi-allinsolita-storia-di-belluno\\\/#primaryimage\"},\"thumbnailUrl\":\"http:\\\/\\\/www.bellunopress.it\\\/wp-content\\\/uploads\\\/2013\\\/01\\\/bar-insolita-storia.jpg\",\"articleSection\":[\"Appuntamenti, Eventi\",\"Arte, Cultura, Spettacoli, Scienza\",\"Pausa Caff\u00e8\"],\"inLanguage\":\"fr-FR\"},{\"@type\":\"WebPage\",\"@id\":\"https:\\\/\\\/www.bellunopress.it\\\/2019\\\/11\\\/10\\\/vito-fusaro-giovedi-allinsolita-storia-di-belluno\\\/\",\"url\":\"https:\\\/\\\/www.bellunopress.it\\\/2019\\\/11\\\/10\\\/vito-fusaro-giovedi-allinsolita-storia-di-belluno\\\/\",\"name\":\"Vito Fusaro gioved\u00ec all'Insolita storia di Belluno - Bellunopress - Dolomiti\",\"isPartOf\":{\"@id\":\"https:\\\/\\\/www.bellunopress.it\\\/#website\"},\"primaryImageOfPage\":{\"@id\":\"https:\\\/\\\/www.bellunopress.it\\\/2019\\\/11\\\/10\\\/vito-fusaro-giovedi-allinsolita-storia-di-belluno\\\/#primaryimage\"},\"image\":{\"@id\":\"https:\\\/\\\/www.bellunopress.it\\\/2019\\\/11\\\/10\\\/vito-fusaro-giovedi-allinsolita-storia-di-belluno\\\/#primaryimage\"},\"thumbnailUrl\":\"http:\\\/\\\/www.bellunopress.it\\\/wp-content\\\/uploads\\\/2013\\\/01\\\/bar-insolita-storia.jpg\",\"datePublished\":\"2019-11-10T21:31:55+00:00\",\"dateModified\":\"2019-11-16T09:54:04+00:00\",\"breadcrumb\":{\"@id\":\"https:\\\/\\\/www.bellunopress.it\\\/2019\\\/11\\\/10\\\/vito-fusaro-giovedi-allinsolita-storia-di-belluno\\\/#breadcrumb\"},\"inLanguage\":\"fr-FR\",\"potentialAction\":[{\"@type\":\"ReadAction\",\"target\":[\"https:\\\/\\\/www.bellunopress.it\\\/2019\\\/11\\\/10\\\/vito-fusaro-giovedi-allinsolita-storia-di-belluno\\\/\"]}]},{\"@type\":\"ImageObject\",\"inLanguage\":\"fr-FR\",\"@id\":\"https:\\\/\\\/www.bellunopress.it\\\/2019\\\/11\\\/10\\\/vito-fusaro-giovedi-allinsolita-storia-di-belluno\\\/#primaryimage\",\"url\":\"http:\\\/\\\/www.bellunopress.it\\\/wp-content\\\/uploads\\\/2013\\\/01\\\/bar-insolita-storia.jpg\",\"contentUrl\":\"http:\\\/\\\/www.bellunopress.it\\\/wp-content\\\/uploads\\\/2013\\\/01\\\/bar-insolita-storia.jpg\"},{\"@type\":\"BreadcrumbList\",\"@id\":\"https:\\\/\\\/www.bellunopress.it\\\/2019\\\/11\\\/10\\\/vito-fusaro-giovedi-allinsolita-storia-di-belluno\\\/#breadcrumb\",\"itemListElement\":[{\"@type\":\"ListItem\",\"position\":1,\"name\":\"Home\",\"item\":\"https:\\\/\\\/www.bellunopress.it\\\/\"},{\"@type\":\"ListItem\",\"position\":2,\"name\":\"Vito Fusaro gioved\u00ec all&#8217;Insolita storia di Belluno\"}]},{\"@type\":\"WebSite\",\"@id\":\"https:\\\/\\\/www.bellunopress.it\\\/#website\",\"url\":\"https:\\\/\\\/www.bellunopress.it\\\/\",\"name\":\"Bellunopress - Dolomiti\",\"description\":\"e-mail: redazione@bellunopress.it\",\"publisher\":{\"@id\":\"https:\\\/\\\/www.bellunopress.it\\\/#organization\"},\"potentialAction\":[{\"@type\":\"SearchAction\",\"target\":{\"@type\":\"EntryPoint\",\"urlTemplate\":\"https:\\\/\\\/www.bellunopress.it\\\/?s={search_term_string}\"},\"query-input\":{\"@type\":\"PropertyValueSpecification\",\"valueRequired\":true,\"valueName\":\"search_term_string\"}}],\"inLanguage\":\"fr-FR\"},{\"@type\":\"Organization\",\"@id\":\"https:\\\/\\\/www.bellunopress.it\\\/#organization\",\"name\":\"Bellunopress\",\"url\":\"https:\\\/\\\/www.bellunopress.it\\\/\",\"logo\":{\"@type\":\"ImageObject\",\"inLanguage\":\"fr-FR\",\"@id\":\"https:\\\/\\\/www.bellunopress.it\\\/#\\\/schema\\\/logo\\\/image\\\/\",\"url\":\"https:\\\/\\\/www.bellunopress.it\\\/wp-content\\\/uploads\\\/2011\\\/05\\\/cropped-logo-bellunopress-.jpg\",\"contentUrl\":\"https:\\\/\\\/www.bellunopress.it\\\/wp-content\\\/uploads\\\/2011\\\/05\\\/cropped-logo-bellunopress-.jpg\",\"width\":512,\"height\":512,\"caption\":\"Bellunopress\"},\"image\":{\"@id\":\"https:\\\/\\\/www.bellunopress.it\\\/#\\\/schema\\\/logo\\\/image\\\/\"},\"sameAs\":[\"https:\\\/\\\/www.facebook.com\\\/profile.php?id=100008943462799\",\"https:\\\/\\\/x.com\\\/bellunopress\",\"https:\\\/\\\/www.linkedin.com\\\/hp\\\/?dnr=JBzUWaJfMUw8vbXJJ2tVW5-I3jZKvC4wsoxE&amp;amp;amp;amp;amp;amp;trk=nav_responsive_tab_home\",\"https:\\\/\\\/www.youtube.com\\\/channel\\\/UCxL0wu1uN0_3_7hGG0306cw\"]},{\"@type\":\"Person\",\"@id\":\"https:\\\/\\\/www.bellunopress.it\\\/#\\\/schema\\\/person\\\/79bb06722b37ece1c03d3e94beb30d73\",\"name\":\"redazione\",\"image\":{\"@type\":\"ImageObject\",\"inLanguage\":\"fr-FR\",\"@id\":\"https:\\\/\\\/secure.gravatar.com\\\/avatar\\\/37d968a2e67a6fd04c169c4bdef102d0bc5d31b2546345219e348575eb80e9a0?s=96&d=mm&r=g\",\"url\":\"https:\\\/\\\/secure.gravatar.com\\\/avatar\\\/37d968a2e67a6fd04c169c4bdef102d0bc5d31b2546345219e348575eb80e9a0?s=96&d=mm&r=g\",\"contentUrl\":\"https:\\\/\\\/secure.gravatar.com\\\/avatar\\\/37d968a2e67a6fd04c169c4bdef102d0bc5d31b2546345219e348575eb80e9a0?s=96&d=mm&r=g\",\"caption\":\"redazione\"},\"sameAs\":[\"http:\\\/\\\/www.bellunopress.it\",\"https:\\\/\\\/x.com\\\/bellunopress\"],\"url\":\"https:\\\/\\\/www.bellunopress.it\\\/fr\\\/author\\\/redazione\\\/\"}]}<\/script>\n<!-- \/ Yoast SEO plugin. -->","yoast_head_json":{"title":"Vito Fusaro gioved\u00ec all'Insolita storia di Belluno - Bellunopress - Dolomiti","robots":{"index":"index","follow":"follow","max-snippet":"max-snippet:-1","max-image-preview":"max-image-preview:large","max-video-preview":"max-video-preview:-1"},"canonical":"https:\/\/www.bellunopress.it\/fr\/2019\/11\/10\/vito-fusaro-giovedi-allinsolita-storia-di-belluno\/","og_locale":"fr_FR","og_type":"article","og_title":"Vito Fusaro gioved\u00ec all'Insolita storia di Belluno - Bellunopress - Dolomiti","og_description":"Rinviato a mercoled\u00ec 20 novembre ore 19, causa maltempo. Gioved\u00ec 15 novembre alle ore 19:00\u00a0Vito Fusaro dialoga con Serena Dal Borgo al bar Insolita storia\u00a0 in via Zuppani, 10 a Belluno. Ancora un testo assai ispirato quello del quarto libro di Vito Fusaro, nuovamente dedicato alla \u201csua\u201d Alessandra.\u00a0Alla figlia adorata e persa aveva dedicato la [&hellip;]","og_url":"https:\/\/www.bellunopress.it\/fr\/2019\/11\/10\/vito-fusaro-giovedi-allinsolita-storia-di-belluno\/","og_site_name":"Bellunopress - Dolomiti","article_publisher":"https:\/\/www.facebook.com\/profile.php?id=100008943462799","article_published_time":"2019-11-10T21:31:55+00:00","article_modified_time":"2019-11-16T09:54:04+00:00","og_image":[{"url":"http:\/\/www.bellunopress.it\/wp-content\/uploads\/2013\/01\/bar-insolita-storia.jpg","type":"","width":"","height":""}],"author":"redazione","twitter_card":"summary_large_image","twitter_creator":"@bellunopress","twitter_site":"@bellunopress","twitter_misc":{"\u00c9crit par":"redazione","Dur\u00e9e de lecture estim\u00e9e":"1 minute"},"schema":{"@context":"https:\/\/schema.org","@graph":[{"@type":"Article","@id":"https:\/\/www.bellunopress.it\/2019\/11\/10\/vito-fusaro-giovedi-allinsolita-storia-di-belluno\/#article","isPartOf":{"@id":"https:\/\/www.bellunopress.it\/2019\/11\/10\/vito-fusaro-giovedi-allinsolita-storia-di-belluno\/"},"author":{"name":"redazione","@id":"https:\/\/www.bellunopress.it\/#\/schema\/person\/79bb06722b37ece1c03d3e94beb30d73"},"headline":"Vito Fusaro gioved\u00ec all&#8217;Insolita storia di Belluno","datePublished":"2019-11-10T21:31:55+00:00","dateModified":"2019-11-16T09:54:04+00:00","mainEntityOfPage":{"@id":"https:\/\/www.bellunopress.it\/2019\/11\/10\/vito-fusaro-giovedi-allinsolita-storia-di-belluno\/"},"wordCount":209,"publisher":{"@id":"https:\/\/www.bellunopress.it\/#organization"},"image":{"@id":"https:\/\/www.bellunopress.it\/2019\/11\/10\/vito-fusaro-giovedi-allinsolita-storia-di-belluno\/#primaryimage"},"thumbnailUrl":"http:\/\/www.bellunopress.it\/wp-content\/uploads\/2013\/01\/bar-insolita-storia.jpg","articleSection":["Appuntamenti, Eventi","Arte, Cultura, Spettacoli, Scienza","Pausa Caff\u00e8"],"inLanguage":"fr-FR"},{"@type":"WebPage","@id":"https:\/\/www.bellunopress.it\/2019\/11\/10\/vito-fusaro-giovedi-allinsolita-storia-di-belluno\/","url":"https:\/\/www.bellunopress.it\/2019\/11\/10\/vito-fusaro-giovedi-allinsolita-storia-di-belluno\/","name":"Vito Fusaro gioved\u00ec all'Insolita storia di Belluno - Bellunopress - Dolomiti","isPartOf":{"@id":"https:\/\/www.bellunopress.it\/#website"},"primaryImageOfPage":{"@id":"https:\/\/www.bellunopress.it\/2019\/11\/10\/vito-fusaro-giovedi-allinsolita-storia-di-belluno\/#primaryimage"},"image":{"@id":"https:\/\/www.bellunopress.it\/2019\/11\/10\/vito-fusaro-giovedi-allinsolita-storia-di-belluno\/#primaryimage"},"thumbnailUrl":"http:\/\/www.bellunopress.it\/wp-content\/uploads\/2013\/01\/bar-insolita-storia.jpg","datePublished":"2019-11-10T21:31:55+00:00","dateModified":"2019-11-16T09:54:04+00:00","breadcrumb":{"@id":"https:\/\/www.bellunopress.it\/2019\/11\/10\/vito-fusaro-giovedi-allinsolita-storia-di-belluno\/#breadcrumb"},"inLanguage":"fr-FR","potentialAction":[{"@type":"ReadAction","target":["https:\/\/www.bellunopress.it\/2019\/11\/10\/vito-fusaro-giovedi-allinsolita-storia-di-belluno\/"]}]},{"@type":"ImageObject","inLanguage":"fr-FR","@id":"https:\/\/www.bellunopress.it\/2019\/11\/10\/vito-fusaro-giovedi-allinsolita-storia-di-belluno\/#primaryimage","url":"http:\/\/www.bellunopress.it\/wp-content\/uploads\/2013\/01\/bar-insolita-storia.jpg","contentUrl":"http:\/\/www.bellunopress.it\/wp-content\/uploads\/2013\/01\/bar-insolita-storia.jpg"},{"@type":"BreadcrumbList","@id":"https:\/\/www.bellunopress.it\/2019\/11\/10\/vito-fusaro-giovedi-allinsolita-storia-di-belluno\/#breadcrumb","itemListElement":[{"@type":"ListItem","position":1,"name":"Home","item":"https:\/\/www.bellunopress.it\/"},{"@type":"ListItem","position":2,"name":"Vito Fusaro gioved\u00ec all&#8217;Insolita storia di Belluno"}]},{"@type":"WebSite","@id":"https:\/\/www.bellunopress.it\/#website","url":"https:\/\/www.bellunopress.it\/","name":"Bellunopress - Dolomiti","description":"e-mail: redazione@bellunopress.it","publisher":{"@id":"https:\/\/www.bellunopress.it\/#organization"},"potentialAction":[{"@type":"SearchAction","target":{"@type":"EntryPoint","urlTemplate":"https:\/\/www.bellunopress.it\/?s={search_term_string}"},"query-input":{"@type":"PropertyValueSpecification","valueRequired":true,"valueName":"search_term_string"}}],"inLanguage":"fr-FR"},{"@type":"Organization","@id":"https:\/\/www.bellunopress.it\/#organization","name":"Bellunopress","url":"https:\/\/www.bellunopress.it\/","logo":{"@type":"ImageObject","inLanguage":"fr-FR","@id":"https:\/\/www.bellunopress.it\/#\/schema\/logo\/image\/","url":"https:\/\/www.bellunopress.it\/wp-content\/uploads\/2011\/05\/cropped-logo-bellunopress-.jpg","contentUrl":"https:\/\/www.bellunopress.it\/wp-content\/uploads\/2011\/05\/cropped-logo-bellunopress-.jpg","width":512,"height":512,"caption":"Bellunopress"},"image":{"@id":"https:\/\/www.bellunopress.it\/#\/schema\/logo\/image\/"},"sameAs":["https:\/\/www.facebook.com\/profile.php?id=100008943462799","https:\/\/x.com\/bellunopress","https:\/\/www.linkedin.com\/hp\/?dnr=JBzUWaJfMUw8vbXJJ2tVW5-I3jZKvC4wsoxE&amp;amp;amp;amp;amp;amp;trk=nav_responsive_tab_home","https:\/\/www.youtube.com\/channel\/UCxL0wu1uN0_3_7hGG0306cw"]},{"@type":"Person","@id":"https:\/\/www.bellunopress.it\/#\/schema\/person\/79bb06722b37ece1c03d3e94beb30d73","name":"r\u00e9daction","image":{"@type":"ImageObject","inLanguage":"fr-FR","@id":"https:\/\/secure.gravatar.com\/avatar\/37d968a2e67a6fd04c169c4bdef102d0bc5d31b2546345219e348575eb80e9a0?s=96&d=mm&r=g","url":"https:\/\/secure.gravatar.com\/avatar\/37d968a2e67a6fd04c169c4bdef102d0bc5d31b2546345219e348575eb80e9a0?s=96&d=mm&r=g","contentUrl":"https:\/\/secure.gravatar.com\/avatar\/37d968a2e67a6fd04c169c4bdef102d0bc5d31b2546345219e348575eb80e9a0?s=96&d=mm&r=g","caption":"redazione"},"sameAs":["http:\/\/www.bellunopress.it","https:\/\/x.com\/bellunopress"],"url":"https:\/\/www.bellunopress.it\/fr\/author\/redazione\/"}]}},"_links":{"self":[{"href":"https:\/\/www.bellunopress.it\/fr\/wp-json\/wp\/v2\/posts\/109462","targetHints":{"allow":["GET"]}}],"collection":[{"href":"https:\/\/www.bellunopress.it\/fr\/wp-json\/wp\/v2\/posts"}],"about":[{"href":"https:\/\/www.bellunopress.it\/fr\/wp-json\/wp\/v2\/types\/post"}],"author":[{"embeddable":true,"href":"https:\/\/www.bellunopress.it\/fr\/wp-json\/wp\/v2\/users\/2"}],"replies":[{"embeddable":true,"href":"https:\/\/www.bellunopress.it\/fr\/wp-json\/wp\/v2\/comments?post=109462"}],"version-history":[{"count":3,"href":"https:\/\/www.bellunopress.it\/fr\/wp-json\/wp\/v2\/posts\/109462\/revisions"}],"predecessor-version":[{"id":109640,"href":"https:\/\/www.bellunopress.it\/fr\/wp-json\/wp\/v2\/posts\/109462\/revisions\/109640"}],"wp:attachment":[{"href":"https:\/\/www.bellunopress.it\/fr\/wp-json\/wp\/v2\/media?parent=109462"}],"wp:term":[{"taxonomy":"category","embeddable":true,"href":"https:\/\/www.bellunopress.it\/fr\/wp-json\/wp\/v2\/categories?post=109462"},{"taxonomy":"post_tag","embeddable":true,"href":"https:\/\/www.bellunopress.it\/fr\/wp-json\/wp\/v2\/tags?post=109462"}],"curies":[{"name":"wp","href":"https:\/\/api.w.org\/{rel}","templated":true}]}}