{"id":109459,"date":"2019-11-10T21:19:54","date_gmt":"2019-11-10T20:19:54","guid":{"rendered":"http:\/\/www.bellunopress.it\/?p=109459"},"modified":"2019-11-13T20:58:42","modified_gmt":"2019-11-13T19:58:42","slug":"volontari-per-i-mondiali-2021-mercoledi-al-palazzo-delle-contesse-di-mel-lincontro","status":"publish","type":"post","link":"https:\/\/www.bellunopress.it\/fr\/2019\/11\/10\/volontari-per-i-mondiali-2021-mercoledi-al-palazzo-delle-contesse-di-mel-lincontro\/","title":{"rendered":"Volontari per i Mondiali 2021. Mercoled\u00ec al Palazzo delle Contesse di Mel l&#8217;incontro"},"content":{"rendered":"<p>Mercoled\u00ec 13 novembre alle ore 20.30, al Palazzo delle Contesse di Mel, si terr\u00e0 l\u2019incontro con il responsabile dei volontari dei Campionati del Mondo di Cortina 2021, Giorgio Gaspari.<\/p>\n<p><a href=\"http:\/\/www.bellunopress.it\/fr\/2016\/11\/04\/cortina-2021-fondazione-cortina-e-certa-del-sostegno-delle-istituzioni-e-dei-privati\/cortina-2021-3\/\" rel=\"attachment wp-att-81935\"><img loading=\"lazy\" decoding=\"async\" class=\"alignleft size-full wp-image-81935\" src=\"http:\/\/www.bellunopress.it\/wp-content\/uploads\/2016\/11\/cortina-2021.jpg\" alt=\"\" width=\"190\" height=\"127\" \/><\/a>Questo incontro informativo ha lo scopo di spiegare le necessit\u00e0 e le opportunit\u00e0 che un evento del genere pu\u00f2 fornire agli abitanti del nostro territorio, conoscendo la macchina organizzativa e la gestione di un avvenimento di tale importanza.<\/p>\n<p>Le possibilit\u00e0 di essere presenti in veste di volontario a questi Campionati Mondiali sono molteplici e possono essere un\u2019esperienza interessante e positiva per chi vuole aderire all\u2019iniziativa.<\/p>","protected":false},"excerpt":{"rendered":"<p>Mercoled\u00ec 13 novembre alle ore 20.30, al Palazzo delle Contesse di Mel, si terr\u00e0 l\u2019incontro con il responsabile dei volontari dei Campionati del Mondo di Cortina 2021, Giorgio Gaspari. Questo incontro informativo ha lo scopo di spiegare le necessit\u00e0 e le opportunit\u00e0 che un evento del genere pu\u00f2 fornire agli abitanti del nostro territorio, conoscendo [&hellip;]<\/p>\n","protected":false},"author":2,"featured_media":0,"comment_status":"closed","ping_status":"open","sticky":false,"template":"","format":"standard","meta":{"footnotes":""},"categories":[27,4],"tags":[],"class_list":["post-109459","post","type-post","status-publish","format-standard","category-appuntamenti","category-sport"],"yoast_head":"<!-- This site is optimized with the Yoast SEO plugin v28.4 - https:\/\/yoast.com\/product\/yoast-seo-wordpress\/ -->\n<title>Volontari per i Mondiali 2021. Mercoled\u00ec al Palazzo delle Contesse di Mel l&#039;incontro - Bellunopress - Dolomiti<\/title>\n<meta name=\"robots\" content=\"index, follow, max-snippet:-1, max-image-preview:large, max-video-preview:-1\" \/>\n<link rel=\"canonical\" href=\"https:\/\/www.bellunopress.it\/fr\/2019\/11\/10\/volontari-per-i-mondiali-2021-mercoledi-al-palazzo-delle-contesse-di-mel-lincontro\/\" \/>\n<meta property=\"og:locale\" content=\"fr_FR\" \/>\n<meta property=\"og:type\" content=\"article\" \/>\n<meta property=\"og:title\" content=\"Volontari per i Mondiali 2021. Mercoled\u00ec al Palazzo delle Contesse di Mel l&#039;incontro - Bellunopress - Dolomiti\" \/>\n<meta property=\"og:description\" content=\"Mercoled\u00ec 13 novembre alle ore 20.30, al Palazzo delle Contesse di Mel, si terr\u00e0 l\u2019incontro con il responsabile dei volontari dei Campionati del Mondo di Cortina 2021, Giorgio Gaspari. Questo incontro informativo ha lo scopo di spiegare le necessit\u00e0 e le opportunit\u00e0 che un evento del genere pu\u00f2 fornire agli abitanti del nostro territorio, conoscendo [&hellip;]\" \/>\n<meta property=\"og:url\" content=\"https:\/\/www.bellunopress.it\/fr\/2019\/11\/10\/volontari-per-i-mondiali-2021-mercoledi-al-palazzo-delle-contesse-di-mel-lincontro\/\" \/>\n<meta property=\"og:site_name\" content=\"Bellunopress - Dolomiti\" \/>\n<meta property=\"article:publisher\" content=\"https:\/\/www.facebook.com\/profile.php?id=100008943462799\" \/>\n<meta property=\"article:published_time\" content=\"2019-11-10T20:19:54+00:00\" \/>\n<meta property=\"article:modified_time\" content=\"2019-11-13T19:58:42+00:00\" \/>\n<meta property=\"og:image\" content=\"http:\/\/www.bellunopress.it\/wp-content\/uploads\/2016\/11\/cortina-2021.jpg\" \/>\n<meta name=\"author\" content=\"redazione\" \/>\n<meta name=\"twitter:card\" content=\"summary_large_image\" \/>\n<meta name=\"twitter:creator\" content=\"@bellunopress\" \/>\n<meta name=\"twitter:site\" content=\"@bellunopress\" \/>\n<meta name=\"twitter:label1\" content=\"Written by\" \/>\n\t<meta name=\"twitter:data1\" content=\"redazione\" \/>\n<script type=\"application\/ld+json\" class=\"yoast-schema-graph\">{\"@context\":\"https:\\\/\\\/schema.org\",\"@graph\":[{\"@type\":\"Article\",\"@id\":\"https:\\\/\\\/www.bellunopress.it\\\/2019\\\/11\\\/10\\\/volontari-per-i-mondiali-2021-mercoledi-al-palazzo-delle-contesse-di-mel-lincontro\\\/#article\",\"isPartOf\":{\"@id\":\"https:\\\/\\\/www.bellunopress.it\\\/2019\\\/11\\\/10\\\/volontari-per-i-mondiali-2021-mercoledi-al-palazzo-delle-contesse-di-mel-lincontro\\\/\"},\"author\":{\"name\":\"redazione\",\"@id\":\"https:\\\/\\\/www.bellunopress.it\\\/#\\\/schema\\\/person\\\/79bb06722b37ece1c03d3e94beb30d73\"},\"headline\":\"Volontari per i Mondiali 2021. Mercoled\u00ec al Palazzo delle Contesse di Mel l&#8217;incontro\",\"datePublished\":\"2019-11-10T20:19:54+00:00\",\"dateModified\":\"2019-11-13T19:58:42+00:00\",\"mainEntityOfPage\":{\"@id\":\"https:\\\/\\\/www.bellunopress.it\\\/2019\\\/11\\\/10\\\/volontari-per-i-mondiali-2021-mercoledi-al-palazzo-delle-contesse-di-mel-lincontro\\\/\"},\"wordCount\":107,\"publisher\":{\"@id\":\"https:\\\/\\\/www.bellunopress.it\\\/#organization\"},\"image\":{\"@id\":\"https:\\\/\\\/www.bellunopress.it\\\/2019\\\/11\\\/10\\\/volontari-per-i-mondiali-2021-mercoledi-al-palazzo-delle-contesse-di-mel-lincontro\\\/#primaryimage\"},\"thumbnailUrl\":\"http:\\\/\\\/www.bellunopress.it\\\/wp-content\\\/uploads\\\/2016\\\/11\\\/cortina-2021.jpg\",\"articleSection\":[\"Appuntamenti, Eventi\",\"Sport, tempo libero\"],\"inLanguage\":\"fr-FR\"},{\"@type\":\"WebPage\",\"@id\":\"https:\\\/\\\/www.bellunopress.it\\\/2019\\\/11\\\/10\\\/volontari-per-i-mondiali-2021-mercoledi-al-palazzo-delle-contesse-di-mel-lincontro\\\/\",\"url\":\"https:\\\/\\\/www.bellunopress.it\\\/2019\\\/11\\\/10\\\/volontari-per-i-mondiali-2021-mercoledi-al-palazzo-delle-contesse-di-mel-lincontro\\\/\",\"name\":\"Volontari per i Mondiali 2021. Mercoled\u00ec al Palazzo delle Contesse di Mel l'incontro - Bellunopress - Dolomiti\",\"isPartOf\":{\"@id\":\"https:\\\/\\\/www.bellunopress.it\\\/#website\"},\"primaryImageOfPage\":{\"@id\":\"https:\\\/\\\/www.bellunopress.it\\\/2019\\\/11\\\/10\\\/volontari-per-i-mondiali-2021-mercoledi-al-palazzo-delle-contesse-di-mel-lincontro\\\/#primaryimage\"},\"image\":{\"@id\":\"https:\\\/\\\/www.bellunopress.it\\\/2019\\\/11\\\/10\\\/volontari-per-i-mondiali-2021-mercoledi-al-palazzo-delle-contesse-di-mel-lincontro\\\/#primaryimage\"},\"thumbnailUrl\":\"http:\\\/\\\/www.bellunopress.it\\\/wp-content\\\/uploads\\\/2016\\\/11\\\/cortina-2021.jpg\",\"datePublished\":\"2019-11-10T20:19:54+00:00\",\"dateModified\":\"2019-11-13T19:58:42+00:00\",\"breadcrumb\":{\"@id\":\"https:\\\/\\\/www.bellunopress.it\\\/2019\\\/11\\\/10\\\/volontari-per-i-mondiali-2021-mercoledi-al-palazzo-delle-contesse-di-mel-lincontro\\\/#breadcrumb\"},\"inLanguage\":\"fr-FR\",\"potentialAction\":[{\"@type\":\"ReadAction\",\"target\":[\"https:\\\/\\\/www.bellunopress.it\\\/2019\\\/11\\\/10\\\/volontari-per-i-mondiali-2021-mercoledi-al-palazzo-delle-contesse-di-mel-lincontro\\\/\"]}]},{\"@type\":\"ImageObject\",\"inLanguage\":\"fr-FR\",\"@id\":\"https:\\\/\\\/www.bellunopress.it\\\/2019\\\/11\\\/10\\\/volontari-per-i-mondiali-2021-mercoledi-al-palazzo-delle-contesse-di-mel-lincontro\\\/#primaryimage\",\"url\":\"http:\\\/\\\/www.bellunopress.it\\\/wp-content\\\/uploads\\\/2016\\\/11\\\/cortina-2021.jpg\",\"contentUrl\":\"http:\\\/\\\/www.bellunopress.it\\\/wp-content\\\/uploads\\\/2016\\\/11\\\/cortina-2021.jpg\"},{\"@type\":\"BreadcrumbList\",\"@id\":\"https:\\\/\\\/www.bellunopress.it\\\/2019\\\/11\\\/10\\\/volontari-per-i-mondiali-2021-mercoledi-al-palazzo-delle-contesse-di-mel-lincontro\\\/#breadcrumb\",\"itemListElement\":[{\"@type\":\"ListItem\",\"position\":1,\"name\":\"Home\",\"item\":\"https:\\\/\\\/www.bellunopress.it\\\/\"},{\"@type\":\"ListItem\",\"position\":2,\"name\":\"Volontari per i Mondiali 2021. Mercoled\u00ec al Palazzo delle Contesse di Mel l&#8217;incontro\"}]},{\"@type\":\"WebSite\",\"@id\":\"https:\\\/\\\/www.bellunopress.it\\\/#website\",\"url\":\"https:\\\/\\\/www.bellunopress.it\\\/\",\"name\":\"Bellunopress - Dolomiti\",\"description\":\"e-mail: redazione@bellunopress.it\",\"publisher\":{\"@id\":\"https:\\\/\\\/www.bellunopress.it\\\/#organization\"},\"potentialAction\":[{\"@type\":\"SearchAction\",\"target\":{\"@type\":\"EntryPoint\",\"urlTemplate\":\"https:\\\/\\\/www.bellunopress.it\\\/?s={search_term_string}\"},\"query-input\":{\"@type\":\"PropertyValueSpecification\",\"valueRequired\":true,\"valueName\":\"search_term_string\"}}],\"inLanguage\":\"fr-FR\"},{\"@type\":\"Organization\",\"@id\":\"https:\\\/\\\/www.bellunopress.it\\\/#organization\",\"name\":\"Bellunopress\",\"url\":\"https:\\\/\\\/www.bellunopress.it\\\/\",\"logo\":{\"@type\":\"ImageObject\",\"inLanguage\":\"fr-FR\",\"@id\":\"https:\\\/\\\/www.bellunopress.it\\\/#\\\/schema\\\/logo\\\/image\\\/\",\"url\":\"https:\\\/\\\/www.bellunopress.it\\\/wp-content\\\/uploads\\\/2011\\\/05\\\/cropped-logo-bellunopress-.jpg\",\"contentUrl\":\"https:\\\/\\\/www.bellunopress.it\\\/wp-content\\\/uploads\\\/2011\\\/05\\\/cropped-logo-bellunopress-.jpg\",\"width\":512,\"height\":512,\"caption\":\"Bellunopress\"},\"image\":{\"@id\":\"https:\\\/\\\/www.bellunopress.it\\\/#\\\/schema\\\/logo\\\/image\\\/\"},\"sameAs\":[\"https:\\\/\\\/www.facebook.com\\\/profile.php?id=100008943462799\",\"https:\\\/\\\/x.com\\\/bellunopress\",\"https:\\\/\\\/www.linkedin.com\\\/hp\\\/?dnr=JBzUWaJfMUw8vbXJJ2tVW5-I3jZKvC4wsoxE&amp;amp;amp;amp;amp;amp;trk=nav_responsive_tab_home\",\"https:\\\/\\\/www.youtube.com\\\/channel\\\/UCxL0wu1uN0_3_7hGG0306cw\"]},{\"@type\":\"Person\",\"@id\":\"https:\\\/\\\/www.bellunopress.it\\\/#\\\/schema\\\/person\\\/79bb06722b37ece1c03d3e94beb30d73\",\"name\":\"redazione\",\"image\":{\"@type\":\"ImageObject\",\"inLanguage\":\"fr-FR\",\"@id\":\"https:\\\/\\\/secure.gravatar.com\\\/avatar\\\/37d968a2e67a6fd04c169c4bdef102d0bc5d31b2546345219e348575eb80e9a0?s=96&d=mm&r=g\",\"url\":\"https:\\\/\\\/secure.gravatar.com\\\/avatar\\\/37d968a2e67a6fd04c169c4bdef102d0bc5d31b2546345219e348575eb80e9a0?s=96&d=mm&r=g\",\"contentUrl\":\"https:\\\/\\\/secure.gravatar.com\\\/avatar\\\/37d968a2e67a6fd04c169c4bdef102d0bc5d31b2546345219e348575eb80e9a0?s=96&d=mm&r=g\",\"caption\":\"redazione\"},\"sameAs\":[\"http:\\\/\\\/www.bellunopress.it\",\"https:\\\/\\\/x.com\\\/bellunopress\"],\"url\":\"https:\\\/\\\/www.bellunopress.it\\\/fr\\\/author\\\/redazione\\\/\"}]}<\/script>\n<!-- \/ Yoast SEO plugin. -->","yoast_head_json":{"title":"Volontari per i Mondiali 2021. Mercoled\u00ec al Palazzo delle Contesse di Mel l'incontro - Bellunopress - Dolomiti","robots":{"index":"index","follow":"follow","max-snippet":"max-snippet:-1","max-image-preview":"max-image-preview:large","max-video-preview":"max-video-preview:-1"},"canonical":"https:\/\/www.bellunopress.it\/fr\/2019\/11\/10\/volontari-per-i-mondiali-2021-mercoledi-al-palazzo-delle-contesse-di-mel-lincontro\/","og_locale":"fr_FR","og_type":"article","og_title":"Volontari per i Mondiali 2021. Mercoled\u00ec al Palazzo delle Contesse di Mel l'incontro - Bellunopress - Dolomiti","og_description":"Mercoled\u00ec 13 novembre alle ore 20.30, al Palazzo delle Contesse di Mel, si terr\u00e0 l\u2019incontro con il responsabile dei volontari dei Campionati del Mondo di Cortina 2021, Giorgio Gaspari. Questo incontro informativo ha lo scopo di spiegare le necessit\u00e0 e le opportunit\u00e0 che un evento del genere pu\u00f2 fornire agli abitanti del nostro territorio, conoscendo [&hellip;]","og_url":"https:\/\/www.bellunopress.it\/fr\/2019\/11\/10\/volontari-per-i-mondiali-2021-mercoledi-al-palazzo-delle-contesse-di-mel-lincontro\/","og_site_name":"Bellunopress - Dolomiti","article_publisher":"https:\/\/www.facebook.com\/profile.php?id=100008943462799","article_published_time":"2019-11-10T20:19:54+00:00","article_modified_time":"2019-11-13T19:58:42+00:00","og_image":[{"url":"http:\/\/www.bellunopress.it\/wp-content\/uploads\/2016\/11\/cortina-2021.jpg","type":"","width":"","height":""}],"author":"redazione","twitter_card":"summary_large_image","twitter_creator":"@bellunopress","twitter_site":"@bellunopress","twitter_misc":{"Written by":"redazione"},"schema":{"@context":"https:\/\/schema.org","@graph":[{"@type":"Article","@id":"https:\/\/www.bellunopress.it\/2019\/11\/10\/volontari-per-i-mondiali-2021-mercoledi-al-palazzo-delle-contesse-di-mel-lincontro\/#article","isPartOf":{"@id":"https:\/\/www.bellunopress.it\/2019\/11\/10\/volontari-per-i-mondiali-2021-mercoledi-al-palazzo-delle-contesse-di-mel-lincontro\/"},"author":{"name":"redazione","@id":"https:\/\/www.bellunopress.it\/#\/schema\/person\/79bb06722b37ece1c03d3e94beb30d73"},"headline":"Volontari per i Mondiali 2021. Mercoled\u00ec al Palazzo delle Contesse di Mel l&#8217;incontro","datePublished":"2019-11-10T20:19:54+00:00","dateModified":"2019-11-13T19:58:42+00:00","mainEntityOfPage":{"@id":"https:\/\/www.bellunopress.it\/2019\/11\/10\/volontari-per-i-mondiali-2021-mercoledi-al-palazzo-delle-contesse-di-mel-lincontro\/"},"wordCount":107,"publisher":{"@id":"https:\/\/www.bellunopress.it\/#organization"},"image":{"@id":"https:\/\/www.bellunopress.it\/2019\/11\/10\/volontari-per-i-mondiali-2021-mercoledi-al-palazzo-delle-contesse-di-mel-lincontro\/#primaryimage"},"thumbnailUrl":"http:\/\/www.bellunopress.it\/wp-content\/uploads\/2016\/11\/cortina-2021.jpg","articleSection":["Appuntamenti, Eventi","Sport, tempo libero"],"inLanguage":"fr-FR"},{"@type":"WebPage","@id":"https:\/\/www.bellunopress.it\/2019\/11\/10\/volontari-per-i-mondiali-2021-mercoledi-al-palazzo-delle-contesse-di-mel-lincontro\/","url":"https:\/\/www.bellunopress.it\/2019\/11\/10\/volontari-per-i-mondiali-2021-mercoledi-al-palazzo-delle-contesse-di-mel-lincontro\/","name":"Volontari per i Mondiali 2021. Mercoled\u00ec al Palazzo delle Contesse di Mel l'incontro - Bellunopress - Dolomiti","isPartOf":{"@id":"https:\/\/www.bellunopress.it\/#website"},"primaryImageOfPage":{"@id":"https:\/\/www.bellunopress.it\/2019\/11\/10\/volontari-per-i-mondiali-2021-mercoledi-al-palazzo-delle-contesse-di-mel-lincontro\/#primaryimage"},"image":{"@id":"https:\/\/www.bellunopress.it\/2019\/11\/10\/volontari-per-i-mondiali-2021-mercoledi-al-palazzo-delle-contesse-di-mel-lincontro\/#primaryimage"},"thumbnailUrl":"http:\/\/www.bellunopress.it\/wp-content\/uploads\/2016\/11\/cortina-2021.jpg","datePublished":"2019-11-10T20:19:54+00:00","dateModified":"2019-11-13T19:58:42+00:00","breadcrumb":{"@id":"https:\/\/www.bellunopress.it\/2019\/11\/10\/volontari-per-i-mondiali-2021-mercoledi-al-palazzo-delle-contesse-di-mel-lincontro\/#breadcrumb"},"inLanguage":"fr-FR","potentialAction":[{"@type":"ReadAction","target":["https:\/\/www.bellunopress.it\/2019\/11\/10\/volontari-per-i-mondiali-2021-mercoledi-al-palazzo-delle-contesse-di-mel-lincontro\/"]}]},{"@type":"ImageObject","inLanguage":"fr-FR","@id":"https:\/\/www.bellunopress.it\/2019\/11\/10\/volontari-per-i-mondiali-2021-mercoledi-al-palazzo-delle-contesse-di-mel-lincontro\/#primaryimage","url":"http:\/\/www.bellunopress.it\/wp-content\/uploads\/2016\/11\/cortina-2021.jpg","contentUrl":"http:\/\/www.bellunopress.it\/wp-content\/uploads\/2016\/11\/cortina-2021.jpg"},{"@type":"BreadcrumbList","@id":"https:\/\/www.bellunopress.it\/2019\/11\/10\/volontari-per-i-mondiali-2021-mercoledi-al-palazzo-delle-contesse-di-mel-lincontro\/#breadcrumb","itemListElement":[{"@type":"ListItem","position":1,"name":"Home","item":"https:\/\/www.bellunopress.it\/"},{"@type":"ListItem","position":2,"name":"Volontari per i Mondiali 2021. Mercoled\u00ec al Palazzo delle Contesse di Mel l&#8217;incontro"}]},{"@type":"WebSite","@id":"https:\/\/www.bellunopress.it\/#website","url":"https:\/\/www.bellunopress.it\/","name":"Bellunopress - Dolomiti","description":"e-mail: redazione@bellunopress.it","publisher":{"@id":"https:\/\/www.bellunopress.it\/#organization"},"potentialAction":[{"@type":"SearchAction","target":{"@type":"EntryPoint","urlTemplate":"https:\/\/www.bellunopress.it\/?s={search_term_string}"},"query-input":{"@type":"PropertyValueSpecification","valueRequired":true,"valueName":"search_term_string"}}],"inLanguage":"fr-FR"},{"@type":"Organization","@id":"https:\/\/www.bellunopress.it\/#organization","name":"Bellunopress","url":"https:\/\/www.bellunopress.it\/","logo":{"@type":"ImageObject","inLanguage":"fr-FR","@id":"https:\/\/www.bellunopress.it\/#\/schema\/logo\/image\/","url":"https:\/\/www.bellunopress.it\/wp-content\/uploads\/2011\/05\/cropped-logo-bellunopress-.jpg","contentUrl":"https:\/\/www.bellunopress.it\/wp-content\/uploads\/2011\/05\/cropped-logo-bellunopress-.jpg","width":512,"height":512,"caption":"Bellunopress"},"image":{"@id":"https:\/\/www.bellunopress.it\/#\/schema\/logo\/image\/"},"sameAs":["https:\/\/www.facebook.com\/profile.php?id=100008943462799","https:\/\/x.com\/bellunopress","https:\/\/www.linkedin.com\/hp\/?dnr=JBzUWaJfMUw8vbXJJ2tVW5-I3jZKvC4wsoxE&amp;amp;amp;amp;amp;amp;trk=nav_responsive_tab_home","https:\/\/www.youtube.com\/channel\/UCxL0wu1uN0_3_7hGG0306cw"]},{"@type":"Person","@id":"https:\/\/www.bellunopress.it\/#\/schema\/person\/79bb06722b37ece1c03d3e94beb30d73","name":"r\u00e9daction","image":{"@type":"ImageObject","inLanguage":"fr-FR","@id":"https:\/\/secure.gravatar.com\/avatar\/37d968a2e67a6fd04c169c4bdef102d0bc5d31b2546345219e348575eb80e9a0?s=96&d=mm&r=g","url":"https:\/\/secure.gravatar.com\/avatar\/37d968a2e67a6fd04c169c4bdef102d0bc5d31b2546345219e348575eb80e9a0?s=96&d=mm&r=g","contentUrl":"https:\/\/secure.gravatar.com\/avatar\/37d968a2e67a6fd04c169c4bdef102d0bc5d31b2546345219e348575eb80e9a0?s=96&d=mm&r=g","caption":"redazione"},"sameAs":["http:\/\/www.bellunopress.it","https:\/\/x.com\/bellunopress"],"url":"https:\/\/www.bellunopress.it\/fr\/author\/redazione\/"}]}},"_links":{"self":[{"href":"https:\/\/www.bellunopress.it\/fr\/wp-json\/wp\/v2\/posts\/109459","targetHints":{"allow":["GET"]}}],"collection":[{"href":"https:\/\/www.bellunopress.it\/fr\/wp-json\/wp\/v2\/posts"}],"about":[{"href":"https:\/\/www.bellunopress.it\/fr\/wp-json\/wp\/v2\/types\/post"}],"author":[{"embeddable":true,"href":"https:\/\/www.bellunopress.it\/fr\/wp-json\/wp\/v2\/users\/2"}],"replies":[{"embeddable":true,"href":"https:\/\/www.bellunopress.it\/fr\/wp-json\/wp\/v2\/comments?post=109459"}],"version-history":[{"count":1,"href":"https:\/\/www.bellunopress.it\/fr\/wp-json\/wp\/v2\/posts\/109459\/revisions"}],"predecessor-version":[{"id":109460,"href":"https:\/\/www.bellunopress.it\/fr\/wp-json\/wp\/v2\/posts\/109459\/revisions\/109460"}],"wp:attachment":[{"href":"https:\/\/www.bellunopress.it\/fr\/wp-json\/wp\/v2\/media?parent=109459"}],"wp:term":[{"taxonomy":"category","embeddable":true,"href":"https:\/\/www.bellunopress.it\/fr\/wp-json\/wp\/v2\/categories?post=109459"},{"taxonomy":"post_tag","embeddable":true,"href":"https:\/\/www.bellunopress.it\/fr\/wp-json\/wp\/v2\/tags?post=109459"}],"curies":[{"name":"wp","href":"https:\/\/api.w.org\/{rel}","templated":true}]}}