{"id":109445,"date":"2019-11-10T14:47:15","date_gmt":"2019-11-10T13:47:15","guid":{"rendered":"http:\/\/www.bellunopress.it\/?p=109445"},"modified":"2019-11-10T15:11:12","modified_gmt":"2019-11-10T14:11:12","slug":"politica-province-solidarieta-ambiente-de-carlo-chiude-lassemblea-provinciale-di-fratelli-ditalia","status":"publish","type":"post","link":"https:\/\/www.bellunopress.it\/fr\/2019\/11\/10\/politica-province-solidarieta-ambiente-de-carlo-chiude-lassemblea-provinciale-di-fratelli-ditalia\/","title":{"rendered":"Politica, province, solidariet\u00e0, ambiente. De Carlo chiude l\u2019assemblea provinciale di Fratelli d\u2019Italia"},"content":{"rendered":"<figure id=\"attachment_109449\" aria-describedby=\"caption-attachment-109449\" style=\"width: 280px\" class=\"wp-caption alignleft\"><a href=\"http:\/\/www.bellunopress.it\/fr\/2019\/11\/10\/politica-province-solidarieta-ambiente-de-carlo-chiude-lassemblea-provinciale-di-fratelli-ditalia\/luca-de-carlo-1\/\" rel=\"attachment wp-att-109449\"><img loading=\"lazy\" decoding=\"async\" class=\"size-full wp-image-109449\" src=\"http:\/\/www.bellunopress.it\/wp-content\/uploads\/2019\/11\/luca-de-carlo-1.jpg\" alt=\"\" width=\"280\" height=\"300\" \/><\/a><figcaption id=\"caption-attachment-109449\" class=\"wp-caption-text\">Luca De Carlo, deputato e sindaco di Calalzo di Cadore<\/figcaption><\/figure>\n<p>Sala stracolma per l\u2019assemblea provinciale di Fratelli d\u2019Italia che si \u00e8 tenuta sabato sera a Belluno.<br \/>\nDopo l\u2019introduzione della coordinatrice del circolo cittadino, Monica Mazzoccoli, del portavoce provinciale, Filippo Osnato, e del coordinatore regionale, eurodeputato e capogruppo FdI in Regione Veneto, la parola \u00e8 passata, dopo alcuni interventi dei dirigenti di partito, al deputato e sindaco di Calalzo di Cadore, Luca De Carlo.<\/p>\n<p>\u201cSiamo qui oggi per ricordare anche i 30 anni dalla caduta del muro di Berlino, la riconquista della libert\u00e0 di un popolo\u201d, ha esordito De Carlo, ricordando i manifesti \u201cOltre il muro\u201d realizzati all\u2019epoca dal Fronte Nazionale della Giovent\u00f9. \u201cOggi abbiamo tanti muri da abbattere: partiamo da quelli costruiti dall\u2019antipolitica intorno alle province. Crediamo e vogliamo che questi enti si riavvicino ai cittadini\u201d, ha spiegato.<\/p>\n<p>Non \u00e8 mancato un pensiero di solidariet\u00e0 a Andrea Franceschi, ex sindaco di Cortina d\u2019Ampezzo: \u201cNoi abbiamo attraversato un deserto politico, crescendo dall\u20191.5% di 5 anni fa al 10% di oggi; lui oggi ha chiuso, con la sentenza di prescrizione, un lungo viaggio che lo ha visto soffrire e durante il quale gli sono sempre stato accanto, perch\u00e9 ho sempre creduto nella sua onest\u00e0\u201d.<br \/>\n\u201cNoi siamo diversi, noi non tradiamo, ma non siamo chiusi: oggi rappresentiamo un mondo che condivide la nostra coerenza, la nostra correttezza e i nostri valori\u201d, ha evidenziato il deputato cadorino.<\/p>\n<p>Un passaggio poi sui risultati elettorali europei: \u201cnoi vogliamo crescere sempre, abbiamo preso voti che pochi anni fa non avremmo neanche pensato di poter ottenere. Siamo stati il quarto partito in provincia, anche senza un candidato bellunese, e con queste percentuali alle prossime regionali possiamo e dobbiamo correre per ottenere un risultato ancora maggiore. Non possiamo permetterci di mantenere il Paese nelle mani di questo governo nazionale: siamo divisi tra una maggioranza \u201crossa\u201d e chi \u00e8 passato da \u201cuno vale uno\u201d a \u201cuno vale l\u2019altro\u201d, ha aggiunto De Carlo.<\/p>\n<p>Gli obbiettivi per la provincia di Belluno \u201cdevono andare oltre il grandissimo lavoro di Giorgia Meloni, ormai vera leader riconosciuta da tutti. Dobbiamo abbattere tanti muri, dalla cultura all\u2019ambiente, tema di destra da sempre: il piano della Germania prevede 100 miliardi di euro in 5 anni, quello di questo governo pensa solo alla tassa sulla plastica. Noi non vogliamo nuove tasse, vogliamo tagliare gli sprechi: conosciamo l\u2019importanza dell\u2019imprenditoria privata, e per dividere la ricchezza bisogna produrla\u201d.<\/p>\n<p>Sui temi locali, De Carlo ha puntato i riflettori sulle Olimpiadi 2026 &#8211; \u201cnon solo fattore economico, ma anche e soprattutto di speranza, per contrastare lo spopolamento. Dobbiamo smetterla di considerarci gli ultimi della classe, ma allearci con chi ha i nostri stessi problemi\u201d &#8211; e su un piano per la montagna: \u201cTra 30 anni, solo il 30% della popolazione vivr\u00e0 nelle zone rurali, e continuer\u00e0 a prevalere la ragione delle citt\u00e0. Io sto dalla parte di chi vuole continuare a restare in montagna; penso al caso lupo, ad esempio: o stai coi lupi, come la maggior parte dei cittadini con la visione di Heidi della montagna, o stai con gli allevatori. Il progetto \u00e8 chiaro: spopolare la montagna per mantenere un ambiente selvaggio a uso e consumo delle metropoli, e noi non ci stiamo\u201d.<\/p>\n<p>Tra gli invitati all\u2019evento, anche Elvira Bello di Cadoneghe, nel Padovano, salita suo malgrado all\u2019onore delle cronache poche settimane fa dopo essere stata rifiutata da una squadra femminile di calcio per le sue idee politiche: \u201cParlando di muri, penso sia inconcepibile che oggi lo sport, primo veicolo di socialit\u00e0 e solidariet\u00e0, venga strumentalizzato per puri scopi ideologici\u201d, ha concluso De Carlo.<\/p>","protected":false},"excerpt":{"rendered":"<p>Sala stracolma per l\u2019assemblea provinciale di Fratelli d\u2019Italia che si \u00e8 tenuta sabato sera a Belluno. Dopo l\u2019introduzione della coordinatrice del circolo cittadino, Monica Mazzoccoli, del portavoce provinciale, Filippo Osnato, e del coordinatore regionale, eurodeputato e capogruppo FdI in Regione Veneto, la parola \u00e8 passata, dopo alcuni interventi dei dirigenti di partito, al deputato e [&hellip;]<\/p>\n","protected":false},"author":2,"featured_media":0,"comment_status":"closed","ping_status":"open","sticky":false,"template":"","format":"standard","meta":{"footnotes":""},"categories":[1],"tags":[],"class_list":["post-109445","post","type-post","status-publish","format-standard","category-leo"],"yoast_head":"<!-- This site is optimized with the Yoast SEO plugin v28.4 - https:\/\/yoast.com\/product\/yoast-seo-wordpress\/ -->\n<title>Politica, province, solidariet\u00e0, ambiente. De Carlo chiude l\u2019assemblea provinciale di Fratelli d\u2019Italia - Bellunopress - Dolomiti<\/title>\n<meta name=\"robots\" content=\"index, follow, max-snippet:-1, max-image-preview:large, max-video-preview:-1\" \/>\n<link rel=\"canonical\" href=\"https:\/\/www.bellunopress.it\/fr\/2019\/11\/10\/politica-province-solidarieta-ambiente-de-carlo-chiude-lassemblea-provinciale-di-fratelli-ditalia\/\" \/>\n<meta property=\"og:locale\" content=\"fr_FR\" \/>\n<meta property=\"og:type\" content=\"article\" \/>\n<meta property=\"og:title\" content=\"Politica, province, solidariet\u00e0, ambiente. De Carlo chiude l\u2019assemblea provinciale di Fratelli d\u2019Italia - Bellunopress - Dolomiti\" \/>\n<meta property=\"og:description\" content=\"Sala stracolma per l\u2019assemblea provinciale di Fratelli d\u2019Italia che si \u00e8 tenuta sabato sera a Belluno. Dopo l\u2019introduzione della coordinatrice del circolo cittadino, Monica Mazzoccoli, del portavoce provinciale, Filippo Osnato, e del coordinatore regionale, eurodeputato e capogruppo FdI in Regione Veneto, la parola \u00e8 passata, dopo alcuni interventi dei dirigenti di partito, al deputato e [&hellip;]\" \/>\n<meta property=\"og:url\" content=\"https:\/\/www.bellunopress.it\/fr\/2019\/11\/10\/politica-province-solidarieta-ambiente-de-carlo-chiude-lassemblea-provinciale-di-fratelli-ditalia\/\" \/>\n<meta property=\"og:site_name\" content=\"Bellunopress - Dolomiti\" \/>\n<meta property=\"article:publisher\" content=\"https:\/\/www.facebook.com\/profile.php?id=100008943462799\" \/>\n<meta property=\"article:published_time\" content=\"2019-11-10T13:47:15+00:00\" \/>\n<meta property=\"article:modified_time\" content=\"2019-11-10T14:11:12+00:00\" \/>\n<meta property=\"og:image\" content=\"http:\/\/www.bellunopress.it\/wp-content\/uploads\/2019\/11\/luca-de-carlo-1.jpg\" \/>\n<meta name=\"author\" content=\"redazione\" \/>\n<meta name=\"twitter:card\" content=\"summary_large_image\" \/>\n<meta name=\"twitter:creator\" content=\"@bellunopress\" \/>\n<meta name=\"twitter:site\" content=\"@bellunopress\" \/>\n<meta name=\"twitter:label1\" content=\"\u00c9crit par\" \/>\n\t<meta name=\"twitter:data1\" content=\"redazione\" \/>\n\t<meta name=\"twitter:label2\" content=\"Dur\u00e9e de lecture estim\u00e9e\" \/>\n\t<meta name=\"twitter:data2\" content=\"3 minutes\" \/>\n<script type=\"application\/ld+json\" class=\"yoast-schema-graph\">{\"@context\":\"https:\\\/\\\/schema.org\",\"@graph\":[{\"@type\":\"Article\",\"@id\":\"https:\\\/\\\/www.bellunopress.it\\\/2019\\\/11\\\/10\\\/politica-province-solidarieta-ambiente-de-carlo-chiude-lassemblea-provinciale-di-fratelli-ditalia\\\/#article\",\"isPartOf\":{\"@id\":\"https:\\\/\\\/www.bellunopress.it\\\/2019\\\/11\\\/10\\\/politica-province-solidarieta-ambiente-de-carlo-chiude-lassemblea-provinciale-di-fratelli-ditalia\\\/\"},\"author\":{\"name\":\"redazione\",\"@id\":\"https:\\\/\\\/www.bellunopress.it\\\/#\\\/schema\\\/person\\\/79bb06722b37ece1c03d3e94beb30d73\"},\"headline\":\"Politica, province, solidariet\u00e0, ambiente. De Carlo chiude l\u2019assemblea provinciale di Fratelli d\u2019Italia\",\"datePublished\":\"2019-11-10T13:47:15+00:00\",\"dateModified\":\"2019-11-10T14:11:12+00:00\",\"mainEntityOfPage\":{\"@id\":\"https:\\\/\\\/www.bellunopress.it\\\/2019\\\/11\\\/10\\\/politica-province-solidarieta-ambiente-de-carlo-chiude-lassemblea-provinciale-di-fratelli-ditalia\\\/\"},\"wordCount\":614,\"publisher\":{\"@id\":\"https:\\\/\\\/www.bellunopress.it\\\/#organization\"},\"image\":{\"@id\":\"https:\\\/\\\/www.bellunopress.it\\\/2019\\\/11\\\/10\\\/politica-province-solidarieta-ambiente-de-carlo-chiude-lassemblea-provinciale-di-fratelli-ditalia\\\/#primaryimage\"},\"thumbnailUrl\":\"http:\\\/\\\/www.bellunopress.it\\\/wp-content\\\/uploads\\\/2019\\\/11\\\/luca-de-carlo-1.jpg\",\"articleSection\":[\"Lettere Opinioni\"],\"inLanguage\":\"fr-FR\"},{\"@type\":\"WebPage\",\"@id\":\"https:\\\/\\\/www.bellunopress.it\\\/2019\\\/11\\\/10\\\/politica-province-solidarieta-ambiente-de-carlo-chiude-lassemblea-provinciale-di-fratelli-ditalia\\\/\",\"url\":\"https:\\\/\\\/www.bellunopress.it\\\/2019\\\/11\\\/10\\\/politica-province-solidarieta-ambiente-de-carlo-chiude-lassemblea-provinciale-di-fratelli-ditalia\\\/\",\"name\":\"Politica, province, solidariet\u00e0, ambiente. De Carlo chiude l\u2019assemblea provinciale di Fratelli d\u2019Italia - Bellunopress - Dolomiti\",\"isPartOf\":{\"@id\":\"https:\\\/\\\/www.bellunopress.it\\\/#website\"},\"primaryImageOfPage\":{\"@id\":\"https:\\\/\\\/www.bellunopress.it\\\/2019\\\/11\\\/10\\\/politica-province-solidarieta-ambiente-de-carlo-chiude-lassemblea-provinciale-di-fratelli-ditalia\\\/#primaryimage\"},\"image\":{\"@id\":\"https:\\\/\\\/www.bellunopress.it\\\/2019\\\/11\\\/10\\\/politica-province-solidarieta-ambiente-de-carlo-chiude-lassemblea-provinciale-di-fratelli-ditalia\\\/#primaryimage\"},\"thumbnailUrl\":\"http:\\\/\\\/www.bellunopress.it\\\/wp-content\\\/uploads\\\/2019\\\/11\\\/luca-de-carlo-1.jpg\",\"datePublished\":\"2019-11-10T13:47:15+00:00\",\"dateModified\":\"2019-11-10T14:11:12+00:00\",\"breadcrumb\":{\"@id\":\"https:\\\/\\\/www.bellunopress.it\\\/2019\\\/11\\\/10\\\/politica-province-solidarieta-ambiente-de-carlo-chiude-lassemblea-provinciale-di-fratelli-ditalia\\\/#breadcrumb\"},\"inLanguage\":\"fr-FR\",\"potentialAction\":[{\"@type\":\"ReadAction\",\"target\":[\"https:\\\/\\\/www.bellunopress.it\\\/2019\\\/11\\\/10\\\/politica-province-solidarieta-ambiente-de-carlo-chiude-lassemblea-provinciale-di-fratelli-ditalia\\\/\"]}]},{\"@type\":\"ImageObject\",\"inLanguage\":\"fr-FR\",\"@id\":\"https:\\\/\\\/www.bellunopress.it\\\/2019\\\/11\\\/10\\\/politica-province-solidarieta-ambiente-de-carlo-chiude-lassemblea-provinciale-di-fratelli-ditalia\\\/#primaryimage\",\"url\":\"http:\\\/\\\/www.bellunopress.it\\\/wp-content\\\/uploads\\\/2019\\\/11\\\/luca-de-carlo-1.jpg\",\"contentUrl\":\"http:\\\/\\\/www.bellunopress.it\\\/wp-content\\\/uploads\\\/2019\\\/11\\\/luca-de-carlo-1.jpg\"},{\"@type\":\"BreadcrumbList\",\"@id\":\"https:\\\/\\\/www.bellunopress.it\\\/2019\\\/11\\\/10\\\/politica-province-solidarieta-ambiente-de-carlo-chiude-lassemblea-provinciale-di-fratelli-ditalia\\\/#breadcrumb\",\"itemListElement\":[{\"@type\":\"ListItem\",\"position\":1,\"name\":\"Home\",\"item\":\"https:\\\/\\\/www.bellunopress.it\\\/\"},{\"@type\":\"ListItem\",\"position\":2,\"name\":\"Politica, province, solidariet\u00e0, ambiente. De Carlo chiude l\u2019assemblea provinciale di Fratelli d\u2019Italia\"}]},{\"@type\":\"WebSite\",\"@id\":\"https:\\\/\\\/www.bellunopress.it\\\/#website\",\"url\":\"https:\\\/\\\/www.bellunopress.it\\\/\",\"name\":\"Bellunopress - Dolomiti\",\"description\":\"e-mail: redazione@bellunopress.it\",\"publisher\":{\"@id\":\"https:\\\/\\\/www.bellunopress.it\\\/#organization\"},\"potentialAction\":[{\"@type\":\"SearchAction\",\"target\":{\"@type\":\"EntryPoint\",\"urlTemplate\":\"https:\\\/\\\/www.bellunopress.it\\\/?s={search_term_string}\"},\"query-input\":{\"@type\":\"PropertyValueSpecification\",\"valueRequired\":true,\"valueName\":\"search_term_string\"}}],\"inLanguage\":\"fr-FR\"},{\"@type\":\"Organization\",\"@id\":\"https:\\\/\\\/www.bellunopress.it\\\/#organization\",\"name\":\"Bellunopress\",\"url\":\"https:\\\/\\\/www.bellunopress.it\\\/\",\"logo\":{\"@type\":\"ImageObject\",\"inLanguage\":\"fr-FR\",\"@id\":\"https:\\\/\\\/www.bellunopress.it\\\/#\\\/schema\\\/logo\\\/image\\\/\",\"url\":\"https:\\\/\\\/www.bellunopress.it\\\/wp-content\\\/uploads\\\/2011\\\/05\\\/cropped-logo-bellunopress-.jpg\",\"contentUrl\":\"https:\\\/\\\/www.bellunopress.it\\\/wp-content\\\/uploads\\\/2011\\\/05\\\/cropped-logo-bellunopress-.jpg\",\"width\":512,\"height\":512,\"caption\":\"Bellunopress\"},\"image\":{\"@id\":\"https:\\\/\\\/www.bellunopress.it\\\/#\\\/schema\\\/logo\\\/image\\\/\"},\"sameAs\":[\"https:\\\/\\\/www.facebook.com\\\/profile.php?id=100008943462799\",\"https:\\\/\\\/x.com\\\/bellunopress\",\"https:\\\/\\\/www.linkedin.com\\\/hp\\\/?dnr=JBzUWaJfMUw8vbXJJ2tVW5-I3jZKvC4wsoxE&amp;amp;amp;amp;amp;amp;trk=nav_responsive_tab_home\",\"https:\\\/\\\/www.youtube.com\\\/channel\\\/UCxL0wu1uN0_3_7hGG0306cw\"]},{\"@type\":\"Person\",\"@id\":\"https:\\\/\\\/www.bellunopress.it\\\/#\\\/schema\\\/person\\\/79bb06722b37ece1c03d3e94beb30d73\",\"name\":\"redazione\",\"image\":{\"@type\":\"ImageObject\",\"inLanguage\":\"fr-FR\",\"@id\":\"https:\\\/\\\/secure.gravatar.com\\\/avatar\\\/37d968a2e67a6fd04c169c4bdef102d0bc5d31b2546345219e348575eb80e9a0?s=96&d=mm&r=g\",\"url\":\"https:\\\/\\\/secure.gravatar.com\\\/avatar\\\/37d968a2e67a6fd04c169c4bdef102d0bc5d31b2546345219e348575eb80e9a0?s=96&d=mm&r=g\",\"contentUrl\":\"https:\\\/\\\/secure.gravatar.com\\\/avatar\\\/37d968a2e67a6fd04c169c4bdef102d0bc5d31b2546345219e348575eb80e9a0?s=96&d=mm&r=g\",\"caption\":\"redazione\"},\"sameAs\":[\"http:\\\/\\\/www.bellunopress.it\",\"https:\\\/\\\/x.com\\\/bellunopress\"],\"url\":\"https:\\\/\\\/www.bellunopress.it\\\/fr\\\/author\\\/redazione\\\/\"}]}<\/script>\n<!-- \/ Yoast SEO plugin. -->","yoast_head_json":{"title":"Politica, province, solidariet\u00e0, ambiente. De Carlo chiude l\u2019assemblea provinciale di Fratelli d\u2019Italia - Bellunopress - Dolomiti","robots":{"index":"index","follow":"follow","max-snippet":"max-snippet:-1","max-image-preview":"max-image-preview:large","max-video-preview":"max-video-preview:-1"},"canonical":"https:\/\/www.bellunopress.it\/fr\/2019\/11\/10\/politica-province-solidarieta-ambiente-de-carlo-chiude-lassemblea-provinciale-di-fratelli-ditalia\/","og_locale":"fr_FR","og_type":"article","og_title":"Politica, province, solidariet\u00e0, ambiente. De Carlo chiude l\u2019assemblea provinciale di Fratelli d\u2019Italia - Bellunopress - Dolomiti","og_description":"Sala stracolma per l\u2019assemblea provinciale di Fratelli d\u2019Italia che si \u00e8 tenuta sabato sera a Belluno. Dopo l\u2019introduzione della coordinatrice del circolo cittadino, Monica Mazzoccoli, del portavoce provinciale, Filippo Osnato, e del coordinatore regionale, eurodeputato e capogruppo FdI in Regione Veneto, la parola \u00e8 passata, dopo alcuni interventi dei dirigenti di partito, al deputato e [&hellip;]","og_url":"https:\/\/www.bellunopress.it\/fr\/2019\/11\/10\/politica-province-solidarieta-ambiente-de-carlo-chiude-lassemblea-provinciale-di-fratelli-ditalia\/","og_site_name":"Bellunopress - Dolomiti","article_publisher":"https:\/\/www.facebook.com\/profile.php?id=100008943462799","article_published_time":"2019-11-10T13:47:15+00:00","article_modified_time":"2019-11-10T14:11:12+00:00","og_image":[{"url":"http:\/\/www.bellunopress.it\/wp-content\/uploads\/2019\/11\/luca-de-carlo-1.jpg","type":"","width":"","height":""}],"author":"redazione","twitter_card":"summary_large_image","twitter_creator":"@bellunopress","twitter_site":"@bellunopress","twitter_misc":{"\u00c9crit par":"redazione","Dur\u00e9e de lecture estim\u00e9e":"3 minutes"},"schema":{"@context":"https:\/\/schema.org","@graph":[{"@type":"Article","@id":"https:\/\/www.bellunopress.it\/2019\/11\/10\/politica-province-solidarieta-ambiente-de-carlo-chiude-lassemblea-provinciale-di-fratelli-ditalia\/#article","isPartOf":{"@id":"https:\/\/www.bellunopress.it\/2019\/11\/10\/politica-province-solidarieta-ambiente-de-carlo-chiude-lassemblea-provinciale-di-fratelli-ditalia\/"},"author":{"name":"redazione","@id":"https:\/\/www.bellunopress.it\/#\/schema\/person\/79bb06722b37ece1c03d3e94beb30d73"},"headline":"Politica, province, solidariet\u00e0, ambiente. De Carlo chiude l\u2019assemblea provinciale di Fratelli d\u2019Italia","datePublished":"2019-11-10T13:47:15+00:00","dateModified":"2019-11-10T14:11:12+00:00","mainEntityOfPage":{"@id":"https:\/\/www.bellunopress.it\/2019\/11\/10\/politica-province-solidarieta-ambiente-de-carlo-chiude-lassemblea-provinciale-di-fratelli-ditalia\/"},"wordCount":614,"publisher":{"@id":"https:\/\/www.bellunopress.it\/#organization"},"image":{"@id":"https:\/\/www.bellunopress.it\/2019\/11\/10\/politica-province-solidarieta-ambiente-de-carlo-chiude-lassemblea-provinciale-di-fratelli-ditalia\/#primaryimage"},"thumbnailUrl":"http:\/\/www.bellunopress.it\/wp-content\/uploads\/2019\/11\/luca-de-carlo-1.jpg","articleSection":["Lettere Opinioni"],"inLanguage":"fr-FR"},{"@type":"WebPage","@id":"https:\/\/www.bellunopress.it\/2019\/11\/10\/politica-province-solidarieta-ambiente-de-carlo-chiude-lassemblea-provinciale-di-fratelli-ditalia\/","url":"https:\/\/www.bellunopress.it\/2019\/11\/10\/politica-province-solidarieta-ambiente-de-carlo-chiude-lassemblea-provinciale-di-fratelli-ditalia\/","name":"Politica, province, solidariet\u00e0, ambiente. De Carlo chiude l\u2019assemblea provinciale di Fratelli d\u2019Italia - Bellunopress - Dolomiti","isPartOf":{"@id":"https:\/\/www.bellunopress.it\/#website"},"primaryImageOfPage":{"@id":"https:\/\/www.bellunopress.it\/2019\/11\/10\/politica-province-solidarieta-ambiente-de-carlo-chiude-lassemblea-provinciale-di-fratelli-ditalia\/#primaryimage"},"image":{"@id":"https:\/\/www.bellunopress.it\/2019\/11\/10\/politica-province-solidarieta-ambiente-de-carlo-chiude-lassemblea-provinciale-di-fratelli-ditalia\/#primaryimage"},"thumbnailUrl":"http:\/\/www.bellunopress.it\/wp-content\/uploads\/2019\/11\/luca-de-carlo-1.jpg","datePublished":"2019-11-10T13:47:15+00:00","dateModified":"2019-11-10T14:11:12+00:00","breadcrumb":{"@id":"https:\/\/www.bellunopress.it\/2019\/11\/10\/politica-province-solidarieta-ambiente-de-carlo-chiude-lassemblea-provinciale-di-fratelli-ditalia\/#breadcrumb"},"inLanguage":"fr-FR","potentialAction":[{"@type":"ReadAction","target":["https:\/\/www.bellunopress.it\/2019\/11\/10\/politica-province-solidarieta-ambiente-de-carlo-chiude-lassemblea-provinciale-di-fratelli-ditalia\/"]}]},{"@type":"ImageObject","inLanguage":"fr-FR","@id":"https:\/\/www.bellunopress.it\/2019\/11\/10\/politica-province-solidarieta-ambiente-de-carlo-chiude-lassemblea-provinciale-di-fratelli-ditalia\/#primaryimage","url":"http:\/\/www.bellunopress.it\/wp-content\/uploads\/2019\/11\/luca-de-carlo-1.jpg","contentUrl":"http:\/\/www.bellunopress.it\/wp-content\/uploads\/2019\/11\/luca-de-carlo-1.jpg"},{"@type":"BreadcrumbList","@id":"https:\/\/www.bellunopress.it\/2019\/11\/10\/politica-province-solidarieta-ambiente-de-carlo-chiude-lassemblea-provinciale-di-fratelli-ditalia\/#breadcrumb","itemListElement":[{"@type":"ListItem","position":1,"name":"Home","item":"https:\/\/www.bellunopress.it\/"},{"@type":"ListItem","position":2,"name":"Politica, province, solidariet\u00e0, ambiente. De Carlo chiude l\u2019assemblea provinciale di Fratelli d\u2019Italia"}]},{"@type":"WebSite","@id":"https:\/\/www.bellunopress.it\/#website","url":"https:\/\/www.bellunopress.it\/","name":"Bellunopress - Dolomiti","description":"e-mail: redazione@bellunopress.it","publisher":{"@id":"https:\/\/www.bellunopress.it\/#organization"},"potentialAction":[{"@type":"SearchAction","target":{"@type":"EntryPoint","urlTemplate":"https:\/\/www.bellunopress.it\/?s={search_term_string}"},"query-input":{"@type":"PropertyValueSpecification","valueRequired":true,"valueName":"search_term_string"}}],"inLanguage":"fr-FR"},{"@type":"Organization","@id":"https:\/\/www.bellunopress.it\/#organization","name":"Bellunopress","url":"https:\/\/www.bellunopress.it\/","logo":{"@type":"ImageObject","inLanguage":"fr-FR","@id":"https:\/\/www.bellunopress.it\/#\/schema\/logo\/image\/","url":"https:\/\/www.bellunopress.it\/wp-content\/uploads\/2011\/05\/cropped-logo-bellunopress-.jpg","contentUrl":"https:\/\/www.bellunopress.it\/wp-content\/uploads\/2011\/05\/cropped-logo-bellunopress-.jpg","width":512,"height":512,"caption":"Bellunopress"},"image":{"@id":"https:\/\/www.bellunopress.it\/#\/schema\/logo\/image\/"},"sameAs":["https:\/\/www.facebook.com\/profile.php?id=100008943462799","https:\/\/x.com\/bellunopress","https:\/\/www.linkedin.com\/hp\/?dnr=JBzUWaJfMUw8vbXJJ2tVW5-I3jZKvC4wsoxE&amp;amp;amp;amp;amp;amp;trk=nav_responsive_tab_home","https:\/\/www.youtube.com\/channel\/UCxL0wu1uN0_3_7hGG0306cw"]},{"@type":"Person","@id":"https:\/\/www.bellunopress.it\/#\/schema\/person\/79bb06722b37ece1c03d3e94beb30d73","name":"r\u00e9daction","image":{"@type":"ImageObject","inLanguage":"fr-FR","@id":"https:\/\/secure.gravatar.com\/avatar\/37d968a2e67a6fd04c169c4bdef102d0bc5d31b2546345219e348575eb80e9a0?s=96&d=mm&r=g","url":"https:\/\/secure.gravatar.com\/avatar\/37d968a2e67a6fd04c169c4bdef102d0bc5d31b2546345219e348575eb80e9a0?s=96&d=mm&r=g","contentUrl":"https:\/\/secure.gravatar.com\/avatar\/37d968a2e67a6fd04c169c4bdef102d0bc5d31b2546345219e348575eb80e9a0?s=96&d=mm&r=g","caption":"redazione"},"sameAs":["http:\/\/www.bellunopress.it","https:\/\/x.com\/bellunopress"],"url":"https:\/\/www.bellunopress.it\/fr\/author\/redazione\/"}]}},"_links":{"self":[{"href":"https:\/\/www.bellunopress.it\/fr\/wp-json\/wp\/v2\/posts\/109445","targetHints":{"allow":["GET"]}}],"collection":[{"href":"https:\/\/www.bellunopress.it\/fr\/wp-json\/wp\/v2\/posts"}],"about":[{"href":"https:\/\/www.bellunopress.it\/fr\/wp-json\/wp\/v2\/types\/post"}],"author":[{"embeddable":true,"href":"https:\/\/www.bellunopress.it\/fr\/wp-json\/wp\/v2\/users\/2"}],"replies":[{"embeddable":true,"href":"https:\/\/www.bellunopress.it\/fr\/wp-json\/wp\/v2\/comments?post=109445"}],"version-history":[{"count":4,"href":"https:\/\/www.bellunopress.it\/fr\/wp-json\/wp\/v2\/posts\/109445\/revisions"}],"predecessor-version":[{"id":109451,"href":"https:\/\/www.bellunopress.it\/fr\/wp-json\/wp\/v2\/posts\/109445\/revisions\/109451"}],"wp:attachment":[{"href":"https:\/\/www.bellunopress.it\/fr\/wp-json\/wp\/v2\/media?parent=109445"}],"wp:term":[{"taxonomy":"category","embeddable":true,"href":"https:\/\/www.bellunopress.it\/fr\/wp-json\/wp\/v2\/categories?post=109445"},{"taxonomy":"post_tag","embeddable":true,"href":"https:\/\/www.bellunopress.it\/fr\/wp-json\/wp\/v2\/tags?post=109445"}],"curies":[{"name":"wp","href":"https:\/\/api.w.org\/{rel}","templated":true}]}}